{"id":9505,"date":"2025-11-12T22:46:26","date_gmt":"2025-11-12T21:46:26","guid":{"rendered":"https:\/\/www.fondazioneunipolis.org\/site\/?p=9505"},"modified":"2025-11-20T16:24:55","modified_gmt":"2025-11-20T15:24:55","slug":"orizzonti-casa-famiglia","status":"publish","type":"post","link":"https:\/\/www.fondazioneunipolis.org\/site\/news\/orizzonti-casa-famiglia\/","title":{"rendered":"Orizzonti: la quotidianit\u00e0 che diventa autonomia"},"content":{"rendered":"\n<p>Nel cuore di Roma, la casa-famiglia di\u00a0<strong>ARPJTETTO ETS<\/strong>\u00a0\u00e8 un luogo dove la vita quotidiana diventa occasione di crescita e cambiamento. Qui, all&#8217;interno del progetto\u00a0<strong><a href=\"https:\/\/www.fondazioneunipolis.org\/site\/progetti\/orizzonti\/\" target=\"_blank\" rel=\"noreferrer noopener\">Orizzonti<\/a><\/strong>, sostenuto dal\u00a0<strong>Bando ACT 2024\u00a0<\/strong>di Fondazione\u00a0Unipolis\u00a0\u2013 Area Disuguaglianze \u2013<strong>\u00a0<\/strong>il lavoro di equipe e la forza delle relazioni accompagnano donne e bambini in\u00a0percorsi di autonomia abitativa, lavorativa e genitoriale. Dopo aver esplorato\u00a0<strong><a href=\"https:\/\/www.fondazioneunipolis.org\/site\/orizzonti-percorsi-di-capacitazione-verso-lautonomia\/\" target=\"_blank\" rel=\"noreferrer noopener\">cosa significa\u00a0<\/a>capacitazione<\/strong>\u00a0e come funzionano i\u00a0<strong>gruppi di mutuo aiuto<\/strong>, andiamo ancora una volta alla scoperta del percorso finalizzato all&#8217;inclusione<strong>\u00a0<\/strong>finalizzato all&#8217;inclusione sociale e all&#8217;empowerment delle mamme sole con un bambino, che vivono in situazioni di grave svantaggio economico e sociale. Lo facciamo con un&#8217;intervista a<strong>\u00a0Susanna Pontecorvo<\/strong>, responsabile della casa-famiglia di ARPJTETTO ETS.<\/p>\n\n\n\n<p><strong>Com&#8217;\u00e8 organizzato il lavoro dell&#8217;equipe all&#8217;interno della casa-famiglia?<\/strong><\/p>\n\n\n\n<p>L&#8217;equipe lavora ogni giorno a stretto contatto con i nuclei, affiancando le donne nella gestione della genitorialit\u00e0 e nella costruzione della loro indipendenza. La casa offre un senso di appartenenza e condivisione che crea fiducia e legami tra operatori e abitanti. Non ci sostituiamo mai alla donna: il nostro compito \u00e8 affiancarla, lasciando spazio alla sua crescita e alla sua autoefficacia. Il contesto della casa \u00e8 lo scambio perfetto tra accompagnamento educativo e libert\u00e0 di sperimentarsi.<\/p>\n\n\n\n<p><strong>Com&#8217;\u00e8 la quotidianit\u00e0 delle mamme e dei bambini accolti?<\/strong><\/p>\n\n\n\n<p>La vita nella casa-famiglia segue i ritmi di qualsiasi altra abitazione. Le mamme e i bambini vanno a scuola, lavorano, cucinano, fanno le pulizie. Ma qui esiste anche uno spazio di comunit\u00e0: si condividono momenti, emozioni, pasti intorno a un grande tavolo, in un clima di sostegno reciproco. I bambini giocano insieme, le donne si aiutano tra loro, e ogni gesto quotidiano diventa un passo verso la normalit\u00e0 e l&#8217;autonomia.&nbsp;<strong>Orizzonti offre alle donne la possibilit\u00e0 di partecipare a laboratori di empowerment e formazione, mettendo le basi per una propria autonomia lavorativa ed economica<\/strong>. Allo stesso tempo, crea rete sul territorio, permette di allargare il giro di conoscenze e di condividere esperienze con altre beneficiarie. Avere intorno un gruppo di donne che lavorano insieme per la propria autonomia rafforza la fiducia e costruisce legami di mutuo aiuto.<\/p>\n\n\n\n<p><strong>Cosa significa per te accompagnare una donna nel percorso verso l&#8217;autonomia?<\/strong><\/p>\n\n\n\n<p>\u00c8 un percorso graduale, fatto di obiettivi condivisi e monitorati nel tempo. All&#8217;inizio accompagniamo la donna passo dopo passo, poi gradualmente le lasciamo spazio per agire da sola. Lavoriamo con lei \u2014 vera protagonista del proprio cammino \u2014 costruendo traguardi realistici e misurabili.&nbsp;<strong>\u00c8 un processo che passa attraverso la relazione, la fiducia e il confronto continuo con la comunit\u00e0<\/strong>.\u200b<\/p>\n\n\n\n<p><strong>Quali sono le situazioni da cui provengono le donne accolte?<\/strong><\/p>\n\n\n\n<p>Sono storie molto diverse tra loro: esperienze di migrazione, violenza domestica, disagio economico o sociale. L&#8217;obiettivo della casa-famiglia \u00e8&nbsp;<strong>offrire una seconda possibilit\u00e0 alla genitorialit\u00e0<\/strong>, anche nei casi in cui ci sia un procedimento con il tribunale dei minorenni, per prevenire l&#8217;allontanamento dei figli e accompagnare la donna verso la riacquisizione della tutela del minore.\u200b<\/p>\n\n\n\n<p><strong>C&#8217;\u00e8 un episodio che rappresenta per te il senso di questa esperienza?<\/strong><\/p>\n\n\n\n<p>Ce ne sarebbero tanti. Penso a una bambina che, salutando una tirocinante, le ha detto: \u201c<em>Anche se non ci vedremo pi\u00f9, i nostri cuori saranno sempre vicini.<\/em>&#8221; Oppure a una mamma, ormai pronta a lasciare la struttura, che ha organizzato un barbecue con i volontari per festeggiare il suo percorso.<br>O ancora a una donna che, nel giorno del compleanno di un&#8217;operatrice, si \u00e8 presentata con una torta e ha cucinato i piatti della sua infanzia per tutta la casa. Sono piccoli gesti che raccontano la forza delle relazioni e il valore del sentirsi parte di una comunit\u00e0.<\/p>\n\n\n\n<p>Con&nbsp;<strong>Orizzonti<\/strong>, l&#8217;autonomia non \u00e8 solo un traguardo individuale, ma un processo collettivo che nasce dalle relazioni e dalla fiducia. Un cammino condiviso, dove ogni storia diventa occasione di empowerment.<\/p>\n","protected":false},"excerpt":{"rendered":"<p>Nel cuore di Roma, la casa-famiglia di\u00a0ARPJTETTO ETS\u00a0\u00e8 un luogo dove la vita quotidiana diventa occasione di crescita e cambiamento<\/p>\n","protected":false},"author":5,"featured_media":9506,"comment_status":"open","ping_status":"open","sticky":false,"template":"","format":"standard","meta":{"_acf_changed":false,"footnotes":""},"categories":[6],"tags":[650,664],"class_list":["post-9505","post","type-post","status-publish","format-standard","has-post-thumbnail","hentry","category-disuguaglianze","tag-bandoact24","tag-orizzonti"],"acf":[],"yoast_head":"<!-- This site is optimized with the Yoast SEO plugin v26.1.1 - https:\/\/yoast.com\/wordpress\/plugins\/seo\/ -->\n<title>Orizzonti: la quotidianit\u00e0 che diventa autonomia - Unipolis<\/title>\n<meta name=\"description\" content=\"Nel cuore di Roma, la casa-famiglia di\u00a0ARPJTETTO ETS\u00a0\u00e8 un luogo dove la vita quotidiana diventa occasione di crescita e cambiamento.\" \/>\n<meta name=\"robots\" content=\"index, follow, max-snippet:-1, max-image-preview:large, max-video-preview:-1\" \/>\n<link rel=\"canonical\" href=\"https:\/\/www.fondazioneunipolis.org\/site\/orizzonti-casa-famiglia\/\" \/>\n<meta property=\"og:locale\" content=\"it_IT\" \/>\n<meta property=\"og:type\" content=\"article\" \/>\n<meta property=\"og:title\" content=\"Orizzonti: la quotidianit\u00e0 che diventa autonomia - Unipolis\" \/>\n<meta property=\"og:description\" content=\"Nel cuore di Roma, la casa-famiglia di\u00a0ARPJTETTO ETS\u00a0\u00e8 un luogo dove la vita quotidiana diventa occasione di crescita e cambiamento.\" \/>\n<meta property=\"og:url\" content=\"https:\/\/dx-factory-unipolis-corporate-wp.ha.servizi.gr-u.it\/site\/orizzonti-casa-famiglia\/\" \/>\n<meta property=\"og:site_name\" content=\"Unipolis\" \/>\n<meta property=\"article:published_time\" content=\"2025-11-12T21:46:26+00:00\" \/>\n<meta property=\"article:modified_time\" content=\"2025-11-20T15:24:55+00:00\" \/>\n<meta property=\"og:image\" content=\"https:\/\/dx-factory-unipolis-corporate-wp.ha.servizi.gr-u.it\/site\/wp-content\/uploads\/2025\/11\/Orizzonti_newsite.png\" \/>\n\t<meta property=\"og:image:width\" content=\"1440\" \/>\n\t<meta property=\"og:image:height\" content=\"900\" \/>\n\t<meta property=\"og:image:type\" content=\"image\/png\" \/>\n<meta name=\"author\" content=\"Elisa Paluan\" \/>\n<meta name=\"twitter:card\" content=\"summary_large_image\" \/>\n<meta name=\"twitter:label1\" content=\"Written by\" \/>\n\t<meta name=\"twitter:data1\" content=\"Elisa Paluan\" \/>\n\t<meta name=\"twitter:label2\" content=\"Est. reading time\" \/>\n\t<meta name=\"twitter:data2\" content=\"4 minutes\" \/>\n<script type=\"application\/ld+json\" class=\"yoast-schema-graph\">{\"@context\":\"https:\/\/schema.org\",\"@graph\":[{\"@type\":\"Article\",\"@id\":\"https:\/\/dx-factory-unipolis-corporate-wp.ha.servizi.gr-u.it\/site\/orizzonti-casa-famiglia\/#article\",\"isPartOf\":{\"@id\":\"https:\/\/dx-factory-unipolis-corporate-wp.ha.servizi.gr-u.it\/site\/orizzonti-casa-famiglia\/\"},\"author\":{\"name\":\"Elisa Paluan\",\"@id\":\"https:\/\/www.fondazioneunipolis.org\/site\/#\/schema\/person\/fcced96d0e68417823bc1a4c4756e89d\"},\"headline\":\"Orizzonti: la quotidianit\u00e0 che diventa autonomia\",\"datePublished\":\"2025-11-12T21:46:26+00:00\",\"dateModified\":\"2025-11-20T15:24:55+00:00\",\"mainEntityOfPage\":{\"@id\":\"https:\/\/dx-factory-unipolis-corporate-wp.ha.servizi.gr-u.it\/site\/orizzonti-casa-famiglia\/\"},\"wordCount\":636,\"commentCount\":0,\"publisher\":{\"@id\":\"https:\/\/www.fondazioneunipolis.org\/site\/#organization\"},\"image\":{\"@id\":\"https:\/\/dx-factory-unipolis-corporate-wp.ha.servizi.gr-u.it\/site\/orizzonti-casa-famiglia\/#primaryimage\"},\"thumbnailUrl\":\"https:\/\/www.fondazioneunipolis.org\/site\/wp-content\/uploads\/2025\/11\/Orizzonti_newsite.png\",\"keywords\":[\"Bandoact24\",\"orizzonti\"],\"articleSection\":[\"Disuguaglianze\"],\"inLanguage\":\"it-IT\",\"potentialAction\":[{\"@type\":\"CommentAction\",\"name\":\"Comment\",\"target\":[\"https:\/\/dx-factory-unipolis-corporate-wp.ha.servizi.gr-u.it\/site\/orizzonti-casa-famiglia\/#respond\"]}]},{\"@type\":\"WebPage\",\"@id\":\"https:\/\/dx-factory-unipolis-corporate-wp.ha.servizi.gr-u.it\/site\/orizzonti-casa-famiglia\/\",\"url\":\"https:\/\/dx-factory-unipolis-corporate-wp.ha.servizi.gr-u.it\/site\/orizzonti-casa-famiglia\/\",\"name\":\"Orizzonti: la quotidianit\u00e0 che diventa autonomia - Unipolis\",\"isPartOf\":{\"@id\":\"https:\/\/www.fondazioneunipolis.org\/site\/#website\"},\"primaryImageOfPage\":{\"@id\":\"https:\/\/dx-factory-unipolis-corporate-wp.ha.servizi.gr-u.it\/site\/orizzonti-casa-famiglia\/#primaryimage\"},\"image\":{\"@id\":\"https:\/\/dx-factory-unipolis-corporate-wp.ha.servizi.gr-u.it\/site\/orizzonti-casa-famiglia\/#primaryimage\"},\"thumbnailUrl\":\"https:\/\/www.fondazioneunipolis.org\/site\/wp-content\/uploads\/2025\/11\/Orizzonti_newsite.png\",\"datePublished\":\"2025-11-12T21:46:26+00:00\",\"dateModified\":\"2025-11-20T15:24:55+00:00\",\"description\":\"Nel cuore di Roma, la casa-famiglia di\u00a0ARPJTETTO ETS\u00a0\u00e8 un luogo dove la vita quotidiana diventa occasione di crescita e cambiamento.\",\"breadcrumb\":{\"@id\":\"https:\/\/dx-factory-unipolis-corporate-wp.ha.servizi.gr-u.it\/site\/orizzonti-casa-famiglia\/#breadcrumb\"},\"inLanguage\":\"it-IT\",\"potentialAction\":[{\"@type\":\"ReadAction\",\"target\":[\"https:\/\/dx-factory-unipolis-corporate-wp.ha.servizi.gr-u.it\/site\/orizzonti-casa-famiglia\/\"]}]},{\"@type\":\"ImageObject\",\"inLanguage\":\"it-IT\",\"@id\":\"https:\/\/dx-factory-unipolis-corporate-wp.ha.servizi.gr-u.it\/site\/orizzonti-casa-famiglia\/#primaryimage\",\"url\":\"https:\/\/www.fondazioneunipolis.org\/site\/wp-content\/uploads\/2025\/11\/Orizzonti_newsite.png\",\"contentUrl\":\"https:\/\/www.fondazioneunipolis.org\/site\/wp-content\/uploads\/2025\/11\/Orizzonti_newsite.png\",\"width\":1440,\"height\":900},{\"@type\":\"BreadcrumbList\",\"@id\":\"https:\/\/dx-factory-unipolis-corporate-wp.ha.servizi.gr-u.it\/site\/orizzonti-casa-famiglia\/#breadcrumb\",\"itemListElement\":[{\"@type\":\"ListItem\",\"position\":1,\"name\":\"Home\",\"item\":\"https:\/\/www.fondazioneunipolis.org\/site\/\"},{\"@type\":\"ListItem\",\"position\":2,\"name\":\"Orizzonti: la quotidianit\u00e0 che diventa autonomia\"}]},{\"@type\":\"WebSite\",\"@id\":\"https:\/\/www.fondazioneunipolis.org\/site\/#website\",\"url\":\"https:\/\/www.fondazioneunipolis.org\/site\/\",\"name\":\"Unipolis\",\"description\":\"\",\"publisher\":{\"@id\":\"https:\/\/www.fondazioneunipolis.org\/site\/#organization\"},\"potentialAction\":[{\"@type\":\"SearchAction\",\"target\":{\"@type\":\"EntryPoint\",\"urlTemplate\":\"https:\/\/www.fondazioneunipolis.org\/site\/?s={search_term_string}\"},\"query-input\":{\"@type\":\"PropertyValueSpecification\",\"valueRequired\":true,\"valueName\":\"search_term_string\"}}],\"inLanguage\":\"it-IT\"},{\"@type\":\"Organization\",\"@id\":\"https:\/\/www.fondazioneunipolis.org\/site\/#organization\",\"name\":\"Unipolis\",\"url\":\"https:\/\/www.fondazioneunipolis.org\/site\/\",\"logo\":{\"@type\":\"ImageObject\",\"inLanguage\":\"it-IT\",\"@id\":\"https:\/\/www.fondazioneunipolis.org\/site\/#\/schema\/logo\/image\/\",\"url\":\"https:\/\/www.fondazioneunipolis.org\/site\/wp-content\/uploads\/2025\/07\/logo-fondazione-unipolis-1.svg\",\"contentUrl\":\"https:\/\/www.fondazioneunipolis.org\/site\/wp-content\/uploads\/2025\/07\/logo-fondazione-unipolis-1.svg\",\"caption\":\"Unipolis\"},\"image\":{\"@id\":\"https:\/\/www.fondazioneunipolis.org\/site\/#\/schema\/logo\/image\/\"}},{\"@type\":\"Person\",\"@id\":\"https:\/\/www.fondazioneunipolis.org\/site\/#\/schema\/person\/fcced96d0e68417823bc1a4c4756e89d\",\"name\":\"Elisa Paluan\",\"image\":{\"@type\":\"ImageObject\",\"inLanguage\":\"it-IT\",\"@id\":\"https:\/\/www.fondazioneunipolis.org\/site\/#\/schema\/person\/image\/\",\"url\":\"https:\/\/secure.gravatar.com\/avatar\/9808ad99bfcf6869670f37ed3dceaa27f2abfcb4dc6b9232760c9d28f353bd9a?s=96&d=mm&r=g\",\"contentUrl\":\"https:\/\/secure.gravatar.com\/avatar\/9808ad99bfcf6869670f37ed3dceaa27f2abfcb4dc6b9232760c9d28f353bd9a?s=96&d=mm&r=g\",\"caption\":\"Elisa Paluan\"},\"url\":\"https:\/\/www.fondazioneunipolis.org\/site\/author\/elisa-paluan\/\"}]}<\/script>\n<!-- \/ Yoast SEO plugin. -->","yoast_head_json":{"title":"Orizzonti: la quotidianit\u00e0 che diventa autonomia - Unipolis","description":"Nel cuore di Roma, la casa-famiglia di\u00a0ARPJTETTO ETS\u00a0\u00e8 un luogo dove la vita quotidiana diventa occasione di crescita e cambiamento.","robots":{"index":"index","follow":"follow","max-snippet":"max-snippet:-1","max-image-preview":"max-image-preview:large","max-video-preview":"max-video-preview:-1"},"canonical":"https:\/\/www.fondazioneunipolis.org\/site\/orizzonti-casa-famiglia\/","og_locale":"it_IT","og_type":"article","og_title":"Orizzonti: la quotidianit\u00e0 che diventa autonomia - Unipolis","og_description":"Nel cuore di Roma, la casa-famiglia di\u00a0ARPJTETTO ETS\u00a0\u00e8 un luogo dove la vita quotidiana diventa occasione di crescita e cambiamento.","og_url":"https:\/\/dx-factory-unipolis-corporate-wp.ha.servizi.gr-u.it\/site\/orizzonti-casa-famiglia\/","og_site_name":"Unipolis","article_published_time":"2025-11-12T21:46:26+00:00","article_modified_time":"2025-11-20T15:24:55+00:00","og_image":[{"width":1440,"height":900,"url":"https:\/\/dx-factory-unipolis-corporate-wp.ha.servizi.gr-u.it\/site\/wp-content\/uploads\/2025\/11\/Orizzonti_newsite.png","type":"image\/png"}],"author":"Elisa Paluan","twitter_card":"summary_large_image","twitter_misc":{"Written by":"Elisa Paluan","Est. reading time":"4 minutes"},"schema":{"@context":"https:\/\/schema.org","@graph":[{"@type":"Article","@id":"https:\/\/dx-factory-unipolis-corporate-wp.ha.servizi.gr-u.it\/site\/orizzonti-casa-famiglia\/#article","isPartOf":{"@id":"https:\/\/dx-factory-unipolis-corporate-wp.ha.servizi.gr-u.it\/site\/orizzonti-casa-famiglia\/"},"author":{"name":"Elisa Paluan","@id":"https:\/\/www.fondazioneunipolis.org\/site\/#\/schema\/person\/fcced96d0e68417823bc1a4c4756e89d"},"headline":"Orizzonti: la quotidianit\u00e0 che diventa autonomia","datePublished":"2025-11-12T21:46:26+00:00","dateModified":"2025-11-20T15:24:55+00:00","mainEntityOfPage":{"@id":"https:\/\/dx-factory-unipolis-corporate-wp.ha.servizi.gr-u.it\/site\/orizzonti-casa-famiglia\/"},"wordCount":636,"commentCount":0,"publisher":{"@id":"https:\/\/www.fondazioneunipolis.org\/site\/#organization"},"image":{"@id":"https:\/\/dx-factory-unipolis-corporate-wp.ha.servizi.gr-u.it\/site\/orizzonti-casa-famiglia\/#primaryimage"},"thumbnailUrl":"https:\/\/www.fondazioneunipolis.org\/site\/wp-content\/uploads\/2025\/11\/Orizzonti_newsite.png","keywords":["Bandoact24","orizzonti"],"articleSection":["Disuguaglianze"],"inLanguage":"it-IT","potentialAction":[{"@type":"CommentAction","name":"Comment","target":["https:\/\/dx-factory-unipolis-corporate-wp.ha.servizi.gr-u.it\/site\/orizzonti-casa-famiglia\/#respond"]}]},{"@type":"WebPage","@id":"https:\/\/dx-factory-unipolis-corporate-wp.ha.servizi.gr-u.it\/site\/orizzonti-casa-famiglia\/","url":"https:\/\/dx-factory-unipolis-corporate-wp.ha.servizi.gr-u.it\/site\/orizzonti-casa-famiglia\/","name":"Orizzonti: la quotidianit\u00e0 che diventa autonomia - Unipolis","isPartOf":{"@id":"https:\/\/www.fondazioneunipolis.org\/site\/#website"},"primaryImageOfPage":{"@id":"https:\/\/dx-factory-unipolis-corporate-wp.ha.servizi.gr-u.it\/site\/orizzonti-casa-famiglia\/#primaryimage"},"image":{"@id":"https:\/\/dx-factory-unipolis-corporate-wp.ha.servizi.gr-u.it\/site\/orizzonti-casa-famiglia\/#primaryimage"},"thumbnailUrl":"https:\/\/www.fondazioneunipolis.org\/site\/wp-content\/uploads\/2025\/11\/Orizzonti_newsite.png","datePublished":"2025-11-12T21:46:26+00:00","dateModified":"2025-11-20T15:24:55+00:00","description":"Nel cuore di Roma, la casa-famiglia di\u00a0ARPJTETTO ETS\u00a0\u00e8 un luogo dove la vita quotidiana diventa occasione di crescita e cambiamento.","breadcrumb":{"@id":"https:\/\/dx-factory-unipolis-corporate-wp.ha.servizi.gr-u.it\/site\/orizzonti-casa-famiglia\/#breadcrumb"},"inLanguage":"it-IT","potentialAction":[{"@type":"ReadAction","target":["https:\/\/dx-factory-unipolis-corporate-wp.ha.servizi.gr-u.it\/site\/orizzonti-casa-famiglia\/"]}]},{"@type":"ImageObject","inLanguage":"it-IT","@id":"https:\/\/dx-factory-unipolis-corporate-wp.ha.servizi.gr-u.it\/site\/orizzonti-casa-famiglia\/#primaryimage","url":"https:\/\/www.fondazioneunipolis.org\/site\/wp-content\/uploads\/2025\/11\/Orizzonti_newsite.png","contentUrl":"https:\/\/www.fondazioneunipolis.org\/site\/wp-content\/uploads\/2025\/11\/Orizzonti_newsite.png","width":1440,"height":900},{"@type":"BreadcrumbList","@id":"https:\/\/dx-factory-unipolis-corporate-wp.ha.servizi.gr-u.it\/site\/orizzonti-casa-famiglia\/#breadcrumb","itemListElement":[{"@type":"ListItem","position":1,"name":"Home","item":"https:\/\/www.fondazioneunipolis.org\/site\/"},{"@type":"ListItem","position":2,"name":"Orizzonti: la quotidianit\u00e0 che diventa autonomia"}]},{"@type":"WebSite","@id":"https:\/\/www.fondazioneunipolis.org\/site\/#website","url":"https:\/\/www.fondazioneunipolis.org\/site\/","name":"Unipolis","description":"","publisher":{"@id":"https:\/\/www.fondazioneunipolis.org\/site\/#organization"},"potentialAction":[{"@type":"SearchAction","target":{"@type":"EntryPoint","urlTemplate":"https:\/\/www.fondazioneunipolis.org\/site\/?s={search_term_string}"},"query-input":{"@type":"PropertyValueSpecification","valueRequired":true,"valueName":"search_term_string"}}],"inLanguage":"it-IT"},{"@type":"Organization","@id":"https:\/\/www.fondazioneunipolis.org\/site\/#organization","name":"Unipolis","url":"https:\/\/www.fondazioneunipolis.org\/site\/","logo":{"@type":"ImageObject","inLanguage":"it-IT","@id":"https:\/\/www.fondazioneunipolis.org\/site\/#\/schema\/logo\/image\/","url":"https:\/\/www.fondazioneunipolis.org\/site\/wp-content\/uploads\/2025\/07\/logo-fondazione-unipolis-1.svg","contentUrl":"https:\/\/www.fondazioneunipolis.org\/site\/wp-content\/uploads\/2025\/07\/logo-fondazione-unipolis-1.svg","caption":"Unipolis"},"image":{"@id":"https:\/\/www.fondazioneunipolis.org\/site\/#\/schema\/logo\/image\/"}},{"@type":"Person","@id":"https:\/\/www.fondazioneunipolis.org\/site\/#\/schema\/person\/fcced96d0e68417823bc1a4c4756e89d","name":"Elisa Paluan","image":{"@type":"ImageObject","inLanguage":"it-IT","@id":"https:\/\/www.fondazioneunipolis.org\/site\/#\/schema\/person\/image\/","url":"https:\/\/secure.gravatar.com\/avatar\/9808ad99bfcf6869670f37ed3dceaa27f2abfcb4dc6b9232760c9d28f353bd9a?s=96&d=mm&r=g","contentUrl":"https:\/\/secure.gravatar.com\/avatar\/9808ad99bfcf6869670f37ed3dceaa27f2abfcb4dc6b9232760c9d28f353bd9a?s=96&d=mm&r=g","caption":"Elisa Paluan"},"url":"https:\/\/www.fondazioneunipolis.org\/site\/author\/elisa-paluan\/"}]}},"_links":{"self":[{"href":"https:\/\/www.fondazioneunipolis.org\/site\/wp-json\/wp\/v2\/posts\/9505","targetHints":{"allow":["GET"]}}],"collection":[{"href":"https:\/\/www.fondazioneunipolis.org\/site\/wp-json\/wp\/v2\/posts"}],"about":[{"href":"https:\/\/www.fondazioneunipolis.org\/site\/wp-json\/wp\/v2\/types\/post"}],"author":[{"embeddable":true,"href":"https:\/\/www.fondazioneunipolis.org\/site\/wp-json\/wp\/v2\/users\/5"}],"replies":[{"embeddable":true,"href":"https:\/\/www.fondazioneunipolis.org\/site\/wp-json\/wp\/v2\/comments?post=9505"}],"version-history":[{"count":7,"href":"https:\/\/www.fondazioneunipolis.org\/site\/wp-json\/wp\/v2\/posts\/9505\/revisions"}],"predecessor-version":[{"id":10080,"href":"https:\/\/www.fondazioneunipolis.org\/site\/wp-json\/wp\/v2\/posts\/9505\/revisions\/10080"}],"wp:featuredmedia":[{"embeddable":true,"href":"https:\/\/www.fondazioneunipolis.org\/site\/wp-json\/wp\/v2\/media\/9506"}],"wp:attachment":[{"href":"https:\/\/www.fondazioneunipolis.org\/site\/wp-json\/wp\/v2\/media?parent=9505"}],"wp:term":[{"taxonomy":"category","embeddable":true,"href":"https:\/\/www.fondazioneunipolis.org\/site\/wp-json\/wp\/v2\/categories?post=9505"},{"taxonomy":"post_tag","embeddable":true,"href":"https:\/\/www.fondazioneunipolis.org\/site\/wp-json\/wp\/v2\/tags?post=9505"}],"curies":[{"name":"wp","href":"https:\/\/api.w.org\/{rel}","templated":true}]}}