{"id":8334,"date":"2023-03-23T00:00:00","date_gmt":"2023-03-22T23:00:00","guid":{"rendered":"https:\/\/www.fondazioneunipolis.org\/site\/?p=8334"},"modified":"2026-01-05T09:22:06","modified_gmt":"2026-01-05T08:22:06","slug":"politiche-che-cambiano","status":"publish","type":"post","link":"https:\/\/www.fondazioneunipolis.org\/site\/news\/politiche-che-cambiano\/","title":{"rendered":"Politiche che cambiano"},"content":{"rendered":"\n<p>Gioved\u00ec 23 marzo a Bologna \u00e8 in programma&nbsp;<strong>&#8220;Politiche che cambiano&#8221;<\/strong>, un incontro con un&#8217;intervista doppia condotta da&nbsp;<strong><em>Roberta Franceschinelli&nbsp;<\/em><\/strong>\u2013 project manager di Fondazione Unipolis, ad&nbsp;<strong>Annibale D&#8217;Elia<\/strong>&nbsp;\u2013direttore della Direzione di Progetto Economia Urbana, Moda e Design del Comune di Milano ed&nbsp;<strong>Elena Ostanel<\/strong>&nbsp; \u2013 ricercatrice dell&#8217;Universit\u00e0 IUAV di Venezia.<\/p>\n\n\n\n<p>Durante l&#8217;evento ci si confronter\u00e0 su&nbsp;<strong>come cambia la politica, quali i nuovi luoghi e gli attori che partecipano alla definizione delle policy, le tematiche e le parole chiave che si sono affermate nell&#8217;ultimo decennio<\/strong>. Cercheremo di riflettere e mettere in discussione l&#8217;idea che i giovani non credano pi\u00f9 nella politica e se ne siano allontanati. Parleremo delle&nbsp;<strong>nuove forme di mobilitazione e attivismo civico<\/strong>&nbsp;che vedono impegnate un numero crescente di ragazze e ragazzi su problematiche specifiche, dall&#8217;ambientalismo ai diritti civili, passando per le questioni di genere, la legalit\u00e0 e la disabilit\u00e0.<\/p>\n\n\n\n<p>L&#8217;appuntamento del 23 marzo \u00e8 il secondo incontro del ciclo di eventi\u00a0<strong>\u201cCose che cambiano&#8221;\u00a0<\/strong>promosso dalla Fondazione Unipolis,<strong>\u00a0<\/strong>in collaborazione con il\u00a0<strong>DAMSLab<\/strong>, che ospita la rassegna, e il\u00a0<strong>Corso di Alta Formazione in Innovatori Culturali<\/strong>.<strong>\u00a0<\/strong>A Bologna, da febbraio a maggio, una rassegna<strong>\u00a0<\/strong>per raccontare e confrontarsi su una societ\u00e0 in continua trasformazione. Ogni incontro \u00e8 dedicato a un tema, attraverso un&#8217;intervista doppia, per approfondire scenari in mutamento, cose da sapere che cambiano, e noi con loro. Per saperne di pi\u00f9 sull&#8217;iniziativa e conoscere gli altri eventi\u00a0<a href=\"https:\/\/www.fondazioneunipolis.org\/site\/cose-che-cambiano-un-ciclo-di-eventi-a-bologna-da-febbraio-a-maggio\/\" target=\"_blank\" rel=\"noreferrer noopener\"><strong>clicca qui<\/strong><\/a>.<\/p>\n\n\n\n<p><strong>Ingresso libero fino ad esaurimento posti, si consiglia di arrivare in anticipo per poter prendere posto.<\/strong><\/p>\n\n\n\n<p>ore 17.30 Inizio registrazioni per accedere alla sala<\/p>\n\n\n\n<p>ore 18 \u2013 19 Intervista doppia ad Annibale D&#8217;Elia ed Elena Ostanel<\/p>\n\n\n\n<p>ore 19 \u2013 19.15 Domande da parte del pubblico e risposte<\/p>\n\n\n\n<p>A seguire, solo per chi ha preso parte all&#8217;evento, aperitivo per proseguire il confronto.<\/p>\n\n\n\n<p><strong><em>BIOGRAFIE SPEAKER<\/em><\/strong><\/p>\n\n\n\n<p><strong>ANNIBALE D&#8217;ELIA.&nbsp;<\/strong>Policy maker, si occupa da 15 anni di innovazione delle politiche pubbliche. Ha iniziato il proprio percorso in Puglia come imprenditore sociale, \u200bco-fondando una cooperativa premiata nel 2000 come migliore giovane impresa d&#8217;Italia. In seguito, ha diretto il programma della Regione Puglia per i giovani \u201cBollenti Spiriti&#8221; e ha fatto parte della task force del Ministro dell&#8217;Economia che ha delineato la normativa italiana sulle startup innovative. Negli ultimi anni ha collaborato con enti locali, universit\u00e0, regioni e ministeri sui temi dell&#8217;innovazione economica e sociale. Nel 2016 ho co-fondato \u201cInnovare x Includere&#8221;, un think tank collaborativo sulle politiche urbane. Oggi lavora al Comune di Milano come Direttore Economia Urbana, Moda e Design.<\/p>\n\n\n\n<p><strong>ELENA OSTANEL<\/strong>. \u00c8 Marie Sklodowska-Curie Fellow per il progetto NEIGHBOURCHANGE all&#8217;Universit\u00e0 Iuav di Venezia. \u00c8 dottore di ricerca in Pianificazione territoriale e politiche pubbliche del territorio (2012) e svolge dal 2008 attivit\u00e0 di ricerca e progettazione in quartieri ad alto tasso di immigrazione collaborando con la Cattedra UNESCO per l&#8217;inclusione sociale e spaziale dei migranti internazionali. All&#8217;Universit\u00e0 Iuav di Venezia coordina dal 2015 il primo master italiano dedicato ai temi della rigenerazione urbana e innovazione sociale U-Rise. \u00c8 visiting researcher presso TUDelft-Facultuy of Architecture and the Built Environment e University of Toronto-Faculty of Social Work. Ha svolto periodi di ricerca a Parigi (MINES Paris Tech), Johannesburg (University of the Witwatersrand), Berlino e Rotterdam.\u00c8 stata visiting professor alla Venice International University per il corso City and Immigration. Presidente del CdA dello spin off accademico dell&#8217;Universit\u00e0 Iuav di Venezia EST\/CO+. Autrice di numerosi articoli nazionali e internazionali sulla segregazione residenziale, la convivenza nelle periferie e la rigenerazione urbana, ha di recente pubblicato il volume \u201cSpazi fuori dal Comune. Rigenerare, includere, innovare&#8221; (FrancoAngeli, 2017) e contribuito con il capitolo&nbsp;<em>La citt\u00e0 interculturale<\/em>&nbsp;nel testo \u201cCitt\u00e0, Sostantivo Plurale&#8221; (Fondazione Feltrinelli Editor, 2018). Nel 2018 ha conseguito l&#8217;abilitazione scientifica nazionale alle funzioni di professore di seconda fascia nel settore 08\/F1 Pianificazione e Progettazione urbanistica e territoriale.<\/p>\n\n\n\n<p><\/p>\n","protected":false},"excerpt":{"rendered":"<p>Gioved\u00ec 23 marzo a Bologna \u00e8 in programma&nbsp;&#8220;Politiche che cambiano&#8221;, un incontro con un&#8217;intervista doppia condotta da&nbsp;Roberta Franceschinelli&nbsp;\u2013 project manager di Fondazione Unipolis, ad&nbsp;Annibale D&#8217;Elia&nbsp;\u2013direttore della Direzione di Progetto Economia Urbana, Moda e Design del Comune di Milano ed&nbsp;Elena Ostanel&nbsp; \u2013 ricercatrice dell&#8217;Universit\u00e0 IUAV di Venezia. Durante l&#8217;evento ci si confronter\u00e0 su&nbsp;come cambia la politica, [&hellip;]<\/p>\n","protected":false},"author":2,"featured_media":6785,"comment_status":"open","ping_status":"open","sticky":false,"template":"","format":"standard","meta":{"_acf_changed":false,"footnotes":""},"categories":[18,20],"tags":[672],"class_list":["post-8334","post","type-post","status-publish","format-standard","has-post-thumbnail","hentry","category-eventi","category-unipolis","tag-cosechecambiano"],"acf":[],"yoast_head":"<!-- This site is optimized with the Yoast SEO plugin v26.1.1 - https:\/\/yoast.com\/wordpress\/plugins\/seo\/ -->\n<title>Politiche che cambiano - Unipolis<\/title>\n<meta name=\"description\" content=\"Politiche che cambiano\" \/>\n<meta name=\"robots\" content=\"index, follow, max-snippet:-1, max-image-preview:large, max-video-preview:-1\" \/>\n<link rel=\"canonical\" href=\"https:\/\/www.fondazioneunipolis.org\/site\/politiche-che-cambiano\/\" \/>\n<meta property=\"og:locale\" content=\"it_IT\" \/>\n<meta property=\"og:type\" content=\"article\" \/>\n<meta property=\"og:title\" content=\"Politiche che cambiano - Unipolis\" \/>\n<meta property=\"og:description\" content=\"Politiche che cambiano\" \/>\n<meta property=\"og:url\" content=\"https:\/\/dx-factory-unipolis-corporate-wp.ha.servizi.gr-u.it\/site\/politiche-che-cambiano\/\" \/>\n<meta property=\"og:site_name\" content=\"Unipolis\" \/>\n<meta property=\"article:published_time\" content=\"2023-03-22T23:00:00+00:00\" \/>\n<meta property=\"article:modified_time\" content=\"2026-01-05T08:22:06+00:00\" \/>\n<meta property=\"og:image\" content=\"https:\/\/dx-factory-unipolis-corporate-wp.ha.servizi.gr-u.it\/site\/wp-content\/uploads\/import\/PublishingImages\/Unipolis_PoliticheCheCambiano_1110x580.png\" \/>\n\t<meta property=\"og:image:width\" content=\"1\" \/>\n\t<meta property=\"og:image:height\" content=\"1\" \/>\n\t<meta property=\"og:image:type\" content=\"image\/png\" \/>\n<meta name=\"author\" content=\"Manuela Tedesco\" \/>\n<meta name=\"twitter:card\" content=\"summary_large_image\" \/>\n<meta name=\"twitter:label1\" content=\"Written by\" \/>\n\t<meta name=\"twitter:data1\" content=\"Manuela Tedesco\" \/>\n\t<meta name=\"twitter:label2\" content=\"Est. reading time\" \/>\n\t<meta name=\"twitter:data2\" content=\"4 minutes\" \/>\n<script type=\"application\/ld+json\" class=\"yoast-schema-graph\">{\"@context\":\"https:\/\/schema.org\",\"@graph\":[{\"@type\":\"Article\",\"@id\":\"https:\/\/dx-factory-unipolis-corporate-wp.ha.servizi.gr-u.it\/site\/politiche-che-cambiano\/#article\",\"isPartOf\":{\"@id\":\"https:\/\/dx-factory-unipolis-corporate-wp.ha.servizi.gr-u.it\/site\/politiche-che-cambiano\/\"},\"author\":{\"name\":\"Manuela Tedesco\",\"@id\":\"https:\/\/www.fondazioneunipolis.org\/site\/#\/schema\/person\/d4ee068b93bbec65329408c20255f757\"},\"headline\":\"Politiche che cambiano\",\"datePublished\":\"2023-03-22T23:00:00+00:00\",\"dateModified\":\"2026-01-05T08:22:06+00:00\",\"mainEntityOfPage\":{\"@id\":\"https:\/\/dx-factory-unipolis-corporate-wp.ha.servizi.gr-u.it\/site\/politiche-che-cambiano\/\"},\"wordCount\":635,\"commentCount\":0,\"publisher\":{\"@id\":\"https:\/\/www.fondazioneunipolis.org\/site\/#organization\"},\"image\":{\"@id\":\"https:\/\/dx-factory-unipolis-corporate-wp.ha.servizi.gr-u.it\/site\/politiche-che-cambiano\/#primaryimage\"},\"thumbnailUrl\":\"https:\/\/www.fondazioneunipolis.org\/site\/wp-content\/uploads\/import\/PublishingImages\/Unipolis_PoliticheCheCambiano_1110x580.png\",\"keywords\":[\"cosechecambiano\"],\"articleSection\":[\"Eventi\",\"Unipolis\"],\"inLanguage\":\"it-IT\",\"potentialAction\":[{\"@type\":\"CommentAction\",\"name\":\"Comment\",\"target\":[\"https:\/\/dx-factory-unipolis-corporate-wp.ha.servizi.gr-u.it\/site\/politiche-che-cambiano\/#respond\"]}]},{\"@type\":\"WebPage\",\"@id\":\"https:\/\/dx-factory-unipolis-corporate-wp.ha.servizi.gr-u.it\/site\/politiche-che-cambiano\/\",\"url\":\"https:\/\/dx-factory-unipolis-corporate-wp.ha.servizi.gr-u.it\/site\/politiche-che-cambiano\/\",\"name\":\"Politiche che cambiano - Unipolis\",\"isPartOf\":{\"@id\":\"https:\/\/www.fondazioneunipolis.org\/site\/#website\"},\"primaryImageOfPage\":{\"@id\":\"https:\/\/dx-factory-unipolis-corporate-wp.ha.servizi.gr-u.it\/site\/politiche-che-cambiano\/#primaryimage\"},\"image\":{\"@id\":\"https:\/\/dx-factory-unipolis-corporate-wp.ha.servizi.gr-u.it\/site\/politiche-che-cambiano\/#primaryimage\"},\"thumbnailUrl\":\"https:\/\/www.fondazioneunipolis.org\/site\/wp-content\/uploads\/import\/PublishingImages\/Unipolis_PoliticheCheCambiano_1110x580.png\",\"datePublished\":\"2023-03-22T23:00:00+00:00\",\"dateModified\":\"2026-01-05T08:22:06+00:00\",\"description\":\"Politiche che cambiano\",\"breadcrumb\":{\"@id\":\"https:\/\/dx-factory-unipolis-corporate-wp.ha.servizi.gr-u.it\/site\/politiche-che-cambiano\/#breadcrumb\"},\"inLanguage\":\"it-IT\",\"potentialAction\":[{\"@type\":\"ReadAction\",\"target\":[\"https:\/\/dx-factory-unipolis-corporate-wp.ha.servizi.gr-u.it\/site\/politiche-che-cambiano\/\"]}]},{\"@type\":\"ImageObject\",\"inLanguage\":\"it-IT\",\"@id\":\"https:\/\/dx-factory-unipolis-corporate-wp.ha.servizi.gr-u.it\/site\/politiche-che-cambiano\/#primaryimage\",\"url\":\"https:\/\/www.fondazioneunipolis.org\/site\/wp-content\/uploads\/import\/PublishingImages\/Unipolis_PoliticheCheCambiano_1110x580.png\",\"contentUrl\":\"https:\/\/www.fondazioneunipolis.org\/site\/wp-content\/uploads\/import\/PublishingImages\/Unipolis_PoliticheCheCambiano_1110x580.png\"},{\"@type\":\"BreadcrumbList\",\"@id\":\"https:\/\/dx-factory-unipolis-corporate-wp.ha.servizi.gr-u.it\/site\/politiche-che-cambiano\/#breadcrumb\",\"itemListElement\":[{\"@type\":\"ListItem\",\"position\":1,\"name\":\"Home\",\"item\":\"https:\/\/www.fondazioneunipolis.org\/site\/\"},{\"@type\":\"ListItem\",\"position\":2,\"name\":\"Politiche che cambiano\"}]},{\"@type\":\"WebSite\",\"@id\":\"https:\/\/www.fondazioneunipolis.org\/site\/#website\",\"url\":\"https:\/\/www.fondazioneunipolis.org\/site\/\",\"name\":\"Unipolis\",\"description\":\"\",\"publisher\":{\"@id\":\"https:\/\/www.fondazioneunipolis.org\/site\/#organization\"},\"potentialAction\":[{\"@type\":\"SearchAction\",\"target\":{\"@type\":\"EntryPoint\",\"urlTemplate\":\"https:\/\/www.fondazioneunipolis.org\/site\/?s={search_term_string}\"},\"query-input\":{\"@type\":\"PropertyValueSpecification\",\"valueRequired\":true,\"valueName\":\"search_term_string\"}}],\"inLanguage\":\"it-IT\"},{\"@type\":\"Organization\",\"@id\":\"https:\/\/www.fondazioneunipolis.org\/site\/#organization\",\"name\":\"Unipolis\",\"url\":\"https:\/\/www.fondazioneunipolis.org\/site\/\",\"logo\":{\"@type\":\"ImageObject\",\"inLanguage\":\"it-IT\",\"@id\":\"https:\/\/www.fondazioneunipolis.org\/site\/#\/schema\/logo\/image\/\",\"url\":\"https:\/\/www.fondazioneunipolis.org\/site\/wp-content\/uploads\/2025\/07\/logo-fondazione-unipolis-1.svg\",\"contentUrl\":\"https:\/\/www.fondazioneunipolis.org\/site\/wp-content\/uploads\/2025\/07\/logo-fondazione-unipolis-1.svg\",\"caption\":\"Unipolis\"},\"image\":{\"@id\":\"https:\/\/www.fondazioneunipolis.org\/site\/#\/schema\/logo\/image\/\"}},{\"@type\":\"Person\",\"@id\":\"https:\/\/www.fondazioneunipolis.org\/site\/#\/schema\/person\/d4ee068b93bbec65329408c20255f757\",\"name\":\"Manuela Tedesco\",\"image\":{\"@type\":\"ImageObject\",\"inLanguage\":\"it-IT\",\"@id\":\"https:\/\/www.fondazioneunipolis.org\/site\/#\/schema\/person\/image\/\",\"url\":\"https:\/\/secure.gravatar.com\/avatar\/eff6758d82026003991cbdbf35152d9165eb74161daf4a18d79499a50d728c6b?s=96&d=mm&r=g\",\"contentUrl\":\"https:\/\/secure.gravatar.com\/avatar\/eff6758d82026003991cbdbf35152d9165eb74161daf4a18d79499a50d728c6b?s=96&d=mm&r=g\",\"caption\":\"Manuela Tedesco\"},\"url\":\"https:\/\/www.fondazioneunipolis.org\/site\/author\/manuela-tedesco\/\"}]}<\/script>\n<!-- \/ Yoast SEO plugin. -->","yoast_head_json":{"title":"Politiche che cambiano - Unipolis","description":"Politiche che cambiano","robots":{"index":"index","follow":"follow","max-snippet":"max-snippet:-1","max-image-preview":"max-image-preview:large","max-video-preview":"max-video-preview:-1"},"canonical":"https:\/\/www.fondazioneunipolis.org\/site\/politiche-che-cambiano\/","og_locale":"it_IT","og_type":"article","og_title":"Politiche che cambiano - Unipolis","og_description":"Politiche che cambiano","og_url":"https:\/\/dx-factory-unipolis-corporate-wp.ha.servizi.gr-u.it\/site\/politiche-che-cambiano\/","og_site_name":"Unipolis","article_published_time":"2023-03-22T23:00:00+00:00","article_modified_time":"2026-01-05T08:22:06+00:00","og_image":[{"url":"https:\/\/dx-factory-unipolis-corporate-wp.ha.servizi.gr-u.it\/site\/wp-content\/uploads\/import\/PublishingImages\/Unipolis_PoliticheCheCambiano_1110x580.png","width":1,"height":1,"type":"image\/png"}],"author":"Manuela Tedesco","twitter_card":"summary_large_image","twitter_misc":{"Written by":"Manuela Tedesco","Est. reading time":"4 minutes"},"schema":{"@context":"https:\/\/schema.org","@graph":[{"@type":"Article","@id":"https:\/\/dx-factory-unipolis-corporate-wp.ha.servizi.gr-u.it\/site\/politiche-che-cambiano\/#article","isPartOf":{"@id":"https:\/\/dx-factory-unipolis-corporate-wp.ha.servizi.gr-u.it\/site\/politiche-che-cambiano\/"},"author":{"name":"Manuela Tedesco","@id":"https:\/\/www.fondazioneunipolis.org\/site\/#\/schema\/person\/d4ee068b93bbec65329408c20255f757"},"headline":"Politiche che cambiano","datePublished":"2023-03-22T23:00:00+00:00","dateModified":"2026-01-05T08:22:06+00:00","mainEntityOfPage":{"@id":"https:\/\/dx-factory-unipolis-corporate-wp.ha.servizi.gr-u.it\/site\/politiche-che-cambiano\/"},"wordCount":635,"commentCount":0,"publisher":{"@id":"https:\/\/www.fondazioneunipolis.org\/site\/#organization"},"image":{"@id":"https:\/\/dx-factory-unipolis-corporate-wp.ha.servizi.gr-u.it\/site\/politiche-che-cambiano\/#primaryimage"},"thumbnailUrl":"https:\/\/www.fondazioneunipolis.org\/site\/wp-content\/uploads\/import\/PublishingImages\/Unipolis_PoliticheCheCambiano_1110x580.png","keywords":["cosechecambiano"],"articleSection":["Eventi","Unipolis"],"inLanguage":"it-IT","potentialAction":[{"@type":"CommentAction","name":"Comment","target":["https:\/\/dx-factory-unipolis-corporate-wp.ha.servizi.gr-u.it\/site\/politiche-che-cambiano\/#respond"]}]},{"@type":"WebPage","@id":"https:\/\/dx-factory-unipolis-corporate-wp.ha.servizi.gr-u.it\/site\/politiche-che-cambiano\/","url":"https:\/\/dx-factory-unipolis-corporate-wp.ha.servizi.gr-u.it\/site\/politiche-che-cambiano\/","name":"Politiche che cambiano - Unipolis","isPartOf":{"@id":"https:\/\/www.fondazioneunipolis.org\/site\/#website"},"primaryImageOfPage":{"@id":"https:\/\/dx-factory-unipolis-corporate-wp.ha.servizi.gr-u.it\/site\/politiche-che-cambiano\/#primaryimage"},"image":{"@id":"https:\/\/dx-factory-unipolis-corporate-wp.ha.servizi.gr-u.it\/site\/politiche-che-cambiano\/#primaryimage"},"thumbnailUrl":"https:\/\/www.fondazioneunipolis.org\/site\/wp-content\/uploads\/import\/PublishingImages\/Unipolis_PoliticheCheCambiano_1110x580.png","datePublished":"2023-03-22T23:00:00+00:00","dateModified":"2026-01-05T08:22:06+00:00","description":"Politiche che cambiano","breadcrumb":{"@id":"https:\/\/dx-factory-unipolis-corporate-wp.ha.servizi.gr-u.it\/site\/politiche-che-cambiano\/#breadcrumb"},"inLanguage":"it-IT","potentialAction":[{"@type":"ReadAction","target":["https:\/\/dx-factory-unipolis-corporate-wp.ha.servizi.gr-u.it\/site\/politiche-che-cambiano\/"]}]},{"@type":"ImageObject","inLanguage":"it-IT","@id":"https:\/\/dx-factory-unipolis-corporate-wp.ha.servizi.gr-u.it\/site\/politiche-che-cambiano\/#primaryimage","url":"https:\/\/www.fondazioneunipolis.org\/site\/wp-content\/uploads\/import\/PublishingImages\/Unipolis_PoliticheCheCambiano_1110x580.png","contentUrl":"https:\/\/www.fondazioneunipolis.org\/site\/wp-content\/uploads\/import\/PublishingImages\/Unipolis_PoliticheCheCambiano_1110x580.png"},{"@type":"BreadcrumbList","@id":"https:\/\/dx-factory-unipolis-corporate-wp.ha.servizi.gr-u.it\/site\/politiche-che-cambiano\/#breadcrumb","itemListElement":[{"@type":"ListItem","position":1,"name":"Home","item":"https:\/\/www.fondazioneunipolis.org\/site\/"},{"@type":"ListItem","position":2,"name":"Politiche che cambiano"}]},{"@type":"WebSite","@id":"https:\/\/www.fondazioneunipolis.org\/site\/#website","url":"https:\/\/www.fondazioneunipolis.org\/site\/","name":"Unipolis","description":"","publisher":{"@id":"https:\/\/www.fondazioneunipolis.org\/site\/#organization"},"potentialAction":[{"@type":"SearchAction","target":{"@type":"EntryPoint","urlTemplate":"https:\/\/www.fondazioneunipolis.org\/site\/?s={search_term_string}"},"query-input":{"@type":"PropertyValueSpecification","valueRequired":true,"valueName":"search_term_string"}}],"inLanguage":"it-IT"},{"@type":"Organization","@id":"https:\/\/www.fondazioneunipolis.org\/site\/#organization","name":"Unipolis","url":"https:\/\/www.fondazioneunipolis.org\/site\/","logo":{"@type":"ImageObject","inLanguage":"it-IT","@id":"https:\/\/www.fondazioneunipolis.org\/site\/#\/schema\/logo\/image\/","url":"https:\/\/www.fondazioneunipolis.org\/site\/wp-content\/uploads\/2025\/07\/logo-fondazione-unipolis-1.svg","contentUrl":"https:\/\/www.fondazioneunipolis.org\/site\/wp-content\/uploads\/2025\/07\/logo-fondazione-unipolis-1.svg","caption":"Unipolis"},"image":{"@id":"https:\/\/www.fondazioneunipolis.org\/site\/#\/schema\/logo\/image\/"}},{"@type":"Person","@id":"https:\/\/www.fondazioneunipolis.org\/site\/#\/schema\/person\/d4ee068b93bbec65329408c20255f757","name":"Manuela Tedesco","image":{"@type":"ImageObject","inLanguage":"it-IT","@id":"https:\/\/www.fondazioneunipolis.org\/site\/#\/schema\/person\/image\/","url":"https:\/\/secure.gravatar.com\/avatar\/eff6758d82026003991cbdbf35152d9165eb74161daf4a18d79499a50d728c6b?s=96&d=mm&r=g","contentUrl":"https:\/\/secure.gravatar.com\/avatar\/eff6758d82026003991cbdbf35152d9165eb74161daf4a18d79499a50d728c6b?s=96&d=mm&r=g","caption":"Manuela Tedesco"},"url":"https:\/\/www.fondazioneunipolis.org\/site\/author\/manuela-tedesco\/"}]}},"_links":{"self":[{"href":"https:\/\/www.fondazioneunipolis.org\/site\/wp-json\/wp\/v2\/posts\/8334","targetHints":{"allow":["GET"]}}],"collection":[{"href":"https:\/\/www.fondazioneunipolis.org\/site\/wp-json\/wp\/v2\/posts"}],"about":[{"href":"https:\/\/www.fondazioneunipolis.org\/site\/wp-json\/wp\/v2\/types\/post"}],"author":[{"embeddable":true,"href":"https:\/\/www.fondazioneunipolis.org\/site\/wp-json\/wp\/v2\/users\/2"}],"replies":[{"embeddable":true,"href":"https:\/\/www.fondazioneunipolis.org\/site\/wp-json\/wp\/v2\/comments?post=8334"}],"version-history":[{"count":17,"href":"https:\/\/www.fondazioneunipolis.org\/site\/wp-json\/wp\/v2\/posts\/8334\/revisions"}],"predecessor-version":[{"id":11577,"href":"https:\/\/www.fondazioneunipolis.org\/site\/wp-json\/wp\/v2\/posts\/8334\/revisions\/11577"}],"wp:featuredmedia":[{"embeddable":true,"href":"https:\/\/www.fondazioneunipolis.org\/site\/wp-json\/wp\/v2\/media\/6785"}],"wp:attachment":[{"href":"https:\/\/www.fondazioneunipolis.org\/site\/wp-json\/wp\/v2\/media?parent=8334"}],"wp:term":[{"taxonomy":"category","embeddable":true,"href":"https:\/\/www.fondazioneunipolis.org\/site\/wp-json\/wp\/v2\/categories?post=8334"},{"taxonomy":"post_tag","embeddable":true,"href":"https:\/\/www.fondazioneunipolis.org\/site\/wp-json\/wp\/v2\/tags?post=8334"}],"curies":[{"name":"wp","href":"https:\/\/api.w.org\/{rel}","templated":true}]}}