{"id":8305,"date":"2025-10-19T14:55:09","date_gmt":"2025-10-19T12:55:09","guid":{"rendered":"https:\/\/www.fondazioneunipolis.org\/site\/?p=8305"},"modified":"2026-03-02T17:49:41","modified_gmt":"2026-03-02T16:49:41","slug":"city-flows-2025","status":"publish","type":"post","link":"https:\/\/www.fondazioneunipolis.org\/site\/news\/city-flows-2025\/","title":{"rendered":"City Flows 2025"},"content":{"rendered":"\n<h3 class=\"wp-block-heading\">CHI RESTA ESCLUSO DAL DIRITTO ALLA MOBILIT\u00c0\u200b?\u200b<\/h3>\n\n\n\n<h4 class=\"wp-block-heading\">\u200b\u200b\u200b\u200b\u200b\u200b\u200bIl 19 settembre a Perugia e in streaming, un confronto internazionale sulle disuguaglianze di chi vive in aree interne e periferiche e sulle barriere invisibili affrontate dalle persone migranti.&nbsp;<\/h4>\n\n\n\n<p><\/p>\n\n\n\n<p>Dalle&nbsp;<strong>sfide europee della sicurezza stradale<\/strong>&nbsp;alla&nbsp;<strong>mobility poverty<\/strong>, passando per le disuguaglianze (e le buone pratiche) del trasporto pubblico e privato nelle&nbsp;<strong>aree periferiche<\/strong>&nbsp;e nelle&nbsp;<strong>zone di montagna<\/strong>. A&nbsp;<em>City Flows 2025<\/em>&nbsp;troverai&nbsp;<strong>ricerche inedite<\/strong>, dati comparativi internazionali, interventi di esperti ed esperte da Italia, Germania, Francia, Regno Unito, Belgio e casi studio concreti sul ruolo della mobilit\u00e0 nei percorsi di&nbsp;<strong>inclusione dei migranti<\/strong>.<\/p>\n\n\n\n<p>Un&#8217;occasione unica per riflettere, insieme, su come rendere il diritto a muoversi davvero universale.<\/p>\n\n\n\n<p>Dopo\u00a0<a href=\"https:\/\/www.fondazioneunipolis.org\/site\/city-flows-verso-un-futuro-di-multi-mobilita\/\" target=\"_blank\" rel=\"noreferrer noopener\">Siracusa<\/a>\u00a0e\u00a0<a href=\"https:\/\/www.fondazioneunipolis.org\/site\/city-flows-2024-lappuntamento-di-unipolis-per-la-settimana-europea-della-mobilita\/\" target=\"_blank\" rel=\"noreferrer noopener\">Trento<\/a>,\u00a0<strong><a href=\"https:\/\/www.fondazioneunipolis.org\/site\/progetti\/city-flows\/\" target=\"_blank\" rel=\"noreferrer noopener\">City Flows<\/a><\/strong>\u00a0arriva nel Centro Italia:\u00a0<strong>venerd\u00ec 19 settembre 2025 dalle 9 alle 13<\/strong>, l&#8217;edizione annuale del convegno internazionale nel calendario dell&#8217;<strong><a href=\"https:\/\/mobilityweek.eu\/home\/\">European Mobility Week\u200b<\/a><\/strong>\u00a0si terr\u00e0 a\u00a0<strong>Perugia<\/strong>, presso l&#8217;<strong>Auditorium di San Francesco al Prato<\/strong>.\u200b<\/p>\n\n\n\n<p>L&#8217;iniziativa, con il patrocinio della\u00a0<strong>Regione Umbria<\/strong>, del\u00a0<strong>Comune di Perugia<\/strong>, dell\u2019<strong>Universit\u00e0 degli Studi di Perugia<\/strong>\u00a0\u00e8 promossa da\u00a0<a href=\"https:\/\/fondazioneunipolis.magnews.net\/nl\/web?h=2h3tm1l9t9gbi0o3lb9jieeal2&amp;i=6fg&amp;iw=1&amp;s=gu&amp;sn=5b&amp;snm=1gm&amp;url32=D1Q78S3J78NIUPJFDPI62UJ9DTN6ATBED5O6UR39ECN6QOB7DPINESPEDPIN8BREDGNNEPB27TK3QCBMCKP6SD3GD8P6QRR874P68CR869IMIT9KCDJ34RP6D4UJCPJ74PKNEF9H4PO3QI1L6SPJ4D9I74PJA9JGE9RJQC96ECUMET96EDM3QQBKC4J76RHT6LH2CTBIDGPJ4FA4658JEE2J6D53EE2E95AL8KIE8L9KSDI3A994AGQ88T74MKA28P250IAE8594KEA56574QJQH8953AK2E9OQ50K26\" target=\"_blank\" rel=\"noreferrer noopener\"><strong>Fondazione Unipolis<\/strong><\/a>,\u00a0<a href=\"https:\/\/etsc.eu\/\" target=\"_blank\" rel=\"noreferrer noopener\"><strong>European Transport Safety Council (ETSC)<\/strong><\/a>,\u00a0<a href=\"https:\/\/www.cru-unipol.it\/\" target=\"_blank\" rel=\"noreferrer noopener\"><strong>Consigli Regionali Unipol (CRU)<\/strong><\/a>\u00a0ed \u00e8 realizzata in collaborazione con gli\u00a0<strong>Agenti Unipol<\/strong>\u00a0Marco Cricco, Mario Lombardini e Fabrizio Rasimelli. \u200b\u200b<\/p>\n\n\n\n<p>L&#8217;iniziativa \u00e8 promossa da&nbsp;<a href=\"https:\/\/fondazioneunipolis.magnews.net\/nl\/web?h=2h3tm1l9t9gbi0o3lb9jieeal2&amp;i=6fg&amp;iw=1&amp;s=gu&amp;sn=5b&amp;snm=1gm&amp;url32=D1Q78S3J78NIUPJFDPI62UJ9DTN6ATBED5O6UR39ECN6QOB7DPINESPEDPIN8BREDGNNEPB27TK3QCBMCKP6SD3GD8P6QRR874P68CR869IMIT9KCDJ34RP6D4UJCPJ74PKNEF9H4PO3QI1L6SPJ4D9I74PJA9JGE9RJQC96ECUMET96EDM3QQBKC4J76RHT6LH2CTBIDGPJ4FA4658JEE2J6D53EE2E95AL8KIE8L9KSDI3A994AGQ88T74MKA28P250IAE8594KEA56574QJQH8953AK2E9OQ50K26\"><strong>Fondazione Unipolis<\/strong><\/a>, in collaborazione con l<a href=\"https:\/\/fondazioneunipolis.magnews.net\/nl\/web?h=30vr9b86ue2446tk5t2ciu3qfn&amp;i=6fg&amp;iw=1&amp;s=gu&amp;sn=5b&amp;snm=1gm&amp;url32=D1Q78S3J78NIUPJFDPI62UJ9DTN6ATBED5O6UR39ECN6QOB7DPINESPEDPIN8BREDGNNEPB27TK3QPPOEDI30PPJE9JM8D1KEHJNCE386LMJ4TBKE1GM69J97KR6CPP6D5RJQC96E0UKGD9N6CP3ACHP6CQ2CS3IESUJ29JJ7LJNA9JJDGUMIT314PPMSF9LC8J7ASJC6CP3QH1HA4RJGKPJ98RJGJI9AL844IQ58H44IKQG8963AKO\"><strong>&#8216;<\/strong><strong>European Transport Safety Council (ETSC)<\/strong><\/a>, i<strong>&nbsp;<\/strong><a href=\"https:\/\/fondazioneunipolis.magnews.net\/nl\/web?h=gjoe7uf1pv2dlbipr3q8c32jp&amp;i=6fg&amp;iw=1&amp;s=gu&amp;sn=5b&amp;snm=1gm&amp;url32=D1Q78S3J78NIUPJFDPI62UJ9DTN6ATBED5O6UR39ECN6QOB7DPINESPEDPIN8BREDGNNEPB27TK3QDB569GMGEBCCPI3GPPMC5P3IRB6E4SN4SB6CLOM49J97KR6CPP6D5RJQC96E0UKGD9N6CP3ACHP6CPICS3IESUJ29JJ7LJNA9JJDGUMIT314PPMSF9LC8J7ASJC6CP3QH1HA4RJGKPJ98RJGJI9ALA54JI5AD73CDIJ9963AJ2H9L9L2GI78HA4QCIJA514MDAJ\"><strong>Consigli Regionali Unipol (CRU)<\/strong><\/a>&nbsp;e le&nbsp;<strong>Agenzie Unipol<\/strong>.<\/p>\n\n\n\n<p>\u200bL&#8217;evento si potr\u00e0 seguire\u00a0<strong>in presenza<\/strong>\u00a0e\u00a0<strong>in streaming<\/strong>, in\u00a0<strong>italiano e inglese<\/strong>, sul canale YouTube di\u00a0<strong>Fondazione Unipolis<\/strong>.\u00a0\u200b<br>\u200bCity Flows torna anche quest&#8217;anno tra gli appuntamenti dell&#8217;<a href=\"https:\/\/mobilityweek.eu\/home\/\" target=\"_blank\" rel=\"noreferrer noopener\"><strong>European Mobility Week<\/strong><\/a>\u00a0(16-22 settembre), che nel 2025 invita a riflettere su come garantire a tutte e tutti l&#8217;accesso alla mobilit\u00e0 sicura e sostenibile, indipendentemente da reddito, provenienza, genere o abilit\u00e0. Il tem\u200ba \u201c<strong>Mobility for Everyone<\/strong>&#8221; richiama la necessit\u00e0 di affrontare le disuguaglianze, contrastare la povert\u00e0 di mobilit\u00e0 e promuovere soluzioni accessibili, inclusive e sicure per ogni persona e comunit\u00e0.\u200b<\/p>\n","protected":false},"excerpt":{"rendered":"<p>A Perugia e online, la terza edizione dell&#8217;evento internazionale di Unipolis ed European Transport Safety Council per l&#8217;European Mobility Week<\/p>\n","protected":false},"author":2,"featured_media":10858,"comment_status":"open","ping_status":"open","sticky":false,"template":"","format":"standard","meta":{"_acf_changed":false,"footnotes":""},"categories":[18,16],"tags":[673],"class_list":["post-8305","post","type-post","status-publish","format-standard","has-post-thumbnail","hentry","category-eventi","category-mobilita","tag-cityflows"],"acf":[],"yoast_head":"<!-- This site is optimized with the Yoast SEO plugin v26.1.1 - https:\/\/yoast.com\/wordpress\/plugins\/seo\/ -->\n<title>City Flows 2025 - Unipolis<\/title>\n<meta name=\"description\" content=\"A Perugia e online, la terza edizione dell&#039;evento internazionale di Unipolis ed European Transport Safety Council per l&#039;European Mobility Week\" \/>\n<meta name=\"robots\" content=\"index, follow, max-snippet:-1, max-image-preview:large, max-video-preview:-1\" \/>\n<link rel=\"canonical\" href=\"https:\/\/www.fondazioneunipolis.org\/site\/news\/city-flows-2025\/\" \/>\n<meta property=\"og:locale\" content=\"it_IT\" \/>\n<meta property=\"og:type\" content=\"article\" \/>\n<meta property=\"og:title\" content=\"City Flows 2025 - Unipolis\" \/>\n<meta property=\"og:description\" content=\"A Perugia e online, la terza edizione dell&#039;evento internazionale di Unipolis ed European Transport Safety Council per l&#039;European Mobility Week\" \/>\n<meta property=\"og:url\" content=\"https:\/\/www.fondazioneunipolis.org\/site\/news\/city-flows-2025\/\" \/>\n<meta property=\"og:site_name\" content=\"Unipolis\" \/>\n<meta property=\"article:published_time\" content=\"2025-10-19T12:55:09+00:00\" \/>\n<meta property=\"article:modified_time\" content=\"2026-03-02T16:49:41+00:00\" \/>\n<meta property=\"og:image\" content=\"https:\/\/www.fondazioneunipolis.org\/site\/wp-content\/uploads\/2025\/10\/CITYFLOWS-7-scaled.jpg\" \/>\n\t<meta property=\"og:image:width\" content=\"2560\" \/>\n\t<meta property=\"og:image:height\" content=\"1710\" \/>\n\t<meta property=\"og:image:type\" content=\"image\/jpeg\" \/>\n<meta name=\"author\" content=\"Manuela Tedesco\" \/>\n<meta name=\"twitter:card\" content=\"summary_large_image\" \/>\n<meta name=\"twitter:label1\" content=\"Written by\" \/>\n\t<meta name=\"twitter:data1\" content=\"Manuela Tedesco\" \/>\n\t<meta name=\"twitter:label2\" content=\"Est. reading time\" \/>\n\t<meta name=\"twitter:data2\" content=\"2 minutes\" \/>\n<script type=\"application\/ld+json\" class=\"yoast-schema-graph\">{\"@context\":\"https:\/\/schema.org\",\"@graph\":[{\"@type\":\"Article\",\"@id\":\"https:\/\/www.fondazioneunipolis.org\/site\/news\/city-flows-2025\/#article\",\"isPartOf\":{\"@id\":\"https:\/\/www.fondazioneunipolis.org\/site\/news\/city-flows-2025\/\"},\"author\":{\"name\":\"Manuela Tedesco\",\"@id\":\"https:\/\/www.fondazioneunipolis.org\/site\/#\/schema\/person\/d4ee068b93bbec65329408c20255f757\"},\"headline\":\"City Flows 2025\",\"datePublished\":\"2025-10-19T12:55:09+00:00\",\"dateModified\":\"2026-03-02T16:49:41+00:00\",\"mainEntityOfPage\":{\"@id\":\"https:\/\/www.fondazioneunipolis.org\/site\/news\/city-flows-2025\/\"},\"wordCount\":331,\"commentCount\":0,\"publisher\":{\"@id\":\"https:\/\/www.fondazioneunipolis.org\/site\/#organization\"},\"image\":{\"@id\":\"https:\/\/www.fondazioneunipolis.org\/site\/news\/city-flows-2025\/#primaryimage\"},\"thumbnailUrl\":\"https:\/\/www.fondazioneunipolis.org\/site\/wp-content\/uploads\/2025\/10\/CITYFLOWS-7-scaled.jpg\",\"keywords\":[\"cityflows\"],\"articleSection\":[\"Eventi\",\"Mobilit\u00e0\"],\"inLanguage\":\"it-IT\",\"potentialAction\":[{\"@type\":\"CommentAction\",\"name\":\"Comment\",\"target\":[\"https:\/\/www.fondazioneunipolis.org\/site\/news\/city-flows-2025\/#respond\"]}]},{\"@type\":\"WebPage\",\"@id\":\"https:\/\/www.fondazioneunipolis.org\/site\/news\/city-flows-2025\/\",\"url\":\"https:\/\/www.fondazioneunipolis.org\/site\/news\/city-flows-2025\/\",\"name\":\"City Flows 2025 - Unipolis\",\"isPartOf\":{\"@id\":\"https:\/\/www.fondazioneunipolis.org\/site\/#website\"},\"primaryImageOfPage\":{\"@id\":\"https:\/\/www.fondazioneunipolis.org\/site\/news\/city-flows-2025\/#primaryimage\"},\"image\":{\"@id\":\"https:\/\/www.fondazioneunipolis.org\/site\/news\/city-flows-2025\/#primaryimage\"},\"thumbnailUrl\":\"https:\/\/www.fondazioneunipolis.org\/site\/wp-content\/uploads\/2025\/10\/CITYFLOWS-7-scaled.jpg\",\"datePublished\":\"2025-10-19T12:55:09+00:00\",\"dateModified\":\"2026-03-02T16:49:41+00:00\",\"description\":\"A Perugia e online, la terza edizione dell'evento internazionale di Unipolis ed European Transport Safety Council per l'European Mobility Week\",\"breadcrumb\":{\"@id\":\"https:\/\/www.fondazioneunipolis.org\/site\/news\/city-flows-2025\/#breadcrumb\"},\"inLanguage\":\"it-IT\",\"potentialAction\":[{\"@type\":\"ReadAction\",\"target\":[\"https:\/\/www.fondazioneunipolis.org\/site\/news\/city-flows-2025\/\"]}]},{\"@type\":\"ImageObject\",\"inLanguage\":\"it-IT\",\"@id\":\"https:\/\/www.fondazioneunipolis.org\/site\/news\/city-flows-2025\/#primaryimage\",\"url\":\"https:\/\/www.fondazioneunipolis.org\/site\/wp-content\/uploads\/2025\/10\/CITYFLOWS-7-scaled.jpg\",\"contentUrl\":\"https:\/\/www.fondazioneunipolis.org\/site\/wp-content\/uploads\/2025\/10\/CITYFLOWS-7-scaled.jpg\",\"width\":2560,\"height\":1710},{\"@type\":\"BreadcrumbList\",\"@id\":\"https:\/\/www.fondazioneunipolis.org\/site\/news\/city-flows-2025\/#breadcrumb\",\"itemListElement\":[{\"@type\":\"ListItem\",\"position\":1,\"name\":\"Home\",\"item\":\"https:\/\/www.fondazioneunipolis.org\/site\/\"},{\"@type\":\"ListItem\",\"position\":2,\"name\":\"City Flows 2025\"}]},{\"@type\":\"WebSite\",\"@id\":\"https:\/\/www.fondazioneunipolis.org\/site\/#website\",\"url\":\"https:\/\/www.fondazioneunipolis.org\/site\/\",\"name\":\"Unipolis\",\"description\":\"\",\"publisher\":{\"@id\":\"https:\/\/www.fondazioneunipolis.org\/site\/#organization\"},\"potentialAction\":[{\"@type\":\"SearchAction\",\"target\":{\"@type\":\"EntryPoint\",\"urlTemplate\":\"https:\/\/www.fondazioneunipolis.org\/site\/?s={search_term_string}\"},\"query-input\":{\"@type\":\"PropertyValueSpecification\",\"valueRequired\":true,\"valueName\":\"search_term_string\"}}],\"inLanguage\":\"it-IT\"},{\"@type\":\"Organization\",\"@id\":\"https:\/\/www.fondazioneunipolis.org\/site\/#organization\",\"name\":\"Unipolis\",\"url\":\"https:\/\/www.fondazioneunipolis.org\/site\/\",\"logo\":{\"@type\":\"ImageObject\",\"inLanguage\":\"it-IT\",\"@id\":\"https:\/\/www.fondazioneunipolis.org\/site\/#\/schema\/logo\/image\/\",\"url\":\"https:\/\/www.fondazioneunipolis.org\/site\/wp-content\/uploads\/2025\/07\/logo-fondazione-unipolis-1.svg\",\"contentUrl\":\"https:\/\/www.fondazioneunipolis.org\/site\/wp-content\/uploads\/2025\/07\/logo-fondazione-unipolis-1.svg\",\"caption\":\"Unipolis\"},\"image\":{\"@id\":\"https:\/\/www.fondazioneunipolis.org\/site\/#\/schema\/logo\/image\/\"}},{\"@type\":\"Person\",\"@id\":\"https:\/\/www.fondazioneunipolis.org\/site\/#\/schema\/person\/d4ee068b93bbec65329408c20255f757\",\"name\":\"Manuela Tedesco\",\"image\":{\"@type\":\"ImageObject\",\"inLanguage\":\"it-IT\",\"@id\":\"https:\/\/www.fondazioneunipolis.org\/site\/#\/schema\/person\/image\/\",\"url\":\"https:\/\/secure.gravatar.com\/avatar\/eff6758d82026003991cbdbf35152d9165eb74161daf4a18d79499a50d728c6b?s=96&d=mm&r=g\",\"contentUrl\":\"https:\/\/secure.gravatar.com\/avatar\/eff6758d82026003991cbdbf35152d9165eb74161daf4a18d79499a50d728c6b?s=96&d=mm&r=g\",\"caption\":\"Manuela Tedesco\"},\"url\":\"https:\/\/www.fondazioneunipolis.org\/site\/author\/manuela-tedesco\/\"}]}<\/script>\n<!-- \/ Yoast SEO plugin. -->","yoast_head_json":{"title":"City Flows 2025 - Unipolis","description":"A Perugia e online, la terza edizione dell'evento internazionale di Unipolis ed European Transport Safety Council per l'European Mobility Week","robots":{"index":"index","follow":"follow","max-snippet":"max-snippet:-1","max-image-preview":"max-image-preview:large","max-video-preview":"max-video-preview:-1"},"canonical":"https:\/\/www.fondazioneunipolis.org\/site\/news\/city-flows-2025\/","og_locale":"it_IT","og_type":"article","og_title":"City Flows 2025 - Unipolis","og_description":"A Perugia e online, la terza edizione dell'evento internazionale di Unipolis ed European Transport Safety Council per l'European Mobility Week","og_url":"https:\/\/www.fondazioneunipolis.org\/site\/news\/city-flows-2025\/","og_site_name":"Unipolis","article_published_time":"2025-10-19T12:55:09+00:00","article_modified_time":"2026-03-02T16:49:41+00:00","og_image":[{"width":2560,"height":1710,"url":"https:\/\/www.fondazioneunipolis.org\/site\/wp-content\/uploads\/2025\/10\/CITYFLOWS-7-scaled.jpg","type":"image\/jpeg"}],"author":"Manuela Tedesco","twitter_card":"summary_large_image","twitter_misc":{"Written by":"Manuela Tedesco","Est. reading time":"2 minutes"},"schema":{"@context":"https:\/\/schema.org","@graph":[{"@type":"Article","@id":"https:\/\/www.fondazioneunipolis.org\/site\/news\/city-flows-2025\/#article","isPartOf":{"@id":"https:\/\/www.fondazioneunipolis.org\/site\/news\/city-flows-2025\/"},"author":{"name":"Manuela Tedesco","@id":"https:\/\/www.fondazioneunipolis.org\/site\/#\/schema\/person\/d4ee068b93bbec65329408c20255f757"},"headline":"City Flows 2025","datePublished":"2025-10-19T12:55:09+00:00","dateModified":"2026-03-02T16:49:41+00:00","mainEntityOfPage":{"@id":"https:\/\/www.fondazioneunipolis.org\/site\/news\/city-flows-2025\/"},"wordCount":331,"commentCount":0,"publisher":{"@id":"https:\/\/www.fondazioneunipolis.org\/site\/#organization"},"image":{"@id":"https:\/\/www.fondazioneunipolis.org\/site\/news\/city-flows-2025\/#primaryimage"},"thumbnailUrl":"https:\/\/www.fondazioneunipolis.org\/site\/wp-content\/uploads\/2025\/10\/CITYFLOWS-7-scaled.jpg","keywords":["cityflows"],"articleSection":["Eventi","Mobilit\u00e0"],"inLanguage":"it-IT","potentialAction":[{"@type":"CommentAction","name":"Comment","target":["https:\/\/www.fondazioneunipolis.org\/site\/news\/city-flows-2025\/#respond"]}]},{"@type":"WebPage","@id":"https:\/\/www.fondazioneunipolis.org\/site\/news\/city-flows-2025\/","url":"https:\/\/www.fondazioneunipolis.org\/site\/news\/city-flows-2025\/","name":"City Flows 2025 - Unipolis","isPartOf":{"@id":"https:\/\/www.fondazioneunipolis.org\/site\/#website"},"primaryImageOfPage":{"@id":"https:\/\/www.fondazioneunipolis.org\/site\/news\/city-flows-2025\/#primaryimage"},"image":{"@id":"https:\/\/www.fondazioneunipolis.org\/site\/news\/city-flows-2025\/#primaryimage"},"thumbnailUrl":"https:\/\/www.fondazioneunipolis.org\/site\/wp-content\/uploads\/2025\/10\/CITYFLOWS-7-scaled.jpg","datePublished":"2025-10-19T12:55:09+00:00","dateModified":"2026-03-02T16:49:41+00:00","description":"A Perugia e online, la terza edizione dell'evento internazionale di Unipolis ed European Transport Safety Council per l'European Mobility Week","breadcrumb":{"@id":"https:\/\/www.fondazioneunipolis.org\/site\/news\/city-flows-2025\/#breadcrumb"},"inLanguage":"it-IT","potentialAction":[{"@type":"ReadAction","target":["https:\/\/www.fondazioneunipolis.org\/site\/news\/city-flows-2025\/"]}]},{"@type":"ImageObject","inLanguage":"it-IT","@id":"https:\/\/www.fondazioneunipolis.org\/site\/news\/city-flows-2025\/#primaryimage","url":"https:\/\/www.fondazioneunipolis.org\/site\/wp-content\/uploads\/2025\/10\/CITYFLOWS-7-scaled.jpg","contentUrl":"https:\/\/www.fondazioneunipolis.org\/site\/wp-content\/uploads\/2025\/10\/CITYFLOWS-7-scaled.jpg","width":2560,"height":1710},{"@type":"BreadcrumbList","@id":"https:\/\/www.fondazioneunipolis.org\/site\/news\/city-flows-2025\/#breadcrumb","itemListElement":[{"@type":"ListItem","position":1,"name":"Home","item":"https:\/\/www.fondazioneunipolis.org\/site\/"},{"@type":"ListItem","position":2,"name":"City Flows 2025"}]},{"@type":"WebSite","@id":"https:\/\/www.fondazioneunipolis.org\/site\/#website","url":"https:\/\/www.fondazioneunipolis.org\/site\/","name":"Unipolis","description":"","publisher":{"@id":"https:\/\/www.fondazioneunipolis.org\/site\/#organization"},"potentialAction":[{"@type":"SearchAction","target":{"@type":"EntryPoint","urlTemplate":"https:\/\/www.fondazioneunipolis.org\/site\/?s={search_term_string}"},"query-input":{"@type":"PropertyValueSpecification","valueRequired":true,"valueName":"search_term_string"}}],"inLanguage":"it-IT"},{"@type":"Organization","@id":"https:\/\/www.fondazioneunipolis.org\/site\/#organization","name":"Unipolis","url":"https:\/\/www.fondazioneunipolis.org\/site\/","logo":{"@type":"ImageObject","inLanguage":"it-IT","@id":"https:\/\/www.fondazioneunipolis.org\/site\/#\/schema\/logo\/image\/","url":"https:\/\/www.fondazioneunipolis.org\/site\/wp-content\/uploads\/2025\/07\/logo-fondazione-unipolis-1.svg","contentUrl":"https:\/\/www.fondazioneunipolis.org\/site\/wp-content\/uploads\/2025\/07\/logo-fondazione-unipolis-1.svg","caption":"Unipolis"},"image":{"@id":"https:\/\/www.fondazioneunipolis.org\/site\/#\/schema\/logo\/image\/"}},{"@type":"Person","@id":"https:\/\/www.fondazioneunipolis.org\/site\/#\/schema\/person\/d4ee068b93bbec65329408c20255f757","name":"Manuela Tedesco","image":{"@type":"ImageObject","inLanguage":"it-IT","@id":"https:\/\/www.fondazioneunipolis.org\/site\/#\/schema\/person\/image\/","url":"https:\/\/secure.gravatar.com\/avatar\/eff6758d82026003991cbdbf35152d9165eb74161daf4a18d79499a50d728c6b?s=96&d=mm&r=g","contentUrl":"https:\/\/secure.gravatar.com\/avatar\/eff6758d82026003991cbdbf35152d9165eb74161daf4a18d79499a50d728c6b?s=96&d=mm&r=g","caption":"Manuela Tedesco"},"url":"https:\/\/www.fondazioneunipolis.org\/site\/author\/manuela-tedesco\/"}]}},"_links":{"self":[{"href":"https:\/\/www.fondazioneunipolis.org\/site\/wp-json\/wp\/v2\/posts\/8305","targetHints":{"allow":["GET"]}}],"collection":[{"href":"https:\/\/www.fondazioneunipolis.org\/site\/wp-json\/wp\/v2\/posts"}],"about":[{"href":"https:\/\/www.fondazioneunipolis.org\/site\/wp-json\/wp\/v2\/types\/post"}],"author":[{"embeddable":true,"href":"https:\/\/www.fondazioneunipolis.org\/site\/wp-json\/wp\/v2\/users\/2"}],"replies":[{"embeddable":true,"href":"https:\/\/www.fondazioneunipolis.org\/site\/wp-json\/wp\/v2\/comments?post=8305"}],"version-history":[{"count":49,"href":"https:\/\/www.fondazioneunipolis.org\/site\/wp-json\/wp\/v2\/posts\/8305\/revisions"}],"predecessor-version":[{"id":12001,"href":"https:\/\/www.fondazioneunipolis.org\/site\/wp-json\/wp\/v2\/posts\/8305\/revisions\/12001"}],"wp:featuredmedia":[{"embeddable":true,"href":"https:\/\/www.fondazioneunipolis.org\/site\/wp-json\/wp\/v2\/media\/10858"}],"wp:attachment":[{"href":"https:\/\/www.fondazioneunipolis.org\/site\/wp-json\/wp\/v2\/media?parent=8305"}],"wp:term":[{"taxonomy":"category","embeddable":true,"href":"https:\/\/www.fondazioneunipolis.org\/site\/wp-json\/wp\/v2\/categories?post=8305"},{"taxonomy":"post_tag","embeddable":true,"href":"https:\/\/www.fondazioneunipolis.org\/site\/wp-json\/wp\/v2\/tags?post=8305"}],"curies":[{"name":"wp","href":"https:\/\/api.w.org\/{rel}","templated":true}]}}