{"id":2371,"date":"2025-09-09T00:00:00","date_gmt":"2025-09-08T22:00:00","guid":{"rendered":"https:\/\/www.fondazioneunipolis.org\/site\/la-bella-storia-di-teresa\/"},"modified":"2025-11-27T11:52:18","modified_gmt":"2025-11-27T10:52:18","slug":"la-bella-storia-di-teresa","status":"publish","type":"post","link":"https:\/\/www.fondazioneunipolis.org\/site\/news\/la-bella-storia-di-teresa\/","title":{"rendered":"La Bella storia di Teresa"},"content":{"rendered":"<div id=\"ctl00_PlaceHolderMain_ctl03__ControlWrapper_RichHtmlField\" class=\"ms-rtestate-field\" style=\"display: inline;\" aria-labelledby=\"ctl00_PlaceHolderMain_ctl03_label\">\n<p><em>\u201cLa mia \u00e8 una bella storia, perch\u00e9 l&#8217;ho scritta io&#8221;.<\/em><\/p>\n<p><em>Quella di Teresa Napoli \u00e8 la prima delle 6 storie che racconteremo nelle prossime settimane per percorrere quella che \u00e8 stata la prima edizione di Bella storia. La tua, il percorso di crescita triennale ideato da Fondazione Unipolis per rendere giovani provenienti da Calabria e Campania \u201cpi\u00f9 consapevoli, pi\u00f9 proattivi, pi\u00f9 abili.&#8221; <\/em><\/p>\n<p>Con <strong><em><a href=\"https:\/\/www.fondazioneunipolis.org\/site\/bella-storia-la-tua\/\" target=\"_blank\" rel=\"noopener\">Bella storia. La tua<\/a><\/em><\/strong> Teresa Napoli ha intrapreso un percorso che l&#8217;ha portata a scoprire s\u00e9 stessa e il valore delle relazioni autentiche. A soli 18 anni, con la forza e la sensibilit\u00e0 di chi ha scelto di mettersi in gioco, racconta come questi tre anni siano stati molto pi\u00f9 di un&#8217;esperienza formativa: sono stati un cammino di trasformazione.<\/p>\n<p>I tre anni trascorsi all&#8217;interno del progetto <em>Bella storia<\/em> sono stati per lei un percorso di crescita profonda. In particolare, durante i camp della <strong>palestra di competenze<\/strong>, ha esplorato il concetto di empatia e conosciuto persone che hanno lasciato un segno, su cui sa di poter contare in ogni momento. La sua \u00e8 una &#8220;bella storia&#8221; perch\u00e9 l&#8217;ha scritta lei, in prima persona. Ne \u00e8 l&#8217;unica protagonista, e grazie a questo cammino \u2013 cos\u00ec come alle esperienze della vita \u2013 ha compreso che, s\u00ec, incontrer\u00e0 limiti e ostacoli, ma che questi possono sempre essere superati.<\/p>\n<p>Fondamentale nel suo percorso \u00e8 stato anche il <strong>mentoring<\/strong>: Mario Alberti della <strong><a href=\"https:\/\/www.kyosei.it\/\" target=\"_blank\" rel=\"noopener\">Cooperativa Kyosei<\/a><\/strong> le ha offerto uno spazio di ascolto e confronto, aiutandola a dare forma ai suoi sogni e a riconoscere le proprie potenzialit\u00e0. Un accompagnamento prezioso, fatto di fiducia e di sguardi che incoraggiano.<\/p>\n<p>Teresa oggi guarda al futuro con ancora le idee da sistemare, ma con la consapevolezza e la determinazione di poterlo affrontare. La s\u200b\u200b\u200bua storia \u00e8 un invito a credere nel cambiamento, a coltivare relazioni significative e a scrivere, ognuno, la propria \u201cbella storia&#8221;.<\/p>\n<p><a class=\"ms-rteElement-Button\" style=\"text-decoration-line: none; background-color: #000000; transition-property: all; cursor: pointer; color: #ffffff !important;\" href=\"https:\/\/www.fondazioneunipolis.org\/site\/bella-storia-la-tua\/\" target=\"_blank\" rel=\"noopener\">Scopri il progetto\u200b<\/a><\/p>\n<p>\u200b<\/p>\n<div class=\"ms-rtestate-read ms-rte-embedcode ms-rtestate-notify ms-rte-embedil\"><iframe loading=\"lazy\" title=\"YouTube video player\" src=\"https:\/\/www.youtube-nocookie.com\/embed\/pZpQp5IxBVw?si=9EkZzjHrkVXCoVVY\" width=\"560\" height=\"315\" frameborder=\"0\" allowfullscreen=\"allowfullscreen\"><\/iframe><\/div>\n<p>\u200b<\/p>\n<\/div>\n","protected":false},"excerpt":{"rendered":"<p>Quella di Teresa Napoli \u00e8 la prima delle 6 storie che racconteremo nelle prossime settimane per percorrere quella che \u00e8 stata la prima edizione di Bella storia. La tua<\/p>\n","protected":false},"author":1,"featured_media":8860,"comment_status":"open","ping_status":"open","sticky":false,"template":"","format":"standard","meta":{"_acf_changed":false,"footnotes":""},"categories":[6],"tags":[640],"class_list":["post-2371","post","type-post","status-publish","format-standard","has-post-thumbnail","hentry","category-disuguaglianze","tag-bellastoria"],"acf":[],"yoast_head":"<!-- This site is optimized with the Yoast SEO plugin v26.1.1 - https:\/\/yoast.com\/wordpress\/plugins\/seo\/ -->\n<title>La Bella storia di Teresa - Unipolis<\/title>\n<meta name=\"robots\" content=\"index, follow, max-snippet:-1, max-image-preview:large, max-video-preview:-1\" \/>\n<link rel=\"canonical\" href=\"https:\/\/www.fondazioneunipolis.org\/site\/la-bella-storia-di-teresa\/\" \/>\n<meta property=\"og:locale\" content=\"it_IT\" \/>\n<meta property=\"og:type\" content=\"article\" \/>\n<meta property=\"og:title\" content=\"La Bella storia di Teresa - Unipolis\" \/>\n<meta property=\"og:description\" content=\"Quella di Teresa Napoli \u00e8 la prima delle 6 storie che racconteremo nelle prossime settimane per percorrere quella che \u00e8 stata la prima edizione di Bella storia. La tua\" \/>\n<meta property=\"og:url\" content=\"https:\/\/dx-factory-unipolis-corporate-wp.ha.servizi.gr-u.it\/site\/la-bella-storia-di-teresa\/\" \/>\n<meta property=\"og:site_name\" content=\"Unipolis\" \/>\n<meta property=\"article:published_time\" content=\"2025-09-08T22:00:00+00:00\" \/>\n<meta property=\"article:modified_time\" content=\"2025-11-27T10:52:18+00:00\" \/>\n<meta property=\"og:image\" content=\"https:\/\/dx-factory-unipolis-corporate-wp.ha.servizi.gr-u.it\/site\/wp-content\/uploads\/2025\/09\/Teresa.png\" \/>\n\t<meta property=\"og:image:width\" content=\"1440\" \/>\n\t<meta property=\"og:image:height\" content=\"900\" \/>\n\t<meta property=\"og:image:type\" content=\"image\/png\" \/>\n<meta name=\"author\" content=\"wsadmin\" \/>\n<meta name=\"twitter:card\" content=\"summary_large_image\" \/>\n<meta name=\"twitter:label1\" content=\"Written by\" \/>\n\t<meta name=\"twitter:data1\" content=\"wsadmin\" \/>\n\t<meta name=\"twitter:label2\" content=\"Est. reading time\" \/>\n\t<meta name=\"twitter:data2\" content=\"2 minutes\" \/>\n<script type=\"application\/ld+json\" class=\"yoast-schema-graph\">{\"@context\":\"https:\/\/schema.org\",\"@graph\":[{\"@type\":\"Article\",\"@id\":\"https:\/\/dx-factory-unipolis-corporate-wp.ha.servizi.gr-u.it\/site\/la-bella-storia-di-teresa\/#article\",\"isPartOf\":{\"@id\":\"https:\/\/dx-factory-unipolis-corporate-wp.ha.servizi.gr-u.it\/site\/la-bella-storia-di-teresa\/\"},\"author\":{\"name\":\"wsadmin\",\"@id\":\"https:\/\/www.fondazioneunipolis.org\/site\/#\/schema\/person\/43819ef7aaa5af51f1ed547eacb5e868\"},\"headline\":\"La Bella storia di Teresa\",\"datePublished\":\"2025-09-08T22:00:00+00:00\",\"dateModified\":\"2025-11-27T10:52:18+00:00\",\"mainEntityOfPage\":{\"@id\":\"https:\/\/dx-factory-unipolis-corporate-wp.ha.servizi.gr-u.it\/site\/la-bella-storia-di-teresa\/\"},\"wordCount\":311,\"commentCount\":0,\"publisher\":{\"@id\":\"https:\/\/www.fondazioneunipolis.org\/site\/#organization\"},\"image\":{\"@id\":\"https:\/\/dx-factory-unipolis-corporate-wp.ha.servizi.gr-u.it\/site\/la-bella-storia-di-teresa\/#primaryimage\"},\"thumbnailUrl\":\"https:\/\/www.fondazioneunipolis.org\/site\/wp-content\/uploads\/2025\/09\/Teresa.png\",\"keywords\":[\"bellastoria\"],\"articleSection\":[\"Disuguaglianze\"],\"inLanguage\":\"it-IT\",\"potentialAction\":[{\"@type\":\"CommentAction\",\"name\":\"Comment\",\"target\":[\"https:\/\/dx-factory-unipolis-corporate-wp.ha.servizi.gr-u.it\/site\/la-bella-storia-di-teresa\/#respond\"]}]},{\"@type\":\"WebPage\",\"@id\":\"https:\/\/dx-factory-unipolis-corporate-wp.ha.servizi.gr-u.it\/site\/la-bella-storia-di-teresa\/\",\"url\":\"https:\/\/dx-factory-unipolis-corporate-wp.ha.servizi.gr-u.it\/site\/la-bella-storia-di-teresa\/\",\"name\":\"La Bella storia di Teresa - Unipolis\",\"isPartOf\":{\"@id\":\"https:\/\/www.fondazioneunipolis.org\/site\/#website\"},\"primaryImageOfPage\":{\"@id\":\"https:\/\/dx-factory-unipolis-corporate-wp.ha.servizi.gr-u.it\/site\/la-bella-storia-di-teresa\/#primaryimage\"},\"image\":{\"@id\":\"https:\/\/dx-factory-unipolis-corporate-wp.ha.servizi.gr-u.it\/site\/la-bella-storia-di-teresa\/#primaryimage\"},\"thumbnailUrl\":\"https:\/\/www.fondazioneunipolis.org\/site\/wp-content\/uploads\/2025\/09\/Teresa.png\",\"datePublished\":\"2025-09-08T22:00:00+00:00\",\"dateModified\":\"2025-11-27T10:52:18+00:00\",\"breadcrumb\":{\"@id\":\"https:\/\/dx-factory-unipolis-corporate-wp.ha.servizi.gr-u.it\/site\/la-bella-storia-di-teresa\/#breadcrumb\"},\"inLanguage\":\"it-IT\",\"potentialAction\":[{\"@type\":\"ReadAction\",\"target\":[\"https:\/\/dx-factory-unipolis-corporate-wp.ha.servizi.gr-u.it\/site\/la-bella-storia-di-teresa\/\"]}]},{\"@type\":\"ImageObject\",\"inLanguage\":\"it-IT\",\"@id\":\"https:\/\/dx-factory-unipolis-corporate-wp.ha.servizi.gr-u.it\/site\/la-bella-storia-di-teresa\/#primaryimage\",\"url\":\"https:\/\/www.fondazioneunipolis.org\/site\/wp-content\/uploads\/2025\/09\/Teresa.png\",\"contentUrl\":\"https:\/\/www.fondazioneunipolis.org\/site\/wp-content\/uploads\/2025\/09\/Teresa.png\",\"width\":1440,\"height\":900},{\"@type\":\"BreadcrumbList\",\"@id\":\"https:\/\/dx-factory-unipolis-corporate-wp.ha.servizi.gr-u.it\/site\/la-bella-storia-di-teresa\/#breadcrumb\",\"itemListElement\":[{\"@type\":\"ListItem\",\"position\":1,\"name\":\"Home\",\"item\":\"https:\/\/www.fondazioneunipolis.org\/site\/\"},{\"@type\":\"ListItem\",\"position\":2,\"name\":\"La Bella storia di Teresa\"}]},{\"@type\":\"WebSite\",\"@id\":\"https:\/\/www.fondazioneunipolis.org\/site\/#website\",\"url\":\"https:\/\/www.fondazioneunipolis.org\/site\/\",\"name\":\"Unipolis\",\"description\":\"\",\"publisher\":{\"@id\":\"https:\/\/www.fondazioneunipolis.org\/site\/#organization\"},\"potentialAction\":[{\"@type\":\"SearchAction\",\"target\":{\"@type\":\"EntryPoint\",\"urlTemplate\":\"https:\/\/www.fondazioneunipolis.org\/site\/?s={search_term_string}\"},\"query-input\":{\"@type\":\"PropertyValueSpecification\",\"valueRequired\":true,\"valueName\":\"search_term_string\"}}],\"inLanguage\":\"it-IT\"},{\"@type\":\"Organization\",\"@id\":\"https:\/\/www.fondazioneunipolis.org\/site\/#organization\",\"name\":\"Unipolis\",\"url\":\"https:\/\/www.fondazioneunipolis.org\/site\/\",\"logo\":{\"@type\":\"ImageObject\",\"inLanguage\":\"it-IT\",\"@id\":\"https:\/\/www.fondazioneunipolis.org\/site\/#\/schema\/logo\/image\/\",\"url\":\"https:\/\/www.fondazioneunipolis.org\/site\/wp-content\/uploads\/2025\/07\/logo-fondazione-unipolis-1.svg\",\"contentUrl\":\"https:\/\/www.fondazioneunipolis.org\/site\/wp-content\/uploads\/2025\/07\/logo-fondazione-unipolis-1.svg\",\"caption\":\"Unipolis\"},\"image\":{\"@id\":\"https:\/\/www.fondazioneunipolis.org\/site\/#\/schema\/logo\/image\/\"}},{\"@type\":\"Person\",\"@id\":\"https:\/\/www.fondazioneunipolis.org\/site\/#\/schema\/person\/43819ef7aaa5af51f1ed547eacb5e868\",\"name\":\"wsadmin\",\"image\":{\"@type\":\"ImageObject\",\"inLanguage\":\"it-IT\",\"@id\":\"https:\/\/www.fondazioneunipolis.org\/site\/#\/schema\/person\/image\/\",\"url\":\"https:\/\/secure.gravatar.com\/avatar\/6512509e9ae62b647044a2731fadcbf236f2546df7b086feb6df7aabf2ef03aa?s=96&d=mm&r=g\",\"contentUrl\":\"https:\/\/secure.gravatar.com\/avatar\/6512509e9ae62b647044a2731fadcbf236f2546df7b086feb6df7aabf2ef03aa?s=96&d=mm&r=g\",\"caption\":\"wsadmin\"},\"sameAs\":[\"https:\/\/www.fondazioneunipolis.org\/site\"],\"url\":\"https:\/\/www.fondazioneunipolis.org\/site\/author\/wsadmin\/\"}]}<\/script>\n<!-- \/ Yoast SEO plugin. -->","yoast_head_json":{"title":"La Bella storia di Teresa - Unipolis","robots":{"index":"index","follow":"follow","max-snippet":"max-snippet:-1","max-image-preview":"max-image-preview:large","max-video-preview":"max-video-preview:-1"},"canonical":"https:\/\/www.fondazioneunipolis.org\/site\/la-bella-storia-di-teresa\/","og_locale":"it_IT","og_type":"article","og_title":"La Bella storia di Teresa - Unipolis","og_description":"Quella di Teresa Napoli \u00e8 la prima delle 6 storie che racconteremo nelle prossime settimane per percorrere quella che \u00e8 stata la prima edizione di Bella storia. La tua","og_url":"https:\/\/dx-factory-unipolis-corporate-wp.ha.servizi.gr-u.it\/site\/la-bella-storia-di-teresa\/","og_site_name":"Unipolis","article_published_time":"2025-09-08T22:00:00+00:00","article_modified_time":"2025-11-27T10:52:18+00:00","og_image":[{"width":1440,"height":900,"url":"https:\/\/dx-factory-unipolis-corporate-wp.ha.servizi.gr-u.it\/site\/wp-content\/uploads\/2025\/09\/Teresa.png","type":"image\/png"}],"author":"wsadmin","twitter_card":"summary_large_image","twitter_misc":{"Written by":"wsadmin","Est. reading time":"2 minutes"},"schema":{"@context":"https:\/\/schema.org","@graph":[{"@type":"Article","@id":"https:\/\/dx-factory-unipolis-corporate-wp.ha.servizi.gr-u.it\/site\/la-bella-storia-di-teresa\/#article","isPartOf":{"@id":"https:\/\/dx-factory-unipolis-corporate-wp.ha.servizi.gr-u.it\/site\/la-bella-storia-di-teresa\/"},"author":{"name":"wsadmin","@id":"https:\/\/www.fondazioneunipolis.org\/site\/#\/schema\/person\/43819ef7aaa5af51f1ed547eacb5e868"},"headline":"La Bella storia di Teresa","datePublished":"2025-09-08T22:00:00+00:00","dateModified":"2025-11-27T10:52:18+00:00","mainEntityOfPage":{"@id":"https:\/\/dx-factory-unipolis-corporate-wp.ha.servizi.gr-u.it\/site\/la-bella-storia-di-teresa\/"},"wordCount":311,"commentCount":0,"publisher":{"@id":"https:\/\/www.fondazioneunipolis.org\/site\/#organization"},"image":{"@id":"https:\/\/dx-factory-unipolis-corporate-wp.ha.servizi.gr-u.it\/site\/la-bella-storia-di-teresa\/#primaryimage"},"thumbnailUrl":"https:\/\/www.fondazioneunipolis.org\/site\/wp-content\/uploads\/2025\/09\/Teresa.png","keywords":["bellastoria"],"articleSection":["Disuguaglianze"],"inLanguage":"it-IT","potentialAction":[{"@type":"CommentAction","name":"Comment","target":["https:\/\/dx-factory-unipolis-corporate-wp.ha.servizi.gr-u.it\/site\/la-bella-storia-di-teresa\/#respond"]}]},{"@type":"WebPage","@id":"https:\/\/dx-factory-unipolis-corporate-wp.ha.servizi.gr-u.it\/site\/la-bella-storia-di-teresa\/","url":"https:\/\/dx-factory-unipolis-corporate-wp.ha.servizi.gr-u.it\/site\/la-bella-storia-di-teresa\/","name":"La Bella storia di Teresa - Unipolis","isPartOf":{"@id":"https:\/\/www.fondazioneunipolis.org\/site\/#website"},"primaryImageOfPage":{"@id":"https:\/\/dx-factory-unipolis-corporate-wp.ha.servizi.gr-u.it\/site\/la-bella-storia-di-teresa\/#primaryimage"},"image":{"@id":"https:\/\/dx-factory-unipolis-corporate-wp.ha.servizi.gr-u.it\/site\/la-bella-storia-di-teresa\/#primaryimage"},"thumbnailUrl":"https:\/\/www.fondazioneunipolis.org\/site\/wp-content\/uploads\/2025\/09\/Teresa.png","datePublished":"2025-09-08T22:00:00+00:00","dateModified":"2025-11-27T10:52:18+00:00","breadcrumb":{"@id":"https:\/\/dx-factory-unipolis-corporate-wp.ha.servizi.gr-u.it\/site\/la-bella-storia-di-teresa\/#breadcrumb"},"inLanguage":"it-IT","potentialAction":[{"@type":"ReadAction","target":["https:\/\/dx-factory-unipolis-corporate-wp.ha.servizi.gr-u.it\/site\/la-bella-storia-di-teresa\/"]}]},{"@type":"ImageObject","inLanguage":"it-IT","@id":"https:\/\/dx-factory-unipolis-corporate-wp.ha.servizi.gr-u.it\/site\/la-bella-storia-di-teresa\/#primaryimage","url":"https:\/\/www.fondazioneunipolis.org\/site\/wp-content\/uploads\/2025\/09\/Teresa.png","contentUrl":"https:\/\/www.fondazioneunipolis.org\/site\/wp-content\/uploads\/2025\/09\/Teresa.png","width":1440,"height":900},{"@type":"BreadcrumbList","@id":"https:\/\/dx-factory-unipolis-corporate-wp.ha.servizi.gr-u.it\/site\/la-bella-storia-di-teresa\/#breadcrumb","itemListElement":[{"@type":"ListItem","position":1,"name":"Home","item":"https:\/\/www.fondazioneunipolis.org\/site\/"},{"@type":"ListItem","position":2,"name":"La Bella storia di Teresa"}]},{"@type":"WebSite","@id":"https:\/\/www.fondazioneunipolis.org\/site\/#website","url":"https:\/\/www.fondazioneunipolis.org\/site\/","name":"Unipolis","description":"","publisher":{"@id":"https:\/\/www.fondazioneunipolis.org\/site\/#organization"},"potentialAction":[{"@type":"SearchAction","target":{"@type":"EntryPoint","urlTemplate":"https:\/\/www.fondazioneunipolis.org\/site\/?s={search_term_string}"},"query-input":{"@type":"PropertyValueSpecification","valueRequired":true,"valueName":"search_term_string"}}],"inLanguage":"it-IT"},{"@type":"Organization","@id":"https:\/\/www.fondazioneunipolis.org\/site\/#organization","name":"Unipolis","url":"https:\/\/www.fondazioneunipolis.org\/site\/","logo":{"@type":"ImageObject","inLanguage":"it-IT","@id":"https:\/\/www.fondazioneunipolis.org\/site\/#\/schema\/logo\/image\/","url":"https:\/\/www.fondazioneunipolis.org\/site\/wp-content\/uploads\/2025\/07\/logo-fondazione-unipolis-1.svg","contentUrl":"https:\/\/www.fondazioneunipolis.org\/site\/wp-content\/uploads\/2025\/07\/logo-fondazione-unipolis-1.svg","caption":"Unipolis"},"image":{"@id":"https:\/\/www.fondazioneunipolis.org\/site\/#\/schema\/logo\/image\/"}},{"@type":"Person","@id":"https:\/\/www.fondazioneunipolis.org\/site\/#\/schema\/person\/43819ef7aaa5af51f1ed547eacb5e868","name":"wsadmin","image":{"@type":"ImageObject","inLanguage":"it-IT","@id":"https:\/\/www.fondazioneunipolis.org\/site\/#\/schema\/person\/image\/","url":"https:\/\/secure.gravatar.com\/avatar\/6512509e9ae62b647044a2731fadcbf236f2546df7b086feb6df7aabf2ef03aa?s=96&d=mm&r=g","contentUrl":"https:\/\/secure.gravatar.com\/avatar\/6512509e9ae62b647044a2731fadcbf236f2546df7b086feb6df7aabf2ef03aa?s=96&d=mm&r=g","caption":"wsadmin"},"sameAs":["https:\/\/www.fondazioneunipolis.org\/site"],"url":"https:\/\/www.fondazioneunipolis.org\/site\/author\/wsadmin\/"}]}},"_links":{"self":[{"href":"https:\/\/www.fondazioneunipolis.org\/site\/wp-json\/wp\/v2\/posts\/2371","targetHints":{"allow":["GET"]}}],"collection":[{"href":"https:\/\/www.fondazioneunipolis.org\/site\/wp-json\/wp\/v2\/posts"}],"about":[{"href":"https:\/\/www.fondazioneunipolis.org\/site\/wp-json\/wp\/v2\/types\/post"}],"author":[{"embeddable":true,"href":"https:\/\/www.fondazioneunipolis.org\/site\/wp-json\/wp\/v2\/users\/1"}],"replies":[{"embeddable":true,"href":"https:\/\/www.fondazioneunipolis.org\/site\/wp-json\/wp\/v2\/comments?post=2371"}],"version-history":[{"count":27,"href":"https:\/\/www.fondazioneunipolis.org\/site\/wp-json\/wp\/v2\/posts\/2371\/revisions"}],"predecessor-version":[{"id":10395,"href":"https:\/\/www.fondazioneunipolis.org\/site\/wp-json\/wp\/v2\/posts\/2371\/revisions\/10395"}],"wp:featuredmedia":[{"embeddable":true,"href":"https:\/\/www.fondazioneunipolis.org\/site\/wp-json\/wp\/v2\/media\/8860"}],"wp:attachment":[{"href":"https:\/\/www.fondazioneunipolis.org\/site\/wp-json\/wp\/v2\/media?parent=2371"}],"wp:term":[{"taxonomy":"category","embeddable":true,"href":"https:\/\/www.fondazioneunipolis.org\/site\/wp-json\/wp\/v2\/categories?post=2371"},{"taxonomy":"post_tag","embeddable":true,"href":"https:\/\/www.fondazioneunipolis.org\/site\/wp-json\/wp\/v2\/tags?post=2371"}],"curies":[{"name":"wp","href":"https:\/\/api.w.org\/{rel}","templated":true}]}}