{"id":2361,"date":"2024-05-13T00:00:00","date_gmt":"2024-05-12T22:00:00","guid":{"rendered":"https:\/\/www.fondazioneunipolis.org\/site\/unipolis-e-i-cru-unipol-al-festival-asvis\/"},"modified":"2025-12-31T12:23:34","modified_gmt":"2025-12-31T11:23:34","slug":"unipolis-e-i-cru-unipol-al-festival-asvis","status":"publish","type":"post","link":"https:\/\/www.fondazioneunipolis.org\/site\/news\/unipolis-e-i-cru-unipol-al-festival-asvis\/","title":{"rendered":"Unipolis e i CRU Unipol al Festival ASviS"},"content":{"rendered":"<div id=\"ctl00_PlaceHolderMain_ctl03__ControlWrapper_RichHtmlField\" class=\"ms-rtestate-field\" style=\"display: inline;\" aria-labelledby=\"ctl00_PlaceHolderMain_ctl03_label\">\n<p><strong style=\"font-size: 24px;\"><em>\u201c\u00c8<\/em><\/strong><strong style=\"font-size: 24px;\"><em> il momento di aprire gli occhi. #GUARDIAMOALFUTURO&#8221;<\/em><\/strong><em style=\"font-size: 24px;\">. Questo l&#8217;invito dell&#8217;ottava edizione della pi\u00f9 grande iniziativa italiana per sensibilizzare e mobilitare sui temi della sostenibilit\u00e0 economica, sociale e ambientale.\u00a0<\/em><\/p>\n<p>Sono pi\u00f9 di mille gli eventi e le iniziative previste <strong>dal 7 al 23 maggio<\/strong> in tutta Italia e nel mondo: diverse occasioni per <strong>diffondere la cultura della sostenibilit\u00e0<\/strong> attraverso convegni, seminari, workshop, mostre, spettacoli, concerti, presentazioni e molto altro. L&#8217;obiettivo \u00e8 quello di <strong>realizzare un cambiamento culturale e politico<\/strong> che consenta all&#8217;Italia di attuare l&#8217;agenda 2030 delle Nazioni Unite e di raggiungere i 17 SDGs.<\/p>\n<p>L&#8217;edizione del 2024 segna un momento cruciale: sar\u00e0 la prima dopo il \u201cgiro di boa&#8221; di met\u00e0 percorso per l&#8217;Agenda 2030 firmata nel 2015 dai 193 Paesi dell&#8217;Onu inclusa l&#8217;Italia. A tal proposito diventa sempre pi\u00f9 importante accelerare gli sforzi per compiere la transizione verso la sostenibilit\u00e0.<\/p>\n<p>La manifestazione \u00e8 promossa dall&#8217;<a style=\"background-color: #f8f8f8;\" href=\"https:\/\/asvis.it\/\" target=\"_blank\" rel=\"noopener\"><strong>ASv<\/strong><strong>iS<\/strong><\/a>. Fondazione Unipolis anche quest&#8217;anno sostiene e partecipa al Festival anche quest&#8217;anno.<\/p>\n<p>\u200b<a href=\"https:\/\/www.fondazioneunipolis.org\/site\/wp-content\/uploads\/import\/Documents\/2024_09_20_Trento_Italy_CITY_FLOWS_EMW24_Save_the_date.pdf\" target=\"_blank\" rel=\"noopener\"><img class=\"ms-asset-icon ms-rtePosition-4\" src=\"\/_layouts\/15\/images\/icpdf.png\" alt=\"\" \/>2024_09_20_Trento_Italy_CITY_FLOWS_EMW24_Save_the_date.pdf<\/a>\u200b<br \/>\n<strong style=\"font-size: 24px;\">L&#8217;EVENTO DI FONDAZIONE UNIPOLIS<\/strong><\/p>\n<p><strong style=\"font-size: 20px;\">11 maggio 2024 | Bologna, ore 10.30 &#8211; 13.00<\/strong><\/p>\n<p><strong>Let&#8217;s MOB &#8211; 10 GenZ presentano 10 idee di mobilit\u00e0 sostenibile<\/strong><\/p>\n<p>Rivoluzionare la sostenibilit\u00e0 a partire dalla genZ: 10 idee di mobilit\u00e0 sostenibile sul palco dell&#8217;Unipol Auditorium \u201cEnea Mazzoli&#8221; a conclusione del bando \u201c<a href=\"https:\/\/www.fondazioneunipolis.org\/site\/mob\/\" target=\"_blank\" rel=\"noopener\"><strong>MOB &#8211; movimento in rivoluzione<\/strong><\/a>&#8220;.<\/p>\n<p><strong style=\"font-size: 24px;\">AL FESTIVAL CON I CRU<\/strong><\/p>\n<p>I <a href=\"https:\/\/www.cru-unipol.it\/\" target=\"_blank\" rel=\"noopener\"><strong>Consigli Regionali Unipol<\/strong><\/a> parteciperanno al festival con <strong>5 eventi in presenza<\/strong> in diverse citt\u00e0 italiane.<\/p>\n<p><strong style=\"font-size: 20px;\">10 maggio 2024 | Trento, ore 10.00 &#8211; 13.00<\/strong><\/p>\n<p><strong>Turismo alpino nella transizione ecologica<\/strong><\/p>\n<p>Ripensare alle modalit\u00e0 di offerta turistica nell&#8217;arco alpino mettendo in discussione il modello di turismo invernale di massa e privilegiando nuove modalit\u00e0 di crescita economica inclusiva e sostenibile.<\/p>\n<p><strong style=\"font-size: 20px;\">14 maggio 2024 | Perugia, ore 15.30<\/strong><\/p>\n<p><strong>Equit\u00e0 in azione &#8211; Parit\u00e0 di genere e futuro sostenibile<\/strong><\/p>\n<p>Riflettere sulla relazione tra sviluppo economico, crescita sostenibile e governance al femminile. Quale ruolo per le donne nelle Camere di Commercio, nella Sanit\u00e0 Pubblica, nelle Amministrazioni Locali?<\/p>\n<p><strong style=\"font-size: 20px;\">15 maggio 2024 | Aosta, ore 9.30 &#8211; 13.00<\/strong><\/p>\n<p><strong>Ridisegnare nuovi confini &#8211; Limiti e opportunit\u00e0 del lavoro transfrontaliero in Valle d&#8217;Aosta<\/strong><\/p>\n<p>Riportare l&#8217;attenzione sul fenomeno del lavoro transfrontaliero che in Valle d&#8217;Aosta ha radici profonde a livello territoriale e sociale.<\/p>\n<p><strong style=\"font-size: 20px;\">22 maggio 2024 | Palermo, ore 9.30 &#8211; 13.00<\/strong><\/p>\n<p><strong>Siamo tutti migranti &#8211; In viaggio per generare futuro<\/strong><\/p>\n<p>Approfondire le esperienze economiche e sociali per dare risposta al fenomeno migratorio con i conseguenti problemi legati all&#8217;abbandono delle aree interne, del calo demografico, della mancanza di manodopera qualificata all&#8217;interno del nostro sistema economico e del fenomeno della \u201cfuga di cervelli&#8221;.<\/p>\n<p><strong style=\"font-size: 20px;\">23 maggio 2024 | Udine, ore 10.00 &#8211; 12.00<\/strong><\/p>\n<p><strong>#agrobiodiversit\u00e0 x il futuro<\/strong><\/p>\n<p><strong style=\"font-size: 24px;\">LA TAPPA DI BOLOGNA DEL FESTIVAL<\/strong><\/p>\n<p><strong style=\"font-size: 20px;\">14-15 maggio 2024<\/strong><\/p>\n<p>Dalla transizione ecologica, con particolare attenzione alle\u00a0<a href=\"https:\/\/asvis.us13.list-manage.com\/track\/click?u=69d57a354097810ea13f7416b&amp;id=f94f06bdd7&amp;e=dcadcbc74b\" target=\"_blank\" rel=\"noopener\"><strong>politiche climatiche delle citt\u00e0<\/strong><\/a>, alle<strong>\u00a0<\/strong><a href=\"https:\/\/asvis.us13.list-manage.com\/track\/click?u=69d57a354097810ea13f7416b&amp;id=97ae8fe6ca&amp;e=dcadcbc74b\" target=\"_blank\" rel=\"noopener\"><strong>i<\/strong><strong>mprese sostenibili<\/strong><\/a>, fino al\u00a0<a href=\"https:\/\/asvis.us13.list-manage.com\/track\/click?u=69d57a354097810ea13f7416b&amp;id=4dc01c9341&amp;e=dcadcbc74b\" target=\"_blank\" rel=\"noopener\"><strong>rapporto tra etica e sviluppo sostenibile<\/strong><\/a>: questi i temi che saranno approfonditi nel corso di <strong>tre eventi<\/strong>.\u200b<\/p>\n<p>\u200b<\/p>\n<\/div>\n","protected":false},"excerpt":{"rendered":"<p>\u201c\u00c8 il momento di aprire gli occhi. #GUARDIAMOALFUTURO&#8221;. Questo l&#8217;invito dell&#8217;ottava edizione della pi\u00f9 grande iniziativa italiana per sensibilizzare e mobilitare sui temi della sostenibilit\u00e0 economica, sociale e ambientale.\u00a0 Sono pi\u00f9 di mille gli eventi e le iniziative previste dal 7 al 23 maggio in tutta Italia e nel mondo: diverse occasioni per diffondere la [&hellip;]<\/p>\n","protected":false},"author":1,"featured_media":5192,"comment_status":"open","ping_status":"open","sticky":false,"template":"","format":"standard","meta":{"_acf_changed":false,"footnotes":""},"categories":[20],"tags":[647,641],"class_list":["post-2361","post","type-post","status-publish","format-standard","has-post-thumbnail","hentry","category-unipolis","tag-asvis","tag-fss"],"acf":[],"yoast_head":"<!-- This site is optimized with the Yoast SEO plugin v26.1.1 - https:\/\/yoast.com\/wordpress\/plugins\/seo\/ -->\n<title>Unipolis e i CRU Unipol al Festival ASviS - Unipolis<\/title>\n<meta name=\"description\" content=\"Unipolis e i CRU Unipol al Festival ASviS\" \/>\n<meta name=\"robots\" content=\"index, follow, max-snippet:-1, max-image-preview:large, max-video-preview:-1\" \/>\n<link rel=\"canonical\" href=\"https:\/\/www.fondazioneunipolis.org\/site\/unipolis-e-i-cru-unipol-al-festival-asvis\/\" \/>\n<meta property=\"og:locale\" content=\"it_IT\" \/>\n<meta property=\"og:type\" content=\"article\" \/>\n<meta property=\"og:title\" content=\"Unipolis e i CRU Unipol al Festival ASviS - Unipolis\" \/>\n<meta property=\"og:description\" content=\"Unipolis e i CRU Unipol al Festival ASviS\" \/>\n<meta property=\"og:url\" content=\"https:\/\/dx-factory-unipolis-corporate-wp.ha.servizi.gr-u.it\/site\/unipolis-e-i-cru-unipol-al-festival-asvis\/\" \/>\n<meta property=\"og:site_name\" content=\"Unipolis\" \/>\n<meta property=\"article:published_time\" content=\"2024-05-12T22:00:00+00:00\" \/>\n<meta property=\"article:modified_time\" content=\"2025-12-31T11:23:34+00:00\" \/>\n<meta property=\"og:image\" content=\"https:\/\/dx-factory-unipolis-corporate-wp.ha.servizi.gr-u.it\/site\/wp-content\/uploads\/import\/PublishingImages\/news\/festival%20dello%20sviluppo%20sostenibile.png\" \/>\n\t<meta property=\"og:image:width\" content=\"1\" \/>\n\t<meta property=\"og:image:height\" content=\"1\" \/>\n\t<meta property=\"og:image:type\" content=\"image\/png\" \/>\n<meta name=\"author\" content=\"wsadmin\" \/>\n<meta name=\"twitter:card\" content=\"summary_large_image\" \/>\n<meta name=\"twitter:label1\" content=\"Written by\" \/>\n\t<meta name=\"twitter:data1\" content=\"wsadmin\" \/>\n\t<meta name=\"twitter:label2\" content=\"Est. reading time\" \/>\n\t<meta name=\"twitter:data2\" content=\"3 minutes\" \/>\n<script type=\"application\/ld+json\" class=\"yoast-schema-graph\">{\"@context\":\"https:\/\/schema.org\",\"@graph\":[{\"@type\":\"Article\",\"@id\":\"https:\/\/dx-factory-unipolis-corporate-wp.ha.servizi.gr-u.it\/site\/unipolis-e-i-cru-unipol-al-festival-asvis\/#article\",\"isPartOf\":{\"@id\":\"https:\/\/dx-factory-unipolis-corporate-wp.ha.servizi.gr-u.it\/site\/unipolis-e-i-cru-unipol-al-festival-asvis\/\"},\"author\":{\"name\":\"wsadmin\",\"@id\":\"https:\/\/www.fondazioneunipolis.org\/site\/#\/schema\/person\/43819ef7aaa5af51f1ed547eacb5e868\"},\"headline\":\"Unipolis e i CRU Unipol al Festival ASviS\",\"datePublished\":\"2024-05-12T22:00:00+00:00\",\"dateModified\":\"2025-12-31T11:23:34+00:00\",\"mainEntityOfPage\":{\"@id\":\"https:\/\/dx-factory-unipolis-corporate-wp.ha.servizi.gr-u.it\/site\/unipolis-e-i-cru-unipol-al-festival-asvis\/\"},\"wordCount\":466,\"commentCount\":0,\"publisher\":{\"@id\":\"https:\/\/www.fondazioneunipolis.org\/site\/#organization\"},\"image\":{\"@id\":\"https:\/\/dx-factory-unipolis-corporate-wp.ha.servizi.gr-u.it\/site\/unipolis-e-i-cru-unipol-al-festival-asvis\/#primaryimage\"},\"thumbnailUrl\":\"https:\/\/www.fondazioneunipolis.org\/site\/wp-content\/uploads\/import\/PublishingImages\/news\/festival dello sviluppo sostenibile.png\",\"keywords\":[\"asvis\",\"fss\"],\"articleSection\":[\"Unipolis\"],\"inLanguage\":\"it-IT\",\"potentialAction\":[{\"@type\":\"CommentAction\",\"name\":\"Comment\",\"target\":[\"https:\/\/dx-factory-unipolis-corporate-wp.ha.servizi.gr-u.it\/site\/unipolis-e-i-cru-unipol-al-festival-asvis\/#respond\"]}]},{\"@type\":\"WebPage\",\"@id\":\"https:\/\/dx-factory-unipolis-corporate-wp.ha.servizi.gr-u.it\/site\/unipolis-e-i-cru-unipol-al-festival-asvis\/\",\"url\":\"https:\/\/dx-factory-unipolis-corporate-wp.ha.servizi.gr-u.it\/site\/unipolis-e-i-cru-unipol-al-festival-asvis\/\",\"name\":\"Unipolis e i CRU Unipol al Festival ASviS - Unipolis\",\"isPartOf\":{\"@id\":\"https:\/\/www.fondazioneunipolis.org\/site\/#website\"},\"primaryImageOfPage\":{\"@id\":\"https:\/\/dx-factory-unipolis-corporate-wp.ha.servizi.gr-u.it\/site\/unipolis-e-i-cru-unipol-al-festival-asvis\/#primaryimage\"},\"image\":{\"@id\":\"https:\/\/dx-factory-unipolis-corporate-wp.ha.servizi.gr-u.it\/site\/unipolis-e-i-cru-unipol-al-festival-asvis\/#primaryimage\"},\"thumbnailUrl\":\"https:\/\/www.fondazioneunipolis.org\/site\/wp-content\/uploads\/import\/PublishingImages\/news\/festival dello sviluppo sostenibile.png\",\"datePublished\":\"2024-05-12T22:00:00+00:00\",\"dateModified\":\"2025-12-31T11:23:34+00:00\",\"description\":\"Unipolis e i CRU Unipol al Festival ASviS\",\"breadcrumb\":{\"@id\":\"https:\/\/dx-factory-unipolis-corporate-wp.ha.servizi.gr-u.it\/site\/unipolis-e-i-cru-unipol-al-festival-asvis\/#breadcrumb\"},\"inLanguage\":\"it-IT\",\"potentialAction\":[{\"@type\":\"ReadAction\",\"target\":[\"https:\/\/dx-factory-unipolis-corporate-wp.ha.servizi.gr-u.it\/site\/unipolis-e-i-cru-unipol-al-festival-asvis\/\"]}]},{\"@type\":\"ImageObject\",\"inLanguage\":\"it-IT\",\"@id\":\"https:\/\/dx-factory-unipolis-corporate-wp.ha.servizi.gr-u.it\/site\/unipolis-e-i-cru-unipol-al-festival-asvis\/#primaryimage\",\"url\":\"https:\/\/www.fondazioneunipolis.org\/site\/wp-content\/uploads\/import\/PublishingImages\/news\/festival dello sviluppo sostenibile.png\",\"contentUrl\":\"https:\/\/www.fondazioneunipolis.org\/site\/wp-content\/uploads\/import\/PublishingImages\/news\/festival dello sviluppo sostenibile.png\"},{\"@type\":\"BreadcrumbList\",\"@id\":\"https:\/\/dx-factory-unipolis-corporate-wp.ha.servizi.gr-u.it\/site\/unipolis-e-i-cru-unipol-al-festival-asvis\/#breadcrumb\",\"itemListElement\":[{\"@type\":\"ListItem\",\"position\":1,\"name\":\"Home\",\"item\":\"https:\/\/www.fondazioneunipolis.org\/site\/\"},{\"@type\":\"ListItem\",\"position\":2,\"name\":\"Unipolis e i CRU Unipol al Festival ASviS\"}]},{\"@type\":\"WebSite\",\"@id\":\"https:\/\/www.fondazioneunipolis.org\/site\/#website\",\"url\":\"https:\/\/www.fondazioneunipolis.org\/site\/\",\"name\":\"Unipolis\",\"description\":\"\",\"publisher\":{\"@id\":\"https:\/\/www.fondazioneunipolis.org\/site\/#organization\"},\"potentialAction\":[{\"@type\":\"SearchAction\",\"target\":{\"@type\":\"EntryPoint\",\"urlTemplate\":\"https:\/\/www.fondazioneunipolis.org\/site\/?s={search_term_string}\"},\"query-input\":{\"@type\":\"PropertyValueSpecification\",\"valueRequired\":true,\"valueName\":\"search_term_string\"}}],\"inLanguage\":\"it-IT\"},{\"@type\":\"Organization\",\"@id\":\"https:\/\/www.fondazioneunipolis.org\/site\/#organization\",\"name\":\"Unipolis\",\"url\":\"https:\/\/www.fondazioneunipolis.org\/site\/\",\"logo\":{\"@type\":\"ImageObject\",\"inLanguage\":\"it-IT\",\"@id\":\"https:\/\/www.fondazioneunipolis.org\/site\/#\/schema\/logo\/image\/\",\"url\":\"https:\/\/www.fondazioneunipolis.org\/site\/wp-content\/uploads\/2025\/07\/logo-fondazione-unipolis-1.svg\",\"contentUrl\":\"https:\/\/www.fondazioneunipolis.org\/site\/wp-content\/uploads\/2025\/07\/logo-fondazione-unipolis-1.svg\",\"caption\":\"Unipolis\"},\"image\":{\"@id\":\"https:\/\/www.fondazioneunipolis.org\/site\/#\/schema\/logo\/image\/\"}},{\"@type\":\"Person\",\"@id\":\"https:\/\/www.fondazioneunipolis.org\/site\/#\/schema\/person\/43819ef7aaa5af51f1ed547eacb5e868\",\"name\":\"wsadmin\",\"image\":{\"@type\":\"ImageObject\",\"inLanguage\":\"it-IT\",\"@id\":\"https:\/\/www.fondazioneunipolis.org\/site\/#\/schema\/person\/image\/\",\"url\":\"https:\/\/secure.gravatar.com\/avatar\/6512509e9ae62b647044a2731fadcbf236f2546df7b086feb6df7aabf2ef03aa?s=96&d=mm&r=g\",\"contentUrl\":\"https:\/\/secure.gravatar.com\/avatar\/6512509e9ae62b647044a2731fadcbf236f2546df7b086feb6df7aabf2ef03aa?s=96&d=mm&r=g\",\"caption\":\"wsadmin\"},\"sameAs\":[\"https:\/\/www.fondazioneunipolis.org\/site\"],\"url\":\"https:\/\/www.fondazioneunipolis.org\/site\/author\/wsadmin\/\"}]}<\/script>\n<!-- \/ Yoast SEO plugin. -->","yoast_head_json":{"title":"Unipolis e i CRU Unipol al Festival ASviS - Unipolis","description":"Unipolis e i CRU Unipol al Festival ASviS","robots":{"index":"index","follow":"follow","max-snippet":"max-snippet:-1","max-image-preview":"max-image-preview:large","max-video-preview":"max-video-preview:-1"},"canonical":"https:\/\/www.fondazioneunipolis.org\/site\/unipolis-e-i-cru-unipol-al-festival-asvis\/","og_locale":"it_IT","og_type":"article","og_title":"Unipolis e i CRU Unipol al Festival ASviS - Unipolis","og_description":"Unipolis e i CRU Unipol al Festival ASviS","og_url":"https:\/\/dx-factory-unipolis-corporate-wp.ha.servizi.gr-u.it\/site\/unipolis-e-i-cru-unipol-al-festival-asvis\/","og_site_name":"Unipolis","article_published_time":"2024-05-12T22:00:00+00:00","article_modified_time":"2025-12-31T11:23:34+00:00","og_image":[{"url":"https:\/\/dx-factory-unipolis-corporate-wp.ha.servizi.gr-u.it\/site\/wp-content\/uploads\/import\/PublishingImages\/news\/festival dello sviluppo sostenibile.png","width":1,"height":1,"type":"image\/png"}],"author":"wsadmin","twitter_card":"summary_large_image","twitter_misc":{"Written by":"wsadmin","Est. reading time":"3 minutes"},"schema":{"@context":"https:\/\/schema.org","@graph":[{"@type":"Article","@id":"https:\/\/dx-factory-unipolis-corporate-wp.ha.servizi.gr-u.it\/site\/unipolis-e-i-cru-unipol-al-festival-asvis\/#article","isPartOf":{"@id":"https:\/\/dx-factory-unipolis-corporate-wp.ha.servizi.gr-u.it\/site\/unipolis-e-i-cru-unipol-al-festival-asvis\/"},"author":{"name":"wsadmin","@id":"https:\/\/www.fondazioneunipolis.org\/site\/#\/schema\/person\/43819ef7aaa5af51f1ed547eacb5e868"},"headline":"Unipolis e i CRU Unipol al Festival ASviS","datePublished":"2024-05-12T22:00:00+00:00","dateModified":"2025-12-31T11:23:34+00:00","mainEntityOfPage":{"@id":"https:\/\/dx-factory-unipolis-corporate-wp.ha.servizi.gr-u.it\/site\/unipolis-e-i-cru-unipol-al-festival-asvis\/"},"wordCount":466,"commentCount":0,"publisher":{"@id":"https:\/\/www.fondazioneunipolis.org\/site\/#organization"},"image":{"@id":"https:\/\/dx-factory-unipolis-corporate-wp.ha.servizi.gr-u.it\/site\/unipolis-e-i-cru-unipol-al-festival-asvis\/#primaryimage"},"thumbnailUrl":"https:\/\/www.fondazioneunipolis.org\/site\/wp-content\/uploads\/import\/PublishingImages\/news\/festival dello sviluppo sostenibile.png","keywords":["asvis","fss"],"articleSection":["Unipolis"],"inLanguage":"it-IT","potentialAction":[{"@type":"CommentAction","name":"Comment","target":["https:\/\/dx-factory-unipolis-corporate-wp.ha.servizi.gr-u.it\/site\/unipolis-e-i-cru-unipol-al-festival-asvis\/#respond"]}]},{"@type":"WebPage","@id":"https:\/\/dx-factory-unipolis-corporate-wp.ha.servizi.gr-u.it\/site\/unipolis-e-i-cru-unipol-al-festival-asvis\/","url":"https:\/\/dx-factory-unipolis-corporate-wp.ha.servizi.gr-u.it\/site\/unipolis-e-i-cru-unipol-al-festival-asvis\/","name":"Unipolis e i CRU Unipol al Festival ASviS - Unipolis","isPartOf":{"@id":"https:\/\/www.fondazioneunipolis.org\/site\/#website"},"primaryImageOfPage":{"@id":"https:\/\/dx-factory-unipolis-corporate-wp.ha.servizi.gr-u.it\/site\/unipolis-e-i-cru-unipol-al-festival-asvis\/#primaryimage"},"image":{"@id":"https:\/\/dx-factory-unipolis-corporate-wp.ha.servizi.gr-u.it\/site\/unipolis-e-i-cru-unipol-al-festival-asvis\/#primaryimage"},"thumbnailUrl":"https:\/\/www.fondazioneunipolis.org\/site\/wp-content\/uploads\/import\/PublishingImages\/news\/festival dello sviluppo sostenibile.png","datePublished":"2024-05-12T22:00:00+00:00","dateModified":"2025-12-31T11:23:34+00:00","description":"Unipolis e i CRU Unipol al Festival ASviS","breadcrumb":{"@id":"https:\/\/dx-factory-unipolis-corporate-wp.ha.servizi.gr-u.it\/site\/unipolis-e-i-cru-unipol-al-festival-asvis\/#breadcrumb"},"inLanguage":"it-IT","potentialAction":[{"@type":"ReadAction","target":["https:\/\/dx-factory-unipolis-corporate-wp.ha.servizi.gr-u.it\/site\/unipolis-e-i-cru-unipol-al-festival-asvis\/"]}]},{"@type":"ImageObject","inLanguage":"it-IT","@id":"https:\/\/dx-factory-unipolis-corporate-wp.ha.servizi.gr-u.it\/site\/unipolis-e-i-cru-unipol-al-festival-asvis\/#primaryimage","url":"https:\/\/www.fondazioneunipolis.org\/site\/wp-content\/uploads\/import\/PublishingImages\/news\/festival dello sviluppo sostenibile.png","contentUrl":"https:\/\/www.fondazioneunipolis.org\/site\/wp-content\/uploads\/import\/PublishingImages\/news\/festival dello sviluppo sostenibile.png"},{"@type":"BreadcrumbList","@id":"https:\/\/dx-factory-unipolis-corporate-wp.ha.servizi.gr-u.it\/site\/unipolis-e-i-cru-unipol-al-festival-asvis\/#breadcrumb","itemListElement":[{"@type":"ListItem","position":1,"name":"Home","item":"https:\/\/www.fondazioneunipolis.org\/site\/"},{"@type":"ListItem","position":2,"name":"Unipolis e i CRU Unipol al Festival ASviS"}]},{"@type":"WebSite","@id":"https:\/\/www.fondazioneunipolis.org\/site\/#website","url":"https:\/\/www.fondazioneunipolis.org\/site\/","name":"Unipolis","description":"","publisher":{"@id":"https:\/\/www.fondazioneunipolis.org\/site\/#organization"},"potentialAction":[{"@type":"SearchAction","target":{"@type":"EntryPoint","urlTemplate":"https:\/\/www.fondazioneunipolis.org\/site\/?s={search_term_string}"},"query-input":{"@type":"PropertyValueSpecification","valueRequired":true,"valueName":"search_term_string"}}],"inLanguage":"it-IT"},{"@type":"Organization","@id":"https:\/\/www.fondazioneunipolis.org\/site\/#organization","name":"Unipolis","url":"https:\/\/www.fondazioneunipolis.org\/site\/","logo":{"@type":"ImageObject","inLanguage":"it-IT","@id":"https:\/\/www.fondazioneunipolis.org\/site\/#\/schema\/logo\/image\/","url":"https:\/\/www.fondazioneunipolis.org\/site\/wp-content\/uploads\/2025\/07\/logo-fondazione-unipolis-1.svg","contentUrl":"https:\/\/www.fondazioneunipolis.org\/site\/wp-content\/uploads\/2025\/07\/logo-fondazione-unipolis-1.svg","caption":"Unipolis"},"image":{"@id":"https:\/\/www.fondazioneunipolis.org\/site\/#\/schema\/logo\/image\/"}},{"@type":"Person","@id":"https:\/\/www.fondazioneunipolis.org\/site\/#\/schema\/person\/43819ef7aaa5af51f1ed547eacb5e868","name":"wsadmin","image":{"@type":"ImageObject","inLanguage":"it-IT","@id":"https:\/\/www.fondazioneunipolis.org\/site\/#\/schema\/person\/image\/","url":"https:\/\/secure.gravatar.com\/avatar\/6512509e9ae62b647044a2731fadcbf236f2546df7b086feb6df7aabf2ef03aa?s=96&d=mm&r=g","contentUrl":"https:\/\/secure.gravatar.com\/avatar\/6512509e9ae62b647044a2731fadcbf236f2546df7b086feb6df7aabf2ef03aa?s=96&d=mm&r=g","caption":"wsadmin"},"sameAs":["https:\/\/www.fondazioneunipolis.org\/site"],"url":"https:\/\/www.fondazioneunipolis.org\/site\/author\/wsadmin\/"}]}},"_links":{"self":[{"href":"https:\/\/www.fondazioneunipolis.org\/site\/wp-json\/wp\/v2\/posts\/2361","targetHints":{"allow":["GET"]}}],"collection":[{"href":"https:\/\/www.fondazioneunipolis.org\/site\/wp-json\/wp\/v2\/posts"}],"about":[{"href":"https:\/\/www.fondazioneunipolis.org\/site\/wp-json\/wp\/v2\/types\/post"}],"author":[{"embeddable":true,"href":"https:\/\/www.fondazioneunipolis.org\/site\/wp-json\/wp\/v2\/users\/1"}],"replies":[{"embeddable":true,"href":"https:\/\/www.fondazioneunipolis.org\/site\/wp-json\/wp\/v2\/comments?post=2361"}],"version-history":[{"count":12,"href":"https:\/\/www.fondazioneunipolis.org\/site\/wp-json\/wp\/v2\/posts\/2361\/revisions"}],"predecessor-version":[{"id":11575,"href":"https:\/\/www.fondazioneunipolis.org\/site\/wp-json\/wp\/v2\/posts\/2361\/revisions\/11575"}],"wp:featuredmedia":[{"embeddable":true,"href":"https:\/\/www.fondazioneunipolis.org\/site\/wp-json\/wp\/v2\/media\/5192"}],"wp:attachment":[{"href":"https:\/\/www.fondazioneunipolis.org\/site\/wp-json\/wp\/v2\/media?parent=2361"}],"wp:term":[{"taxonomy":"category","embeddable":true,"href":"https:\/\/www.fondazioneunipolis.org\/site\/wp-json\/wp\/v2\/categories?post=2361"},{"taxonomy":"post_tag","embeddable":true,"href":"https:\/\/www.fondazioneunipolis.org\/site\/wp-json\/wp\/v2\/tags?post=2361"}],"curies":[{"name":"wp","href":"https:\/\/api.w.org\/{rel}","templated":true}]}}