{"id":2348,"date":"2023-06-22T00:00:00","date_gmt":"2023-06-21T22:00:00","guid":{"rendered":"https:\/\/www.fondazioneunipolis.org\/site\/lo-sport-camp-di-bella-storia-la-tua\/"},"modified":"2025-12-30T12:13:02","modified_gmt":"2025-12-30T11:13:02","slug":"lo-sport-camp-di-bella-storia-la-tua","status":"publish","type":"post","link":"https:\/\/www.fondazioneunipolis.org\/site\/news\/lo-sport-camp-di-bella-storia-la-tua\/","title":{"rendered":"Lo sport camp di Bella storia. La tua"},"content":{"rendered":"<div id=\"ctl00_PlaceHolderMain_ctl03__ControlWrapper_RichHtmlField\" class=\"ms-rtestate-field\" style=\"display: inline;\" aria-labelledby=\"ctl00_PlaceHolderMain_ctl03_label\">\n<p>\u200b\u200b\u200b\u200b\u200bEnergia, movimento, collaborazione, coraggio, spazio pubblico\u200b. Queste le parole chiave del camp estivo tenutosi dal 16 al 18 giugno a <strong>Giffoni Valle Piana<\/strong>, nell&#8217;ambito della <strong><a href=\"https:\/\/www.fondazioneunipolis.org\/site\/bella-storia-la-tua\/\" target=\"_blank\" rel=\"noopener\">Palestra di competenze di Bella storia<\/a><\/strong>, il progetto triennale promosso da Unipolis per rendere i partecipanti, provenienti da Campania e Calabria, &#8220;<em>pi\u00f9 consapevoli, pi\u00f9 proattivi, pi\u00f9 abili<\/em>&#8220;.<\/p>\n<p>Ospiti delle strutture dove ogni anno si svolge il <a href=\"https:\/\/giffoni.it\/bella-storia-la-tua-di-fondazione-unipolis-giffoni-ospita-una-tappa-del-progetto\/\" target=\"_blank\" rel=\"noopener\"><strong>Giffoni Film Festival<\/strong><\/a>, i partecipanti si sono confrontati con la metodologia <strong><a href=\"https:\/\/be.yourhero.it\/\" target=\"_blank\" rel=\"noopener\">Be Your Hero<\/a><\/strong>, gi\u00e0 affrontata nel primo camp, sviluppata da <strong><a href=\"https:\/\/sineglossa.it\/\" target=\"_blank\" rel=\"noopener\">Sineglossa<\/a><\/strong>, un&#8217;organizzazione culturale che disegna modelli di sviluppo sostenibile applicando i processi dell&#8217;arte contemporanea in risposta alle sfide globali a cui abbiamo chiesto di portare il proprio know-how su\u00a0<a href=\"https:\/\/sineglossa.it\/strumenti\/be-your-hero-2\/\" target=\"_blank\" rel=\"noopener\">processi e tecniche per l&#8217;educazione alle life skills nelle e negli adolescenti<\/a>. Le e gli studenti sono coinvolti in un <a href=\"https:\/\/sineglossa.it\/news\/be-your-hero-al-giffoni-film-festival\/\" target=\"_blank\" rel=\"noopener\">percorso di allenamento che unisce l&#8217;esperienza pratica alla riflessione condivisa sulle life skills\u200b<\/a>, per aiutarli a prendere coscienza delle proprie capacit\u00e0 personali e trasversali e imparare che gli ostacoli esistono per essere superati.<\/p>\n<p>Dopo i camp autunnali svoltisi attorno a tecniche artistiche, questa volta, focus dell&#8217;allenamento \u00e8 stata la pratica dell&#8217;<strong>Art Du D\u00e9placement\u00a0<\/strong>(<a href=\"https:\/\/www.additalia.it\/\">ADD<\/a>) uno sport nato in Francia da <strong>Laurent Piemontesi<\/strong>, trainer di fama internazionale, consulente ed allenatore per il Cirque du Soleil, il cui motto \u00e8: \u00abPersona forte, Corpo forte, Spirito Forte\u00bb. Yamakasi, il nome del collettivo dei creatori dell&#8217;ADD, \u00e8 una parola di lingua lingala che pu\u00f2 essere tradotta come \u201cuomo\/donna forte&#8221; o come \u201cspirito forte&#8221;, in riferimento alla forza tanto fisica quanto mentale che viene impiegata nell&#8217;affrontare un ostacolo.<\/p>\n<p>Con Be Your Hero <strong>la fase esperienziale e quella dedicata alle competenze trasversali operano in armonia<\/strong>: la restituzione sulle life skills prende le mosse da quanto sperimentato con il movimento, offrendo al momento di riflessione un punto di partenza concreto. La componente relativa alle life skills si basa sugli archetipi junghiani, i modelli di personalit\u00e0 elaborati dallo psicoanalista Carl Gustav Jung, che nella metodologia Be Your Hero vengono utilizzati in chiave narrativa, in qualit\u00e0 di \u201cpersonaggi&#8221; che rappresentano i \u201csuperpoteri&#8221; da conquistare. Nel corso dei mesi precedenti al camp i ragazzi e le ragazze hanno avuto modo di conoscerli durante la formazione online con Sineglossa.<\/p>\n<p>Al camp, le ragazze e i ragazzi di Bella storia sono stati accompagnati dai loro <strong>mentor<\/strong>, di <a href=\"https:\/\/www.coopdedalus.it\/\" target=\"_blank\" rel=\"noopener\"><strong>Dedalus Cooperativa Sociale<\/strong><\/a>\u00a0per la Campania e di\u00a0<a href=\"https:\/\/www.facebook.com\/KyoseiCooperativaSociale\/\"><strong>Kyosei Cooperativa Sociale<\/strong><\/a> per la Calabria. Con noi anche i referenti del <strong>Community engagement<\/strong>, altra forma di supporto prevista dal progetto e dedicata da una parte alla costruzione di una comunit\u00e0 tra le e i partecipanti al percorso, dall&#8217;altra alla valorizzazione del territorio, promuovendo\u00a0una\u00a0<strong>mappatura condivisa delle realt\u00e0, spazi e iniziative\u00a0del panorama creativo-culturale nelle due Regioni<\/strong>. Durante la prima serata abbiamo \u201cgiocato&#8221; alla condivisione culturale con <a href=\"https:\/\/www.kiwisite.it\/\"><strong>Kiwi<\/strong><\/a>\u00a0una cooperativa sociale con sede a Rosarno (RC) che sviluppa e promuove percorsi educativi e di formazione, processi di scrittura comunitaria, progetti e laboratori mirati a riattivare territori e comunit\u00e0.<\/p>\n<p>Nella seconda serata abbiamo invece nascere e improvvisare una performance con il contributo di\u00a0<a href=\"https:\/\/www.itinerariparalleli.org\/\"><strong>Itinerari Paralleli<\/strong><\/a>, un&#8217;organizzazione al lavoro su percorsi di innovazione sociale e culturale fondata da 10 professioniste e professionisti provenienti da tutta la Penisola, che tra le altre cose ha restituito alle comunit\u00e0 un bene pubblico nel borgo medievale di Casertavecchia (CE),\u00a0<a href=\"https:\/\/www.la-finestra.it\/\">La Finestra<\/a>, il community hub pi\u00f9 piccolo d&#8217;Italia.<\/p>\n<p>Questa esperienza conclude il percorso di questo primo anno a fianco di <strong>Sineglossa<\/strong>, da ottobre il percorso della Palestra riparte accanto ad <strong>Ashoka Italia<\/strong>, mentre proseguiranno fino a luglio le attivit\u00e0 di mentoring e community engagement.<\/p>\n<p><em>&#8220;Bella storia. La tua&#8221; \u00e8 un progetto ideato e promosso da Fondazione Unipolis, con il patrocinio di Agenzia Nazionale per i Giovani, Alleanza Italiana per lo Sviluppo Sostenibile e Forum Disuguaglianze Diversit\u00e0 e la collaborazione di altri soggetti portatori di conoscenze e competenze differenti, in ottica di messa a sistema di risorse tra attori che ne condividano le finalit\u00e0. Partner istituzionale: Direzione generale Educazione, ricerca e istituti culturali del Ministero della Cultura. Partner strategici: Alleanza Italiana per lo Sviluppo Sostenibile, Forum Disuguaglianze Diversit\u00e0, Secondo Welfare. Partner operativi: Ashoka Italia, Dedalus Cooperativa Sociale, Itinerari Paralleli, Junior Achievement Italia, Kiwi, Sineglossa, Kyosei Cooperativa sociale.\u00a0 Alla realizzazione del camp hanno collaborato\u00a0ADD Italia, ADD Umbria e ADD Milano\u00a0.<\/em><\/p>\n<p>Scopri di pi\u00f9 sul progetto nella\u00a0<a href=\"https:\/\/www.fondazioneunipolis.org\/site\/bella-storia-la-tua\/\" target=\"_blank\" rel=\"noopener\">pagina dedicata<\/a>.<\/p>\n<\/div>\n\n\n<p><\/p>\n","protected":false},"excerpt":{"rendered":"<p>\u200b\u200b\u200b\u200b\u200bEnergia, movimento, collaborazione, coraggio, spazio pubblico\u200b. Queste le parole chiave del camp estivo tenutosi dal 16 al 18 giugno a Giffoni Valle Piana, nell&#8217;ambito della Palestra di competenze di Bella storia, il progetto triennale promosso da Unipolis per rendere i partecipanti, provenienti da Campania e Calabria, &#8220;pi\u00f9 consapevoli, pi\u00f9 proattivi, pi\u00f9 abili&#8220;. Ospiti delle strutture [&hellip;]<\/p>\n","protected":false},"author":1,"featured_media":5214,"comment_status":"open","ping_status":"open","sticky":false,"template":"","format":"standard","meta":{"_acf_changed":false,"footnotes":""},"categories":[6],"tags":[640],"class_list":["post-2348","post","type-post","status-publish","format-standard","has-post-thumbnail","hentry","category-disuguaglianze","tag-bellastoria"],"acf":[],"yoast_head":"<!-- This site is optimized with the Yoast SEO plugin v26.1.1 - https:\/\/yoast.com\/wordpress\/plugins\/seo\/ -->\n<title>Lo sport camp di Bella storia. La tua - Unipolis<\/title>\n<meta name=\"description\" content=\"Lo sport camp di Bella storia. La tua\" \/>\n<meta name=\"robots\" content=\"index, follow, max-snippet:-1, max-image-preview:large, max-video-preview:-1\" \/>\n<link rel=\"canonical\" href=\"https:\/\/www.fondazioneunipolis.org\/site\/lo-sport-camp-di-bella-storia-la-tua\/\" \/>\n<meta property=\"og:locale\" content=\"it_IT\" \/>\n<meta property=\"og:type\" content=\"article\" \/>\n<meta property=\"og:title\" content=\"Lo sport camp di Bella storia. La tua - Unipolis\" \/>\n<meta property=\"og:description\" content=\"Lo sport camp di Bella storia. La tua\" \/>\n<meta property=\"og:url\" content=\"https:\/\/dx-factory-unipolis-corporate-wp.ha.servizi.gr-u.it\/site\/lo-sport-camp-di-bella-storia-la-tua\/\" \/>\n<meta property=\"og:site_name\" content=\"Unipolis\" \/>\n<meta property=\"article:published_time\" content=\"2023-06-21T22:00:00+00:00\" \/>\n<meta property=\"article:modified_time\" content=\"2025-12-30T11:13:02+00:00\" \/>\n<meta property=\"og:image\" content=\"https:\/\/dx-factory-unipolis-corporate-wp.ha.servizi.gr-u.it\/site\/wp-content\/uploads\/import\/PublishingImages\/news\/Bellastoria_2%20copia.png\" \/>\n\t<meta property=\"og:image:width\" content=\"1\" \/>\n\t<meta property=\"og:image:height\" content=\"1\" \/>\n\t<meta property=\"og:image:type\" content=\"image\/png\" \/>\n<meta name=\"author\" content=\"wsadmin\" \/>\n<meta name=\"twitter:card\" content=\"summary_large_image\" \/>\n<meta name=\"twitter:label1\" content=\"Written by\" \/>\n\t<meta name=\"twitter:data1\" content=\"wsadmin\" \/>\n\t<meta name=\"twitter:label2\" content=\"Est. reading time\" \/>\n\t<meta name=\"twitter:data2\" content=\"4 minutes\" \/>\n<script type=\"application\/ld+json\" class=\"yoast-schema-graph\">{\"@context\":\"https:\/\/schema.org\",\"@graph\":[{\"@type\":\"Article\",\"@id\":\"https:\/\/dx-factory-unipolis-corporate-wp.ha.servizi.gr-u.it\/site\/lo-sport-camp-di-bella-storia-la-tua\/#article\",\"isPartOf\":{\"@id\":\"https:\/\/dx-factory-unipolis-corporate-wp.ha.servizi.gr-u.it\/site\/lo-sport-camp-di-bella-storia-la-tua\/\"},\"author\":{\"name\":\"wsadmin\",\"@id\":\"https:\/\/www.fondazioneunipolis.org\/site\/#\/schema\/person\/43819ef7aaa5af51f1ed547eacb5e868\"},\"headline\":\"Lo sport camp di Bella storia. La tua\",\"datePublished\":\"2023-06-21T22:00:00+00:00\",\"dateModified\":\"2025-12-30T11:13:02+00:00\",\"mainEntityOfPage\":{\"@id\":\"https:\/\/dx-factory-unipolis-corporate-wp.ha.servizi.gr-u.it\/site\/lo-sport-camp-di-bella-storia-la-tua\/\"},\"wordCount\":720,\"commentCount\":0,\"publisher\":{\"@id\":\"https:\/\/www.fondazioneunipolis.org\/site\/#organization\"},\"image\":{\"@id\":\"https:\/\/dx-factory-unipolis-corporate-wp.ha.servizi.gr-u.it\/site\/lo-sport-camp-di-bella-storia-la-tua\/#primaryimage\"},\"thumbnailUrl\":\"https:\/\/www.fondazioneunipolis.org\/site\/wp-content\/uploads\/import\/PublishingImages\/news\/Bellastoria_2 copia.png\",\"keywords\":[\"bellastoria\"],\"articleSection\":[\"Disuguaglianze\"],\"inLanguage\":\"it-IT\",\"potentialAction\":[{\"@type\":\"CommentAction\",\"name\":\"Comment\",\"target\":[\"https:\/\/dx-factory-unipolis-corporate-wp.ha.servizi.gr-u.it\/site\/lo-sport-camp-di-bella-storia-la-tua\/#respond\"]}]},{\"@type\":\"WebPage\",\"@id\":\"https:\/\/dx-factory-unipolis-corporate-wp.ha.servizi.gr-u.it\/site\/lo-sport-camp-di-bella-storia-la-tua\/\",\"url\":\"https:\/\/dx-factory-unipolis-corporate-wp.ha.servizi.gr-u.it\/site\/lo-sport-camp-di-bella-storia-la-tua\/\",\"name\":\"Lo sport camp di Bella storia. La tua - Unipolis\",\"isPartOf\":{\"@id\":\"https:\/\/www.fondazioneunipolis.org\/site\/#website\"},\"primaryImageOfPage\":{\"@id\":\"https:\/\/dx-factory-unipolis-corporate-wp.ha.servizi.gr-u.it\/site\/lo-sport-camp-di-bella-storia-la-tua\/#primaryimage\"},\"image\":{\"@id\":\"https:\/\/dx-factory-unipolis-corporate-wp.ha.servizi.gr-u.it\/site\/lo-sport-camp-di-bella-storia-la-tua\/#primaryimage\"},\"thumbnailUrl\":\"https:\/\/www.fondazioneunipolis.org\/site\/wp-content\/uploads\/import\/PublishingImages\/news\/Bellastoria_2 copia.png\",\"datePublished\":\"2023-06-21T22:00:00+00:00\",\"dateModified\":\"2025-12-30T11:13:02+00:00\",\"description\":\"Lo sport camp di Bella storia. La tua\",\"breadcrumb\":{\"@id\":\"https:\/\/dx-factory-unipolis-corporate-wp.ha.servizi.gr-u.it\/site\/lo-sport-camp-di-bella-storia-la-tua\/#breadcrumb\"},\"inLanguage\":\"it-IT\",\"potentialAction\":[{\"@type\":\"ReadAction\",\"target\":[\"https:\/\/dx-factory-unipolis-corporate-wp.ha.servizi.gr-u.it\/site\/lo-sport-camp-di-bella-storia-la-tua\/\"]}]},{\"@type\":\"ImageObject\",\"inLanguage\":\"it-IT\",\"@id\":\"https:\/\/dx-factory-unipolis-corporate-wp.ha.servizi.gr-u.it\/site\/lo-sport-camp-di-bella-storia-la-tua\/#primaryimage\",\"url\":\"https:\/\/www.fondazioneunipolis.org\/site\/wp-content\/uploads\/import\/PublishingImages\/news\/Bellastoria_2 copia.png\",\"contentUrl\":\"https:\/\/www.fondazioneunipolis.org\/site\/wp-content\/uploads\/import\/PublishingImages\/news\/Bellastoria_2 copia.png\"},{\"@type\":\"BreadcrumbList\",\"@id\":\"https:\/\/dx-factory-unipolis-corporate-wp.ha.servizi.gr-u.it\/site\/lo-sport-camp-di-bella-storia-la-tua\/#breadcrumb\",\"itemListElement\":[{\"@type\":\"ListItem\",\"position\":1,\"name\":\"Home\",\"item\":\"https:\/\/www.fondazioneunipolis.org\/site\/\"},{\"@type\":\"ListItem\",\"position\":2,\"name\":\"Lo sport camp di Bella storia. La tua\"}]},{\"@type\":\"WebSite\",\"@id\":\"https:\/\/www.fondazioneunipolis.org\/site\/#website\",\"url\":\"https:\/\/www.fondazioneunipolis.org\/site\/\",\"name\":\"Unipolis\",\"description\":\"\",\"publisher\":{\"@id\":\"https:\/\/www.fondazioneunipolis.org\/site\/#organization\"},\"potentialAction\":[{\"@type\":\"SearchAction\",\"target\":{\"@type\":\"EntryPoint\",\"urlTemplate\":\"https:\/\/www.fondazioneunipolis.org\/site\/?s={search_term_string}\"},\"query-input\":{\"@type\":\"PropertyValueSpecification\",\"valueRequired\":true,\"valueName\":\"search_term_string\"}}],\"inLanguage\":\"it-IT\"},{\"@type\":\"Organization\",\"@id\":\"https:\/\/www.fondazioneunipolis.org\/site\/#organization\",\"name\":\"Unipolis\",\"url\":\"https:\/\/www.fondazioneunipolis.org\/site\/\",\"logo\":{\"@type\":\"ImageObject\",\"inLanguage\":\"it-IT\",\"@id\":\"https:\/\/www.fondazioneunipolis.org\/site\/#\/schema\/logo\/image\/\",\"url\":\"https:\/\/www.fondazioneunipolis.org\/site\/wp-content\/uploads\/2025\/07\/logo-fondazione-unipolis-1.svg\",\"contentUrl\":\"https:\/\/www.fondazioneunipolis.org\/site\/wp-content\/uploads\/2025\/07\/logo-fondazione-unipolis-1.svg\",\"caption\":\"Unipolis\"},\"image\":{\"@id\":\"https:\/\/www.fondazioneunipolis.org\/site\/#\/schema\/logo\/image\/\"}},{\"@type\":\"Person\",\"@id\":\"https:\/\/www.fondazioneunipolis.org\/site\/#\/schema\/person\/43819ef7aaa5af51f1ed547eacb5e868\",\"name\":\"wsadmin\",\"image\":{\"@type\":\"ImageObject\",\"inLanguage\":\"it-IT\",\"@id\":\"https:\/\/www.fondazioneunipolis.org\/site\/#\/schema\/person\/image\/\",\"url\":\"https:\/\/secure.gravatar.com\/avatar\/6512509e9ae62b647044a2731fadcbf236f2546df7b086feb6df7aabf2ef03aa?s=96&d=mm&r=g\",\"contentUrl\":\"https:\/\/secure.gravatar.com\/avatar\/6512509e9ae62b647044a2731fadcbf236f2546df7b086feb6df7aabf2ef03aa?s=96&d=mm&r=g\",\"caption\":\"wsadmin\"},\"sameAs\":[\"https:\/\/www.fondazioneunipolis.org\/site\"],\"url\":\"https:\/\/www.fondazioneunipolis.org\/site\/author\/wsadmin\/\"}]}<\/script>\n<!-- \/ Yoast SEO plugin. -->","yoast_head_json":{"title":"Lo sport camp di Bella storia. La tua - Unipolis","description":"Lo sport camp di Bella storia. La tua","robots":{"index":"index","follow":"follow","max-snippet":"max-snippet:-1","max-image-preview":"max-image-preview:large","max-video-preview":"max-video-preview:-1"},"canonical":"https:\/\/www.fondazioneunipolis.org\/site\/lo-sport-camp-di-bella-storia-la-tua\/","og_locale":"it_IT","og_type":"article","og_title":"Lo sport camp di Bella storia. La tua - Unipolis","og_description":"Lo sport camp di Bella storia. La tua","og_url":"https:\/\/dx-factory-unipolis-corporate-wp.ha.servizi.gr-u.it\/site\/lo-sport-camp-di-bella-storia-la-tua\/","og_site_name":"Unipolis","article_published_time":"2023-06-21T22:00:00+00:00","article_modified_time":"2025-12-30T11:13:02+00:00","og_image":[{"url":"https:\/\/dx-factory-unipolis-corporate-wp.ha.servizi.gr-u.it\/site\/wp-content\/uploads\/import\/PublishingImages\/news\/Bellastoria_2 copia.png","width":1,"height":1,"type":"image\/png"}],"author":"wsadmin","twitter_card":"summary_large_image","twitter_misc":{"Written by":"wsadmin","Est. reading time":"4 minutes"},"schema":{"@context":"https:\/\/schema.org","@graph":[{"@type":"Article","@id":"https:\/\/dx-factory-unipolis-corporate-wp.ha.servizi.gr-u.it\/site\/lo-sport-camp-di-bella-storia-la-tua\/#article","isPartOf":{"@id":"https:\/\/dx-factory-unipolis-corporate-wp.ha.servizi.gr-u.it\/site\/lo-sport-camp-di-bella-storia-la-tua\/"},"author":{"name":"wsadmin","@id":"https:\/\/www.fondazioneunipolis.org\/site\/#\/schema\/person\/43819ef7aaa5af51f1ed547eacb5e868"},"headline":"Lo sport camp di Bella storia. La tua","datePublished":"2023-06-21T22:00:00+00:00","dateModified":"2025-12-30T11:13:02+00:00","mainEntityOfPage":{"@id":"https:\/\/dx-factory-unipolis-corporate-wp.ha.servizi.gr-u.it\/site\/lo-sport-camp-di-bella-storia-la-tua\/"},"wordCount":720,"commentCount":0,"publisher":{"@id":"https:\/\/www.fondazioneunipolis.org\/site\/#organization"},"image":{"@id":"https:\/\/dx-factory-unipolis-corporate-wp.ha.servizi.gr-u.it\/site\/lo-sport-camp-di-bella-storia-la-tua\/#primaryimage"},"thumbnailUrl":"https:\/\/www.fondazioneunipolis.org\/site\/wp-content\/uploads\/import\/PublishingImages\/news\/Bellastoria_2 copia.png","keywords":["bellastoria"],"articleSection":["Disuguaglianze"],"inLanguage":"it-IT","potentialAction":[{"@type":"CommentAction","name":"Comment","target":["https:\/\/dx-factory-unipolis-corporate-wp.ha.servizi.gr-u.it\/site\/lo-sport-camp-di-bella-storia-la-tua\/#respond"]}]},{"@type":"WebPage","@id":"https:\/\/dx-factory-unipolis-corporate-wp.ha.servizi.gr-u.it\/site\/lo-sport-camp-di-bella-storia-la-tua\/","url":"https:\/\/dx-factory-unipolis-corporate-wp.ha.servizi.gr-u.it\/site\/lo-sport-camp-di-bella-storia-la-tua\/","name":"Lo sport camp di Bella storia. La tua - Unipolis","isPartOf":{"@id":"https:\/\/www.fondazioneunipolis.org\/site\/#website"},"primaryImageOfPage":{"@id":"https:\/\/dx-factory-unipolis-corporate-wp.ha.servizi.gr-u.it\/site\/lo-sport-camp-di-bella-storia-la-tua\/#primaryimage"},"image":{"@id":"https:\/\/dx-factory-unipolis-corporate-wp.ha.servizi.gr-u.it\/site\/lo-sport-camp-di-bella-storia-la-tua\/#primaryimage"},"thumbnailUrl":"https:\/\/www.fondazioneunipolis.org\/site\/wp-content\/uploads\/import\/PublishingImages\/news\/Bellastoria_2 copia.png","datePublished":"2023-06-21T22:00:00+00:00","dateModified":"2025-12-30T11:13:02+00:00","description":"Lo sport camp di Bella storia. La tua","breadcrumb":{"@id":"https:\/\/dx-factory-unipolis-corporate-wp.ha.servizi.gr-u.it\/site\/lo-sport-camp-di-bella-storia-la-tua\/#breadcrumb"},"inLanguage":"it-IT","potentialAction":[{"@type":"ReadAction","target":["https:\/\/dx-factory-unipolis-corporate-wp.ha.servizi.gr-u.it\/site\/lo-sport-camp-di-bella-storia-la-tua\/"]}]},{"@type":"ImageObject","inLanguage":"it-IT","@id":"https:\/\/dx-factory-unipolis-corporate-wp.ha.servizi.gr-u.it\/site\/lo-sport-camp-di-bella-storia-la-tua\/#primaryimage","url":"https:\/\/www.fondazioneunipolis.org\/site\/wp-content\/uploads\/import\/PublishingImages\/news\/Bellastoria_2 copia.png","contentUrl":"https:\/\/www.fondazioneunipolis.org\/site\/wp-content\/uploads\/import\/PublishingImages\/news\/Bellastoria_2 copia.png"},{"@type":"BreadcrumbList","@id":"https:\/\/dx-factory-unipolis-corporate-wp.ha.servizi.gr-u.it\/site\/lo-sport-camp-di-bella-storia-la-tua\/#breadcrumb","itemListElement":[{"@type":"ListItem","position":1,"name":"Home","item":"https:\/\/www.fondazioneunipolis.org\/site\/"},{"@type":"ListItem","position":2,"name":"Lo sport camp di Bella storia. La tua"}]},{"@type":"WebSite","@id":"https:\/\/www.fondazioneunipolis.org\/site\/#website","url":"https:\/\/www.fondazioneunipolis.org\/site\/","name":"Unipolis","description":"","publisher":{"@id":"https:\/\/www.fondazioneunipolis.org\/site\/#organization"},"potentialAction":[{"@type":"SearchAction","target":{"@type":"EntryPoint","urlTemplate":"https:\/\/www.fondazioneunipolis.org\/site\/?s={search_term_string}"},"query-input":{"@type":"PropertyValueSpecification","valueRequired":true,"valueName":"search_term_string"}}],"inLanguage":"it-IT"},{"@type":"Organization","@id":"https:\/\/www.fondazioneunipolis.org\/site\/#organization","name":"Unipolis","url":"https:\/\/www.fondazioneunipolis.org\/site\/","logo":{"@type":"ImageObject","inLanguage":"it-IT","@id":"https:\/\/www.fondazioneunipolis.org\/site\/#\/schema\/logo\/image\/","url":"https:\/\/www.fondazioneunipolis.org\/site\/wp-content\/uploads\/2025\/07\/logo-fondazione-unipolis-1.svg","contentUrl":"https:\/\/www.fondazioneunipolis.org\/site\/wp-content\/uploads\/2025\/07\/logo-fondazione-unipolis-1.svg","caption":"Unipolis"},"image":{"@id":"https:\/\/www.fondazioneunipolis.org\/site\/#\/schema\/logo\/image\/"}},{"@type":"Person","@id":"https:\/\/www.fondazioneunipolis.org\/site\/#\/schema\/person\/43819ef7aaa5af51f1ed547eacb5e868","name":"wsadmin","image":{"@type":"ImageObject","inLanguage":"it-IT","@id":"https:\/\/www.fondazioneunipolis.org\/site\/#\/schema\/person\/image\/","url":"https:\/\/secure.gravatar.com\/avatar\/6512509e9ae62b647044a2731fadcbf236f2546df7b086feb6df7aabf2ef03aa?s=96&d=mm&r=g","contentUrl":"https:\/\/secure.gravatar.com\/avatar\/6512509e9ae62b647044a2731fadcbf236f2546df7b086feb6df7aabf2ef03aa?s=96&d=mm&r=g","caption":"wsadmin"},"sameAs":["https:\/\/www.fondazioneunipolis.org\/site"],"url":"https:\/\/www.fondazioneunipolis.org\/site\/author\/wsadmin\/"}]}},"_links":{"self":[{"href":"https:\/\/www.fondazioneunipolis.org\/site\/wp-json\/wp\/v2\/posts\/2348","targetHints":{"allow":["GET"]}}],"collection":[{"href":"https:\/\/www.fondazioneunipolis.org\/site\/wp-json\/wp\/v2\/posts"}],"about":[{"href":"https:\/\/www.fondazioneunipolis.org\/site\/wp-json\/wp\/v2\/types\/post"}],"author":[{"embeddable":true,"href":"https:\/\/www.fondazioneunipolis.org\/site\/wp-json\/wp\/v2\/users\/1"}],"replies":[{"embeddable":true,"href":"https:\/\/www.fondazioneunipolis.org\/site\/wp-json\/wp\/v2\/comments?post=2348"}],"version-history":[{"count":11,"href":"https:\/\/www.fondazioneunipolis.org\/site\/wp-json\/wp\/v2\/posts\/2348\/revisions"}],"predecessor-version":[{"id":11557,"href":"https:\/\/www.fondazioneunipolis.org\/site\/wp-json\/wp\/v2\/posts\/2348\/revisions\/11557"}],"wp:featuredmedia":[{"embeddable":true,"href":"https:\/\/www.fondazioneunipolis.org\/site\/wp-json\/wp\/v2\/media\/5214"}],"wp:attachment":[{"href":"https:\/\/www.fondazioneunipolis.org\/site\/wp-json\/wp\/v2\/media?parent=2348"}],"wp:term":[{"taxonomy":"category","embeddable":true,"href":"https:\/\/www.fondazioneunipolis.org\/site\/wp-json\/wp\/v2\/categories?post=2348"},{"taxonomy":"post_tag","embeddable":true,"href":"https:\/\/www.fondazioneunipolis.org\/site\/wp-json\/wp\/v2\/tags?post=2348"}],"curies":[{"name":"wp","href":"https:\/\/api.w.org\/{rel}","templated":true}]}}