{"id":2345,"date":"2024-06-13T00:00:00","date_gmt":"2024-06-12T22:00:00","guid":{"rendered":"https:\/\/www.fondazioneunipolis.org\/site\/lets-mob-online-i-dieci-speech\/"},"modified":"2026-01-05T11:05:00","modified_gmt":"2026-01-05T10:05:00","slug":"lets-mob-online-i-dieci-speech","status":"publish","type":"post","link":"https:\/\/www.fondazioneunipolis.org\/site\/news\/lets-mob-online-i-dieci-speech\/","title":{"rendered":"Let&#8217;s MOB: online i dieci speech"},"content":{"rendered":"\n<p><em>&#8220;Si pu\u00f2 parlare di&nbsp;<\/em><em><strong>successo<\/strong><\/em><em>&nbsp;anche in campo&nbsp;<\/em><em><strong>scientifico<\/strong><\/em><em>? S\u00cc! Io sogno che tanti ragazzi e ragazze possano farsi una vita con la cultura, progettando qualcosa di concreto. Sogno che\u200b la&nbsp;<\/em><em><strong>scienza&nbsp;<\/strong><\/em><em>possa diventare un giorno la cosa pi\u00f9&nbsp;<\/em><em><strong>sexy<\/strong><\/em><em>&nbsp;del futuro<\/em>&#8220;. Cos\u00ec&nbsp;<strong>Vincenzo Schettini<\/strong>, Prof. de&nbsp;<strong><em>La fisica che ci piace<\/em><\/strong>&nbsp;ai dieci protagonisti dell&#8217;evento&nbsp;<strong>Let&#8217;s MOB<\/strong>&nbsp;e al pubblico dell&#8217;Unipol Auditorium lo scorso 11 maggio a Bologna.&nbsp;<\/p>\n\n\n\n<figure class=\"wp-block-image size-full\"><img src=\"https:\/\/www.fondazioneunipolis.org\/site\/wp-content\/uploads\/import\/PublishingImages\/news\/sogna-ragazzo-sogna\/Let's MOB_Unipolis_Schettini.png\" alt=\"\" class=\"wp-image-4900\"\/><\/figure>\n\n\n\n<p>Un atleta, uno scrittore in erba, un&#8217;appassionata di canto, una disegnatrice, \u200bun viaggiatore, un&#8217;amante della fotografia e una della narrativa fantasy, una cicloturista, uno scout, un informatico-Dj.<br>Sembrano dieci identikit di\u00a0<strong><a href=\"https:\/\/www.fondazioneunipolis.org\/site\/idee-dal-futuro\/\" target=\"_blank\" rel=\"noreferrer noopener\">dieci giovani Gen Z<\/a><\/strong>\u00a0di oggi, e infatti \u00e8 cos\u00ec. I vincitori di <a href=\"https:\/\/www.fondazioneunipolis.org\/site\/mob\/\">MOB<\/a>, anzi\u00a0<em>del\u00a0<\/em>MOB come dicono loro, sono proprio questo: ragazze e ragazzi comuni che si distinguono dai loro coetanei non tanto per le loro passioni ma per aver avuto la voglia di\u00a0<strong>mettersi in gioco<\/strong>\u00a0quando gli \u00e8 stato chiesto di\u00a0<strong>immaginare il loro futuro<\/strong>.<\/p>\n\n\n\n<figure class=\"wp-block-image size-full\"><img src=\"https:\/\/www.fondazioneunipolis.org\/site\/wp-content\/uploads\/import\/PublishingImages\/news\/sogna-ragazzo-sogna\/Let's MOB_Unipolis-dietro le quinte.jpg\" alt=\"\" class=\"wp-image-4899\"\/><\/figure>\n\n\n\n<p>Sul palco&nbsp;<em>del<\/em>&nbsp;Let&#8217;s MOB hanno portato&nbsp;<strong>dieci narrazioni<\/strong>&nbsp;personali della&nbsp;<strong>mobilit\u00e0 del futuro<\/strong>. Dieci punti di vista diversi sia nella forma che nei contenuti. In effetti \u00e8 per questo che sono stati scelti: per rappresentare le diversit\u00e0 del nostro Paese, l&#8217;Italia, che si riflettono inesorabilmente anche in tema di mobilit\u00e0.<\/p>\n\n\n\n<p>Sono 5 ragazze e 5 ragazzi comuni, che ad incontrarli per strada probabilmente mai si potrebbe immaginare che siano in grado di parlare di&nbsp;<strong>mobility as a service<\/strong>&nbsp;come ha fatto&nbsp;<em><a href=\"https:\/\/www.fondazioneunipolis.org\/site\/adam-dahir\" target=\"_blank\" rel=\"noreferrer noopener\">Adam Dahir<\/a><\/em>&nbsp;(17 anni, di Meda), o di&nbsp;<strong>big data e intelligenza artificiale<\/strong>&nbsp;come ha fatto&nbsp;<em><a href=\"https:\/\/www.fondazioneunipolis.org\/site\/giacomo-feri\" target=\"_blank\" rel=\"noreferrer noopener\">Giacomo Feri<\/a><\/em>&nbsp;(18 anni, di Sistiana), o di&nbsp;<strong>idrogeno verde<\/strong>&nbsp;come&nbsp;<a href=\"https:\/\/www.fondazioneunipolis.org\/site\/michelle-lamieri\" target=\"_blank\" rel=\"noreferrer noopener\"><em>Michelle Lamieri<\/em>&nbsp;<\/a>(17 anni, di Castel San Pietro Terme), e neanche di&nbsp;<strong>gender gap<\/strong>&nbsp;come&nbsp;<em><a href=\"https:\/\/www.fondazioneunipolis.org\/site\/alessandra-nastro\" target=\"_blank\" rel=\"noreferrer noopener\">Alessandra Nastro<\/a><\/em>&nbsp;(16 anni, di Torre Annunziata), oppure di&nbsp;<strong>quartiere sostenibile<\/strong>&nbsp;come&nbsp;<em><a href=\"https:\/\/www.fondazioneunipolis.org\/site\/alessio-palazzo\" target=\"_blank\" rel=\"noreferrer noopener\">Alessio Palazzo<\/a><\/em>&nbsp;(20 anni, di Torino), o di&nbsp;<strong>strade sotterranee<\/strong>&nbsp;come&nbsp;<em><a href=\"https:\/\/www.fondazioneunipolis.org\/site\/chiara-palmigiano\" target=\"_blank\" rel=\"noreferrer noopener\">Chiara Palmigiano<\/a><\/em>&nbsp;(18 anni, di Troina), di&nbsp;<strong>idrogeno bianco<\/strong>&nbsp;come&nbsp;<em><a href=\"https:\/\/www.fondazioneunipolis.org\/site\/luisa-maria-pia-prisco\">Luisa Prisco<\/a><\/em>&nbsp;(17 anni, di San Giuseppe Vesuviano), o di&nbsp;<strong>mobilit\u00e0 dolce<\/strong>&nbsp;come&nbsp;<em><a href=\"https:\/\/www.fondazioneunipolis.org\/site\/maddalena-russo\" target=\"_blank\" rel=\"noreferrer noopener\">Maddalena Russo<\/a><\/em>&nbsp;(20 anni, di Trento), di&nbsp;<strong>sharing mobility<\/strong>&nbsp;come&nbsp;<a href=\"https:\/\/www.fondazioneunipolis.org\/site\/matteo-sgambati\" target=\"_blank\" rel=\"noreferrer noopener\"><em>Matteo Sgambati<\/em>&nbsp;<\/a>(17 anni, da Napoli) o infine di&nbsp;<strong>Rectenna e Cella di Peltier<\/strong>&nbsp;come ha fatto&nbsp;<em><a href=\"https:\/\/www.fondazioneunipolis.org\/site\/luigi-viggiano\" target=\"_blank\" rel=\"noreferrer noopener\">Luigi Viggiano<\/a><\/em>&nbsp;(18 anni, di San Prisco).<\/p>\n\n\n\n<p>E invece cos\u00ec \u00e8 stato: \u00e8 accaduto sul palco dell&#8217;Unipol Auditorium, davanti a centinaia di persone e alla fine del percorso pluriennale previsto dal progetto&nbsp;<strong><a href=\"https:\/\/www.fondazioneunipolis.org\/site\/mob\/\" target=\"_blank\" rel=\"noreferrer noopener\">MOB<\/a><\/strong>&nbsp;di&nbsp;<strong>Fondazione Unipolis<\/strong>&nbsp;che aveva come obiettivo quello di&nbsp;<strong>dare voce ai giovani<\/strong>&nbsp;e renderli protagonisti su un tema cos\u00ec delicato come quello del \u201c<strong>come ci muoveremo nelle citt\u00e0 del futuro<\/strong>&#8220;. Un percorso realizzato assieme a realt\u00e0 che lavorano nel mondo della mobilit\u00e0 sostenibile, della formazione, del protagonismo giovanile, dell&#8217;attivismo e della partecipazione civica, della comunicazione e storytelling. Con l&#8217;adesione di organizzazioni che operano nel mondo sportivo, religioso, scolastico ed extra scolastico che hanno sposato il progetto, condividendone i valori, le idee e promuovendone la partecipazione tra le loro comunit\u00e0 di giovani . Un lavoro in partnership attraverso cui sono stati raggiunti&nbsp;<strong>oltre 2.500 giovani da tutta Italia<\/strong>.<\/p>\n\n\n\n<p>I&nbsp;<strong><a href=\"https:\/\/youtube.com\/playlist?list=PL9OiQzENrImYmRAYXXiEx6lttRGVqgsQe&amp;si=Q8WaIfwvNgx33g4f\" target=\"_blank\" rel=\"noreferrer noopener\">dieci speech dei vincitori\u200b<\/a><\/strong>, pubblicati sul canale YouTube di Fondazione Unipolis,&nbsp;sono molto schietti, senza peli sulla lingua denunciano le cose che non gli stanno bene, parlano di&nbsp;<strong>inefficienza dei mezzi<\/strong>, di&nbsp;<strong>inaccessibilit\u00e0<\/strong>, di&nbsp;<strong>connessioni assenti<\/strong>, di&nbsp;<strong>inquinamento<\/strong>&nbsp;ma allo stesso tempo sono propositivi. Sono il frutto di una generazione che forse abbiamo dato per spa\u200bcciata troppo in fretta. I ragazzi e le ragazze del MOB non sembrano rassegnati, hanno fiducia nel futuro e vogliono&nbsp;<strong>contagiare i loro coetanei<\/strong>.<\/p>\n\n\n\n<iframe loading=\"lazy\" width=\"560\" height=\"315\" src=\"https:\/\/www.youtube-nocookie.com\/embed\/sZPOm5nXo9w?si=l29_9eGZmid5bS_7\" title=\"YouTube video player\" frameborder=\"0\" allow=\"accelerometer; autoplay; clipboard-write; encrypted-media; gyroscope; picture-in-picture; web-share\" referrerpolicy=\"strict-origin-when-cross-origin\" allowfullscreen><\/iframe>\n\n\n\n<p><\/p>\n\n\n\n<p>E alla fine a gioire pi\u00f9 di tutti, indossando una maglietta eloquente con la scritta&nbsp;<strong>ACT NOW<\/strong>&nbsp;\u00e8 stato&nbsp;<strong>Luigi<\/strong>, il pi\u00f9 votato dal pubblico con la sua idea di utilizzare fonti di&nbsp;<strong>alimentazione alternativa<\/strong>&nbsp;per i veicoli elettrici attraverso l&#8217;uso di tecnologie in fase di studio, tra cui una che prevede l&#8217;utilizzo delle&nbsp;<strong>onde elettromagnetiche<\/strong>&nbsp;disperse nell&#8217;ambiente circostante un&#8217;altra che&nbsp;<strong>trasforma in energia il calore<\/strong>&nbsp;prelevato dai raggi solari e quello generato dagli stessi mezzi di locomozione.<\/p>\n\n\n\n<figure class=\"wp-block-image size-full\"><img src=\"https:\/\/www.fondazioneunipolis.org\/site\/wp-content\/uploads\/import\/PublishingImages\/news\/sogna-ragazzo-sogna\/Let' MOB_Unipolis_Annuncio vincitore.jpg\" alt=\"\" class=\"wp-image-4906\"\/><\/figure>\n\n\n\n<p>Su questo palco Luigi e tutti gli altri ci sono arrivati come vincitori e vincitrici del&nbsp;<strong>bando nazionale MOB<\/strong>&nbsp;che \u00e8 stato prima di tutto un&nbsp;<strong><a href=\"https:\/\/www.fondazioneunipolis.org\/site\/torneo-mob-vincitori-abitudini-e-impatti\/\" target=\"_blank\" rel=\"noreferrer noopener\">grande torneo<\/a><\/strong>&nbsp;dove sono stati premiati gli spostamenti sostenibili, e a seguire \u00e8 stato un&nbsp;<strong><a href=\"https:\/\/www.fondazioneunipolis.org\/site\/rivoluzionare-la-mobilita-e-aperto-il-bando-mob\/\" target=\"_blank\" rel=\"noreferrer noopener\">concorso creativo<\/a><\/strong>&nbsp;in cui era richiesta la scrittura di un elaborato che presentasse visionarie&nbsp;<strong><em><a href=\"https:\/\/www.fondazioneunipolis.org\/site\/idee-dal-futuro\/\" target=\"_blank\" rel=\"noreferrer noopener\">Idee dal futuro<\/a><\/em><\/strong>&nbsp;o interventi concreti attraverso&nbsp;<strong><em><a href=\"https:\/\/www.fondazioneunipolis.org\/site\/proposte-per-il-presente\/\" target=\"_blank\" rel=\"noreferrer noopener\">Proposte per il presente<\/a><\/em><\/strong><strong>.&nbsp;<\/strong>Mentre per quest&#8217;ultima categoria prosegue il percorso dei tre vincitori nelle loro tre citt\u00e0 (Genova, Trieste e Avellino), le idee dal futuro dopo aver trovato il grande palco di Let&#8217;s MOB saranno oggetto di una&nbsp;<strong>campagna di diffusione online<\/strong>&nbsp;e soprattutto saranno raccolte in un&nbsp;<strong>documento<\/strong>&nbsp;che verr\u00e0 consegnato al&nbsp;<strong><a href=\"https:\/\/consiglionazionalegiovani.it\/\" target=\"_blank\" rel=\"noreferrer noopener\">Consiglio Nazionale del Giovani<\/a><\/strong>, l&#8217;organo consultivo cui \u00e8 demandata la rappresentanza dei giovani nella interlocuzione con le Istituzioni per ogni confronto sulle politiche che riguardano il mondo giovanile. All&#8217;evento il CNG \u00e8 stato rappresentato dal Consigliere di Presidenza&nbsp;<strong>Vittorio Gattari<\/strong>.<\/p>\n\n\n\n<p>Sul palco del Let&#8217;s MOB i giovani sono stati guidati dal figlio d&#8217;arte&nbsp;<strong>Jody Cecchetto<\/strong>&nbsp;che nelle settimane precedenti l&#8217;evento ha anche ospitato i ragazzi nelle sue&nbsp;<strong><a href=\"https:\/\/www.twitch.tv\/jodyjdc\" target=\"_blank\" rel=\"noreferrer noopener\">Live su Twitch<\/a><\/strong>, che sono state un modo anche per conoscere e raccontare al pubblico le storie personali dei ragazzi.<\/p>\n\n\n\n<p>Se&nbsp;<strong>Vincenzo Schettini<\/strong>&nbsp;schiettamente invitava i ragazzi a continuare a guardare in faccia la realt\u00e0 esortandoli a prendere in mano il loro futuro,&nbsp;<strong>Giuseppina Gualtieri&nbsp;<\/strong>&#8211;&nbsp;Presidente di Tper,&nbsp;ha ringraziato i ragazzi per l&#8217;attenzione che hanno dimostrato sul&nbsp;<strong>trasporto pubblico<\/strong>&nbsp;e l&#8217;<strong>intermodalit\u00e0<\/strong>.<\/p>\n\n\n\n<p>&#8220;<em>L&#8217;idrogeno<\/em>&nbsp;\u2013 racconta Gualtieri \u2013 &nbsp;<em>\u00e8 gi\u00e0 una realt\u00e0 a Bologna dove l&#8217;azienda di Tpl vuole raggiungere la cifra del&nbsp;<\/em><strong><em>12% dei mezzi a idrogeno<\/em><\/strong><em>&nbsp;su un parco di 1.000 mezzi, perseguendo l&#8217;obiettivo della sostenibilit\u00e0 ambientale e la decarbonizzazione entro il 2030. Il successo dipender\u00e0 dalle politiche comunitarie, che possono fare la differenza spostando le priorit\u00e0 dei temi in agenda&#8221;.<\/em><\/p>\n\n\n\n<figure class=\"wp-block-image size-full\"><img src=\"https:\/\/www.fondazioneunipolis.org\/site\/wp-content\/uploads\/import\/PublishingImages\/news\/sogna-ragazzo-sogna\/Let's MOB_Unipolis_Viggiano_Federici.jpg\" alt=\"\" class=\"wp-image-4897\"\/><\/figure>\n\n\n\n<p>\u201c<em>Dobbiamo creare movimento, pensare a quelli che verranno dopo di noi&nbsp;<\/em>\u2013 ha affermato nel corso dell&#8217;evento&nbsp;<strong>Alberto Federici<\/strong>, Consigliere Delegato di Unipolis.&nbsp;<em>Sono i giovani a doverci dire che tipo di mobilit\u00e0 vogliono per il loro futuro. Let&#8217;s MOB dimostra che le nuove generazioni stanno pensando a modelli di citt\u00e0 diversi dai nostri e di cui dobbiamo necessariamente tener conto. Oggi \u00e8 stato un momento di ascolto fondamentale, con uno sguardo di speranza e di cambiamento verso il futuro<\/em>&#8220;.<\/p>\n\n\n\n<p>L&#8217;esortazione \u00e8 quindi a&nbsp;<strong>sognare<\/strong>, come Vecchioni esorta Alfa, come una generazione non pi\u00f9 giovane esorta quella che sta emergendo. Sognare davanti \u201c<em>a un foglio bianco<\/em>&#8221; lasciato sulla scrivania e sta a loro scrivere l&#8217;ultimo verso.<\/p>\n\n\n\n<p>E anche quando tremeranno le gambe salendo \u201c<em>sopra questo palco per giocare con la vita<\/em>&#8220;, quando i dubbi saranno: \u201c<em>ma se mi si spezza il fiato, se poi spezzo la matita?<\/em>&#8221; I ragazzi si ricordino che \u201c<em>pi\u00f9 in basso \u00e8 il punto di partenza, pi\u00f9 alta \u00e8 la salita<\/em>&#8220;, ma con la certezza \u201c<em>che il panorama valga tutta &#8216;sta f\u200batica<\/em>&#8220;.&nbsp;<\/p>\n\n\n\n<figure class=\"wp-block-image size-full\"><img src=\"https:\/\/www.fondazioneunipolis.org\/site\/wp-content\/uploads\/import\/PublishingImages\/news\/sogna-ragazzo-sogna\/Let's MOB_Unipolis_Cecchetto (3).jpg\" alt=\"\" class=\"wp-image-4898\"\/><\/figure>\n","protected":false},"excerpt":{"rendered":"<p>&#8220;Si pu\u00f2 parlare di&nbsp;successo&nbsp;anche in campo&nbsp;scientifico? S\u00cc! Io sogno che tanti ragazzi e ragazze possano farsi una vita con la cultura, progettando qualcosa di concreto. Sogno che\u200b la&nbsp;scienza&nbsp;possa diventare un giorno la cosa pi\u00f9&nbsp;sexy&nbsp;del futuro&#8220;. Cos\u00ec&nbsp;Vincenzo Schettini, Prof. de&nbsp;La fisica che ci piace&nbsp;ai dieci protagonisti dell&#8217;evento&nbsp;Let&#8217;s MOB&nbsp;e al pubblico dell&#8217;Unipol Auditorium lo scorso 11 maggio [&hellip;]<\/p>\n","protected":false},"author":1,"featured_media":5238,"comment_status":"open","ping_status":"open","sticky":false,"template":"","format":"standard","meta":{"_acf_changed":false,"footnotes":""},"categories":[16],"tags":[645],"class_list":["post-2345","post","type-post","status-publish","format-standard","has-post-thumbnail","hentry","category-mobilita","tag-mob"],"acf":[],"yoast_head":"<!-- This site is optimized with the Yoast SEO plugin v26.1.1 - https:\/\/yoast.com\/wordpress\/plugins\/seo\/ -->\n<title>Let&#039;s MOB: online i dieci speech - Unipolis<\/title>\n<meta name=\"description\" content=\"Let&#039;s MOB: online i dieci speech\" \/>\n<meta name=\"robots\" content=\"index, follow, max-snippet:-1, max-image-preview:large, max-video-preview:-1\" \/>\n<link rel=\"canonical\" href=\"https:\/\/www.fondazioneunipolis.org\/site\/lets-mob-online-i-dieci-speech\/\" \/>\n<meta property=\"og:locale\" content=\"it_IT\" \/>\n<meta property=\"og:type\" content=\"article\" \/>\n<meta property=\"og:title\" content=\"Let&#039;s MOB: online i dieci speech - Unipolis\" \/>\n<meta property=\"og:description\" content=\"Let&#039;s MOB: online i dieci speech\" \/>\n<meta property=\"og:url\" content=\"https:\/\/dx-factory-unipolis-corporate-wp.ha.servizi.gr-u.it\/site\/lets-mob-online-i-dieci-speech\/\" \/>\n<meta property=\"og:site_name\" content=\"Unipolis\" \/>\n<meta property=\"article:published_time\" content=\"2024-06-12T22:00:00+00:00\" \/>\n<meta property=\"article:modified_time\" content=\"2026-01-05T10:05:00+00:00\" \/>\n<meta property=\"og:image\" content=\"https:\/\/dx-factory-unipolis-corporate-wp.ha.servizi.gr-u.it\/site\/wp-content\/uploads\/import\/PublishingImages\/Let's%20MOB%20_Unipolis_10%20vincitori_sito.png\" \/>\n\t<meta property=\"og:image:width\" content=\"1\" \/>\n\t<meta property=\"og:image:height\" content=\"1\" \/>\n\t<meta property=\"og:image:type\" content=\"image\/png\" \/>\n<meta name=\"author\" content=\"wsadmin\" \/>\n<meta name=\"twitter:card\" content=\"summary_large_image\" \/>\n<meta name=\"twitter:label1\" content=\"Written by\" \/>\n\t<meta name=\"twitter:data1\" content=\"wsadmin\" \/>\n\t<meta name=\"twitter:label2\" content=\"Est. reading time\" \/>\n\t<meta name=\"twitter:data2\" content=\"8 minutes\" \/>\n<script type=\"application\/ld+json\" class=\"yoast-schema-graph\">{\"@context\":\"https:\/\/schema.org\",\"@graph\":[{\"@type\":\"Article\",\"@id\":\"https:\/\/dx-factory-unipolis-corporate-wp.ha.servizi.gr-u.it\/site\/lets-mob-online-i-dieci-speech\/#article\",\"isPartOf\":{\"@id\":\"https:\/\/dx-factory-unipolis-corporate-wp.ha.servizi.gr-u.it\/site\/lets-mob-online-i-dieci-speech\/\"},\"author\":{\"name\":\"wsadmin\",\"@id\":\"https:\/\/www.fondazioneunipolis.org\/site\/#\/schema\/person\/43819ef7aaa5af51f1ed547eacb5e868\"},\"headline\":\"Let&#8217;s MOB: online i dieci speech\",\"datePublished\":\"2024-06-12T22:00:00+00:00\",\"dateModified\":\"2026-01-05T10:05:00+00:00\",\"mainEntityOfPage\":{\"@id\":\"https:\/\/dx-factory-unipolis-corporate-wp.ha.servizi.gr-u.it\/site\/lets-mob-online-i-dieci-speech\/\"},\"wordCount\":1258,\"commentCount\":0,\"publisher\":{\"@id\":\"https:\/\/www.fondazioneunipolis.org\/site\/#organization\"},\"image\":{\"@id\":\"https:\/\/dx-factory-unipolis-corporate-wp.ha.servizi.gr-u.it\/site\/lets-mob-online-i-dieci-speech\/#primaryimage\"},\"thumbnailUrl\":\"https:\/\/www.fondazioneunipolis.org\/site\/wp-content\/uploads\/import\/PublishingImages\/Let's MOB _Unipolis_10 vincitori_sito.png\",\"keywords\":[\"mob\"],\"articleSection\":[\"Mobilit\u00e0\"],\"inLanguage\":\"it-IT\",\"potentialAction\":[{\"@type\":\"CommentAction\",\"name\":\"Comment\",\"target\":[\"https:\/\/dx-factory-unipolis-corporate-wp.ha.servizi.gr-u.it\/site\/lets-mob-online-i-dieci-speech\/#respond\"]}]},{\"@type\":\"WebPage\",\"@id\":\"https:\/\/dx-factory-unipolis-corporate-wp.ha.servizi.gr-u.it\/site\/lets-mob-online-i-dieci-speech\/\",\"url\":\"https:\/\/dx-factory-unipolis-corporate-wp.ha.servizi.gr-u.it\/site\/lets-mob-online-i-dieci-speech\/\",\"name\":\"Let's MOB: online i dieci speech - Unipolis\",\"isPartOf\":{\"@id\":\"https:\/\/www.fondazioneunipolis.org\/site\/#website\"},\"primaryImageOfPage\":{\"@id\":\"https:\/\/dx-factory-unipolis-corporate-wp.ha.servizi.gr-u.it\/site\/lets-mob-online-i-dieci-speech\/#primaryimage\"},\"image\":{\"@id\":\"https:\/\/dx-factory-unipolis-corporate-wp.ha.servizi.gr-u.it\/site\/lets-mob-online-i-dieci-speech\/#primaryimage\"},\"thumbnailUrl\":\"https:\/\/www.fondazioneunipolis.org\/site\/wp-content\/uploads\/import\/PublishingImages\/Let's MOB _Unipolis_10 vincitori_sito.png\",\"datePublished\":\"2024-06-12T22:00:00+00:00\",\"dateModified\":\"2026-01-05T10:05:00+00:00\",\"description\":\"Let's MOB: online i dieci speech\",\"breadcrumb\":{\"@id\":\"https:\/\/dx-factory-unipolis-corporate-wp.ha.servizi.gr-u.it\/site\/lets-mob-online-i-dieci-speech\/#breadcrumb\"},\"inLanguage\":\"it-IT\",\"potentialAction\":[{\"@type\":\"ReadAction\",\"target\":[\"https:\/\/dx-factory-unipolis-corporate-wp.ha.servizi.gr-u.it\/site\/lets-mob-online-i-dieci-speech\/\"]}]},{\"@type\":\"ImageObject\",\"inLanguage\":\"it-IT\",\"@id\":\"https:\/\/dx-factory-unipolis-corporate-wp.ha.servizi.gr-u.it\/site\/lets-mob-online-i-dieci-speech\/#primaryimage\",\"url\":\"https:\/\/www.fondazioneunipolis.org\/site\/wp-content\/uploads\/import\/PublishingImages\/Let's MOB _Unipolis_10 vincitori_sito.png\",\"contentUrl\":\"https:\/\/www.fondazioneunipolis.org\/site\/wp-content\/uploads\/import\/PublishingImages\/Let's MOB _Unipolis_10 vincitori_sito.png\"},{\"@type\":\"BreadcrumbList\",\"@id\":\"https:\/\/dx-factory-unipolis-corporate-wp.ha.servizi.gr-u.it\/site\/lets-mob-online-i-dieci-speech\/#breadcrumb\",\"itemListElement\":[{\"@type\":\"ListItem\",\"position\":1,\"name\":\"Home\",\"item\":\"https:\/\/www.fondazioneunipolis.org\/site\/\"},{\"@type\":\"ListItem\",\"position\":2,\"name\":\"Let&#8217;s MOB: online i dieci speech\"}]},{\"@type\":\"WebSite\",\"@id\":\"https:\/\/www.fondazioneunipolis.org\/site\/#website\",\"url\":\"https:\/\/www.fondazioneunipolis.org\/site\/\",\"name\":\"Unipolis\",\"description\":\"\",\"publisher\":{\"@id\":\"https:\/\/www.fondazioneunipolis.org\/site\/#organization\"},\"potentialAction\":[{\"@type\":\"SearchAction\",\"target\":{\"@type\":\"EntryPoint\",\"urlTemplate\":\"https:\/\/www.fondazioneunipolis.org\/site\/?s={search_term_string}\"},\"query-input\":{\"@type\":\"PropertyValueSpecification\",\"valueRequired\":true,\"valueName\":\"search_term_string\"}}],\"inLanguage\":\"it-IT\"},{\"@type\":\"Organization\",\"@id\":\"https:\/\/www.fondazioneunipolis.org\/site\/#organization\",\"name\":\"Unipolis\",\"url\":\"https:\/\/www.fondazioneunipolis.org\/site\/\",\"logo\":{\"@type\":\"ImageObject\",\"inLanguage\":\"it-IT\",\"@id\":\"https:\/\/www.fondazioneunipolis.org\/site\/#\/schema\/logo\/image\/\",\"url\":\"https:\/\/www.fondazioneunipolis.org\/site\/wp-content\/uploads\/2025\/07\/logo-fondazione-unipolis-1.svg\",\"contentUrl\":\"https:\/\/www.fondazioneunipolis.org\/site\/wp-content\/uploads\/2025\/07\/logo-fondazione-unipolis-1.svg\",\"caption\":\"Unipolis\"},\"image\":{\"@id\":\"https:\/\/www.fondazioneunipolis.org\/site\/#\/schema\/logo\/image\/\"}},{\"@type\":\"Person\",\"@id\":\"https:\/\/www.fondazioneunipolis.org\/site\/#\/schema\/person\/43819ef7aaa5af51f1ed547eacb5e868\",\"name\":\"wsadmin\",\"image\":{\"@type\":\"ImageObject\",\"inLanguage\":\"it-IT\",\"@id\":\"https:\/\/www.fondazioneunipolis.org\/site\/#\/schema\/person\/image\/\",\"url\":\"https:\/\/secure.gravatar.com\/avatar\/6512509e9ae62b647044a2731fadcbf236f2546df7b086feb6df7aabf2ef03aa?s=96&d=mm&r=g\",\"contentUrl\":\"https:\/\/secure.gravatar.com\/avatar\/6512509e9ae62b647044a2731fadcbf236f2546df7b086feb6df7aabf2ef03aa?s=96&d=mm&r=g\",\"caption\":\"wsadmin\"},\"sameAs\":[\"https:\/\/www.fondazioneunipolis.org\/site\"],\"url\":\"https:\/\/www.fondazioneunipolis.org\/site\/author\/wsadmin\/\"}]}<\/script>\n<!-- \/ Yoast SEO plugin. -->","yoast_head_json":{"title":"Let's MOB: online i dieci speech - Unipolis","description":"Let's MOB: online i dieci speech","robots":{"index":"index","follow":"follow","max-snippet":"max-snippet:-1","max-image-preview":"max-image-preview:large","max-video-preview":"max-video-preview:-1"},"canonical":"https:\/\/www.fondazioneunipolis.org\/site\/lets-mob-online-i-dieci-speech\/","og_locale":"it_IT","og_type":"article","og_title":"Let's MOB: online i dieci speech - Unipolis","og_description":"Let's MOB: online i dieci speech","og_url":"https:\/\/dx-factory-unipolis-corporate-wp.ha.servizi.gr-u.it\/site\/lets-mob-online-i-dieci-speech\/","og_site_name":"Unipolis","article_published_time":"2024-06-12T22:00:00+00:00","article_modified_time":"2026-01-05T10:05:00+00:00","og_image":[{"url":"https:\/\/dx-factory-unipolis-corporate-wp.ha.servizi.gr-u.it\/site\/wp-content\/uploads\/import\/PublishingImages\/Let's MOB _Unipolis_10 vincitori_sito.png","width":1,"height":1,"type":"image\/png"}],"author":"wsadmin","twitter_card":"summary_large_image","twitter_misc":{"Written by":"wsadmin","Est. reading time":"8 minutes"},"schema":{"@context":"https:\/\/schema.org","@graph":[{"@type":"Article","@id":"https:\/\/dx-factory-unipolis-corporate-wp.ha.servizi.gr-u.it\/site\/lets-mob-online-i-dieci-speech\/#article","isPartOf":{"@id":"https:\/\/dx-factory-unipolis-corporate-wp.ha.servizi.gr-u.it\/site\/lets-mob-online-i-dieci-speech\/"},"author":{"name":"wsadmin","@id":"https:\/\/www.fondazioneunipolis.org\/site\/#\/schema\/person\/43819ef7aaa5af51f1ed547eacb5e868"},"headline":"Let&#8217;s MOB: online i dieci speech","datePublished":"2024-06-12T22:00:00+00:00","dateModified":"2026-01-05T10:05:00+00:00","mainEntityOfPage":{"@id":"https:\/\/dx-factory-unipolis-corporate-wp.ha.servizi.gr-u.it\/site\/lets-mob-online-i-dieci-speech\/"},"wordCount":1258,"commentCount":0,"publisher":{"@id":"https:\/\/www.fondazioneunipolis.org\/site\/#organization"},"image":{"@id":"https:\/\/dx-factory-unipolis-corporate-wp.ha.servizi.gr-u.it\/site\/lets-mob-online-i-dieci-speech\/#primaryimage"},"thumbnailUrl":"https:\/\/www.fondazioneunipolis.org\/site\/wp-content\/uploads\/import\/PublishingImages\/Let's MOB _Unipolis_10 vincitori_sito.png","keywords":["mob"],"articleSection":["Mobilit\u00e0"],"inLanguage":"it-IT","potentialAction":[{"@type":"CommentAction","name":"Comment","target":["https:\/\/dx-factory-unipolis-corporate-wp.ha.servizi.gr-u.it\/site\/lets-mob-online-i-dieci-speech\/#respond"]}]},{"@type":"WebPage","@id":"https:\/\/dx-factory-unipolis-corporate-wp.ha.servizi.gr-u.it\/site\/lets-mob-online-i-dieci-speech\/","url":"https:\/\/dx-factory-unipolis-corporate-wp.ha.servizi.gr-u.it\/site\/lets-mob-online-i-dieci-speech\/","name":"Let's MOB: online i dieci speech - Unipolis","isPartOf":{"@id":"https:\/\/www.fondazioneunipolis.org\/site\/#website"},"primaryImageOfPage":{"@id":"https:\/\/dx-factory-unipolis-corporate-wp.ha.servizi.gr-u.it\/site\/lets-mob-online-i-dieci-speech\/#primaryimage"},"image":{"@id":"https:\/\/dx-factory-unipolis-corporate-wp.ha.servizi.gr-u.it\/site\/lets-mob-online-i-dieci-speech\/#primaryimage"},"thumbnailUrl":"https:\/\/www.fondazioneunipolis.org\/site\/wp-content\/uploads\/import\/PublishingImages\/Let's MOB _Unipolis_10 vincitori_sito.png","datePublished":"2024-06-12T22:00:00+00:00","dateModified":"2026-01-05T10:05:00+00:00","description":"Let's MOB: online i dieci speech","breadcrumb":{"@id":"https:\/\/dx-factory-unipolis-corporate-wp.ha.servizi.gr-u.it\/site\/lets-mob-online-i-dieci-speech\/#breadcrumb"},"inLanguage":"it-IT","potentialAction":[{"@type":"ReadAction","target":["https:\/\/dx-factory-unipolis-corporate-wp.ha.servizi.gr-u.it\/site\/lets-mob-online-i-dieci-speech\/"]}]},{"@type":"ImageObject","inLanguage":"it-IT","@id":"https:\/\/dx-factory-unipolis-corporate-wp.ha.servizi.gr-u.it\/site\/lets-mob-online-i-dieci-speech\/#primaryimage","url":"https:\/\/www.fondazioneunipolis.org\/site\/wp-content\/uploads\/import\/PublishingImages\/Let's MOB _Unipolis_10 vincitori_sito.png","contentUrl":"https:\/\/www.fondazioneunipolis.org\/site\/wp-content\/uploads\/import\/PublishingImages\/Let's MOB _Unipolis_10 vincitori_sito.png"},{"@type":"BreadcrumbList","@id":"https:\/\/dx-factory-unipolis-corporate-wp.ha.servizi.gr-u.it\/site\/lets-mob-online-i-dieci-speech\/#breadcrumb","itemListElement":[{"@type":"ListItem","position":1,"name":"Home","item":"https:\/\/www.fondazioneunipolis.org\/site\/"},{"@type":"ListItem","position":2,"name":"Let&#8217;s MOB: online i dieci speech"}]},{"@type":"WebSite","@id":"https:\/\/www.fondazioneunipolis.org\/site\/#website","url":"https:\/\/www.fondazioneunipolis.org\/site\/","name":"Unipolis","description":"","publisher":{"@id":"https:\/\/www.fondazioneunipolis.org\/site\/#organization"},"potentialAction":[{"@type":"SearchAction","target":{"@type":"EntryPoint","urlTemplate":"https:\/\/www.fondazioneunipolis.org\/site\/?s={search_term_string}"},"query-input":{"@type":"PropertyValueSpecification","valueRequired":true,"valueName":"search_term_string"}}],"inLanguage":"it-IT"},{"@type":"Organization","@id":"https:\/\/www.fondazioneunipolis.org\/site\/#organization","name":"Unipolis","url":"https:\/\/www.fondazioneunipolis.org\/site\/","logo":{"@type":"ImageObject","inLanguage":"it-IT","@id":"https:\/\/www.fondazioneunipolis.org\/site\/#\/schema\/logo\/image\/","url":"https:\/\/www.fondazioneunipolis.org\/site\/wp-content\/uploads\/2025\/07\/logo-fondazione-unipolis-1.svg","contentUrl":"https:\/\/www.fondazioneunipolis.org\/site\/wp-content\/uploads\/2025\/07\/logo-fondazione-unipolis-1.svg","caption":"Unipolis"},"image":{"@id":"https:\/\/www.fondazioneunipolis.org\/site\/#\/schema\/logo\/image\/"}},{"@type":"Person","@id":"https:\/\/www.fondazioneunipolis.org\/site\/#\/schema\/person\/43819ef7aaa5af51f1ed547eacb5e868","name":"wsadmin","image":{"@type":"ImageObject","inLanguage":"it-IT","@id":"https:\/\/www.fondazioneunipolis.org\/site\/#\/schema\/person\/image\/","url":"https:\/\/secure.gravatar.com\/avatar\/6512509e9ae62b647044a2731fadcbf236f2546df7b086feb6df7aabf2ef03aa?s=96&d=mm&r=g","contentUrl":"https:\/\/secure.gravatar.com\/avatar\/6512509e9ae62b647044a2731fadcbf236f2546df7b086feb6df7aabf2ef03aa?s=96&d=mm&r=g","caption":"wsadmin"},"sameAs":["https:\/\/www.fondazioneunipolis.org\/site"],"url":"https:\/\/www.fondazioneunipolis.org\/site\/author\/wsadmin\/"}]}},"_links":{"self":[{"href":"https:\/\/www.fondazioneunipolis.org\/site\/wp-json\/wp\/v2\/posts\/2345","targetHints":{"allow":["GET"]}}],"collection":[{"href":"https:\/\/www.fondazioneunipolis.org\/site\/wp-json\/wp\/v2\/posts"}],"about":[{"href":"https:\/\/www.fondazioneunipolis.org\/site\/wp-json\/wp\/v2\/types\/post"}],"author":[{"embeddable":true,"href":"https:\/\/www.fondazioneunipolis.org\/site\/wp-json\/wp\/v2\/users\/1"}],"replies":[{"embeddable":true,"href":"https:\/\/www.fondazioneunipolis.org\/site\/wp-json\/wp\/v2\/comments?post=2345"}],"version-history":[{"count":12,"href":"https:\/\/www.fondazioneunipolis.org\/site\/wp-json\/wp\/v2\/posts\/2345\/revisions"}],"predecessor-version":[{"id":11615,"href":"https:\/\/www.fondazioneunipolis.org\/site\/wp-json\/wp\/v2\/posts\/2345\/revisions\/11615"}],"wp:featuredmedia":[{"embeddable":true,"href":"https:\/\/www.fondazioneunipolis.org\/site\/wp-json\/wp\/v2\/media\/5238"}],"wp:attachment":[{"href":"https:\/\/www.fondazioneunipolis.org\/site\/wp-json\/wp\/v2\/media?parent=2345"}],"wp:term":[{"taxonomy":"category","embeddable":true,"href":"https:\/\/www.fondazioneunipolis.org\/site\/wp-json\/wp\/v2\/categories?post=2345"},{"taxonomy":"post_tag","embeddable":true,"href":"https:\/\/www.fondazioneunipolis.org\/site\/wp-json\/wp\/v2\/tags?post=2345"}],"curies":[{"name":"wp","href":"https:\/\/api.w.org\/{rel}","templated":true}]}}