{"id":2344,"date":"2025-03-12T00:00:00","date_gmt":"2025-03-11T23:00:00","guid":{"rendered":"https:\/\/www.fondazioneunipolis.org\/site\/siglato-il-protocollo-dintesa-tra-fondazione-unipolis-e-consiglio-nazionale-dei-giovani\/"},"modified":"2026-02-03T14:57:57","modified_gmt":"2026-02-03T13:57:57","slug":"siglato-il-protocollo-dintesa-tra-fondazione-unipolis-e-consiglio-nazionale-dei-giovani","status":"publish","type":"post","link":"https:\/\/www.fondazioneunipolis.org\/site\/news\/siglato-il-protocollo-dintesa-tra-fondazione-unipolis-e-consiglio-nazionale-dei-giovani\/","title":{"rendered":"Siglato il Protocollo d\u2019Intesa tra Fondazione Unipolis e Consiglio Nazionale dei Giovani"},"content":{"rendered":"<div id=\"ctl00_PlaceHolderMain_ctl03__ControlWrapper_RichHtmlField\" class=\"ms-rtestate-field\" style=\"display: inline;\" aria-labelledby=\"ctl00_PlaceHolderMain_ctl03_label\">\n<p><strong>\u200b\u200bFondazione Unipolis, la fondazione d&#8217;impresa del Gruppo Unipol<\/strong> e il <strong>Consiglio Nazionale dei Giovani (CNG)<\/strong> annunciano la firma di un <strong>Protocollo d\u2019Intesa<\/strong> che sancisce l\u2019avvio di una collaborazione strutturata per promuovere una cittadinanza attiva e consapevole tra le nuove generazioni, ponendo maggiore enfasi sulla lotta alle disuguaglianze.<\/p>\n<p>Il Consiglio Nazionale dei Giovani (CNG), istituito con la legge n. 145\/2018, \u00e8 l&#8217;organo consultivo incaricato di rappresentare le giovani generazioni nel dialogo con le istituzioni, in particolare con il Presidente del Consiglio dei Ministri o l&#8217;Autorit\u00e0 politica delegata, su questioni e politiche che le riguardano. Con l&#8217;obiettivo di promuovere la partecipazione attiva dei giovani allo sviluppo politico, sociale, economico e culturale del Paese, il CNG facilita il dialogo tra istituzioni, organizzazioni giovanili e i giovani stessi, raccogliendo le loro istanze e promuovendo politiche che rispondano alle loro esigenze, ponendo i giovani al centro dell&#8217;agenda politica.<\/p>\n<p>La sua azione si sviluppa in linea con le principali strategie internazionali, tra cui gli <em>Obiettivi di Sviluppo Sostenibile dell\u2019Agenda 2030.<\/em> I suoi ambiti di intervento spaziano dall\u2019educazione alla sostenibilit\u00e0 e alla mobilit\u00e0 alla formazione a una cittadinanza attiva, fino al contrasto alle discriminazioni e alla promozione dell\u2019inclusione sociale. Grazie alla collaborazione con enti pubblici e privati, il CNG favorisce la creazione di opportunit\u00e0 concrete per i giovani, contribuendo a rafforzarne il protagonismo nelle scelte che riguardano il loro futuro e quello del Paese.<\/p>\n<p>Fondazione Unipolis, attraverso il proprio <strong>piano triennale 2024-2026, opera su tre aree tematiche fondamentali: disuguaglianze, mobilit\u00e0 e welfare<\/strong>. La Fondazione mira a contribuire alla costruzione di una societ\u00e0 pi\u00f9 equa e solidale, garantendo alle persone fragili un accesso pi\u00f9 inclusivo alle opportunit\u00e0.<\/p>\n<p>Fondazione Unipolis e CNG hanno gi\u00e0 collaborato con successo nel biennio 2023-2024 attraverso il <strong>progetto MOB<\/strong>, un\u2019iniziativa volta a sensibilizzare le nuove generazioni sulla mobilit\u00e0 sostenibile e responsabile. Questa esperienza ha evidenziato una profonda sintonia tra gli obiettivi del piano triennale della Fondazione e la mission del CNG, in particolare sul tema della cittadinanza attiva e consapevole. Educare i giovani alla partecipazione democratica e alla conoscenza dei propri diritti e doveri significa formare futuri cittadini capaci non solo di rispettare le leggi e le istituzioni, ma anche di impegnarsi concretamente per il bene comune.<\/p>\n<p style=\"text-decoration: underline;\"><strong>Il progetto &#8220;Bella Storia. La tua&#8221;<\/strong><\/p>\n<p>Tra le iniziative congiunte previste dal Protocollo d\u2019Intesa, un ruolo centrale avr\u00e0 il progetto <strong>&#8220;Bella Storia. La tua&#8221;<\/strong>, un percorso triennale rivolto ai giovani per favorire l\u2019attivismo sociale e il coinvolgimento nelle dinamiche civiche e politiche del Paese. La collaborazione con il CNG si articoler\u00e0 attraverso:<\/p>\n<ul>\n<li>L\u2019individuazione e valorizzazione di storie di attivismo da portare come best practices agli eventi internazionali di CNG.<\/li>\n<li>La possibilit\u00e0 di consultazione dei partecipanti al termine della loro esperienza.<\/li>\n<li>Occasioni di formazione dedicate ai mentor del progetto, con il supporto del pool of trainers di CNG.<\/li>\n<li>L\u2019intervento di un rappresentante di CNG nel corso del terzo anno del percorso.<\/li>\n<li>La partecipazione di CNG al Tavolo degli Alleati e la condivisione dei risultati e delle raccomandazioni emerse dai focus group.<\/li>\n<li>Una campagna di sensibilizzazione sul tema della cittadinanza attiva con protagonisti i giovani di &#8220;Bella Storia. La tua&#8221;.<\/li>\n<\/ul>\n<p style=\"text-decoration: underline;\"><strong>Sicurezza stradale e mobilit\u00e0 sostenibile<\/strong><\/p>\n<p>Oltre all\u2019impegno comune su cittadinanza attiva e contrasto alle disuguaglianze, la collaborazione tra Unipolis e CNG si estender\u00e0 anche alla promozione della sicurezza stradale e della mobilit\u00e0 sostenibile attraverso:<\/p>\n<ul>\n<li><strong>City Flows<\/strong>, l\u2019evento internazionale organizzato annualmente dalla Fondazione sulla sicurezza stradale e la mobilit\u00e0 sostenibile. Nel 2025, l\u2019evento potr\u00e0 vertere sul tema dell\u2019intergenerazionalit\u00e0 e prevedere la partecipazione di giovani individuati dalle Parti.<\/li>\n<li><strong>&#8220;In monopattino in sicurezza&#8221;<\/strong>, un progetto nazionale per sensibilizzare i giovani sui rischi e sull\u2019uso corretto del monopattino elettrico, attraverso lezioni teoriche e pratiche nelle scuole e il coinvolgimento del CNG.<\/li>\n<\/ul>\n<p><em>&#8220;Offrire ai giovani strumenti e opportunit\u00e0 concrete di partecipazione \u00e8 fondamentale affinch\u00e9 possano contribuire attivamente allo sviluppo del Paese. In questo contesto, la collaborazione con Fondazione Unipolis ci permette di valorizzare il loro impegno, creare occasioni di crescita e promuovere percorsi di cittadinanza attiva e consapevole, affrontando con determinazione le disuguaglianze ancora presenti nella nostra societ\u00e0 e temi come la sicurezza stradale.&#8221;<\/em>, ha dichiarato <strong>M<\/strong><strong>aria Cristina Pisani, Presidente del Consiglio Nazionale dei Giovani.<\/strong><\/p>\n<p><em>\u201cDopo aver egregiamente collaborato per il progetto MOB siamo contenti di consolidare il nostro rapporto con il CNG, un organismo prezioso per dare voce ai giovani. Abbiamo trovato sintonie di vedute e di obiettivi che ci permetteranno di rendere sempre pi\u00f9 fluida ed efficace la collaborazione per poter avere un impatto sui ragazzi e sulla societ\u00e0\u201d<\/em>, ha commentato <strong>Marisa Parmigia<\/strong><strong>ni, Direttrice della Fondazione Unipolis.<\/strong><strong>\u200b<\/strong><\/p>\n<p>\u200b<\/p>\n<\/div>\n","protected":false},"excerpt":{"rendered":"<p>\u200b\u200bFondazione Unipolis, la fondazione d&#8217;impresa del Gruppo Unipol e il Consiglio Nazionale dei Giovani (CNG) annunciano la firma di un Protocollo d\u2019Intesa che sancisce l\u2019avvio di una collaborazione strutturata per promuovere una cittadinanza attiva e consapevole tra le nuove generazioni, ponendo maggiore enfasi sulla lotta alle disuguaglianze. Il Consiglio Nazionale dei Giovani (CNG), istituito con [&hellip;]<\/p>\n","protected":false},"author":1,"featured_media":4969,"comment_status":"open","ping_status":"open","sticky":false,"template":"","format":"standard","meta":{"_acf_changed":false,"footnotes":""},"categories":[20],"tags":[721],"class_list":["post-2344","post","type-post","status-publish","format-standard","has-post-thumbnail","hentry","category-unipolis","tag-unipolis"],"acf":[],"yoast_head":"<!-- This site is optimized with the Yoast SEO plugin v26.1.1 - https:\/\/yoast.com\/wordpress\/plugins\/seo\/ -->\n<title>Siglato il Protocollo d\u2019Intesa tra Fondazione Unipolis e Consiglio Nazionale dei Giovani - Unipolis<\/title>\n<meta name=\"description\" content=\"Siglato il Protocollo d\u2019Intesa tra Fondazione Unipolis e Consiglio Nazionale dei Giovani\" \/>\n<meta name=\"robots\" content=\"index, follow, max-snippet:-1, max-image-preview:large, max-video-preview:-1\" \/>\n<link rel=\"canonical\" href=\"https:\/\/www.fondazioneunipolis.org\/site\/news\/siglato-il-protocollo-dintesa-tra-fondazione-unipolis-e-consiglio-nazionale-dei-giovani\/\" \/>\n<meta property=\"og:locale\" content=\"it_IT\" \/>\n<meta property=\"og:type\" content=\"article\" \/>\n<meta property=\"og:title\" content=\"Siglato il Protocollo d\u2019Intesa tra Fondazione Unipolis e Consiglio Nazionale dei Giovani - Unipolis\" \/>\n<meta property=\"og:description\" content=\"Siglato il Protocollo d\u2019Intesa tra Fondazione Unipolis e Consiglio Nazionale dei Giovani\" \/>\n<meta property=\"og:url\" content=\"https:\/\/www.fondazioneunipolis.org\/site\/news\/siglato-il-protocollo-dintesa-tra-fondazione-unipolis-e-consiglio-nazionale-dei-giovani\/\" \/>\n<meta property=\"og:site_name\" content=\"Unipolis\" \/>\n<meta property=\"article:published_time\" content=\"2025-03-11T23:00:00+00:00\" \/>\n<meta property=\"article:modified_time\" content=\"2026-02-03T13:57:57+00:00\" \/>\n<meta property=\"og:image\" content=\"https:\/\/www.fondazioneunipolis.org\/site\/wp-content\/uploads\/import\/PublishingImages\/news\/Cng_Unipolis_2025.png\" \/>\n\t<meta property=\"og:image:width\" content=\"1\" \/>\n\t<meta property=\"og:image:height\" content=\"1\" \/>\n\t<meta property=\"og:image:type\" content=\"image\/png\" \/>\n<meta name=\"author\" content=\"wsadmin\" \/>\n<meta name=\"twitter:card\" content=\"summary_large_image\" \/>\n<meta name=\"twitter:label1\" content=\"Written by\" \/>\n\t<meta name=\"twitter:data1\" content=\"wsadmin\" \/>\n\t<meta name=\"twitter:label2\" content=\"Est. reading time\" \/>\n\t<meta name=\"twitter:data2\" content=\"5 minutes\" \/>\n<script type=\"application\/ld+json\" class=\"yoast-schema-graph\">{\"@context\":\"https:\/\/schema.org\",\"@graph\":[{\"@type\":\"Article\",\"@id\":\"https:\/\/www.fondazioneunipolis.org\/site\/news\/siglato-il-protocollo-dintesa-tra-fondazione-unipolis-e-consiglio-nazionale-dei-giovani\/#article\",\"isPartOf\":{\"@id\":\"https:\/\/www.fondazioneunipolis.org\/site\/news\/siglato-il-protocollo-dintesa-tra-fondazione-unipolis-e-consiglio-nazionale-dei-giovani\/\"},\"author\":{\"name\":\"wsadmin\",\"@id\":\"https:\/\/www.fondazioneunipolis.org\/site\/#\/schema\/person\/43819ef7aaa5af51f1ed547eacb5e868\"},\"headline\":\"Siglato il Protocollo d\u2019Intesa tra Fondazione Unipolis e Consiglio Nazionale dei Giovani\",\"datePublished\":\"2025-03-11T23:00:00+00:00\",\"dateModified\":\"2026-02-03T13:57:57+00:00\",\"mainEntityOfPage\":{\"@id\":\"https:\/\/www.fondazioneunipolis.org\/site\/news\/siglato-il-protocollo-dintesa-tra-fondazione-unipolis-e-consiglio-nazionale-dei-giovani\/\"},\"wordCount\":775,\"commentCount\":0,\"publisher\":{\"@id\":\"https:\/\/www.fondazioneunipolis.org\/site\/#organization\"},\"image\":{\"@id\":\"https:\/\/www.fondazioneunipolis.org\/site\/news\/siglato-il-protocollo-dintesa-tra-fondazione-unipolis-e-consiglio-nazionale-dei-giovani\/#primaryimage\"},\"thumbnailUrl\":\"https:\/\/www.fondazioneunipolis.org\/site\/wp-content\/uploads\/import\/PublishingImages\/news\/Cng_Unipolis_2025.png\",\"keywords\":[\"unipolis\"],\"articleSection\":[\"Unipolis\"],\"inLanguage\":\"it-IT\",\"potentialAction\":[{\"@type\":\"CommentAction\",\"name\":\"Comment\",\"target\":[\"https:\/\/www.fondazioneunipolis.org\/site\/news\/siglato-il-protocollo-dintesa-tra-fondazione-unipolis-e-consiglio-nazionale-dei-giovani\/#respond\"]}]},{\"@type\":\"WebPage\",\"@id\":\"https:\/\/www.fondazioneunipolis.org\/site\/news\/siglato-il-protocollo-dintesa-tra-fondazione-unipolis-e-consiglio-nazionale-dei-giovani\/\",\"url\":\"https:\/\/www.fondazioneunipolis.org\/site\/news\/siglato-il-protocollo-dintesa-tra-fondazione-unipolis-e-consiglio-nazionale-dei-giovani\/\",\"name\":\"Siglato il Protocollo d\u2019Intesa tra Fondazione Unipolis e Consiglio Nazionale dei Giovani - Unipolis\",\"isPartOf\":{\"@id\":\"https:\/\/www.fondazioneunipolis.org\/site\/#website\"},\"primaryImageOfPage\":{\"@id\":\"https:\/\/www.fondazioneunipolis.org\/site\/news\/siglato-il-protocollo-dintesa-tra-fondazione-unipolis-e-consiglio-nazionale-dei-giovani\/#primaryimage\"},\"image\":{\"@id\":\"https:\/\/www.fondazioneunipolis.org\/site\/news\/siglato-il-protocollo-dintesa-tra-fondazione-unipolis-e-consiglio-nazionale-dei-giovani\/#primaryimage\"},\"thumbnailUrl\":\"https:\/\/www.fondazioneunipolis.org\/site\/wp-content\/uploads\/import\/PublishingImages\/news\/Cng_Unipolis_2025.png\",\"datePublished\":\"2025-03-11T23:00:00+00:00\",\"dateModified\":\"2026-02-03T13:57:57+00:00\",\"description\":\"Siglato il Protocollo d\u2019Intesa tra Fondazione Unipolis e Consiglio Nazionale dei Giovani\",\"breadcrumb\":{\"@id\":\"https:\/\/www.fondazioneunipolis.org\/site\/news\/siglato-il-protocollo-dintesa-tra-fondazione-unipolis-e-consiglio-nazionale-dei-giovani\/#breadcrumb\"},\"inLanguage\":\"it-IT\",\"potentialAction\":[{\"@type\":\"ReadAction\",\"target\":[\"https:\/\/www.fondazioneunipolis.org\/site\/news\/siglato-il-protocollo-dintesa-tra-fondazione-unipolis-e-consiglio-nazionale-dei-giovani\/\"]}]},{\"@type\":\"ImageObject\",\"inLanguage\":\"it-IT\",\"@id\":\"https:\/\/www.fondazioneunipolis.org\/site\/news\/siglato-il-protocollo-dintesa-tra-fondazione-unipolis-e-consiglio-nazionale-dei-giovani\/#primaryimage\",\"url\":\"https:\/\/www.fondazioneunipolis.org\/site\/wp-content\/uploads\/import\/PublishingImages\/news\/Cng_Unipolis_2025.png\",\"contentUrl\":\"https:\/\/www.fondazioneunipolis.org\/site\/wp-content\/uploads\/import\/PublishingImages\/news\/Cng_Unipolis_2025.png\"},{\"@type\":\"BreadcrumbList\",\"@id\":\"https:\/\/www.fondazioneunipolis.org\/site\/news\/siglato-il-protocollo-dintesa-tra-fondazione-unipolis-e-consiglio-nazionale-dei-giovani\/#breadcrumb\",\"itemListElement\":[{\"@type\":\"ListItem\",\"position\":1,\"name\":\"Home\",\"item\":\"https:\/\/www.fondazioneunipolis.org\/site\/\"},{\"@type\":\"ListItem\",\"position\":2,\"name\":\"Siglato il Protocollo d\u2019Intesa tra Fondazione Unipolis e Consiglio Nazionale dei Giovani\"}]},{\"@type\":\"WebSite\",\"@id\":\"https:\/\/www.fondazioneunipolis.org\/site\/#website\",\"url\":\"https:\/\/www.fondazioneunipolis.org\/site\/\",\"name\":\"Unipolis\",\"description\":\"\",\"publisher\":{\"@id\":\"https:\/\/www.fondazioneunipolis.org\/site\/#organization\"},\"potentialAction\":[{\"@type\":\"SearchAction\",\"target\":{\"@type\":\"EntryPoint\",\"urlTemplate\":\"https:\/\/www.fondazioneunipolis.org\/site\/?s={search_term_string}\"},\"query-input\":{\"@type\":\"PropertyValueSpecification\",\"valueRequired\":true,\"valueName\":\"search_term_string\"}}],\"inLanguage\":\"it-IT\"},{\"@type\":\"Organization\",\"@id\":\"https:\/\/www.fondazioneunipolis.org\/site\/#organization\",\"name\":\"Unipolis\",\"url\":\"https:\/\/www.fondazioneunipolis.org\/site\/\",\"logo\":{\"@type\":\"ImageObject\",\"inLanguage\":\"it-IT\",\"@id\":\"https:\/\/www.fondazioneunipolis.org\/site\/#\/schema\/logo\/image\/\",\"url\":\"https:\/\/www.fondazioneunipolis.org\/site\/wp-content\/uploads\/2025\/07\/logo-fondazione-unipolis-1.svg\",\"contentUrl\":\"https:\/\/www.fondazioneunipolis.org\/site\/wp-content\/uploads\/2025\/07\/logo-fondazione-unipolis-1.svg\",\"caption\":\"Unipolis\"},\"image\":{\"@id\":\"https:\/\/www.fondazioneunipolis.org\/site\/#\/schema\/logo\/image\/\"}},{\"@type\":\"Person\",\"@id\":\"https:\/\/www.fondazioneunipolis.org\/site\/#\/schema\/person\/43819ef7aaa5af51f1ed547eacb5e868\",\"name\":\"wsadmin\",\"image\":{\"@type\":\"ImageObject\",\"inLanguage\":\"it-IT\",\"@id\":\"https:\/\/www.fondazioneunipolis.org\/site\/#\/schema\/person\/image\/\",\"url\":\"https:\/\/secure.gravatar.com\/avatar\/6512509e9ae62b647044a2731fadcbf236f2546df7b086feb6df7aabf2ef03aa?s=96&d=mm&r=g\",\"contentUrl\":\"https:\/\/secure.gravatar.com\/avatar\/6512509e9ae62b647044a2731fadcbf236f2546df7b086feb6df7aabf2ef03aa?s=96&d=mm&r=g\",\"caption\":\"wsadmin\"},\"sameAs\":[\"https:\/\/www.fondazioneunipolis.org\/site\"],\"url\":\"https:\/\/www.fondazioneunipolis.org\/site\/author\/wsadmin\/\"}]}<\/script>\n<!-- \/ Yoast SEO plugin. -->","yoast_head_json":{"title":"Siglato il Protocollo d\u2019Intesa tra Fondazione Unipolis e Consiglio Nazionale dei Giovani - Unipolis","description":"Siglato il Protocollo d\u2019Intesa tra Fondazione Unipolis e Consiglio Nazionale dei Giovani","robots":{"index":"index","follow":"follow","max-snippet":"max-snippet:-1","max-image-preview":"max-image-preview:large","max-video-preview":"max-video-preview:-1"},"canonical":"https:\/\/www.fondazioneunipolis.org\/site\/news\/siglato-il-protocollo-dintesa-tra-fondazione-unipolis-e-consiglio-nazionale-dei-giovani\/","og_locale":"it_IT","og_type":"article","og_title":"Siglato il Protocollo d\u2019Intesa tra Fondazione Unipolis e Consiglio Nazionale dei Giovani - Unipolis","og_description":"Siglato il Protocollo d\u2019Intesa tra Fondazione Unipolis e Consiglio Nazionale dei Giovani","og_url":"https:\/\/www.fondazioneunipolis.org\/site\/news\/siglato-il-protocollo-dintesa-tra-fondazione-unipolis-e-consiglio-nazionale-dei-giovani\/","og_site_name":"Unipolis","article_published_time":"2025-03-11T23:00:00+00:00","article_modified_time":"2026-02-03T13:57:57+00:00","og_image":[{"url":"https:\/\/www.fondazioneunipolis.org\/site\/wp-content\/uploads\/import\/PublishingImages\/news\/Cng_Unipolis_2025.png","width":1,"height":1,"type":"image\/png"}],"author":"wsadmin","twitter_card":"summary_large_image","twitter_misc":{"Written by":"wsadmin","Est. reading time":"5 minutes"},"schema":{"@context":"https:\/\/schema.org","@graph":[{"@type":"Article","@id":"https:\/\/www.fondazioneunipolis.org\/site\/news\/siglato-il-protocollo-dintesa-tra-fondazione-unipolis-e-consiglio-nazionale-dei-giovani\/#article","isPartOf":{"@id":"https:\/\/www.fondazioneunipolis.org\/site\/news\/siglato-il-protocollo-dintesa-tra-fondazione-unipolis-e-consiglio-nazionale-dei-giovani\/"},"author":{"name":"wsadmin","@id":"https:\/\/www.fondazioneunipolis.org\/site\/#\/schema\/person\/43819ef7aaa5af51f1ed547eacb5e868"},"headline":"Siglato il Protocollo d\u2019Intesa tra Fondazione Unipolis e Consiglio Nazionale dei Giovani","datePublished":"2025-03-11T23:00:00+00:00","dateModified":"2026-02-03T13:57:57+00:00","mainEntityOfPage":{"@id":"https:\/\/www.fondazioneunipolis.org\/site\/news\/siglato-il-protocollo-dintesa-tra-fondazione-unipolis-e-consiglio-nazionale-dei-giovani\/"},"wordCount":775,"commentCount":0,"publisher":{"@id":"https:\/\/www.fondazioneunipolis.org\/site\/#organization"},"image":{"@id":"https:\/\/www.fondazioneunipolis.org\/site\/news\/siglato-il-protocollo-dintesa-tra-fondazione-unipolis-e-consiglio-nazionale-dei-giovani\/#primaryimage"},"thumbnailUrl":"https:\/\/www.fondazioneunipolis.org\/site\/wp-content\/uploads\/import\/PublishingImages\/news\/Cng_Unipolis_2025.png","keywords":["unipolis"],"articleSection":["Unipolis"],"inLanguage":"it-IT","potentialAction":[{"@type":"CommentAction","name":"Comment","target":["https:\/\/www.fondazioneunipolis.org\/site\/news\/siglato-il-protocollo-dintesa-tra-fondazione-unipolis-e-consiglio-nazionale-dei-giovani\/#respond"]}]},{"@type":"WebPage","@id":"https:\/\/www.fondazioneunipolis.org\/site\/news\/siglato-il-protocollo-dintesa-tra-fondazione-unipolis-e-consiglio-nazionale-dei-giovani\/","url":"https:\/\/www.fondazioneunipolis.org\/site\/news\/siglato-il-protocollo-dintesa-tra-fondazione-unipolis-e-consiglio-nazionale-dei-giovani\/","name":"Siglato il Protocollo d\u2019Intesa tra Fondazione Unipolis e Consiglio Nazionale dei Giovani - Unipolis","isPartOf":{"@id":"https:\/\/www.fondazioneunipolis.org\/site\/#website"},"primaryImageOfPage":{"@id":"https:\/\/www.fondazioneunipolis.org\/site\/news\/siglato-il-protocollo-dintesa-tra-fondazione-unipolis-e-consiglio-nazionale-dei-giovani\/#primaryimage"},"image":{"@id":"https:\/\/www.fondazioneunipolis.org\/site\/news\/siglato-il-protocollo-dintesa-tra-fondazione-unipolis-e-consiglio-nazionale-dei-giovani\/#primaryimage"},"thumbnailUrl":"https:\/\/www.fondazioneunipolis.org\/site\/wp-content\/uploads\/import\/PublishingImages\/news\/Cng_Unipolis_2025.png","datePublished":"2025-03-11T23:00:00+00:00","dateModified":"2026-02-03T13:57:57+00:00","description":"Siglato il Protocollo d\u2019Intesa tra Fondazione Unipolis e Consiglio Nazionale dei Giovani","breadcrumb":{"@id":"https:\/\/www.fondazioneunipolis.org\/site\/news\/siglato-il-protocollo-dintesa-tra-fondazione-unipolis-e-consiglio-nazionale-dei-giovani\/#breadcrumb"},"inLanguage":"it-IT","potentialAction":[{"@type":"ReadAction","target":["https:\/\/www.fondazioneunipolis.org\/site\/news\/siglato-il-protocollo-dintesa-tra-fondazione-unipolis-e-consiglio-nazionale-dei-giovani\/"]}]},{"@type":"ImageObject","inLanguage":"it-IT","@id":"https:\/\/www.fondazioneunipolis.org\/site\/news\/siglato-il-protocollo-dintesa-tra-fondazione-unipolis-e-consiglio-nazionale-dei-giovani\/#primaryimage","url":"https:\/\/www.fondazioneunipolis.org\/site\/wp-content\/uploads\/import\/PublishingImages\/news\/Cng_Unipolis_2025.png","contentUrl":"https:\/\/www.fondazioneunipolis.org\/site\/wp-content\/uploads\/import\/PublishingImages\/news\/Cng_Unipolis_2025.png"},{"@type":"BreadcrumbList","@id":"https:\/\/www.fondazioneunipolis.org\/site\/news\/siglato-il-protocollo-dintesa-tra-fondazione-unipolis-e-consiglio-nazionale-dei-giovani\/#breadcrumb","itemListElement":[{"@type":"ListItem","position":1,"name":"Home","item":"https:\/\/www.fondazioneunipolis.org\/site\/"},{"@type":"ListItem","position":2,"name":"Siglato il Protocollo d\u2019Intesa tra Fondazione Unipolis e Consiglio Nazionale dei Giovani"}]},{"@type":"WebSite","@id":"https:\/\/www.fondazioneunipolis.org\/site\/#website","url":"https:\/\/www.fondazioneunipolis.org\/site\/","name":"Unipolis","description":"","publisher":{"@id":"https:\/\/www.fondazioneunipolis.org\/site\/#organization"},"potentialAction":[{"@type":"SearchAction","target":{"@type":"EntryPoint","urlTemplate":"https:\/\/www.fondazioneunipolis.org\/site\/?s={search_term_string}"},"query-input":{"@type":"PropertyValueSpecification","valueRequired":true,"valueName":"search_term_string"}}],"inLanguage":"it-IT"},{"@type":"Organization","@id":"https:\/\/www.fondazioneunipolis.org\/site\/#organization","name":"Unipolis","url":"https:\/\/www.fondazioneunipolis.org\/site\/","logo":{"@type":"ImageObject","inLanguage":"it-IT","@id":"https:\/\/www.fondazioneunipolis.org\/site\/#\/schema\/logo\/image\/","url":"https:\/\/www.fondazioneunipolis.org\/site\/wp-content\/uploads\/2025\/07\/logo-fondazione-unipolis-1.svg","contentUrl":"https:\/\/www.fondazioneunipolis.org\/site\/wp-content\/uploads\/2025\/07\/logo-fondazione-unipolis-1.svg","caption":"Unipolis"},"image":{"@id":"https:\/\/www.fondazioneunipolis.org\/site\/#\/schema\/logo\/image\/"}},{"@type":"Person","@id":"https:\/\/www.fondazioneunipolis.org\/site\/#\/schema\/person\/43819ef7aaa5af51f1ed547eacb5e868","name":"wsadmin","image":{"@type":"ImageObject","inLanguage":"it-IT","@id":"https:\/\/www.fondazioneunipolis.org\/site\/#\/schema\/person\/image\/","url":"https:\/\/secure.gravatar.com\/avatar\/6512509e9ae62b647044a2731fadcbf236f2546df7b086feb6df7aabf2ef03aa?s=96&d=mm&r=g","contentUrl":"https:\/\/secure.gravatar.com\/avatar\/6512509e9ae62b647044a2731fadcbf236f2546df7b086feb6df7aabf2ef03aa?s=96&d=mm&r=g","caption":"wsadmin"},"sameAs":["https:\/\/www.fondazioneunipolis.org\/site"],"url":"https:\/\/www.fondazioneunipolis.org\/site\/author\/wsadmin\/"}]}},"_links":{"self":[{"href":"https:\/\/www.fondazioneunipolis.org\/site\/wp-json\/wp\/v2\/posts\/2344","targetHints":{"allow":["GET"]}}],"collection":[{"href":"https:\/\/www.fondazioneunipolis.org\/site\/wp-json\/wp\/v2\/posts"}],"about":[{"href":"https:\/\/www.fondazioneunipolis.org\/site\/wp-json\/wp\/v2\/types\/post"}],"author":[{"embeddable":true,"href":"https:\/\/www.fondazioneunipolis.org\/site\/wp-json\/wp\/v2\/users\/1"}],"replies":[{"embeddable":true,"href":"https:\/\/www.fondazioneunipolis.org\/site\/wp-json\/wp\/v2\/comments?post=2344"}],"version-history":[{"count":14,"href":"https:\/\/www.fondazioneunipolis.org\/site\/wp-json\/wp\/v2\/posts\/2344\/revisions"}],"predecessor-version":[{"id":11571,"href":"https:\/\/www.fondazioneunipolis.org\/site\/wp-json\/wp\/v2\/posts\/2344\/revisions\/11571"}],"wp:featuredmedia":[{"embeddable":true,"href":"https:\/\/www.fondazioneunipolis.org\/site\/wp-json\/wp\/v2\/media\/4969"}],"wp:attachment":[{"href":"https:\/\/www.fondazioneunipolis.org\/site\/wp-json\/wp\/v2\/media?parent=2344"}],"wp:term":[{"taxonomy":"category","embeddable":true,"href":"https:\/\/www.fondazioneunipolis.org\/site\/wp-json\/wp\/v2\/categories?post=2344"},{"taxonomy":"post_tag","embeddable":true,"href":"https:\/\/www.fondazioneunipolis.org\/site\/wp-json\/wp\/v2\/tags?post=2344"}],"curies":[{"name":"wp","href":"https:\/\/api.w.org\/{rel}","templated":true}]}}