{"id":2337,"date":"2023-04-17T00:00:00","date_gmt":"2023-04-16T22:00:00","guid":{"rendered":"https:\/\/www.fondazioneunipolis.org\/site\/rivoluzionare-la-mobilita-e-aperto-il-bando-mob\/"},"modified":"2026-01-05T10:36:40","modified_gmt":"2026-01-05T09:36:40","slug":"rivoluzionare-la-mobilita-e-aperto-il-bando-mob","status":"publish","type":"post","link":"https:\/\/www.fondazioneunipolis.org\/site\/news\/rivoluzionare-la-mobilita-e-aperto-il-bando-mob\/","title":{"rendered":"Rivoluzionare la mobilit\u00e0: \u00e8 aperto il bando MOB"},"content":{"rendered":"<div id=\"ctl00_PlaceHolderMain_ctl03__ControlWrapper_RichHtmlField\" class=\"ms-rtestate-field\" style=\"display: inline;\" aria-labelledby=\"ctl00_PlaceHolderMain_ctl03_label\">\n<p><strong><em>\u200bFondazione Unipolis a caccia <\/em><\/strong><strong><em>dei<\/em><\/strong><strong><em> nuovi giovani attori e attrici\u00a0chiave della mobilit\u00e0 sostenibile<\/em><\/strong><\/p>\n<p>Mentre oltre 2.400 giocatori e giocatrici\u00a0si stanno sfidando a colpi di <strong>mobilit\u00e0 sostenibile<\/strong>, con il <a href=\"https:\/\/www.fondazioneunipolis.org\/site\/al-via-il-torneo-mob-vince-chi-si-muove-in-modo-sostenibile\/\" target=\"_blank\" rel=\"noopener\"><strong>torneo\u00a0MUV Game<\/strong><\/a> che sta per entrare nel vivo delle sfide a eliminazione diretta, si apre il 17 aprile\u00a0con il lancio di un bando la seconda fase del progetto biennale <a href=\"https:\/\/www.fondazioneunipolis.org\/site\/mob\/\"><strong><em>MOB <\/em><\/strong><strong><em>\u2013 movimento in rivoluzione<\/em><\/strong>\u00a0<\/a>\u00a0di <strong>Fondazione Unipolis<\/strong>.<\/p>\n<p>La call,\u00a0ideata per avvicinare i giovani alla mobilit\u00e0 sostenibile incoraggiando il loro coinvolgimento diretto, \u00e8 aperta <strong>d<\/strong><strong>al 17 aprile al 26 giugno 2023<\/strong>. In\u00a0palio, oltre a <strong>premi<\/strong> e momenti di <strong>confronto<\/strong> e <strong>formazione<\/strong>,\u00a0la possibilit\u00e0 per i selezionati\u00a0di presentare le proprie idee in un <strong>evento nazionale<\/strong> e di vedere\u00a0le proprie <strong>proposte realizzate<\/strong> concretamente.\u200b\u200b<\/p>\n<p>\u200bMOB nasce con l&#8217;intento di\u00a0stimolare l&#8217;ingaggio di ragazze e ragazzi\u00a0per accrescerne la <strong>consapevolezza<\/strong>\u00a0e attivarne i <strong>comportamenti virtuosi <\/strong>in tema di mobilit\u00e0 sicura e sostenibile, in linea con gli <strong>Obiettivi 4<\/strong> (Istruzione di qualit\u00e0) e <strong>11<\/strong> (Citt\u00e0 e comunit\u00e0 sostenibili) dell&#8217;<strong>Agenda 2030<\/strong> dell&#8217;<strong>ONU<\/strong>.<\/p>\n<p>I partecipanti, che devono <strong>avere<\/strong> <strong>16 anni e non aver superato<\/strong><strong> i<\/strong><strong> 21 anni<\/strong> alla data del 26 giugno 2023, possono scegliere di candidarsi a una o entrambe le categorie tra le seguenti: \u201c<strong>Idee dal futuro<\/strong>&#8221; e \u201c<strong>Proposte per il presente&lt;\/strong&gt;&#8221;;\u00a0in entrambi i casi, da <a style=\"background-color: #f8f8f8;\" href=\"https:\/\/www.fondazioneunipolis.org\/site\/wp-content\/uploads\/import\/Documents\/MOB_Regolamento.pdf\" target=\"_blank\" rel=\"noopener\">Regolamento\u200b<\/a> l&#8217;elaborato dovr\u00e0 essere tra i 6.000 e gli 8.000 caratteri spazi inclusi.\u00a0\u00a0<\/strong><\/p>\n<h4 class=\"ms-rteElement-H4B\">Idee dal futuro<\/h4>\n<p><span class=\"ms-rteStyle-Accent2\">Pu\u00f2 partecipare a questa categoria chi ha <strong>u<\/strong><strong>n&#8217;idea o una visione originale della mobilit\u00e0 oltre il 2030<\/strong>, in tema di tecnologie e innovazioni, di ambiente, di citt\u00e0 e cittadini del futuro. L&#8217;elaborato dovr\u00e0 raccontare l&#8217;impatto positivo che si vuole generare sulla societ\u00e0 e i cittadini del domani.\u00a0\u00a0<\/span><\/p>\n<h4 class=\"ms-rteElement-H4B\">Proposte per il presente<\/h4>\n<p><span class=\"ms-rteStyle-Accent2\">Pu\u00f2 partecipare a questa categoria chi ha una <\/span><strong class=\"ms-rteStyle-Accent2\">proposta originale di intervento concreto in tema di mobilit\u00e0 sostenibile<\/strong><span class=\"ms-rteStyle-Accent2\">, da realizzare in una citt\u00e0 italiana. Si pu\u00f2 intervenire sull&#8217;esistente cambiando quello che non funziona, o si possono progettare nuovi servizi infrastrutture e azioni.\u00a0\u200b<\/span><\/p>\n<p><a class=\"ms-rteElement-Button\" href=\"https:\/\/www.fondazioneunipolis.org\/site\/mob\/\" target=\"_blank\" rel=\"noopener\">scopri di pi\u00f9<\/a><b style=\"font-size: 14px; text-transform: uppercase; color: #386db2; text-align: center;\">\u00a0<\/b><\/p>\n<div>\n<p><span class=\"ms-rteStyle-Accent2\">\u200b<\/span>Gli elaborati presentati verranno valutati sulla base di criteri quali la coerenza e aderenza al tema, l&#8217;originalit\u00e0 e la creativit\u00e0, il potenziale espressivo e comunicativo, la fattibilit\u00e0 e l&#8217;efficacia. La commissione di valutazione sceglier\u00e0 e comunicher\u00e0 <strong>entro il 10 luglio 2023<\/strong> i risultati della selezione che individuer\u00e0 i <strong>50 migliori elaborati <\/strong>che accedono alla successiva fase di selezione.<\/p>\n<p>Il progetto MOB sar\u00e0 infatti declinato in un <strong>C<\/strong><strong>amp-<\/strong><strong>Fe<\/strong><strong>stival<\/strong> riservato ai selezionati che si svolger\u00e0 <strong>dall&#8217;8 al 10 settembre<\/strong> a <strong>Cesenatico<\/strong>. Al camp, incontri ispirazionali e laboratori utili per migliorare il proprio elaborato si alterneranno a momenti di relax e divertimento. Tra i partecipanti: <strong>Vincenzo Schettini<\/strong> (<strong><em>La fisica che ci piace<\/em><\/strong>), <strong>Alice Quattrocchi<\/strong> e <strong>Giovanni Mori<\/strong> (<strong><em>Fridays<\/em><\/strong><strong><em> for Future<\/em><\/strong>) e atleti della squadra <strong>Legend<\/strong> che hanno fatto la storia dello sport italiano.<\/p>\n<p>Dopo il camp,\u00a0tra gli elaborati perfezionati saranno selezionate le migliori <strong>10 <\/strong><strong><em>Idee dal futuro<\/em><\/strong>, gli autori e le autrici delle quali riceveranno formazione su <strong>public <\/strong><strong>speaking<\/strong> e <strong>storytelling<\/strong>, parteciperanno a un <strong>evento nazionale<\/strong> dedicato alla <strong>Generazione Z<\/strong> con creator e influencer e avranno spazio e visibilit\u00e0 sui canali di <strong>Scuola<\/strong><strong>Zoo<\/strong>. Inoltre, il o la migliore vincer\u00e0 un premio del valore di <strong>1.000 euro<\/strong> e tutte le idee saranno raccolte in un documento che verr\u00e0 consegnato al <strong>Consiglio Nazionale dei Giovani<\/strong>.<\/p>\n<p>Saranno inoltre selezionate <strong>3<\/strong> <strong><em>Proposte per il presente<\/em><\/strong>, gli autori e le autrici delle quali avranno accesso a un percorso di miglioramento della propria proposta, si confronteranno con le <strong>istituzioni <\/strong>e gli <strong>stakeholder<\/strong> della citt\u00e0 oggetto dell&#8217;intervento, sperimenteranno cosa vuol dire <strong>partecipazione civica<\/strong>, <strong>advocacy locale<\/strong>, <strong>stakeholder engagement<\/strong> e <strong>service design<\/strong> e potranno vedere concretamente realizzata la propria proposta.<\/p>\n<div>\n<p><strong>MOB<\/strong> \u00e8 patrocinato da <strong>Sport e Salute S.p.A.<\/strong>, Societ\u00e0 dello Stato italiano e struttura operativa\u00a0del Governo nella politica pubblica sportiva per la promozione dello sport di base e dei corretti stili\u00a0di vita e dal <strong>Consiglio Nazionale dei Giovani<\/strong>, l&#8217;organo consultivo cui \u00e8 demandata la rappresentanza dei giovani nell&#8217;interlocuzione con le Istituzioni per ogni confronto sulle politiche che riguardano il mondo giovanile.<\/p>\n<p>\u200bPer la realizzazione dell&#8217;Iniziativa, Unipolis si avvale della collaborazione di <strong>Legambiente<\/strong>, <strong>La<\/strong>\u00a0<strong>Fabbrica<\/strong>, <strong>The Good Lobby<\/strong>, <strong>Storyfactory<\/strong> e <strong>Cittadinanzattiva<\/strong> che lavorano nel mondo della mobilit\u00e0 sostenibile, della formazione, del protagonismo giovanile, dell&#8217;attivismo e della partecipazione civica delle cittadine e dei cittadini, dello storytelling e della comunicazione.<\/p>\n<p>Sono inoltre 14 le organizzazioni attive in ambito sportivo, religioso, scolastico ed extrascolastico che hanno aderito a MOB, ne condividono i valori, le idee e ne promuovono la partecipazione tra le loro comunit\u00e0 di giovani: <strong><em>Azione Cattolica Italiana<\/em><\/strong>, <strong><em>UGEI \u2013<\/em><\/strong> <strong><em>Unione Giovani Ebrei d&#8217;Italia<\/em><\/strong>, <strong><em>GMI &#8211; Giovani Musulmani d&#8217;Italia<\/em><\/strong>, <strong><em>AGESCI &#8211; Associazione Guide e<\/em><\/strong> <strong><em>Scouts Cattolici Italiani<\/em><\/strong>, <strong><em>Giovani delle Acli<\/em><\/strong>, <strong><em>ANSPI &#8211; Associazione Nazionale San Paolo Italia<\/em><\/strong>, <strong><em>ARCI<\/em><\/strong>, <strong><em>CSI &#8211; Centro Sportivo Italiano<\/em><\/strong>, <strong><em>UISP &#8211; Unione Italiana Sport Per tutti<\/em><\/strong>, <strong><em>AiCS<\/em><\/strong><strong><em> \u2013 Associazione Italiana<\/em><\/strong> <strong><em>Cultura Sport<\/em><\/strong>, <strong><em>ASI \u2013 Associazioni Sportive e Sociali Italiane<\/em><\/strong>, <strong><em>Pandora Societ\u00e0 Cooperativa Sociale<\/em><\/strong> <strong><em>Onlus<\/em><\/strong>, <strong><em>I.S.T.A.S.A.C.<\/em><\/strong> e <strong><em>Futuridea<\/em><\/strong>.<\/p>\n<\/div>\n<\/div>\n<\/div>\n","protected":false},"excerpt":{"rendered":"<p>\u200bFondazione Unipolis a caccia dei nuovi giovani attori e attrici\u00a0chiave della mobilit\u00e0 sostenibile Mentre oltre 2.400 giocatori e giocatrici\u00a0si stanno sfidando a colpi di mobilit\u00e0 sostenibile, con il torneo\u00a0MUV Game che sta per entrare nel vivo delle sfide a eliminazione diretta, si apre il 17 aprile\u00a0con il lancio di un bando la seconda fase del [&hellip;]<\/p>\n","protected":false},"author":1,"featured_media":6860,"comment_status":"open","ping_status":"open","sticky":false,"template":"","format":"standard","meta":{"_acf_changed":false,"footnotes":""},"categories":[16],"tags":[645],"class_list":["post-2337","post","type-post","status-publish","format-standard","has-post-thumbnail","hentry","category-mobilita","tag-mob"],"acf":[],"yoast_head":"<!-- This site is optimized with the Yoast SEO plugin v26.1.1 - https:\/\/yoast.com\/wordpress\/plugins\/seo\/ -->\n<title>Rivoluzionare la mobilit\u00e0: \u00e8 aperto il bando MOB - Unipolis<\/title>\n<meta name=\"description\" content=\"Rivoluzionare la mobilit\u00e0: \u00e8 aperto il bando MOB\" \/>\n<meta name=\"robots\" content=\"index, follow, max-snippet:-1, max-image-preview:large, max-video-preview:-1\" \/>\n<link rel=\"canonical\" href=\"https:\/\/www.fondazioneunipolis.org\/site\/rivoluzionare-la-mobilita-e-aperto-il-bando-mob\/\" \/>\n<meta property=\"og:locale\" content=\"it_IT\" \/>\n<meta property=\"og:type\" content=\"article\" \/>\n<meta property=\"og:title\" content=\"Rivoluzionare la mobilit\u00e0: \u00e8 aperto il bando MOB - Unipolis\" \/>\n<meta property=\"og:description\" content=\"Rivoluzionare la mobilit\u00e0: \u00e8 aperto il bando MOB\" \/>\n<meta property=\"og:url\" content=\"https:\/\/dx-factory-unipolis-corporate-wp.ha.servizi.gr-u.it\/site\/rivoluzionare-la-mobilita-e-aperto-il-bando-mob\/\" \/>\n<meta property=\"og:site_name\" content=\"Unipolis\" \/>\n<meta property=\"article:published_time\" content=\"2023-04-16T22:00:00+00:00\" \/>\n<meta property=\"article:modified_time\" content=\"2026-01-05T09:36:40+00:00\" \/>\n<meta property=\"og:image\" content=\"https:\/\/dx-factory-unipolis-corporate-wp.ha.servizi.gr-u.it\/site\/wp-content\/uploads\/import\/PublishingImages\/Unipolis_MOB_bando_170423.jpg\" \/>\n\t<meta property=\"og:image:width\" content=\"1\" \/>\n\t<meta property=\"og:image:height\" content=\"1\" \/>\n\t<meta property=\"og:image:type\" content=\"image\/jpeg\" \/>\n<meta name=\"author\" content=\"wsadmin\" \/>\n<meta name=\"twitter:card\" content=\"summary_large_image\" \/>\n<meta name=\"twitter:label1\" content=\"Written by\" \/>\n\t<meta name=\"twitter:data1\" content=\"wsadmin\" \/>\n\t<meta name=\"twitter:label2\" content=\"Est. reading time\" \/>\n\t<meta name=\"twitter:data2\" content=\"5 minutes\" \/>\n<script type=\"application\/ld+json\" class=\"yoast-schema-graph\">{\"@context\":\"https:\/\/schema.org\",\"@graph\":[{\"@type\":\"Article\",\"@id\":\"https:\/\/dx-factory-unipolis-corporate-wp.ha.servizi.gr-u.it\/site\/rivoluzionare-la-mobilita-e-aperto-il-bando-mob\/#article\",\"isPartOf\":{\"@id\":\"https:\/\/dx-factory-unipolis-corporate-wp.ha.servizi.gr-u.it\/site\/rivoluzionare-la-mobilita-e-aperto-il-bando-mob\/\"},\"author\":{\"name\":\"wsadmin\",\"@id\":\"https:\/\/www.fondazioneunipolis.org\/site\/#\/schema\/person\/43819ef7aaa5af51f1ed547eacb5e868\"},\"headline\":\"Rivoluzionare la mobilit\u00e0: \u00e8 aperto il bando MOB\",\"datePublished\":\"2023-04-16T22:00:00+00:00\",\"dateModified\":\"2026-01-05T09:36:40+00:00\",\"mainEntityOfPage\":{\"@id\":\"https:\/\/dx-factory-unipolis-corporate-wp.ha.servizi.gr-u.it\/site\/rivoluzionare-la-mobilita-e-aperto-il-bando-mob\/\"},\"wordCount\":820,\"commentCount\":0,\"publisher\":{\"@id\":\"https:\/\/www.fondazioneunipolis.org\/site\/#organization\"},\"image\":{\"@id\":\"https:\/\/dx-factory-unipolis-corporate-wp.ha.servizi.gr-u.it\/site\/rivoluzionare-la-mobilita-e-aperto-il-bando-mob\/#primaryimage\"},\"thumbnailUrl\":\"https:\/\/www.fondazioneunipolis.org\/site\/wp-content\/uploads\/import\/PublishingImages\/Unipolis_MOB_bando_170423.jpg\",\"keywords\":[\"mob\"],\"articleSection\":[\"Mobilit\u00e0\"],\"inLanguage\":\"it-IT\",\"potentialAction\":[{\"@type\":\"CommentAction\",\"name\":\"Comment\",\"target\":[\"https:\/\/dx-factory-unipolis-corporate-wp.ha.servizi.gr-u.it\/site\/rivoluzionare-la-mobilita-e-aperto-il-bando-mob\/#respond\"]}]},{\"@type\":\"WebPage\",\"@id\":\"https:\/\/dx-factory-unipolis-corporate-wp.ha.servizi.gr-u.it\/site\/rivoluzionare-la-mobilita-e-aperto-il-bando-mob\/\",\"url\":\"https:\/\/dx-factory-unipolis-corporate-wp.ha.servizi.gr-u.it\/site\/rivoluzionare-la-mobilita-e-aperto-il-bando-mob\/\",\"name\":\"Rivoluzionare la mobilit\u00e0: \u00e8 aperto il bando MOB - Unipolis\",\"isPartOf\":{\"@id\":\"https:\/\/www.fondazioneunipolis.org\/site\/#website\"},\"primaryImageOfPage\":{\"@id\":\"https:\/\/dx-factory-unipolis-corporate-wp.ha.servizi.gr-u.it\/site\/rivoluzionare-la-mobilita-e-aperto-il-bando-mob\/#primaryimage\"},\"image\":{\"@id\":\"https:\/\/dx-factory-unipolis-corporate-wp.ha.servizi.gr-u.it\/site\/rivoluzionare-la-mobilita-e-aperto-il-bando-mob\/#primaryimage\"},\"thumbnailUrl\":\"https:\/\/www.fondazioneunipolis.org\/site\/wp-content\/uploads\/import\/PublishingImages\/Unipolis_MOB_bando_170423.jpg\",\"datePublished\":\"2023-04-16T22:00:00+00:00\",\"dateModified\":\"2026-01-05T09:36:40+00:00\",\"description\":\"Rivoluzionare la mobilit\u00e0: \u00e8 aperto il bando MOB\",\"breadcrumb\":{\"@id\":\"https:\/\/dx-factory-unipolis-corporate-wp.ha.servizi.gr-u.it\/site\/rivoluzionare-la-mobilita-e-aperto-il-bando-mob\/#breadcrumb\"},\"inLanguage\":\"it-IT\",\"potentialAction\":[{\"@type\":\"ReadAction\",\"target\":[\"https:\/\/dx-factory-unipolis-corporate-wp.ha.servizi.gr-u.it\/site\/rivoluzionare-la-mobilita-e-aperto-il-bando-mob\/\"]}]},{\"@type\":\"ImageObject\",\"inLanguage\":\"it-IT\",\"@id\":\"https:\/\/dx-factory-unipolis-corporate-wp.ha.servizi.gr-u.it\/site\/rivoluzionare-la-mobilita-e-aperto-il-bando-mob\/#primaryimage\",\"url\":\"https:\/\/www.fondazioneunipolis.org\/site\/wp-content\/uploads\/import\/PublishingImages\/Unipolis_MOB_bando_170423.jpg\",\"contentUrl\":\"https:\/\/www.fondazioneunipolis.org\/site\/wp-content\/uploads\/import\/PublishingImages\/Unipolis_MOB_bando_170423.jpg\"},{\"@type\":\"BreadcrumbList\",\"@id\":\"https:\/\/dx-factory-unipolis-corporate-wp.ha.servizi.gr-u.it\/site\/rivoluzionare-la-mobilita-e-aperto-il-bando-mob\/#breadcrumb\",\"itemListElement\":[{\"@type\":\"ListItem\",\"position\":1,\"name\":\"Home\",\"item\":\"https:\/\/www.fondazioneunipolis.org\/site\/\"},{\"@type\":\"ListItem\",\"position\":2,\"name\":\"Rivoluzionare la mobilit\u00e0: \u00e8 aperto il bando MOB\"}]},{\"@type\":\"WebSite\",\"@id\":\"https:\/\/www.fondazioneunipolis.org\/site\/#website\",\"url\":\"https:\/\/www.fondazioneunipolis.org\/site\/\",\"name\":\"Unipolis\",\"description\":\"\",\"publisher\":{\"@id\":\"https:\/\/www.fondazioneunipolis.org\/site\/#organization\"},\"potentialAction\":[{\"@type\":\"SearchAction\",\"target\":{\"@type\":\"EntryPoint\",\"urlTemplate\":\"https:\/\/www.fondazioneunipolis.org\/site\/?s={search_term_string}\"},\"query-input\":{\"@type\":\"PropertyValueSpecification\",\"valueRequired\":true,\"valueName\":\"search_term_string\"}}],\"inLanguage\":\"it-IT\"},{\"@type\":\"Organization\",\"@id\":\"https:\/\/www.fondazioneunipolis.org\/site\/#organization\",\"name\":\"Unipolis\",\"url\":\"https:\/\/www.fondazioneunipolis.org\/site\/\",\"logo\":{\"@type\":\"ImageObject\",\"inLanguage\":\"it-IT\",\"@id\":\"https:\/\/www.fondazioneunipolis.org\/site\/#\/schema\/logo\/image\/\",\"url\":\"https:\/\/www.fondazioneunipolis.org\/site\/wp-content\/uploads\/2025\/07\/logo-fondazione-unipolis-1.svg\",\"contentUrl\":\"https:\/\/www.fondazioneunipolis.org\/site\/wp-content\/uploads\/2025\/07\/logo-fondazione-unipolis-1.svg\",\"caption\":\"Unipolis\"},\"image\":{\"@id\":\"https:\/\/www.fondazioneunipolis.org\/site\/#\/schema\/logo\/image\/\"}},{\"@type\":\"Person\",\"@id\":\"https:\/\/www.fondazioneunipolis.org\/site\/#\/schema\/person\/43819ef7aaa5af51f1ed547eacb5e868\",\"name\":\"wsadmin\",\"image\":{\"@type\":\"ImageObject\",\"inLanguage\":\"it-IT\",\"@id\":\"https:\/\/www.fondazioneunipolis.org\/site\/#\/schema\/person\/image\/\",\"url\":\"https:\/\/secure.gravatar.com\/avatar\/6512509e9ae62b647044a2731fadcbf236f2546df7b086feb6df7aabf2ef03aa?s=96&d=mm&r=g\",\"contentUrl\":\"https:\/\/secure.gravatar.com\/avatar\/6512509e9ae62b647044a2731fadcbf236f2546df7b086feb6df7aabf2ef03aa?s=96&d=mm&r=g\",\"caption\":\"wsadmin\"},\"sameAs\":[\"https:\/\/www.fondazioneunipolis.org\/site\"],\"url\":\"https:\/\/www.fondazioneunipolis.org\/site\/author\/wsadmin\/\"}]}<\/script>\n<!-- \/ Yoast SEO plugin. -->","yoast_head_json":{"title":"Rivoluzionare la mobilit\u00e0: \u00e8 aperto il bando MOB - Unipolis","description":"Rivoluzionare la mobilit\u00e0: \u00e8 aperto il bando MOB","robots":{"index":"index","follow":"follow","max-snippet":"max-snippet:-1","max-image-preview":"max-image-preview:large","max-video-preview":"max-video-preview:-1"},"canonical":"https:\/\/www.fondazioneunipolis.org\/site\/rivoluzionare-la-mobilita-e-aperto-il-bando-mob\/","og_locale":"it_IT","og_type":"article","og_title":"Rivoluzionare la mobilit\u00e0: \u00e8 aperto il bando MOB - Unipolis","og_description":"Rivoluzionare la mobilit\u00e0: \u00e8 aperto il bando MOB","og_url":"https:\/\/dx-factory-unipolis-corporate-wp.ha.servizi.gr-u.it\/site\/rivoluzionare-la-mobilita-e-aperto-il-bando-mob\/","og_site_name":"Unipolis","article_published_time":"2023-04-16T22:00:00+00:00","article_modified_time":"2026-01-05T09:36:40+00:00","og_image":[{"url":"https:\/\/dx-factory-unipolis-corporate-wp.ha.servizi.gr-u.it\/site\/wp-content\/uploads\/import\/PublishingImages\/Unipolis_MOB_bando_170423.jpg","width":1,"height":1,"type":"image\/jpeg"}],"author":"wsadmin","twitter_card":"summary_large_image","twitter_misc":{"Written by":"wsadmin","Est. reading time":"5 minutes"},"schema":{"@context":"https:\/\/schema.org","@graph":[{"@type":"Article","@id":"https:\/\/dx-factory-unipolis-corporate-wp.ha.servizi.gr-u.it\/site\/rivoluzionare-la-mobilita-e-aperto-il-bando-mob\/#article","isPartOf":{"@id":"https:\/\/dx-factory-unipolis-corporate-wp.ha.servizi.gr-u.it\/site\/rivoluzionare-la-mobilita-e-aperto-il-bando-mob\/"},"author":{"name":"wsadmin","@id":"https:\/\/www.fondazioneunipolis.org\/site\/#\/schema\/person\/43819ef7aaa5af51f1ed547eacb5e868"},"headline":"Rivoluzionare la mobilit\u00e0: \u00e8 aperto il bando MOB","datePublished":"2023-04-16T22:00:00+00:00","dateModified":"2026-01-05T09:36:40+00:00","mainEntityOfPage":{"@id":"https:\/\/dx-factory-unipolis-corporate-wp.ha.servizi.gr-u.it\/site\/rivoluzionare-la-mobilita-e-aperto-il-bando-mob\/"},"wordCount":820,"commentCount":0,"publisher":{"@id":"https:\/\/www.fondazioneunipolis.org\/site\/#organization"},"image":{"@id":"https:\/\/dx-factory-unipolis-corporate-wp.ha.servizi.gr-u.it\/site\/rivoluzionare-la-mobilita-e-aperto-il-bando-mob\/#primaryimage"},"thumbnailUrl":"https:\/\/www.fondazioneunipolis.org\/site\/wp-content\/uploads\/import\/PublishingImages\/Unipolis_MOB_bando_170423.jpg","keywords":["mob"],"articleSection":["Mobilit\u00e0"],"inLanguage":"it-IT","potentialAction":[{"@type":"CommentAction","name":"Comment","target":["https:\/\/dx-factory-unipolis-corporate-wp.ha.servizi.gr-u.it\/site\/rivoluzionare-la-mobilita-e-aperto-il-bando-mob\/#respond"]}]},{"@type":"WebPage","@id":"https:\/\/dx-factory-unipolis-corporate-wp.ha.servizi.gr-u.it\/site\/rivoluzionare-la-mobilita-e-aperto-il-bando-mob\/","url":"https:\/\/dx-factory-unipolis-corporate-wp.ha.servizi.gr-u.it\/site\/rivoluzionare-la-mobilita-e-aperto-il-bando-mob\/","name":"Rivoluzionare la mobilit\u00e0: \u00e8 aperto il bando MOB - Unipolis","isPartOf":{"@id":"https:\/\/www.fondazioneunipolis.org\/site\/#website"},"primaryImageOfPage":{"@id":"https:\/\/dx-factory-unipolis-corporate-wp.ha.servizi.gr-u.it\/site\/rivoluzionare-la-mobilita-e-aperto-il-bando-mob\/#primaryimage"},"image":{"@id":"https:\/\/dx-factory-unipolis-corporate-wp.ha.servizi.gr-u.it\/site\/rivoluzionare-la-mobilita-e-aperto-il-bando-mob\/#primaryimage"},"thumbnailUrl":"https:\/\/www.fondazioneunipolis.org\/site\/wp-content\/uploads\/import\/PublishingImages\/Unipolis_MOB_bando_170423.jpg","datePublished":"2023-04-16T22:00:00+00:00","dateModified":"2026-01-05T09:36:40+00:00","description":"Rivoluzionare la mobilit\u00e0: \u00e8 aperto il bando MOB","breadcrumb":{"@id":"https:\/\/dx-factory-unipolis-corporate-wp.ha.servizi.gr-u.it\/site\/rivoluzionare-la-mobilita-e-aperto-il-bando-mob\/#breadcrumb"},"inLanguage":"it-IT","potentialAction":[{"@type":"ReadAction","target":["https:\/\/dx-factory-unipolis-corporate-wp.ha.servizi.gr-u.it\/site\/rivoluzionare-la-mobilita-e-aperto-il-bando-mob\/"]}]},{"@type":"ImageObject","inLanguage":"it-IT","@id":"https:\/\/dx-factory-unipolis-corporate-wp.ha.servizi.gr-u.it\/site\/rivoluzionare-la-mobilita-e-aperto-il-bando-mob\/#primaryimage","url":"https:\/\/www.fondazioneunipolis.org\/site\/wp-content\/uploads\/import\/PublishingImages\/Unipolis_MOB_bando_170423.jpg","contentUrl":"https:\/\/www.fondazioneunipolis.org\/site\/wp-content\/uploads\/import\/PublishingImages\/Unipolis_MOB_bando_170423.jpg"},{"@type":"BreadcrumbList","@id":"https:\/\/dx-factory-unipolis-corporate-wp.ha.servizi.gr-u.it\/site\/rivoluzionare-la-mobilita-e-aperto-il-bando-mob\/#breadcrumb","itemListElement":[{"@type":"ListItem","position":1,"name":"Home","item":"https:\/\/www.fondazioneunipolis.org\/site\/"},{"@type":"ListItem","position":2,"name":"Rivoluzionare la mobilit\u00e0: \u00e8 aperto il bando MOB"}]},{"@type":"WebSite","@id":"https:\/\/www.fondazioneunipolis.org\/site\/#website","url":"https:\/\/www.fondazioneunipolis.org\/site\/","name":"Unipolis","description":"","publisher":{"@id":"https:\/\/www.fondazioneunipolis.org\/site\/#organization"},"potentialAction":[{"@type":"SearchAction","target":{"@type":"EntryPoint","urlTemplate":"https:\/\/www.fondazioneunipolis.org\/site\/?s={search_term_string}"},"query-input":{"@type":"PropertyValueSpecification","valueRequired":true,"valueName":"search_term_string"}}],"inLanguage":"it-IT"},{"@type":"Organization","@id":"https:\/\/www.fondazioneunipolis.org\/site\/#organization","name":"Unipolis","url":"https:\/\/www.fondazioneunipolis.org\/site\/","logo":{"@type":"ImageObject","inLanguage":"it-IT","@id":"https:\/\/www.fondazioneunipolis.org\/site\/#\/schema\/logo\/image\/","url":"https:\/\/www.fondazioneunipolis.org\/site\/wp-content\/uploads\/2025\/07\/logo-fondazione-unipolis-1.svg","contentUrl":"https:\/\/www.fondazioneunipolis.org\/site\/wp-content\/uploads\/2025\/07\/logo-fondazione-unipolis-1.svg","caption":"Unipolis"},"image":{"@id":"https:\/\/www.fondazioneunipolis.org\/site\/#\/schema\/logo\/image\/"}},{"@type":"Person","@id":"https:\/\/www.fondazioneunipolis.org\/site\/#\/schema\/person\/43819ef7aaa5af51f1ed547eacb5e868","name":"wsadmin","image":{"@type":"ImageObject","inLanguage":"it-IT","@id":"https:\/\/www.fondazioneunipolis.org\/site\/#\/schema\/person\/image\/","url":"https:\/\/secure.gravatar.com\/avatar\/6512509e9ae62b647044a2731fadcbf236f2546df7b086feb6df7aabf2ef03aa?s=96&d=mm&r=g","contentUrl":"https:\/\/secure.gravatar.com\/avatar\/6512509e9ae62b647044a2731fadcbf236f2546df7b086feb6df7aabf2ef03aa?s=96&d=mm&r=g","caption":"wsadmin"},"sameAs":["https:\/\/www.fondazioneunipolis.org\/site"],"url":"https:\/\/www.fondazioneunipolis.org\/site\/author\/wsadmin\/"}]}},"_links":{"self":[{"href":"https:\/\/www.fondazioneunipolis.org\/site\/wp-json\/wp\/v2\/posts\/2337","targetHints":{"allow":["GET"]}}],"collection":[{"href":"https:\/\/www.fondazioneunipolis.org\/site\/wp-json\/wp\/v2\/posts"}],"about":[{"href":"https:\/\/www.fondazioneunipolis.org\/site\/wp-json\/wp\/v2\/types\/post"}],"author":[{"embeddable":true,"href":"https:\/\/www.fondazioneunipolis.org\/site\/wp-json\/wp\/v2\/users\/1"}],"replies":[{"embeddable":true,"href":"https:\/\/www.fondazioneunipolis.org\/site\/wp-json\/wp\/v2\/comments?post=2337"}],"version-history":[{"count":8,"href":"https:\/\/www.fondazioneunipolis.org\/site\/wp-json\/wp\/v2\/posts\/2337\/revisions"}],"predecessor-version":[{"id":11604,"href":"https:\/\/www.fondazioneunipolis.org\/site\/wp-json\/wp\/v2\/posts\/2337\/revisions\/11604"}],"wp:featuredmedia":[{"embeddable":true,"href":"https:\/\/www.fondazioneunipolis.org\/site\/wp-json\/wp\/v2\/media\/6860"}],"wp:attachment":[{"href":"https:\/\/www.fondazioneunipolis.org\/site\/wp-json\/wp\/v2\/media?parent=2337"}],"wp:term":[{"taxonomy":"category","embeddable":true,"href":"https:\/\/www.fondazioneunipolis.org\/site\/wp-json\/wp\/v2\/categories?post=2337"},{"taxonomy":"post_tag","embeddable":true,"href":"https:\/\/www.fondazioneunipolis.org\/site\/wp-json\/wp\/v2\/tags?post=2337"}],"curies":[{"name":"wp","href":"https:\/\/api.w.org\/{rel}","templated":true}]}}