{"id":2333,"date":"2024-10-29T00:00:00","date_gmt":"2024-10-28T23:00:00","guid":{"rendered":"https:\/\/www.fondazioneunipolis.org\/site\/rapporto-asvis-2024-coltivare-ora-il-nostro-futuro\/"},"modified":"2025-12-29T12:12:59","modified_gmt":"2025-12-29T11:12:59","slug":"rapporto-asvis-2024-coltivare-ora-il-nostro-futuro","status":"publish","type":"post","link":"https:\/\/www.fondazioneunipolis.org\/site\/news\/rapporto-asvis-2024-coltivare-ora-il-nostro-futuro\/","title":{"rendered":"Rapporto ASviS 2024 \u201cColtivare ora il nostro futuro\u201d"},"content":{"rendered":"<div id=\"ctl00_PlaceHolderMain_ctl03__ControlWrapper_RichHtmlField\" class=\"ms-rtestate-field\" style=\"display: inline;\" aria-labelledby=\"ctl00_PlaceHolderMain_ctl03_label\">\n<p>\u200b\u200b<em>Pubblicato il <\/em><em>9\u00b0<\/em><em> Rapporto <\/em><em>dell&#8217;Alleanza<\/em><em> sull<\/em><em>o <\/em><em>stato<\/em><em> dell&#8217;Italia<\/em><em>, <\/em><em>con uno sguardo all&#8217;Europa e al mondo<\/em><em>, <\/em><em>rispetto al raggiungimento dell&#8217;Agenda 2030<\/em><\/p>\n<p><a href=\"https:\/\/asvis.it\/\">L&#8217;<strong>Alleanza Italiana per lo Svil\u200buppo Sostenibile (<\/strong><strong>ASviS<\/strong><strong>) <\/strong><\/a>ha presentato il17 ottobre a Roma, il Rapporto 2024, frutto del lavoro di migliaia di esperte ed esperti provenienti da pi\u00f9 di <strong>320 aderenti<\/strong> dell&#8217;Alleanza, evidenziando le sfide critiche che l&#8217;Italia deve affrontare per raggiungere gli <strong>Obiettivi di Sviluppo Sostenibile (<\/strong><strong>SDGs<\/strong><strong>)<\/strong> entro il 2030.<em>\u00a0<\/em><\/p>\n<p><strong><em>\u201c<\/em><\/strong><strong><em>L&#8217;alternativa a un mondo sostenibile \u00e8 un mondo insostenibile. Come l&#8217;attuale<\/em><\/strong><strong><em>&#8220;<\/em><\/strong>: questo l&#8217;avvertimento lanciato da <strong>Enrico Giovannini<\/strong>, direttore scientifico dell&#8217;Alleanza, a sei anni dalla scadenza dell&#8217;Agenda 2030.<\/p>\n<p><strong class=\"ms-rteFontSize-4\">Come siamo messi in Italia?<\/strong><span class=\"ms-rteFontSize-4\">\u00a0<\/span><\/p>\n<p>Secondo il Rapporto ASviS, il nostro Paese \u00e8 in \u201c<strong>drammatico ritardo<\/strong>&#8221; su tutti gli Obiettivi dell&#8217;Agenda 2030. Tra il 2010 e il 2023 si riscontrano <strong>peggioramenti <\/strong>per cinque Goal: povert\u00e0, disuguaglianze, qualit\u00e0 degli ecosistemi terrestri, governance e partnership. <strong>Miglioramenti molto contenuti<\/strong> per sei Obiettivi: cibo, energia pulita, lavoro e crescita economica, citt\u00e0 sostenibili, lotta al cambiamento climatico e qualit\u00e0 degli ecosistemi marini. Miglioramenti <strong>pi\u00f9 consistenti<\/strong> per cinque Goal: salute, educazione, uguaglianza di genere, acqua e sistemi igienico-sanitari e innovazione, mentre l&#8217;unico miglioramento molto consistente interessa l&#8217;economia circolare.<\/p>\n<p>Secondo l&#8217;analisi condotta in collaborazione con Prometeia, dei <strong>37 target da raggiungere entro il 2030<\/strong> solo otto sono raggiungibili (il 21,6%), 22 non potranno essere raggiunti (il 59,5%) e per sette il risultato \u00e8 incerto (il 18,9%).<\/p>\n<p><strong class=\"ms-rteFontSize-4\">Cosa succede in Europa<\/strong><span class=\"ms-rteFontSize-4\">\u00a0<\/span><\/p>\n<p>Il Rapporto dedica un capitolo all&#8217;analisi delle politiche Ue e all&#8217;andamento degli indicatori europei per l&#8217;Agenda 2030, di rilevanza in particolare dopo la rielezione di <strong>Ursula vo<\/strong><strong>n <\/strong><strong>der<\/strong><strong> Leyen<\/strong>, che nei suoi orientamenti politici ha ribadito l&#8217;impegno complessivo dell&#8217;Unione europea per l&#8217;attuazione degli SDGs.<\/p>\n<p>Dal 2010 a oggi sono stati registrati progressi per gran parte degli Obiettivi, anche se <strong>insufficienti<\/strong> per sperare di conseguire i Target entro la fine di questa decade. Sulla base dei dati pubblicati da Eurostat, rispetto ai valori del 2010, nel 2022 si registra una <strong>crescita molto consistente solo nel caso dell&#8217;uguaglianza di genere<\/strong>, aumenti significativi per energia pulita, lavoro e crescita economica, e innovazione, dinamiche moderatamente positive per dieci Goal, e peggioramenti per la qualit\u00e0 degli ecosistemi terrestri e la partnership. I risultati dell&#8217;<strong>Italia<\/strong> sono complessivamente <strong>sotto la media degli Stati membri<\/strong>. Tra quelli che vanno molto male istruzione, lavoro, povert\u00e0 e riduzione delle disuguaglianze. Mentre va molto bene l&#8217;economia circolare, fiore all&#8217;occhiello del nostro Paese.<\/p>\n<p><span class=\"ms-rteFontSize-4\"><strong>Quattro <\/strong><strong><em>game <\/em><\/strong><strong><em>changer<\/em><\/strong><strong> per l&#8217;<\/strong><strong>Italia<\/strong><\/span><\/p>\n<p>Nel Rapporto di quest&#8217;anno vengono illustrati quattro possibili <strong>fattori di cambiamento<\/strong>, per perseguire gli obiettivi dell&#8217;Agenda 2030, di cui tre positivi e uno negativo. Partendo da quest&#8217;ultimo l&#8217;<strong>autonomia differenziata<\/strong>, presenta numerosi rischi in termini di crescenti diseguaglianze nei territori. Si vedono opportunit\u00e0 invece derivanti dalle nuove <strong>n<\/strong><strong>ormative europee per le imprese<\/strong> sulla<strong> rendicontazione di sostenibilit\u00e0<\/strong> e il<strong> dovere di<\/strong><strong> diligenza<\/strong> sui temi sociali e ambientali; recepimento della direttiva europea sul<strong> ripristino della natura&lt;\/strong&gt;; la <strong>riforma della Costituzione<\/strong><strong> e la recente sentenza costituzionale<\/strong>, che ha introdotto tra i compiti della Repubblica quella della tutela dell&#8217;ambiente ha aperto scenari innovativi nelle scelte pubbliche e private, in quanto le esigenze economiche devono essere rese compatibili con quelle ambientali attraverso, per esempio, la riconversione degli impianti di produzione entro tre anni.\u00a0\u00a0<\/strong><\/p>\n<p><span class=\"ms-rteFontSize-4\"><strong>Le proposte dell&#8217;<\/strong><strong>ASviS<\/strong>\u00a0<\/span><\/p>\n<p>Il Rapporto avanza come ogni anno proposte per invertire la rotta del Paese. In particolare, per ci\u00f2 che riguarda gli interventi \u201cdi sistema&#8221;, l&#8217;Italia deve attuare con urgenza la <strong>Strategia nazionale di sviluppo sostenibile<\/strong> approvata dal Governo nel settembre 2023 e poi dimenticata. Inoltre, occorre:<\/p>\n<ul>\n<li>definire il <strong>Piano d&#8217;accelerazione nazionale per il conseguimento degli Obiettivi di sviluppo sostenibile<\/strong>, assegnarne la responsabilit\u00e0 alla Presidenza del Consiglio, e integrarlo nei documenti di programmazione economica;<\/li>\n<\/ul>\n<ul>\n<li>rendere operativo il <strong>Programma d&#8217;azione nazionale per la coerenza delle politiche per lo sviluppo sostenibile&lt;\/strong&gt;;\u00a0<\/strong><\/li>\n<\/ul>\n<ul>\n<li>approvare la <strong>Legge sul Clima<\/strong> e attuare il <strong>Regolamento sul ripristino della natura<\/strong>, in linea con la riforma della Costituzione del 2022;<\/li>\n<\/ul>\n<ul>\n<li>rafforzare le politiche per lo sviluppo sostenibile in una <strong>prospettiva territoriale<\/strong> e <strong>contrastare<\/strong> <strong>i rischi<\/strong> di aumento delle diseguaglianze territoriali derivanti dall&#8217;<strong>autonomia differenziata&lt;\/strong&gt;;\u00a0<\/strong><\/li>\n<\/ul>\n<ul>\n<li>attuare la \u201c<strong>Dichiarazione sulle Future generazioni<\/strong>&#8221; e rafforzare la partecipazione giovanile alla vita democratica del Paese.<\/li>\n<\/ul>\n<p>Seguire queste proposte aiuterebbe a \u201c<strong>colmare il gap tra impegni e realt\u00e0<\/strong>&#8220;, come scrivono i presidenti ASviS <strong>Marcella <\/strong><strong>Mallen<\/strong> e <strong>Pierluigi Stefanini<\/strong> nella loro introduzione al Rapporto. Ma il tempo che resta non \u00e8 molto. Come sottolinea anche il titolo del Rapporto, <strong>dobbiamo \u201cColtivare ora il nostro futuro&#8221;<\/strong>, attuando con urgenza azioni concrete e trasformative e prendendo sul serio gli impegni che sottoscriviamo a livello internazionale ed europeo per orientarci verso uno sviluppo pienamente sostenibile, perch\u00e9 \u201c\u00c8 l&#8217;unica strada possibile per costruire un <strong>futuro di speranza<\/strong>&#8220;.<\/p>\n<\/div>\n","protected":false},"excerpt":{"rendered":"<p>\u200b\u200bPubblicato il 9\u00b0 Rapporto dell&#8217;Alleanza sullo stato dell&#8217;Italia, con uno sguardo all&#8217;Europa e al mondo, rispetto al raggiungimento dell&#8217;Agenda 2030 L&#8217;Alleanza Italiana per lo Svil\u200buppo Sostenibile (ASviS) ha presentato il17 ottobre a Roma, il Rapporto 2024, frutto del lavoro di migliaia di esperte ed esperti provenienti da pi\u00f9 di 320 aderenti dell&#8217;Alleanza, evidenziando le sfide [&hellip;]<\/p>\n","protected":false},"author":1,"featured_media":4686,"comment_status":"open","ping_status":"open","sticky":false,"template":"","format":"standard","meta":{"_acf_changed":false,"footnotes":""},"categories":[20],"tags":[647],"class_list":["post-2333","post","type-post","status-publish","format-standard","has-post-thumbnail","hentry","category-unipolis","tag-asvis"],"acf":[],"yoast_head":"<!-- This site is optimized with the Yoast SEO plugin v26.1.1 - https:\/\/yoast.com\/wordpress\/plugins\/seo\/ -->\n<title>Rapporto ASviS 2024 \u201cColtivare ora il nostro futuro\u201d - Unipolis<\/title>\n<meta name=\"description\" content=\"Rapporto ASviS 2024 \u201cColtivare ora il nostro futuro\u201d\" \/>\n<meta name=\"robots\" content=\"index, follow, max-snippet:-1, max-image-preview:large, max-video-preview:-1\" \/>\n<link rel=\"canonical\" href=\"https:\/\/www.fondazioneunipolis.org\/site\/rapporto-asvis-2024-coltivare-ora-il-nostro-futuro\/\" \/>\n<meta property=\"og:locale\" content=\"it_IT\" \/>\n<meta property=\"og:type\" content=\"article\" \/>\n<meta property=\"og:title\" content=\"Rapporto ASviS 2024 \u201cColtivare ora il nostro futuro\u201d - Unipolis\" \/>\n<meta property=\"og:description\" content=\"Rapporto ASviS 2024 \u201cColtivare ora il nostro futuro\u201d\" \/>\n<meta property=\"og:url\" content=\"https:\/\/dx-factory-unipolis-corporate-wp.ha.servizi.gr-u.it\/site\/rapporto-asvis-2024-coltivare-ora-il-nostro-futuro\/\" \/>\n<meta property=\"og:site_name\" content=\"Unipolis\" \/>\n<meta property=\"article:published_time\" content=\"2024-10-28T23:00:00+00:00\" \/>\n<meta property=\"article:modified_time\" content=\"2025-12-29T11:12:59+00:00\" \/>\n<meta property=\"og:image\" content=\"https:\/\/dx-factory-unipolis-corporate-wp.ha.servizi.gr-u.it\/site\/wp-content\/uploads\/import\/PublishingImages\/Asvis%20Coltivare%20ora%20il%20nostro%20futuro.png\" \/>\n\t<meta property=\"og:image:width\" content=\"1\" \/>\n\t<meta property=\"og:image:height\" content=\"1\" \/>\n\t<meta property=\"og:image:type\" content=\"image\/png\" \/>\n<meta name=\"author\" content=\"wsadmin\" \/>\n<meta name=\"twitter:card\" content=\"summary_large_image\" \/>\n<meta name=\"twitter:label1\" content=\"Written by\" \/>\n\t<meta name=\"twitter:data1\" content=\"wsadmin\" \/>\n\t<meta name=\"twitter:label2\" content=\"Est. reading time\" \/>\n\t<meta name=\"twitter:data2\" content=\"5 minutes\" \/>\n<script type=\"application\/ld+json\" class=\"yoast-schema-graph\">{\"@context\":\"https:\/\/schema.org\",\"@graph\":[{\"@type\":\"Article\",\"@id\":\"https:\/\/dx-factory-unipolis-corporate-wp.ha.servizi.gr-u.it\/site\/rapporto-asvis-2024-coltivare-ora-il-nostro-futuro\/#article\",\"isPartOf\":{\"@id\":\"https:\/\/dx-factory-unipolis-corporate-wp.ha.servizi.gr-u.it\/site\/rapporto-asvis-2024-coltivare-ora-il-nostro-futuro\/\"},\"author\":{\"name\":\"wsadmin\",\"@id\":\"https:\/\/www.fondazioneunipolis.org\/site\/#\/schema\/person\/43819ef7aaa5af51f1ed547eacb5e868\"},\"headline\":\"Rapporto ASviS 2024 \u201cColtivare ora il nostro futuro\u201d\",\"datePublished\":\"2024-10-28T23:00:00+00:00\",\"dateModified\":\"2025-12-29T11:12:59+00:00\",\"mainEntityOfPage\":{\"@id\":\"https:\/\/dx-factory-unipolis-corporate-wp.ha.servizi.gr-u.it\/site\/rapporto-asvis-2024-coltivare-ora-il-nostro-futuro\/\"},\"wordCount\":792,\"commentCount\":0,\"publisher\":{\"@id\":\"https:\/\/www.fondazioneunipolis.org\/site\/#organization\"},\"image\":{\"@id\":\"https:\/\/dx-factory-unipolis-corporate-wp.ha.servizi.gr-u.it\/site\/rapporto-asvis-2024-coltivare-ora-il-nostro-futuro\/#primaryimage\"},\"thumbnailUrl\":\"https:\/\/www.fondazioneunipolis.org\/site\/wp-content\/uploads\/import\/PublishingImages\/Asvis Coltivare ora il nostro futuro.png\",\"keywords\":[\"asvis\"],\"articleSection\":[\"Unipolis\"],\"inLanguage\":\"it-IT\",\"potentialAction\":[{\"@type\":\"CommentAction\",\"name\":\"Comment\",\"target\":[\"https:\/\/dx-factory-unipolis-corporate-wp.ha.servizi.gr-u.it\/site\/rapporto-asvis-2024-coltivare-ora-il-nostro-futuro\/#respond\"]}]},{\"@type\":\"WebPage\",\"@id\":\"https:\/\/dx-factory-unipolis-corporate-wp.ha.servizi.gr-u.it\/site\/rapporto-asvis-2024-coltivare-ora-il-nostro-futuro\/\",\"url\":\"https:\/\/dx-factory-unipolis-corporate-wp.ha.servizi.gr-u.it\/site\/rapporto-asvis-2024-coltivare-ora-il-nostro-futuro\/\",\"name\":\"Rapporto ASviS 2024 \u201cColtivare ora il nostro futuro\u201d - Unipolis\",\"isPartOf\":{\"@id\":\"https:\/\/www.fondazioneunipolis.org\/site\/#website\"},\"primaryImageOfPage\":{\"@id\":\"https:\/\/dx-factory-unipolis-corporate-wp.ha.servizi.gr-u.it\/site\/rapporto-asvis-2024-coltivare-ora-il-nostro-futuro\/#primaryimage\"},\"image\":{\"@id\":\"https:\/\/dx-factory-unipolis-corporate-wp.ha.servizi.gr-u.it\/site\/rapporto-asvis-2024-coltivare-ora-il-nostro-futuro\/#primaryimage\"},\"thumbnailUrl\":\"https:\/\/www.fondazioneunipolis.org\/site\/wp-content\/uploads\/import\/PublishingImages\/Asvis Coltivare ora il nostro futuro.png\",\"datePublished\":\"2024-10-28T23:00:00+00:00\",\"dateModified\":\"2025-12-29T11:12:59+00:00\",\"description\":\"Rapporto ASviS 2024 \u201cColtivare ora il nostro futuro\u201d\",\"breadcrumb\":{\"@id\":\"https:\/\/dx-factory-unipolis-corporate-wp.ha.servizi.gr-u.it\/site\/rapporto-asvis-2024-coltivare-ora-il-nostro-futuro\/#breadcrumb\"},\"inLanguage\":\"it-IT\",\"potentialAction\":[{\"@type\":\"ReadAction\",\"target\":[\"https:\/\/dx-factory-unipolis-corporate-wp.ha.servizi.gr-u.it\/site\/rapporto-asvis-2024-coltivare-ora-il-nostro-futuro\/\"]}]},{\"@type\":\"ImageObject\",\"inLanguage\":\"it-IT\",\"@id\":\"https:\/\/dx-factory-unipolis-corporate-wp.ha.servizi.gr-u.it\/site\/rapporto-asvis-2024-coltivare-ora-il-nostro-futuro\/#primaryimage\",\"url\":\"https:\/\/www.fondazioneunipolis.org\/site\/wp-content\/uploads\/import\/PublishingImages\/Asvis Coltivare ora il nostro futuro.png\",\"contentUrl\":\"https:\/\/www.fondazioneunipolis.org\/site\/wp-content\/uploads\/import\/PublishingImages\/Asvis Coltivare ora il nostro futuro.png\"},{\"@type\":\"BreadcrumbList\",\"@id\":\"https:\/\/dx-factory-unipolis-corporate-wp.ha.servizi.gr-u.it\/site\/rapporto-asvis-2024-coltivare-ora-il-nostro-futuro\/#breadcrumb\",\"itemListElement\":[{\"@type\":\"ListItem\",\"position\":1,\"name\":\"Home\",\"item\":\"https:\/\/www.fondazioneunipolis.org\/site\/\"},{\"@type\":\"ListItem\",\"position\":2,\"name\":\"Rapporto ASviS 2024 \u201cColtivare ora il nostro futuro\u201d\"}]},{\"@type\":\"WebSite\",\"@id\":\"https:\/\/www.fondazioneunipolis.org\/site\/#website\",\"url\":\"https:\/\/www.fondazioneunipolis.org\/site\/\",\"name\":\"Unipolis\",\"description\":\"\",\"publisher\":{\"@id\":\"https:\/\/www.fondazioneunipolis.org\/site\/#organization\"},\"potentialAction\":[{\"@type\":\"SearchAction\",\"target\":{\"@type\":\"EntryPoint\",\"urlTemplate\":\"https:\/\/www.fondazioneunipolis.org\/site\/?s={search_term_string}\"},\"query-input\":{\"@type\":\"PropertyValueSpecification\",\"valueRequired\":true,\"valueName\":\"search_term_string\"}}],\"inLanguage\":\"it-IT\"},{\"@type\":\"Organization\",\"@id\":\"https:\/\/www.fondazioneunipolis.org\/site\/#organization\",\"name\":\"Unipolis\",\"url\":\"https:\/\/www.fondazioneunipolis.org\/site\/\",\"logo\":{\"@type\":\"ImageObject\",\"inLanguage\":\"it-IT\",\"@id\":\"https:\/\/www.fondazioneunipolis.org\/site\/#\/schema\/logo\/image\/\",\"url\":\"https:\/\/www.fondazioneunipolis.org\/site\/wp-content\/uploads\/2025\/07\/logo-fondazione-unipolis-1.svg\",\"contentUrl\":\"https:\/\/www.fondazioneunipolis.org\/site\/wp-content\/uploads\/2025\/07\/logo-fondazione-unipolis-1.svg\",\"caption\":\"Unipolis\"},\"image\":{\"@id\":\"https:\/\/www.fondazioneunipolis.org\/site\/#\/schema\/logo\/image\/\"}},{\"@type\":\"Person\",\"@id\":\"https:\/\/www.fondazioneunipolis.org\/site\/#\/schema\/person\/43819ef7aaa5af51f1ed547eacb5e868\",\"name\":\"wsadmin\",\"image\":{\"@type\":\"ImageObject\",\"inLanguage\":\"it-IT\",\"@id\":\"https:\/\/www.fondazioneunipolis.org\/site\/#\/schema\/person\/image\/\",\"url\":\"https:\/\/secure.gravatar.com\/avatar\/6512509e9ae62b647044a2731fadcbf236f2546df7b086feb6df7aabf2ef03aa?s=96&d=mm&r=g\",\"contentUrl\":\"https:\/\/secure.gravatar.com\/avatar\/6512509e9ae62b647044a2731fadcbf236f2546df7b086feb6df7aabf2ef03aa?s=96&d=mm&r=g\",\"caption\":\"wsadmin\"},\"sameAs\":[\"https:\/\/www.fondazioneunipolis.org\/site\"],\"url\":\"https:\/\/www.fondazioneunipolis.org\/site\/author\/wsadmin\/\"}]}<\/script>\n<!-- \/ Yoast SEO plugin. -->","yoast_head_json":{"title":"Rapporto ASviS 2024 \u201cColtivare ora il nostro futuro\u201d - Unipolis","description":"Rapporto ASviS 2024 \u201cColtivare ora il nostro futuro\u201d","robots":{"index":"index","follow":"follow","max-snippet":"max-snippet:-1","max-image-preview":"max-image-preview:large","max-video-preview":"max-video-preview:-1"},"canonical":"https:\/\/www.fondazioneunipolis.org\/site\/rapporto-asvis-2024-coltivare-ora-il-nostro-futuro\/","og_locale":"it_IT","og_type":"article","og_title":"Rapporto ASviS 2024 \u201cColtivare ora il nostro futuro\u201d - Unipolis","og_description":"Rapporto ASviS 2024 \u201cColtivare ora il nostro futuro\u201d","og_url":"https:\/\/dx-factory-unipolis-corporate-wp.ha.servizi.gr-u.it\/site\/rapporto-asvis-2024-coltivare-ora-il-nostro-futuro\/","og_site_name":"Unipolis","article_published_time":"2024-10-28T23:00:00+00:00","article_modified_time":"2025-12-29T11:12:59+00:00","og_image":[{"url":"https:\/\/dx-factory-unipolis-corporate-wp.ha.servizi.gr-u.it\/site\/wp-content\/uploads\/import\/PublishingImages\/Asvis Coltivare ora il nostro futuro.png","width":1,"height":1,"type":"image\/png"}],"author":"wsadmin","twitter_card":"summary_large_image","twitter_misc":{"Written by":"wsadmin","Est. reading time":"5 minutes"},"schema":{"@context":"https:\/\/schema.org","@graph":[{"@type":"Article","@id":"https:\/\/dx-factory-unipolis-corporate-wp.ha.servizi.gr-u.it\/site\/rapporto-asvis-2024-coltivare-ora-il-nostro-futuro\/#article","isPartOf":{"@id":"https:\/\/dx-factory-unipolis-corporate-wp.ha.servizi.gr-u.it\/site\/rapporto-asvis-2024-coltivare-ora-il-nostro-futuro\/"},"author":{"name":"wsadmin","@id":"https:\/\/www.fondazioneunipolis.org\/site\/#\/schema\/person\/43819ef7aaa5af51f1ed547eacb5e868"},"headline":"Rapporto ASviS 2024 \u201cColtivare ora il nostro futuro\u201d","datePublished":"2024-10-28T23:00:00+00:00","dateModified":"2025-12-29T11:12:59+00:00","mainEntityOfPage":{"@id":"https:\/\/dx-factory-unipolis-corporate-wp.ha.servizi.gr-u.it\/site\/rapporto-asvis-2024-coltivare-ora-il-nostro-futuro\/"},"wordCount":792,"commentCount":0,"publisher":{"@id":"https:\/\/www.fondazioneunipolis.org\/site\/#organization"},"image":{"@id":"https:\/\/dx-factory-unipolis-corporate-wp.ha.servizi.gr-u.it\/site\/rapporto-asvis-2024-coltivare-ora-il-nostro-futuro\/#primaryimage"},"thumbnailUrl":"https:\/\/www.fondazioneunipolis.org\/site\/wp-content\/uploads\/import\/PublishingImages\/Asvis Coltivare ora il nostro futuro.png","keywords":["asvis"],"articleSection":["Unipolis"],"inLanguage":"it-IT","potentialAction":[{"@type":"CommentAction","name":"Comment","target":["https:\/\/dx-factory-unipolis-corporate-wp.ha.servizi.gr-u.it\/site\/rapporto-asvis-2024-coltivare-ora-il-nostro-futuro\/#respond"]}]},{"@type":"WebPage","@id":"https:\/\/dx-factory-unipolis-corporate-wp.ha.servizi.gr-u.it\/site\/rapporto-asvis-2024-coltivare-ora-il-nostro-futuro\/","url":"https:\/\/dx-factory-unipolis-corporate-wp.ha.servizi.gr-u.it\/site\/rapporto-asvis-2024-coltivare-ora-il-nostro-futuro\/","name":"Rapporto ASviS 2024 \u201cColtivare ora il nostro futuro\u201d - Unipolis","isPartOf":{"@id":"https:\/\/www.fondazioneunipolis.org\/site\/#website"},"primaryImageOfPage":{"@id":"https:\/\/dx-factory-unipolis-corporate-wp.ha.servizi.gr-u.it\/site\/rapporto-asvis-2024-coltivare-ora-il-nostro-futuro\/#primaryimage"},"image":{"@id":"https:\/\/dx-factory-unipolis-corporate-wp.ha.servizi.gr-u.it\/site\/rapporto-asvis-2024-coltivare-ora-il-nostro-futuro\/#primaryimage"},"thumbnailUrl":"https:\/\/www.fondazioneunipolis.org\/site\/wp-content\/uploads\/import\/PublishingImages\/Asvis Coltivare ora il nostro futuro.png","datePublished":"2024-10-28T23:00:00+00:00","dateModified":"2025-12-29T11:12:59+00:00","description":"Rapporto ASviS 2024 \u201cColtivare ora il nostro futuro\u201d","breadcrumb":{"@id":"https:\/\/dx-factory-unipolis-corporate-wp.ha.servizi.gr-u.it\/site\/rapporto-asvis-2024-coltivare-ora-il-nostro-futuro\/#breadcrumb"},"inLanguage":"it-IT","potentialAction":[{"@type":"ReadAction","target":["https:\/\/dx-factory-unipolis-corporate-wp.ha.servizi.gr-u.it\/site\/rapporto-asvis-2024-coltivare-ora-il-nostro-futuro\/"]}]},{"@type":"ImageObject","inLanguage":"it-IT","@id":"https:\/\/dx-factory-unipolis-corporate-wp.ha.servizi.gr-u.it\/site\/rapporto-asvis-2024-coltivare-ora-il-nostro-futuro\/#primaryimage","url":"https:\/\/www.fondazioneunipolis.org\/site\/wp-content\/uploads\/import\/PublishingImages\/Asvis Coltivare ora il nostro futuro.png","contentUrl":"https:\/\/www.fondazioneunipolis.org\/site\/wp-content\/uploads\/import\/PublishingImages\/Asvis Coltivare ora il nostro futuro.png"},{"@type":"BreadcrumbList","@id":"https:\/\/dx-factory-unipolis-corporate-wp.ha.servizi.gr-u.it\/site\/rapporto-asvis-2024-coltivare-ora-il-nostro-futuro\/#breadcrumb","itemListElement":[{"@type":"ListItem","position":1,"name":"Home","item":"https:\/\/www.fondazioneunipolis.org\/site\/"},{"@type":"ListItem","position":2,"name":"Rapporto ASviS 2024 \u201cColtivare ora il nostro futuro\u201d"}]},{"@type":"WebSite","@id":"https:\/\/www.fondazioneunipolis.org\/site\/#website","url":"https:\/\/www.fondazioneunipolis.org\/site\/","name":"Unipolis","description":"","publisher":{"@id":"https:\/\/www.fondazioneunipolis.org\/site\/#organization"},"potentialAction":[{"@type":"SearchAction","target":{"@type":"EntryPoint","urlTemplate":"https:\/\/www.fondazioneunipolis.org\/site\/?s={search_term_string}"},"query-input":{"@type":"PropertyValueSpecification","valueRequired":true,"valueName":"search_term_string"}}],"inLanguage":"it-IT"},{"@type":"Organization","@id":"https:\/\/www.fondazioneunipolis.org\/site\/#organization","name":"Unipolis","url":"https:\/\/www.fondazioneunipolis.org\/site\/","logo":{"@type":"ImageObject","inLanguage":"it-IT","@id":"https:\/\/www.fondazioneunipolis.org\/site\/#\/schema\/logo\/image\/","url":"https:\/\/www.fondazioneunipolis.org\/site\/wp-content\/uploads\/2025\/07\/logo-fondazione-unipolis-1.svg","contentUrl":"https:\/\/www.fondazioneunipolis.org\/site\/wp-content\/uploads\/2025\/07\/logo-fondazione-unipolis-1.svg","caption":"Unipolis"},"image":{"@id":"https:\/\/www.fondazioneunipolis.org\/site\/#\/schema\/logo\/image\/"}},{"@type":"Person","@id":"https:\/\/www.fondazioneunipolis.org\/site\/#\/schema\/person\/43819ef7aaa5af51f1ed547eacb5e868","name":"wsadmin","image":{"@type":"ImageObject","inLanguage":"it-IT","@id":"https:\/\/www.fondazioneunipolis.org\/site\/#\/schema\/person\/image\/","url":"https:\/\/secure.gravatar.com\/avatar\/6512509e9ae62b647044a2731fadcbf236f2546df7b086feb6df7aabf2ef03aa?s=96&d=mm&r=g","contentUrl":"https:\/\/secure.gravatar.com\/avatar\/6512509e9ae62b647044a2731fadcbf236f2546df7b086feb6df7aabf2ef03aa?s=96&d=mm&r=g","caption":"wsadmin"},"sameAs":["https:\/\/www.fondazioneunipolis.org\/site"],"url":"https:\/\/www.fondazioneunipolis.org\/site\/author\/wsadmin\/"}]}},"_links":{"self":[{"href":"https:\/\/www.fondazioneunipolis.org\/site\/wp-json\/wp\/v2\/posts\/2333","targetHints":{"allow":["GET"]}}],"collection":[{"href":"https:\/\/www.fondazioneunipolis.org\/site\/wp-json\/wp\/v2\/posts"}],"about":[{"href":"https:\/\/www.fondazioneunipolis.org\/site\/wp-json\/wp\/v2\/types\/post"}],"author":[{"embeddable":true,"href":"https:\/\/www.fondazioneunipolis.org\/site\/wp-json\/wp\/v2\/users\/1"}],"replies":[{"embeddable":true,"href":"https:\/\/www.fondazioneunipolis.org\/site\/wp-json\/wp\/v2\/comments?post=2333"}],"version-history":[{"count":8,"href":"https:\/\/www.fondazioneunipolis.org\/site\/wp-json\/wp\/v2\/posts\/2333\/revisions"}],"predecessor-version":[{"id":11312,"href":"https:\/\/www.fondazioneunipolis.org\/site\/wp-json\/wp\/v2\/posts\/2333\/revisions\/11312"}],"wp:featuredmedia":[{"embeddable":true,"href":"https:\/\/www.fondazioneunipolis.org\/site\/wp-json\/wp\/v2\/media\/4686"}],"wp:attachment":[{"href":"https:\/\/www.fondazioneunipolis.org\/site\/wp-json\/wp\/v2\/media?parent=2333"}],"wp:term":[{"taxonomy":"category","embeddable":true,"href":"https:\/\/www.fondazioneunipolis.org\/site\/wp-json\/wp\/v2\/categories?post=2333"},{"taxonomy":"post_tag","embeddable":true,"href":"https:\/\/www.fondazioneunipolis.org\/site\/wp-json\/wp\/v2\/tags?post=2333"}],"curies":[{"name":"wp","href":"https:\/\/api.w.org\/{rel}","templated":true}]}}