{"id":2332,"date":"2023-10-20T00:00:00","date_gmt":"2023-10-19T22:00:00","guid":{"rendered":"https:\/\/www.fondazioneunipolis.org\/site\/rapporto-asvis-2023-su-sviluppo-sostenibile\/"},"modified":"2025-12-29T14:57:34","modified_gmt":"2025-12-29T13:57:34","slug":"rapporto-asvis-2023-su-sviluppo-sostenibile","status":"publish","type":"post","link":"https:\/\/www.fondazioneunipolis.org\/site\/news\/rapporto-asvis-2023-su-sviluppo-sostenibile\/","title":{"rendered":"Rapporto ASviS 2023 su sviluppo sostenibile"},"content":{"rendered":"<div id=\"ctl00_PlaceHolderMain_ctl03__ControlWrapper_RichHtmlField\" class=\"ms-rtestate-field\" style=\"display: inline;\" aria-labelledby=\"ctl00_PlaceHolderMain_ctl03_label\">\n<h3>\u200bA met\u00e0 del percorso dell&#8217;Agenda 2030\u00a0i progressi sono \u201cdecisamente insufficienti&#8221;.\u00a0Cresce la consapevolezza degli italiani sulla sostenibilit\u00e0, ma anche lo scetticismo. L&#8217;ASviS propone 13 linee di intervento per cambiare rotta.<\/h3>\n<p><em>\u201cIl 2023 \u00e8 un anno speciale per il percorso cominciato con l&#8217;adozione dell&#8217;Agenda 2030: siamo a met\u00e0 strada e la meta \u00e8 ormai in vista&#8221;. <\/em>Cos\u00ec\u00a0<strong>Marcella Mallen<\/strong>\u00a0e\u00a0<strong>Pierluigi Stefanini<\/strong>, presidenti dell&#8217;ASviS, aprono la nuova edizione del\u00a0<strong>Rapporto annuale dell&#8217;Alleanza \u201cL&#8217;Italia e gli Obiettivi di Sviluppo Sostenibile&#8221;<\/strong>,\u00a0che fa il punto sull&#8217;avanzamento degli Obiettivi di sviluppo sostenibile (SDGs) a livello nazionale ed europeo, oltre a offrire una panoramica globale.<\/p>\n<p>Dal Rapporto, presentato il 19 ottobre in un<strong>\u00a0<\/strong><a href=\"https:\/\/asvis.it\/notizie-sull-alleanza\/19-18373\/lo-sviluppo-sostenibile-richiede-unidea-coerente-di-welfare-universale\" target=\"_blank\" rel=\"noopener\"><strong>evento a cui \u00e8 stata conferita la Medaglia del Presidente della Repubblica<\/strong><\/a>, emergono da un lato i\u00a0<strong>passi in avanti <\/strong>compiuti rispetto al 2015, anche grazie al costante impegno dell&#8217;ASviS: tra gli obiettivi raggiunti, non si pu\u00f2 non ricordare la storica\u00a0<strong>riforma della Costituzione<\/strong>, con\u00a0l&#8217;inclusione dei principi di tutela dell&#8217;ambiente anche nell&#8217;interesse delle future generazioni. Dall&#8217;altro lato, per\u00f2, c&#8217;\u00e8 la <strong>\u201cdura realt\u00e0&#8221;<\/strong> per la quale siamo lontani dal conseguire gli Obiettivi dell&#8217;Agenda 2030 e non siamo sul &#8216;sentiero giusto&#8217;.<\/p>\n<p>Novit\u00e0 di quest&#8217;anno, la possibilit\u00e0 di visionare per la prima volta\u00a0alcuni contenuti chiave del Rapporto su una\u00a0<a href=\"https:\/\/asvis.it\/rapporto-2023\/\" target=\"_blank\" rel=\"noopener\"><strong>pagina dedicata<\/strong><\/a><strong>\u00a0del sito asvis.it<\/strong>, con <strong>infografiche interattive, card facilmente divulgabili per raccontare i dati, possibilit\u00e0 di esplorare ciascun Obiettivo attraverso contenuti testuali e multimediali<\/strong>, e molto altro. Inoltre, il volume \u00e8 accompagnato, come l&#8217;anno scorso, da una <strong>\u201cGuida&#8221; <\/strong>per\u00a0f<strong>acilitare il reperimento di materiali e argomenti<\/strong>\u00a0all&#8217;interno di questo vasto documento, orientando lettori e lettrici attraverso politiche, dati e approfondimenti.<\/p>\n<p style=\"text-align: justify;\"><strong>\u00a0<\/strong><\/p>\n<p style=\"text-align: justify;\"><strong class=\"ms-rteThemeForeColor-5-0\" style=\"font-size: 20px;\">Come siamo messi in Italia?<\/strong><\/p>\n<p>I progressi nel nostro Paese sono <strong>\u201cdecisamente insufficienti&#8221;<\/strong>, e lo dimostrano i dati provenienti dagli indicatori compositi elaborati dall&#8217;Alleanza. Sei dei 17 SDGs nel nostro Paese sono\u00a0<strong>peggiorati<\/strong>\u00a0rispetto al 2010: parliamo di povert\u00e0 (Goal 1), sistemi idrici e sociosanitari (Goal 6), qualit\u00e0 degli ecosistemi terrestri e marini (Goal 14 e 15), governance (Goal 16) e partnership (Goal 17). Tre si dimostrano sostanzialmente\u00a0<strong>stabili<\/strong>: cibo (Goal 2), disuguaglianze (Goal 10) e citt\u00e0 sostenibili (Goal 11). Sei registrano\u00a0<strong>miglioramenti\u00a0<\/strong>molto contenuti: istruzione (Goal 4), parit\u00e0 di genere (Goal 5), energia rinnovabile (Goal 7), lavoro dignitoso (Goal 8), innovazione e infrastrutture (Goal 9), lotta al cambiamento climatico (Goal 13). Infine, due Obiettivi (salute, Goal 3, ed economia circolare, Goal 12) mostrano\u00a0<strong>segnali pi\u00f9 incoraggianti<\/strong>. Per nove Obiettivi sui 14 per cui sono disponibili dati, le disuguaglianze tra Regioni sono in aumento.<\/p>\n<p>Come ricorda il direttore scientifico dell&#8217;ASviS <strong>Enrico Giovannini<\/strong> nel documento di sintesi, questi dati corrispondono a una condizione nazionale critica. Dal punto di vista sociale \u201c<strong>quasi\u00a0due milioni di famigli<\/strong>e, al cui interno vivono 1,4 milioni di minori, sono\u00a0<strong>in condizione di povert\u00e0 assoluta&lt;\/strong&gt;; le disuguaglianze tra ricchi e poveri sono in crescita e quasi cinque milioni di giovani 18-34enni (quasi uno su due) presentano almeno un segnale di deprivazione; la spesa pubblica sanitaria e per l&#8217;istruzione \u00e8 nettamente inferiore a quella europea; l&#8217;abbandono scolastico \u00e8 pari all&#8217;11,5% e tocca il 36,5% tra i ragazzi stranieri; la disoccupazione giovanile \u00e8 superiore al 20% e 1,7 milioni di giovani non studiano e non lavorano (Neet); le disuguaglianze di genere sono ancora forti e si registrano inaccettabili violenze nei confronti delle donne&#8221;. Ma anche sul fronte ambientale la situazione non migliora: \u201cIn Italia si registra\u00a0il <strong>42% di perdite dei sistemi idrici\u00a0<\/strong>e solo il 21,7% delle aree terrestri e il 6,9% di quelle marine sono protette&#8221;. Sul lato economico \u201crimane forte la componente del\u00a0<strong>lavoro irregolare<\/strong>\u00a0(tre milioni di unit\u00e0)&#8221;, ma migliora l&#8217;economia circolare e cresce il tasso di innovazione (anche se molte imprese mostrano resistenze a investire sulle trasformazioni digitale ed ecologica, e pi\u00f9 in generale sulla sostenibilit\u00e0).<\/strong><\/p>\n<p style=\"text-align: justify;\"><strong class=\"ms-rteThemeForeColor-5-0\" style=\"font-size: 20px;\">Gli Obiettivi di sviluppo sostenibile in Europa<\/strong><\/p>\n<p>Oltre all&#8217;usuale capitolo dedicato alle politiche europee, anche quest&#8217;anno l&#8217;ASviS ha analizzato i progressi degli SDGs a livello europeo. L&#8217;Ue presenta, dal 2010 a oggi, progressi per gran parte dei Goal. Per\u00f2, come ricorda Giovannini, si tratta di <strong>\u201c<\/strong><strong>miglioramenti contenuti&#8221;<\/strong>. Se si prende come riferimento il 2015 (anno di approvazione dell&#8217;Agenda 2030), la maggior parte dei Goal presenta progressi lievi, fatta eccezione per i Goal 5 e 8, che registrano miglioramenti superiori al 5% tra il 2015 e il 2020. Solo il Goal 15 peggiora, mentre i Goal 11 e 17 rimangono sostanzialmente stabili. L&#8217;Italia, messa in relazione con gli altri Paesi Ue, si trova spesso nella met\u00e0 bassa della classifica.<\/p>\n<p style=\"text-align: justify;\"><strong class=\"ms-rteThemeForeColor-5-0\" style=\"font-size: 20px;\">Le proposte dell&#8217;ASviS per le politiche \u201ctrasformative&#8221;<\/strong><\/p>\n<p><em>\u201cPer recuperare il terreno perduto \u00e8 indispensabile adottare un approccio politico e culturale che consideri la sostenibilit\u00e0 il fulcro di tutte le scelte, pubbliche e private <\/em>\u2013 sostiene il presidente dell&#8217;ASviS, <strong>Pierluigi Stefanini<\/strong>.<\/p>\n<p><em>\u201cAlla constatazione che l&#8217;Italia procede a rilento sul cammino dello sviluppo sostenibile non deve corrispondere un sentimento di disfattismo. \u00c8 ancora possibile cambiare passo, consolidando la crescente consapevolezza dell&#8217;opinione pubblica, delle imprese e delle amministrazioni pubbliche sul fatto che, nonostante i negazionisti, la scelta della sostenibilit\u00e0 conviene tanto dal punto di vista sociale e ambientale, quanto da quello economico \u2013<\/em> dichiara la presidente dell&#8217;ASviS, <strong>Marcella Mallen<\/strong>.<\/p>\n<p>Dunque, solo con un <strong>profondo cambiamento delle politiche pubbliche<\/strong> \u00e8 possibile invertire la rotta per permettere al Paese di arrivare preparato al 2030. Per questo l&#8217;Alleanza ha realizzato delle proposte per <strong>politiche \u201ctrasformative&#8221;<\/strong>. Alcune implicano risorse finanziarie significative, altre sono a \u201ccosto zero&#8221; o quasi. In estrema sintesi, le azioni riguardano\u00a0<strong>13 linee di intervento<\/strong>:<\/p>\n<ul style=\"list-style-type: disc;\">\n<li>contrastare la povert\u00e0, la precariet\u00e0 e il lavoro povero, assicurare l&#8217;assistenza agli anziani non autosufficienti, redistribuire il carico fiscale per ridurre le disuguaglianze, gestire i flussi migratori e promuovere l&#8217;integrazione degli immigrati<\/li>\n<li>accelerare l&#8217;innovazione tecnologica, organizzativa e sociale del settore agricolo, potenziare la responsabilit\u00e0 sociale delle aziende agricole<\/li>\n<li>ottimizzare le risorse e l&#8217;organizzazione dei servizi sanitari, mitigare l&#8217;impatto della crisi climatica sulla salute, combattere il disagio psichico, le dipendenze e la violenza familiare e sociale<\/li>\n<li>migliorare la qualit\u00e0 degli apprendimenti, contrastare la dispersione, assicurare l&#8217;inclusione, potenziare i servizi per l&#8217;infanzia, educare allo sviluppo sostenibile e alla cittadinanza globale<\/li>\n<li>aumentare l&#8217;occupazione femminile, assicurare servizi e condivisione del lavoro di cura, prevenire e combattere le discriminazioni multiple<\/li>\n<li>mettere la protezione e il ripristino della natura al centro delle politiche, rispettare gli accordi internazionali in materia, assicurare la tutela e la gestione sostenibile degli ecosistemi<\/li>\n<li>aumentare al massimo la produzione di energia elettrica rinnovabile e rendere pi\u00f9 ambizioso il Pniec<\/li>\n<li>ridurre la fragilit\u00e0 sul mercato del lavoro di donne, giovani e immigrati, potenziare le politiche attive e migliorare le condizioni di lavoro<\/li>\n<li>investire in infrastrutture sostenibili, orientare il sistema produttivo verso l&#8217;Industria 5.0, potenziare la ricerca e l&#8217;innovazione<\/li>\n<li>migliorare il governo del territorio, investire nella rigenerazione urbana e nella transizione ecologica delle citt\u00e0 e delle altre aree territoriali<\/li>\n<li>promuovere la sostenibilit\u00e0 ambientale e sociale nella Pubblica amministrazione, coinvolgere maggiormente i consumatori nell&#8217;adozione di comportamenti virtuosi<\/li>\n<li>migliorare il sistema giudiziario, svil\u200buppare un&#8217;etica dell&#8217;Intelligenza Artificiale, rafforzare la partecipazione democratica<\/li>\n<li>promuovere la pace, rafforzare la coerenza delle politiche di assistenza allo sviluppo e migliorarne l&#8217;efficacia, assicurando la partecipazione della societ\u00e0 civile alle scelte.<\/li>\n<\/ul>\n<p>Le proposte dell&#8217;ASviS saranno oggetto di approfondimenti e discussioni durante gli incontri <strong>ASviS Live<\/strong> che si terranno il<strong> 13, 14, 21 novembre e il 6 dicembre <\/strong>e alla <strong>presentazione del &#8216;Rapporto Territori&#8217;, il 13 dicembre 2023<\/strong>.\u200b<\/p>\n<\/div>\n","protected":false},"excerpt":{"rendered":"<p>\u200bA met\u00e0 del percorso dell&#8217;Agenda 2030\u00a0i progressi sono \u201cdecisamente insufficienti&#8221;.\u00a0Cresce la consapevolezza degli italiani sulla sostenibilit\u00e0, ma anche lo scetticismo. L&#8217;ASviS propone 13 linee di intervento per cambiare rotta. \u201cIl 2023 \u00e8 un anno speciale per il percorso cominciato con l&#8217;adozione dell&#8217;Agenda 2030: siamo a met\u00e0 strada e la meta \u00e8 ormai in vista&#8221;. Cos\u00ec\u00a0Marcella [&hellip;]<\/p>\n","protected":false},"author":1,"featured_media":4248,"comment_status":"open","ping_status":"open","sticky":false,"template":"","format":"standard","meta":{"_acf_changed":false,"footnotes":""},"categories":[20],"tags":[647],"class_list":["post-2332","post","type-post","status-publish","format-standard","has-post-thumbnail","hentry","category-unipolis","tag-asvis"],"acf":[],"yoast_head":"<!-- This site is optimized with the Yoast SEO plugin v26.1.1 - https:\/\/yoast.com\/wordpress\/plugins\/seo\/ -->\n<title>Rapporto ASviS 2023 su sviluppo sostenibile - Unipolis<\/title>\n<meta name=\"description\" content=\"Rapporto ASviS 2023 su sviluppo sostenibile\" \/>\n<meta name=\"robots\" content=\"index, follow, max-snippet:-1, max-image-preview:large, max-video-preview:-1\" \/>\n<link rel=\"canonical\" href=\"https:\/\/www.fondazioneunipolis.org\/site\/rapporto-asvis-2023-su-sviluppo-sostenibile\/\" \/>\n<meta property=\"og:locale\" content=\"it_IT\" \/>\n<meta property=\"og:type\" content=\"article\" \/>\n<meta property=\"og:title\" content=\"Rapporto ASviS 2023 su sviluppo sostenibile - Unipolis\" \/>\n<meta property=\"og:description\" content=\"Rapporto ASviS 2023 su sviluppo sostenibile\" \/>\n<meta property=\"og:url\" content=\"https:\/\/dx-factory-unipolis-corporate-wp.ha.servizi.gr-u.it\/site\/rapporto-asvis-2023-su-sviluppo-sostenibile\/\" \/>\n<meta property=\"og:site_name\" content=\"Unipolis\" \/>\n<meta property=\"article:published_time\" content=\"2023-10-19T22:00:00+00:00\" \/>\n<meta property=\"article:modified_time\" content=\"2025-12-29T13:57:34+00:00\" \/>\n<meta property=\"og:image\" content=\"https:\/\/dx-factory-unipolis-corporate-wp.ha.servizi.gr-u.it\/site\/wp-content\/uploads\/import\/PublishingImages\/Notizie\/RapportoASviS2023%20(2).png\" \/>\n\t<meta property=\"og:image:width\" content=\"1\" \/>\n\t<meta property=\"og:image:height\" content=\"1\" \/>\n\t<meta property=\"og:image:type\" content=\"image\/png\" \/>\n<meta name=\"author\" content=\"wsadmin\" \/>\n<meta name=\"twitter:card\" content=\"summary_large_image\" \/>\n<meta name=\"twitter:label1\" content=\"Written by\" \/>\n\t<meta name=\"twitter:data1\" content=\"wsadmin\" \/>\n\t<meta name=\"twitter:label2\" content=\"Est. reading time\" \/>\n\t<meta name=\"twitter:data2\" content=\"7 minutes\" \/>\n<script type=\"application\/ld+json\" class=\"yoast-schema-graph\">{\"@context\":\"https:\/\/schema.org\",\"@graph\":[{\"@type\":\"Article\",\"@id\":\"https:\/\/dx-factory-unipolis-corporate-wp.ha.servizi.gr-u.it\/site\/rapporto-asvis-2023-su-sviluppo-sostenibile\/#article\",\"isPartOf\":{\"@id\":\"https:\/\/dx-factory-unipolis-corporate-wp.ha.servizi.gr-u.it\/site\/rapporto-asvis-2023-su-sviluppo-sostenibile\/\"},\"author\":{\"name\":\"wsadmin\",\"@id\":\"https:\/\/www.fondazioneunipolis.org\/site\/#\/schema\/person\/43819ef7aaa5af51f1ed547eacb5e868\"},\"headline\":\"Rapporto ASviS 2023 su sviluppo sostenibile\",\"datePublished\":\"2023-10-19T22:00:00+00:00\",\"dateModified\":\"2025-12-29T13:57:34+00:00\",\"mainEntityOfPage\":{\"@id\":\"https:\/\/dx-factory-unipolis-corporate-wp.ha.servizi.gr-u.it\/site\/rapporto-asvis-2023-su-sviluppo-sostenibile\/\"},\"wordCount\":1196,\"commentCount\":0,\"publisher\":{\"@id\":\"https:\/\/www.fondazioneunipolis.org\/site\/#organization\"},\"image\":{\"@id\":\"https:\/\/dx-factory-unipolis-corporate-wp.ha.servizi.gr-u.it\/site\/rapporto-asvis-2023-su-sviluppo-sostenibile\/#primaryimage\"},\"thumbnailUrl\":\"https:\/\/www.fondazioneunipolis.org\/site\/wp-content\/uploads\/import\/PublishingImages\/Notizie\/RapportoASviS2023 (2).png\",\"keywords\":[\"asvis\"],\"articleSection\":[\"Unipolis\"],\"inLanguage\":\"it-IT\",\"potentialAction\":[{\"@type\":\"CommentAction\",\"name\":\"Comment\",\"target\":[\"https:\/\/dx-factory-unipolis-corporate-wp.ha.servizi.gr-u.it\/site\/rapporto-asvis-2023-su-sviluppo-sostenibile\/#respond\"]}]},{\"@type\":\"WebPage\",\"@id\":\"https:\/\/dx-factory-unipolis-corporate-wp.ha.servizi.gr-u.it\/site\/rapporto-asvis-2023-su-sviluppo-sostenibile\/\",\"url\":\"https:\/\/dx-factory-unipolis-corporate-wp.ha.servizi.gr-u.it\/site\/rapporto-asvis-2023-su-sviluppo-sostenibile\/\",\"name\":\"Rapporto ASviS 2023 su sviluppo sostenibile - Unipolis\",\"isPartOf\":{\"@id\":\"https:\/\/www.fondazioneunipolis.org\/site\/#website\"},\"primaryImageOfPage\":{\"@id\":\"https:\/\/dx-factory-unipolis-corporate-wp.ha.servizi.gr-u.it\/site\/rapporto-asvis-2023-su-sviluppo-sostenibile\/#primaryimage\"},\"image\":{\"@id\":\"https:\/\/dx-factory-unipolis-corporate-wp.ha.servizi.gr-u.it\/site\/rapporto-asvis-2023-su-sviluppo-sostenibile\/#primaryimage\"},\"thumbnailUrl\":\"https:\/\/www.fondazioneunipolis.org\/site\/wp-content\/uploads\/import\/PublishingImages\/Notizie\/RapportoASviS2023 (2).png\",\"datePublished\":\"2023-10-19T22:00:00+00:00\",\"dateModified\":\"2025-12-29T13:57:34+00:00\",\"description\":\"Rapporto ASviS 2023 su sviluppo sostenibile\",\"breadcrumb\":{\"@id\":\"https:\/\/dx-factory-unipolis-corporate-wp.ha.servizi.gr-u.it\/site\/rapporto-asvis-2023-su-sviluppo-sostenibile\/#breadcrumb\"},\"inLanguage\":\"it-IT\",\"potentialAction\":[{\"@type\":\"ReadAction\",\"target\":[\"https:\/\/dx-factory-unipolis-corporate-wp.ha.servizi.gr-u.it\/site\/rapporto-asvis-2023-su-sviluppo-sostenibile\/\"]}]},{\"@type\":\"ImageObject\",\"inLanguage\":\"it-IT\",\"@id\":\"https:\/\/dx-factory-unipolis-corporate-wp.ha.servizi.gr-u.it\/site\/rapporto-asvis-2023-su-sviluppo-sostenibile\/#primaryimage\",\"url\":\"https:\/\/www.fondazioneunipolis.org\/site\/wp-content\/uploads\/import\/PublishingImages\/Notizie\/RapportoASviS2023 (2).png\",\"contentUrl\":\"https:\/\/www.fondazioneunipolis.org\/site\/wp-content\/uploads\/import\/PublishingImages\/Notizie\/RapportoASviS2023 (2).png\"},{\"@type\":\"BreadcrumbList\",\"@id\":\"https:\/\/dx-factory-unipolis-corporate-wp.ha.servizi.gr-u.it\/site\/rapporto-asvis-2023-su-sviluppo-sostenibile\/#breadcrumb\",\"itemListElement\":[{\"@type\":\"ListItem\",\"position\":1,\"name\":\"Home\",\"item\":\"https:\/\/www.fondazioneunipolis.org\/site\/\"},{\"@type\":\"ListItem\",\"position\":2,\"name\":\"Rapporto ASviS 2023 su sviluppo sostenibile\"}]},{\"@type\":\"WebSite\",\"@id\":\"https:\/\/www.fondazioneunipolis.org\/site\/#website\",\"url\":\"https:\/\/www.fondazioneunipolis.org\/site\/\",\"name\":\"Unipolis\",\"description\":\"\",\"publisher\":{\"@id\":\"https:\/\/www.fondazioneunipolis.org\/site\/#organization\"},\"potentialAction\":[{\"@type\":\"SearchAction\",\"target\":{\"@type\":\"EntryPoint\",\"urlTemplate\":\"https:\/\/www.fondazioneunipolis.org\/site\/?s={search_term_string}\"},\"query-input\":{\"@type\":\"PropertyValueSpecification\",\"valueRequired\":true,\"valueName\":\"search_term_string\"}}],\"inLanguage\":\"it-IT\"},{\"@type\":\"Organization\",\"@id\":\"https:\/\/www.fondazioneunipolis.org\/site\/#organization\",\"name\":\"Unipolis\",\"url\":\"https:\/\/www.fondazioneunipolis.org\/site\/\",\"logo\":{\"@type\":\"ImageObject\",\"inLanguage\":\"it-IT\",\"@id\":\"https:\/\/www.fondazioneunipolis.org\/site\/#\/schema\/logo\/image\/\",\"url\":\"https:\/\/www.fondazioneunipolis.org\/site\/wp-content\/uploads\/2025\/07\/logo-fondazione-unipolis-1.svg\",\"contentUrl\":\"https:\/\/www.fondazioneunipolis.org\/site\/wp-content\/uploads\/2025\/07\/logo-fondazione-unipolis-1.svg\",\"caption\":\"Unipolis\"},\"image\":{\"@id\":\"https:\/\/www.fondazioneunipolis.org\/site\/#\/schema\/logo\/image\/\"}},{\"@type\":\"Person\",\"@id\":\"https:\/\/www.fondazioneunipolis.org\/site\/#\/schema\/person\/43819ef7aaa5af51f1ed547eacb5e868\",\"name\":\"wsadmin\",\"image\":{\"@type\":\"ImageObject\",\"inLanguage\":\"it-IT\",\"@id\":\"https:\/\/www.fondazioneunipolis.org\/site\/#\/schema\/person\/image\/\",\"url\":\"https:\/\/secure.gravatar.com\/avatar\/6512509e9ae62b647044a2731fadcbf236f2546df7b086feb6df7aabf2ef03aa?s=96&d=mm&r=g\",\"contentUrl\":\"https:\/\/secure.gravatar.com\/avatar\/6512509e9ae62b647044a2731fadcbf236f2546df7b086feb6df7aabf2ef03aa?s=96&d=mm&r=g\",\"caption\":\"wsadmin\"},\"sameAs\":[\"https:\/\/www.fondazioneunipolis.org\/site\"],\"url\":\"https:\/\/www.fondazioneunipolis.org\/site\/author\/wsadmin\/\"}]}<\/script>\n<!-- \/ Yoast SEO plugin. -->","yoast_head_json":{"title":"Rapporto ASviS 2023 su sviluppo sostenibile - Unipolis","description":"Rapporto ASviS 2023 su sviluppo sostenibile","robots":{"index":"index","follow":"follow","max-snippet":"max-snippet:-1","max-image-preview":"max-image-preview:large","max-video-preview":"max-video-preview:-1"},"canonical":"https:\/\/www.fondazioneunipolis.org\/site\/rapporto-asvis-2023-su-sviluppo-sostenibile\/","og_locale":"it_IT","og_type":"article","og_title":"Rapporto ASviS 2023 su sviluppo sostenibile - Unipolis","og_description":"Rapporto ASviS 2023 su sviluppo sostenibile","og_url":"https:\/\/dx-factory-unipolis-corporate-wp.ha.servizi.gr-u.it\/site\/rapporto-asvis-2023-su-sviluppo-sostenibile\/","og_site_name":"Unipolis","article_published_time":"2023-10-19T22:00:00+00:00","article_modified_time":"2025-12-29T13:57:34+00:00","og_image":[{"url":"https:\/\/dx-factory-unipolis-corporate-wp.ha.servizi.gr-u.it\/site\/wp-content\/uploads\/import\/PublishingImages\/Notizie\/RapportoASviS2023 (2).png","width":1,"height":1,"type":"image\/png"}],"author":"wsadmin","twitter_card":"summary_large_image","twitter_misc":{"Written by":"wsadmin","Est. reading time":"7 minutes"},"schema":{"@context":"https:\/\/schema.org","@graph":[{"@type":"Article","@id":"https:\/\/dx-factory-unipolis-corporate-wp.ha.servizi.gr-u.it\/site\/rapporto-asvis-2023-su-sviluppo-sostenibile\/#article","isPartOf":{"@id":"https:\/\/dx-factory-unipolis-corporate-wp.ha.servizi.gr-u.it\/site\/rapporto-asvis-2023-su-sviluppo-sostenibile\/"},"author":{"name":"wsadmin","@id":"https:\/\/www.fondazioneunipolis.org\/site\/#\/schema\/person\/43819ef7aaa5af51f1ed547eacb5e868"},"headline":"Rapporto ASviS 2023 su sviluppo sostenibile","datePublished":"2023-10-19T22:00:00+00:00","dateModified":"2025-12-29T13:57:34+00:00","mainEntityOfPage":{"@id":"https:\/\/dx-factory-unipolis-corporate-wp.ha.servizi.gr-u.it\/site\/rapporto-asvis-2023-su-sviluppo-sostenibile\/"},"wordCount":1196,"commentCount":0,"publisher":{"@id":"https:\/\/www.fondazioneunipolis.org\/site\/#organization"},"image":{"@id":"https:\/\/dx-factory-unipolis-corporate-wp.ha.servizi.gr-u.it\/site\/rapporto-asvis-2023-su-sviluppo-sostenibile\/#primaryimage"},"thumbnailUrl":"https:\/\/www.fondazioneunipolis.org\/site\/wp-content\/uploads\/import\/PublishingImages\/Notizie\/RapportoASviS2023 (2).png","keywords":["asvis"],"articleSection":["Unipolis"],"inLanguage":"it-IT","potentialAction":[{"@type":"CommentAction","name":"Comment","target":["https:\/\/dx-factory-unipolis-corporate-wp.ha.servizi.gr-u.it\/site\/rapporto-asvis-2023-su-sviluppo-sostenibile\/#respond"]}]},{"@type":"WebPage","@id":"https:\/\/dx-factory-unipolis-corporate-wp.ha.servizi.gr-u.it\/site\/rapporto-asvis-2023-su-sviluppo-sostenibile\/","url":"https:\/\/dx-factory-unipolis-corporate-wp.ha.servizi.gr-u.it\/site\/rapporto-asvis-2023-su-sviluppo-sostenibile\/","name":"Rapporto ASviS 2023 su sviluppo sostenibile - Unipolis","isPartOf":{"@id":"https:\/\/www.fondazioneunipolis.org\/site\/#website"},"primaryImageOfPage":{"@id":"https:\/\/dx-factory-unipolis-corporate-wp.ha.servizi.gr-u.it\/site\/rapporto-asvis-2023-su-sviluppo-sostenibile\/#primaryimage"},"image":{"@id":"https:\/\/dx-factory-unipolis-corporate-wp.ha.servizi.gr-u.it\/site\/rapporto-asvis-2023-su-sviluppo-sostenibile\/#primaryimage"},"thumbnailUrl":"https:\/\/www.fondazioneunipolis.org\/site\/wp-content\/uploads\/import\/PublishingImages\/Notizie\/RapportoASviS2023 (2).png","datePublished":"2023-10-19T22:00:00+00:00","dateModified":"2025-12-29T13:57:34+00:00","description":"Rapporto ASviS 2023 su sviluppo sostenibile","breadcrumb":{"@id":"https:\/\/dx-factory-unipolis-corporate-wp.ha.servizi.gr-u.it\/site\/rapporto-asvis-2023-su-sviluppo-sostenibile\/#breadcrumb"},"inLanguage":"it-IT","potentialAction":[{"@type":"ReadAction","target":["https:\/\/dx-factory-unipolis-corporate-wp.ha.servizi.gr-u.it\/site\/rapporto-asvis-2023-su-sviluppo-sostenibile\/"]}]},{"@type":"ImageObject","inLanguage":"it-IT","@id":"https:\/\/dx-factory-unipolis-corporate-wp.ha.servizi.gr-u.it\/site\/rapporto-asvis-2023-su-sviluppo-sostenibile\/#primaryimage","url":"https:\/\/www.fondazioneunipolis.org\/site\/wp-content\/uploads\/import\/PublishingImages\/Notizie\/RapportoASviS2023 (2).png","contentUrl":"https:\/\/www.fondazioneunipolis.org\/site\/wp-content\/uploads\/import\/PublishingImages\/Notizie\/RapportoASviS2023 (2).png"},{"@type":"BreadcrumbList","@id":"https:\/\/dx-factory-unipolis-corporate-wp.ha.servizi.gr-u.it\/site\/rapporto-asvis-2023-su-sviluppo-sostenibile\/#breadcrumb","itemListElement":[{"@type":"ListItem","position":1,"name":"Home","item":"https:\/\/www.fondazioneunipolis.org\/site\/"},{"@type":"ListItem","position":2,"name":"Rapporto ASviS 2023 su sviluppo sostenibile"}]},{"@type":"WebSite","@id":"https:\/\/www.fondazioneunipolis.org\/site\/#website","url":"https:\/\/www.fondazioneunipolis.org\/site\/","name":"Unipolis","description":"","publisher":{"@id":"https:\/\/www.fondazioneunipolis.org\/site\/#organization"},"potentialAction":[{"@type":"SearchAction","target":{"@type":"EntryPoint","urlTemplate":"https:\/\/www.fondazioneunipolis.org\/site\/?s={search_term_string}"},"query-input":{"@type":"PropertyValueSpecification","valueRequired":true,"valueName":"search_term_string"}}],"inLanguage":"it-IT"},{"@type":"Organization","@id":"https:\/\/www.fondazioneunipolis.org\/site\/#organization","name":"Unipolis","url":"https:\/\/www.fondazioneunipolis.org\/site\/","logo":{"@type":"ImageObject","inLanguage":"it-IT","@id":"https:\/\/www.fondazioneunipolis.org\/site\/#\/schema\/logo\/image\/","url":"https:\/\/www.fondazioneunipolis.org\/site\/wp-content\/uploads\/2025\/07\/logo-fondazione-unipolis-1.svg","contentUrl":"https:\/\/www.fondazioneunipolis.org\/site\/wp-content\/uploads\/2025\/07\/logo-fondazione-unipolis-1.svg","caption":"Unipolis"},"image":{"@id":"https:\/\/www.fondazioneunipolis.org\/site\/#\/schema\/logo\/image\/"}},{"@type":"Person","@id":"https:\/\/www.fondazioneunipolis.org\/site\/#\/schema\/person\/43819ef7aaa5af51f1ed547eacb5e868","name":"wsadmin","image":{"@type":"ImageObject","inLanguage":"it-IT","@id":"https:\/\/www.fondazioneunipolis.org\/site\/#\/schema\/person\/image\/","url":"https:\/\/secure.gravatar.com\/avatar\/6512509e9ae62b647044a2731fadcbf236f2546df7b086feb6df7aabf2ef03aa?s=96&d=mm&r=g","contentUrl":"https:\/\/secure.gravatar.com\/avatar\/6512509e9ae62b647044a2731fadcbf236f2546df7b086feb6df7aabf2ef03aa?s=96&d=mm&r=g","caption":"wsadmin"},"sameAs":["https:\/\/www.fondazioneunipolis.org\/site"],"url":"https:\/\/www.fondazioneunipolis.org\/site\/author\/wsadmin\/"}]}},"_links":{"self":[{"href":"https:\/\/www.fondazioneunipolis.org\/site\/wp-json\/wp\/v2\/posts\/2332","targetHints":{"allow":["GET"]}}],"collection":[{"href":"https:\/\/www.fondazioneunipolis.org\/site\/wp-json\/wp\/v2\/posts"}],"about":[{"href":"https:\/\/www.fondazioneunipolis.org\/site\/wp-json\/wp\/v2\/types\/post"}],"author":[{"embeddable":true,"href":"https:\/\/www.fondazioneunipolis.org\/site\/wp-json\/wp\/v2\/users\/1"}],"replies":[{"embeddable":true,"href":"https:\/\/www.fondazioneunipolis.org\/site\/wp-json\/wp\/v2\/comments?post=2332"}],"version-history":[{"count":4,"href":"https:\/\/www.fondazioneunipolis.org\/site\/wp-json\/wp\/v2\/posts\/2332\/revisions"}],"predecessor-version":[{"id":11391,"href":"https:\/\/www.fondazioneunipolis.org\/site\/wp-json\/wp\/v2\/posts\/2332\/revisions\/11391"}],"wp:featuredmedia":[{"embeddable":true,"href":"https:\/\/www.fondazioneunipolis.org\/site\/wp-json\/wp\/v2\/media\/4248"}],"wp:attachment":[{"href":"https:\/\/www.fondazioneunipolis.org\/site\/wp-json\/wp\/v2\/media?parent=2332"}],"wp:term":[{"taxonomy":"category","embeddable":true,"href":"https:\/\/www.fondazioneunipolis.org\/site\/wp-json\/wp\/v2\/categories?post=2332"},{"taxonomy":"post_tag","embeddable":true,"href":"https:\/\/www.fondazioneunipolis.org\/site\/wp-json\/wp\/v2\/tags?post=2332"}],"curies":[{"name":"wp","href":"https:\/\/api.w.org\/{rel}","templated":true}]}}