{"id":2326,"date":"2020-02-12T00:00:00","date_gmt":"2020-02-11T23:00:00","guid":{"rendered":"https:\/\/www.fondazioneunipolis.org\/site\/progetto-o-r-a-al-via-sono-93-le-classi-partecipanti\/"},"modified":"2026-01-05T10:11:14","modified_gmt":"2026-01-05T09:11:14","slug":"progetto-o-r-a-al-via-sono-93-le-classi-partecipanti","status":"publish","type":"post","link":"https:\/\/www.fondazioneunipolis.org\/site\/news\/progetto-o-r-a-al-via-sono-93-le-classi-partecipanti\/","title":{"rendered":"Progetto O.R.A. al via: sono 93 le classi partecipanti"},"content":{"rendered":"<div id=\"ctl00_PlaceHolderMain_ctl03__ControlWrapper_RichHtmlField\" class=\"ms-rtestate-field\" style=\"display: inline;\" aria-labelledby=\"ctl00_PlaceHolderMain_ctl03_label\">\n<p>\u200b\u200b\u200bInizia ufficialmente in <strong>9<\/strong><strong><strong>3 <\/strong>classi<\/strong>\u00a0di <strong>5<\/strong><strong><strong>7 <\/strong>scuole<\/strong>\u00a0italiane\u00a0<a style=\"background-color: #f8f8f8;\" href=\"https:\/\/progetto-ora.it\/\" target=\"_blank\" rel=\"noopener\"><em><strong>O.R.A. \u2013 Open Road Alliance<\/strong><\/em><\/a>, il progetto di\u00a0Fondazione Unipolis &#8211; nell&#8217;ambito del programma <strong><em><a href=\"\/site\/progetti\/sicurstrada\" target=\"_blank\" rel=\"noopener\">sicurstrada<\/a><\/em><\/strong> &#8211;\u00a0\u00a0e\u00a0<a style=\"background-color: #f8f8f8;\" href=\"https:\/\/www.cittadinanzattiva.it\/\" target=\"_blank\" rel=\"noopener\"><strong>Cittadinanzattiva<\/strong><\/a>\u00a0dedicato alla\u00a0mobilit\u00e0 sostenibile. Gli istituti coinvolti, Scuole Secondarie di 2\u00b0 grado, provengono dalle Citt\u00e0 Metropolitane d&#8217;Italia: <strong>44<\/strong><strong><strong>\u00a0hanno<\/strong> un indirizzo liceale, 35\u00a0un indirizzo tecnico, 14\u00a0un indirizzo professionale<\/strong>.<\/p>\n<p>In totale,\u00a0<strong>gli studenti<\/strong> che partecipano\u00a0a O.R.A. &#8211; alunni frequentanti le classi terze nell&#8217;A.S. 2019\/2020 &#8211; sono <b>1.863<\/b>, guidati da\u00a0<strong>14\u200b0 docenti<\/strong>\u00a0referenti. Cominciano oggi un percorso che dalla terza alla quinta classe li vedr\u00e0 impegnati sui temi della mobilit\u00e0 sostenibile con momenti informativi alternati a dibattiti, esperienze pratiche e confronti tra i partecipanti.<\/p>\n<p>L&#8217;obiettivo di O.R.A., infatti, \u00e8 promuovere una nuova cultura della mobilit\u00e0, attraverso modelli di sostenibilit\u00e0 innovativi e la partecipazione attiva dei cittadini. In particolare proprio dei giovani delle scuole, che con O.R.A. diventano il luogo privilegiato per lo sviluppo di una riflessione che abbraccia i temi ambientali, la sicurezza, la condivisione dei mezzi, l&#8217;orientamento alla multimodalit\u00e0, oltre che un approccio pi\u00f9 sostenibile al mondo dei servizi pubblici locali.<\/p>\n<p>All&#8217;Unit\u00e0 di Ricerca in Psicologia del Traffico dell&#8217;Universit\u00e0 Cattolica del Sacro Cuore \u00e8 stata affidata la misurazione di impatto dell&#8217;intero progetto in termini di aumento della conoscenza, cambiamento di attitudini e comportamenti per tutti gli studenti partecipanti.<\/p>\n<p><strong>La prima fase del percorso, <\/strong><strong>inizialmente programmata tra\u00a0marzo e maggio 2020, si svolger\u00e0 all&#8217;inizio dell&#8217;anno scolastico 2020\/2021<\/strong>. I laboratori in programma nelle citt\u00e0 metropolitane vedranno un momento introduttivo sui temi del progetto con le amministrazioni locali, seguito da un&#8217;analisi della mobilit\u00e0 nella sua dimensione sociale, economica e ambientale. Infine, una parte pratica impegner\u00e0 i ragazzi in un circuito di attivit\u00e0 e prove simulate che far\u00e0 loro affrontare situazioni di grande insicurezza sulla strada.<\/p>\n<p>Tra settembre e ottobre 2020\u00a0verr\u00e0\u00a0illustrato ai <strong>docenti referenti <\/strong>delle classi partecipanti il <strong>kit di strumenti <\/strong>utile per guidare\u00a0i ragazzi nella\u00a0produzione di un elaborato multimediale, che ciascuna classe dovr\u00e0 inviare entro il 1\u00b0 marzo 2021. I 9 migliori elaborati, selezionati da un&#8217;apposita Commissione di valutazione, concorreranno a creare il \u201cManifesto della Mobilit\u00e0 Sostenibile&#8221;, che sar\u00e0 poi presentato pubblicamente, in tutte le Citt\u00e0 Metropol\u200bitane, all&#8217;inizio dell&#8217;anno scolastico 2021\/2022, insieme alla premiazione delle classi vincitrici.<\/p>\n<p>Il progetto, nelle varie fasi, prevede la collaborazione e la partnership di alcune fra le pi\u00f9 importanti istituzioni nazionali: il Ministero dell&#8217;Istruzione, il Ministero delle infrastrutture e dei trasporti, il Ministero dell&#8217;ambiente, ANCI e ANVU.<\/p>\n<p>Il regolamento e maggiori informazioni sul progetto sono disponibili sul\u00a0<a href=\"https:\/\/progetto-ora.it\/\" target=\"_blank\" rel=\"noopener\" data-wplink-edit=\"true\"><strong>sito di O.R.A.<\/strong><\/a><strong>\u00a0 \u200b<\/strong><\/p>\n<\/div>\n","protected":false},"excerpt":{"rendered":"<p>\u200b\u200b\u200bInizia ufficialmente in 93 classi\u00a0di 57 scuole\u00a0italiane\u00a0O.R.A. \u2013 Open Road Alliance, il progetto di\u00a0Fondazione Unipolis &#8211; nell&#8217;ambito del programma sicurstrada &#8211;\u00a0\u00a0e\u00a0Cittadinanzattiva\u00a0dedicato alla\u00a0mobilit\u00e0 sostenibile. Gli istituti coinvolti, Scuole Secondarie di 2\u00b0 grado, provengono dalle Citt\u00e0 Metropolitane d&#8217;Italia: 44\u00a0hanno un indirizzo liceale, 35\u00a0un indirizzo tecnico, 14\u00a0un indirizzo professionale. In totale,\u00a0gli studenti che partecipano\u00a0a O.R.A. &#8211; alunni frequentanti [&hellip;]<\/p>\n","protected":false},"author":1,"featured_media":3545,"comment_status":"open","ping_status":"open","sticky":false,"template":"","format":"standard","meta":{"_acf_changed":false,"footnotes":""},"categories":[16],"tags":[659,649],"class_list":["post-2326","post","type-post","status-publish","format-standard","has-post-thumbnail","hentry","category-mobilita","tag-progettoora","tag-sicurstrada_programma"],"acf":[],"yoast_head":"<!-- This site is optimized with the Yoast SEO plugin v26.1.1 - https:\/\/yoast.com\/wordpress\/plugins\/seo\/ -->\n<title>Progetto O.R.A. al via: sono 93 le classi partecipanti - Unipolis<\/title>\n<meta name=\"description\" content=\"Progetto O.R.A. al via: sono 93 le classi partecipanti\" \/>\n<meta name=\"robots\" content=\"index, follow, max-snippet:-1, max-image-preview:large, max-video-preview:-1\" \/>\n<link rel=\"canonical\" href=\"https:\/\/www.fondazioneunipolis.org\/site\/progetto-o-r-a-al-via-sono-93-le-classi-partecipanti\/\" \/>\n<meta property=\"og:locale\" content=\"it_IT\" \/>\n<meta property=\"og:type\" content=\"article\" \/>\n<meta property=\"og:title\" content=\"Progetto O.R.A. al via: sono 93 le classi partecipanti - Unipolis\" \/>\n<meta property=\"og:description\" content=\"Progetto O.R.A. al via: sono 93 le classi partecipanti\" \/>\n<meta property=\"og:url\" content=\"https:\/\/dx-factory-unipolis-corporate-wp.ha.servizi.gr-u.it\/site\/progetto-o-r-a-al-via-sono-93-le-classi-partecipanti\/\" \/>\n<meta property=\"og:site_name\" content=\"Unipolis\" \/>\n<meta property=\"article:published_time\" content=\"2020-02-11T23:00:00+00:00\" \/>\n<meta property=\"article:modified_time\" content=\"2026-01-05T09:11:14+00:00\" \/>\n<meta property=\"og:image\" content=\"https:\/\/dx-factory-unipolis-corporate-wp.ha.servizi.gr-u.it\/site\/wp-content\/uploads\/import\/PublishingImages\/Notizie\/1%20Fondazione%20Unipolis_progetto%20ORA_classi%20selezionate%201.png\" \/>\n\t<meta property=\"og:image:width\" content=\"1\" \/>\n\t<meta property=\"og:image:height\" content=\"1\" \/>\n\t<meta property=\"og:image:type\" content=\"image\/png\" \/>\n<meta name=\"author\" content=\"wsadmin\" \/>\n<meta name=\"twitter:card\" content=\"summary_large_image\" \/>\n<meta name=\"twitter:label1\" content=\"Written by\" \/>\n\t<meta name=\"twitter:data1\" content=\"wsadmin\" \/>\n\t<meta name=\"twitter:label2\" content=\"Est. reading time\" \/>\n\t<meta name=\"twitter:data2\" content=\"3 minutes\" \/>\n<script type=\"application\/ld+json\" class=\"yoast-schema-graph\">{\"@context\":\"https:\/\/schema.org\",\"@graph\":[{\"@type\":\"Article\",\"@id\":\"https:\/\/dx-factory-unipolis-corporate-wp.ha.servizi.gr-u.it\/site\/progetto-o-r-a-al-via-sono-93-le-classi-partecipanti\/#article\",\"isPartOf\":{\"@id\":\"https:\/\/dx-factory-unipolis-corporate-wp.ha.servizi.gr-u.it\/site\/progetto-o-r-a-al-via-sono-93-le-classi-partecipanti\/\"},\"author\":{\"name\":\"wsadmin\",\"@id\":\"https:\/\/www.fondazioneunipolis.org\/site\/#\/schema\/person\/43819ef7aaa5af51f1ed547eacb5e868\"},\"headline\":\"Progetto O.R.A. al via: sono 93 le classi partecipanti\",\"datePublished\":\"2020-02-11T23:00:00+00:00\",\"dateModified\":\"2026-01-05T09:11:14+00:00\",\"mainEntityOfPage\":{\"@id\":\"https:\/\/dx-factory-unipolis-corporate-wp.ha.servizi.gr-u.it\/site\/progetto-o-r-a-al-via-sono-93-le-classi-partecipanti\/\"},\"wordCount\":434,\"commentCount\":0,\"publisher\":{\"@id\":\"https:\/\/www.fondazioneunipolis.org\/site\/#organization\"},\"image\":{\"@id\":\"https:\/\/dx-factory-unipolis-corporate-wp.ha.servizi.gr-u.it\/site\/progetto-o-r-a-al-via-sono-93-le-classi-partecipanti\/#primaryimage\"},\"thumbnailUrl\":\"https:\/\/www.fondazioneunipolis.org\/site\/wp-content\/uploads\/import\/PublishingImages\/Notizie\/1 Fondazione Unipolis_progetto ORA_classi selezionate 1.png\",\"keywords\":[\"progettoORA\",\"sicurstrada_programma\"],\"articleSection\":[\"Mobilit\u00e0\"],\"inLanguage\":\"it-IT\",\"potentialAction\":[{\"@type\":\"CommentAction\",\"name\":\"Comment\",\"target\":[\"https:\/\/dx-factory-unipolis-corporate-wp.ha.servizi.gr-u.it\/site\/progetto-o-r-a-al-via-sono-93-le-classi-partecipanti\/#respond\"]}]},{\"@type\":\"WebPage\",\"@id\":\"https:\/\/dx-factory-unipolis-corporate-wp.ha.servizi.gr-u.it\/site\/progetto-o-r-a-al-via-sono-93-le-classi-partecipanti\/\",\"url\":\"https:\/\/dx-factory-unipolis-corporate-wp.ha.servizi.gr-u.it\/site\/progetto-o-r-a-al-via-sono-93-le-classi-partecipanti\/\",\"name\":\"Progetto O.R.A. al via: sono 93 le classi partecipanti - Unipolis\",\"isPartOf\":{\"@id\":\"https:\/\/www.fondazioneunipolis.org\/site\/#website\"},\"primaryImageOfPage\":{\"@id\":\"https:\/\/dx-factory-unipolis-corporate-wp.ha.servizi.gr-u.it\/site\/progetto-o-r-a-al-via-sono-93-le-classi-partecipanti\/#primaryimage\"},\"image\":{\"@id\":\"https:\/\/dx-factory-unipolis-corporate-wp.ha.servizi.gr-u.it\/site\/progetto-o-r-a-al-via-sono-93-le-classi-partecipanti\/#primaryimage\"},\"thumbnailUrl\":\"https:\/\/www.fondazioneunipolis.org\/site\/wp-content\/uploads\/import\/PublishingImages\/Notizie\/1 Fondazione Unipolis_progetto ORA_classi selezionate 1.png\",\"datePublished\":\"2020-02-11T23:00:00+00:00\",\"dateModified\":\"2026-01-05T09:11:14+00:00\",\"description\":\"Progetto O.R.A. al via: sono 93 le classi partecipanti\",\"breadcrumb\":{\"@id\":\"https:\/\/dx-factory-unipolis-corporate-wp.ha.servizi.gr-u.it\/site\/progetto-o-r-a-al-via-sono-93-le-classi-partecipanti\/#breadcrumb\"},\"inLanguage\":\"it-IT\",\"potentialAction\":[{\"@type\":\"ReadAction\",\"target\":[\"https:\/\/dx-factory-unipolis-corporate-wp.ha.servizi.gr-u.it\/site\/progetto-o-r-a-al-via-sono-93-le-classi-partecipanti\/\"]}]},{\"@type\":\"ImageObject\",\"inLanguage\":\"it-IT\",\"@id\":\"https:\/\/dx-factory-unipolis-corporate-wp.ha.servizi.gr-u.it\/site\/progetto-o-r-a-al-via-sono-93-le-classi-partecipanti\/#primaryimage\",\"url\":\"https:\/\/www.fondazioneunipolis.org\/site\/wp-content\/uploads\/import\/PublishingImages\/Notizie\/1 Fondazione Unipolis_progetto ORA_classi selezionate 1.png\",\"contentUrl\":\"https:\/\/www.fondazioneunipolis.org\/site\/wp-content\/uploads\/import\/PublishingImages\/Notizie\/1 Fondazione Unipolis_progetto ORA_classi selezionate 1.png\"},{\"@type\":\"BreadcrumbList\",\"@id\":\"https:\/\/dx-factory-unipolis-corporate-wp.ha.servizi.gr-u.it\/site\/progetto-o-r-a-al-via-sono-93-le-classi-partecipanti\/#breadcrumb\",\"itemListElement\":[{\"@type\":\"ListItem\",\"position\":1,\"name\":\"Home\",\"item\":\"https:\/\/www.fondazioneunipolis.org\/site\/\"},{\"@type\":\"ListItem\",\"position\":2,\"name\":\"Progetto O.R.A. al via: sono 93 le classi partecipanti\"}]},{\"@type\":\"WebSite\",\"@id\":\"https:\/\/www.fondazioneunipolis.org\/site\/#website\",\"url\":\"https:\/\/www.fondazioneunipolis.org\/site\/\",\"name\":\"Unipolis\",\"description\":\"\",\"publisher\":{\"@id\":\"https:\/\/www.fondazioneunipolis.org\/site\/#organization\"},\"potentialAction\":[{\"@type\":\"SearchAction\",\"target\":{\"@type\":\"EntryPoint\",\"urlTemplate\":\"https:\/\/www.fondazioneunipolis.org\/site\/?s={search_term_string}\"},\"query-input\":{\"@type\":\"PropertyValueSpecification\",\"valueRequired\":true,\"valueName\":\"search_term_string\"}}],\"inLanguage\":\"it-IT\"},{\"@type\":\"Organization\",\"@id\":\"https:\/\/www.fondazioneunipolis.org\/site\/#organization\",\"name\":\"Unipolis\",\"url\":\"https:\/\/www.fondazioneunipolis.org\/site\/\",\"logo\":{\"@type\":\"ImageObject\",\"inLanguage\":\"it-IT\",\"@id\":\"https:\/\/www.fondazioneunipolis.org\/site\/#\/schema\/logo\/image\/\",\"url\":\"https:\/\/www.fondazioneunipolis.org\/site\/wp-content\/uploads\/2025\/07\/logo-fondazione-unipolis-1.svg\",\"contentUrl\":\"https:\/\/www.fondazioneunipolis.org\/site\/wp-content\/uploads\/2025\/07\/logo-fondazione-unipolis-1.svg\",\"caption\":\"Unipolis\"},\"image\":{\"@id\":\"https:\/\/www.fondazioneunipolis.org\/site\/#\/schema\/logo\/image\/\"}},{\"@type\":\"Person\",\"@id\":\"https:\/\/www.fondazioneunipolis.org\/site\/#\/schema\/person\/43819ef7aaa5af51f1ed547eacb5e868\",\"name\":\"wsadmin\",\"image\":{\"@type\":\"ImageObject\",\"inLanguage\":\"it-IT\",\"@id\":\"https:\/\/www.fondazioneunipolis.org\/site\/#\/schema\/person\/image\/\",\"url\":\"https:\/\/secure.gravatar.com\/avatar\/6512509e9ae62b647044a2731fadcbf236f2546df7b086feb6df7aabf2ef03aa?s=96&d=mm&r=g\",\"contentUrl\":\"https:\/\/secure.gravatar.com\/avatar\/6512509e9ae62b647044a2731fadcbf236f2546df7b086feb6df7aabf2ef03aa?s=96&d=mm&r=g\",\"caption\":\"wsadmin\"},\"sameAs\":[\"https:\/\/www.fondazioneunipolis.org\/site\"],\"url\":\"https:\/\/www.fondazioneunipolis.org\/site\/author\/wsadmin\/\"}]}<\/script>\n<!-- \/ Yoast SEO plugin. -->","yoast_head_json":{"title":"Progetto O.R.A. al via: sono 93 le classi partecipanti - Unipolis","description":"Progetto O.R.A. al via: sono 93 le classi partecipanti","robots":{"index":"index","follow":"follow","max-snippet":"max-snippet:-1","max-image-preview":"max-image-preview:large","max-video-preview":"max-video-preview:-1"},"canonical":"https:\/\/www.fondazioneunipolis.org\/site\/progetto-o-r-a-al-via-sono-93-le-classi-partecipanti\/","og_locale":"it_IT","og_type":"article","og_title":"Progetto O.R.A. al via: sono 93 le classi partecipanti - Unipolis","og_description":"Progetto O.R.A. al via: sono 93 le classi partecipanti","og_url":"https:\/\/dx-factory-unipolis-corporate-wp.ha.servizi.gr-u.it\/site\/progetto-o-r-a-al-via-sono-93-le-classi-partecipanti\/","og_site_name":"Unipolis","article_published_time":"2020-02-11T23:00:00+00:00","article_modified_time":"2026-01-05T09:11:14+00:00","og_image":[{"url":"https:\/\/dx-factory-unipolis-corporate-wp.ha.servizi.gr-u.it\/site\/wp-content\/uploads\/import\/PublishingImages\/Notizie\/1 Fondazione Unipolis_progetto ORA_classi selezionate 1.png","width":1,"height":1,"type":"image\/png"}],"author":"wsadmin","twitter_card":"summary_large_image","twitter_misc":{"Written by":"wsadmin","Est. reading time":"3 minutes"},"schema":{"@context":"https:\/\/schema.org","@graph":[{"@type":"Article","@id":"https:\/\/dx-factory-unipolis-corporate-wp.ha.servizi.gr-u.it\/site\/progetto-o-r-a-al-via-sono-93-le-classi-partecipanti\/#article","isPartOf":{"@id":"https:\/\/dx-factory-unipolis-corporate-wp.ha.servizi.gr-u.it\/site\/progetto-o-r-a-al-via-sono-93-le-classi-partecipanti\/"},"author":{"name":"wsadmin","@id":"https:\/\/www.fondazioneunipolis.org\/site\/#\/schema\/person\/43819ef7aaa5af51f1ed547eacb5e868"},"headline":"Progetto O.R.A. al via: sono 93 le classi partecipanti","datePublished":"2020-02-11T23:00:00+00:00","dateModified":"2026-01-05T09:11:14+00:00","mainEntityOfPage":{"@id":"https:\/\/dx-factory-unipolis-corporate-wp.ha.servizi.gr-u.it\/site\/progetto-o-r-a-al-via-sono-93-le-classi-partecipanti\/"},"wordCount":434,"commentCount":0,"publisher":{"@id":"https:\/\/www.fondazioneunipolis.org\/site\/#organization"},"image":{"@id":"https:\/\/dx-factory-unipolis-corporate-wp.ha.servizi.gr-u.it\/site\/progetto-o-r-a-al-via-sono-93-le-classi-partecipanti\/#primaryimage"},"thumbnailUrl":"https:\/\/www.fondazioneunipolis.org\/site\/wp-content\/uploads\/import\/PublishingImages\/Notizie\/1 Fondazione Unipolis_progetto ORA_classi selezionate 1.png","keywords":["progettoORA","sicurstrada_programma"],"articleSection":["Mobilit\u00e0"],"inLanguage":"it-IT","potentialAction":[{"@type":"CommentAction","name":"Comment","target":["https:\/\/dx-factory-unipolis-corporate-wp.ha.servizi.gr-u.it\/site\/progetto-o-r-a-al-via-sono-93-le-classi-partecipanti\/#respond"]}]},{"@type":"WebPage","@id":"https:\/\/dx-factory-unipolis-corporate-wp.ha.servizi.gr-u.it\/site\/progetto-o-r-a-al-via-sono-93-le-classi-partecipanti\/","url":"https:\/\/dx-factory-unipolis-corporate-wp.ha.servizi.gr-u.it\/site\/progetto-o-r-a-al-via-sono-93-le-classi-partecipanti\/","name":"Progetto O.R.A. al via: sono 93 le classi partecipanti - Unipolis","isPartOf":{"@id":"https:\/\/www.fondazioneunipolis.org\/site\/#website"},"primaryImageOfPage":{"@id":"https:\/\/dx-factory-unipolis-corporate-wp.ha.servizi.gr-u.it\/site\/progetto-o-r-a-al-via-sono-93-le-classi-partecipanti\/#primaryimage"},"image":{"@id":"https:\/\/dx-factory-unipolis-corporate-wp.ha.servizi.gr-u.it\/site\/progetto-o-r-a-al-via-sono-93-le-classi-partecipanti\/#primaryimage"},"thumbnailUrl":"https:\/\/www.fondazioneunipolis.org\/site\/wp-content\/uploads\/import\/PublishingImages\/Notizie\/1 Fondazione Unipolis_progetto ORA_classi selezionate 1.png","datePublished":"2020-02-11T23:00:00+00:00","dateModified":"2026-01-05T09:11:14+00:00","description":"Progetto O.R.A. al via: sono 93 le classi partecipanti","breadcrumb":{"@id":"https:\/\/dx-factory-unipolis-corporate-wp.ha.servizi.gr-u.it\/site\/progetto-o-r-a-al-via-sono-93-le-classi-partecipanti\/#breadcrumb"},"inLanguage":"it-IT","potentialAction":[{"@type":"ReadAction","target":["https:\/\/dx-factory-unipolis-corporate-wp.ha.servizi.gr-u.it\/site\/progetto-o-r-a-al-via-sono-93-le-classi-partecipanti\/"]}]},{"@type":"ImageObject","inLanguage":"it-IT","@id":"https:\/\/dx-factory-unipolis-corporate-wp.ha.servizi.gr-u.it\/site\/progetto-o-r-a-al-via-sono-93-le-classi-partecipanti\/#primaryimage","url":"https:\/\/www.fondazioneunipolis.org\/site\/wp-content\/uploads\/import\/PublishingImages\/Notizie\/1 Fondazione Unipolis_progetto ORA_classi selezionate 1.png","contentUrl":"https:\/\/www.fondazioneunipolis.org\/site\/wp-content\/uploads\/import\/PublishingImages\/Notizie\/1 Fondazione Unipolis_progetto ORA_classi selezionate 1.png"},{"@type":"BreadcrumbList","@id":"https:\/\/dx-factory-unipolis-corporate-wp.ha.servizi.gr-u.it\/site\/progetto-o-r-a-al-via-sono-93-le-classi-partecipanti\/#breadcrumb","itemListElement":[{"@type":"ListItem","position":1,"name":"Home","item":"https:\/\/www.fondazioneunipolis.org\/site\/"},{"@type":"ListItem","position":2,"name":"Progetto O.R.A. al via: sono 93 le classi partecipanti"}]},{"@type":"WebSite","@id":"https:\/\/www.fondazioneunipolis.org\/site\/#website","url":"https:\/\/www.fondazioneunipolis.org\/site\/","name":"Unipolis","description":"","publisher":{"@id":"https:\/\/www.fondazioneunipolis.org\/site\/#organization"},"potentialAction":[{"@type":"SearchAction","target":{"@type":"EntryPoint","urlTemplate":"https:\/\/www.fondazioneunipolis.org\/site\/?s={search_term_string}"},"query-input":{"@type":"PropertyValueSpecification","valueRequired":true,"valueName":"search_term_string"}}],"inLanguage":"it-IT"},{"@type":"Organization","@id":"https:\/\/www.fondazioneunipolis.org\/site\/#organization","name":"Unipolis","url":"https:\/\/www.fondazioneunipolis.org\/site\/","logo":{"@type":"ImageObject","inLanguage":"it-IT","@id":"https:\/\/www.fondazioneunipolis.org\/site\/#\/schema\/logo\/image\/","url":"https:\/\/www.fondazioneunipolis.org\/site\/wp-content\/uploads\/2025\/07\/logo-fondazione-unipolis-1.svg","contentUrl":"https:\/\/www.fondazioneunipolis.org\/site\/wp-content\/uploads\/2025\/07\/logo-fondazione-unipolis-1.svg","caption":"Unipolis"},"image":{"@id":"https:\/\/www.fondazioneunipolis.org\/site\/#\/schema\/logo\/image\/"}},{"@type":"Person","@id":"https:\/\/www.fondazioneunipolis.org\/site\/#\/schema\/person\/43819ef7aaa5af51f1ed547eacb5e868","name":"wsadmin","image":{"@type":"ImageObject","inLanguage":"it-IT","@id":"https:\/\/www.fondazioneunipolis.org\/site\/#\/schema\/person\/image\/","url":"https:\/\/secure.gravatar.com\/avatar\/6512509e9ae62b647044a2731fadcbf236f2546df7b086feb6df7aabf2ef03aa?s=96&d=mm&r=g","contentUrl":"https:\/\/secure.gravatar.com\/avatar\/6512509e9ae62b647044a2731fadcbf236f2546df7b086feb6df7aabf2ef03aa?s=96&d=mm&r=g","caption":"wsadmin"},"sameAs":["https:\/\/www.fondazioneunipolis.org\/site"],"url":"https:\/\/www.fondazioneunipolis.org\/site\/author\/wsadmin\/"}]}},"_links":{"self":[{"href":"https:\/\/www.fondazioneunipolis.org\/site\/wp-json\/wp\/v2\/posts\/2326","targetHints":{"allow":["GET"]}}],"collection":[{"href":"https:\/\/www.fondazioneunipolis.org\/site\/wp-json\/wp\/v2\/posts"}],"about":[{"href":"https:\/\/www.fondazioneunipolis.org\/site\/wp-json\/wp\/v2\/types\/post"}],"author":[{"embeddable":true,"href":"https:\/\/www.fondazioneunipolis.org\/site\/wp-json\/wp\/v2\/users\/1"}],"replies":[{"embeddable":true,"href":"https:\/\/www.fondazioneunipolis.org\/site\/wp-json\/wp\/v2\/comments?post=2326"}],"version-history":[{"count":6,"href":"https:\/\/www.fondazioneunipolis.org\/site\/wp-json\/wp\/v2\/posts\/2326\/revisions"}],"predecessor-version":[{"id":11593,"href":"https:\/\/www.fondazioneunipolis.org\/site\/wp-json\/wp\/v2\/posts\/2326\/revisions\/11593"}],"wp:featuredmedia":[{"embeddable":true,"href":"https:\/\/www.fondazioneunipolis.org\/site\/wp-json\/wp\/v2\/media\/3545"}],"wp:attachment":[{"href":"https:\/\/www.fondazioneunipolis.org\/site\/wp-json\/wp\/v2\/media?parent=2326"}],"wp:term":[{"taxonomy":"category","embeddable":true,"href":"https:\/\/www.fondazioneunipolis.org\/site\/wp-json\/wp\/v2\/categories?post=2326"},{"taxonomy":"post_tag","embeddable":true,"href":"https:\/\/www.fondazioneunipolis.org\/site\/wp-json\/wp\/v2\/tags?post=2326"}],"curies":[{"name":"wp","href":"https:\/\/api.w.org\/{rel}","templated":true}]}}