{"id":2318,"date":"2016-09-28T00:00:00","date_gmt":"2016-09-27T22:00:00","guid":{"rendered":"https:\/\/www.fondazioneunipolis.org\/site\/presentato-il-primo-rapporto-asvis-litalia-e-sviluppo-sostenibile\/"},"modified":"2025-12-22T11:24:57","modified_gmt":"2025-12-22T10:24:57","slug":"presentato-il-primo-rapporto-asvis-litalia-e-sviluppo-sostenibile","status":"publish","type":"post","link":"https:\/\/www.fondazioneunipolis.org\/site\/news\/presentato-il-primo-rapporto-asvis-litalia-e-sviluppo-sostenibile\/","title":{"rendered":"Presentato il primo Rapporto ASviS: Italia e sviluppo sostenibile"},"content":{"rendered":"<div id=\"ctl00_PlaceHolderMain_ctl03__ControlWrapper_RichHtmlField\" class=\"ms-rtestate-field\" style=\"display: inline;\" aria-labelledby=\"ctl00_PlaceHolderMain_ctl03_label\">\n<p>A che punto si trova il nostro Paese rispetto agli impegni sottoscritti all&#8217;Onu un anno fa relativi all&#8217;Agenda Globale 2030 e ai 17 Obiettivi di Sviluppo Sostenibile? Una risposta a questa domanda \u00e8 contenuta nel primo Rapporto dell&#8217;<a href=\"https:\/\/www.fondazioneunipolis.org\/site\/progetti\/asvis-alleanza-italiana-per-lo-sviluppo-sostenibile\/\" target=\"_blank\" rel=\"noopener\">ASviS<\/a>, presentato il 28 settembre alla Camera dei deputati in occasione dell&#8217;incontro \u201cL&#8217;Italia e gli Obiettivi di Sviluppo Sostenibile&#8221;. I lavori sono iniziati con la relazione di\u00a0<strong>Enrico Giovannini<\/strong>, portavoce\u00a0ASviS. All&#8217;incontro hanno partecipato esperti e rappresentanti del mondo politico e istituzionale, fra i quali:\u00a0<strong>Sandro Gozi\u00a0\u2013\u00a0<\/strong>Sottosegretario alla Presidenza del Consiglio dei Ministri, con delega agli Affari Europei,\u00a0<strong>Stefano Bonaccini\u00a0\u2013\u00a0<\/strong>Presidente della Conferenza delle Regioni,\u00a0<strong>Marco Frey\u00a0\u2013\u00a0<\/strong>Presidente della Fondazione Global Compact Network Italia,\u00a0<strong>Alberto Quadrio Curzio<\/strong>\u00a0\u2013 Presidente dell&#8217;Accademia dei Lincei,\u00a0<strong>Maria Edera Spadoni\u00a0<\/strong>e\u00a0<strong>Lia Quartapelle<\/strong>, rispettivamente Presidente e Vice-Presidente del Comitato Permanente sull&#8217;Attuazione dell&#8217;Agenda 2030 e gli obiettivi di Sviluppo Sostenibile della Commissione Esteri della Camera. Le conclusioni sono state affidate a\u00a0<strong>Pierluigi Stefanini<\/strong>, presidente ASviS.<\/p>\n<p>Nel suo intervento Enrico Giovannini ha affermato che \u201c<em>non c&#8217;\u00e8 tempo da perdere. Per questo \u00e8 quanto mai urgente la definizione di una Strategia di Sviluppo Sostenibile che guidi le scelte di tutti gli operatori economici e sociali, e l&#8217;adozione di immediati provvedimenti da inserire nella prossima Legge di Bilancio. Con spirito di servizio verso l&#8217;intero Paese, l&#8217;ASviS, che riunisce quasi 130 organizzazioni della societ\u00e0 civile, offre alla politica italiana un insieme concreto di proposte per fare dello sviluppo sostenibile il paradigma di riferimento del nostro Paese<\/em>&#8220;.<\/p>\n<p>Nel dibattito sui contenuti del Rapporto, che rappresenta la prima analisi della situazione dell&#8217;Italia rispetto ai 17 Obiettivi e 169 Target dell&#8217;Agenda 2030, \u00e8 stato espresso un chiaro giudizio sull&#8217;insostenibilit\u00e0 dell&#8217;attuale modello di sviluppo, cos\u00ec come sia superata l&#8217;idea che la sostenibilit\u00e0 riguardi solo l&#8217;ambiente. Al contrario, lo sviluppo sostenibile richiede l&#8217;adozione di una logica integrata delle diverse dimensioni dello sviluppo: economica, sociale, ambientale e istituzionale.<\/p>\n<p>Pierluigi Stefanini, nel concludere i lavori dell&#8217;incontro, ha sottolineato l&#8217;importanza di \u201c<em>far crescere la cultura della sostenibilit\u00e0, cio\u00e8 la credibilit\u00e0 della visione sostenibile. Con l&#8217;obiettivo di connettere il grande e il piccolo, cio\u00e8 la vita quotidiana delle persone con il mondo globalizzato. ASviS pu\u00f2 essere uno strumento utile per raggiungere questo obiettivo<\/em>&#8220;.<\/p>\n<\/div>\n","protected":false},"excerpt":{"rendered":"<p>A che punto si trova il nostro Paese rispetto agli impegni sottoscritti all&#8217;Onu un anno fa relativi all&#8217;Agenda Globale 2030 e ai 17 Obiettivi di Sviluppo Sostenibile? Una risposta a questa domanda \u00e8 contenuta nel primo Rapporto dell&#8217;ASviS, presentato il 28 settembre alla Camera dei deputati in occasione dell&#8217;incontro \u201cL&#8217;Italia e gli Obiettivi di Sviluppo [&hellip;]<\/p>\n","protected":false},"author":1,"featured_media":3709,"comment_status":"open","ping_status":"open","sticky":false,"template":"","format":"standard","meta":{"_acf_changed":false,"footnotes":""},"categories":[20],"tags":[647],"class_list":["post-2318","post","type-post","status-publish","format-standard","has-post-thumbnail","hentry","category-unipolis","tag-asvis"],"acf":[],"yoast_head":"<!-- This site is optimized with the Yoast SEO plugin v26.1.1 - https:\/\/yoast.com\/wordpress\/plugins\/seo\/ -->\n<title>Presentato il primo Rapporto ASviS: Italia e sviluppo sostenibile - Unipolis<\/title>\n<meta name=\"robots\" content=\"index, follow, max-snippet:-1, max-image-preview:large, max-video-preview:-1\" \/>\n<link rel=\"canonical\" href=\"https:\/\/www.fondazioneunipolis.org\/site\/presentato-il-primo-rapporto-asvis-litalia-e-sviluppo-sostenibile\/\" \/>\n<meta property=\"og:locale\" content=\"it_IT\" \/>\n<meta property=\"og:type\" content=\"article\" \/>\n<meta property=\"og:title\" content=\"Presentato il primo Rapporto ASviS: Italia e sviluppo sostenibile - Unipolis\" \/>\n<meta property=\"og:description\" content=\"A che punto si trova il nostro Paese rispetto agli impegni sottoscritti all&#8217;Onu un anno fa relativi all&#8217;Agenda Globale 2030 e ai 17 Obiettivi di Sviluppo Sostenibile? Una risposta a questa domanda \u00e8 contenuta nel primo Rapporto dell&#8217;ASviS, presentato il 28 settembre alla Camera dei deputati in occasione dell&#8217;incontro \u201cL&#8217;Italia e gli Obiettivi di Sviluppo [&hellip;]\" \/>\n<meta property=\"og:url\" content=\"https:\/\/dx-factory-unipolis-corporate-wp.ha.servizi.gr-u.it\/site\/presentato-il-primo-rapporto-asvis-litalia-e-sviluppo-sostenibile\/\" \/>\n<meta property=\"og:site_name\" content=\"Unipolis\" \/>\n<meta property=\"article:published_time\" content=\"2016-09-27T22:00:00+00:00\" \/>\n<meta property=\"article:modified_time\" content=\"2025-12-22T10:24:57+00:00\" \/>\n<meta property=\"og:image\" content=\"https:\/\/dx-factory-unipolis-corporate-wp.ha.servizi.gr-u.it\/site\/wp-content\/uploads\/import\/PublishingImages\/Notizie\/asvisrapporto_evidenza.jpg\" \/>\n\t<meta property=\"og:image:width\" content=\"1\" \/>\n\t<meta property=\"og:image:height\" content=\"1\" \/>\n\t<meta property=\"og:image:type\" content=\"image\/jpeg\" \/>\n<meta name=\"author\" content=\"wsadmin\" \/>\n<meta name=\"twitter:card\" content=\"summary_large_image\" \/>\n<meta name=\"twitter:label1\" content=\"Written by\" \/>\n\t<meta name=\"twitter:data1\" content=\"wsadmin\" \/>\n\t<meta name=\"twitter:label2\" content=\"Est. reading time\" \/>\n\t<meta name=\"twitter:data2\" content=\"3 minutes\" \/>\n<script type=\"application\/ld+json\" class=\"yoast-schema-graph\">{\"@context\":\"https:\/\/schema.org\",\"@graph\":[{\"@type\":\"Article\",\"@id\":\"https:\/\/dx-factory-unipolis-corporate-wp.ha.servizi.gr-u.it\/site\/presentato-il-primo-rapporto-asvis-litalia-e-sviluppo-sostenibile\/#article\",\"isPartOf\":{\"@id\":\"https:\/\/dx-factory-unipolis-corporate-wp.ha.servizi.gr-u.it\/site\/presentato-il-primo-rapporto-asvis-litalia-e-sviluppo-sostenibile\/\"},\"author\":{\"name\":\"wsadmin\",\"@id\":\"https:\/\/www.fondazioneunipolis.org\/site\/#\/schema\/person\/43819ef7aaa5af51f1ed547eacb5e868\"},\"headline\":\"Presentato il primo Rapporto ASviS: Italia e sviluppo sostenibile\",\"datePublished\":\"2016-09-27T22:00:00+00:00\",\"dateModified\":\"2025-12-22T10:24:57+00:00\",\"mainEntityOfPage\":{\"@id\":\"https:\/\/dx-factory-unipolis-corporate-wp.ha.servizi.gr-u.it\/site\/presentato-il-primo-rapporto-asvis-litalia-e-sviluppo-sostenibile\/\"},\"wordCount\":381,\"commentCount\":0,\"publisher\":{\"@id\":\"https:\/\/www.fondazioneunipolis.org\/site\/#organization\"},\"image\":{\"@id\":\"https:\/\/dx-factory-unipolis-corporate-wp.ha.servizi.gr-u.it\/site\/presentato-il-primo-rapporto-asvis-litalia-e-sviluppo-sostenibile\/#primaryimage\"},\"thumbnailUrl\":\"https:\/\/www.fondazioneunipolis.org\/site\/wp-content\/uploads\/import\/PublishingImages\/Notizie\/asvisrapporto_evidenza.jpg\",\"keywords\":[\"asvis\"],\"articleSection\":[\"Unipolis\"],\"inLanguage\":\"it-IT\",\"potentialAction\":[{\"@type\":\"CommentAction\",\"name\":\"Comment\",\"target\":[\"https:\/\/dx-factory-unipolis-corporate-wp.ha.servizi.gr-u.it\/site\/presentato-il-primo-rapporto-asvis-litalia-e-sviluppo-sostenibile\/#respond\"]}]},{\"@type\":\"WebPage\",\"@id\":\"https:\/\/dx-factory-unipolis-corporate-wp.ha.servizi.gr-u.it\/site\/presentato-il-primo-rapporto-asvis-litalia-e-sviluppo-sostenibile\/\",\"url\":\"https:\/\/dx-factory-unipolis-corporate-wp.ha.servizi.gr-u.it\/site\/presentato-il-primo-rapporto-asvis-litalia-e-sviluppo-sostenibile\/\",\"name\":\"Presentato il primo Rapporto ASviS: Italia e sviluppo sostenibile - Unipolis\",\"isPartOf\":{\"@id\":\"https:\/\/www.fondazioneunipolis.org\/site\/#website\"},\"primaryImageOfPage\":{\"@id\":\"https:\/\/dx-factory-unipolis-corporate-wp.ha.servizi.gr-u.it\/site\/presentato-il-primo-rapporto-asvis-litalia-e-sviluppo-sostenibile\/#primaryimage\"},\"image\":{\"@id\":\"https:\/\/dx-factory-unipolis-corporate-wp.ha.servizi.gr-u.it\/site\/presentato-il-primo-rapporto-asvis-litalia-e-sviluppo-sostenibile\/#primaryimage\"},\"thumbnailUrl\":\"https:\/\/www.fondazioneunipolis.org\/site\/wp-content\/uploads\/import\/PublishingImages\/Notizie\/asvisrapporto_evidenza.jpg\",\"datePublished\":\"2016-09-27T22:00:00+00:00\",\"dateModified\":\"2025-12-22T10:24:57+00:00\",\"breadcrumb\":{\"@id\":\"https:\/\/dx-factory-unipolis-corporate-wp.ha.servizi.gr-u.it\/site\/presentato-il-primo-rapporto-asvis-litalia-e-sviluppo-sostenibile\/#breadcrumb\"},\"inLanguage\":\"it-IT\",\"potentialAction\":[{\"@type\":\"ReadAction\",\"target\":[\"https:\/\/dx-factory-unipolis-corporate-wp.ha.servizi.gr-u.it\/site\/presentato-il-primo-rapporto-asvis-litalia-e-sviluppo-sostenibile\/\"]}]},{\"@type\":\"ImageObject\",\"inLanguage\":\"it-IT\",\"@id\":\"https:\/\/dx-factory-unipolis-corporate-wp.ha.servizi.gr-u.it\/site\/presentato-il-primo-rapporto-asvis-litalia-e-sviluppo-sostenibile\/#primaryimage\",\"url\":\"https:\/\/www.fondazioneunipolis.org\/site\/wp-content\/uploads\/import\/PublishingImages\/Notizie\/asvisrapporto_evidenza.jpg\",\"contentUrl\":\"https:\/\/www.fondazioneunipolis.org\/site\/wp-content\/uploads\/import\/PublishingImages\/Notizie\/asvisrapporto_evidenza.jpg\"},{\"@type\":\"BreadcrumbList\",\"@id\":\"https:\/\/dx-factory-unipolis-corporate-wp.ha.servizi.gr-u.it\/site\/presentato-il-primo-rapporto-asvis-litalia-e-sviluppo-sostenibile\/#breadcrumb\",\"itemListElement\":[{\"@type\":\"ListItem\",\"position\":1,\"name\":\"Home\",\"item\":\"https:\/\/www.fondazioneunipolis.org\/site\/\"},{\"@type\":\"ListItem\",\"position\":2,\"name\":\"Presentato il primo Rapporto ASviS: Italia e sviluppo sostenibile\"}]},{\"@type\":\"WebSite\",\"@id\":\"https:\/\/www.fondazioneunipolis.org\/site\/#website\",\"url\":\"https:\/\/www.fondazioneunipolis.org\/site\/\",\"name\":\"Unipolis\",\"description\":\"\",\"publisher\":{\"@id\":\"https:\/\/www.fondazioneunipolis.org\/site\/#organization\"},\"potentialAction\":[{\"@type\":\"SearchAction\",\"target\":{\"@type\":\"EntryPoint\",\"urlTemplate\":\"https:\/\/www.fondazioneunipolis.org\/site\/?s={search_term_string}\"},\"query-input\":{\"@type\":\"PropertyValueSpecification\",\"valueRequired\":true,\"valueName\":\"search_term_string\"}}],\"inLanguage\":\"it-IT\"},{\"@type\":\"Organization\",\"@id\":\"https:\/\/www.fondazioneunipolis.org\/site\/#organization\",\"name\":\"Unipolis\",\"url\":\"https:\/\/www.fondazioneunipolis.org\/site\/\",\"logo\":{\"@type\":\"ImageObject\",\"inLanguage\":\"it-IT\",\"@id\":\"https:\/\/www.fondazioneunipolis.org\/site\/#\/schema\/logo\/image\/\",\"url\":\"https:\/\/www.fondazioneunipolis.org\/site\/wp-content\/uploads\/2025\/07\/logo-fondazione-unipolis-1.svg\",\"contentUrl\":\"https:\/\/www.fondazioneunipolis.org\/site\/wp-content\/uploads\/2025\/07\/logo-fondazione-unipolis-1.svg\",\"caption\":\"Unipolis\"},\"image\":{\"@id\":\"https:\/\/www.fondazioneunipolis.org\/site\/#\/schema\/logo\/image\/\"}},{\"@type\":\"Person\",\"@id\":\"https:\/\/www.fondazioneunipolis.org\/site\/#\/schema\/person\/43819ef7aaa5af51f1ed547eacb5e868\",\"name\":\"wsadmin\",\"image\":{\"@type\":\"ImageObject\",\"inLanguage\":\"it-IT\",\"@id\":\"https:\/\/www.fondazioneunipolis.org\/site\/#\/schema\/person\/image\/\",\"url\":\"https:\/\/secure.gravatar.com\/avatar\/6512509e9ae62b647044a2731fadcbf236f2546df7b086feb6df7aabf2ef03aa?s=96&d=mm&r=g\",\"contentUrl\":\"https:\/\/secure.gravatar.com\/avatar\/6512509e9ae62b647044a2731fadcbf236f2546df7b086feb6df7aabf2ef03aa?s=96&d=mm&r=g\",\"caption\":\"wsadmin\"},\"sameAs\":[\"https:\/\/www.fondazioneunipolis.org\/site\"],\"url\":\"https:\/\/www.fondazioneunipolis.org\/site\/author\/wsadmin\/\"}]}<\/script>\n<!-- \/ Yoast SEO plugin. -->","yoast_head_json":{"title":"Presentato il primo Rapporto ASviS: Italia e sviluppo sostenibile - Unipolis","robots":{"index":"index","follow":"follow","max-snippet":"max-snippet:-1","max-image-preview":"max-image-preview:large","max-video-preview":"max-video-preview:-1"},"canonical":"https:\/\/www.fondazioneunipolis.org\/site\/presentato-il-primo-rapporto-asvis-litalia-e-sviluppo-sostenibile\/","og_locale":"it_IT","og_type":"article","og_title":"Presentato il primo Rapporto ASviS: Italia e sviluppo sostenibile - Unipolis","og_description":"A che punto si trova il nostro Paese rispetto agli impegni sottoscritti all&#8217;Onu un anno fa relativi all&#8217;Agenda Globale 2030 e ai 17 Obiettivi di Sviluppo Sostenibile? Una risposta a questa domanda \u00e8 contenuta nel primo Rapporto dell&#8217;ASviS, presentato il 28 settembre alla Camera dei deputati in occasione dell&#8217;incontro \u201cL&#8217;Italia e gli Obiettivi di Sviluppo [&hellip;]","og_url":"https:\/\/dx-factory-unipolis-corporate-wp.ha.servizi.gr-u.it\/site\/presentato-il-primo-rapporto-asvis-litalia-e-sviluppo-sostenibile\/","og_site_name":"Unipolis","article_published_time":"2016-09-27T22:00:00+00:00","article_modified_time":"2025-12-22T10:24:57+00:00","og_image":[{"url":"https:\/\/dx-factory-unipolis-corporate-wp.ha.servizi.gr-u.it\/site\/wp-content\/uploads\/import\/PublishingImages\/Notizie\/asvisrapporto_evidenza.jpg","width":1,"height":1,"type":"image\/jpeg"}],"author":"wsadmin","twitter_card":"summary_large_image","twitter_misc":{"Written by":"wsadmin","Est. reading time":"3 minutes"},"schema":{"@context":"https:\/\/schema.org","@graph":[{"@type":"Article","@id":"https:\/\/dx-factory-unipolis-corporate-wp.ha.servizi.gr-u.it\/site\/presentato-il-primo-rapporto-asvis-litalia-e-sviluppo-sostenibile\/#article","isPartOf":{"@id":"https:\/\/dx-factory-unipolis-corporate-wp.ha.servizi.gr-u.it\/site\/presentato-il-primo-rapporto-asvis-litalia-e-sviluppo-sostenibile\/"},"author":{"name":"wsadmin","@id":"https:\/\/www.fondazioneunipolis.org\/site\/#\/schema\/person\/43819ef7aaa5af51f1ed547eacb5e868"},"headline":"Presentato il primo Rapporto ASviS: Italia e sviluppo sostenibile","datePublished":"2016-09-27T22:00:00+00:00","dateModified":"2025-12-22T10:24:57+00:00","mainEntityOfPage":{"@id":"https:\/\/dx-factory-unipolis-corporate-wp.ha.servizi.gr-u.it\/site\/presentato-il-primo-rapporto-asvis-litalia-e-sviluppo-sostenibile\/"},"wordCount":381,"commentCount":0,"publisher":{"@id":"https:\/\/www.fondazioneunipolis.org\/site\/#organization"},"image":{"@id":"https:\/\/dx-factory-unipolis-corporate-wp.ha.servizi.gr-u.it\/site\/presentato-il-primo-rapporto-asvis-litalia-e-sviluppo-sostenibile\/#primaryimage"},"thumbnailUrl":"https:\/\/www.fondazioneunipolis.org\/site\/wp-content\/uploads\/import\/PublishingImages\/Notizie\/asvisrapporto_evidenza.jpg","keywords":["asvis"],"articleSection":["Unipolis"],"inLanguage":"it-IT","potentialAction":[{"@type":"CommentAction","name":"Comment","target":["https:\/\/dx-factory-unipolis-corporate-wp.ha.servizi.gr-u.it\/site\/presentato-il-primo-rapporto-asvis-litalia-e-sviluppo-sostenibile\/#respond"]}]},{"@type":"WebPage","@id":"https:\/\/dx-factory-unipolis-corporate-wp.ha.servizi.gr-u.it\/site\/presentato-il-primo-rapporto-asvis-litalia-e-sviluppo-sostenibile\/","url":"https:\/\/dx-factory-unipolis-corporate-wp.ha.servizi.gr-u.it\/site\/presentato-il-primo-rapporto-asvis-litalia-e-sviluppo-sostenibile\/","name":"Presentato il primo Rapporto ASviS: Italia e sviluppo sostenibile - Unipolis","isPartOf":{"@id":"https:\/\/www.fondazioneunipolis.org\/site\/#website"},"primaryImageOfPage":{"@id":"https:\/\/dx-factory-unipolis-corporate-wp.ha.servizi.gr-u.it\/site\/presentato-il-primo-rapporto-asvis-litalia-e-sviluppo-sostenibile\/#primaryimage"},"image":{"@id":"https:\/\/dx-factory-unipolis-corporate-wp.ha.servizi.gr-u.it\/site\/presentato-il-primo-rapporto-asvis-litalia-e-sviluppo-sostenibile\/#primaryimage"},"thumbnailUrl":"https:\/\/www.fondazioneunipolis.org\/site\/wp-content\/uploads\/import\/PublishingImages\/Notizie\/asvisrapporto_evidenza.jpg","datePublished":"2016-09-27T22:00:00+00:00","dateModified":"2025-12-22T10:24:57+00:00","breadcrumb":{"@id":"https:\/\/dx-factory-unipolis-corporate-wp.ha.servizi.gr-u.it\/site\/presentato-il-primo-rapporto-asvis-litalia-e-sviluppo-sostenibile\/#breadcrumb"},"inLanguage":"it-IT","potentialAction":[{"@type":"ReadAction","target":["https:\/\/dx-factory-unipolis-corporate-wp.ha.servizi.gr-u.it\/site\/presentato-il-primo-rapporto-asvis-litalia-e-sviluppo-sostenibile\/"]}]},{"@type":"ImageObject","inLanguage":"it-IT","@id":"https:\/\/dx-factory-unipolis-corporate-wp.ha.servizi.gr-u.it\/site\/presentato-il-primo-rapporto-asvis-litalia-e-sviluppo-sostenibile\/#primaryimage","url":"https:\/\/www.fondazioneunipolis.org\/site\/wp-content\/uploads\/import\/PublishingImages\/Notizie\/asvisrapporto_evidenza.jpg","contentUrl":"https:\/\/www.fondazioneunipolis.org\/site\/wp-content\/uploads\/import\/PublishingImages\/Notizie\/asvisrapporto_evidenza.jpg"},{"@type":"BreadcrumbList","@id":"https:\/\/dx-factory-unipolis-corporate-wp.ha.servizi.gr-u.it\/site\/presentato-il-primo-rapporto-asvis-litalia-e-sviluppo-sostenibile\/#breadcrumb","itemListElement":[{"@type":"ListItem","position":1,"name":"Home","item":"https:\/\/www.fondazioneunipolis.org\/site\/"},{"@type":"ListItem","position":2,"name":"Presentato il primo Rapporto ASviS: Italia e sviluppo sostenibile"}]},{"@type":"WebSite","@id":"https:\/\/www.fondazioneunipolis.org\/site\/#website","url":"https:\/\/www.fondazioneunipolis.org\/site\/","name":"Unipolis","description":"","publisher":{"@id":"https:\/\/www.fondazioneunipolis.org\/site\/#organization"},"potentialAction":[{"@type":"SearchAction","target":{"@type":"EntryPoint","urlTemplate":"https:\/\/www.fondazioneunipolis.org\/site\/?s={search_term_string}"},"query-input":{"@type":"PropertyValueSpecification","valueRequired":true,"valueName":"search_term_string"}}],"inLanguage":"it-IT"},{"@type":"Organization","@id":"https:\/\/www.fondazioneunipolis.org\/site\/#organization","name":"Unipolis","url":"https:\/\/www.fondazioneunipolis.org\/site\/","logo":{"@type":"ImageObject","inLanguage":"it-IT","@id":"https:\/\/www.fondazioneunipolis.org\/site\/#\/schema\/logo\/image\/","url":"https:\/\/www.fondazioneunipolis.org\/site\/wp-content\/uploads\/2025\/07\/logo-fondazione-unipolis-1.svg","contentUrl":"https:\/\/www.fondazioneunipolis.org\/site\/wp-content\/uploads\/2025\/07\/logo-fondazione-unipolis-1.svg","caption":"Unipolis"},"image":{"@id":"https:\/\/www.fondazioneunipolis.org\/site\/#\/schema\/logo\/image\/"}},{"@type":"Person","@id":"https:\/\/www.fondazioneunipolis.org\/site\/#\/schema\/person\/43819ef7aaa5af51f1ed547eacb5e868","name":"wsadmin","image":{"@type":"ImageObject","inLanguage":"it-IT","@id":"https:\/\/www.fondazioneunipolis.org\/site\/#\/schema\/person\/image\/","url":"https:\/\/secure.gravatar.com\/avatar\/6512509e9ae62b647044a2731fadcbf236f2546df7b086feb6df7aabf2ef03aa?s=96&d=mm&r=g","contentUrl":"https:\/\/secure.gravatar.com\/avatar\/6512509e9ae62b647044a2731fadcbf236f2546df7b086feb6df7aabf2ef03aa?s=96&d=mm&r=g","caption":"wsadmin"},"sameAs":["https:\/\/www.fondazioneunipolis.org\/site"],"url":"https:\/\/www.fondazioneunipolis.org\/site\/author\/wsadmin\/"}]}},"_links":{"self":[{"href":"https:\/\/www.fondazioneunipolis.org\/site\/wp-json\/wp\/v2\/posts\/2318","targetHints":{"allow":["GET"]}}],"collection":[{"href":"https:\/\/www.fondazioneunipolis.org\/site\/wp-json\/wp\/v2\/posts"}],"about":[{"href":"https:\/\/www.fondazioneunipolis.org\/site\/wp-json\/wp\/v2\/types\/post"}],"author":[{"embeddable":true,"href":"https:\/\/www.fondazioneunipolis.org\/site\/wp-json\/wp\/v2\/users\/1"}],"replies":[{"embeddable":true,"href":"https:\/\/www.fondazioneunipolis.org\/site\/wp-json\/wp\/v2\/comments?post=2318"}],"version-history":[{"count":3,"href":"https:\/\/www.fondazioneunipolis.org\/site\/wp-json\/wp\/v2\/posts\/2318\/revisions"}],"predecessor-version":[{"id":11139,"href":"https:\/\/www.fondazioneunipolis.org\/site\/wp-json\/wp\/v2\/posts\/2318\/revisions\/11139"}],"wp:featuredmedia":[{"embeddable":true,"href":"https:\/\/www.fondazioneunipolis.org\/site\/wp-json\/wp\/v2\/media\/3709"}],"wp:attachment":[{"href":"https:\/\/www.fondazioneunipolis.org\/site\/wp-json\/wp\/v2\/media?parent=2318"}],"wp:term":[{"taxonomy":"category","embeddable":true,"href":"https:\/\/www.fondazioneunipolis.org\/site\/wp-json\/wp\/v2\/categories?post=2318"},{"taxonomy":"post_tag","embeddable":true,"href":"https:\/\/www.fondazioneunipolis.org\/site\/wp-json\/wp\/v2\/tags?post=2318"}],"curies":[{"name":"wp","href":"https:\/\/api.w.org\/{rel}","templated":true}]}}