{"id":2314,"date":"2021-04-14T00:00:00","date_gmt":"2021-04-13T22:00:00","guid":{"rendered":"https:\/\/www.fondazioneunipolis.org\/site\/pierluigi-stefanini-e-il-nuovo-portavoce-dellasvis\/"},"modified":"2025-12-17T12:16:10","modified_gmt":"2025-12-17T11:16:10","slug":"pierluigi-stefanini-e-il-nuovo-portavoce-dellasvis","status":"publish","type":"post","link":"https:\/\/www.fondazioneunipolis.org\/site\/news\/pierluigi-stefanini-e-il-nuovo-portavoce-dellasvis\/","title":{"rendered":"Pierluigi Stefanini \u00e8 il nuovo Portavoce dell\u2019ASviS"},"content":{"rendered":"<div id=\"ctl00_PlaceHolderMain_ctl03__ControlWrapper_RichHtmlField\" class=\"ms-rtestate-field\" style=\"display: inline;\" aria-labelledby=\"ctl00_PlaceHolderMain_ctl03_label\">\n<p>\u200b\u200b\u200b\u200bIl Presidente di ASviS\u00a0Pierluigi Stefanini \u00e8 diventato anche Portavoce dell&#8217;Alleanza, dopo l&#8217;entrata di Enrico Giovannini nel Governo Draghi.<\/p>\n<p>\u201c<em>\u00c8 per me un grande onore<\/em> \u2013 ha dichiarato Stefanini &#8211; <em>poter dedicare le mie energie a far crescere ulteriormente l&#8217;Alleanza per raggiungere nuovi obiettivi e spingere il sistema Italia verso l&#8217;adozione di politiche di sviluppo sostenibile. Molti passi ava\u200bnti sono stati fatti. E senza Enrico Giovannini questo non sarebbe stato possibile. A lui va il nostro grazie, assieme agli auguri di buon lavoro. Ma il cammino \u00e8 ancora lungo, siamo davanti a una sfida epocale e i prossimi cinque anni saranno decisivi<\/em>&#8220;.<\/p>\n<p>Il passaggio di consegne \u00e8 avvenuto nel corso dell&#8217;Assemblea straordinaria degli aderenti ASviS che si \u00e8 svolta il 12 aprile, durante la quale sono state discusse e approvate le linee strategiche per i prossimi cinque anni. \u201c<em>L&#8217;ASviS<\/em>&#8221; ha sottolineato Stefanini, \u201c<em>continuer\u00e0 a essere un luogo di riflessione sul futuro a medio-lungo termine dei sistemi socioeconomici anche aldil\u00e0 del 2030; a essere animatrice del cambiamento culturale e organizzativo nella direzione dello sviluppo sostenibile; a essere una fonte informativa credibile e un ponte fra l&#8217;Italia, gli altri Paesi e le istituzioni europee e internazionali. Particolare attenzione poi sar\u00e0 messa nel dialogo con le organizzazioni giovanili, cos\u00ec come costruendo e potenziando la presenza sul territorio nonch\u00e9 nell&#8217;operare per il raggiungimento della parit\u00e0 di genere. E soprattutto continuer\u00e0 ad essere una sentinella indipendente e imparziale sulle politiche pubbliche, nazionali e territoriali, senza sconti per nessuno, per verificarne la coerenza con gli obiettivi dell&#8217;Agenda 2030 delle Nazioni Unite<\/em>&#8220;.<\/p>\n<p>Fra le prossime tappe di ASviS gli appuntamenti di <strong>ASviS Live tra maggio e giugno<\/strong> e la nuova edizione del <strong>Festival dello Sviluppo Sostenibile<\/strong> che quest&#8217;anno si svolger\u00e0 <strong>dal 28 settembre al 14 ottobre<\/strong>.<\/p>\n<p>L&#8217;Assemblea \u00e8 stato inoltre un momento per ricordare la nascita &#8211; nel febbraio 2016 &#8211; e i primi importanti passi compiuti dall&#8217;ASviS, raccontati nel libro <a href=\"https:\/\/asvis.it\/public\/asvis2\/files\/Pubblicazioni\/5_ANNI_ASviS__1_.pdf\" target=\"_blank\" rel=\"noopener\"><strong>\u201c5 anni di ASviS \u2013 Storia di u\u200bn&#8217;Alleanza per l&#8217;Italia del 2030&#8243;<\/strong><\/a>. Il volume ripercorrere i passaggi pi\u00f9 significativi dell&#8217;Alleanza attraverso i quali anche in Italia sono cresciute la conoscenza dell&#8217;Agenda 2030 e la consapevolezza dell&#8217;urgenza di cambiare modello di sviluppo per un futuro sostenibile accessibile a tutti.<\/p>\n<p>\u200b<\/p>\n<\/div>\n","protected":false},"excerpt":{"rendered":"<p>\u200b\u200b\u200b\u200bIl Presidente di ASviS\u00a0Pierluigi Stefanini \u00e8 diventato anche Portavoce dell&#8217;Alleanza, dopo l&#8217;entrata di Enrico Giovannini nel Governo Draghi. \u201c\u00c8 per me un grande onore \u2013 ha dichiarato Stefanini &#8211; poter dedicare le mie energie a far crescere ulteriormente l&#8217;Alleanza per raggiungere nuovi obiettivi e spingere il sistema Italia verso l&#8217;adozione di politiche di sviluppo sostenibile. [&hellip;]<\/p>\n","protected":false},"author":1,"featured_media":3730,"comment_status":"open","ping_status":"open","sticky":false,"template":"","format":"standard","meta":{"_acf_changed":false,"footnotes":""},"categories":[20],"tags":[647],"class_list":["post-2314","post","type-post","status-publish","format-standard","has-post-thumbnail","hentry","category-unipolis","tag-asvis"],"acf":[],"yoast_head":"<!-- This site is optimized with the Yoast SEO plugin v26.1.1 - https:\/\/yoast.com\/wordpress\/plugins\/seo\/ -->\n<title>Pierluigi Stefanini \u00e8 il nuovo Portavoce dell\u2019ASviS - Unipolis<\/title>\n<meta name=\"robots\" content=\"index, follow, max-snippet:-1, max-image-preview:large, max-video-preview:-1\" \/>\n<link rel=\"canonical\" href=\"https:\/\/www.fondazioneunipolis.org\/site\/pierluigi-stefanini-e-il-nuovo-portavoce-dellasvis\/\" \/>\n<meta property=\"og:locale\" content=\"it_IT\" \/>\n<meta property=\"og:type\" content=\"article\" \/>\n<meta property=\"og:title\" content=\"Pierluigi Stefanini \u00e8 il nuovo Portavoce dell\u2019ASviS - Unipolis\" \/>\n<meta property=\"og:description\" content=\"\u200b\u200b\u200b\u200bIl Presidente di ASviS\u00a0Pierluigi Stefanini \u00e8 diventato anche Portavoce dell&#8217;Alleanza, dopo l&#8217;entrata di Enrico Giovannini nel Governo Draghi. \u201c\u00c8 per me un grande onore \u2013 ha dichiarato Stefanini &#8211; poter dedicare le mie energie a far crescere ulteriormente l&#8217;Alleanza per raggiungere nuovi obiettivi e spingere il sistema Italia verso l&#8217;adozione di politiche di sviluppo sostenibile. [&hellip;]\" \/>\n<meta property=\"og:url\" content=\"https:\/\/dx-factory-unipolis-corporate-wp.ha.servizi.gr-u.it\/site\/pierluigi-stefanini-e-il-nuovo-portavoce-dellasvis\/\" \/>\n<meta property=\"og:site_name\" content=\"Unipolis\" \/>\n<meta property=\"article:published_time\" content=\"2021-04-13T22:00:00+00:00\" \/>\n<meta property=\"article:modified_time\" content=\"2025-12-17T11:16:10+00:00\" \/>\n<meta property=\"og:image\" content=\"https:\/\/dx-factory-unipolis-corporate-wp.ha.servizi.gr-u.it\/site\/wp-content\/uploads\/import\/PublishingImages\/Notizie\/Stefanini_portavoce%20asvis.png\" \/>\n\t<meta property=\"og:image:width\" content=\"1\" \/>\n\t<meta property=\"og:image:height\" content=\"1\" \/>\n\t<meta property=\"og:image:type\" content=\"image\/png\" \/>\n<meta name=\"author\" content=\"wsadmin\" \/>\n<meta name=\"twitter:card\" content=\"summary_large_image\" \/>\n<meta name=\"twitter:label1\" content=\"Written by\" \/>\n\t<meta name=\"twitter:data1\" content=\"wsadmin\" \/>\n\t<meta name=\"twitter:label2\" content=\"Est. reading time\" \/>\n\t<meta name=\"twitter:data2\" content=\"3 minutes\" \/>\n<script type=\"application\/ld+json\" class=\"yoast-schema-graph\">{\"@context\":\"https:\/\/schema.org\",\"@graph\":[{\"@type\":\"Article\",\"@id\":\"https:\/\/dx-factory-unipolis-corporate-wp.ha.servizi.gr-u.it\/site\/pierluigi-stefanini-e-il-nuovo-portavoce-dellasvis\/#article\",\"isPartOf\":{\"@id\":\"https:\/\/dx-factory-unipolis-corporate-wp.ha.servizi.gr-u.it\/site\/pierluigi-stefanini-e-il-nuovo-portavoce-dellasvis\/\"},\"author\":{\"name\":\"wsadmin\",\"@id\":\"https:\/\/www.fondazioneunipolis.org\/site\/#\/schema\/person\/43819ef7aaa5af51f1ed547eacb5e868\"},\"headline\":\"Pierluigi Stefanini \u00e8 il nuovo Portavoce dell\u2019ASviS\",\"datePublished\":\"2021-04-13T22:00:00+00:00\",\"dateModified\":\"2025-12-17T11:16:10+00:00\",\"mainEntityOfPage\":{\"@id\":\"https:\/\/dx-factory-unipolis-corporate-wp.ha.servizi.gr-u.it\/site\/pierluigi-stefanini-e-il-nuovo-portavoce-dellasvis\/\"},\"wordCount\":371,\"commentCount\":0,\"publisher\":{\"@id\":\"https:\/\/www.fondazioneunipolis.org\/site\/#organization\"},\"image\":{\"@id\":\"https:\/\/dx-factory-unipolis-corporate-wp.ha.servizi.gr-u.it\/site\/pierluigi-stefanini-e-il-nuovo-portavoce-dellasvis\/#primaryimage\"},\"thumbnailUrl\":\"https:\/\/www.fondazioneunipolis.org\/site\/wp-content\/uploads\/import\/PublishingImages\/Notizie\/Stefanini_portavoce asvis.png\",\"keywords\":[\"asvis\"],\"articleSection\":[\"Unipolis\"],\"inLanguage\":\"it-IT\",\"potentialAction\":[{\"@type\":\"CommentAction\",\"name\":\"Comment\",\"target\":[\"https:\/\/dx-factory-unipolis-corporate-wp.ha.servizi.gr-u.it\/site\/pierluigi-stefanini-e-il-nuovo-portavoce-dellasvis\/#respond\"]}]},{\"@type\":\"WebPage\",\"@id\":\"https:\/\/dx-factory-unipolis-corporate-wp.ha.servizi.gr-u.it\/site\/pierluigi-stefanini-e-il-nuovo-portavoce-dellasvis\/\",\"url\":\"https:\/\/dx-factory-unipolis-corporate-wp.ha.servizi.gr-u.it\/site\/pierluigi-stefanini-e-il-nuovo-portavoce-dellasvis\/\",\"name\":\"Pierluigi Stefanini \u00e8 il nuovo Portavoce dell\u2019ASviS - Unipolis\",\"isPartOf\":{\"@id\":\"https:\/\/www.fondazioneunipolis.org\/site\/#website\"},\"primaryImageOfPage\":{\"@id\":\"https:\/\/dx-factory-unipolis-corporate-wp.ha.servizi.gr-u.it\/site\/pierluigi-stefanini-e-il-nuovo-portavoce-dellasvis\/#primaryimage\"},\"image\":{\"@id\":\"https:\/\/dx-factory-unipolis-corporate-wp.ha.servizi.gr-u.it\/site\/pierluigi-stefanini-e-il-nuovo-portavoce-dellasvis\/#primaryimage\"},\"thumbnailUrl\":\"https:\/\/www.fondazioneunipolis.org\/site\/wp-content\/uploads\/import\/PublishingImages\/Notizie\/Stefanini_portavoce asvis.png\",\"datePublished\":\"2021-04-13T22:00:00+00:00\",\"dateModified\":\"2025-12-17T11:16:10+00:00\",\"breadcrumb\":{\"@id\":\"https:\/\/dx-factory-unipolis-corporate-wp.ha.servizi.gr-u.it\/site\/pierluigi-stefanini-e-il-nuovo-portavoce-dellasvis\/#breadcrumb\"},\"inLanguage\":\"it-IT\",\"potentialAction\":[{\"@type\":\"ReadAction\",\"target\":[\"https:\/\/dx-factory-unipolis-corporate-wp.ha.servizi.gr-u.it\/site\/pierluigi-stefanini-e-il-nuovo-portavoce-dellasvis\/\"]}]},{\"@type\":\"ImageObject\",\"inLanguage\":\"it-IT\",\"@id\":\"https:\/\/dx-factory-unipolis-corporate-wp.ha.servizi.gr-u.it\/site\/pierluigi-stefanini-e-il-nuovo-portavoce-dellasvis\/#primaryimage\",\"url\":\"https:\/\/www.fondazioneunipolis.org\/site\/wp-content\/uploads\/import\/PublishingImages\/Notizie\/Stefanini_portavoce asvis.png\",\"contentUrl\":\"https:\/\/www.fondazioneunipolis.org\/site\/wp-content\/uploads\/import\/PublishingImages\/Notizie\/Stefanini_portavoce asvis.png\"},{\"@type\":\"BreadcrumbList\",\"@id\":\"https:\/\/dx-factory-unipolis-corporate-wp.ha.servizi.gr-u.it\/site\/pierluigi-stefanini-e-il-nuovo-portavoce-dellasvis\/#breadcrumb\",\"itemListElement\":[{\"@type\":\"ListItem\",\"position\":1,\"name\":\"Home\",\"item\":\"https:\/\/www.fondazioneunipolis.org\/site\/\"},{\"@type\":\"ListItem\",\"position\":2,\"name\":\"Pierluigi Stefanini \u00e8 il nuovo Portavoce dell\u2019ASviS\"}]},{\"@type\":\"WebSite\",\"@id\":\"https:\/\/www.fondazioneunipolis.org\/site\/#website\",\"url\":\"https:\/\/www.fondazioneunipolis.org\/site\/\",\"name\":\"Unipolis\",\"description\":\"\",\"publisher\":{\"@id\":\"https:\/\/www.fondazioneunipolis.org\/site\/#organization\"},\"potentialAction\":[{\"@type\":\"SearchAction\",\"target\":{\"@type\":\"EntryPoint\",\"urlTemplate\":\"https:\/\/www.fondazioneunipolis.org\/site\/?s={search_term_string}\"},\"query-input\":{\"@type\":\"PropertyValueSpecification\",\"valueRequired\":true,\"valueName\":\"search_term_string\"}}],\"inLanguage\":\"it-IT\"},{\"@type\":\"Organization\",\"@id\":\"https:\/\/www.fondazioneunipolis.org\/site\/#organization\",\"name\":\"Unipolis\",\"url\":\"https:\/\/www.fondazioneunipolis.org\/site\/\",\"logo\":{\"@type\":\"ImageObject\",\"inLanguage\":\"it-IT\",\"@id\":\"https:\/\/www.fondazioneunipolis.org\/site\/#\/schema\/logo\/image\/\",\"url\":\"https:\/\/www.fondazioneunipolis.org\/site\/wp-content\/uploads\/2025\/07\/logo-fondazione-unipolis-1.svg\",\"contentUrl\":\"https:\/\/www.fondazioneunipolis.org\/site\/wp-content\/uploads\/2025\/07\/logo-fondazione-unipolis-1.svg\",\"caption\":\"Unipolis\"},\"image\":{\"@id\":\"https:\/\/www.fondazioneunipolis.org\/site\/#\/schema\/logo\/image\/\"}},{\"@type\":\"Person\",\"@id\":\"https:\/\/www.fondazioneunipolis.org\/site\/#\/schema\/person\/43819ef7aaa5af51f1ed547eacb5e868\",\"name\":\"wsadmin\",\"image\":{\"@type\":\"ImageObject\",\"inLanguage\":\"it-IT\",\"@id\":\"https:\/\/www.fondazioneunipolis.org\/site\/#\/schema\/person\/image\/\",\"url\":\"https:\/\/secure.gravatar.com\/avatar\/6512509e9ae62b647044a2731fadcbf236f2546df7b086feb6df7aabf2ef03aa?s=96&d=mm&r=g\",\"contentUrl\":\"https:\/\/secure.gravatar.com\/avatar\/6512509e9ae62b647044a2731fadcbf236f2546df7b086feb6df7aabf2ef03aa?s=96&d=mm&r=g\",\"caption\":\"wsadmin\"},\"sameAs\":[\"https:\/\/www.fondazioneunipolis.org\/site\"],\"url\":\"https:\/\/www.fondazioneunipolis.org\/site\/author\/wsadmin\/\"}]}<\/script>\n<!-- \/ Yoast SEO plugin. -->","yoast_head_json":{"title":"Pierluigi Stefanini \u00e8 il nuovo Portavoce dell\u2019ASviS - Unipolis","robots":{"index":"index","follow":"follow","max-snippet":"max-snippet:-1","max-image-preview":"max-image-preview:large","max-video-preview":"max-video-preview:-1"},"canonical":"https:\/\/www.fondazioneunipolis.org\/site\/pierluigi-stefanini-e-il-nuovo-portavoce-dellasvis\/","og_locale":"it_IT","og_type":"article","og_title":"Pierluigi Stefanini \u00e8 il nuovo Portavoce dell\u2019ASviS - Unipolis","og_description":"\u200b\u200b\u200b\u200bIl Presidente di ASviS\u00a0Pierluigi Stefanini \u00e8 diventato anche Portavoce dell&#8217;Alleanza, dopo l&#8217;entrata di Enrico Giovannini nel Governo Draghi. \u201c\u00c8 per me un grande onore \u2013 ha dichiarato Stefanini &#8211; poter dedicare le mie energie a far crescere ulteriormente l&#8217;Alleanza per raggiungere nuovi obiettivi e spingere il sistema Italia verso l&#8217;adozione di politiche di sviluppo sostenibile. [&hellip;]","og_url":"https:\/\/dx-factory-unipolis-corporate-wp.ha.servizi.gr-u.it\/site\/pierluigi-stefanini-e-il-nuovo-portavoce-dellasvis\/","og_site_name":"Unipolis","article_published_time":"2021-04-13T22:00:00+00:00","article_modified_time":"2025-12-17T11:16:10+00:00","og_image":[{"url":"https:\/\/dx-factory-unipolis-corporate-wp.ha.servizi.gr-u.it\/site\/wp-content\/uploads\/import\/PublishingImages\/Notizie\/Stefanini_portavoce asvis.png","width":1,"height":1,"type":"image\/png"}],"author":"wsadmin","twitter_card":"summary_large_image","twitter_misc":{"Written by":"wsadmin","Est. reading time":"3 minutes"},"schema":{"@context":"https:\/\/schema.org","@graph":[{"@type":"Article","@id":"https:\/\/dx-factory-unipolis-corporate-wp.ha.servizi.gr-u.it\/site\/pierluigi-stefanini-e-il-nuovo-portavoce-dellasvis\/#article","isPartOf":{"@id":"https:\/\/dx-factory-unipolis-corporate-wp.ha.servizi.gr-u.it\/site\/pierluigi-stefanini-e-il-nuovo-portavoce-dellasvis\/"},"author":{"name":"wsadmin","@id":"https:\/\/www.fondazioneunipolis.org\/site\/#\/schema\/person\/43819ef7aaa5af51f1ed547eacb5e868"},"headline":"Pierluigi Stefanini \u00e8 il nuovo Portavoce dell\u2019ASviS","datePublished":"2021-04-13T22:00:00+00:00","dateModified":"2025-12-17T11:16:10+00:00","mainEntityOfPage":{"@id":"https:\/\/dx-factory-unipolis-corporate-wp.ha.servizi.gr-u.it\/site\/pierluigi-stefanini-e-il-nuovo-portavoce-dellasvis\/"},"wordCount":371,"commentCount":0,"publisher":{"@id":"https:\/\/www.fondazioneunipolis.org\/site\/#organization"},"image":{"@id":"https:\/\/dx-factory-unipolis-corporate-wp.ha.servizi.gr-u.it\/site\/pierluigi-stefanini-e-il-nuovo-portavoce-dellasvis\/#primaryimage"},"thumbnailUrl":"https:\/\/www.fondazioneunipolis.org\/site\/wp-content\/uploads\/import\/PublishingImages\/Notizie\/Stefanini_portavoce asvis.png","keywords":["asvis"],"articleSection":["Unipolis"],"inLanguage":"it-IT","potentialAction":[{"@type":"CommentAction","name":"Comment","target":["https:\/\/dx-factory-unipolis-corporate-wp.ha.servizi.gr-u.it\/site\/pierluigi-stefanini-e-il-nuovo-portavoce-dellasvis\/#respond"]}]},{"@type":"WebPage","@id":"https:\/\/dx-factory-unipolis-corporate-wp.ha.servizi.gr-u.it\/site\/pierluigi-stefanini-e-il-nuovo-portavoce-dellasvis\/","url":"https:\/\/dx-factory-unipolis-corporate-wp.ha.servizi.gr-u.it\/site\/pierluigi-stefanini-e-il-nuovo-portavoce-dellasvis\/","name":"Pierluigi Stefanini \u00e8 il nuovo Portavoce dell\u2019ASviS - Unipolis","isPartOf":{"@id":"https:\/\/www.fondazioneunipolis.org\/site\/#website"},"primaryImageOfPage":{"@id":"https:\/\/dx-factory-unipolis-corporate-wp.ha.servizi.gr-u.it\/site\/pierluigi-stefanini-e-il-nuovo-portavoce-dellasvis\/#primaryimage"},"image":{"@id":"https:\/\/dx-factory-unipolis-corporate-wp.ha.servizi.gr-u.it\/site\/pierluigi-stefanini-e-il-nuovo-portavoce-dellasvis\/#primaryimage"},"thumbnailUrl":"https:\/\/www.fondazioneunipolis.org\/site\/wp-content\/uploads\/import\/PublishingImages\/Notizie\/Stefanini_portavoce asvis.png","datePublished":"2021-04-13T22:00:00+00:00","dateModified":"2025-12-17T11:16:10+00:00","breadcrumb":{"@id":"https:\/\/dx-factory-unipolis-corporate-wp.ha.servizi.gr-u.it\/site\/pierluigi-stefanini-e-il-nuovo-portavoce-dellasvis\/#breadcrumb"},"inLanguage":"it-IT","potentialAction":[{"@type":"ReadAction","target":["https:\/\/dx-factory-unipolis-corporate-wp.ha.servizi.gr-u.it\/site\/pierluigi-stefanini-e-il-nuovo-portavoce-dellasvis\/"]}]},{"@type":"ImageObject","inLanguage":"it-IT","@id":"https:\/\/dx-factory-unipolis-corporate-wp.ha.servizi.gr-u.it\/site\/pierluigi-stefanini-e-il-nuovo-portavoce-dellasvis\/#primaryimage","url":"https:\/\/www.fondazioneunipolis.org\/site\/wp-content\/uploads\/import\/PublishingImages\/Notizie\/Stefanini_portavoce asvis.png","contentUrl":"https:\/\/www.fondazioneunipolis.org\/site\/wp-content\/uploads\/import\/PublishingImages\/Notizie\/Stefanini_portavoce asvis.png"},{"@type":"BreadcrumbList","@id":"https:\/\/dx-factory-unipolis-corporate-wp.ha.servizi.gr-u.it\/site\/pierluigi-stefanini-e-il-nuovo-portavoce-dellasvis\/#breadcrumb","itemListElement":[{"@type":"ListItem","position":1,"name":"Home","item":"https:\/\/www.fondazioneunipolis.org\/site\/"},{"@type":"ListItem","position":2,"name":"Pierluigi Stefanini \u00e8 il nuovo Portavoce dell\u2019ASviS"}]},{"@type":"WebSite","@id":"https:\/\/www.fondazioneunipolis.org\/site\/#website","url":"https:\/\/www.fondazioneunipolis.org\/site\/","name":"Unipolis","description":"","publisher":{"@id":"https:\/\/www.fondazioneunipolis.org\/site\/#organization"},"potentialAction":[{"@type":"SearchAction","target":{"@type":"EntryPoint","urlTemplate":"https:\/\/www.fondazioneunipolis.org\/site\/?s={search_term_string}"},"query-input":{"@type":"PropertyValueSpecification","valueRequired":true,"valueName":"search_term_string"}}],"inLanguage":"it-IT"},{"@type":"Organization","@id":"https:\/\/www.fondazioneunipolis.org\/site\/#organization","name":"Unipolis","url":"https:\/\/www.fondazioneunipolis.org\/site\/","logo":{"@type":"ImageObject","inLanguage":"it-IT","@id":"https:\/\/www.fondazioneunipolis.org\/site\/#\/schema\/logo\/image\/","url":"https:\/\/www.fondazioneunipolis.org\/site\/wp-content\/uploads\/2025\/07\/logo-fondazione-unipolis-1.svg","contentUrl":"https:\/\/www.fondazioneunipolis.org\/site\/wp-content\/uploads\/2025\/07\/logo-fondazione-unipolis-1.svg","caption":"Unipolis"},"image":{"@id":"https:\/\/www.fondazioneunipolis.org\/site\/#\/schema\/logo\/image\/"}},{"@type":"Person","@id":"https:\/\/www.fondazioneunipolis.org\/site\/#\/schema\/person\/43819ef7aaa5af51f1ed547eacb5e868","name":"wsadmin","image":{"@type":"ImageObject","inLanguage":"it-IT","@id":"https:\/\/www.fondazioneunipolis.org\/site\/#\/schema\/person\/image\/","url":"https:\/\/secure.gravatar.com\/avatar\/6512509e9ae62b647044a2731fadcbf236f2546df7b086feb6df7aabf2ef03aa?s=96&d=mm&r=g","contentUrl":"https:\/\/secure.gravatar.com\/avatar\/6512509e9ae62b647044a2731fadcbf236f2546df7b086feb6df7aabf2ef03aa?s=96&d=mm&r=g","caption":"wsadmin"},"sameAs":["https:\/\/www.fondazioneunipolis.org\/site"],"url":"https:\/\/www.fondazioneunipolis.org\/site\/author\/wsadmin\/"}]}},"_links":{"self":[{"href":"https:\/\/www.fondazioneunipolis.org\/site\/wp-json\/wp\/v2\/posts\/2314","targetHints":{"allow":["GET"]}}],"collection":[{"href":"https:\/\/www.fondazioneunipolis.org\/site\/wp-json\/wp\/v2\/posts"}],"about":[{"href":"https:\/\/www.fondazioneunipolis.org\/site\/wp-json\/wp\/v2\/types\/post"}],"author":[{"embeddable":true,"href":"https:\/\/www.fondazioneunipolis.org\/site\/wp-json\/wp\/v2\/users\/1"}],"replies":[{"embeddable":true,"href":"https:\/\/www.fondazioneunipolis.org\/site\/wp-json\/wp\/v2\/comments?post=2314"}],"version-history":[{"count":5,"href":"https:\/\/www.fondazioneunipolis.org\/site\/wp-json\/wp\/v2\/posts\/2314\/revisions"}],"predecessor-version":[{"id":11005,"href":"https:\/\/www.fondazioneunipolis.org\/site\/wp-json\/wp\/v2\/posts\/2314\/revisions\/11005"}],"wp:featuredmedia":[{"embeddable":true,"href":"https:\/\/www.fondazioneunipolis.org\/site\/wp-json\/wp\/v2\/media\/3730"}],"wp:attachment":[{"href":"https:\/\/www.fondazioneunipolis.org\/site\/wp-json\/wp\/v2\/media?parent=2314"}],"wp:term":[{"taxonomy":"category","embeddable":true,"href":"https:\/\/www.fondazioneunipolis.org\/site\/wp-json\/wp\/v2\/categories?post=2314"},{"taxonomy":"post_tag","embeddable":true,"href":"https:\/\/www.fondazioneunipolis.org\/site\/wp-json\/wp\/v2\/tags?post=2314"}],"curies":[{"name":"wp","href":"https:\/\/api.w.org\/{rel}","templated":true}]}}