{"id":2308,"date":"2021-09-10T00:00:00","date_gmt":"2021-09-09T22:00:00","guid":{"rendered":"https:\/\/www.fondazioneunipolis.org\/site\/ora-tocca-a-noi\/"},"modified":"2026-01-29T16:55:54","modified_gmt":"2026-01-29T15:55:54","slug":"ora-tocca-a-noi","status":"publish","type":"post","link":"https:\/\/www.fondazioneunipolis.org\/site\/news\/ora-tocca-a-noi\/","title":{"rendered":"ORA tocca a noi!"},"content":{"rendered":"\n<p>Gioved\u00ec&nbsp;<strong>16 settembre 2021<\/strong>&nbsp;le&nbsp;<strong>studentesse<\/strong>&nbsp;e gli&nbsp;<strong>studenti<\/strong>&nbsp;dell&#8217;<strong>Open Road Alliance<\/strong>&nbsp;consegneranno a Roma, al Ministro<strong>&nbsp;Enrico Giovannini<\/strong>, il primo&nbsp;<strong>Manifesto della mobilit\u00e0 sostenibile della scuola italiana<\/strong>.<\/p>\n\n\n\n<p class=\"has-text-align-center\"><a href=\"https:\/\/www.youtube.com\/watch?v=6rvO8Y6AgQc\" target=\"_blank\" rel=\"noreferrer noopener\"><strong>>>> LINK ALLA REGISTRAZIONE QUI &lt;&lt;&lt;<\/strong><\/a><\/p>\n\n\n\n<p>Dieci delegazioni di altrettante scuole superiori, da Torin\u200b\u200bo fino a Palermo, saranno i portavoce dei\u00a0<strong>1.863 giovanissimi e 140 docenti<\/strong>\u00a0che hanno partecipato al\u00a0<a href=\"https:\/\/www.fondazioneunipolis.org\/site\/progetti\/o-r-a-open-road-alliance\/\" target=\"_blank\" rel=\"noreferrer noopener\"><strong>Progetto O.R.A. &#8211; Open Road Alliance<\/strong><\/a>\u00a0ideato da\u00a0<a href=\"https:\/\/www.fondazioneunipolis.org\/\" target=\"_blank\" rel=\"noreferrer noopener\"><strong>Fondazione Unipolis<\/strong><\/a>\u00a0e\u00a0<a href=\"https:\/\/www.cittadinanzattiva.it\/\" target=\"_blank\" rel=\"noreferrer noopener\"><strong>Cittadinanzattiva<\/strong><\/a>.<\/p>\n\n\n\n<p>Il Manifesto, che si presenta nella duplice versione di&nbsp;<strong>sito web<\/strong>&nbsp;e&nbsp;<strong>poster<\/strong>, \u00e8 frutto di un&nbsp;<strong>percorso formativo e laboratoriale<\/strong>&nbsp;iniziato nel 2019 nelle aree metropolitane del nostro Paese a partire dall&#8217;analisi dello<strong>&nbsp;stato della mobilit\u00e0&nbsp;<\/strong>nella sua dimensione&nbsp;<strong>sociale<\/strong>,&nbsp;<strong>economica<\/strong>,&nbsp;<strong>ambientale<\/strong>&nbsp;e della&nbsp;<strong>sicurezza<\/strong>.<\/p>\n\n\n\n<p>Attraverso differenti&nbsp;<strong>forme e linguaggi<\/strong>&nbsp;e per&nbsp;<strong>promuovere un vero cambiamento<\/strong>&nbsp;il Manifesto raccoglie le istanze, le proposte e le richieste dei giovani in tema di mobilit\u00e0. A Roma avranno l&#8217;occasione di essere ascoltati dalle Istituzioni nazionali, prima che il Manifesto prenda la via delle&nbsp;<strong>14 citt\u00e0 metropolitane&nbsp;<\/strong>dove sar\u00e0 presentato pubblicamente coinvolgendo l&#8217;intera comunit\u00e0 a partire dagli Amministratori locali.<\/p>\n\n\n\n<p>Nella prima parte della mattinata,&nbsp;<strong>Tullio Berlenghi&nbsp;<\/strong>&#8211; Esperto Uffici di diretta collaborazione del&nbsp;<em>Ministero della Transizione Ecologica<\/em>&nbsp;e&nbsp;<strong>Alessandro Dini<\/strong>&nbsp;&#8211; Vice Coordinatore del Comitato Tecnico-Scientifico per il progetto Rigenerazione scuola del&nbsp;<em>Ministero dell&#8217;Istruzione<\/em>&nbsp;con&nbsp;<strong>Federica Biassoni<\/strong>&nbsp;&#8211; Co-direttrice dell&#8217;Unit\u00e0 di Ricerca in Psicologia del Traffico dell&#8217;<strong>Universit\u00e0 Cattolica del Sacro Cuore<\/strong>&nbsp;affronteranno il tema della&nbsp;<strong>transizione ecologica e culturale nelle scuole&nbsp;<\/strong>e ragioneranno sull&#8217;importanza della&nbsp;<strong>valutazione d&#8217;impatto&nbsp;<\/strong>nei progetti scolastici a partire dal caso del<strong>&nbsp;Progetto O.R.A.<\/strong><\/p>\n\n\n\n<p>Nella seconda parte&nbsp;<strong>Pierluigi Stefanini&nbsp;<\/strong>&#8211; Presidente del&nbsp;<strong>Gruppo Unipol&nbsp;<\/strong>e di&nbsp;<strong>Fondazione Unipolis<\/strong>,&nbsp;<strong>Anna Lisa Mandorino<\/strong>&nbsp;&#8211; Segretaria Generale di&nbsp;<strong>Cittadinanzattiva<\/strong>&nbsp;ed&nbsp;<strong>Enrico Giovannini&nbsp;<\/strong>&#8211;&nbsp;<strong>Ministro delle infrastrutture e della mobilit\u00e0 sostenibili<\/strong>&nbsp;dialogheranno con i giovani presenti e premieranno gli elaborati creativi pi\u00f9 votati che hanno contribuito alla realizzazione della parte multimediale del Manifesto.<\/p>\n\n\n\n<p>Arricchir\u00e0 l&#8217;evento la partecipazione di&nbsp;<strong>Arianna Fontana<\/strong>&nbsp;\u2013&nbsp;<strong>Campionessa Olimpica e Mondiale di short track<\/strong>, portabandiera alle Olimpiadi di Pyeongchang e atleta del Team Young Italy UnipolSai che testimonier\u00e0 ai giovani come sia possibile ottenere grandi successi lottando per i propri ideali, in un progetto, in un&#8217;idea.<\/p>\n\n\n\n<p>Conduce l&#8217;iniziativa&nbsp;<strong>Maurizio Melis<\/strong>&nbsp;di Radio 24.<\/p>\n\n\n\n<p>Vieni a scoprire il Manifesto\u00a0in streaming\u00a0<strong>gioved\u00ec 16 settembre 2021<\/strong>\u00a0<strong>dalle 10.30 alle 13<\/strong>\u00a0sui canali\u00a0del Progetto O.R.A.,\u00a0di Fondazione Unipolis,\u00a0Cittadinanzattiva e sicurstrada.<\/p>\n\n\n\n<p><em>Il Progetto O.R.A. \u00e8 tra le Mobility Actions dell&#8217;<a href=\"https:\/\/mobilityweek.eu\/home\/\" target=\"_blank\" rel=\"noreferrer noopener\">European Mobility Week<\/a>\u00a02021.\u200b\u00a0La scelta dello slogan di quest&#8217;anno \u201c<strong>Muoviti sostenibile\u2026e in salute<\/strong>&#8221; rende omaggio alle difficolt\u00e0 che il mondo intero ha dovuto affrontare durante la pandemia di COVID-19 ed \u00e8 anche un invito a riflettere sulle opportunit\u00e0 di cambiamento derivanti da questa crisi sanitaria senza precedenti. Le citt\u00e0 e le amministrazioni locali hanno messo in campo risposte creative e senza precedenti alla pandemia e la Settimana Europea della Mobilit\u00e0 intende celebrare la resilienza delle citt\u00e0 e i loro successi, sostenendo lo slancio e le tendenze iniziate lo scorso anno, come l&#8217;aumento della mobilit\u00e0 attiva e l&#8217;uso della mobilit\u00e0 a basse o zero emissioni.<\/em><\/p>\n\n\n\n<p class=\"has-text-align-center\"><strong><a href=\"https:\/\/www.fondazioneunipolis.org\/site\/wp-content\/uploads\/import\/Documents\/ORA%20tocca%20a%20noi_Programma_16.09.21_Manifesto%20della%20mobilit\u00e0%20sostenibile.pdf\">SCARICA IL PROGRAMMA<\/a><\/strong><\/p>\n\n\n\n<figure class=\"wp-block-image size-full\"><img src=\"https:\/\/www.fondazioneunipolis.org\/site\/wp-content\/uploads\/import\/PublishingImages\/Eventi\/ora-tocca-a-noi\/ORA tocca a noi_Programma_16.09.21_Manifesto della mobilit\u00e0 sostenibile.png\" alt=\"\" class=\"wp-image-6477\"\/><\/figure>\n","protected":false},"excerpt":{"rendered":"<p>Gioved\u00ec&nbsp;16 settembre 2021&nbsp;le&nbsp;studentesse&nbsp;e gli&nbsp;studenti&nbsp;dell&#8217;Open Road Alliance&nbsp;consegneranno a Roma, al Ministro&nbsp;Enrico Giovannini, il primo&nbsp;Manifesto della mobilit\u00e0 sostenibile della scuola italiana. >>> LINK ALLA REGISTRAZIONE QUI &lt;&lt;&lt; Dieci delegazioni di altrettante scuole superiori, da Torin\u200b\u200bo fino a Palermo, saranno i portavoce dei\u00a01.863 giovanissimi e 140 docenti\u00a0che hanno partecipato al\u00a0Progetto O.R.A. &#8211; Open Road Alliance\u00a0ideato da\u00a0Fondazione Unipolis\u00a0e\u00a0Cittadinanzattiva. Il [&hellip;]<\/p>\n","protected":false},"author":1,"featured_media":4980,"comment_status":"open","ping_status":"open","sticky":false,"template":"","format":"standard","meta":{"_acf_changed":false,"footnotes":""},"categories":[16],"tags":[659,649],"class_list":["post-2308","post","type-post","status-publish","format-standard","has-post-thumbnail","hentry","category-mobilita","tag-progettoora","tag-sicurstrada_programma"],"acf":[],"yoast_head":"<!-- This site is optimized with the Yoast SEO plugin v26.1.1 - https:\/\/yoast.com\/wordpress\/plugins\/seo\/ -->\n<title>ORA tocca a noi! - Unipolis<\/title>\n<meta name=\"description\" content=\"ORA tocca a noi\" \/>\n<meta name=\"robots\" content=\"index, follow, max-snippet:-1, max-image-preview:large, max-video-preview:-1\" \/>\n<link rel=\"canonical\" href=\"https:\/\/www.fondazioneunipolis.org\/site\/news\/ora-tocca-a-noi\/\" \/>\n<meta property=\"og:locale\" content=\"it_IT\" \/>\n<meta property=\"og:type\" content=\"article\" \/>\n<meta property=\"og:title\" content=\"ORA tocca a noi! - Unipolis\" \/>\n<meta property=\"og:description\" content=\"ORA tocca a noi\" \/>\n<meta property=\"og:url\" content=\"https:\/\/www.fondazioneunipolis.org\/site\/news\/ora-tocca-a-noi\/\" \/>\n<meta property=\"og:site_name\" content=\"Unipolis\" \/>\n<meta property=\"article:published_time\" content=\"2021-09-09T22:00:00+00:00\" \/>\n<meta property=\"article:modified_time\" content=\"2026-01-29T15:55:54+00:00\" \/>\n<meta property=\"og:image\" content=\"https:\/\/www.fondazioneunipolis.org\/site\/wp-content\/uploads\/import\/PublishingImages\/news\/manifesto_ora_unipolis.png\" \/>\n\t<meta property=\"og:image:width\" content=\"1\" \/>\n\t<meta property=\"og:image:height\" content=\"1\" \/>\n\t<meta property=\"og:image:type\" content=\"image\/png\" \/>\n<meta name=\"author\" content=\"wsadmin\" \/>\n<meta name=\"twitter:card\" content=\"summary_large_image\" \/>\n<meta name=\"twitter:label1\" content=\"Written by\" \/>\n\t<meta name=\"twitter:data1\" content=\"wsadmin\" \/>\n\t<meta name=\"twitter:label2\" content=\"Est. reading time\" \/>\n\t<meta name=\"twitter:data2\" content=\"4 minutes\" \/>\n<script type=\"application\/ld+json\" class=\"yoast-schema-graph\">{\"@context\":\"https:\/\/schema.org\",\"@graph\":[{\"@type\":\"Article\",\"@id\":\"https:\/\/www.fondazioneunipolis.org\/site\/news\/ora-tocca-a-noi\/#article\",\"isPartOf\":{\"@id\":\"https:\/\/www.fondazioneunipolis.org\/site\/news\/ora-tocca-a-noi\/\"},\"author\":{\"name\":\"wsadmin\",\"@id\":\"https:\/\/www.fondazioneunipolis.org\/site\/#\/schema\/person\/43819ef7aaa5af51f1ed547eacb5e868\"},\"headline\":\"ORA tocca a noi!\",\"datePublished\":\"2021-09-09T22:00:00+00:00\",\"dateModified\":\"2026-01-29T15:55:54+00:00\",\"mainEntityOfPage\":{\"@id\":\"https:\/\/www.fondazioneunipolis.org\/site\/news\/ora-tocca-a-noi\/\"},\"wordCount\":581,\"commentCount\":0,\"publisher\":{\"@id\":\"https:\/\/www.fondazioneunipolis.org\/site\/#organization\"},\"image\":{\"@id\":\"https:\/\/www.fondazioneunipolis.org\/site\/news\/ora-tocca-a-noi\/#primaryimage\"},\"thumbnailUrl\":\"https:\/\/www.fondazioneunipolis.org\/site\/wp-content\/uploads\/import\/PublishingImages\/news\/manifesto_ora_unipolis.png\",\"keywords\":[\"progettoORA\",\"sicurstrada_programma\"],\"articleSection\":[\"Mobilit\u00e0\"],\"inLanguage\":\"it-IT\",\"potentialAction\":[{\"@type\":\"CommentAction\",\"name\":\"Comment\",\"target\":[\"https:\/\/www.fondazioneunipolis.org\/site\/news\/ora-tocca-a-noi\/#respond\"]}]},{\"@type\":\"WebPage\",\"@id\":\"https:\/\/www.fondazioneunipolis.org\/site\/news\/ora-tocca-a-noi\/\",\"url\":\"https:\/\/www.fondazioneunipolis.org\/site\/news\/ora-tocca-a-noi\/\",\"name\":\"ORA tocca a noi! - Unipolis\",\"isPartOf\":{\"@id\":\"https:\/\/www.fondazioneunipolis.org\/site\/#website\"},\"primaryImageOfPage\":{\"@id\":\"https:\/\/www.fondazioneunipolis.org\/site\/news\/ora-tocca-a-noi\/#primaryimage\"},\"image\":{\"@id\":\"https:\/\/www.fondazioneunipolis.org\/site\/news\/ora-tocca-a-noi\/#primaryimage\"},\"thumbnailUrl\":\"https:\/\/www.fondazioneunipolis.org\/site\/wp-content\/uploads\/import\/PublishingImages\/news\/manifesto_ora_unipolis.png\",\"datePublished\":\"2021-09-09T22:00:00+00:00\",\"dateModified\":\"2026-01-29T15:55:54+00:00\",\"description\":\"ORA tocca a noi\",\"breadcrumb\":{\"@id\":\"https:\/\/www.fondazioneunipolis.org\/site\/news\/ora-tocca-a-noi\/#breadcrumb\"},\"inLanguage\":\"it-IT\",\"potentialAction\":[{\"@type\":\"ReadAction\",\"target\":[\"https:\/\/www.fondazioneunipolis.org\/site\/news\/ora-tocca-a-noi\/\"]}]},{\"@type\":\"ImageObject\",\"inLanguage\":\"it-IT\",\"@id\":\"https:\/\/www.fondazioneunipolis.org\/site\/news\/ora-tocca-a-noi\/#primaryimage\",\"url\":\"https:\/\/www.fondazioneunipolis.org\/site\/wp-content\/uploads\/import\/PublishingImages\/news\/manifesto_ora_unipolis.png\",\"contentUrl\":\"https:\/\/www.fondazioneunipolis.org\/site\/wp-content\/uploads\/import\/PublishingImages\/news\/manifesto_ora_unipolis.png\"},{\"@type\":\"BreadcrumbList\",\"@id\":\"https:\/\/www.fondazioneunipolis.org\/site\/news\/ora-tocca-a-noi\/#breadcrumb\",\"itemListElement\":[{\"@type\":\"ListItem\",\"position\":1,\"name\":\"Home\",\"item\":\"https:\/\/www.fondazioneunipolis.org\/site\/\"},{\"@type\":\"ListItem\",\"position\":2,\"name\":\"ORA tocca a noi!\"}]},{\"@type\":\"WebSite\",\"@id\":\"https:\/\/www.fondazioneunipolis.org\/site\/#website\",\"url\":\"https:\/\/www.fondazioneunipolis.org\/site\/\",\"name\":\"Unipolis\",\"description\":\"\",\"publisher\":{\"@id\":\"https:\/\/www.fondazioneunipolis.org\/site\/#organization\"},\"potentialAction\":[{\"@type\":\"SearchAction\",\"target\":{\"@type\":\"EntryPoint\",\"urlTemplate\":\"https:\/\/www.fondazioneunipolis.org\/site\/?s={search_term_string}\"},\"query-input\":{\"@type\":\"PropertyValueSpecification\",\"valueRequired\":true,\"valueName\":\"search_term_string\"}}],\"inLanguage\":\"it-IT\"},{\"@type\":\"Organization\",\"@id\":\"https:\/\/www.fondazioneunipolis.org\/site\/#organization\",\"name\":\"Unipolis\",\"url\":\"https:\/\/www.fondazioneunipolis.org\/site\/\",\"logo\":{\"@type\":\"ImageObject\",\"inLanguage\":\"it-IT\",\"@id\":\"https:\/\/www.fondazioneunipolis.org\/site\/#\/schema\/logo\/image\/\",\"url\":\"https:\/\/www.fondazioneunipolis.org\/site\/wp-content\/uploads\/2025\/07\/logo-fondazione-unipolis-1.svg\",\"contentUrl\":\"https:\/\/www.fondazioneunipolis.org\/site\/wp-content\/uploads\/2025\/07\/logo-fondazione-unipolis-1.svg\",\"caption\":\"Unipolis\"},\"image\":{\"@id\":\"https:\/\/www.fondazioneunipolis.org\/site\/#\/schema\/logo\/image\/\"}},{\"@type\":\"Person\",\"@id\":\"https:\/\/www.fondazioneunipolis.org\/site\/#\/schema\/person\/43819ef7aaa5af51f1ed547eacb5e868\",\"name\":\"wsadmin\",\"image\":{\"@type\":\"ImageObject\",\"inLanguage\":\"it-IT\",\"@id\":\"https:\/\/www.fondazioneunipolis.org\/site\/#\/schema\/person\/image\/\",\"url\":\"https:\/\/secure.gravatar.com\/avatar\/6512509e9ae62b647044a2731fadcbf236f2546df7b086feb6df7aabf2ef03aa?s=96&d=mm&r=g\",\"contentUrl\":\"https:\/\/secure.gravatar.com\/avatar\/6512509e9ae62b647044a2731fadcbf236f2546df7b086feb6df7aabf2ef03aa?s=96&d=mm&r=g\",\"caption\":\"wsadmin\"},\"sameAs\":[\"https:\/\/www.fondazioneunipolis.org\/site\"],\"url\":\"https:\/\/www.fondazioneunipolis.org\/site\/author\/wsadmin\/\"}]}<\/script>\n<!-- \/ Yoast SEO plugin. -->","yoast_head_json":{"title":"ORA tocca a noi! - Unipolis","description":"ORA tocca a noi","robots":{"index":"index","follow":"follow","max-snippet":"max-snippet:-1","max-image-preview":"max-image-preview:large","max-video-preview":"max-video-preview:-1"},"canonical":"https:\/\/www.fondazioneunipolis.org\/site\/news\/ora-tocca-a-noi\/","og_locale":"it_IT","og_type":"article","og_title":"ORA tocca a noi! - Unipolis","og_description":"ORA tocca a noi","og_url":"https:\/\/www.fondazioneunipolis.org\/site\/news\/ora-tocca-a-noi\/","og_site_name":"Unipolis","article_published_time":"2021-09-09T22:00:00+00:00","article_modified_time":"2026-01-29T15:55:54+00:00","og_image":[{"url":"https:\/\/www.fondazioneunipolis.org\/site\/wp-content\/uploads\/import\/PublishingImages\/news\/manifesto_ora_unipolis.png","width":1,"height":1,"type":"image\/png"}],"author":"wsadmin","twitter_card":"summary_large_image","twitter_misc":{"Written by":"wsadmin","Est. reading time":"4 minutes"},"schema":{"@context":"https:\/\/schema.org","@graph":[{"@type":"Article","@id":"https:\/\/www.fondazioneunipolis.org\/site\/news\/ora-tocca-a-noi\/#article","isPartOf":{"@id":"https:\/\/www.fondazioneunipolis.org\/site\/news\/ora-tocca-a-noi\/"},"author":{"name":"wsadmin","@id":"https:\/\/www.fondazioneunipolis.org\/site\/#\/schema\/person\/43819ef7aaa5af51f1ed547eacb5e868"},"headline":"ORA tocca a noi!","datePublished":"2021-09-09T22:00:00+00:00","dateModified":"2026-01-29T15:55:54+00:00","mainEntityOfPage":{"@id":"https:\/\/www.fondazioneunipolis.org\/site\/news\/ora-tocca-a-noi\/"},"wordCount":581,"commentCount":0,"publisher":{"@id":"https:\/\/www.fondazioneunipolis.org\/site\/#organization"},"image":{"@id":"https:\/\/www.fondazioneunipolis.org\/site\/news\/ora-tocca-a-noi\/#primaryimage"},"thumbnailUrl":"https:\/\/www.fondazioneunipolis.org\/site\/wp-content\/uploads\/import\/PublishingImages\/news\/manifesto_ora_unipolis.png","keywords":["progettoORA","sicurstrada_programma"],"articleSection":["Mobilit\u00e0"],"inLanguage":"it-IT","potentialAction":[{"@type":"CommentAction","name":"Comment","target":["https:\/\/www.fondazioneunipolis.org\/site\/news\/ora-tocca-a-noi\/#respond"]}]},{"@type":"WebPage","@id":"https:\/\/www.fondazioneunipolis.org\/site\/news\/ora-tocca-a-noi\/","url":"https:\/\/www.fondazioneunipolis.org\/site\/news\/ora-tocca-a-noi\/","name":"ORA tocca a noi! - Unipolis","isPartOf":{"@id":"https:\/\/www.fondazioneunipolis.org\/site\/#website"},"primaryImageOfPage":{"@id":"https:\/\/www.fondazioneunipolis.org\/site\/news\/ora-tocca-a-noi\/#primaryimage"},"image":{"@id":"https:\/\/www.fondazioneunipolis.org\/site\/news\/ora-tocca-a-noi\/#primaryimage"},"thumbnailUrl":"https:\/\/www.fondazioneunipolis.org\/site\/wp-content\/uploads\/import\/PublishingImages\/news\/manifesto_ora_unipolis.png","datePublished":"2021-09-09T22:00:00+00:00","dateModified":"2026-01-29T15:55:54+00:00","description":"ORA tocca a noi","breadcrumb":{"@id":"https:\/\/www.fondazioneunipolis.org\/site\/news\/ora-tocca-a-noi\/#breadcrumb"},"inLanguage":"it-IT","potentialAction":[{"@type":"ReadAction","target":["https:\/\/www.fondazioneunipolis.org\/site\/news\/ora-tocca-a-noi\/"]}]},{"@type":"ImageObject","inLanguage":"it-IT","@id":"https:\/\/www.fondazioneunipolis.org\/site\/news\/ora-tocca-a-noi\/#primaryimage","url":"https:\/\/www.fondazioneunipolis.org\/site\/wp-content\/uploads\/import\/PublishingImages\/news\/manifesto_ora_unipolis.png","contentUrl":"https:\/\/www.fondazioneunipolis.org\/site\/wp-content\/uploads\/import\/PublishingImages\/news\/manifesto_ora_unipolis.png"},{"@type":"BreadcrumbList","@id":"https:\/\/www.fondazioneunipolis.org\/site\/news\/ora-tocca-a-noi\/#breadcrumb","itemListElement":[{"@type":"ListItem","position":1,"name":"Home","item":"https:\/\/www.fondazioneunipolis.org\/site\/"},{"@type":"ListItem","position":2,"name":"ORA tocca a noi!"}]},{"@type":"WebSite","@id":"https:\/\/www.fondazioneunipolis.org\/site\/#website","url":"https:\/\/www.fondazioneunipolis.org\/site\/","name":"Unipolis","description":"","publisher":{"@id":"https:\/\/www.fondazioneunipolis.org\/site\/#organization"},"potentialAction":[{"@type":"SearchAction","target":{"@type":"EntryPoint","urlTemplate":"https:\/\/www.fondazioneunipolis.org\/site\/?s={search_term_string}"},"query-input":{"@type":"PropertyValueSpecification","valueRequired":true,"valueName":"search_term_string"}}],"inLanguage":"it-IT"},{"@type":"Organization","@id":"https:\/\/www.fondazioneunipolis.org\/site\/#organization","name":"Unipolis","url":"https:\/\/www.fondazioneunipolis.org\/site\/","logo":{"@type":"ImageObject","inLanguage":"it-IT","@id":"https:\/\/www.fondazioneunipolis.org\/site\/#\/schema\/logo\/image\/","url":"https:\/\/www.fondazioneunipolis.org\/site\/wp-content\/uploads\/2025\/07\/logo-fondazione-unipolis-1.svg","contentUrl":"https:\/\/www.fondazioneunipolis.org\/site\/wp-content\/uploads\/2025\/07\/logo-fondazione-unipolis-1.svg","caption":"Unipolis"},"image":{"@id":"https:\/\/www.fondazioneunipolis.org\/site\/#\/schema\/logo\/image\/"}},{"@type":"Person","@id":"https:\/\/www.fondazioneunipolis.org\/site\/#\/schema\/person\/43819ef7aaa5af51f1ed547eacb5e868","name":"wsadmin","image":{"@type":"ImageObject","inLanguage":"it-IT","@id":"https:\/\/www.fondazioneunipolis.org\/site\/#\/schema\/person\/image\/","url":"https:\/\/secure.gravatar.com\/avatar\/6512509e9ae62b647044a2731fadcbf236f2546df7b086feb6df7aabf2ef03aa?s=96&d=mm&r=g","contentUrl":"https:\/\/secure.gravatar.com\/avatar\/6512509e9ae62b647044a2731fadcbf236f2546df7b086feb6df7aabf2ef03aa?s=96&d=mm&r=g","caption":"wsadmin"},"sameAs":["https:\/\/www.fondazioneunipolis.org\/site"],"url":"https:\/\/www.fondazioneunipolis.org\/site\/author\/wsadmin\/"}]}},"_links":{"self":[{"href":"https:\/\/www.fondazioneunipolis.org\/site\/wp-json\/wp\/v2\/posts\/2308","targetHints":{"allow":["GET"]}}],"collection":[{"href":"https:\/\/www.fondazioneunipolis.org\/site\/wp-json\/wp\/v2\/posts"}],"about":[{"href":"https:\/\/www.fondazioneunipolis.org\/site\/wp-json\/wp\/v2\/types\/post"}],"author":[{"embeddable":true,"href":"https:\/\/www.fondazioneunipolis.org\/site\/wp-json\/wp\/v2\/users\/1"}],"replies":[{"embeddable":true,"href":"https:\/\/www.fondazioneunipolis.org\/site\/wp-json\/wp\/v2\/comments?post=2308"}],"version-history":[{"count":11,"href":"https:\/\/www.fondazioneunipolis.org\/site\/wp-json\/wp\/v2\/posts\/2308\/revisions"}],"predecessor-version":[{"id":11825,"href":"https:\/\/www.fondazioneunipolis.org\/site\/wp-json\/wp\/v2\/posts\/2308\/revisions\/11825"}],"wp:featuredmedia":[{"embeddable":true,"href":"https:\/\/www.fondazioneunipolis.org\/site\/wp-json\/wp\/v2\/media\/4980"}],"wp:attachment":[{"href":"https:\/\/www.fondazioneunipolis.org\/site\/wp-json\/wp\/v2\/media?parent=2308"}],"wp:term":[{"taxonomy":"category","embeddable":true,"href":"https:\/\/www.fondazioneunipolis.org\/site\/wp-json\/wp\/v2\/categories?post=2308"},{"taxonomy":"post_tag","embeddable":true,"href":"https:\/\/www.fondazioneunipolis.org\/site\/wp-json\/wp\/v2\/tags?post=2308"}],"curies":[{"name":"wp","href":"https:\/\/api.w.org\/{rel}","templated":true}]}}