{"id":2307,"date":"2021-06-17T00:00:00","date_gmt":"2021-06-16T22:00:00","guid":{"rendered":"https:\/\/www.fondazioneunipolis.org\/site\/o-r-a-open-road-alliance-ecco-i-progetti-vincitori\/"},"modified":"2026-01-29T16:57:22","modified_gmt":"2026-01-29T15:57:22","slug":"o-r-a-open-road-alliance-ecco-i-progetti-vincitori","status":"publish","type":"post","link":"https:\/\/www.fondazioneunipolis.org\/site\/news\/o-r-a-open-road-alliance-ecco-i-progetti-vincitori\/","title":{"rendered":"O.R.A. &#8211; Open Road Alliance: ecco i progetti vincitori"},"content":{"rendered":"<div id=\"ctl00_PlaceHolderMain_ctl03__ControlWrapper_RichHtmlField\" class=\"ms-rtestate-field\" style=\"display: inline;\" aria-labelledby=\"ctl00_PlaceHolderMain_ctl03_label\">\n<p><em>Sono online i dieci migliori elaborati multimediali selezionati tra quelli realizzati dalle 93 classi di O.R.A. &#8211; Open Road Alliance, il progetto di Fondazione Unipolis e Cittadinanzattiva dal quale nascer\u00e0 a settembre il primo Manifesto della Mobilit\u00e0 Sostenibile della scuola italiana.\u00a0<\/em><\/p>\n<p style=\"text-align: justify;\"><strong>93 classi<\/strong> provenienti da <strong>57 scuole<\/strong> delle <strong>14 citt\u00e0<\/strong> metropolitane, per un totale di <strong>1863 studenti<\/strong> e <strong>240 docenti<\/strong> coinvolti: sono i numeri del <a href=\"https:\/\/www.fondazioneunipolis.org\/site\/progetti\/o-r-a-open-road-alliance\/\" target=\"_blank\" rel=\"noopener\"><strong>Progetto O.R.A. &#8211; Open Road Alliance<\/strong><\/a> che vuole promuovere una <strong>nuova cultura della mobilit\u00e0<\/strong>, attraverso modelli di sostenibilit\u00e0 innovativi e la partecipazione attiva dei cittadini. In particolare, proprio dei giovani delle scuole, che con O.R.A. diventano il luogo privilegiato per lo sviluppo di una riflessione che abbraccia i temi ambientali, la sicurezza, la condivisione dei mezzi, l&#8217;orientamento alla multimodalit\u00e0, oltre che un approccio pi\u00f9 sostenibile al mondo dei servizi pubblici locali.<\/p>\n<p>Dopo un <a href=\"https:\/\/www.fondazioneunipolis.org\/site\/la-mobilita-che-cambia-nelle-idee-dei-ragazzi-di-o-r-a\/\" target=\"_blank\" rel=\"noopener\"><strong>percorso formativo<\/strong><\/a> iniziato ad ottobre 2020, ogni classe partecipante ha presentato un <strong>elaborato multimediale<\/strong> che attraverso diversi linguaggi artistici e creativi racconta la <strong>mobilit\u00e0 sicura e sostenibile<\/strong> nelle sue dimensioni: sociale, economica e ambientale.<\/p>\n<p>I lavori selezionati, perfezionati dalle classi grazie alla guida e al supporto di professionisti del linguaggio e delle forme dell&#8217;audiovisivo, hanno diverse provenienze geografiche e raccontano la mobilit\u00e0 sostenibile in modi differenti. Alcuni presentano mappature dei territori e proposte di miglioramenti sullo stato della mobilit\u00e0 nelle comunit\u00e0, altri denunciano un profondo senso di insicurezza sulla strada vissuto dai ragazzi nella loro esperienza di cittadini, altri veicolano slogan e messaggi con toni e tecniche differenti.<\/p>\n<ol>\n<li>Il video \u201c<a href=\"https:\/\/www.youtube.com\/watch?v=D2kd82nP35I&amp;list=PLCOSA9Ctjm4KC7fhDIg8Wbq2I49n76Q6g&amp;index=6\" target=\"_blank\" rel=\"noopener\"><strong>Green-mente<\/strong><\/a>&#8221; realizzato dalla classe <strong>4 AS del Liceo Scientifico Scienze Applicate &#8220;Malpighi&#8221; di Bologna <\/strong>sfrutta le potenzialit\u00e0 del mondo digitale immaginando la creazione di un&#8217;App che intende rispondere alle attuali problematiche di tipo ambientale, economico, sociale e di sicurezza legate alla mobilit\u00e0. Nell&#8217;idea dei ragazzi un meccanismo di premialit\u00e0 incentiva scelte pi\u00f9 consapevoli e sostenibili che intendono contribuire alla risoluzione di problemi quali la congestione del traffico, l&#8217;incidentalit\u00e0, il sovraffollamento dei mezzi pubblici. Un&#8217;invenzione che affronta la mobilit\u00e0 considerandone tutte le dimensioni.<\/li>\n<li>\u201c<a style=\"background-color: #f8f8f8;\" href=\"https:\/\/www.youtube.com\/watch?v=C-7MSOMQerY&amp;list=PLCOSA9Ctjm4KC7fhDIg8Wbq2I49n76Q6g&amp;index=3\" target=\"_blank\" rel=\"noopener\"><strong>Guida per la sostenibilit\u00e0<\/strong><\/a>&#8221; \u00e8 l&#8217;elaborato prodotto dalla <strong>4 T dell&#8217;I.S. &#8220;Majorana&#8221; &#8211; Scientifico Scienze Applicate di Palermo<\/strong>. La classe ha realizzato un corto animato in stop motion, per il quale sono stati utilizzati come \u201cattori&#8221; dei Lego, e impiegati materiali di riciclo per realizzare tutte le componenti del set. Il video racconta della presa di coscienza del protagonista, l&#8217;omino Lego, il quale decide di cambiare stile di vita adottando nuove abitudini pi\u00f9 sostenibili e coinvolgendo il resto della comunit\u00e0, con lo scopo di rendere il mondo un posto migliore e pi\u00f9 sano. Il titolo scelto \u201cGuida per la sostenibilit\u00e0&#8221; ha un significato ambivalente: la parola &#8220;guida&#8221;, utilizzata come verbo, esorta ad una mobilit\u00e0 sostenibile, usata come sostantivo, allude, invece, ad un manuale di istruzioni per realizzare la mobilit\u00e0 sostenibile.<\/li>\n<li>\u201c<a style=\"background-color: #f8f8f8;\" href=\"https:\/\/www.progetto-ora.it\/Documents\/Il%20momento%20\u00e8%20ORA_4%20BT_IIS_Vittorio%20Emanuele%20II_Ruffini%20-Tecnico%20economico_Genova_.pdf\" target=\"_blank\" rel=\"noopener\"><strong>Il moment\u200bo \u00e8 ORA<\/strong><\/a>&#8221; della <strong>4 BT, I.I.S. &#8220;Vittorio Emanuele II &#8211; Ruffini&#8221; &#8211; Tecnico economico di Genova<\/strong> \u00e8 un&#8217;illustrazione grafica che immagina il cittadino modello come un supereroe che, grazie alle sue abitudini e a comportamenti sostenibili, contribuisce ad un cambiamento scegliendo di non utilizzare mezzi inquinanti e abbandonando cattive abitudini per salvare l&#8217;ambiente. Una visione fondata sulla consapevolezza che per salvare il mondo non servano superpoteri, ma informarsi, condividere opinioni ed esperienze ed essere disposti a cambiare le proprie abitudini.<\/li>\n<li>\u201c<a style=\"background-color: #f8f8f8;\" href=\"https:\/\/www.youtube.com\/watch?v=SZKAJydmWYA&amp;list=PLCOSA9Ctjm4KC7fhDIg8Wbq2I49n76Q6g&amp;index=2\" target=\"_blank\" rel=\"noopener\"><strong>La strada<\/strong><\/a>&#8220;, prodotto dalla classe <strong>4 E, Liceo Classico &#8220;Garibaldi&#8221; di Palermo<\/strong> racconta un fatto tragico realmente accaduto riportando il testamento spirituale di una giovane vittima delle stragi del sabato sera che stimola una reazione emotiva e sensibilizza sul tema della sicurezza stradale. Il video si basa su una concezione di strada come bene comune, come luogo di vita in cui convergono le dimensioni della mobilit\u00e0 sostenibile e che non deve trasformarsi in un luogo di tragedia. In questo scenario, qualit\u00e0 dei trasporti, sicurezza stradale, senso civico e assunzione di responsabilit\u00e0 sono requisiti indispensabili affinch\u00e9 la strada rimanga luogo di vita da percorrere per giungere a una destinazione e non diventi essa stessa la destinazione.<\/li>\n<li>\u201c<a style=\"background-color: #f8f8f8;\" href=\"https:\/\/www.youtube.com\/watch?v=_jOtGHjzbRE&amp;list=PLCOSA9Ctjm4KC7fhDIg8Wbq2I49n76Q6g&amp;index=9\" target=\"_blank\" rel=\"noopener\"><strong>Ma come ti muovi?!<\/strong><\/a>&#8221; \u00e8 il video racconto realizzato dalla <strong>4 A dell&#8217;I.I.S. &#8220;Maxwell&#8221; &#8211; Scientifico Scienze Applicate di Nichelino<\/strong> dell&#8217;area metropolitana di <strong>Torino<\/strong> racconta, con tono ironico, diversi scenari di mobilit\u00e0 quotidiana all&#8217;interno della cintura di una grande citt\u00e0 metropolitana come Torino e apre le riflessioni sulle diverse scelte di ogni cittadino. Nel video si evidenzia, dati alla mano, come il muoversi in modo sostenibile possa portare benefici in termini economici, ambientali, sociali e di benessere psico-fisico della persona.<\/li>\n<li>\u201c<a style=\"background-color: #f8f8f8;\" href=\"https:\/\/www.youtube.com\/watch?v=cZNTmwpRyxM&amp;list=PLCOSA9Ctjm4KC7fhDIg8Wbq2I49n76Q6g&amp;index=8\" target=\"_blank\" rel=\"noopener\"><strong>Messina sostenibile: O.R.A. o mai pi\u00f9!<\/strong><\/a>&#8221; \u00e8 il progetto della classe <strong>4 AL, I.I.S.S. &#8220;Bisazza&#8221; \u2013 Linguistico di Messina<\/strong>. La proposta creativa, immagina una Messina del futuro (2030), tra morfologia del territorio e valorizzazione delle fonti sostenibili di cui l&#8217;area \u00e8 ricca (energia solare, eolica e delle correnti marine), proponendo soluzioni che mirano a risolvere problemi quali la congestione del traffico e l&#8217;inquinamento. Il progetto parte dalla premessa che la mobilit\u00e0 sostenibile debba essere alimentata da fonti altrettanto sostenibili e, da questo punto di vista, la \u201cCitt\u00e0 dello stretto&#8221; parte avvantaggiata essendo caratterizzata da forti venti, correnti marine e costante esposizione al sole.<\/li>\n<li>\u201c<a style=\"background-color: #f8f8f8;\" href=\"https:\/\/www.youtube.com\/watch?v=8gPAREXl3AI&amp;list=PLCOSA9Ctjm4KC7fhDIg8Wbq2I49n76Q6g&amp;index=6\" target=\"_blank\" rel=\"noopener\"><strong>Mobilit\u00e0 I.N.S.I.E.M.E<\/strong>.<\/a>&#8221; \u00e8 il video documentativo realizzato dalla classe <strong>4 B, I.I.S.S. &#8220;Caramia &#8211; Gigante&#8221; &#8211; Gestione dell&#8217;ambiente e del territorio di Alberobello<\/strong> dell&#8217;area metropolitana di <strong>Bari<\/strong> che racconta i disagi quotidiani con cui si confrontano i giovani, e non solo, del territorio e come potrebbero essere risolti attraverso il recupero della viabilit\u00e0 antica del sistema tratturale prossimo ai centri urbani nel territorio a scala comunale e intercomunale. Percorsi dedicati contribuirebbero ad una mobilit\u00e0 in sicurezza, costituendo un sistema a rete, con stazioni ferroviarie\/bus, stazioni bike sharing, car sharing, stazioni di servizio \u201cgreen&#8221; che utilizzino prevalentemente energia proveniente da fonti rinnovabili. Si contribuirebbe, cos\u00ec, a sviluppare forme di mobilit\u00e0 sostenibile, riducendo i consumi energetici e le emissioni di CO2, valorizzando i territori e le economie locali, promuovendo turismo e stili di vita sani ed ecologicamente corretti.<\/li>\n<li>\u201c<a style=\"background-color: #f8f8f8;\" href=\"https:\/\/www.youtube.com\/watch?v=v-3DhSTnriI&amp;list=PLCOSA9Ctjm4KC7fhDIg8Wbq2I49n76Q6g&amp;index=8\" target=\"_blank\" rel=\"noopener\"><strong>Progresso o regresso? La disfatta di Prometeo<\/strong><\/a>&#8221; realizzato dalla classe <strong>4 B del Liceo Classico &#8220;Garibaldi&#8221; di Palermo <\/strong>ispirandosi al mito di Prometeo, raffigura attraverso un cartone animato, una mobilit\u00e0 frutto della collaborazione tra le idee dei cittadini e le istituzioni. Nell&#8217;elaborato \u00e8 esaltato il ruolo del cittadino come promotore di istanze e agente del cambiamento sia nei comportamenti che come principale interlocutore delle amministrazioni.<\/li>\n<li>\u201c<a style=\"background-color: #f8f8f8;\" href=\"https:\/\/www.youtube.com\/watch?v=Vl8fGxfIN8A&amp;list=PLCOSA9Ctjm4KC7fhDIg8Wbq2I49n76Q6g&amp;index=4\" target=\"_blank\" rel=\"noopener\"><strong>Un mondo ecosostenibile: O.R.A. si pu\u00f2<\/strong><\/a>&#8221; \u00e8 il prodotto realizzato dalla classe <strong>4 I, Liceo Scientifico &#8220;Salvemini&#8221; di Bari<\/strong> tramite il ricorso alle tecniche del mondo della pubblicit\u00e0. Sono tre gli spot (\u201cIl passato&#8221;, \u201cLove story&#8221;, \u201cTutta un&#8217;altra storia&#8221;) che delineano un nuovo modo di vivere la mobilit\u00e0 attraverso un linguaggio e un tone of voice ironici. Una visione fondata sul protagonismo dei giovani come cittadini attivi che, a partire dalle difficolt\u00e0 e dalle carenze delle loro citt\u00e0, decidono in prima persona di prendersi cura dell&#8217;ambiente, della loro salute e del territorio in cui vivono. Una proposta fondata sulla volont\u00e0 di scegliere alternative alla mobilit\u00e0 tradizionale incrementando l&#8217;uso di sharing per bici, monopattini e auto elettriche non inquinanti, il potenziamento delle piste ciclabili e l&#8217;aumento delle corse degli autobus.<\/li>\n<li>\u201c<a style=\"background-color: #f8f8f8;\" href=\"https:\/\/www.youtube.com\/watch?v=YLKNdTrFOcI&amp;list=PLCOSA9Ctjm4KC7fhDIg8Wbq2I49n76Q6g&amp;index=5\" target=\"_blank\" rel=\"noopener\"><strong>Un sogno che cambia la vita<\/strong><\/a>&#8221; prodotto dalla classe <strong>4 X dell&#8217;I.T.I.S. &#8220;Volta&#8221; \u2013 Informatica di Napoli<\/strong> \u00e8 un video di denuncia sui disagi dell&#8217;insicurezza stradale e sull&#8217;importanza del senso civico. Una visione fondata sulla consapevolezza che i giovani hanno un ruolo fondamentale nell&#8217;immaginare una nuova mobilit\u00e0 e che il cambiamento \u00e8 possibile a partire da piccoli gesti quotidiani. Da un&#8217;esperienza traumatica viene raccontato il cambiamento del protagonista che acquisisce consapevolezza sull&#8217;importanza dell&#8217;adottare comportamenti pi\u00f9 sostenibili nella propria quotidianit\u00e0 evidenziando come la mobilit\u00e0 sostenibile possa migliorare la qualit\u00e0 di vita del singolo cittadino e della collettivit\u00e0.<\/li>\n<\/ol>\n<p>Le proposte creative sono state selezionate da una Commissione di valutazione composta da: <strong>Tullio Berlenghi<\/strong> \u2013 Esperto Uffici di diretta collaborazione del <em>Ministero della Transizione Ecologica;<\/em> <strong>Jessica Bonanni<\/strong> \u2013 Referente per l&#8217;educazione stradale della Direzione generale per lo studente, l&#8217;inclusione e l&#8217;orientamento scolastico del <em>Ministero dell&#8217;Istruzione&lt;\/em&gt;; <strong>Riccardo Capecchi<\/strong> \u2013 Struttura tecnica di missione del <em>Ministero delle infrastrutture e della mobilit\u00e0 sostenibili&lt;\/em&gt;; <strong>Giovanna Cosenza<\/strong> \u2013 Docente di Filosofia e teoria dei linguaggi dell&#8217;<em>Universit\u00e0 di Bologna&lt;\/em&gt;; <strong>Michela Finizio<\/strong> \u2013 Redattrice e social media editor del <em>Sole 24 Ore&lt;\/em&gt;; <strong>Anna Lisa Mandorino<\/strong>, Segretaria generale di <em>Cittadinanzattiva&lt;\/em&gt;; <strong>Marisa Parmigiani<\/strong>, Direttrice di <em>Fondazione Unipolis<\/em>.<\/em><\/em><\/em><\/em><\/em><\/p>\n<p>La Commissione ha valutato e giudicato gli elaborati in termini di\u00a0<strong>innovazione\u00a0<\/strong>sociale, scientifica e tecnica;\u00a0<strong>replicabilit\u00e0<\/strong>\u00a0delle proposte o dei messaggi veicolati;\u00a0<strong>creativit\u00e0 e originalit\u00e0<\/strong>\u00a0rispetto al contenuto e all&#8217;utilizzo della tecnica; efficacia del\u00a0<strong>messaggio<\/strong>.<\/p>\n<p>A seguito della selezione i <strong>10 elaborati vincitori sono oggetto di una seconda fase di valutazione<\/strong>. Questa volta sono <strong>tutte le classi partecipanti al progetto<\/strong> che, attraverso il loro voto, <strong>decreteranno il migliore elaborato multimediale<\/strong> tra i 10.<\/p>\n<p>La classe che otterr\u00e0 pi\u00f9 voti sar\u00e0 premiata nel corso di un evento durante la Settimana Europea della mobilit\u00e0 del 2021, quando verr\u00e0 presentato il <strong>primo Manifesto della mobilit\u00e0 sostenibile della scuola italiana, che includer\u00e0 i 10 lavori creativi selezionati ma anche le proposte e le riflessioni di tutte le classi partecipanti. <\/strong>Tra settembre e dicembre 2021 il Manifesto sar\u00e0 poi presentato in tutte le 14 citt\u00e0 metropolitane.<\/p>\n<p>Le 10 classi selezionate riceveranno come premio una visita a Bologna da effettuarsi nel corso dell&#8217;anno scolastico 2021\/2022, presso <strong>CUBO<\/strong>, il museo d&#8217;impresa del gruppo Unipol dove potranno sperimentare i <strong>simulatori di guida<\/strong> e presso i <strong>laboratori Ducati di Fisica In Moto<\/strong> per un&#8217;esperienza didattica interattiva. La classe prima classificata ricever\u00e0 inoltre un <strong>premio in denaro<\/strong> di \u20ac 3.000. \u200b<\/p>\n<\/div>\n","protected":false},"excerpt":{"rendered":"<p>Sono online i dieci migliori elaborati multimediali selezionati tra quelli realizzati dalle 93 classi di O.R.A. &#8211; Open Road Alliance, il progetto di Fondazione Unipolis e Cittadinanzattiva dal quale nascer\u00e0 a settembre il primo Manifesto della Mobilit\u00e0 Sostenibile della scuola italiana.\u00a0 93 classi provenienti da 57 scuole delle 14 citt\u00e0 metropolitane, per un totale di [&hellip;]<\/p>\n","protected":false},"author":1,"featured_media":3750,"comment_status":"open","ping_status":"open","sticky":false,"template":"","format":"standard","meta":{"_acf_changed":false,"footnotes":""},"categories":[16],"tags":[659],"class_list":["post-2307","post","type-post","status-publish","format-standard","has-post-thumbnail","hentry","category-mobilita","tag-progettoora"],"acf":[],"yoast_head":"<!-- This site is optimized with the Yoast SEO plugin v26.1.1 - https:\/\/yoast.com\/wordpress\/plugins\/seo\/ -->\n<title>O.R.A. - Open Road Alliance: ecco i progetti vincitori - Unipolis<\/title>\n<meta name=\"description\" content=\"O.R.A. - Open Road Alliance: ecco i progetti vincitori\" \/>\n<meta name=\"robots\" content=\"index, follow, max-snippet:-1, max-image-preview:large, max-video-preview:-1\" \/>\n<link rel=\"canonical\" href=\"https:\/\/www.fondazioneunipolis.org\/site\/news\/o-r-a-open-road-alliance-ecco-i-progetti-vincitori\/\" \/>\n<meta property=\"og:locale\" content=\"it_IT\" \/>\n<meta property=\"og:type\" content=\"article\" \/>\n<meta property=\"og:title\" content=\"O.R.A. - Open Road Alliance: ecco i progetti vincitori - Unipolis\" \/>\n<meta property=\"og:description\" content=\"O.R.A. - Open Road Alliance: ecco i progetti vincitori\" \/>\n<meta property=\"og:url\" content=\"https:\/\/www.fondazioneunipolis.org\/site\/news\/o-r-a-open-road-alliance-ecco-i-progetti-vincitori\/\" \/>\n<meta property=\"og:site_name\" content=\"Unipolis\" \/>\n<meta property=\"article:published_time\" content=\"2021-06-16T22:00:00+00:00\" \/>\n<meta property=\"article:modified_time\" content=\"2026-01-29T15:57:22+00:00\" \/>\n<meta property=\"og:image\" content=\"https:\/\/www.fondazioneunipolis.org\/site\/wp-content\/uploads\/import\/PublishingImages\/Notizie\/vincitori_ora_unipolis.png\" \/>\n\t<meta property=\"og:image:width\" content=\"1\" \/>\n\t<meta property=\"og:image:height\" content=\"1\" \/>\n\t<meta property=\"og:image:type\" content=\"image\/png\" \/>\n<meta name=\"author\" content=\"wsadmin\" \/>\n<meta name=\"twitter:card\" content=\"summary_large_image\" \/>\n<meta name=\"twitter:label1\" content=\"Written by\" \/>\n\t<meta name=\"twitter:data1\" content=\"wsadmin\" \/>\n\t<meta name=\"twitter:label2\" content=\"Est. reading time\" \/>\n\t<meta name=\"twitter:data2\" content=\"9 minutes\" \/>\n<script type=\"application\/ld+json\" class=\"yoast-schema-graph\">{\"@context\":\"https:\/\/schema.org\",\"@graph\":[{\"@type\":\"Article\",\"@id\":\"https:\/\/www.fondazioneunipolis.org\/site\/news\/o-r-a-open-road-alliance-ecco-i-progetti-vincitori\/#article\",\"isPartOf\":{\"@id\":\"https:\/\/www.fondazioneunipolis.org\/site\/news\/o-r-a-open-road-alliance-ecco-i-progetti-vincitori\/\"},\"author\":{\"name\":\"wsadmin\",\"@id\":\"https:\/\/www.fondazioneunipolis.org\/site\/#\/schema\/person\/43819ef7aaa5af51f1ed547eacb5e868\"},\"headline\":\"O.R.A. &#8211; Open Road Alliance: ecco i progetti vincitori\",\"datePublished\":\"2021-06-16T22:00:00+00:00\",\"dateModified\":\"2026-01-29T15:57:22+00:00\",\"mainEntityOfPage\":{\"@id\":\"https:\/\/www.fondazioneunipolis.org\/site\/news\/o-r-a-open-road-alliance-ecco-i-progetti-vincitori\/\"},\"wordCount\":1616,\"commentCount\":0,\"publisher\":{\"@id\":\"https:\/\/www.fondazioneunipolis.org\/site\/#organization\"},\"image\":{\"@id\":\"https:\/\/www.fondazioneunipolis.org\/site\/news\/o-r-a-open-road-alliance-ecco-i-progetti-vincitori\/#primaryimage\"},\"thumbnailUrl\":\"https:\/\/www.fondazioneunipolis.org\/site\/wp-content\/uploads\/import\/PublishingImages\/Notizie\/vincitori_ora_unipolis.png\",\"keywords\":[\"progettoORA\"],\"articleSection\":[\"Mobilit\u00e0\"],\"inLanguage\":\"it-IT\",\"potentialAction\":[{\"@type\":\"CommentAction\",\"name\":\"Comment\",\"target\":[\"https:\/\/www.fondazioneunipolis.org\/site\/news\/o-r-a-open-road-alliance-ecco-i-progetti-vincitori\/#respond\"]}]},{\"@type\":\"WebPage\",\"@id\":\"https:\/\/www.fondazioneunipolis.org\/site\/news\/o-r-a-open-road-alliance-ecco-i-progetti-vincitori\/\",\"url\":\"https:\/\/www.fondazioneunipolis.org\/site\/news\/o-r-a-open-road-alliance-ecco-i-progetti-vincitori\/\",\"name\":\"O.R.A. - Open Road Alliance: ecco i progetti vincitori - Unipolis\",\"isPartOf\":{\"@id\":\"https:\/\/www.fondazioneunipolis.org\/site\/#website\"},\"primaryImageOfPage\":{\"@id\":\"https:\/\/www.fondazioneunipolis.org\/site\/news\/o-r-a-open-road-alliance-ecco-i-progetti-vincitori\/#primaryimage\"},\"image\":{\"@id\":\"https:\/\/www.fondazioneunipolis.org\/site\/news\/o-r-a-open-road-alliance-ecco-i-progetti-vincitori\/#primaryimage\"},\"thumbnailUrl\":\"https:\/\/www.fondazioneunipolis.org\/site\/wp-content\/uploads\/import\/PublishingImages\/Notizie\/vincitori_ora_unipolis.png\",\"datePublished\":\"2021-06-16T22:00:00+00:00\",\"dateModified\":\"2026-01-29T15:57:22+00:00\",\"description\":\"O.R.A. - Open Road Alliance: ecco i progetti vincitori\",\"breadcrumb\":{\"@id\":\"https:\/\/www.fondazioneunipolis.org\/site\/news\/o-r-a-open-road-alliance-ecco-i-progetti-vincitori\/#breadcrumb\"},\"inLanguage\":\"it-IT\",\"potentialAction\":[{\"@type\":\"ReadAction\",\"target\":[\"https:\/\/www.fondazioneunipolis.org\/site\/news\/o-r-a-open-road-alliance-ecco-i-progetti-vincitori\/\"]}]},{\"@type\":\"ImageObject\",\"inLanguage\":\"it-IT\",\"@id\":\"https:\/\/www.fondazioneunipolis.org\/site\/news\/o-r-a-open-road-alliance-ecco-i-progetti-vincitori\/#primaryimage\",\"url\":\"https:\/\/www.fondazioneunipolis.org\/site\/wp-content\/uploads\/import\/PublishingImages\/Notizie\/vincitori_ora_unipolis.png\",\"contentUrl\":\"https:\/\/www.fondazioneunipolis.org\/site\/wp-content\/uploads\/import\/PublishingImages\/Notizie\/vincitori_ora_unipolis.png\"},{\"@type\":\"BreadcrumbList\",\"@id\":\"https:\/\/www.fondazioneunipolis.org\/site\/news\/o-r-a-open-road-alliance-ecco-i-progetti-vincitori\/#breadcrumb\",\"itemListElement\":[{\"@type\":\"ListItem\",\"position\":1,\"name\":\"Home\",\"item\":\"https:\/\/www.fondazioneunipolis.org\/site\/\"},{\"@type\":\"ListItem\",\"position\":2,\"name\":\"O.R.A. &#8211; Open Road Alliance: ecco i progetti vincitori\"}]},{\"@type\":\"WebSite\",\"@id\":\"https:\/\/www.fondazioneunipolis.org\/site\/#website\",\"url\":\"https:\/\/www.fondazioneunipolis.org\/site\/\",\"name\":\"Unipolis\",\"description\":\"\",\"publisher\":{\"@id\":\"https:\/\/www.fondazioneunipolis.org\/site\/#organization\"},\"potentialAction\":[{\"@type\":\"SearchAction\",\"target\":{\"@type\":\"EntryPoint\",\"urlTemplate\":\"https:\/\/www.fondazioneunipolis.org\/site\/?s={search_term_string}\"},\"query-input\":{\"@type\":\"PropertyValueSpecification\",\"valueRequired\":true,\"valueName\":\"search_term_string\"}}],\"inLanguage\":\"it-IT\"},{\"@type\":\"Organization\",\"@id\":\"https:\/\/www.fondazioneunipolis.org\/site\/#organization\",\"name\":\"Unipolis\",\"url\":\"https:\/\/www.fondazioneunipolis.org\/site\/\",\"logo\":{\"@type\":\"ImageObject\",\"inLanguage\":\"it-IT\",\"@id\":\"https:\/\/www.fondazioneunipolis.org\/site\/#\/schema\/logo\/image\/\",\"url\":\"https:\/\/www.fondazioneunipolis.org\/site\/wp-content\/uploads\/2025\/07\/logo-fondazione-unipolis-1.svg\",\"contentUrl\":\"https:\/\/www.fondazioneunipolis.org\/site\/wp-content\/uploads\/2025\/07\/logo-fondazione-unipolis-1.svg\",\"caption\":\"Unipolis\"},\"image\":{\"@id\":\"https:\/\/www.fondazioneunipolis.org\/site\/#\/schema\/logo\/image\/\"}},{\"@type\":\"Person\",\"@id\":\"https:\/\/www.fondazioneunipolis.org\/site\/#\/schema\/person\/43819ef7aaa5af51f1ed547eacb5e868\",\"name\":\"wsadmin\",\"image\":{\"@type\":\"ImageObject\",\"inLanguage\":\"it-IT\",\"@id\":\"https:\/\/www.fondazioneunipolis.org\/site\/#\/schema\/person\/image\/\",\"url\":\"https:\/\/secure.gravatar.com\/avatar\/6512509e9ae62b647044a2731fadcbf236f2546df7b086feb6df7aabf2ef03aa?s=96&d=mm&r=g\",\"contentUrl\":\"https:\/\/secure.gravatar.com\/avatar\/6512509e9ae62b647044a2731fadcbf236f2546df7b086feb6df7aabf2ef03aa?s=96&d=mm&r=g\",\"caption\":\"wsadmin\"},\"sameAs\":[\"https:\/\/www.fondazioneunipolis.org\/site\"],\"url\":\"https:\/\/www.fondazioneunipolis.org\/site\/author\/wsadmin\/\"}]}<\/script>\n<!-- \/ Yoast SEO plugin. -->","yoast_head_json":{"title":"O.R.A. - Open Road Alliance: ecco i progetti vincitori - Unipolis","description":"O.R.A. - Open Road Alliance: ecco i progetti vincitori","robots":{"index":"index","follow":"follow","max-snippet":"max-snippet:-1","max-image-preview":"max-image-preview:large","max-video-preview":"max-video-preview:-1"},"canonical":"https:\/\/www.fondazioneunipolis.org\/site\/news\/o-r-a-open-road-alliance-ecco-i-progetti-vincitori\/","og_locale":"it_IT","og_type":"article","og_title":"O.R.A. - Open Road Alliance: ecco i progetti vincitori - Unipolis","og_description":"O.R.A. - Open Road Alliance: ecco i progetti vincitori","og_url":"https:\/\/www.fondazioneunipolis.org\/site\/news\/o-r-a-open-road-alliance-ecco-i-progetti-vincitori\/","og_site_name":"Unipolis","article_published_time":"2021-06-16T22:00:00+00:00","article_modified_time":"2026-01-29T15:57:22+00:00","og_image":[{"url":"https:\/\/www.fondazioneunipolis.org\/site\/wp-content\/uploads\/import\/PublishingImages\/Notizie\/vincitori_ora_unipolis.png","width":1,"height":1,"type":"image\/png"}],"author":"wsadmin","twitter_card":"summary_large_image","twitter_misc":{"Written by":"wsadmin","Est. reading time":"9 minutes"},"schema":{"@context":"https:\/\/schema.org","@graph":[{"@type":"Article","@id":"https:\/\/www.fondazioneunipolis.org\/site\/news\/o-r-a-open-road-alliance-ecco-i-progetti-vincitori\/#article","isPartOf":{"@id":"https:\/\/www.fondazioneunipolis.org\/site\/news\/o-r-a-open-road-alliance-ecco-i-progetti-vincitori\/"},"author":{"name":"wsadmin","@id":"https:\/\/www.fondazioneunipolis.org\/site\/#\/schema\/person\/43819ef7aaa5af51f1ed547eacb5e868"},"headline":"O.R.A. &#8211; Open Road Alliance: ecco i progetti vincitori","datePublished":"2021-06-16T22:00:00+00:00","dateModified":"2026-01-29T15:57:22+00:00","mainEntityOfPage":{"@id":"https:\/\/www.fondazioneunipolis.org\/site\/news\/o-r-a-open-road-alliance-ecco-i-progetti-vincitori\/"},"wordCount":1616,"commentCount":0,"publisher":{"@id":"https:\/\/www.fondazioneunipolis.org\/site\/#organization"},"image":{"@id":"https:\/\/www.fondazioneunipolis.org\/site\/news\/o-r-a-open-road-alliance-ecco-i-progetti-vincitori\/#primaryimage"},"thumbnailUrl":"https:\/\/www.fondazioneunipolis.org\/site\/wp-content\/uploads\/import\/PublishingImages\/Notizie\/vincitori_ora_unipolis.png","keywords":["progettoORA"],"articleSection":["Mobilit\u00e0"],"inLanguage":"it-IT","potentialAction":[{"@type":"CommentAction","name":"Comment","target":["https:\/\/www.fondazioneunipolis.org\/site\/news\/o-r-a-open-road-alliance-ecco-i-progetti-vincitori\/#respond"]}]},{"@type":"WebPage","@id":"https:\/\/www.fondazioneunipolis.org\/site\/news\/o-r-a-open-road-alliance-ecco-i-progetti-vincitori\/","url":"https:\/\/www.fondazioneunipolis.org\/site\/news\/o-r-a-open-road-alliance-ecco-i-progetti-vincitori\/","name":"O.R.A. - Open Road Alliance: ecco i progetti vincitori - Unipolis","isPartOf":{"@id":"https:\/\/www.fondazioneunipolis.org\/site\/#website"},"primaryImageOfPage":{"@id":"https:\/\/www.fondazioneunipolis.org\/site\/news\/o-r-a-open-road-alliance-ecco-i-progetti-vincitori\/#primaryimage"},"image":{"@id":"https:\/\/www.fondazioneunipolis.org\/site\/news\/o-r-a-open-road-alliance-ecco-i-progetti-vincitori\/#primaryimage"},"thumbnailUrl":"https:\/\/www.fondazioneunipolis.org\/site\/wp-content\/uploads\/import\/PublishingImages\/Notizie\/vincitori_ora_unipolis.png","datePublished":"2021-06-16T22:00:00+00:00","dateModified":"2026-01-29T15:57:22+00:00","description":"O.R.A. - Open Road Alliance: ecco i progetti vincitori","breadcrumb":{"@id":"https:\/\/www.fondazioneunipolis.org\/site\/news\/o-r-a-open-road-alliance-ecco-i-progetti-vincitori\/#breadcrumb"},"inLanguage":"it-IT","potentialAction":[{"@type":"ReadAction","target":["https:\/\/www.fondazioneunipolis.org\/site\/news\/o-r-a-open-road-alliance-ecco-i-progetti-vincitori\/"]}]},{"@type":"ImageObject","inLanguage":"it-IT","@id":"https:\/\/www.fondazioneunipolis.org\/site\/news\/o-r-a-open-road-alliance-ecco-i-progetti-vincitori\/#primaryimage","url":"https:\/\/www.fondazioneunipolis.org\/site\/wp-content\/uploads\/import\/PublishingImages\/Notizie\/vincitori_ora_unipolis.png","contentUrl":"https:\/\/www.fondazioneunipolis.org\/site\/wp-content\/uploads\/import\/PublishingImages\/Notizie\/vincitori_ora_unipolis.png"},{"@type":"BreadcrumbList","@id":"https:\/\/www.fondazioneunipolis.org\/site\/news\/o-r-a-open-road-alliance-ecco-i-progetti-vincitori\/#breadcrumb","itemListElement":[{"@type":"ListItem","position":1,"name":"Home","item":"https:\/\/www.fondazioneunipolis.org\/site\/"},{"@type":"ListItem","position":2,"name":"O.R.A. &#8211; Open Road Alliance: ecco i progetti vincitori"}]},{"@type":"WebSite","@id":"https:\/\/www.fondazioneunipolis.org\/site\/#website","url":"https:\/\/www.fondazioneunipolis.org\/site\/","name":"Unipolis","description":"","publisher":{"@id":"https:\/\/www.fondazioneunipolis.org\/site\/#organization"},"potentialAction":[{"@type":"SearchAction","target":{"@type":"EntryPoint","urlTemplate":"https:\/\/www.fondazioneunipolis.org\/site\/?s={search_term_string}"},"query-input":{"@type":"PropertyValueSpecification","valueRequired":true,"valueName":"search_term_string"}}],"inLanguage":"it-IT"},{"@type":"Organization","@id":"https:\/\/www.fondazioneunipolis.org\/site\/#organization","name":"Unipolis","url":"https:\/\/www.fondazioneunipolis.org\/site\/","logo":{"@type":"ImageObject","inLanguage":"it-IT","@id":"https:\/\/www.fondazioneunipolis.org\/site\/#\/schema\/logo\/image\/","url":"https:\/\/www.fondazioneunipolis.org\/site\/wp-content\/uploads\/2025\/07\/logo-fondazione-unipolis-1.svg","contentUrl":"https:\/\/www.fondazioneunipolis.org\/site\/wp-content\/uploads\/2025\/07\/logo-fondazione-unipolis-1.svg","caption":"Unipolis"},"image":{"@id":"https:\/\/www.fondazioneunipolis.org\/site\/#\/schema\/logo\/image\/"}},{"@type":"Person","@id":"https:\/\/www.fondazioneunipolis.org\/site\/#\/schema\/person\/43819ef7aaa5af51f1ed547eacb5e868","name":"wsadmin","image":{"@type":"ImageObject","inLanguage":"it-IT","@id":"https:\/\/www.fondazioneunipolis.org\/site\/#\/schema\/person\/image\/","url":"https:\/\/secure.gravatar.com\/avatar\/6512509e9ae62b647044a2731fadcbf236f2546df7b086feb6df7aabf2ef03aa?s=96&d=mm&r=g","contentUrl":"https:\/\/secure.gravatar.com\/avatar\/6512509e9ae62b647044a2731fadcbf236f2546df7b086feb6df7aabf2ef03aa?s=96&d=mm&r=g","caption":"wsadmin"},"sameAs":["https:\/\/www.fondazioneunipolis.org\/site"],"url":"https:\/\/www.fondazioneunipolis.org\/site\/author\/wsadmin\/"}]}},"_links":{"self":[{"href":"https:\/\/www.fondazioneunipolis.org\/site\/wp-json\/wp\/v2\/posts\/2307","targetHints":{"allow":["GET"]}}],"collection":[{"href":"https:\/\/www.fondazioneunipolis.org\/site\/wp-json\/wp\/v2\/posts"}],"about":[{"href":"https:\/\/www.fondazioneunipolis.org\/site\/wp-json\/wp\/v2\/types\/post"}],"author":[{"embeddable":true,"href":"https:\/\/www.fondazioneunipolis.org\/site\/wp-json\/wp\/v2\/users\/1"}],"replies":[{"embeddable":true,"href":"https:\/\/www.fondazioneunipolis.org\/site\/wp-json\/wp\/v2\/comments?post=2307"}],"version-history":[{"count":6,"href":"https:\/\/www.fondazioneunipolis.org\/site\/wp-json\/wp\/v2\/posts\/2307\/revisions"}],"predecessor-version":[{"id":11827,"href":"https:\/\/www.fondazioneunipolis.org\/site\/wp-json\/wp\/v2\/posts\/2307\/revisions\/11827"}],"wp:featuredmedia":[{"embeddable":true,"href":"https:\/\/www.fondazioneunipolis.org\/site\/wp-json\/wp\/v2\/media\/3750"}],"wp:attachment":[{"href":"https:\/\/www.fondazioneunipolis.org\/site\/wp-json\/wp\/v2\/media?parent=2307"}],"wp:term":[{"taxonomy":"category","embeddable":true,"href":"https:\/\/www.fondazioneunipolis.org\/site\/wp-json\/wp\/v2\/categories?post=2307"},{"taxonomy":"post_tag","embeddable":true,"href":"https:\/\/www.fondazioneunipolis.org\/site\/wp-json\/wp\/v2\/tags?post=2307"}],"curies":[{"name":"wp","href":"https:\/\/api.w.org\/{rel}","templated":true}]}}