{"id":2298,"date":"2025-03-03T00:00:00","date_gmt":"2025-03-02T23:00:00","guid":{"rendered":"https:\/\/www.fondazioneunipolis.org\/site\/con-mob-a-genova-per-migliorare-la-mobilita-sanitaria\/"},"modified":"2026-01-05T10:50:27","modified_gmt":"2026-01-05T09:50:27","slug":"con-mob-a-genova-per-migliorare-la-mobilita-sanitaria","status":"publish","type":"post","link":"https:\/\/www.fondazioneunipolis.org\/site\/news\/con-mob-a-genova-per-migliorare-la-mobilita-sanitaria\/","title":{"rendered":"Con MOB a Genova per migliorare la mobilit\u00e0 sanitaria"},"content":{"rendered":"<div id=\"ctl00_PlaceHolderMain_ctl03__ControlWrapper_RichHtmlField\" class=\"ms-rtestate-field\" style=\"display: inline;\" aria-labelledby=\"ctl00_PlaceHolderMain_ctl03_label\">\n<p>\u200b\u200b\u200b\u200bMigliorare la mobilit\u00e0 per chi ogni giorno si reca all&#8217;<strong>Ospedale Pediatrico Gaslini<\/strong>, facilitando <strong>l&#8217;accesso ai servizi e riducendo le difficolt\u00e0 per le fasce pi\u00f9 fragili<\/strong>. Questo l&#8217;obiettivo della proposta di Daniele Salvatori, 21 anni, genovese e studente di Scienze Internazionali e Diplomatiche e Giurisprudenza, tra i vincitori del <strong>bando MOB<\/strong> nella categoria &#8220;Proposte per il presente&#8221; della Fondazione Unipolis, presentata nel corso di un incontro che ha visto la partecipazione di AMT, Comune di Genova e Ospedale Gaslini, eccellenza italiana nelle cure pediatriche.<\/p>\n<h3>Nove azioni per un trasporto pi\u00f9 efficiente<\/h3>\n<p>Daniele ha partecipato a MOB con un intento chiaro: essere parte di un cambiamento nel rendere il trasporto della sua citt\u00e0, Genova, pi\u00f9 efficiente e accessibile. Per farlo ha presentato fin da subito <strong>un&#8217;analisi approfondita del sistema di trasporto genovese<\/strong>, individuando nove azioni chiave. Tra queste, l&#8217;ottimizzazione dei pagamenti sui mezzi pubblici, l&#8217;espansione della metropolitana, la sicurezza nelle fermate, l&#8217;accessibilit\u00e0 pedonale e l&#8217;introduzione di bike sharing e mezzi elettrici. Il focus del suo percorso si \u00e8 poi concentrato su tre di queste proposte, con un&#8217;attenzione particolare alla mobilit\u00e0 legata al Gaslini.<\/p>\n<h3>Un percorso di formazione e confronto<\/h3>\n<p>Selezionato a novembre 2023, Daniele ha seguito un <strong>percorso di formazione con mentoring su partecipazione civica, advocacy locale e service design<\/strong> con The Good Lobby. Ha partecipato a un workshop territoriale con la cittadinanza e affinato la sua proposta con Legambiente e Cittadinanzattiva. Da questo lavoro \u00e8 nata la sua iniziativa per il Gaslini, al quale \u00e8 profondamente legato vista la sua esperienza diretta come volontario, che ha preso forma nei mesi successivi fino alla presentazione ufficiale del 10 febbraio 2025.<\/p>\n<h3>Dialogo costruttivo e prospettive di collaborazione<\/h3>\n<p>Nel corso dell&#8217;incontro, a cui hanno partecipato i rappresentanti di AMT Fabio Gregorio e Mara Surdich, Valentino Zanin del Comune di Genova e per l&#8217;ospedale Federico Campanini, Cristina Cosulich, Giulia Giannini e Andrea Bruno, Daniele ha messo in luce la <strong>necessit\u00e0 di un sistema di trasporto pi\u00f9 chiaro e fruibile per le famiglie, soprattutto per chi arriva da fuori Regione<\/strong> o non dispone di un mezzo proprio, sia grazie all&#8217;analisi dei dati forniti dal Gaslini, sia riportando esperienze e storie apprese negli anni di volontariato. In particolare, si \u00e8 discusso della difficolt\u00e0 di accesso ai servizi sanitari nelle ore non coperte dalla navetta esistente, un problema che incide fortemente sulla qualit\u00e0 della vita delle famiglie in cura. L&#8217;incontro ha fatto emergere come esista una <strong>volont\u00e0 da parte di tutti gli attori coinvolti di lavorare sul tema<\/strong>, gi\u00e0 in fase di discussione tra le parti. Una delle proposte pi\u00f9 concrete emerse grazie al confronto \u00e8 stata la realizzazione di una <strong>mappatura delle esigenze degli utenti del Gaslini.<\/strong> Questa azione servir\u00e0 non solo a <strong>migliorare la comunicazione sui servizi di trasporto esistenti <\/strong>in particolare grazie alla collaborazione con il Centro accoglienza bambino e famiglia (CABEF), ma anche ad avviare un <strong>dialogo strutturato per soluzioni a lungo termine<\/strong>. L&#8217;obiettivo \u00e8 duplice<strong>: rendere la permanenza in ospedale pi\u00f9 serena per le famiglie e favorire una mobilit\u00e0 sostenibile<\/strong>, con impatti positivi anche sulla riduzione delle emissioni.<\/p>\n<p>L&#8217;incontro ha rappresentato un momento di confronto fondamentale: le istituzioni presenti hanno dimostrato attenzione e apertura al dialogo, sottolineando la volont\u00e0 di lavorare insieme per un accesso pi\u00f9 equo e inclusivo ai servizi sanitari della citt\u00e0.<\/p>\n<p>\u200b<\/p>\n<\/div>\n","protected":false},"excerpt":{"rendered":"<p>\u200b\u200b\u200b\u200bMigliorare la mobilit\u00e0 per chi ogni giorno si reca all&#8217;Ospedale Pediatrico Gaslini, facilitando l&#8217;accesso ai servizi e riducendo le difficolt\u00e0 per le fasce pi\u00f9 fragili. Questo l&#8217;obiettivo della proposta di Daniele Salvatori, 21 anni, genovese e studente di Scienze Internazionali e Diplomatiche e Giurisprudenza, tra i vincitori del bando MOB nella categoria &#8220;Proposte per il [&hellip;]<\/p>\n","protected":false},"author":1,"featured_media":6243,"comment_status":"open","ping_status":"open","sticky":false,"template":"","format":"standard","meta":{"_acf_changed":false,"footnotes":""},"categories":[16],"tags":[645],"class_list":["post-2298","post","type-post","status-publish","format-standard","has-post-thumbnail","hentry","category-mobilita","tag-mob"],"acf":[],"yoast_head":"<!-- This site is optimized with the Yoast SEO plugin v26.1.1 - https:\/\/yoast.com\/wordpress\/plugins\/seo\/ -->\n<title>Con MOB a Genova per migliorare la mobilit\u00e0 sanitaria - Unipolis<\/title>\n<meta name=\"description\" content=\"MOB a Genova per migliorare la mobilit\u00e0 sanitaria\" \/>\n<meta name=\"robots\" content=\"index, follow, max-snippet:-1, max-image-preview:large, max-video-preview:-1\" \/>\n<link rel=\"canonical\" href=\"https:\/\/www.fondazioneunipolis.org\/site\/con-mob-a-genova-per-migliorare-la-mobilita-sanitaria\/\" \/>\n<meta property=\"og:locale\" content=\"it_IT\" \/>\n<meta property=\"og:type\" content=\"article\" \/>\n<meta property=\"og:title\" content=\"Con MOB a Genova per migliorare la mobilit\u00e0 sanitaria - Unipolis\" \/>\n<meta property=\"og:description\" content=\"MOB a Genova per migliorare la mobilit\u00e0 sanitaria\" \/>\n<meta property=\"og:url\" content=\"https:\/\/dx-factory-unipolis-corporate-wp.ha.servizi.gr-u.it\/site\/con-mob-a-genova-per-migliorare-la-mobilita-sanitaria\/\" \/>\n<meta property=\"og:site_name\" content=\"Unipolis\" \/>\n<meta property=\"article:published_time\" content=\"2025-03-02T23:00:00+00:00\" \/>\n<meta property=\"article:modified_time\" content=\"2026-01-05T09:50:27+00:00\" \/>\n<meta property=\"og:image\" content=\"https:\/\/dx-factory-unipolis-corporate-wp.ha.servizi.gr-u.it\/site\/wp-content\/uploads\/import\/PublishingImages\/MOB%20al%20Gaslini%20per%20sito%20Unipolis.png\" \/>\n\t<meta property=\"og:image:width\" content=\"1\" \/>\n\t<meta property=\"og:image:height\" content=\"1\" \/>\n\t<meta property=\"og:image:type\" content=\"image\/png\" \/>\n<meta name=\"author\" content=\"wsadmin\" \/>\n<meta name=\"twitter:card\" content=\"summary_large_image\" \/>\n<meta name=\"twitter:label1\" content=\"Written by\" \/>\n\t<meta name=\"twitter:data1\" content=\"wsadmin\" \/>\n\t<meta name=\"twitter:label2\" content=\"Est. reading time\" \/>\n\t<meta name=\"twitter:data2\" content=\"4 minutes\" \/>\n<script type=\"application\/ld+json\" class=\"yoast-schema-graph\">{\"@context\":\"https:\/\/schema.org\",\"@graph\":[{\"@type\":\"Article\",\"@id\":\"https:\/\/dx-factory-unipolis-corporate-wp.ha.servizi.gr-u.it\/site\/con-mob-a-genova-per-migliorare-la-mobilita-sanitaria\/#article\",\"isPartOf\":{\"@id\":\"https:\/\/dx-factory-unipolis-corporate-wp.ha.servizi.gr-u.it\/site\/con-mob-a-genova-per-migliorare-la-mobilita-sanitaria\/\"},\"author\":{\"name\":\"wsadmin\",\"@id\":\"https:\/\/www.fondazioneunipolis.org\/site\/#\/schema\/person\/43819ef7aaa5af51f1ed547eacb5e868\"},\"headline\":\"Con MOB a Genova per migliorare la mobilit\u00e0 sanitaria\",\"datePublished\":\"2025-03-02T23:00:00+00:00\",\"dateModified\":\"2026-01-05T09:50:27+00:00\",\"mainEntityOfPage\":{\"@id\":\"https:\/\/dx-factory-unipolis-corporate-wp.ha.servizi.gr-u.it\/site\/con-mob-a-genova-per-migliorare-la-mobilita-sanitaria\/\"},\"wordCount\":555,\"commentCount\":0,\"publisher\":{\"@id\":\"https:\/\/www.fondazioneunipolis.org\/site\/#organization\"},\"image\":{\"@id\":\"https:\/\/dx-factory-unipolis-corporate-wp.ha.servizi.gr-u.it\/site\/con-mob-a-genova-per-migliorare-la-mobilita-sanitaria\/#primaryimage\"},\"thumbnailUrl\":\"https:\/\/www.fondazioneunipolis.org\/site\/wp-content\/uploads\/import\/PublishingImages\/MOB al Gaslini per sito Unipolis.png\",\"keywords\":[\"mob\"],\"articleSection\":[\"Mobilit\u00e0\"],\"inLanguage\":\"it-IT\",\"potentialAction\":[{\"@type\":\"CommentAction\",\"name\":\"Comment\",\"target\":[\"https:\/\/dx-factory-unipolis-corporate-wp.ha.servizi.gr-u.it\/site\/con-mob-a-genova-per-migliorare-la-mobilita-sanitaria\/#respond\"]}]},{\"@type\":\"WebPage\",\"@id\":\"https:\/\/dx-factory-unipolis-corporate-wp.ha.servizi.gr-u.it\/site\/con-mob-a-genova-per-migliorare-la-mobilita-sanitaria\/\",\"url\":\"https:\/\/dx-factory-unipolis-corporate-wp.ha.servizi.gr-u.it\/site\/con-mob-a-genova-per-migliorare-la-mobilita-sanitaria\/\",\"name\":\"Con MOB a Genova per migliorare la mobilit\u00e0 sanitaria - Unipolis\",\"isPartOf\":{\"@id\":\"https:\/\/www.fondazioneunipolis.org\/site\/#website\"},\"primaryImageOfPage\":{\"@id\":\"https:\/\/dx-factory-unipolis-corporate-wp.ha.servizi.gr-u.it\/site\/con-mob-a-genova-per-migliorare-la-mobilita-sanitaria\/#primaryimage\"},\"image\":{\"@id\":\"https:\/\/dx-factory-unipolis-corporate-wp.ha.servizi.gr-u.it\/site\/con-mob-a-genova-per-migliorare-la-mobilita-sanitaria\/#primaryimage\"},\"thumbnailUrl\":\"https:\/\/www.fondazioneunipolis.org\/site\/wp-content\/uploads\/import\/PublishingImages\/MOB al Gaslini per sito Unipolis.png\",\"datePublished\":\"2025-03-02T23:00:00+00:00\",\"dateModified\":\"2026-01-05T09:50:27+00:00\",\"description\":\"MOB a Genova per migliorare la mobilit\u00e0 sanitaria\",\"breadcrumb\":{\"@id\":\"https:\/\/dx-factory-unipolis-corporate-wp.ha.servizi.gr-u.it\/site\/con-mob-a-genova-per-migliorare-la-mobilita-sanitaria\/#breadcrumb\"},\"inLanguage\":\"it-IT\",\"potentialAction\":[{\"@type\":\"ReadAction\",\"target\":[\"https:\/\/dx-factory-unipolis-corporate-wp.ha.servizi.gr-u.it\/site\/con-mob-a-genova-per-migliorare-la-mobilita-sanitaria\/\"]}]},{\"@type\":\"ImageObject\",\"inLanguage\":\"it-IT\",\"@id\":\"https:\/\/dx-factory-unipolis-corporate-wp.ha.servizi.gr-u.it\/site\/con-mob-a-genova-per-migliorare-la-mobilita-sanitaria\/#primaryimage\",\"url\":\"https:\/\/www.fondazioneunipolis.org\/site\/wp-content\/uploads\/import\/PublishingImages\/MOB al Gaslini per sito Unipolis.png\",\"contentUrl\":\"https:\/\/www.fondazioneunipolis.org\/site\/wp-content\/uploads\/import\/PublishingImages\/MOB al Gaslini per sito Unipolis.png\"},{\"@type\":\"BreadcrumbList\",\"@id\":\"https:\/\/dx-factory-unipolis-corporate-wp.ha.servizi.gr-u.it\/site\/con-mob-a-genova-per-migliorare-la-mobilita-sanitaria\/#breadcrumb\",\"itemListElement\":[{\"@type\":\"ListItem\",\"position\":1,\"name\":\"Home\",\"item\":\"https:\/\/www.fondazioneunipolis.org\/site\/\"},{\"@type\":\"ListItem\",\"position\":2,\"name\":\"Con MOB a Genova per migliorare la mobilit\u00e0 sanitaria\"}]},{\"@type\":\"WebSite\",\"@id\":\"https:\/\/www.fondazioneunipolis.org\/site\/#website\",\"url\":\"https:\/\/www.fondazioneunipolis.org\/site\/\",\"name\":\"Unipolis\",\"description\":\"\",\"publisher\":{\"@id\":\"https:\/\/www.fondazioneunipolis.org\/site\/#organization\"},\"potentialAction\":[{\"@type\":\"SearchAction\",\"target\":{\"@type\":\"EntryPoint\",\"urlTemplate\":\"https:\/\/www.fondazioneunipolis.org\/site\/?s={search_term_string}\"},\"query-input\":{\"@type\":\"PropertyValueSpecification\",\"valueRequired\":true,\"valueName\":\"search_term_string\"}}],\"inLanguage\":\"it-IT\"},{\"@type\":\"Organization\",\"@id\":\"https:\/\/www.fondazioneunipolis.org\/site\/#organization\",\"name\":\"Unipolis\",\"url\":\"https:\/\/www.fondazioneunipolis.org\/site\/\",\"logo\":{\"@type\":\"ImageObject\",\"inLanguage\":\"it-IT\",\"@id\":\"https:\/\/www.fondazioneunipolis.org\/site\/#\/schema\/logo\/image\/\",\"url\":\"https:\/\/www.fondazioneunipolis.org\/site\/wp-content\/uploads\/2025\/07\/logo-fondazione-unipolis-1.svg\",\"contentUrl\":\"https:\/\/www.fondazioneunipolis.org\/site\/wp-content\/uploads\/2025\/07\/logo-fondazione-unipolis-1.svg\",\"caption\":\"Unipolis\"},\"image\":{\"@id\":\"https:\/\/www.fondazioneunipolis.org\/site\/#\/schema\/logo\/image\/\"}},{\"@type\":\"Person\",\"@id\":\"https:\/\/www.fondazioneunipolis.org\/site\/#\/schema\/person\/43819ef7aaa5af51f1ed547eacb5e868\",\"name\":\"wsadmin\",\"image\":{\"@type\":\"ImageObject\",\"inLanguage\":\"it-IT\",\"@id\":\"https:\/\/www.fondazioneunipolis.org\/site\/#\/schema\/person\/image\/\",\"url\":\"https:\/\/secure.gravatar.com\/avatar\/6512509e9ae62b647044a2731fadcbf236f2546df7b086feb6df7aabf2ef03aa?s=96&d=mm&r=g\",\"contentUrl\":\"https:\/\/secure.gravatar.com\/avatar\/6512509e9ae62b647044a2731fadcbf236f2546df7b086feb6df7aabf2ef03aa?s=96&d=mm&r=g\",\"caption\":\"wsadmin\"},\"sameAs\":[\"https:\/\/www.fondazioneunipolis.org\/site\"],\"url\":\"https:\/\/www.fondazioneunipolis.org\/site\/author\/wsadmin\/\"}]}<\/script>\n<!-- \/ Yoast SEO plugin. -->","yoast_head_json":{"title":"Con MOB a Genova per migliorare la mobilit\u00e0 sanitaria - Unipolis","description":"MOB a Genova per migliorare la mobilit\u00e0 sanitaria","robots":{"index":"index","follow":"follow","max-snippet":"max-snippet:-1","max-image-preview":"max-image-preview:large","max-video-preview":"max-video-preview:-1"},"canonical":"https:\/\/www.fondazioneunipolis.org\/site\/con-mob-a-genova-per-migliorare-la-mobilita-sanitaria\/","og_locale":"it_IT","og_type":"article","og_title":"Con MOB a Genova per migliorare la mobilit\u00e0 sanitaria - Unipolis","og_description":"MOB a Genova per migliorare la mobilit\u00e0 sanitaria","og_url":"https:\/\/dx-factory-unipolis-corporate-wp.ha.servizi.gr-u.it\/site\/con-mob-a-genova-per-migliorare-la-mobilita-sanitaria\/","og_site_name":"Unipolis","article_published_time":"2025-03-02T23:00:00+00:00","article_modified_time":"2026-01-05T09:50:27+00:00","og_image":[{"url":"https:\/\/dx-factory-unipolis-corporate-wp.ha.servizi.gr-u.it\/site\/wp-content\/uploads\/import\/PublishingImages\/MOB al Gaslini per sito Unipolis.png","width":1,"height":1,"type":"image\/png"}],"author":"wsadmin","twitter_card":"summary_large_image","twitter_misc":{"Written by":"wsadmin","Est. reading time":"4 minutes"},"schema":{"@context":"https:\/\/schema.org","@graph":[{"@type":"Article","@id":"https:\/\/dx-factory-unipolis-corporate-wp.ha.servizi.gr-u.it\/site\/con-mob-a-genova-per-migliorare-la-mobilita-sanitaria\/#article","isPartOf":{"@id":"https:\/\/dx-factory-unipolis-corporate-wp.ha.servizi.gr-u.it\/site\/con-mob-a-genova-per-migliorare-la-mobilita-sanitaria\/"},"author":{"name":"wsadmin","@id":"https:\/\/www.fondazioneunipolis.org\/site\/#\/schema\/person\/43819ef7aaa5af51f1ed547eacb5e868"},"headline":"Con MOB a Genova per migliorare la mobilit\u00e0 sanitaria","datePublished":"2025-03-02T23:00:00+00:00","dateModified":"2026-01-05T09:50:27+00:00","mainEntityOfPage":{"@id":"https:\/\/dx-factory-unipolis-corporate-wp.ha.servizi.gr-u.it\/site\/con-mob-a-genova-per-migliorare-la-mobilita-sanitaria\/"},"wordCount":555,"commentCount":0,"publisher":{"@id":"https:\/\/www.fondazioneunipolis.org\/site\/#organization"},"image":{"@id":"https:\/\/dx-factory-unipolis-corporate-wp.ha.servizi.gr-u.it\/site\/con-mob-a-genova-per-migliorare-la-mobilita-sanitaria\/#primaryimage"},"thumbnailUrl":"https:\/\/www.fondazioneunipolis.org\/site\/wp-content\/uploads\/import\/PublishingImages\/MOB al Gaslini per sito Unipolis.png","keywords":["mob"],"articleSection":["Mobilit\u00e0"],"inLanguage":"it-IT","potentialAction":[{"@type":"CommentAction","name":"Comment","target":["https:\/\/dx-factory-unipolis-corporate-wp.ha.servizi.gr-u.it\/site\/con-mob-a-genova-per-migliorare-la-mobilita-sanitaria\/#respond"]}]},{"@type":"WebPage","@id":"https:\/\/dx-factory-unipolis-corporate-wp.ha.servizi.gr-u.it\/site\/con-mob-a-genova-per-migliorare-la-mobilita-sanitaria\/","url":"https:\/\/dx-factory-unipolis-corporate-wp.ha.servizi.gr-u.it\/site\/con-mob-a-genova-per-migliorare-la-mobilita-sanitaria\/","name":"Con MOB a Genova per migliorare la mobilit\u00e0 sanitaria - Unipolis","isPartOf":{"@id":"https:\/\/www.fondazioneunipolis.org\/site\/#website"},"primaryImageOfPage":{"@id":"https:\/\/dx-factory-unipolis-corporate-wp.ha.servizi.gr-u.it\/site\/con-mob-a-genova-per-migliorare-la-mobilita-sanitaria\/#primaryimage"},"image":{"@id":"https:\/\/dx-factory-unipolis-corporate-wp.ha.servizi.gr-u.it\/site\/con-mob-a-genova-per-migliorare-la-mobilita-sanitaria\/#primaryimage"},"thumbnailUrl":"https:\/\/www.fondazioneunipolis.org\/site\/wp-content\/uploads\/import\/PublishingImages\/MOB al Gaslini per sito Unipolis.png","datePublished":"2025-03-02T23:00:00+00:00","dateModified":"2026-01-05T09:50:27+00:00","description":"MOB a Genova per migliorare la mobilit\u00e0 sanitaria","breadcrumb":{"@id":"https:\/\/dx-factory-unipolis-corporate-wp.ha.servizi.gr-u.it\/site\/con-mob-a-genova-per-migliorare-la-mobilita-sanitaria\/#breadcrumb"},"inLanguage":"it-IT","potentialAction":[{"@type":"ReadAction","target":["https:\/\/dx-factory-unipolis-corporate-wp.ha.servizi.gr-u.it\/site\/con-mob-a-genova-per-migliorare-la-mobilita-sanitaria\/"]}]},{"@type":"ImageObject","inLanguage":"it-IT","@id":"https:\/\/dx-factory-unipolis-corporate-wp.ha.servizi.gr-u.it\/site\/con-mob-a-genova-per-migliorare-la-mobilita-sanitaria\/#primaryimage","url":"https:\/\/www.fondazioneunipolis.org\/site\/wp-content\/uploads\/import\/PublishingImages\/MOB al Gaslini per sito Unipolis.png","contentUrl":"https:\/\/www.fondazioneunipolis.org\/site\/wp-content\/uploads\/import\/PublishingImages\/MOB al Gaslini per sito Unipolis.png"},{"@type":"BreadcrumbList","@id":"https:\/\/dx-factory-unipolis-corporate-wp.ha.servizi.gr-u.it\/site\/con-mob-a-genova-per-migliorare-la-mobilita-sanitaria\/#breadcrumb","itemListElement":[{"@type":"ListItem","position":1,"name":"Home","item":"https:\/\/www.fondazioneunipolis.org\/site\/"},{"@type":"ListItem","position":2,"name":"Con MOB a Genova per migliorare la mobilit\u00e0 sanitaria"}]},{"@type":"WebSite","@id":"https:\/\/www.fondazioneunipolis.org\/site\/#website","url":"https:\/\/www.fondazioneunipolis.org\/site\/","name":"Unipolis","description":"","publisher":{"@id":"https:\/\/www.fondazioneunipolis.org\/site\/#organization"},"potentialAction":[{"@type":"SearchAction","target":{"@type":"EntryPoint","urlTemplate":"https:\/\/www.fondazioneunipolis.org\/site\/?s={search_term_string}"},"query-input":{"@type":"PropertyValueSpecification","valueRequired":true,"valueName":"search_term_string"}}],"inLanguage":"it-IT"},{"@type":"Organization","@id":"https:\/\/www.fondazioneunipolis.org\/site\/#organization","name":"Unipolis","url":"https:\/\/www.fondazioneunipolis.org\/site\/","logo":{"@type":"ImageObject","inLanguage":"it-IT","@id":"https:\/\/www.fondazioneunipolis.org\/site\/#\/schema\/logo\/image\/","url":"https:\/\/www.fondazioneunipolis.org\/site\/wp-content\/uploads\/2025\/07\/logo-fondazione-unipolis-1.svg","contentUrl":"https:\/\/www.fondazioneunipolis.org\/site\/wp-content\/uploads\/2025\/07\/logo-fondazione-unipolis-1.svg","caption":"Unipolis"},"image":{"@id":"https:\/\/www.fondazioneunipolis.org\/site\/#\/schema\/logo\/image\/"}},{"@type":"Person","@id":"https:\/\/www.fondazioneunipolis.org\/site\/#\/schema\/person\/43819ef7aaa5af51f1ed547eacb5e868","name":"wsadmin","image":{"@type":"ImageObject","inLanguage":"it-IT","@id":"https:\/\/www.fondazioneunipolis.org\/site\/#\/schema\/person\/image\/","url":"https:\/\/secure.gravatar.com\/avatar\/6512509e9ae62b647044a2731fadcbf236f2546df7b086feb6df7aabf2ef03aa?s=96&d=mm&r=g","contentUrl":"https:\/\/secure.gravatar.com\/avatar\/6512509e9ae62b647044a2731fadcbf236f2546df7b086feb6df7aabf2ef03aa?s=96&d=mm&r=g","caption":"wsadmin"},"sameAs":["https:\/\/www.fondazioneunipolis.org\/site"],"url":"https:\/\/www.fondazioneunipolis.org\/site\/author\/wsadmin\/"}]}},"_links":{"self":[{"href":"https:\/\/www.fondazioneunipolis.org\/site\/wp-json\/wp\/v2\/posts\/2298","targetHints":{"allow":["GET"]}}],"collection":[{"href":"https:\/\/www.fondazioneunipolis.org\/site\/wp-json\/wp\/v2\/posts"}],"about":[{"href":"https:\/\/www.fondazioneunipolis.org\/site\/wp-json\/wp\/v2\/types\/post"}],"author":[{"embeddable":true,"href":"https:\/\/www.fondazioneunipolis.org\/site\/wp-json\/wp\/v2\/users\/1"}],"replies":[{"embeddable":true,"href":"https:\/\/www.fondazioneunipolis.org\/site\/wp-json\/wp\/v2\/comments?post=2298"}],"version-history":[{"count":12,"href":"https:\/\/www.fondazioneunipolis.org\/site\/wp-json\/wp\/v2\/posts\/2298\/revisions"}],"predecessor-version":[{"id":11609,"href":"https:\/\/www.fondazioneunipolis.org\/site\/wp-json\/wp\/v2\/posts\/2298\/revisions\/11609"}],"wp:featuredmedia":[{"embeddable":true,"href":"https:\/\/www.fondazioneunipolis.org\/site\/wp-json\/wp\/v2\/media\/6243"}],"wp:attachment":[{"href":"https:\/\/www.fondazioneunipolis.org\/site\/wp-json\/wp\/v2\/media?parent=2298"}],"wp:term":[{"taxonomy":"category","embeddable":true,"href":"https:\/\/www.fondazioneunipolis.org\/site\/wp-json\/wp\/v2\/categories?post=2298"},{"taxonomy":"post_tag","embeddable":true,"href":"https:\/\/www.fondazioneunipolis.org\/site\/wp-json\/wp\/v2\/tags?post=2298"}],"curies":[{"name":"wp","href":"https:\/\/api.w.org\/{rel}","templated":true}]}}