{"id":2297,"date":"2024-11-08T00:00:00","date_gmt":"2024-11-07T23:00:00","guid":{"rendered":"https:\/\/www.fondazioneunipolis.org\/site\/mob-ad-avellino-il-cambiamento-parte-delle-fermate-degli-autobus\/"},"modified":"2026-01-05T10:56:16","modified_gmt":"2026-01-05T09:56:16","slug":"mob-ad-avellino-il-cambiamento-parte-delle-fermate-degli-autobus","status":"publish","type":"post","link":"https:\/\/www.fondazioneunipolis.org\/site\/news\/mob-ad-avellino-il-cambiamento-parte-delle-fermate-degli-autobus\/","title":{"rendered":"MOB: ad Avellino il cambiamento parte delle fermate degli autobus"},"content":{"rendered":"<div id=\"ctl00_PlaceHolderMain_ctl03__ControlWrapper_RichHtmlField\" class=\"ms-rtestate-field\" style=\"display: inline;\" aria-labelledby=\"ctl00_PlaceHolderMain_ctl03_label\">\n<p>\u200b\u200bQuando <strong>Antonio Dello Iaco<\/strong>, vincitore nella categoria <strong><a href=\"https:\/\/www.fondazioneunipolis.org\/site\/proposte-per-il-presente\/\" target=\"_blank\" rel=\"noopener\">Proposte per il presente<\/a><\/strong> del <strong><a href=\"https:\/\/www.fondazioneunipolis.org\/site\/il-camp-festival-di-mob\/\" target=\"_blank\" rel=\"noopener\">bando MOB\u200b<\/a><\/strong>, present\u00f2 il suo progetto Sistema Integrato di Mobilit\u00e0 Sostenibile di Avellino (SIMSA) ne aveva molto chiaro l&#8217;obiettivo: <strong>dare una svolta significativa in ambito mobilit\u00e0 alla citt\u00e0 di Avellino<\/strong>, un centro italiano del sud noto per i suoi problemi di inquinamento atmosferico e per la complessit\u00e0 del suo sistema di trasporto pubblico. L&#8217;intento della proposta di Antonio \u00e8 sempre stato quello di <strong>abbattere la quantit\u00e0 di polveri sottili emesse nell&#8217;atmosfera dal traffico veicolare migliorando l&#8217;accessibilit\u00e0 e la consapevolezza della cittadinanza sull&#8217;utilizzo dei mezzi di trasporto pubblico locale e sullo sharing<\/strong>.<\/p>\n<p>A seguito della selezione avvenuta a novembre 2023, Antonio ha preso parte ad un percorso che prevedeva <strong>mentoring<\/strong> su partecipazione civica, advocacy locale, stakeholder engagement\u00a0e service design con\u00a0<em>The Good Lobby<\/em>, un <strong>workshop territoriale<\/strong> per discutere il progetto con la cittadinanza e il <strong>perfezionamento della proposta<\/strong> con <em>Legambiente<\/em> e <em>Cittadinanzattiva<\/em>.\u00a0<\/p>\n<h3 class=\"ms-rteElement-H3B\">La campagna &#8220;Quanno Passa!?&#8221;<\/h3>\n<p>L&#8217;idea iniziale prevedeva di partire dal miglioramento dell&#8217;utilizzo dell&#8217;app Air Campania. Antonio proponeva un sistema digitale per facilitare l&#8217;uso dei bus e promuovere la mobilit\u00e0 sostenibile.\u00a0Tuttavia, nell&#8217;aprile del 2024, durante un workshop che ha visto la partecipazione attiva di oltre 40\u00a0giovani cittadini e vari partner del progetto, \u00e8 emersa la necessit\u00e0 di affrontare in primis le principali criticit\u00e0 del trasporto pubblico locale. Da questo confronto \u00e8 nata &#8220;<strong>Quanno Passa!?<\/strong>&#8220;, una campagna innovativa lanciata in collaborazione con <strong>Legambiente Avellino <\/strong>di cui Antonio \u00e8 membro attivo. L&#8217;iniziativa ha preso forma a seguito dell&#8217;analisi del rapporto &#8220;<strong>Destinazione Sostenibilit\u00e0<\/strong>&#8220;, che aveva evidenziato come la mancanza di informazioni chiare e l&#8217;assenza di segnaletica adeguata rendessero difficile l&#8217;uso dei mezzi pubblici da parte dei cittadini.<\/p>\n<h3 class=\"ms-rteElement-H3B\">Implementazione degli adesivi con QR Code<\/h3>\n<p>Per ovviare alla mancanza di paline elettroniche, \u00e8 stata prevista <strong>l&#8217;installazione di adesivi con QR code presso le fermate degli autobus della citt\u00e0<\/strong>, sia in centro che nelle periferie. Inquadrando il QR code con il proprio smartphone, i cittadini possono ora accedere rapidamente e facilmente alla pagina del servizio di trasporto pubblico locale AIR Campania, ottenendo informazioni aggiornate su linee e orari degli autobus. Lanciata il 17 settembre 2024 nell&#8217;ambito della Settimana Europea della Mobilit\u00e0 sostenibile, questa soluzione ha gi\u00e0 permesso a molti di superare uno dei principali ostacoli all&#8217;utilizzo dei mezzi pubblici, migliorando l&#8217;accessibilit\u00e0 e la fruibilit\u00e0 del servizio di trasporto. Con la campagna, si raggiunge uno degli obiettivi principali del progetto SIMSA: trasformare il modo in cui i residenti utilizzano i mezzi pubblici, facilitando l&#8217;accesso alle informazioni sugli orari e le fermate degli autobus tramite l&#8217;app Air Campania.<\/p>\n<p>Per rendere il progetto ancora pi\u00f9 attrattivo e coinvolgente, sono stati realizzati dieci modelli di adesivi diversi, ognuno caratterizzato da un simbolo rappresentativo della citt\u00e0 di Avellino. Cinque modelli raffigurano monumenti storici, mentre gli altri cinque presentano elementi folcloristici e culturali. Tutti i disegni sono stati creati da un grafico locale, conferendo alle fermate degli autobus un tocco artistico e distintivo.<\/p>\n<h3 class=\"ms-rteElement-H3B\">Campagna di sensibilizzazione nelle scuole<\/h3>\n<p>Un elemento fondamentale del progetto SIMSA \u00e8 la <strong>campagna di sensibilizzazione sulla mobilit\u00e0 sostenibile, rivolta sia agli adulti che ai giovani studenti delle scuole<\/strong>. Con il supporto di Legambiente Avellino, SIMSA sta lavorando per aumentare la consapevolezza sull&#8217;importanza di ridurre l&#8217;uso dei veicoli privati e di adottare abitudini di trasporto pi\u00f9 ecologiche. La campagna proseguir\u00e0 fino a giugno, con attivit\u00e0 di formazione nelle scuole volte a rendere i giovani protagonisti del futuro della mobilit\u00e0.<\/p>\n<h3 class=\"ms-rteElement-H3B\">Un avanzamento sulle paline elettroniche<\/h3>\n<p>Grazie alla determinazione di Antonio, il progetto ha affrontato anche le problematiche relative all&#8217;installazione delle paline elettroniche, un tema che aveva suscitato numerosi disaccordi in citt\u00e0. La mancanza di chiarezza sulle responsabilit\u00e0 dell&#8217;allaccio della corrente elettrica aveva ritardato l&#8217;installazione delle paline, ma nelle ultime settimane si sono osservati dei progressi, con lavori in corso presso alcune fermate. Questo lascia sperare che la situazione si stia finalmente sbloccando, permettendo <strong>una completa modernizzazione del sistema di segnaletica per il trasporto pubblico e un cambiamento nelle abitudini di comportamento degli avellinesi<\/strong>.<\/p>\n<p><a class=\"ms-rteElement-Button\" href=\"https:\/\/www.fondazioneunipolis.org\/site\/simsa\/\" target=\"_blank\" rel=\"noopener\" data-wplink-edit=\"true\">Scopri di pi\u00f9 sul progetto\u200b<\/a><\/p>\n<\/div>\n\n\n<p><\/p>\n","protected":false},"excerpt":{"rendered":"<p>\u200b\u200bQuando Antonio Dello Iaco, vincitore nella categoria Proposte per il presente del bando MOB\u200b, present\u00f2 il suo progetto Sistema Integrato di Mobilit\u00e0 Sostenibile di Avellino (SIMSA) ne aveva molto chiaro l&#8217;obiettivo: dare una svolta significativa in ambito mobilit\u00e0 alla citt\u00e0 di Avellino, un centro italiano del sud noto per i suoi problemi di inquinamento atmosferico [&hellip;]<\/p>\n","protected":false},"author":1,"featured_media":5240,"comment_status":"open","ping_status":"open","sticky":false,"template":"","format":"standard","meta":{"_acf_changed":false,"footnotes":""},"categories":[16],"tags":[645],"class_list":["post-2297","post","type-post","status-publish","format-standard","has-post-thumbnail","hentry","category-mobilita","tag-mob"],"acf":[],"yoast_head":"<!-- This site is optimized with the Yoast SEO plugin v26.1.1 - https:\/\/yoast.com\/wordpress\/plugins\/seo\/ -->\n<title>MOB: ad Avellino il cambiamento parte delle fermate degli autobus - Unipolis<\/title>\n<meta name=\"description\" content=\"MOB: ad Avellino il cambiamento parte delle fermate degli autobus\" \/>\n<meta name=\"robots\" content=\"index, follow, max-snippet:-1, max-image-preview:large, max-video-preview:-1\" \/>\n<link rel=\"canonical\" href=\"https:\/\/www.fondazioneunipolis.org\/site\/mob-ad-avellino-il-cambiamento-parte-delle-fermate-degli-autobus\/\" \/>\n<meta property=\"og:locale\" content=\"it_IT\" \/>\n<meta property=\"og:type\" content=\"article\" \/>\n<meta property=\"og:title\" content=\"MOB: ad Avellino il cambiamento parte delle fermate degli autobus - Unipolis\" \/>\n<meta property=\"og:description\" content=\"MOB: ad Avellino il cambiamento parte delle fermate degli autobus\" \/>\n<meta property=\"og:url\" content=\"https:\/\/dx-factory-unipolis-corporate-wp.ha.servizi.gr-u.it\/site\/mob-ad-avellino-il-cambiamento-parte-delle-fermate-degli-autobus\/\" \/>\n<meta property=\"og:site_name\" content=\"Unipolis\" \/>\n<meta property=\"article:published_time\" content=\"2024-11-07T23:00:00+00:00\" \/>\n<meta property=\"article:modified_time\" content=\"2026-01-05T09:56:16+00:00\" \/>\n<meta property=\"og:image\" content=\"https:\/\/dx-factory-unipolis-corporate-wp.ha.servizi.gr-u.it\/site\/wp-content\/uploads\/import\/PublishingImages\/Quanno%20Passa!.png\" \/>\n\t<meta property=\"og:image:width\" content=\"1\" \/>\n\t<meta property=\"og:image:height\" content=\"1\" \/>\n\t<meta property=\"og:image:type\" content=\"image\/png\" \/>\n<meta name=\"author\" content=\"wsadmin\" \/>\n<meta name=\"twitter:card\" content=\"summary_large_image\" \/>\n<meta name=\"twitter:label1\" content=\"Written by\" \/>\n\t<meta name=\"twitter:data1\" content=\"wsadmin\" \/>\n\t<meta name=\"twitter:label2\" content=\"Est. reading time\" \/>\n\t<meta name=\"twitter:data2\" content=\"4 minutes\" \/>\n<script type=\"application\/ld+json\" class=\"yoast-schema-graph\">{\"@context\":\"https:\/\/schema.org\",\"@graph\":[{\"@type\":\"Article\",\"@id\":\"https:\/\/dx-factory-unipolis-corporate-wp.ha.servizi.gr-u.it\/site\/mob-ad-avellino-il-cambiamento-parte-delle-fermate-degli-autobus\/#article\",\"isPartOf\":{\"@id\":\"https:\/\/dx-factory-unipolis-corporate-wp.ha.servizi.gr-u.it\/site\/mob-ad-avellino-il-cambiamento-parte-delle-fermate-degli-autobus\/\"},\"author\":{\"name\":\"wsadmin\",\"@id\":\"https:\/\/www.fondazioneunipolis.org\/site\/#\/schema\/person\/43819ef7aaa5af51f1ed547eacb5e868\"},\"headline\":\"MOB: ad Avellino il cambiamento parte delle fermate degli autobus\",\"datePublished\":\"2024-11-07T23:00:00+00:00\",\"dateModified\":\"2026-01-05T09:56:16+00:00\",\"mainEntityOfPage\":{\"@id\":\"https:\/\/dx-factory-unipolis-corporate-wp.ha.servizi.gr-u.it\/site\/mob-ad-avellino-il-cambiamento-parte-delle-fermate-degli-autobus\/\"},\"wordCount\":687,\"commentCount\":0,\"publisher\":{\"@id\":\"https:\/\/www.fondazioneunipolis.org\/site\/#organization\"},\"image\":{\"@id\":\"https:\/\/dx-factory-unipolis-corporate-wp.ha.servizi.gr-u.it\/site\/mob-ad-avellino-il-cambiamento-parte-delle-fermate-degli-autobus\/#primaryimage\"},\"thumbnailUrl\":\"https:\/\/www.fondazioneunipolis.org\/site\/wp-content\/uploads\/import\/PublishingImages\/Quanno Passa!.png\",\"keywords\":[\"mob\"],\"articleSection\":[\"Mobilit\u00e0\"],\"inLanguage\":\"it-IT\",\"potentialAction\":[{\"@type\":\"CommentAction\",\"name\":\"Comment\",\"target\":[\"https:\/\/dx-factory-unipolis-corporate-wp.ha.servizi.gr-u.it\/site\/mob-ad-avellino-il-cambiamento-parte-delle-fermate-degli-autobus\/#respond\"]}]},{\"@type\":\"WebPage\",\"@id\":\"https:\/\/dx-factory-unipolis-corporate-wp.ha.servizi.gr-u.it\/site\/mob-ad-avellino-il-cambiamento-parte-delle-fermate-degli-autobus\/\",\"url\":\"https:\/\/dx-factory-unipolis-corporate-wp.ha.servizi.gr-u.it\/site\/mob-ad-avellino-il-cambiamento-parte-delle-fermate-degli-autobus\/\",\"name\":\"MOB: ad Avellino il cambiamento parte delle fermate degli autobus - Unipolis\",\"isPartOf\":{\"@id\":\"https:\/\/www.fondazioneunipolis.org\/site\/#website\"},\"primaryImageOfPage\":{\"@id\":\"https:\/\/dx-factory-unipolis-corporate-wp.ha.servizi.gr-u.it\/site\/mob-ad-avellino-il-cambiamento-parte-delle-fermate-degli-autobus\/#primaryimage\"},\"image\":{\"@id\":\"https:\/\/dx-factory-unipolis-corporate-wp.ha.servizi.gr-u.it\/site\/mob-ad-avellino-il-cambiamento-parte-delle-fermate-degli-autobus\/#primaryimage\"},\"thumbnailUrl\":\"https:\/\/www.fondazioneunipolis.org\/site\/wp-content\/uploads\/import\/PublishingImages\/Quanno Passa!.png\",\"datePublished\":\"2024-11-07T23:00:00+00:00\",\"dateModified\":\"2026-01-05T09:56:16+00:00\",\"description\":\"MOB: ad Avellino il cambiamento parte delle fermate degli autobus\",\"breadcrumb\":{\"@id\":\"https:\/\/dx-factory-unipolis-corporate-wp.ha.servizi.gr-u.it\/site\/mob-ad-avellino-il-cambiamento-parte-delle-fermate-degli-autobus\/#breadcrumb\"},\"inLanguage\":\"it-IT\",\"potentialAction\":[{\"@type\":\"ReadAction\",\"target\":[\"https:\/\/dx-factory-unipolis-corporate-wp.ha.servizi.gr-u.it\/site\/mob-ad-avellino-il-cambiamento-parte-delle-fermate-degli-autobus\/\"]}]},{\"@type\":\"ImageObject\",\"inLanguage\":\"it-IT\",\"@id\":\"https:\/\/dx-factory-unipolis-corporate-wp.ha.servizi.gr-u.it\/site\/mob-ad-avellino-il-cambiamento-parte-delle-fermate-degli-autobus\/#primaryimage\",\"url\":\"https:\/\/www.fondazioneunipolis.org\/site\/wp-content\/uploads\/import\/PublishingImages\/Quanno Passa!.png\",\"contentUrl\":\"https:\/\/www.fondazioneunipolis.org\/site\/wp-content\/uploads\/import\/PublishingImages\/Quanno Passa!.png\"},{\"@type\":\"BreadcrumbList\",\"@id\":\"https:\/\/dx-factory-unipolis-corporate-wp.ha.servizi.gr-u.it\/site\/mob-ad-avellino-il-cambiamento-parte-delle-fermate-degli-autobus\/#breadcrumb\",\"itemListElement\":[{\"@type\":\"ListItem\",\"position\":1,\"name\":\"Home\",\"item\":\"https:\/\/www.fondazioneunipolis.org\/site\/\"},{\"@type\":\"ListItem\",\"position\":2,\"name\":\"MOB: ad Avellino il cambiamento parte delle fermate degli autobus\"}]},{\"@type\":\"WebSite\",\"@id\":\"https:\/\/www.fondazioneunipolis.org\/site\/#website\",\"url\":\"https:\/\/www.fondazioneunipolis.org\/site\/\",\"name\":\"Unipolis\",\"description\":\"\",\"publisher\":{\"@id\":\"https:\/\/www.fondazioneunipolis.org\/site\/#organization\"},\"potentialAction\":[{\"@type\":\"SearchAction\",\"target\":{\"@type\":\"EntryPoint\",\"urlTemplate\":\"https:\/\/www.fondazioneunipolis.org\/site\/?s={search_term_string}\"},\"query-input\":{\"@type\":\"PropertyValueSpecification\",\"valueRequired\":true,\"valueName\":\"search_term_string\"}}],\"inLanguage\":\"it-IT\"},{\"@type\":\"Organization\",\"@id\":\"https:\/\/www.fondazioneunipolis.org\/site\/#organization\",\"name\":\"Unipolis\",\"url\":\"https:\/\/www.fondazioneunipolis.org\/site\/\",\"logo\":{\"@type\":\"ImageObject\",\"inLanguage\":\"it-IT\",\"@id\":\"https:\/\/www.fondazioneunipolis.org\/site\/#\/schema\/logo\/image\/\",\"url\":\"https:\/\/www.fondazioneunipolis.org\/site\/wp-content\/uploads\/2025\/07\/logo-fondazione-unipolis-1.svg\",\"contentUrl\":\"https:\/\/www.fondazioneunipolis.org\/site\/wp-content\/uploads\/2025\/07\/logo-fondazione-unipolis-1.svg\",\"caption\":\"Unipolis\"},\"image\":{\"@id\":\"https:\/\/www.fondazioneunipolis.org\/site\/#\/schema\/logo\/image\/\"}},{\"@type\":\"Person\",\"@id\":\"https:\/\/www.fondazioneunipolis.org\/site\/#\/schema\/person\/43819ef7aaa5af51f1ed547eacb5e868\",\"name\":\"wsadmin\",\"image\":{\"@type\":\"ImageObject\",\"inLanguage\":\"it-IT\",\"@id\":\"https:\/\/www.fondazioneunipolis.org\/site\/#\/schema\/person\/image\/\",\"url\":\"https:\/\/secure.gravatar.com\/avatar\/6512509e9ae62b647044a2731fadcbf236f2546df7b086feb6df7aabf2ef03aa?s=96&d=mm&r=g\",\"contentUrl\":\"https:\/\/secure.gravatar.com\/avatar\/6512509e9ae62b647044a2731fadcbf236f2546df7b086feb6df7aabf2ef03aa?s=96&d=mm&r=g\",\"caption\":\"wsadmin\"},\"sameAs\":[\"https:\/\/www.fondazioneunipolis.org\/site\"],\"url\":\"https:\/\/www.fondazioneunipolis.org\/site\/author\/wsadmin\/\"}]}<\/script>\n<!-- \/ Yoast SEO plugin. -->","yoast_head_json":{"title":"MOB: ad Avellino il cambiamento parte delle fermate degli autobus - Unipolis","description":"MOB: ad Avellino il cambiamento parte delle fermate degli autobus","robots":{"index":"index","follow":"follow","max-snippet":"max-snippet:-1","max-image-preview":"max-image-preview:large","max-video-preview":"max-video-preview:-1"},"canonical":"https:\/\/www.fondazioneunipolis.org\/site\/mob-ad-avellino-il-cambiamento-parte-delle-fermate-degli-autobus\/","og_locale":"it_IT","og_type":"article","og_title":"MOB: ad Avellino il cambiamento parte delle fermate degli autobus - Unipolis","og_description":"MOB: ad Avellino il cambiamento parte delle fermate degli autobus","og_url":"https:\/\/dx-factory-unipolis-corporate-wp.ha.servizi.gr-u.it\/site\/mob-ad-avellino-il-cambiamento-parte-delle-fermate-degli-autobus\/","og_site_name":"Unipolis","article_published_time":"2024-11-07T23:00:00+00:00","article_modified_time":"2026-01-05T09:56:16+00:00","og_image":[{"url":"https:\/\/dx-factory-unipolis-corporate-wp.ha.servizi.gr-u.it\/site\/wp-content\/uploads\/import\/PublishingImages\/Quanno Passa!.png","width":1,"height":1,"type":"image\/png"}],"author":"wsadmin","twitter_card":"summary_large_image","twitter_misc":{"Written by":"wsadmin","Est. reading time":"4 minutes"},"schema":{"@context":"https:\/\/schema.org","@graph":[{"@type":"Article","@id":"https:\/\/dx-factory-unipolis-corporate-wp.ha.servizi.gr-u.it\/site\/mob-ad-avellino-il-cambiamento-parte-delle-fermate-degli-autobus\/#article","isPartOf":{"@id":"https:\/\/dx-factory-unipolis-corporate-wp.ha.servizi.gr-u.it\/site\/mob-ad-avellino-il-cambiamento-parte-delle-fermate-degli-autobus\/"},"author":{"name":"wsadmin","@id":"https:\/\/www.fondazioneunipolis.org\/site\/#\/schema\/person\/43819ef7aaa5af51f1ed547eacb5e868"},"headline":"MOB: ad Avellino il cambiamento parte delle fermate degli autobus","datePublished":"2024-11-07T23:00:00+00:00","dateModified":"2026-01-05T09:56:16+00:00","mainEntityOfPage":{"@id":"https:\/\/dx-factory-unipolis-corporate-wp.ha.servizi.gr-u.it\/site\/mob-ad-avellino-il-cambiamento-parte-delle-fermate-degli-autobus\/"},"wordCount":687,"commentCount":0,"publisher":{"@id":"https:\/\/www.fondazioneunipolis.org\/site\/#organization"},"image":{"@id":"https:\/\/dx-factory-unipolis-corporate-wp.ha.servizi.gr-u.it\/site\/mob-ad-avellino-il-cambiamento-parte-delle-fermate-degli-autobus\/#primaryimage"},"thumbnailUrl":"https:\/\/www.fondazioneunipolis.org\/site\/wp-content\/uploads\/import\/PublishingImages\/Quanno Passa!.png","keywords":["mob"],"articleSection":["Mobilit\u00e0"],"inLanguage":"it-IT","potentialAction":[{"@type":"CommentAction","name":"Comment","target":["https:\/\/dx-factory-unipolis-corporate-wp.ha.servizi.gr-u.it\/site\/mob-ad-avellino-il-cambiamento-parte-delle-fermate-degli-autobus\/#respond"]}]},{"@type":"WebPage","@id":"https:\/\/dx-factory-unipolis-corporate-wp.ha.servizi.gr-u.it\/site\/mob-ad-avellino-il-cambiamento-parte-delle-fermate-degli-autobus\/","url":"https:\/\/dx-factory-unipolis-corporate-wp.ha.servizi.gr-u.it\/site\/mob-ad-avellino-il-cambiamento-parte-delle-fermate-degli-autobus\/","name":"MOB: ad Avellino il cambiamento parte delle fermate degli autobus - Unipolis","isPartOf":{"@id":"https:\/\/www.fondazioneunipolis.org\/site\/#website"},"primaryImageOfPage":{"@id":"https:\/\/dx-factory-unipolis-corporate-wp.ha.servizi.gr-u.it\/site\/mob-ad-avellino-il-cambiamento-parte-delle-fermate-degli-autobus\/#primaryimage"},"image":{"@id":"https:\/\/dx-factory-unipolis-corporate-wp.ha.servizi.gr-u.it\/site\/mob-ad-avellino-il-cambiamento-parte-delle-fermate-degli-autobus\/#primaryimage"},"thumbnailUrl":"https:\/\/www.fondazioneunipolis.org\/site\/wp-content\/uploads\/import\/PublishingImages\/Quanno Passa!.png","datePublished":"2024-11-07T23:00:00+00:00","dateModified":"2026-01-05T09:56:16+00:00","description":"MOB: ad Avellino il cambiamento parte delle fermate degli autobus","breadcrumb":{"@id":"https:\/\/dx-factory-unipolis-corporate-wp.ha.servizi.gr-u.it\/site\/mob-ad-avellino-il-cambiamento-parte-delle-fermate-degli-autobus\/#breadcrumb"},"inLanguage":"it-IT","potentialAction":[{"@type":"ReadAction","target":["https:\/\/dx-factory-unipolis-corporate-wp.ha.servizi.gr-u.it\/site\/mob-ad-avellino-il-cambiamento-parte-delle-fermate-degli-autobus\/"]}]},{"@type":"ImageObject","inLanguage":"it-IT","@id":"https:\/\/dx-factory-unipolis-corporate-wp.ha.servizi.gr-u.it\/site\/mob-ad-avellino-il-cambiamento-parte-delle-fermate-degli-autobus\/#primaryimage","url":"https:\/\/www.fondazioneunipolis.org\/site\/wp-content\/uploads\/import\/PublishingImages\/Quanno Passa!.png","contentUrl":"https:\/\/www.fondazioneunipolis.org\/site\/wp-content\/uploads\/import\/PublishingImages\/Quanno Passa!.png"},{"@type":"BreadcrumbList","@id":"https:\/\/dx-factory-unipolis-corporate-wp.ha.servizi.gr-u.it\/site\/mob-ad-avellino-il-cambiamento-parte-delle-fermate-degli-autobus\/#breadcrumb","itemListElement":[{"@type":"ListItem","position":1,"name":"Home","item":"https:\/\/www.fondazioneunipolis.org\/site\/"},{"@type":"ListItem","position":2,"name":"MOB: ad Avellino il cambiamento parte delle fermate degli autobus"}]},{"@type":"WebSite","@id":"https:\/\/www.fondazioneunipolis.org\/site\/#website","url":"https:\/\/www.fondazioneunipolis.org\/site\/","name":"Unipolis","description":"","publisher":{"@id":"https:\/\/www.fondazioneunipolis.org\/site\/#organization"},"potentialAction":[{"@type":"SearchAction","target":{"@type":"EntryPoint","urlTemplate":"https:\/\/www.fondazioneunipolis.org\/site\/?s={search_term_string}"},"query-input":{"@type":"PropertyValueSpecification","valueRequired":true,"valueName":"search_term_string"}}],"inLanguage":"it-IT"},{"@type":"Organization","@id":"https:\/\/www.fondazioneunipolis.org\/site\/#organization","name":"Unipolis","url":"https:\/\/www.fondazioneunipolis.org\/site\/","logo":{"@type":"ImageObject","inLanguage":"it-IT","@id":"https:\/\/www.fondazioneunipolis.org\/site\/#\/schema\/logo\/image\/","url":"https:\/\/www.fondazioneunipolis.org\/site\/wp-content\/uploads\/2025\/07\/logo-fondazione-unipolis-1.svg","contentUrl":"https:\/\/www.fondazioneunipolis.org\/site\/wp-content\/uploads\/2025\/07\/logo-fondazione-unipolis-1.svg","caption":"Unipolis"},"image":{"@id":"https:\/\/www.fondazioneunipolis.org\/site\/#\/schema\/logo\/image\/"}},{"@type":"Person","@id":"https:\/\/www.fondazioneunipolis.org\/site\/#\/schema\/person\/43819ef7aaa5af51f1ed547eacb5e868","name":"wsadmin","image":{"@type":"ImageObject","inLanguage":"it-IT","@id":"https:\/\/www.fondazioneunipolis.org\/site\/#\/schema\/person\/image\/","url":"https:\/\/secure.gravatar.com\/avatar\/6512509e9ae62b647044a2731fadcbf236f2546df7b086feb6df7aabf2ef03aa?s=96&d=mm&r=g","contentUrl":"https:\/\/secure.gravatar.com\/avatar\/6512509e9ae62b647044a2731fadcbf236f2546df7b086feb6df7aabf2ef03aa?s=96&d=mm&r=g","caption":"wsadmin"},"sameAs":["https:\/\/www.fondazioneunipolis.org\/site"],"url":"https:\/\/www.fondazioneunipolis.org\/site\/author\/wsadmin\/"}]}},"_links":{"self":[{"href":"https:\/\/www.fondazioneunipolis.org\/site\/wp-json\/wp\/v2\/posts\/2297","targetHints":{"allow":["GET"]}}],"collection":[{"href":"https:\/\/www.fondazioneunipolis.org\/site\/wp-json\/wp\/v2\/posts"}],"about":[{"href":"https:\/\/www.fondazioneunipolis.org\/site\/wp-json\/wp\/v2\/types\/post"}],"author":[{"embeddable":true,"href":"https:\/\/www.fondazioneunipolis.org\/site\/wp-json\/wp\/v2\/users\/1"}],"replies":[{"embeddable":true,"href":"https:\/\/www.fondazioneunipolis.org\/site\/wp-json\/wp\/v2\/comments?post=2297"}],"version-history":[{"count":12,"href":"https:\/\/www.fondazioneunipolis.org\/site\/wp-json\/wp\/v2\/posts\/2297\/revisions"}],"predecessor-version":[{"id":11611,"href":"https:\/\/www.fondazioneunipolis.org\/site\/wp-json\/wp\/v2\/posts\/2297\/revisions\/11611"}],"wp:featuredmedia":[{"embeddable":true,"href":"https:\/\/www.fondazioneunipolis.org\/site\/wp-json\/wp\/v2\/media\/5240"}],"wp:attachment":[{"href":"https:\/\/www.fondazioneunipolis.org\/site\/wp-json\/wp\/v2\/media?parent=2297"}],"wp:term":[{"taxonomy":"category","embeddable":true,"href":"https:\/\/www.fondazioneunipolis.org\/site\/wp-json\/wp\/v2\/categories?post=2297"},{"taxonomy":"post_tag","embeddable":true,"href":"https:\/\/www.fondazioneunipolis.org\/site\/wp-json\/wp\/v2\/tags?post=2297"}],"curies":[{"name":"wp","href":"https:\/\/api.w.org\/{rel}","templated":true}]}}