{"id":2294,"date":"2022-02-09T00:00:00","date_gmt":"2022-02-08T23:00:00","guid":{"rendered":"https:\/\/www.fondazioneunipolis.org\/site\/lo-sviluppo-sostenibile-arriva-nella-costituzione-italiana\/"},"modified":"2025-12-30T09:52:35","modified_gmt":"2025-12-30T08:52:35","slug":"lo-sviluppo-sostenibile-arriva-nella-costituzione-italiana","status":"publish","type":"post","link":"https:\/\/www.fondazioneunipolis.org\/site\/news\/lo-sviluppo-sostenibile-arriva-nella-costituzione-italiana\/","title":{"rendered":"Lo sviluppo sostenibile arriva nella Costituzione Italiana"},"content":{"rendered":"<div id=\"ctl00_PlaceHolderMain_ctl03__ControlWrapper_RichHtmlField\" class=\"ms-rtestate-field\" style=\"display: inline;\" aria-labelledby=\"ctl00_PlaceHolderMain_ctl03_label\">\n<p><em style=\"text-align: justify;\">\u200bGrande soddisfazione da parte dell&#8217;ASviS, l&#8217;Alleanza fondata su impulso di Unipolis e l&#8217;Universit\u00e0 di Roma \u201cTor Vergata&#8221;, che sin dalla sua nascita ha avviato un dialogo con le forze politiche per introdurre il concetto di sviluppo sostenibile nella Costituzione.<\/em><\/p>\n<p style=\"text-align: justify;\"><strong>La Camera dei deputati ha approvato l&#8217;8 febbraio 2022\u200b\u00a0in via definitiva la Proposta di legge che modifica gli articoli 9 e 41 della Costituzione.<\/strong><\/p>\n<p style=\"text-align: justify;\">Nell&#8217;articolo 9 si afferma che <em>\u201cLa Repubblica (\u2026) tutela l&#8217;ambiente, la biodiversit\u00e0 e gli ecosistemi, anche nell&#8217;interesse delle future generazioni&#8221; e che \u201cla legge dello Stato disciplina i modi e le forme di tutela degli animali&#8221;<\/em>.<\/p>\n<p style=\"text-align: justify;\">Nell&#8217;articolo 41 si afferma adesso che <em>\u201cL&#8217;iniziativa economica privata (\u2026) non pu\u00f2 svolgersi in contrasto con l&#8217;utilit\u00e0 sociale o in modo da recare danno alla sicurezza, alla liberta\u0300, alla dignit\u00e0 umana, alla salute, all&#8217;ambiente&#8221; <\/em>e che<em> \u201cla legge determina i programmi e i controlli opportuni perch\u00e9 l&#8217;attivit\u00e0 economica pubblica e privata possa essere indirizzata e coordinata a fini sociali e ambientali&#8221;<\/em>.<\/p>\n<p style=\"text-align: justify;\">Per i presidenti dell&#8217;<a href=\"https:\/\/asvis.it\/\" target=\"_blank\" rel=\"noopener\">ASviS &#8211; Alleanza italiana per lo Sviluppo Sostenibile\u200b<\/a>, <strong>Marcella Mallen<\/strong>\u00a0e\u00a0<strong>Pierluigi Stefanini<\/strong>,\u00a0la riforma rappresenta \u201cUn cambiamento fondamentale, un passo in avanti con cui il Paese ha superato un traguardo fondamentale e si incammina in modo ancora pi\u00f9 diretto verso l&#8217;orizzonte della sostenibilit\u00e0 indicato dall&#8217;Agenda 2030. La tutela dell&#8217;ambiente, della biodiversit\u00e0 e degli ecosistemi sono da oggi dei diritti costituzionali, dei principi chiave con cui si garantisce il benessere per i cittadini di oggi e per le future generazioni&#8221;.<\/p>\n<p style=\"text-align: justify;\">Fin dalla nascita sei anni fa, l&#8217;ASviS ha avviato un dialogo costante e trasversale con le forze politiche affinch\u00e9 il concetto di sviluppo sostenibile venisse incluso nella Costituzione Italiana, seguendo con attenzione l&#8217;iter che ha portato alla formulazione della Proposta oggi finalmente approvata.<\/p>\n<p style=\"text-align: justify;\">\u00a0\u201cUn ringraziamento particolare va al Ministro delle infrastrutture e della mobilit\u00e0 sostenibili\u00a0<strong>Enrico Giovannini\u00a0<\/strong>che, come fondatore e portavoce dell&#8217;Alleanza per cinque anni, ha dato un impulso fondamentale al raggiungimento di questo obiettivo &#8211; continuano Mallen e Stefanini richiamando le parole del Presidente della Repubblica\u00a0<strong>Sergio Mattarella<\/strong>\u00a0che, nel discorso di insediamento per il secondo mandato \u2013 ha esortato il governo a rilanciare l&#8217;economia all&#8217;insegna della sostenibilit\u00e0 e dell&#8217;innovazione, nell&#8217;ambito della transizione ecologica e digitale e a porre le basi di una stagione nuova di crescita sostenibile del nostro Paese e dell&#8217;Europa&#8221;.<\/p>\n<p>\u200b<\/p>\n<\/div>\n","protected":false},"excerpt":{"rendered":"<p>\u200bGrande soddisfazione da parte dell&#8217;ASviS, l&#8217;Alleanza fondata su impulso di Unipolis e l&#8217;Universit\u00e0 di Roma \u201cTor Vergata&#8221;, che sin dalla sua nascita ha avviato un dialogo con le forze politiche per introdurre il concetto di sviluppo sostenibile nella Costituzione. La Camera dei deputati ha approvato l&#8217;8 febbraio 2022\u200b\u00a0in via definitiva la Proposta di legge che [&hellip;]<\/p>\n","protected":false},"author":1,"featured_media":4233,"comment_status":"open","ping_status":"open","sticky":false,"template":"","format":"standard","meta":{"_acf_changed":false,"footnotes":""},"categories":[20],"tags":[647],"class_list":["post-2294","post","type-post","status-publish","format-standard","has-post-thumbnail","hentry","category-unipolis","tag-asvis"],"acf":[],"yoast_head":"<!-- This site is optimized with the Yoast SEO plugin v26.1.1 - https:\/\/yoast.com\/wordpress\/plugins\/seo\/ -->\n<title>Lo sviluppo sostenibile arriva nella Costituzione Italiana - Unipolis<\/title>\n<meta name=\"robots\" content=\"index, follow, max-snippet:-1, max-image-preview:large, max-video-preview:-1\" \/>\n<link rel=\"canonical\" href=\"https:\/\/www.fondazioneunipolis.org\/site\/lo-sviluppo-sostenibile-arriva-nella-costituzione-italiana\/\" \/>\n<meta property=\"og:locale\" content=\"it_IT\" \/>\n<meta property=\"og:type\" content=\"article\" \/>\n<meta property=\"og:title\" content=\"Lo sviluppo sostenibile arriva nella Costituzione Italiana - Unipolis\" \/>\n<meta property=\"og:description\" content=\"\u200bGrande soddisfazione da parte dell&#8217;ASviS, l&#8217;Alleanza fondata su impulso di Unipolis e l&#8217;Universit\u00e0 di Roma \u201cTor Vergata&#8221;, che sin dalla sua nascita ha avviato un dialogo con le forze politiche per introdurre il concetto di sviluppo sostenibile nella Costituzione. La Camera dei deputati ha approvato l&#8217;8 febbraio 2022\u200b\u00a0in via definitiva la Proposta di legge che [&hellip;]\" \/>\n<meta property=\"og:url\" content=\"https:\/\/dx-factory-unipolis-corporate-wp.ha.servizi.gr-u.it\/site\/lo-sviluppo-sostenibile-arriva-nella-costituzione-italiana\/\" \/>\n<meta property=\"og:site_name\" content=\"Unipolis\" \/>\n<meta property=\"article:published_time\" content=\"2022-02-08T23:00:00+00:00\" \/>\n<meta property=\"article:modified_time\" content=\"2025-12-30T08:52:35+00:00\" \/>\n<meta property=\"og:image\" content=\"https:\/\/dx-factory-unipolis-corporate-wp.ha.servizi.gr-u.it\/site\/wp-content\/uploads\/import\/PublishingImages\/Notizie\/news.png\" \/>\n\t<meta property=\"og:image:width\" content=\"1\" \/>\n\t<meta property=\"og:image:height\" content=\"1\" \/>\n\t<meta property=\"og:image:type\" content=\"image\/png\" \/>\n<meta name=\"author\" content=\"wsadmin\" \/>\n<meta name=\"twitter:card\" content=\"summary_large_image\" \/>\n<meta name=\"twitter:label1\" content=\"Written by\" \/>\n\t<meta name=\"twitter:data1\" content=\"wsadmin\" \/>\n\t<meta name=\"twitter:label2\" content=\"Est. reading time\" \/>\n\t<meta name=\"twitter:data2\" content=\"3 minutes\" \/>\n<script type=\"application\/ld+json\" class=\"yoast-schema-graph\">{\"@context\":\"https:\/\/schema.org\",\"@graph\":[{\"@type\":\"Article\",\"@id\":\"https:\/\/dx-factory-unipolis-corporate-wp.ha.servizi.gr-u.it\/site\/lo-sviluppo-sostenibile-arriva-nella-costituzione-italiana\/#article\",\"isPartOf\":{\"@id\":\"https:\/\/dx-factory-unipolis-corporate-wp.ha.servizi.gr-u.it\/site\/lo-sviluppo-sostenibile-arriva-nella-costituzione-italiana\/\"},\"author\":{\"name\":\"wsadmin\",\"@id\":\"https:\/\/www.fondazioneunipolis.org\/site\/#\/schema\/person\/43819ef7aaa5af51f1ed547eacb5e868\"},\"headline\":\"Lo sviluppo sostenibile arriva nella Costituzione Italiana\",\"datePublished\":\"2022-02-08T23:00:00+00:00\",\"dateModified\":\"2025-12-30T08:52:35+00:00\",\"mainEntityOfPage\":{\"@id\":\"https:\/\/dx-factory-unipolis-corporate-wp.ha.servizi.gr-u.it\/site\/lo-sviluppo-sostenibile-arriva-nella-costituzione-italiana\/\"},\"wordCount\":400,\"commentCount\":0,\"publisher\":{\"@id\":\"https:\/\/www.fondazioneunipolis.org\/site\/#organization\"},\"image\":{\"@id\":\"https:\/\/dx-factory-unipolis-corporate-wp.ha.servizi.gr-u.it\/site\/lo-sviluppo-sostenibile-arriva-nella-costituzione-italiana\/#primaryimage\"},\"thumbnailUrl\":\"https:\/\/www.fondazioneunipolis.org\/site\/wp-content\/uploads\/import\/PublishingImages\/Notizie\/news.png\",\"keywords\":[\"asvis\"],\"articleSection\":[\"Unipolis\"],\"inLanguage\":\"it-IT\",\"potentialAction\":[{\"@type\":\"CommentAction\",\"name\":\"Comment\",\"target\":[\"https:\/\/dx-factory-unipolis-corporate-wp.ha.servizi.gr-u.it\/site\/lo-sviluppo-sostenibile-arriva-nella-costituzione-italiana\/#respond\"]}]},{\"@type\":\"WebPage\",\"@id\":\"https:\/\/dx-factory-unipolis-corporate-wp.ha.servizi.gr-u.it\/site\/lo-sviluppo-sostenibile-arriva-nella-costituzione-italiana\/\",\"url\":\"https:\/\/dx-factory-unipolis-corporate-wp.ha.servizi.gr-u.it\/site\/lo-sviluppo-sostenibile-arriva-nella-costituzione-italiana\/\",\"name\":\"Lo sviluppo sostenibile arriva nella Costituzione Italiana - Unipolis\",\"isPartOf\":{\"@id\":\"https:\/\/www.fondazioneunipolis.org\/site\/#website\"},\"primaryImageOfPage\":{\"@id\":\"https:\/\/dx-factory-unipolis-corporate-wp.ha.servizi.gr-u.it\/site\/lo-sviluppo-sostenibile-arriva-nella-costituzione-italiana\/#primaryimage\"},\"image\":{\"@id\":\"https:\/\/dx-factory-unipolis-corporate-wp.ha.servizi.gr-u.it\/site\/lo-sviluppo-sostenibile-arriva-nella-costituzione-italiana\/#primaryimage\"},\"thumbnailUrl\":\"https:\/\/www.fondazioneunipolis.org\/site\/wp-content\/uploads\/import\/PublishingImages\/Notizie\/news.png\",\"datePublished\":\"2022-02-08T23:00:00+00:00\",\"dateModified\":\"2025-12-30T08:52:35+00:00\",\"breadcrumb\":{\"@id\":\"https:\/\/dx-factory-unipolis-corporate-wp.ha.servizi.gr-u.it\/site\/lo-sviluppo-sostenibile-arriva-nella-costituzione-italiana\/#breadcrumb\"},\"inLanguage\":\"it-IT\",\"potentialAction\":[{\"@type\":\"ReadAction\",\"target\":[\"https:\/\/dx-factory-unipolis-corporate-wp.ha.servizi.gr-u.it\/site\/lo-sviluppo-sostenibile-arriva-nella-costituzione-italiana\/\"]}]},{\"@type\":\"ImageObject\",\"inLanguage\":\"it-IT\",\"@id\":\"https:\/\/dx-factory-unipolis-corporate-wp.ha.servizi.gr-u.it\/site\/lo-sviluppo-sostenibile-arriva-nella-costituzione-italiana\/#primaryimage\",\"url\":\"https:\/\/www.fondazioneunipolis.org\/site\/wp-content\/uploads\/import\/PublishingImages\/Notizie\/news.png\",\"contentUrl\":\"https:\/\/www.fondazioneunipolis.org\/site\/wp-content\/uploads\/import\/PublishingImages\/Notizie\/news.png\"},{\"@type\":\"BreadcrumbList\",\"@id\":\"https:\/\/dx-factory-unipolis-corporate-wp.ha.servizi.gr-u.it\/site\/lo-sviluppo-sostenibile-arriva-nella-costituzione-italiana\/#breadcrumb\",\"itemListElement\":[{\"@type\":\"ListItem\",\"position\":1,\"name\":\"Home\",\"item\":\"https:\/\/www.fondazioneunipolis.org\/site\/\"},{\"@type\":\"ListItem\",\"position\":2,\"name\":\"Lo sviluppo sostenibile arriva nella Costituzione Italiana\"}]},{\"@type\":\"WebSite\",\"@id\":\"https:\/\/www.fondazioneunipolis.org\/site\/#website\",\"url\":\"https:\/\/www.fondazioneunipolis.org\/site\/\",\"name\":\"Unipolis\",\"description\":\"\",\"publisher\":{\"@id\":\"https:\/\/www.fondazioneunipolis.org\/site\/#organization\"},\"potentialAction\":[{\"@type\":\"SearchAction\",\"target\":{\"@type\":\"EntryPoint\",\"urlTemplate\":\"https:\/\/www.fondazioneunipolis.org\/site\/?s={search_term_string}\"},\"query-input\":{\"@type\":\"PropertyValueSpecification\",\"valueRequired\":true,\"valueName\":\"search_term_string\"}}],\"inLanguage\":\"it-IT\"},{\"@type\":\"Organization\",\"@id\":\"https:\/\/www.fondazioneunipolis.org\/site\/#organization\",\"name\":\"Unipolis\",\"url\":\"https:\/\/www.fondazioneunipolis.org\/site\/\",\"logo\":{\"@type\":\"ImageObject\",\"inLanguage\":\"it-IT\",\"@id\":\"https:\/\/www.fondazioneunipolis.org\/site\/#\/schema\/logo\/image\/\",\"url\":\"https:\/\/www.fondazioneunipolis.org\/site\/wp-content\/uploads\/2025\/07\/logo-fondazione-unipolis-1.svg\",\"contentUrl\":\"https:\/\/www.fondazioneunipolis.org\/site\/wp-content\/uploads\/2025\/07\/logo-fondazione-unipolis-1.svg\",\"caption\":\"Unipolis\"},\"image\":{\"@id\":\"https:\/\/www.fondazioneunipolis.org\/site\/#\/schema\/logo\/image\/\"}},{\"@type\":\"Person\",\"@id\":\"https:\/\/www.fondazioneunipolis.org\/site\/#\/schema\/person\/43819ef7aaa5af51f1ed547eacb5e868\",\"name\":\"wsadmin\",\"image\":{\"@type\":\"ImageObject\",\"inLanguage\":\"it-IT\",\"@id\":\"https:\/\/www.fondazioneunipolis.org\/site\/#\/schema\/person\/image\/\",\"url\":\"https:\/\/secure.gravatar.com\/avatar\/6512509e9ae62b647044a2731fadcbf236f2546df7b086feb6df7aabf2ef03aa?s=96&d=mm&r=g\",\"contentUrl\":\"https:\/\/secure.gravatar.com\/avatar\/6512509e9ae62b647044a2731fadcbf236f2546df7b086feb6df7aabf2ef03aa?s=96&d=mm&r=g\",\"caption\":\"wsadmin\"},\"sameAs\":[\"https:\/\/www.fondazioneunipolis.org\/site\"],\"url\":\"https:\/\/www.fondazioneunipolis.org\/site\/author\/wsadmin\/\"}]}<\/script>\n<!-- \/ Yoast SEO plugin. -->","yoast_head_json":{"title":"Lo sviluppo sostenibile arriva nella Costituzione Italiana - Unipolis","robots":{"index":"index","follow":"follow","max-snippet":"max-snippet:-1","max-image-preview":"max-image-preview:large","max-video-preview":"max-video-preview:-1"},"canonical":"https:\/\/www.fondazioneunipolis.org\/site\/lo-sviluppo-sostenibile-arriva-nella-costituzione-italiana\/","og_locale":"it_IT","og_type":"article","og_title":"Lo sviluppo sostenibile arriva nella Costituzione Italiana - Unipolis","og_description":"\u200bGrande soddisfazione da parte dell&#8217;ASviS, l&#8217;Alleanza fondata su impulso di Unipolis e l&#8217;Universit\u00e0 di Roma \u201cTor Vergata&#8221;, che sin dalla sua nascita ha avviato un dialogo con le forze politiche per introdurre il concetto di sviluppo sostenibile nella Costituzione. La Camera dei deputati ha approvato l&#8217;8 febbraio 2022\u200b\u00a0in via definitiva la Proposta di legge che [&hellip;]","og_url":"https:\/\/dx-factory-unipolis-corporate-wp.ha.servizi.gr-u.it\/site\/lo-sviluppo-sostenibile-arriva-nella-costituzione-italiana\/","og_site_name":"Unipolis","article_published_time":"2022-02-08T23:00:00+00:00","article_modified_time":"2025-12-30T08:52:35+00:00","og_image":[{"url":"https:\/\/dx-factory-unipolis-corporate-wp.ha.servizi.gr-u.it\/site\/wp-content\/uploads\/import\/PublishingImages\/Notizie\/news.png","width":1,"height":1,"type":"image\/png"}],"author":"wsadmin","twitter_card":"summary_large_image","twitter_misc":{"Written by":"wsadmin","Est. reading time":"3 minutes"},"schema":{"@context":"https:\/\/schema.org","@graph":[{"@type":"Article","@id":"https:\/\/dx-factory-unipolis-corporate-wp.ha.servizi.gr-u.it\/site\/lo-sviluppo-sostenibile-arriva-nella-costituzione-italiana\/#article","isPartOf":{"@id":"https:\/\/dx-factory-unipolis-corporate-wp.ha.servizi.gr-u.it\/site\/lo-sviluppo-sostenibile-arriva-nella-costituzione-italiana\/"},"author":{"name":"wsadmin","@id":"https:\/\/www.fondazioneunipolis.org\/site\/#\/schema\/person\/43819ef7aaa5af51f1ed547eacb5e868"},"headline":"Lo sviluppo sostenibile arriva nella Costituzione Italiana","datePublished":"2022-02-08T23:00:00+00:00","dateModified":"2025-12-30T08:52:35+00:00","mainEntityOfPage":{"@id":"https:\/\/dx-factory-unipolis-corporate-wp.ha.servizi.gr-u.it\/site\/lo-sviluppo-sostenibile-arriva-nella-costituzione-italiana\/"},"wordCount":400,"commentCount":0,"publisher":{"@id":"https:\/\/www.fondazioneunipolis.org\/site\/#organization"},"image":{"@id":"https:\/\/dx-factory-unipolis-corporate-wp.ha.servizi.gr-u.it\/site\/lo-sviluppo-sostenibile-arriva-nella-costituzione-italiana\/#primaryimage"},"thumbnailUrl":"https:\/\/www.fondazioneunipolis.org\/site\/wp-content\/uploads\/import\/PublishingImages\/Notizie\/news.png","keywords":["asvis"],"articleSection":["Unipolis"],"inLanguage":"it-IT","potentialAction":[{"@type":"CommentAction","name":"Comment","target":["https:\/\/dx-factory-unipolis-corporate-wp.ha.servizi.gr-u.it\/site\/lo-sviluppo-sostenibile-arriva-nella-costituzione-italiana\/#respond"]}]},{"@type":"WebPage","@id":"https:\/\/dx-factory-unipolis-corporate-wp.ha.servizi.gr-u.it\/site\/lo-sviluppo-sostenibile-arriva-nella-costituzione-italiana\/","url":"https:\/\/dx-factory-unipolis-corporate-wp.ha.servizi.gr-u.it\/site\/lo-sviluppo-sostenibile-arriva-nella-costituzione-italiana\/","name":"Lo sviluppo sostenibile arriva nella Costituzione Italiana - Unipolis","isPartOf":{"@id":"https:\/\/www.fondazioneunipolis.org\/site\/#website"},"primaryImageOfPage":{"@id":"https:\/\/dx-factory-unipolis-corporate-wp.ha.servizi.gr-u.it\/site\/lo-sviluppo-sostenibile-arriva-nella-costituzione-italiana\/#primaryimage"},"image":{"@id":"https:\/\/dx-factory-unipolis-corporate-wp.ha.servizi.gr-u.it\/site\/lo-sviluppo-sostenibile-arriva-nella-costituzione-italiana\/#primaryimage"},"thumbnailUrl":"https:\/\/www.fondazioneunipolis.org\/site\/wp-content\/uploads\/import\/PublishingImages\/Notizie\/news.png","datePublished":"2022-02-08T23:00:00+00:00","dateModified":"2025-12-30T08:52:35+00:00","breadcrumb":{"@id":"https:\/\/dx-factory-unipolis-corporate-wp.ha.servizi.gr-u.it\/site\/lo-sviluppo-sostenibile-arriva-nella-costituzione-italiana\/#breadcrumb"},"inLanguage":"it-IT","potentialAction":[{"@type":"ReadAction","target":["https:\/\/dx-factory-unipolis-corporate-wp.ha.servizi.gr-u.it\/site\/lo-sviluppo-sostenibile-arriva-nella-costituzione-italiana\/"]}]},{"@type":"ImageObject","inLanguage":"it-IT","@id":"https:\/\/dx-factory-unipolis-corporate-wp.ha.servizi.gr-u.it\/site\/lo-sviluppo-sostenibile-arriva-nella-costituzione-italiana\/#primaryimage","url":"https:\/\/www.fondazioneunipolis.org\/site\/wp-content\/uploads\/import\/PublishingImages\/Notizie\/news.png","contentUrl":"https:\/\/www.fondazioneunipolis.org\/site\/wp-content\/uploads\/import\/PublishingImages\/Notizie\/news.png"},{"@type":"BreadcrumbList","@id":"https:\/\/dx-factory-unipolis-corporate-wp.ha.servizi.gr-u.it\/site\/lo-sviluppo-sostenibile-arriva-nella-costituzione-italiana\/#breadcrumb","itemListElement":[{"@type":"ListItem","position":1,"name":"Home","item":"https:\/\/www.fondazioneunipolis.org\/site\/"},{"@type":"ListItem","position":2,"name":"Lo sviluppo sostenibile arriva nella Costituzione Italiana"}]},{"@type":"WebSite","@id":"https:\/\/www.fondazioneunipolis.org\/site\/#website","url":"https:\/\/www.fondazioneunipolis.org\/site\/","name":"Unipolis","description":"","publisher":{"@id":"https:\/\/www.fondazioneunipolis.org\/site\/#organization"},"potentialAction":[{"@type":"SearchAction","target":{"@type":"EntryPoint","urlTemplate":"https:\/\/www.fondazioneunipolis.org\/site\/?s={search_term_string}"},"query-input":{"@type":"PropertyValueSpecification","valueRequired":true,"valueName":"search_term_string"}}],"inLanguage":"it-IT"},{"@type":"Organization","@id":"https:\/\/www.fondazioneunipolis.org\/site\/#organization","name":"Unipolis","url":"https:\/\/www.fondazioneunipolis.org\/site\/","logo":{"@type":"ImageObject","inLanguage":"it-IT","@id":"https:\/\/www.fondazioneunipolis.org\/site\/#\/schema\/logo\/image\/","url":"https:\/\/www.fondazioneunipolis.org\/site\/wp-content\/uploads\/2025\/07\/logo-fondazione-unipolis-1.svg","contentUrl":"https:\/\/www.fondazioneunipolis.org\/site\/wp-content\/uploads\/2025\/07\/logo-fondazione-unipolis-1.svg","caption":"Unipolis"},"image":{"@id":"https:\/\/www.fondazioneunipolis.org\/site\/#\/schema\/logo\/image\/"}},{"@type":"Person","@id":"https:\/\/www.fondazioneunipolis.org\/site\/#\/schema\/person\/43819ef7aaa5af51f1ed547eacb5e868","name":"wsadmin","image":{"@type":"ImageObject","inLanguage":"it-IT","@id":"https:\/\/www.fondazioneunipolis.org\/site\/#\/schema\/person\/image\/","url":"https:\/\/secure.gravatar.com\/avatar\/6512509e9ae62b647044a2731fadcbf236f2546df7b086feb6df7aabf2ef03aa?s=96&d=mm&r=g","contentUrl":"https:\/\/secure.gravatar.com\/avatar\/6512509e9ae62b647044a2731fadcbf236f2546df7b086feb6df7aabf2ef03aa?s=96&d=mm&r=g","caption":"wsadmin"},"sameAs":["https:\/\/www.fondazioneunipolis.org\/site"],"url":"https:\/\/www.fondazioneunipolis.org\/site\/author\/wsadmin\/"}]}},"_links":{"self":[{"href":"https:\/\/www.fondazioneunipolis.org\/site\/wp-json\/wp\/v2\/posts\/2294","targetHints":{"allow":["GET"]}}],"collection":[{"href":"https:\/\/www.fondazioneunipolis.org\/site\/wp-json\/wp\/v2\/posts"}],"about":[{"href":"https:\/\/www.fondazioneunipolis.org\/site\/wp-json\/wp\/v2\/types\/post"}],"author":[{"embeddable":true,"href":"https:\/\/www.fondazioneunipolis.org\/site\/wp-json\/wp\/v2\/users\/1"}],"replies":[{"embeddable":true,"href":"https:\/\/www.fondazioneunipolis.org\/site\/wp-json\/wp\/v2\/comments?post=2294"}],"version-history":[{"count":4,"href":"https:\/\/www.fondazioneunipolis.org\/site\/wp-json\/wp\/v2\/posts\/2294\/revisions"}],"predecessor-version":[{"id":11527,"href":"https:\/\/www.fondazioneunipolis.org\/site\/wp-json\/wp\/v2\/posts\/2294\/revisions\/11527"}],"wp:featuredmedia":[{"embeddable":true,"href":"https:\/\/www.fondazioneunipolis.org\/site\/wp-json\/wp\/v2\/media\/4233"}],"wp:attachment":[{"href":"https:\/\/www.fondazioneunipolis.org\/site\/wp-json\/wp\/v2\/media?parent=2294"}],"wp:term":[{"taxonomy":"category","embeddable":true,"href":"https:\/\/www.fondazioneunipolis.org\/site\/wp-json\/wp\/v2\/categories?post=2294"},{"taxonomy":"post_tag","embeddable":true,"href":"https:\/\/www.fondazioneunipolis.org\/site\/wp-json\/wp\/v2\/tags?post=2294"}],"curies":[{"name":"wp","href":"https:\/\/api.w.org\/{rel}","templated":true}]}}