{"id":2292,"date":"2021-06-09T00:00:00","date_gmt":"2021-06-08T22:00:00","guid":{"rendered":"https:\/\/www.fondazioneunipolis.org\/site\/clima-biodiversita-e-salute-come-priorita-fondamentali-di-g7-e-g20-la-lettera-congiunta-ai-capi-di-governo-del-regno-unito-e-dellitalia\/"},"modified":"2025-12-17T11:01:13","modified_gmt":"2025-12-17T10:01:13","slug":"clima-biodiversita-e-salute-come-priorita-fondamentali-di-g7-e-g20-la-lettera-congiunta-ai-capi-di-governo-del-regno-unito-e-dellitalia","status":"publish","type":"post","link":"https:\/\/www.fondazioneunipolis.org\/site\/news\/clima-biodiversita-e-salute-come-priorita-fondamentali-di-g7-e-g20-la-lettera-congiunta-ai-capi-di-governo-del-regno-unito-e-dellitalia\/","title":{"rendered":"Clima, biodiversit\u00e0 e salute come priorit\u00e0 fondamentali di G7 e G20: la lettera congiunta ai Capi di Governo del Regno Unito e dell&#8217;Italia"},"content":{"rendered":"<div id=\"ctl00_PlaceHolderMain_ctl03__ControlWrapper_RichHtmlField\" class=\"ms-rtestate-field\" style=\"display: inline;\" aria-labelledby=\"ctl00_PlaceHolderMain_ctl03_label\">\n<p>\u200b\u200b\u200b\u200b<\/p>\n<p style=\"text-align: center;\"><strong>I GOVERNI DELL&#8217;ITALIA E DEL REGNO UNITO, ALLA GUIDA DEL G20 E DEL G7, FACCIANO DEL CLIMA, DELLA BIODIVERSIT\u00c0 E DELLA SALUTE PRIORIT\u00c0 FONDAMENTALI<\/strong><\/p>\n<p><strong>\u00a0<\/strong><\/p>\n<p style=\"text-align: justify;\"><strong>Questo l&#8217;invito delle 13 fondazioni ed enti filantropici italiani e britannici, parte della piattaforma globale F20, firmatarie di una lettera congiunta aperta indirizzata ai Capi di Governo e Ministri dei due Paesi, che quest&#8217;anno presiedono rispettivamente il G20 e il G7.<\/strong><\/p>\n<p style=\"text-align: justify;\"><em>Roma, 9 giugno 2021<\/em>. Identificare a livello globale interventi e iniziative coraggiose e risolute per affrontare tre sfide profondamente interconnesse: la questione climatica, la protezione della biodiversit\u00e0 e la salute. \u00c8 l&#8217;invito che i 13 rappresentanti delle fondazioni ed enti filantropici italiani e britannici, parte della piattaforma globale F20, hanno avanzato in una lettera congiunta aperta, indirizzata al Primo Ministro Boris Johnson e al Presidente del Consiglio dei Ministri Mario Draghi. I leader delle organizzazioni firmatarie chiedono ai rispettivi Capi di Stato di fare dell&#8217;emergenza climatica globale, la tutela della biodiversit\u00e0 e la salute le priorit\u00e0 chiave dei summit G7 e G20, di cui quest&#8217;anno assumono la Presidenza.<\/p>\n<p style=\"text-align: justify;\"><em>\u201cSe dalle riunioni G7 e G20 non emergeranno progressi tangibili e nuovi impegni ambiziosi&#8221;<\/em> \u00e8 riportato nella lettera <em>\u201cnon sar\u00e0 possibile garantire, prima della COP26, cooperazione e progressi ambiziosi in materia climatica&#8221;.<\/em> I firmatari, inoltre, sottolineano nella loro istanza come il buon esito della pre-COP di Milano e della COP26 di Glasgow dipendano fortemente dalla capacit\u00e0 del G7 e del G20 di esprimere volont\u00e0 politica nell&#8217;assumersi nuovi impegni per instaurare un clima di fiducia e solidariet\u00e0. In tal senso, un punto cruciale sar\u00e0 garantire che la distribuzione e l&#8217;accesso al vaccino anti COVID-19 siano equi e gratuiti, oltre ad assicurare nuove riforme e risorse finanziarie.<\/p>\n<p style=\"text-align: justify;\">Nella lettera, i rappresentanti delle fondazioni firmatarie delineano anche sei raccomandazioni chiave, riportate di seguito:\u200b<\/p>\n<ol style=\"text-align: justify;\">\n<li><strong>Congiuntamente, il Regno Unito e l&#8217;Italia, forti della propria leadership e democrazia, dovranno esortare <\/strong>tutti i Paesi del G20 ad impegnarsi per raggiungere emissioni zero al pi\u00f9 tardi entro il 2050; nonch\u00e9 a inviare il chiaro messaggio che il limite di 1,5\u00b0C stabilito dall&#8217;Accordo di Parigi \u00e8 ancora raggiungibile purch\u00e9, in vista della COP26, vengano prefissati obiettivi NDC (Nationally Determined Contributions) pi\u00f9 ambiziosi e conformi a tale limite.<\/li>\n<li><strong>Congiuntamente, il Regno Unito e l&#8217;Italia hanno la responsabilit\u00e0 di mostrare la propria leadership e di dimostrare cosa significhi un &#8220;vero&#8221; net-zero, riconoscendo che tanto la rapida eliminazione dei combustibili fossili quanto le NBS (Nature-Based Solutions) sono cruciali per questo obiettivo; cos\u00ec come che non \u00e8 ipotizzabile che la compensazione delle emissioni di gas serra sia non sostenibile e non regolamentata.<\/strong><\/li>\n<li><strong>Congiuntamente, il Regno Unito e l&#8217;Italia devono coordinarsi per raggiungere una ripresa globale che sia verde, resiliente, sana ed equa per tutti.<\/strong><\/li>\n<li><strong>Congiuntamente, il Regno Unito e l&#8217;Italia devono garantire una solidariet\u00e0 globale nei confronti dei Paesi pi\u00f9 vulnerabili, cos\u00ec che questi abbiano la possibilit\u00e0 di affrontare tre sfide sistematiche: salute, clima e cibo.<\/strong><\/li>\n<li><strong>Congiuntamente, il Regno Unito e l&#8217;Italia devono lavorare per catalizzare un maggior riconoscimento della gravissima minaccia alla salute rappresentata dal cambiamento climatico e i costi sanitari dell&#8217;inerzia sul clima.<\/strong><\/li>\n<li><strong>Congiuntamente, il Regno Unito e l&#8217;Italia hanno l&#8217;obbligo di portare i Paesi del G20 ad intraprendere azioni per tutelare a livello mondiale i sistemi naturali, affrontando le cause dirette e indirette della perdita di biodiversit\u00e0 e del degrado dell&#8217;ecosistema.<\/strong><\/li>\n<\/ol>\n<p style=\"text-align: justify;\"><em>\u201cQuesto \u00e8 un anno chiave nella lotta al cambiamento climatico, la tutela della biodiversit\u00e0 e la ricostruzione dei sistemi economici<\/em>.&#8221; afferma <strong>Maria Luisa Parmigiani, Direttrice di Fondazione Unipolis e Co-Chair di F20 <\/strong><em>\u201cSi tratta di tre sfide profondamente interconnesse e, nel farne fronte, i Governi d&#8217;Italia e Regno Unito hanno la grande opportunit\u00e0 di guidare il coordinamento tra i vari Paesi nell&#8217;ambito dell&#8217;implementazione dell&#8217;Agenda 2030 e dell&#8217;Accordo di Parigi. Questa lettera aperta porta il contributo di tutte le fondazioni ed enti filantropici italiani e britannici membri della piattaforma F20 e auspichiamo che possa essere di sprone ai due Paesi&#8221;. <\/em><\/p>\n<p style=\"text-align: justify;\"><strong>\u00a0<\/strong><\/p>\n<p style=\"text-align: justify;\">Di seguito sono riportati i firmatari della lettera aperta:<\/p>\n<p style=\"text-align: justify;\"><strong>Per l&#8217;Italia: Carola Carazzone<\/strong>, Segretario Generale, Assifero (Associazione Italiana delle fondazioni ed enti filantropici);<strong> Pierluigi Stefanini, <\/strong>Presidente e Portavoce, ASviS (L&#8217;Alleanza Italiana per lo Sviluppo Sostenibile); <strong>Sergio Urbani<\/strong>, Direttore Generale, Fondazione Cariplo; <strong>Alberto Anfossi<\/strong>, Segretario Generale, Fondazione Compagnia di San Paolo; <strong>Gaetano Giunta<\/strong>, Segretario Generale, Fondazione di Comunit\u00e0 di Messina; <strong>Maria Luisa Parmigiani<\/strong>, Direttrice, Fondazione Unipolis<\/p>\n<p style=\"text-align: justify;\"><strong>Per\u00a0il Regno Unito: <\/strong><strong>Allison Robertshaw<\/strong>, Director, Bulb Foundation; <strong>Kate Hampton<\/strong>, Chief Executive Officer, Children&#8217;s Investment Fund Foundation; <strong>Florence Miller<\/strong>, Director, Environmental Funders Network; <strong>Mark Southwood<\/strong>, Founder and Trustee, The Southwood Foundation; <strong>Andrew Tuggey<\/strong>, Chair, UK Community Foundations; <strong>Jeremy Farrar<\/strong>, Director, Wellcome Trust\u200b\u200b\u200b.<\/p>\n<p style=\"text-align: justify;\"><strong>M<\/strong><strong>aggiori informazioni su <a href=\"https:\/\/www.foundations-20.org\/\" target=\"_blank\" rel=\"noopener\">F20\u200b<\/a><\/strong><\/p>\n<p style=\"text-align: justify;\">F20 \u00e8 un&#8217;alleanza di oltre 70 fondazioni e enti filantropici di 21 Paesi. Questa piattaforma mira a far avanzare l&#8217;implementazione dell&#8217;Agenda 2030, con il raggiungimento dei 17 Obiettivi di Sviluppo Sostenibile, e degli Accordi di Parigi sul Clima. Per raggiungere questi obiettivi, crea legami e collaborazioni tra i diversi stakeholder, in particolare soggetti del mondo della finanza, della politica e della societ\u00e0 civile.<\/p>\n<p>\u200b<\/p>\n<\/div>\n","protected":false},"excerpt":{"rendered":"<p>\u200b\u200b\u200b\u200b I GOVERNI DELL&#8217;ITALIA E DEL REGNO UNITO, ALLA GUIDA DEL G20 E DEL G7, FACCIANO DEL CLIMA, DELLA BIODIVERSIT\u00c0 E DELLA SALUTE PRIORIT\u00c0 FONDAMENTALI \u00a0 Questo l&#8217;invito delle 13 fondazioni ed enti filantropici italiani e britannici, parte della piattaforma globale F20, firmatarie di una lettera congiunta aperta indirizzata ai Capi di Governo e Ministri [&hellip;]<\/p>\n","protected":false},"author":1,"featured_media":4992,"comment_status":"open","ping_status":"open","sticky":false,"template":"","format":"standard","meta":{"_acf_changed":false,"footnotes":""},"categories":[20],"tags":[713],"class_list":["post-2292","post","type-post","status-publish","format-standard","has-post-thumbnail","hentry","category-unipolis","tag-f20"],"acf":[],"yoast_head":"<!-- This site is optimized with the Yoast SEO plugin v26.1.1 - https:\/\/yoast.com\/wordpress\/plugins\/seo\/ -->\n<title>Clima, biodiversit\u00e0 e salute come priorit\u00e0 fondamentali di G7 e G20: la lettera congiunta ai Capi di Governo del Regno Unito e dell&#039;Italia - Unipolis<\/title>\n<meta name=\"description\" content=\"Clima, biodiversit\u00e0 e salute come priorit\u00e0 fondamentali di G7 e G20: la lettera congiunta ai Capi di Governo del Regno Unito e dell&#039;Italia\" \/>\n<meta name=\"robots\" content=\"index, follow, max-snippet:-1, max-image-preview:large, max-video-preview:-1\" \/>\n<link rel=\"canonical\" href=\"https:\/\/www.fondazioneunipolis.org\/site\/clima-biodiversita-e-salute-come-priorita-fondamentali-di-g7-e-g20-la-lettera-congiunta-ai-capi-di-governo-del-regno-unito-e-dellitalia\/\" \/>\n<meta property=\"og:locale\" content=\"it_IT\" \/>\n<meta property=\"og:type\" content=\"article\" \/>\n<meta property=\"og:title\" content=\"Clima, biodiversit\u00e0 e salute come priorit\u00e0 fondamentali di G7 e G20: la lettera congiunta ai Capi di Governo del Regno Unito e dell&#039;Italia - Unipolis\" \/>\n<meta property=\"og:description\" content=\"Clima, biodiversit\u00e0 e salute come priorit\u00e0 fondamentali di G7 e G20: la lettera congiunta ai Capi di Governo del Regno Unito e dell&#039;Italia\" \/>\n<meta property=\"og:url\" content=\"https:\/\/dx-factory-unipolis-corporate-wp.ha.servizi.gr-u.it\/site\/clima-biodiversita-e-salute-come-priorita-fondamentali-di-g7-e-g20-la-lettera-congiunta-ai-capi-di-governo-del-regno-unito-e-dellitalia\/\" \/>\n<meta property=\"og:site_name\" content=\"Unipolis\" \/>\n<meta property=\"article:published_time\" content=\"2021-06-08T22:00:00+00:00\" \/>\n<meta property=\"article:modified_time\" content=\"2025-12-17T10:01:13+00:00\" \/>\n<meta property=\"og:image\" content=\"https:\/\/dx-factory-unipolis-corporate-wp.ha.servizi.gr-u.it\/site\/wp-content\/uploads\/import\/PublishingImages\/news\/Joint%20Letter_News%20Unipolis.jpg\" \/>\n\t<meta property=\"og:image:width\" content=\"1\" \/>\n\t<meta property=\"og:image:height\" content=\"1\" \/>\n\t<meta property=\"og:image:type\" content=\"image\/jpeg\" \/>\n<meta name=\"author\" content=\"wsadmin\" \/>\n<meta name=\"twitter:card\" content=\"summary_large_image\" \/>\n<meta name=\"twitter:label1\" content=\"Written by\" \/>\n\t<meta name=\"twitter:data1\" content=\"wsadmin\" \/>\n\t<meta name=\"twitter:label2\" content=\"Est. reading time\" \/>\n\t<meta name=\"twitter:data2\" content=\"5 minutes\" \/>\n<script type=\"application\/ld+json\" class=\"yoast-schema-graph\">{\"@context\":\"https:\/\/schema.org\",\"@graph\":[{\"@type\":\"Article\",\"@id\":\"https:\/\/dx-factory-unipolis-corporate-wp.ha.servizi.gr-u.it\/site\/clima-biodiversita-e-salute-come-priorita-fondamentali-di-g7-e-g20-la-lettera-congiunta-ai-capi-di-governo-del-regno-unito-e-dellitalia\/#article\",\"isPartOf\":{\"@id\":\"https:\/\/dx-factory-unipolis-corporate-wp.ha.servizi.gr-u.it\/site\/clima-biodiversita-e-salute-come-priorita-fondamentali-di-g7-e-g20-la-lettera-congiunta-ai-capi-di-governo-del-regno-unito-e-dellitalia\/\"},\"author\":{\"name\":\"wsadmin\",\"@id\":\"https:\/\/www.fondazioneunipolis.org\/site\/#\/schema\/person\/43819ef7aaa5af51f1ed547eacb5e868\"},\"headline\":\"Clima, biodiversit\u00e0 e salute come priorit\u00e0 fondamentali di G7 e G20: la lettera congiunta ai Capi di Governo del Regno Unito e dell&#8217;Italia\",\"datePublished\":\"2021-06-08T22:00:00+00:00\",\"dateModified\":\"2025-12-17T10:01:13+00:00\",\"mainEntityOfPage\":{\"@id\":\"https:\/\/dx-factory-unipolis-corporate-wp.ha.servizi.gr-u.it\/site\/clima-biodiversita-e-salute-come-priorita-fondamentali-di-g7-e-g20-la-lettera-congiunta-ai-capi-di-governo-del-regno-unito-e-dellitalia\/\"},\"wordCount\":856,\"commentCount\":0,\"publisher\":{\"@id\":\"https:\/\/www.fondazioneunipolis.org\/site\/#organization\"},\"image\":{\"@id\":\"https:\/\/dx-factory-unipolis-corporate-wp.ha.servizi.gr-u.it\/site\/clima-biodiversita-e-salute-come-priorita-fondamentali-di-g7-e-g20-la-lettera-congiunta-ai-capi-di-governo-del-regno-unito-e-dellitalia\/#primaryimage\"},\"thumbnailUrl\":\"https:\/\/www.fondazioneunipolis.org\/site\/wp-content\/uploads\/import\/PublishingImages\/news\/Joint Letter_News Unipolis.jpg\",\"keywords\":[\"F20\"],\"articleSection\":[\"Unipolis\"],\"inLanguage\":\"it-IT\",\"potentialAction\":[{\"@type\":\"CommentAction\",\"name\":\"Comment\",\"target\":[\"https:\/\/dx-factory-unipolis-corporate-wp.ha.servizi.gr-u.it\/site\/clima-biodiversita-e-salute-come-priorita-fondamentali-di-g7-e-g20-la-lettera-congiunta-ai-capi-di-governo-del-regno-unito-e-dellitalia\/#respond\"]}]},{\"@type\":\"WebPage\",\"@id\":\"https:\/\/dx-factory-unipolis-corporate-wp.ha.servizi.gr-u.it\/site\/clima-biodiversita-e-salute-come-priorita-fondamentali-di-g7-e-g20-la-lettera-congiunta-ai-capi-di-governo-del-regno-unito-e-dellitalia\/\",\"url\":\"https:\/\/dx-factory-unipolis-corporate-wp.ha.servizi.gr-u.it\/site\/clima-biodiversita-e-salute-come-priorita-fondamentali-di-g7-e-g20-la-lettera-congiunta-ai-capi-di-governo-del-regno-unito-e-dellitalia\/\",\"name\":\"Clima, biodiversit\u00e0 e salute come priorit\u00e0 fondamentali di G7 e G20: la lettera congiunta ai Capi di Governo del Regno Unito e dell'Italia - Unipolis\",\"isPartOf\":{\"@id\":\"https:\/\/www.fondazioneunipolis.org\/site\/#website\"},\"primaryImageOfPage\":{\"@id\":\"https:\/\/dx-factory-unipolis-corporate-wp.ha.servizi.gr-u.it\/site\/clima-biodiversita-e-salute-come-priorita-fondamentali-di-g7-e-g20-la-lettera-congiunta-ai-capi-di-governo-del-regno-unito-e-dellitalia\/#primaryimage\"},\"image\":{\"@id\":\"https:\/\/dx-factory-unipolis-corporate-wp.ha.servizi.gr-u.it\/site\/clima-biodiversita-e-salute-come-priorita-fondamentali-di-g7-e-g20-la-lettera-congiunta-ai-capi-di-governo-del-regno-unito-e-dellitalia\/#primaryimage\"},\"thumbnailUrl\":\"https:\/\/www.fondazioneunipolis.org\/site\/wp-content\/uploads\/import\/PublishingImages\/news\/Joint Letter_News Unipolis.jpg\",\"datePublished\":\"2021-06-08T22:00:00+00:00\",\"dateModified\":\"2025-12-17T10:01:13+00:00\",\"description\":\"Clima, biodiversit\u00e0 e salute come priorit\u00e0 fondamentali di G7 e G20: la lettera congiunta ai Capi di Governo del Regno Unito e dell'Italia\",\"breadcrumb\":{\"@id\":\"https:\/\/dx-factory-unipolis-corporate-wp.ha.servizi.gr-u.it\/site\/clima-biodiversita-e-salute-come-priorita-fondamentali-di-g7-e-g20-la-lettera-congiunta-ai-capi-di-governo-del-regno-unito-e-dellitalia\/#breadcrumb\"},\"inLanguage\":\"it-IT\",\"potentialAction\":[{\"@type\":\"ReadAction\",\"target\":[\"https:\/\/dx-factory-unipolis-corporate-wp.ha.servizi.gr-u.it\/site\/clima-biodiversita-e-salute-come-priorita-fondamentali-di-g7-e-g20-la-lettera-congiunta-ai-capi-di-governo-del-regno-unito-e-dellitalia\/\"]}]},{\"@type\":\"ImageObject\",\"inLanguage\":\"it-IT\",\"@id\":\"https:\/\/dx-factory-unipolis-corporate-wp.ha.servizi.gr-u.it\/site\/clima-biodiversita-e-salute-come-priorita-fondamentali-di-g7-e-g20-la-lettera-congiunta-ai-capi-di-governo-del-regno-unito-e-dellitalia\/#primaryimage\",\"url\":\"https:\/\/www.fondazioneunipolis.org\/site\/wp-content\/uploads\/import\/PublishingImages\/news\/Joint Letter_News Unipolis.jpg\",\"contentUrl\":\"https:\/\/www.fondazioneunipolis.org\/site\/wp-content\/uploads\/import\/PublishingImages\/news\/Joint Letter_News Unipolis.jpg\"},{\"@type\":\"BreadcrumbList\",\"@id\":\"https:\/\/dx-factory-unipolis-corporate-wp.ha.servizi.gr-u.it\/site\/clima-biodiversita-e-salute-come-priorita-fondamentali-di-g7-e-g20-la-lettera-congiunta-ai-capi-di-governo-del-regno-unito-e-dellitalia\/#breadcrumb\",\"itemListElement\":[{\"@type\":\"ListItem\",\"position\":1,\"name\":\"Home\",\"item\":\"https:\/\/www.fondazioneunipolis.org\/site\/\"},{\"@type\":\"ListItem\",\"position\":2,\"name\":\"Clima, biodiversit\u00e0 e salute come priorit\u00e0 fondamentali di G7 e G20: la lettera congiunta ai Capi di Governo del Regno Unito e dell&#8217;Italia\"}]},{\"@type\":\"WebSite\",\"@id\":\"https:\/\/www.fondazioneunipolis.org\/site\/#website\",\"url\":\"https:\/\/www.fondazioneunipolis.org\/site\/\",\"name\":\"Unipolis\",\"description\":\"\",\"publisher\":{\"@id\":\"https:\/\/www.fondazioneunipolis.org\/site\/#organization\"},\"potentialAction\":[{\"@type\":\"SearchAction\",\"target\":{\"@type\":\"EntryPoint\",\"urlTemplate\":\"https:\/\/www.fondazioneunipolis.org\/site\/?s={search_term_string}\"},\"query-input\":{\"@type\":\"PropertyValueSpecification\",\"valueRequired\":true,\"valueName\":\"search_term_string\"}}],\"inLanguage\":\"it-IT\"},{\"@type\":\"Organization\",\"@id\":\"https:\/\/www.fondazioneunipolis.org\/site\/#organization\",\"name\":\"Unipolis\",\"url\":\"https:\/\/www.fondazioneunipolis.org\/site\/\",\"logo\":{\"@type\":\"ImageObject\",\"inLanguage\":\"it-IT\",\"@id\":\"https:\/\/www.fondazioneunipolis.org\/site\/#\/schema\/logo\/image\/\",\"url\":\"https:\/\/www.fondazioneunipolis.org\/site\/wp-content\/uploads\/2025\/07\/logo-fondazione-unipolis-1.svg\",\"contentUrl\":\"https:\/\/www.fondazioneunipolis.org\/site\/wp-content\/uploads\/2025\/07\/logo-fondazione-unipolis-1.svg\",\"caption\":\"Unipolis\"},\"image\":{\"@id\":\"https:\/\/www.fondazioneunipolis.org\/site\/#\/schema\/logo\/image\/\"}},{\"@type\":\"Person\",\"@id\":\"https:\/\/www.fondazioneunipolis.org\/site\/#\/schema\/person\/43819ef7aaa5af51f1ed547eacb5e868\",\"name\":\"wsadmin\",\"image\":{\"@type\":\"ImageObject\",\"inLanguage\":\"it-IT\",\"@id\":\"https:\/\/www.fondazioneunipolis.org\/site\/#\/schema\/person\/image\/\",\"url\":\"https:\/\/secure.gravatar.com\/avatar\/6512509e9ae62b647044a2731fadcbf236f2546df7b086feb6df7aabf2ef03aa?s=96&d=mm&r=g\",\"contentUrl\":\"https:\/\/secure.gravatar.com\/avatar\/6512509e9ae62b647044a2731fadcbf236f2546df7b086feb6df7aabf2ef03aa?s=96&d=mm&r=g\",\"caption\":\"wsadmin\"},\"sameAs\":[\"https:\/\/www.fondazioneunipolis.org\/site\"],\"url\":\"https:\/\/www.fondazioneunipolis.org\/site\/author\/wsadmin\/\"}]}<\/script>\n<!-- \/ Yoast SEO plugin. -->","yoast_head_json":{"title":"Clima, biodiversit\u00e0 e salute come priorit\u00e0 fondamentali di G7 e G20: la lettera congiunta ai Capi di Governo del Regno Unito e dell'Italia - Unipolis","description":"Clima, biodiversit\u00e0 e salute come priorit\u00e0 fondamentali di G7 e G20: la lettera congiunta ai Capi di Governo del Regno Unito e dell'Italia","robots":{"index":"index","follow":"follow","max-snippet":"max-snippet:-1","max-image-preview":"max-image-preview:large","max-video-preview":"max-video-preview:-1"},"canonical":"https:\/\/www.fondazioneunipolis.org\/site\/clima-biodiversita-e-salute-come-priorita-fondamentali-di-g7-e-g20-la-lettera-congiunta-ai-capi-di-governo-del-regno-unito-e-dellitalia\/","og_locale":"it_IT","og_type":"article","og_title":"Clima, biodiversit\u00e0 e salute come priorit\u00e0 fondamentali di G7 e G20: la lettera congiunta ai Capi di Governo del Regno Unito e dell'Italia - Unipolis","og_description":"Clima, biodiversit\u00e0 e salute come priorit\u00e0 fondamentali di G7 e G20: la lettera congiunta ai Capi di Governo del Regno Unito e dell'Italia","og_url":"https:\/\/dx-factory-unipolis-corporate-wp.ha.servizi.gr-u.it\/site\/clima-biodiversita-e-salute-come-priorita-fondamentali-di-g7-e-g20-la-lettera-congiunta-ai-capi-di-governo-del-regno-unito-e-dellitalia\/","og_site_name":"Unipolis","article_published_time":"2021-06-08T22:00:00+00:00","article_modified_time":"2025-12-17T10:01:13+00:00","og_image":[{"url":"https:\/\/dx-factory-unipolis-corporate-wp.ha.servizi.gr-u.it\/site\/wp-content\/uploads\/import\/PublishingImages\/news\/Joint Letter_News Unipolis.jpg","width":1,"height":1,"type":"image\/jpeg"}],"author":"wsadmin","twitter_card":"summary_large_image","twitter_misc":{"Written by":"wsadmin","Est. reading time":"5 minutes"},"schema":{"@context":"https:\/\/schema.org","@graph":[{"@type":"Article","@id":"https:\/\/dx-factory-unipolis-corporate-wp.ha.servizi.gr-u.it\/site\/clima-biodiversita-e-salute-come-priorita-fondamentali-di-g7-e-g20-la-lettera-congiunta-ai-capi-di-governo-del-regno-unito-e-dellitalia\/#article","isPartOf":{"@id":"https:\/\/dx-factory-unipolis-corporate-wp.ha.servizi.gr-u.it\/site\/clima-biodiversita-e-salute-come-priorita-fondamentali-di-g7-e-g20-la-lettera-congiunta-ai-capi-di-governo-del-regno-unito-e-dellitalia\/"},"author":{"name":"wsadmin","@id":"https:\/\/www.fondazioneunipolis.org\/site\/#\/schema\/person\/43819ef7aaa5af51f1ed547eacb5e868"},"headline":"Clima, biodiversit\u00e0 e salute come priorit\u00e0 fondamentali di G7 e G20: la lettera congiunta ai Capi di Governo del Regno Unito e dell&#8217;Italia","datePublished":"2021-06-08T22:00:00+00:00","dateModified":"2025-12-17T10:01:13+00:00","mainEntityOfPage":{"@id":"https:\/\/dx-factory-unipolis-corporate-wp.ha.servizi.gr-u.it\/site\/clima-biodiversita-e-salute-come-priorita-fondamentali-di-g7-e-g20-la-lettera-congiunta-ai-capi-di-governo-del-regno-unito-e-dellitalia\/"},"wordCount":856,"commentCount":0,"publisher":{"@id":"https:\/\/www.fondazioneunipolis.org\/site\/#organization"},"image":{"@id":"https:\/\/dx-factory-unipolis-corporate-wp.ha.servizi.gr-u.it\/site\/clima-biodiversita-e-salute-come-priorita-fondamentali-di-g7-e-g20-la-lettera-congiunta-ai-capi-di-governo-del-regno-unito-e-dellitalia\/#primaryimage"},"thumbnailUrl":"https:\/\/www.fondazioneunipolis.org\/site\/wp-content\/uploads\/import\/PublishingImages\/news\/Joint Letter_News Unipolis.jpg","keywords":["F20"],"articleSection":["Unipolis"],"inLanguage":"it-IT","potentialAction":[{"@type":"CommentAction","name":"Comment","target":["https:\/\/dx-factory-unipolis-corporate-wp.ha.servizi.gr-u.it\/site\/clima-biodiversita-e-salute-come-priorita-fondamentali-di-g7-e-g20-la-lettera-congiunta-ai-capi-di-governo-del-regno-unito-e-dellitalia\/#respond"]}]},{"@type":"WebPage","@id":"https:\/\/dx-factory-unipolis-corporate-wp.ha.servizi.gr-u.it\/site\/clima-biodiversita-e-salute-come-priorita-fondamentali-di-g7-e-g20-la-lettera-congiunta-ai-capi-di-governo-del-regno-unito-e-dellitalia\/","url":"https:\/\/dx-factory-unipolis-corporate-wp.ha.servizi.gr-u.it\/site\/clima-biodiversita-e-salute-come-priorita-fondamentali-di-g7-e-g20-la-lettera-congiunta-ai-capi-di-governo-del-regno-unito-e-dellitalia\/","name":"Clima, biodiversit\u00e0 e salute come priorit\u00e0 fondamentali di G7 e G20: la lettera congiunta ai Capi di Governo del Regno Unito e dell'Italia - Unipolis","isPartOf":{"@id":"https:\/\/www.fondazioneunipolis.org\/site\/#website"},"primaryImageOfPage":{"@id":"https:\/\/dx-factory-unipolis-corporate-wp.ha.servizi.gr-u.it\/site\/clima-biodiversita-e-salute-come-priorita-fondamentali-di-g7-e-g20-la-lettera-congiunta-ai-capi-di-governo-del-regno-unito-e-dellitalia\/#primaryimage"},"image":{"@id":"https:\/\/dx-factory-unipolis-corporate-wp.ha.servizi.gr-u.it\/site\/clima-biodiversita-e-salute-come-priorita-fondamentali-di-g7-e-g20-la-lettera-congiunta-ai-capi-di-governo-del-regno-unito-e-dellitalia\/#primaryimage"},"thumbnailUrl":"https:\/\/www.fondazioneunipolis.org\/site\/wp-content\/uploads\/import\/PublishingImages\/news\/Joint Letter_News Unipolis.jpg","datePublished":"2021-06-08T22:00:00+00:00","dateModified":"2025-12-17T10:01:13+00:00","description":"Clima, biodiversit\u00e0 e salute come priorit\u00e0 fondamentali di G7 e G20: la lettera congiunta ai Capi di Governo del Regno Unito e dell'Italia","breadcrumb":{"@id":"https:\/\/dx-factory-unipolis-corporate-wp.ha.servizi.gr-u.it\/site\/clima-biodiversita-e-salute-come-priorita-fondamentali-di-g7-e-g20-la-lettera-congiunta-ai-capi-di-governo-del-regno-unito-e-dellitalia\/#breadcrumb"},"inLanguage":"it-IT","potentialAction":[{"@type":"ReadAction","target":["https:\/\/dx-factory-unipolis-corporate-wp.ha.servizi.gr-u.it\/site\/clima-biodiversita-e-salute-come-priorita-fondamentali-di-g7-e-g20-la-lettera-congiunta-ai-capi-di-governo-del-regno-unito-e-dellitalia\/"]}]},{"@type":"ImageObject","inLanguage":"it-IT","@id":"https:\/\/dx-factory-unipolis-corporate-wp.ha.servizi.gr-u.it\/site\/clima-biodiversita-e-salute-come-priorita-fondamentali-di-g7-e-g20-la-lettera-congiunta-ai-capi-di-governo-del-regno-unito-e-dellitalia\/#primaryimage","url":"https:\/\/www.fondazioneunipolis.org\/site\/wp-content\/uploads\/import\/PublishingImages\/news\/Joint Letter_News Unipolis.jpg","contentUrl":"https:\/\/www.fondazioneunipolis.org\/site\/wp-content\/uploads\/import\/PublishingImages\/news\/Joint Letter_News Unipolis.jpg"},{"@type":"BreadcrumbList","@id":"https:\/\/dx-factory-unipolis-corporate-wp.ha.servizi.gr-u.it\/site\/clima-biodiversita-e-salute-come-priorita-fondamentali-di-g7-e-g20-la-lettera-congiunta-ai-capi-di-governo-del-regno-unito-e-dellitalia\/#breadcrumb","itemListElement":[{"@type":"ListItem","position":1,"name":"Home","item":"https:\/\/www.fondazioneunipolis.org\/site\/"},{"@type":"ListItem","position":2,"name":"Clima, biodiversit\u00e0 e salute come priorit\u00e0 fondamentali di G7 e G20: la lettera congiunta ai Capi di Governo del Regno Unito e dell&#8217;Italia"}]},{"@type":"WebSite","@id":"https:\/\/www.fondazioneunipolis.org\/site\/#website","url":"https:\/\/www.fondazioneunipolis.org\/site\/","name":"Unipolis","description":"","publisher":{"@id":"https:\/\/www.fondazioneunipolis.org\/site\/#organization"},"potentialAction":[{"@type":"SearchAction","target":{"@type":"EntryPoint","urlTemplate":"https:\/\/www.fondazioneunipolis.org\/site\/?s={search_term_string}"},"query-input":{"@type":"PropertyValueSpecification","valueRequired":true,"valueName":"search_term_string"}}],"inLanguage":"it-IT"},{"@type":"Organization","@id":"https:\/\/www.fondazioneunipolis.org\/site\/#organization","name":"Unipolis","url":"https:\/\/www.fondazioneunipolis.org\/site\/","logo":{"@type":"ImageObject","inLanguage":"it-IT","@id":"https:\/\/www.fondazioneunipolis.org\/site\/#\/schema\/logo\/image\/","url":"https:\/\/www.fondazioneunipolis.org\/site\/wp-content\/uploads\/2025\/07\/logo-fondazione-unipolis-1.svg","contentUrl":"https:\/\/www.fondazioneunipolis.org\/site\/wp-content\/uploads\/2025\/07\/logo-fondazione-unipolis-1.svg","caption":"Unipolis"},"image":{"@id":"https:\/\/www.fondazioneunipolis.org\/site\/#\/schema\/logo\/image\/"}},{"@type":"Person","@id":"https:\/\/www.fondazioneunipolis.org\/site\/#\/schema\/person\/43819ef7aaa5af51f1ed547eacb5e868","name":"wsadmin","image":{"@type":"ImageObject","inLanguage":"it-IT","@id":"https:\/\/www.fondazioneunipolis.org\/site\/#\/schema\/person\/image\/","url":"https:\/\/secure.gravatar.com\/avatar\/6512509e9ae62b647044a2731fadcbf236f2546df7b086feb6df7aabf2ef03aa?s=96&d=mm&r=g","contentUrl":"https:\/\/secure.gravatar.com\/avatar\/6512509e9ae62b647044a2731fadcbf236f2546df7b086feb6df7aabf2ef03aa?s=96&d=mm&r=g","caption":"wsadmin"},"sameAs":["https:\/\/www.fondazioneunipolis.org\/site"],"url":"https:\/\/www.fondazioneunipolis.org\/site\/author\/wsadmin\/"}]}},"_links":{"self":[{"href":"https:\/\/www.fondazioneunipolis.org\/site\/wp-json\/wp\/v2\/posts\/2292","targetHints":{"allow":["GET"]}}],"collection":[{"href":"https:\/\/www.fondazioneunipolis.org\/site\/wp-json\/wp\/v2\/posts"}],"about":[{"href":"https:\/\/www.fondazioneunipolis.org\/site\/wp-json\/wp\/v2\/types\/post"}],"author":[{"embeddable":true,"href":"https:\/\/www.fondazioneunipolis.org\/site\/wp-json\/wp\/v2\/users\/1"}],"replies":[{"embeddable":true,"href":"https:\/\/www.fondazioneunipolis.org\/site\/wp-json\/wp\/v2\/comments?post=2292"}],"version-history":[{"count":4,"href":"https:\/\/www.fondazioneunipolis.org\/site\/wp-json\/wp\/v2\/posts\/2292\/revisions"}],"predecessor-version":[{"id":10987,"href":"https:\/\/www.fondazioneunipolis.org\/site\/wp-json\/wp\/v2\/posts\/2292\/revisions\/10987"}],"wp:featuredmedia":[{"embeddable":true,"href":"https:\/\/www.fondazioneunipolis.org\/site\/wp-json\/wp\/v2\/media\/4992"}],"wp:attachment":[{"href":"https:\/\/www.fondazioneunipolis.org\/site\/wp-json\/wp\/v2\/media?parent=2292"}],"wp:term":[{"taxonomy":"category","embeddable":true,"href":"https:\/\/www.fondazioneunipolis.org\/site\/wp-json\/wp\/v2\/categories?post=2292"},{"taxonomy":"post_tag","embeddable":true,"href":"https:\/\/www.fondazioneunipolis.org\/site\/wp-json\/wp\/v2\/tags?post=2292"}],"curies":[{"name":"wp","href":"https:\/\/api.w.org\/{rel}","templated":true}]}}