{"id":2290,"date":"2021-03-01T00:00:00","date_gmt":"2021-02-28T23:00:00","guid":{"rendered":"https:\/\/www.fondazioneunipolis.org\/site\/le-fondazioni-per-il-g20-in-italia\/"},"modified":"2025-12-17T12:44:16","modified_gmt":"2025-12-17T11:44:16","slug":"le-fondazioni-per-il-g20-in-italia","status":"publish","type":"post","link":"https:\/\/www.fondazioneunipolis.org\/site\/news\/le-fondazioni-per-il-g20-in-italia\/","title":{"rendered":"Le Fondazioni per il G20 in Italia"},"content":{"rendered":"<div id=\"ctl00_PlaceHolderMain_ctl03__ControlWrapper_RichHtmlField\" class=\"ms-rtestate-field\" style=\"display: inline;\" aria-labelledby=\"ctl00_PlaceHolderMain_ctl03_label\">\n<p>\u200b<em>Il\u00a0contributo di Unipolis con la partecipazione a F20 Foundations e al Gruppo di Lavoro delle Fondazioni di ASviS<\/em><\/p>\n<p>Dal 1\u00b0 dicembre 2020, l&#8217;Italia detiene per la prima volta la Presidenza del G20, la conferenza internazionale che riunisce le maggiori economie del mondo. Dalla pandemia ai cambiamenti climatici, dal sostegno all&#8217;innovazione alla lotta contro povert\u00e0 e disuguaglianze, queste alcune delle urgenti sfide globali attorno alle quali la comunit\u00e0 internazionale deve discutere, con la necessit\u00e0 di dimostrare forte ambizione e volont\u00e0 di collaborazione.<\/p>\n<p><strong>\u201c<\/strong><strong><em>People, planet, prosperity<\/em><\/strong><strong>&#8220;<\/strong> sono alcuni dei pilastri su cui si fonda l&#8217;Agenda 2030 e su quali verr\u00e0 articolato il programma del G20: <em>\u201cDobbiamo prenderci cura del pianeta e delle persone, assicurando una forte ripresa economica che sia al contempo inclusiva e sostenibile&#8221;<\/em>, come esplicita il <a href=\"https:\/\/www.g20.org\/it\" target=\"_blank\" rel=\"noopener\">sito dedicato al summit<\/a>. Numerosi sono gli incontri istituzionali attesi nel corso dell&#8217;anno, che culmineranno nel Vertice dei Capi di Stato e di Governo dei Paesi appartenenti al G20 previsto a Roma il 30 e 31 ottobre. Nel 2021 l&#8217;Italia sar\u00e0 coinvolta inoltre nella 26esima Conferenza delle Parti delle Nazioni Unite sul cambiamento climatico (UN COP26) che si terr\u00e0 a Glasgow a novembre. Nella precisione l&#8217;Italia, in qualit\u00e0 di co-chair, ospiter\u00e0 gli eventi preparatori (Pre-COP) tra cui COP26 Youth, un grande evento dedicato ai giovani a Milano.<\/p>\n<p>L&#8217;appuntamento internazionale offre all&#8217;Italia l&#8217;opportunit\u00e0 di essere promotore di uno sviluppo partecipato e sostenibile, oltre che e a tutti i Paesi di assumersi una responsabilit\u00e0 significativa per il futuro comune. In questo contesto, anche le <strong>fondazioni possono giocare un ruolo importante<\/strong> come attori chiave nel raggiungimento degli Obiettivi di sviluppo sostenibile.<\/p>\n<p>A livello sovranazionale <a href=\"https:\/\/www.foundations-20.org\/\" target=\"_blank\" rel=\"noopener\"><strong>F20 Foundations<\/strong><\/a> &#8211; organizzazione costituita da oltre 65 fondazioni dei Paesi G20, unite dall&#8217;impegno per un&#8217;azione congiunta a favore dell&#8217;implementazione dell&#8217;Agenda 2030 e dell&#8217;attuazione dell&#8217;Accordo di Parigi sul cambiamento climatico &#8211; ha avviato un confronto con gli attori coinvolti, in particolare con rappresentanti delle fondazioni e degli enti filantropici italiani. F20 intende lavorare in sinergia con gli altri \u201cEngagement Group&#8221; del G20, anche nella definizione di documenti congiunti e nella realizzazione di eventi di comune interesse. In particolare, prevede l&#8217;organizzazione di un <strong>F20 High Level Conference <\/strong>a fine settembre a Milano, come espressione di <em>advocacy<\/em> importante del mondo delle fondazioni.<\/p>\n<p>A livello nazionale, l&#8217;<strong>Alleanza italiana per lo Sviluppo Sostenibile &#8211; ASviS <\/strong>attraverso le attivit\u00e0 del <a href=\"https:\/\/asvis.it\/gruppo-di-lavoro-trasversale-fondazioni-per-lo-sviluppo-sostenibile\/\" target=\"_blank\" rel=\"noopener\"><strong>Gruppo di lavoro trasversale delle Fondazioni<\/strong><\/a>, sta lavorando per sviluppare tematiche sulla partecipazione e il contributo delle fondazioni per il raggiungimento degli Obiettivi di sviluppo sostenibile, da portare all&#8217;attenzione della Presidenza del G20, in stretta connessione con F20.<\/p>\n<p><strong>Fondazione Unipolis<\/strong> sta contribuendo a queste riflessioni partecipando al confronto di F20 &#8211; dove ha assunto il ruolo di co-chair\u00a0&#8211; e al Gruppo di lavoro di ASviS &#8211; come co-coordinatore insieme a Fondazione Con il Sud- fungendo anche da raccordo tra le due organizzazioni. Per le fondazioni \u00e8 un&#8217;occasione importante per aumentare la consapevolezza sul ruolo che possono svolgere nel raggiungimento dell&#8217;Agenda 2020, come abilitatori e attivatori di processi e progetti di comunit\u00e0, e accrescere di conseguenza la propria rappresentanza nei dibattiti sul tema, facendosi promotori di nuove partnership, istanze, proposte e idee, sia tra fondazioni che con gli altri attori chiave del processo.<\/p>\n<\/div>\n","protected":false},"excerpt":{"rendered":"<p>\u200bIl\u00a0contributo di Unipolis con la partecipazione a F20 Foundations e al Gruppo di Lavoro delle Fondazioni di ASviS Dal 1\u00b0 dicembre 2020, l&#8217;Italia detiene per la prima volta la Presidenza del G20, la conferenza internazionale che riunisce le maggiori economie del mondo. Dalla pandemia ai cambiamenti climatici, dal sostegno all&#8217;innovazione alla lotta contro povert\u00e0 e [&hellip;]<\/p>\n","protected":false},"author":1,"featured_media":4321,"comment_status":"open","ping_status":"open","sticky":false,"template":"","format":"standard","meta":{"_acf_changed":false,"footnotes":""},"categories":[20],"tags":[647],"class_list":["post-2290","post","type-post","status-publish","format-standard","has-post-thumbnail","hentry","category-unipolis","tag-asvis"],"acf":[],"yoast_head":"<!-- This site is optimized with the Yoast SEO plugin v26.1.1 - https:\/\/yoast.com\/wordpress\/plugins\/seo\/ -->\n<title>Le Fondazioni per il G20 in Italia - Unipolis<\/title>\n<meta name=\"description\" content=\"Le Fondazioni per il G20 in Italia\" \/>\n<meta name=\"robots\" content=\"index, follow, max-snippet:-1, max-image-preview:large, max-video-preview:-1\" \/>\n<link rel=\"canonical\" href=\"https:\/\/www.fondazioneunipolis.org\/site\/le-fondazioni-per-il-g20-in-italia\/\" \/>\n<meta property=\"og:locale\" content=\"it_IT\" \/>\n<meta property=\"og:type\" content=\"article\" \/>\n<meta property=\"og:title\" content=\"Le Fondazioni per il G20 in Italia - Unipolis\" \/>\n<meta property=\"og:description\" content=\"Le Fondazioni per il G20 in Italia\" \/>\n<meta property=\"og:url\" content=\"https:\/\/dx-factory-unipolis-corporate-wp.ha.servizi.gr-u.it\/site\/le-fondazioni-per-il-g20-in-italia\/\" \/>\n<meta property=\"og:site_name\" content=\"Unipolis\" \/>\n<meta property=\"article:published_time\" content=\"2021-02-28T23:00:00+00:00\" \/>\n<meta property=\"article:modified_time\" content=\"2025-12-17T11:44:16+00:00\" \/>\n<meta property=\"og:image\" content=\"https:\/\/dx-factory-unipolis-corporate-wp.ha.servizi.gr-u.it\/site\/wp-content\/uploads\/import\/PublishingImages\/Notizie\/Le%20Fondazioni%20per%20il%20G20.png\" \/>\n\t<meta property=\"og:image:width\" content=\"1\" \/>\n\t<meta property=\"og:image:height\" content=\"1\" \/>\n\t<meta property=\"og:image:type\" content=\"image\/png\" \/>\n<meta name=\"author\" content=\"wsadmin\" \/>\n<meta name=\"twitter:card\" content=\"summary_large_image\" \/>\n<meta name=\"twitter:label1\" content=\"Written by\" \/>\n\t<meta name=\"twitter:data1\" content=\"wsadmin\" \/>\n\t<meta name=\"twitter:label2\" content=\"Est. reading time\" \/>\n\t<meta name=\"twitter:data2\" content=\"3 minutes\" \/>\n<script type=\"application\/ld+json\" class=\"yoast-schema-graph\">{\"@context\":\"https:\/\/schema.org\",\"@graph\":[{\"@type\":\"Article\",\"@id\":\"https:\/\/dx-factory-unipolis-corporate-wp.ha.servizi.gr-u.it\/site\/le-fondazioni-per-il-g20-in-italia\/#article\",\"isPartOf\":{\"@id\":\"https:\/\/dx-factory-unipolis-corporate-wp.ha.servizi.gr-u.it\/site\/le-fondazioni-per-il-g20-in-italia\/\"},\"author\":{\"name\":\"wsadmin\",\"@id\":\"https:\/\/www.fondazioneunipolis.org\/site\/#\/schema\/person\/43819ef7aaa5af51f1ed547eacb5e868\"},\"headline\":\"Le Fondazioni per il G20 in Italia\",\"datePublished\":\"2021-02-28T23:00:00+00:00\",\"dateModified\":\"2025-12-17T11:44:16+00:00\",\"mainEntityOfPage\":{\"@id\":\"https:\/\/dx-factory-unipolis-corporate-wp.ha.servizi.gr-u.it\/site\/le-fondazioni-per-il-g20-in-italia\/\"},\"wordCount\":543,\"commentCount\":0,\"publisher\":{\"@id\":\"https:\/\/www.fondazioneunipolis.org\/site\/#organization\"},\"image\":{\"@id\":\"https:\/\/dx-factory-unipolis-corporate-wp.ha.servizi.gr-u.it\/site\/le-fondazioni-per-il-g20-in-italia\/#primaryimage\"},\"thumbnailUrl\":\"https:\/\/www.fondazioneunipolis.org\/site\/wp-content\/uploads\/import\/PublishingImages\/Notizie\/Le Fondazioni per il G20.png\",\"keywords\":[\"asvis\"],\"articleSection\":[\"Unipolis\"],\"inLanguage\":\"it-IT\",\"potentialAction\":[{\"@type\":\"CommentAction\",\"name\":\"Comment\",\"target\":[\"https:\/\/dx-factory-unipolis-corporate-wp.ha.servizi.gr-u.it\/site\/le-fondazioni-per-il-g20-in-italia\/#respond\"]}]},{\"@type\":\"WebPage\",\"@id\":\"https:\/\/dx-factory-unipolis-corporate-wp.ha.servizi.gr-u.it\/site\/le-fondazioni-per-il-g20-in-italia\/\",\"url\":\"https:\/\/dx-factory-unipolis-corporate-wp.ha.servizi.gr-u.it\/site\/le-fondazioni-per-il-g20-in-italia\/\",\"name\":\"Le Fondazioni per il G20 in Italia - Unipolis\",\"isPartOf\":{\"@id\":\"https:\/\/www.fondazioneunipolis.org\/site\/#website\"},\"primaryImageOfPage\":{\"@id\":\"https:\/\/dx-factory-unipolis-corporate-wp.ha.servizi.gr-u.it\/site\/le-fondazioni-per-il-g20-in-italia\/#primaryimage\"},\"image\":{\"@id\":\"https:\/\/dx-factory-unipolis-corporate-wp.ha.servizi.gr-u.it\/site\/le-fondazioni-per-il-g20-in-italia\/#primaryimage\"},\"thumbnailUrl\":\"https:\/\/www.fondazioneunipolis.org\/site\/wp-content\/uploads\/import\/PublishingImages\/Notizie\/Le Fondazioni per il G20.png\",\"datePublished\":\"2021-02-28T23:00:00+00:00\",\"dateModified\":\"2025-12-17T11:44:16+00:00\",\"description\":\"Le Fondazioni per il G20 in Italia\",\"breadcrumb\":{\"@id\":\"https:\/\/dx-factory-unipolis-corporate-wp.ha.servizi.gr-u.it\/site\/le-fondazioni-per-il-g20-in-italia\/#breadcrumb\"},\"inLanguage\":\"it-IT\",\"potentialAction\":[{\"@type\":\"ReadAction\",\"target\":[\"https:\/\/dx-factory-unipolis-corporate-wp.ha.servizi.gr-u.it\/site\/le-fondazioni-per-il-g20-in-italia\/\"]}]},{\"@type\":\"ImageObject\",\"inLanguage\":\"it-IT\",\"@id\":\"https:\/\/dx-factory-unipolis-corporate-wp.ha.servizi.gr-u.it\/site\/le-fondazioni-per-il-g20-in-italia\/#primaryimage\",\"url\":\"https:\/\/www.fondazioneunipolis.org\/site\/wp-content\/uploads\/import\/PublishingImages\/Notizie\/Le Fondazioni per il G20.png\",\"contentUrl\":\"https:\/\/www.fondazioneunipolis.org\/site\/wp-content\/uploads\/import\/PublishingImages\/Notizie\/Le Fondazioni per il G20.png\"},{\"@type\":\"BreadcrumbList\",\"@id\":\"https:\/\/dx-factory-unipolis-corporate-wp.ha.servizi.gr-u.it\/site\/le-fondazioni-per-il-g20-in-italia\/#breadcrumb\",\"itemListElement\":[{\"@type\":\"ListItem\",\"position\":1,\"name\":\"Home\",\"item\":\"https:\/\/www.fondazioneunipolis.org\/site\/\"},{\"@type\":\"ListItem\",\"position\":2,\"name\":\"Le Fondazioni per il G20 in Italia\"}]},{\"@type\":\"WebSite\",\"@id\":\"https:\/\/www.fondazioneunipolis.org\/site\/#website\",\"url\":\"https:\/\/www.fondazioneunipolis.org\/site\/\",\"name\":\"Unipolis\",\"description\":\"\",\"publisher\":{\"@id\":\"https:\/\/www.fondazioneunipolis.org\/site\/#organization\"},\"potentialAction\":[{\"@type\":\"SearchAction\",\"target\":{\"@type\":\"EntryPoint\",\"urlTemplate\":\"https:\/\/www.fondazioneunipolis.org\/site\/?s={search_term_string}\"},\"query-input\":{\"@type\":\"PropertyValueSpecification\",\"valueRequired\":true,\"valueName\":\"search_term_string\"}}],\"inLanguage\":\"it-IT\"},{\"@type\":\"Organization\",\"@id\":\"https:\/\/www.fondazioneunipolis.org\/site\/#organization\",\"name\":\"Unipolis\",\"url\":\"https:\/\/www.fondazioneunipolis.org\/site\/\",\"logo\":{\"@type\":\"ImageObject\",\"inLanguage\":\"it-IT\",\"@id\":\"https:\/\/www.fondazioneunipolis.org\/site\/#\/schema\/logo\/image\/\",\"url\":\"https:\/\/www.fondazioneunipolis.org\/site\/wp-content\/uploads\/2025\/07\/logo-fondazione-unipolis-1.svg\",\"contentUrl\":\"https:\/\/www.fondazioneunipolis.org\/site\/wp-content\/uploads\/2025\/07\/logo-fondazione-unipolis-1.svg\",\"caption\":\"Unipolis\"},\"image\":{\"@id\":\"https:\/\/www.fondazioneunipolis.org\/site\/#\/schema\/logo\/image\/\"}},{\"@type\":\"Person\",\"@id\":\"https:\/\/www.fondazioneunipolis.org\/site\/#\/schema\/person\/43819ef7aaa5af51f1ed547eacb5e868\",\"name\":\"wsadmin\",\"image\":{\"@type\":\"ImageObject\",\"inLanguage\":\"it-IT\",\"@id\":\"https:\/\/www.fondazioneunipolis.org\/site\/#\/schema\/person\/image\/\",\"url\":\"https:\/\/secure.gravatar.com\/avatar\/6512509e9ae62b647044a2731fadcbf236f2546df7b086feb6df7aabf2ef03aa?s=96&d=mm&r=g\",\"contentUrl\":\"https:\/\/secure.gravatar.com\/avatar\/6512509e9ae62b647044a2731fadcbf236f2546df7b086feb6df7aabf2ef03aa?s=96&d=mm&r=g\",\"caption\":\"wsadmin\"},\"sameAs\":[\"https:\/\/www.fondazioneunipolis.org\/site\"],\"url\":\"https:\/\/www.fondazioneunipolis.org\/site\/author\/wsadmin\/\"}]}<\/script>\n<!-- \/ Yoast SEO plugin. -->","yoast_head_json":{"title":"Le Fondazioni per il G20 in Italia - Unipolis","description":"Le Fondazioni per il G20 in Italia","robots":{"index":"index","follow":"follow","max-snippet":"max-snippet:-1","max-image-preview":"max-image-preview:large","max-video-preview":"max-video-preview:-1"},"canonical":"https:\/\/www.fondazioneunipolis.org\/site\/le-fondazioni-per-il-g20-in-italia\/","og_locale":"it_IT","og_type":"article","og_title":"Le Fondazioni per il G20 in Italia - Unipolis","og_description":"Le Fondazioni per il G20 in Italia","og_url":"https:\/\/dx-factory-unipolis-corporate-wp.ha.servizi.gr-u.it\/site\/le-fondazioni-per-il-g20-in-italia\/","og_site_name":"Unipolis","article_published_time":"2021-02-28T23:00:00+00:00","article_modified_time":"2025-12-17T11:44:16+00:00","og_image":[{"url":"https:\/\/dx-factory-unipolis-corporate-wp.ha.servizi.gr-u.it\/site\/wp-content\/uploads\/import\/PublishingImages\/Notizie\/Le Fondazioni per il G20.png","width":1,"height":1,"type":"image\/png"}],"author":"wsadmin","twitter_card":"summary_large_image","twitter_misc":{"Written by":"wsadmin","Est. reading time":"3 minutes"},"schema":{"@context":"https:\/\/schema.org","@graph":[{"@type":"Article","@id":"https:\/\/dx-factory-unipolis-corporate-wp.ha.servizi.gr-u.it\/site\/le-fondazioni-per-il-g20-in-italia\/#article","isPartOf":{"@id":"https:\/\/dx-factory-unipolis-corporate-wp.ha.servizi.gr-u.it\/site\/le-fondazioni-per-il-g20-in-italia\/"},"author":{"name":"wsadmin","@id":"https:\/\/www.fondazioneunipolis.org\/site\/#\/schema\/person\/43819ef7aaa5af51f1ed547eacb5e868"},"headline":"Le Fondazioni per il G20 in Italia","datePublished":"2021-02-28T23:00:00+00:00","dateModified":"2025-12-17T11:44:16+00:00","mainEntityOfPage":{"@id":"https:\/\/dx-factory-unipolis-corporate-wp.ha.servizi.gr-u.it\/site\/le-fondazioni-per-il-g20-in-italia\/"},"wordCount":543,"commentCount":0,"publisher":{"@id":"https:\/\/www.fondazioneunipolis.org\/site\/#organization"},"image":{"@id":"https:\/\/dx-factory-unipolis-corporate-wp.ha.servizi.gr-u.it\/site\/le-fondazioni-per-il-g20-in-italia\/#primaryimage"},"thumbnailUrl":"https:\/\/www.fondazioneunipolis.org\/site\/wp-content\/uploads\/import\/PublishingImages\/Notizie\/Le Fondazioni per il G20.png","keywords":["asvis"],"articleSection":["Unipolis"],"inLanguage":"it-IT","potentialAction":[{"@type":"CommentAction","name":"Comment","target":["https:\/\/dx-factory-unipolis-corporate-wp.ha.servizi.gr-u.it\/site\/le-fondazioni-per-il-g20-in-italia\/#respond"]}]},{"@type":"WebPage","@id":"https:\/\/dx-factory-unipolis-corporate-wp.ha.servizi.gr-u.it\/site\/le-fondazioni-per-il-g20-in-italia\/","url":"https:\/\/dx-factory-unipolis-corporate-wp.ha.servizi.gr-u.it\/site\/le-fondazioni-per-il-g20-in-italia\/","name":"Le Fondazioni per il G20 in Italia - Unipolis","isPartOf":{"@id":"https:\/\/www.fondazioneunipolis.org\/site\/#website"},"primaryImageOfPage":{"@id":"https:\/\/dx-factory-unipolis-corporate-wp.ha.servizi.gr-u.it\/site\/le-fondazioni-per-il-g20-in-italia\/#primaryimage"},"image":{"@id":"https:\/\/dx-factory-unipolis-corporate-wp.ha.servizi.gr-u.it\/site\/le-fondazioni-per-il-g20-in-italia\/#primaryimage"},"thumbnailUrl":"https:\/\/www.fondazioneunipolis.org\/site\/wp-content\/uploads\/import\/PublishingImages\/Notizie\/Le Fondazioni per il G20.png","datePublished":"2021-02-28T23:00:00+00:00","dateModified":"2025-12-17T11:44:16+00:00","description":"Le Fondazioni per il G20 in Italia","breadcrumb":{"@id":"https:\/\/dx-factory-unipolis-corporate-wp.ha.servizi.gr-u.it\/site\/le-fondazioni-per-il-g20-in-italia\/#breadcrumb"},"inLanguage":"it-IT","potentialAction":[{"@type":"ReadAction","target":["https:\/\/dx-factory-unipolis-corporate-wp.ha.servizi.gr-u.it\/site\/le-fondazioni-per-il-g20-in-italia\/"]}]},{"@type":"ImageObject","inLanguage":"it-IT","@id":"https:\/\/dx-factory-unipolis-corporate-wp.ha.servizi.gr-u.it\/site\/le-fondazioni-per-il-g20-in-italia\/#primaryimage","url":"https:\/\/www.fondazioneunipolis.org\/site\/wp-content\/uploads\/import\/PublishingImages\/Notizie\/Le Fondazioni per il G20.png","contentUrl":"https:\/\/www.fondazioneunipolis.org\/site\/wp-content\/uploads\/import\/PublishingImages\/Notizie\/Le Fondazioni per il G20.png"},{"@type":"BreadcrumbList","@id":"https:\/\/dx-factory-unipolis-corporate-wp.ha.servizi.gr-u.it\/site\/le-fondazioni-per-il-g20-in-italia\/#breadcrumb","itemListElement":[{"@type":"ListItem","position":1,"name":"Home","item":"https:\/\/www.fondazioneunipolis.org\/site\/"},{"@type":"ListItem","position":2,"name":"Le Fondazioni per il G20 in Italia"}]},{"@type":"WebSite","@id":"https:\/\/www.fondazioneunipolis.org\/site\/#website","url":"https:\/\/www.fondazioneunipolis.org\/site\/","name":"Unipolis","description":"","publisher":{"@id":"https:\/\/www.fondazioneunipolis.org\/site\/#organization"},"potentialAction":[{"@type":"SearchAction","target":{"@type":"EntryPoint","urlTemplate":"https:\/\/www.fondazioneunipolis.org\/site\/?s={search_term_string}"},"query-input":{"@type":"PropertyValueSpecification","valueRequired":true,"valueName":"search_term_string"}}],"inLanguage":"it-IT"},{"@type":"Organization","@id":"https:\/\/www.fondazioneunipolis.org\/site\/#organization","name":"Unipolis","url":"https:\/\/www.fondazioneunipolis.org\/site\/","logo":{"@type":"ImageObject","inLanguage":"it-IT","@id":"https:\/\/www.fondazioneunipolis.org\/site\/#\/schema\/logo\/image\/","url":"https:\/\/www.fondazioneunipolis.org\/site\/wp-content\/uploads\/2025\/07\/logo-fondazione-unipolis-1.svg","contentUrl":"https:\/\/www.fondazioneunipolis.org\/site\/wp-content\/uploads\/2025\/07\/logo-fondazione-unipolis-1.svg","caption":"Unipolis"},"image":{"@id":"https:\/\/www.fondazioneunipolis.org\/site\/#\/schema\/logo\/image\/"}},{"@type":"Person","@id":"https:\/\/www.fondazioneunipolis.org\/site\/#\/schema\/person\/43819ef7aaa5af51f1ed547eacb5e868","name":"wsadmin","image":{"@type":"ImageObject","inLanguage":"it-IT","@id":"https:\/\/www.fondazioneunipolis.org\/site\/#\/schema\/person\/image\/","url":"https:\/\/secure.gravatar.com\/avatar\/6512509e9ae62b647044a2731fadcbf236f2546df7b086feb6df7aabf2ef03aa?s=96&d=mm&r=g","contentUrl":"https:\/\/secure.gravatar.com\/avatar\/6512509e9ae62b647044a2731fadcbf236f2546df7b086feb6df7aabf2ef03aa?s=96&d=mm&r=g","caption":"wsadmin"},"sameAs":["https:\/\/www.fondazioneunipolis.org\/site"],"url":"https:\/\/www.fondazioneunipolis.org\/site\/author\/wsadmin\/"}]}},"_links":{"self":[{"href":"https:\/\/www.fondazioneunipolis.org\/site\/wp-json\/wp\/v2\/posts\/2290","targetHints":{"allow":["GET"]}}],"collection":[{"href":"https:\/\/www.fondazioneunipolis.org\/site\/wp-json\/wp\/v2\/posts"}],"about":[{"href":"https:\/\/www.fondazioneunipolis.org\/site\/wp-json\/wp\/v2\/types\/post"}],"author":[{"embeddable":true,"href":"https:\/\/www.fondazioneunipolis.org\/site\/wp-json\/wp\/v2\/users\/1"}],"replies":[{"embeddable":true,"href":"https:\/\/www.fondazioneunipolis.org\/site\/wp-json\/wp\/v2\/comments?post=2290"}],"version-history":[{"count":3,"href":"https:\/\/www.fondazioneunipolis.org\/site\/wp-json\/wp\/v2\/posts\/2290\/revisions"}],"predecessor-version":[{"id":11019,"href":"https:\/\/www.fondazioneunipolis.org\/site\/wp-json\/wp\/v2\/posts\/2290\/revisions\/11019"}],"wp:featuredmedia":[{"embeddable":true,"href":"https:\/\/www.fondazioneunipolis.org\/site\/wp-json\/wp\/v2\/media\/4321"}],"wp:attachment":[{"href":"https:\/\/www.fondazioneunipolis.org\/site\/wp-json\/wp\/v2\/media?parent=2290"}],"wp:term":[{"taxonomy":"category","embeddable":true,"href":"https:\/\/www.fondazioneunipolis.org\/site\/wp-json\/wp\/v2\/categories?post=2290"},{"taxonomy":"post_tag","embeddable":true,"href":"https:\/\/www.fondazioneunipolis.org\/site\/wp-json\/wp\/v2\/tags?post=2290"}],"curies":[{"name":"wp","href":"https:\/\/api.w.org\/{rel}","templated":true}]}}