{"id":2284,"date":"2024-07-11T00:00:00","date_gmt":"2024-07-10T22:00:00","guid":{"rendered":"https:\/\/www.fondazioneunipolis.org\/site\/la-parola-ai-partecipanti-il-progetto-bella-storia-raccontato-da-francesca-sarnacchiaro\/"},"modified":"2025-12-31T11:51:17","modified_gmt":"2025-12-31T10:51:17","slug":"la-parola-ai-partecipanti-il-progetto-bella-storia-raccontato-da-francesca-sarnacchiaro","status":"publish","type":"post","link":"https:\/\/www.fondazioneunipolis.org\/site\/news\/la-parola-ai-partecipanti-il-progetto-bella-storia-raccontato-da-francesca-sarnacchiaro\/","title":{"rendered":"La parola ai partecipanti. Il progetto Bella storia raccontato da Francesca Sarnacchiaro"},"content":{"rendered":"<div id=\"ctl00_PlaceHolderMain_ctl03__ControlWrapper_RichHtmlField\" class=\"ms-rtestate-field\" style=\"display: inline;\" aria-labelledby=\"ctl00_PlaceHolderMain_ctl03_label\">\n<p><em>L\u2019articolo che segue \u00e8 stato scritto da Francesca Sarnacchiaro, partecipante campana del progetto Bella storia. La tua, per raccontare con le sue parole le motivazioni e i primi cambiamenti in corso grazie al percorso di crescita personale e culturale dedicato a studenti che come lei provengono da territori fragili.\u00a0\u00a0<\/em><\/p>\n<p><i>\u00a0<\/i><\/p>\n<p><strong>Bella storia, un progetto che pu\u00f2 cambiarti la vita.\u00a0<\/strong><\/p>\n<p>Sono venuta a conoscenza dell&#8217;esistenza del progetto per caso, leggendo i vari avvisi che erano stati inseriti nella bacheca di Argo, un sito web scolastico. Appena lessi \u201ccontributo economico&#8221; fui rapita, mi sembrava una bella opportunit\u00e0. Lessi rapidamente di cosa si trattasse e successivamente le istruzioni per parteciparvi. Ne parlai a casa, e tutti accolsero la notizia con entusiasmo.<\/p>\n<p>In meno di un&#8217;ora, mi fiondai a scrivere due brevi testi motivazionali come richiesto dal bando, di cui ricordo ancora i <em>topic<\/em>. Il primo era sul <strong>perch\u00e9 pensavo di meritarmi il contributo<\/strong> e il secondo riguardava le opinioni della famiglia. Proseguii con la compilazione della documentazione e la inviai subito, un po&#8217; scettica sull&#8217;essere scelta, perch\u00e9 potete capirmi, su 50 ragazzi tra Campania e Calabria <strong>non pensavo scegliessero proprio me<\/strong>.<\/p>\n<p><strong>Come mi ha cambiata Bella storia<\/strong><\/p>\n<p>A novembre 2022 sono entrata nel vivo del progetto: vado al primo incontro, faccio conoscenza con i collaboratori e gli altri partecipanti della mia regione. Inizialmente mi sentivo imbarazzata ed intrappolata, non ero mai uscita al di fuori del contesto scolastico. <strong>Pian piano poi il ghiaccio ha iniziato a rompersi ed \u00e8 stato tutto in discesa<\/strong>.<\/p>\n<p>Il percorso prevede due categorie di incontri: collettivi (fisici ed online) ed individuali, con il proprio mentor (online). Entrambi sono formativi ma con finalit\u00e0 diverse. I primi li ritengo propedeutici alla formazione empirica, i secondi alla formazione personale. Infatti, <strong>con Ada<\/strong><strong> Boffa della Cooperativa Dedalus<\/strong><strong>, la mia <\/strong><strong>mentor<\/strong><strong>, sono riuscita a scavare molto nel profondo della mia personalit\u00e0<\/strong>. Insieme, volta per volta cerchiamo di concretizzare il concetto di \u201cformazione personale e culturale&#8221;. Gli incontri collettivi, invece, li ritengo propedeutici alla socializzazione, alla riflessione, all&#8217;introspezione e, perch\u00e9 no, anche alla conoscenza.<\/p>\n<p><strong>Di quali attivit\u00e0 puoi usufruire grazie al contributo?\u00a0<\/strong><\/p>\n<p>Con i soldi puoi comprare davvero tante cose, dato che anche la cifra \u00e8 alquanto consistente (1.500 euro ndr). Soprattutto \u00e8 possibile approfittarne per affrontare spese pi\u00f9 corpose che probabilmente senza il contributo si esiterebbe ad effettuare: ad esempio prendere certificazioni, partecipare a concorsi in ambito culturale, pagare abbonamenti sportivi, partecipare a viaggi d&#8217;istruzione. Investite su voi stessi. Cosa molto importante: <strong>Bella storia tutela la salute mentale, infatti \u00e8 possibile pagare anche visite e consulenze dallo psicologo<\/strong>.<\/p>\n<h3>L&#8217;INTERVISTA A UN MIO COMPAGNO DI PERCORSO<\/h3>\n<p>Abbiamo anche le opinioni di un altro partecipante campano, Farling\u200b\u00a0 Manzueta Padilla, che ritengo molto interessanti.<\/p>\n<p><strong><em>Ciao Farling, grazie per esserti prestato a questa intervista. Come sei venuto a conoscenza di Bella storia?<\/em><\/strong><em>\u00a0<\/em><\/p>\n<p>Grazie alla mia professoressa di Italiano, all&#8217;inizio del terzo anno delle superiori.<\/p>\n<p><strong><em>Hai stretto amicizia con qualcuno in particolare durante i vari camp?<\/em><\/strong><em>\u00a0<\/em><\/p>\n<p>Ho legato un po&#8217; con tutti, ma se proprio dovessi citare un nome, oltre Luigi (un altro partecipante) che \u00e8 anche un mio compagno di classe, citerei Giuseppe, con cui ho legato soprattutto durante il camp estivo 2023.<\/p>\n<p><strong><em>Cosa ti \u00e8 rimasto particolarmente impresso di questa esperienza ancora in corso?<\/em><\/strong><em>\u00a0<\/em><\/p>\n<p>Tra i vari camp ed incontri che ho fatto con Bella storia, mi ha particolarmente colpito l&#8217;amicizia e il rapporto che si sta creando tra di noi, ogni volta che ci incontriamo, si scoprono sempre sfumature nuove di ognuno. I ragazzi che fanno parte di questo percorso sono davvero delle persone eccezionali.<\/p>\n<p><strong><em>Andiamo sul concreto, i<\/em><\/strong><strong><em>l contributo economico<\/em><\/strong><strong><em> di Bella storia ti <\/em><\/strong><strong><em>\u00e8<\/em><\/strong><strong><em> servit<\/em><\/strong><strong><em>o<\/em><\/strong><strong><em> per acquistare qualche oggetto o servizio che desideravi?<\/em><\/strong><em>\u00a0<\/em><\/p>\n<p>Il contributo del progetto mi \u00e8 servito molto per comprarmi oggetti che veramente desideravo e che sicuramente mi saranno utili per ci\u00f2 che vorr\u00f2 fare in futuro.<\/p>\n<p><strong><em>Il <\/em><\/strong><strong><em>mentoring<\/em><\/strong><strong><em> lo consideri un&#8217;attivit\u00e0 importante?<\/em><\/strong><em>\u00a0<\/em><\/p>\n<p>Il mentoring lo considero molto importante perch\u00e9 \u00e8 un momento dove mi sento ascoltato, posso proporre delle iniziative e ricevo degli input utili all&#8217;obiettivo che mi sono posto. Per me Ada Boffa \u00e8 un punto di riferimento.<\/p>\n<p><strong><em>Cosa ti aspetti dal progetto?<\/em><\/strong><em>\u00a0<\/em><\/p>\n<p>Dal progetto mi aspetto che si continuino a proporre attivit\u00e0 sempre pi\u00f9 formative tenendo conto di darci un ausilio orientativo sul mondo del lavoro.<\/p>\n<p><strong><em>Perfetto, di&#8217; due parole a chi ti legger\u00e0.\u00a0<\/em><\/strong><em>\u00a0<\/em><\/p>\n<p>Il progetto Bella storia, se ben capito e dedicandogli le giuste attenzioni, pu\u00f2 fornire molte competenze, insegna ad approcciarsi agli altri, a lavorare in gruppo, approfondire le proprie capacit\u00e0 e magari svilupparle al meglio. Il progetto mi ha dato la possibilit\u00e0 di responsabilizzarmi riguardo la gestione e l&#8217;autonomia economica, inoltre mi ha fatto riflettere in che modo poter investire il contributo economico su che cosa ne vale davvero la pena.<\/p>\n<p><strong>Ecco in breve, cari lettori, l&#8217;essenza di Bella storia<\/strong><strong>. <\/strong><strong>Si ringrazia la Fondazione Unipolis per questa opportunit\u00e0.\u00a0<\/strong>\u00a0<strong>Change your mind and improve your skills!<\/strong><\/p>\n<p><i>\u00a0<\/i><\/p>\n<\/div>\n","protected":false},"excerpt":{"rendered":"<p>L\u2019articolo che segue \u00e8 stato scritto da Francesca Sarnacchiaro, partecipante campana del progetto Bella storia. La tua, per raccontare con le sue parole le motivazioni e i primi cambiamenti in corso grazie al percorso di crescita personale e culturale dedicato a studenti che come lei provengono da territori fragili.\u00a0\u00a0 \u00a0 Bella storia, un progetto che [&hellip;]<\/p>\n","protected":false},"author":1,"featured_media":4702,"comment_status":"open","ping_status":"open","sticky":false,"template":"","format":"standard","meta":{"_acf_changed":false,"footnotes":""},"categories":[6],"tags":[640],"class_list":["post-2284","post","type-post","status-publish","format-standard","has-post-thumbnail","hentry","category-disuguaglianze","tag-bellastoria"],"acf":[],"yoast_head":"<!-- This site is optimized with the Yoast SEO plugin v26.1.1 - https:\/\/yoast.com\/wordpress\/plugins\/seo\/ -->\n<title>La parola ai partecipanti. Il progetto Bella storia raccontato da Francesca Sarnacchiaro - Unipolis<\/title>\n<meta name=\"description\" content=\"La parola ai partecipanti. Il progetto Bella storia raccontato da Francesca Sarnacchiaro\" \/>\n<meta name=\"robots\" content=\"index, follow, max-snippet:-1, max-image-preview:large, max-video-preview:-1\" \/>\n<link rel=\"canonical\" href=\"https:\/\/www.fondazioneunipolis.org\/site\/la-parola-ai-partecipanti-il-progetto-bella-storia-raccontato-da-francesca-sarnacchiaro\/\" \/>\n<meta property=\"og:locale\" content=\"it_IT\" \/>\n<meta property=\"og:type\" content=\"article\" \/>\n<meta property=\"og:title\" content=\"La parola ai partecipanti. Il progetto Bella storia raccontato da Francesca Sarnacchiaro - Unipolis\" \/>\n<meta property=\"og:description\" content=\"La parola ai partecipanti. Il progetto Bella storia raccontato da Francesca Sarnacchiaro\" \/>\n<meta property=\"og:url\" content=\"https:\/\/dx-factory-unipolis-corporate-wp.ha.servizi.gr-u.it\/site\/la-parola-ai-partecipanti-il-progetto-bella-storia-raccontato-da-francesca-sarnacchiaro\/\" \/>\n<meta property=\"og:site_name\" content=\"Unipolis\" \/>\n<meta property=\"article:published_time\" content=\"2024-07-10T22:00:00+00:00\" \/>\n<meta property=\"article:modified_time\" content=\"2025-12-31T10:51:17+00:00\" \/>\n<meta property=\"og:image\" content=\"https:\/\/dx-factory-unipolis-corporate-wp.ha.servizi.gr-u.it\/site\/wp-content\/uploads\/import\/PublishingImages\/news\/4.png\" \/>\n\t<meta property=\"og:image:width\" content=\"1\" \/>\n\t<meta property=\"og:image:height\" content=\"1\" \/>\n\t<meta property=\"og:image:type\" content=\"image\/png\" \/>\n<meta name=\"author\" content=\"wsadmin\" \/>\n<meta name=\"twitter:card\" content=\"summary_large_image\" \/>\n<meta name=\"twitter:label1\" content=\"Written by\" \/>\n\t<meta name=\"twitter:data1\" content=\"wsadmin\" \/>\n\t<meta name=\"twitter:label2\" content=\"Est. reading time\" \/>\n\t<meta name=\"twitter:data2\" content=\"5 minutes\" \/>\n<script type=\"application\/ld+json\" class=\"yoast-schema-graph\">{\"@context\":\"https:\/\/schema.org\",\"@graph\":[{\"@type\":\"Article\",\"@id\":\"https:\/\/dx-factory-unipolis-corporate-wp.ha.servizi.gr-u.it\/site\/la-parola-ai-partecipanti-il-progetto-bella-storia-raccontato-da-francesca-sarnacchiaro\/#article\",\"isPartOf\":{\"@id\":\"https:\/\/dx-factory-unipolis-corporate-wp.ha.servizi.gr-u.it\/site\/la-parola-ai-partecipanti-il-progetto-bella-storia-raccontato-da-francesca-sarnacchiaro\/\"},\"author\":{\"name\":\"wsadmin\",\"@id\":\"https:\/\/www.fondazioneunipolis.org\/site\/#\/schema\/person\/43819ef7aaa5af51f1ed547eacb5e868\"},\"headline\":\"La parola ai partecipanti. Il progetto Bella storia raccontato da Francesca Sarnacchiaro\",\"datePublished\":\"2024-07-10T22:00:00+00:00\",\"dateModified\":\"2025-12-31T10:51:17+00:00\",\"mainEntityOfPage\":{\"@id\":\"https:\/\/dx-factory-unipolis-corporate-wp.ha.servizi.gr-u.it\/site\/la-parola-ai-partecipanti-il-progetto-bella-storia-raccontato-da-francesca-sarnacchiaro\/\"},\"wordCount\":822,\"commentCount\":0,\"publisher\":{\"@id\":\"https:\/\/www.fondazioneunipolis.org\/site\/#organization\"},\"image\":{\"@id\":\"https:\/\/dx-factory-unipolis-corporate-wp.ha.servizi.gr-u.it\/site\/la-parola-ai-partecipanti-il-progetto-bella-storia-raccontato-da-francesca-sarnacchiaro\/#primaryimage\"},\"thumbnailUrl\":\"https:\/\/www.fondazioneunipolis.org\/site\/wp-content\/uploads\/import\/PublishingImages\/news\/4.png\",\"keywords\":[\"bellastoria\"],\"articleSection\":[\"Disuguaglianze\"],\"inLanguage\":\"it-IT\",\"potentialAction\":[{\"@type\":\"CommentAction\",\"name\":\"Comment\",\"target\":[\"https:\/\/dx-factory-unipolis-corporate-wp.ha.servizi.gr-u.it\/site\/la-parola-ai-partecipanti-il-progetto-bella-storia-raccontato-da-francesca-sarnacchiaro\/#respond\"]}]},{\"@type\":\"WebPage\",\"@id\":\"https:\/\/dx-factory-unipolis-corporate-wp.ha.servizi.gr-u.it\/site\/la-parola-ai-partecipanti-il-progetto-bella-storia-raccontato-da-francesca-sarnacchiaro\/\",\"url\":\"https:\/\/dx-factory-unipolis-corporate-wp.ha.servizi.gr-u.it\/site\/la-parola-ai-partecipanti-il-progetto-bella-storia-raccontato-da-francesca-sarnacchiaro\/\",\"name\":\"La parola ai partecipanti. Il progetto Bella storia raccontato da Francesca Sarnacchiaro - Unipolis\",\"isPartOf\":{\"@id\":\"https:\/\/www.fondazioneunipolis.org\/site\/#website\"},\"primaryImageOfPage\":{\"@id\":\"https:\/\/dx-factory-unipolis-corporate-wp.ha.servizi.gr-u.it\/site\/la-parola-ai-partecipanti-il-progetto-bella-storia-raccontato-da-francesca-sarnacchiaro\/#primaryimage\"},\"image\":{\"@id\":\"https:\/\/dx-factory-unipolis-corporate-wp.ha.servizi.gr-u.it\/site\/la-parola-ai-partecipanti-il-progetto-bella-storia-raccontato-da-francesca-sarnacchiaro\/#primaryimage\"},\"thumbnailUrl\":\"https:\/\/www.fondazioneunipolis.org\/site\/wp-content\/uploads\/import\/PublishingImages\/news\/4.png\",\"datePublished\":\"2024-07-10T22:00:00+00:00\",\"dateModified\":\"2025-12-31T10:51:17+00:00\",\"description\":\"La parola ai partecipanti. Il progetto Bella storia raccontato da Francesca Sarnacchiaro\",\"breadcrumb\":{\"@id\":\"https:\/\/dx-factory-unipolis-corporate-wp.ha.servizi.gr-u.it\/site\/la-parola-ai-partecipanti-il-progetto-bella-storia-raccontato-da-francesca-sarnacchiaro\/#breadcrumb\"},\"inLanguage\":\"it-IT\",\"potentialAction\":[{\"@type\":\"ReadAction\",\"target\":[\"https:\/\/dx-factory-unipolis-corporate-wp.ha.servizi.gr-u.it\/site\/la-parola-ai-partecipanti-il-progetto-bella-storia-raccontato-da-francesca-sarnacchiaro\/\"]}]},{\"@type\":\"ImageObject\",\"inLanguage\":\"it-IT\",\"@id\":\"https:\/\/dx-factory-unipolis-corporate-wp.ha.servizi.gr-u.it\/site\/la-parola-ai-partecipanti-il-progetto-bella-storia-raccontato-da-francesca-sarnacchiaro\/#primaryimage\",\"url\":\"https:\/\/www.fondazioneunipolis.org\/site\/wp-content\/uploads\/import\/PublishingImages\/news\/4.png\",\"contentUrl\":\"https:\/\/www.fondazioneunipolis.org\/site\/wp-content\/uploads\/import\/PublishingImages\/news\/4.png\"},{\"@type\":\"BreadcrumbList\",\"@id\":\"https:\/\/dx-factory-unipolis-corporate-wp.ha.servizi.gr-u.it\/site\/la-parola-ai-partecipanti-il-progetto-bella-storia-raccontato-da-francesca-sarnacchiaro\/#breadcrumb\",\"itemListElement\":[{\"@type\":\"ListItem\",\"position\":1,\"name\":\"Home\",\"item\":\"https:\/\/www.fondazioneunipolis.org\/site\/\"},{\"@type\":\"ListItem\",\"position\":2,\"name\":\"La parola ai partecipanti. Il progetto Bella storia raccontato da Francesca Sarnacchiaro\"}]},{\"@type\":\"WebSite\",\"@id\":\"https:\/\/www.fondazioneunipolis.org\/site\/#website\",\"url\":\"https:\/\/www.fondazioneunipolis.org\/site\/\",\"name\":\"Unipolis\",\"description\":\"\",\"publisher\":{\"@id\":\"https:\/\/www.fondazioneunipolis.org\/site\/#organization\"},\"potentialAction\":[{\"@type\":\"SearchAction\",\"target\":{\"@type\":\"EntryPoint\",\"urlTemplate\":\"https:\/\/www.fondazioneunipolis.org\/site\/?s={search_term_string}\"},\"query-input\":{\"@type\":\"PropertyValueSpecification\",\"valueRequired\":true,\"valueName\":\"search_term_string\"}}],\"inLanguage\":\"it-IT\"},{\"@type\":\"Organization\",\"@id\":\"https:\/\/www.fondazioneunipolis.org\/site\/#organization\",\"name\":\"Unipolis\",\"url\":\"https:\/\/www.fondazioneunipolis.org\/site\/\",\"logo\":{\"@type\":\"ImageObject\",\"inLanguage\":\"it-IT\",\"@id\":\"https:\/\/www.fondazioneunipolis.org\/site\/#\/schema\/logo\/image\/\",\"url\":\"https:\/\/www.fondazioneunipolis.org\/site\/wp-content\/uploads\/2025\/07\/logo-fondazione-unipolis-1.svg\",\"contentUrl\":\"https:\/\/www.fondazioneunipolis.org\/site\/wp-content\/uploads\/2025\/07\/logo-fondazione-unipolis-1.svg\",\"caption\":\"Unipolis\"},\"image\":{\"@id\":\"https:\/\/www.fondazioneunipolis.org\/site\/#\/schema\/logo\/image\/\"}},{\"@type\":\"Person\",\"@id\":\"https:\/\/www.fondazioneunipolis.org\/site\/#\/schema\/person\/43819ef7aaa5af51f1ed547eacb5e868\",\"name\":\"wsadmin\",\"image\":{\"@type\":\"ImageObject\",\"inLanguage\":\"it-IT\",\"@id\":\"https:\/\/www.fondazioneunipolis.org\/site\/#\/schema\/person\/image\/\",\"url\":\"https:\/\/secure.gravatar.com\/avatar\/6512509e9ae62b647044a2731fadcbf236f2546df7b086feb6df7aabf2ef03aa?s=96&d=mm&r=g\",\"contentUrl\":\"https:\/\/secure.gravatar.com\/avatar\/6512509e9ae62b647044a2731fadcbf236f2546df7b086feb6df7aabf2ef03aa?s=96&d=mm&r=g\",\"caption\":\"wsadmin\"},\"sameAs\":[\"https:\/\/www.fondazioneunipolis.org\/site\"],\"url\":\"https:\/\/www.fondazioneunipolis.org\/site\/author\/wsadmin\/\"}]}<\/script>\n<!-- \/ Yoast SEO plugin. -->","yoast_head_json":{"title":"La parola ai partecipanti. Il progetto Bella storia raccontato da Francesca Sarnacchiaro - Unipolis","description":"La parola ai partecipanti. Il progetto Bella storia raccontato da Francesca Sarnacchiaro","robots":{"index":"index","follow":"follow","max-snippet":"max-snippet:-1","max-image-preview":"max-image-preview:large","max-video-preview":"max-video-preview:-1"},"canonical":"https:\/\/www.fondazioneunipolis.org\/site\/la-parola-ai-partecipanti-il-progetto-bella-storia-raccontato-da-francesca-sarnacchiaro\/","og_locale":"it_IT","og_type":"article","og_title":"La parola ai partecipanti. Il progetto Bella storia raccontato da Francesca Sarnacchiaro - Unipolis","og_description":"La parola ai partecipanti. Il progetto Bella storia raccontato da Francesca Sarnacchiaro","og_url":"https:\/\/dx-factory-unipolis-corporate-wp.ha.servizi.gr-u.it\/site\/la-parola-ai-partecipanti-il-progetto-bella-storia-raccontato-da-francesca-sarnacchiaro\/","og_site_name":"Unipolis","article_published_time":"2024-07-10T22:00:00+00:00","article_modified_time":"2025-12-31T10:51:17+00:00","og_image":[{"url":"https:\/\/dx-factory-unipolis-corporate-wp.ha.servizi.gr-u.it\/site\/wp-content\/uploads\/import\/PublishingImages\/news\/4.png","width":1,"height":1,"type":"image\/png"}],"author":"wsadmin","twitter_card":"summary_large_image","twitter_misc":{"Written by":"wsadmin","Est. reading time":"5 minutes"},"schema":{"@context":"https:\/\/schema.org","@graph":[{"@type":"Article","@id":"https:\/\/dx-factory-unipolis-corporate-wp.ha.servizi.gr-u.it\/site\/la-parola-ai-partecipanti-il-progetto-bella-storia-raccontato-da-francesca-sarnacchiaro\/#article","isPartOf":{"@id":"https:\/\/dx-factory-unipolis-corporate-wp.ha.servizi.gr-u.it\/site\/la-parola-ai-partecipanti-il-progetto-bella-storia-raccontato-da-francesca-sarnacchiaro\/"},"author":{"name":"wsadmin","@id":"https:\/\/www.fondazioneunipolis.org\/site\/#\/schema\/person\/43819ef7aaa5af51f1ed547eacb5e868"},"headline":"La parola ai partecipanti. Il progetto Bella storia raccontato da Francesca Sarnacchiaro","datePublished":"2024-07-10T22:00:00+00:00","dateModified":"2025-12-31T10:51:17+00:00","mainEntityOfPage":{"@id":"https:\/\/dx-factory-unipolis-corporate-wp.ha.servizi.gr-u.it\/site\/la-parola-ai-partecipanti-il-progetto-bella-storia-raccontato-da-francesca-sarnacchiaro\/"},"wordCount":822,"commentCount":0,"publisher":{"@id":"https:\/\/www.fondazioneunipolis.org\/site\/#organization"},"image":{"@id":"https:\/\/dx-factory-unipolis-corporate-wp.ha.servizi.gr-u.it\/site\/la-parola-ai-partecipanti-il-progetto-bella-storia-raccontato-da-francesca-sarnacchiaro\/#primaryimage"},"thumbnailUrl":"https:\/\/www.fondazioneunipolis.org\/site\/wp-content\/uploads\/import\/PublishingImages\/news\/4.png","keywords":["bellastoria"],"articleSection":["Disuguaglianze"],"inLanguage":"it-IT","potentialAction":[{"@type":"CommentAction","name":"Comment","target":["https:\/\/dx-factory-unipolis-corporate-wp.ha.servizi.gr-u.it\/site\/la-parola-ai-partecipanti-il-progetto-bella-storia-raccontato-da-francesca-sarnacchiaro\/#respond"]}]},{"@type":"WebPage","@id":"https:\/\/dx-factory-unipolis-corporate-wp.ha.servizi.gr-u.it\/site\/la-parola-ai-partecipanti-il-progetto-bella-storia-raccontato-da-francesca-sarnacchiaro\/","url":"https:\/\/dx-factory-unipolis-corporate-wp.ha.servizi.gr-u.it\/site\/la-parola-ai-partecipanti-il-progetto-bella-storia-raccontato-da-francesca-sarnacchiaro\/","name":"La parola ai partecipanti. Il progetto Bella storia raccontato da Francesca Sarnacchiaro - Unipolis","isPartOf":{"@id":"https:\/\/www.fondazioneunipolis.org\/site\/#website"},"primaryImageOfPage":{"@id":"https:\/\/dx-factory-unipolis-corporate-wp.ha.servizi.gr-u.it\/site\/la-parola-ai-partecipanti-il-progetto-bella-storia-raccontato-da-francesca-sarnacchiaro\/#primaryimage"},"image":{"@id":"https:\/\/dx-factory-unipolis-corporate-wp.ha.servizi.gr-u.it\/site\/la-parola-ai-partecipanti-il-progetto-bella-storia-raccontato-da-francesca-sarnacchiaro\/#primaryimage"},"thumbnailUrl":"https:\/\/www.fondazioneunipolis.org\/site\/wp-content\/uploads\/import\/PublishingImages\/news\/4.png","datePublished":"2024-07-10T22:00:00+00:00","dateModified":"2025-12-31T10:51:17+00:00","description":"La parola ai partecipanti. Il progetto Bella storia raccontato da Francesca Sarnacchiaro","breadcrumb":{"@id":"https:\/\/dx-factory-unipolis-corporate-wp.ha.servizi.gr-u.it\/site\/la-parola-ai-partecipanti-il-progetto-bella-storia-raccontato-da-francesca-sarnacchiaro\/#breadcrumb"},"inLanguage":"it-IT","potentialAction":[{"@type":"ReadAction","target":["https:\/\/dx-factory-unipolis-corporate-wp.ha.servizi.gr-u.it\/site\/la-parola-ai-partecipanti-il-progetto-bella-storia-raccontato-da-francesca-sarnacchiaro\/"]}]},{"@type":"ImageObject","inLanguage":"it-IT","@id":"https:\/\/dx-factory-unipolis-corporate-wp.ha.servizi.gr-u.it\/site\/la-parola-ai-partecipanti-il-progetto-bella-storia-raccontato-da-francesca-sarnacchiaro\/#primaryimage","url":"https:\/\/www.fondazioneunipolis.org\/site\/wp-content\/uploads\/import\/PublishingImages\/news\/4.png","contentUrl":"https:\/\/www.fondazioneunipolis.org\/site\/wp-content\/uploads\/import\/PublishingImages\/news\/4.png"},{"@type":"BreadcrumbList","@id":"https:\/\/dx-factory-unipolis-corporate-wp.ha.servizi.gr-u.it\/site\/la-parola-ai-partecipanti-il-progetto-bella-storia-raccontato-da-francesca-sarnacchiaro\/#breadcrumb","itemListElement":[{"@type":"ListItem","position":1,"name":"Home","item":"https:\/\/www.fondazioneunipolis.org\/site\/"},{"@type":"ListItem","position":2,"name":"La parola ai partecipanti. Il progetto Bella storia raccontato da Francesca Sarnacchiaro"}]},{"@type":"WebSite","@id":"https:\/\/www.fondazioneunipolis.org\/site\/#website","url":"https:\/\/www.fondazioneunipolis.org\/site\/","name":"Unipolis","description":"","publisher":{"@id":"https:\/\/www.fondazioneunipolis.org\/site\/#organization"},"potentialAction":[{"@type":"SearchAction","target":{"@type":"EntryPoint","urlTemplate":"https:\/\/www.fondazioneunipolis.org\/site\/?s={search_term_string}"},"query-input":{"@type":"PropertyValueSpecification","valueRequired":true,"valueName":"search_term_string"}}],"inLanguage":"it-IT"},{"@type":"Organization","@id":"https:\/\/www.fondazioneunipolis.org\/site\/#organization","name":"Unipolis","url":"https:\/\/www.fondazioneunipolis.org\/site\/","logo":{"@type":"ImageObject","inLanguage":"it-IT","@id":"https:\/\/www.fondazioneunipolis.org\/site\/#\/schema\/logo\/image\/","url":"https:\/\/www.fondazioneunipolis.org\/site\/wp-content\/uploads\/2025\/07\/logo-fondazione-unipolis-1.svg","contentUrl":"https:\/\/www.fondazioneunipolis.org\/site\/wp-content\/uploads\/2025\/07\/logo-fondazione-unipolis-1.svg","caption":"Unipolis"},"image":{"@id":"https:\/\/www.fondazioneunipolis.org\/site\/#\/schema\/logo\/image\/"}},{"@type":"Person","@id":"https:\/\/www.fondazioneunipolis.org\/site\/#\/schema\/person\/43819ef7aaa5af51f1ed547eacb5e868","name":"wsadmin","image":{"@type":"ImageObject","inLanguage":"it-IT","@id":"https:\/\/www.fondazioneunipolis.org\/site\/#\/schema\/person\/image\/","url":"https:\/\/secure.gravatar.com\/avatar\/6512509e9ae62b647044a2731fadcbf236f2546df7b086feb6df7aabf2ef03aa?s=96&d=mm&r=g","contentUrl":"https:\/\/secure.gravatar.com\/avatar\/6512509e9ae62b647044a2731fadcbf236f2546df7b086feb6df7aabf2ef03aa?s=96&d=mm&r=g","caption":"wsadmin"},"sameAs":["https:\/\/www.fondazioneunipolis.org\/site"],"url":"https:\/\/www.fondazioneunipolis.org\/site\/author\/wsadmin\/"}]}},"_links":{"self":[{"href":"https:\/\/www.fondazioneunipolis.org\/site\/wp-json\/wp\/v2\/posts\/2284","targetHints":{"allow":["GET"]}}],"collection":[{"href":"https:\/\/www.fondazioneunipolis.org\/site\/wp-json\/wp\/v2\/posts"}],"about":[{"href":"https:\/\/www.fondazioneunipolis.org\/site\/wp-json\/wp\/v2\/types\/post"}],"author":[{"embeddable":true,"href":"https:\/\/www.fondazioneunipolis.org\/site\/wp-json\/wp\/v2\/users\/1"}],"replies":[{"embeddable":true,"href":"https:\/\/www.fondazioneunipolis.org\/site\/wp-json\/wp\/v2\/comments?post=2284"}],"version-history":[{"count":4,"href":"https:\/\/www.fondazioneunipolis.org\/site\/wp-json\/wp\/v2\/posts\/2284\/revisions"}],"predecessor-version":[{"id":10632,"href":"https:\/\/www.fondazioneunipolis.org\/site\/wp-json\/wp\/v2\/posts\/2284\/revisions\/10632"}],"wp:featuredmedia":[{"embeddable":true,"href":"https:\/\/www.fondazioneunipolis.org\/site\/wp-json\/wp\/v2\/media\/4702"}],"wp:attachment":[{"href":"https:\/\/www.fondazioneunipolis.org\/site\/wp-json\/wp\/v2\/media?parent=2284"}],"wp:term":[{"taxonomy":"category","embeddable":true,"href":"https:\/\/www.fondazioneunipolis.org\/site\/wp-json\/wp\/v2\/categories?post=2284"},{"taxonomy":"post_tag","embeddable":true,"href":"https:\/\/www.fondazioneunipolis.org\/site\/wp-json\/wp\/v2\/tags?post=2284"}],"curies":[{"name":"wp","href":"https:\/\/api.w.org\/{rel}","templated":true}]}}