{"id":2283,"date":"2024-08-26T00:00:00","date_gmt":"2024-08-25T22:00:00","guid":{"rendered":"https:\/\/www.fondazioneunipolis.org\/site\/la-parola-ai-partecipanti-il-camp-estivo-di-bella-storia-raccontato-da-chiara-caroleo-e-vincenzo-dominiaci\/"},"modified":"2025-12-29T12:23:42","modified_gmt":"2025-12-29T11:23:42","slug":"la-parola-ai-partecipanti-il-camp-estivo-di-bella-storia-raccontato-da-chiara-caroleo-e-vincenzo-dominiaci","status":"publish","type":"post","link":"https:\/\/www.fondazioneunipolis.org\/site\/news\/la-parola-ai-partecipanti-il-camp-estivo-di-bella-storia-raccontato-da-chiara-caroleo-e-vincenzo-dominiaci\/","title":{"rendered":"La parola ai partecipanti. Il camp estivo di Bella storia raccontato da Chiara Caroleo e Vincenzo Dominiaci"},"content":{"rendered":"<div id=\"ctl00_PlaceHolderMain_ctl03__ControlWrapper_RichHtmlField\" class=\"ms-rtestate-field\" style=\"display: inline;\" aria-labelledby=\"ctl00_PlaceHolderMain_ctl03_label\">\n<p><em>L&#8217;articolo che segue \u00e8 stato scritto da Chiara Caroleo e Vincenzo Dominiaci, partecipanti calabresi del progetto Bella storia. La tua, per raccontare con le loro parole il Camp estivo 2024, parte della Palestra di competenze offerta dal progetto di Unipolis dedicato a studenti motivati a percorrere un percorso di crescita personale lungo tre anni. Per saperne di pi\u00f9 sulle attivit\u00e0 svolte \u00e8 disponibile un <\/em><a style=\"background-color: #f8f8f8;\" href=\"https:\/\/www.secondowelfare.it\/terzo-settore\/fondazioni\/giovani-changemakers-crescono-concluso-il-secondo-anno-di-bella-storia\/\"><em>approfondimento su Secondowelfare.it<\/em><\/a><\/p>\n<p><strong><em>\u00a0<\/em><\/strong><\/p>\n<p>Il secondo anno di attivit\u00e0 di \u201cBella Storia, La Tua!&#8221; si \u00e8 concluso in modo straordinario con l&#8217;<strong>attesissimo camp estivo<\/strong>, ospitato nella splendida cornice del Park Hotel Granaro a Sorbo San Basile, in provincia di Catanzaro. Tra lunghe serate trascorse a chiacchierare e a giocare a carte in camera, e tra le mille attivit\u00e0 legate al <em>changemaking<\/em>, si \u00e8 instaurato un <strong>legame speciale tra i ragazzi di Campania e Calabria<\/strong>, e le opportunit\u00e0 di crescita collettiva non si sono fatte mancare.<\/p>\n<h3>Un commento da parte di noi giovani sul progetto<\/h3>\n<p>Partecipare al progetto \u201cBella storia, La tua!&#8221; sostenuto dalla Fondazione Unipolis \u00e8 un viaggio incredibile, pieno di ispirazione e crescita. L&#8217;ultimo incontro, tenutosi dal 20 al 23 giugno 2024 presso l&#8217;Hotel Granaro nella splendida Sila Piccola in Calabria, \u00e8 stato particolarmente significativo per tutti noi.<\/p>\n<p>In un luogo incantevole, immerso nella natura, tutti noi abbiamo avuto la possibilit\u00e0 di rincontrare persone meravigliose che non vedevamo da tempo. La bellezza del paesaggio ha fatto da sfondo perfetto a un&#8217;esperienza umana altrettanto straordinaria. Con grande grinta e entusiasmo, <strong>abbiamo affrontato insieme una serie di attivit\u00e0 che ci hanno permesso di crescere sia individualmente che come gruppo<\/strong>.<\/p>\n<p>Uno degli aspetti pi\u00f9 belli di questo progetto \u00e8 imparare cosa significhi davvero lavorare in squadra. Ognuno di noi ha contribuito con le proprie idee e competenze. Ci siamo aiutati a vicenda nella costruzione di un progetto originale, frutto della nostra creativit\u00e0 e consapevolezza. Le tematiche che abbiamo scelto di affrontare riflettono le nostre preoccupazioni e aspirazioni come giovani: l&#8217;ambiente, il benessere e le opportunit\u00e0 di lavoro.<\/p>\n<p>Durante questi giorni intensi, abbiamo avuto anche la straordinaria <strong>opportunit\u00e0 di incontrare due changemaker<\/strong> fondatori di <strong>Apply APS<\/strong>, un&#8217;associazione con sede ad Ascoli Piceno che si dedica all&#8217;attivazione e al coinvolgimento dei giovani. I due giovani changemaker sono <strong>Alessio Poli e Sergio Storoni<\/strong>, con i quali abbiamo potuto conversare e trarre una miriade di spunti di crescita. L&#8217;incontro con loro \u00e8 stato estremamente stimolante e ci ha fornito nuove prospettive e strumenti per realizzare i nostri progetti.<\/p>\n<p>Il progetto \u201cBella storia, la tua!&#8221; non \u00e8 solo un&#8217;occasione per raccontare le nostre storie, ma rappresenta un vero e proprio percorso di empowerment. La Fondazione Unipolis ci ha offerto uno spazio dove possiamo esprimerci liberamente e lavorare insieme per costruire un futuro migliore. <strong>Questa esperienza ci ha insegnato molto sull&#8217;importanza della collaborazione e del supporto reciproco<\/strong>. Ha dato a tutti noi la possibilit\u00e0 di crescere, di credere nelle nostre capacit\u00e0 e di scoprire la forza delle nostre opinioni e delle nostre voci. <strong>Ogni incontro, ogni attivit\u00e0 e ogni conversazione sono stati tasselli di un mosaico che sta arricchendo profondamente la nostra vita di nobili valori e momenti unici <\/strong>da tenere vicini al cuore.<\/p>\n<p><strong><em>Le nostre testimonianze <\/em><\/strong><\/p>\n<p><em>\u201cSono grata alla Fondazione Unipolis per questa opportunit\u00e0 unica e sono entusiasta di continuare questo viaggio, portando avanti i valori e le competenze che ho acquisito. \u201cBella storia, la tua!&#8221; \u00e8 davvero un progetto che lascia il segno e che ci spinge a diventare protagonisti del nostro futuro, un futuro fatto di storie belle e significative.&#8221;<\/em><\/p>\n<p><em>\u201cQuella del camp estivo \u00e8 stata per me un&#8217;esperienza molto importante. Con Ashoka Italia abbiamo trattato temi profondi ed importanti, e abbiamo avuto l&#8217;opportunit\u00e0 di conoscerci meglio e crescere insieme come una grande famiglia. In generale questa \u00e8 stata, per me, forse pi\u00f9 una vera e propria emozione, plasmata e perfezionata dai diversi obiettivi del secondo anno. Anche se durante l&#8217;anno precedente sono sorti legami significativi, con questo camp quelli preesistenti si sono decisamente rafforzati e \u2013 al contempo \u2013 se ne sono instaurati altri importantissimi. Le esperienze con i changemaker sono state tutte utili e interessanti e hanno di molto arricchito il mio bagaglio culturale.&#8221;<\/em><\/p>\n<h3><\/h3>\n<h3>Uno sguardo verso il futuro<\/h3>\n<p>Con il tramonto sulla Sila Piccola e la chiusura del camp estivo al Park Hotel Granaro, si \u00e8 concluso un anno indimenticabile di \u201cBella Storia, La Tua!&#8221;. In questo angolo incantato di Calabria, i giovani di Campania e Calabria hanno creato legami duraturi e progetti ispiratori, guidati dalla bellezza del luogo e dalla forza dell&#8217;unione. Gli incontri con i changemaker hanno arricchito il loro cammino, fornendo nuove prospettive e strumenti preziosi. Con cuori pieni e menti aperte, i partecipanti si preparano a scrivere i prossimi capitoli della loro storia, ispirati dalle esperienze condivise e dai valori appresi.<\/p>\n<p>E cos\u00ec, con gratitudine e speranza, il viaggio continua verso un futuro luminoso e ricco di nuove esperienze.<\/p>\n<div class=\"ms-rtestate-read ms-rte-embedcode ms-rtestate-notify ms-rte-embedil\"><iframe loading=\"lazy\" title=\"YouTube video player\" src=\"https:\/\/www.youtube-nocookie.com\/embed\/myoQi2-iSE0?si=ypbSTBWveVqS7H15\" width=\"560\" height=\"315\" frameborder=\"0\" allowfullscreen=\"allowfullscreen\"><\/iframe><\/div>\n<p>Redatto da Vincenzo Dominiaci e Chiara Caroleo.\u200b<\/p>\n<p>\u200b<\/p>\n<\/div>\n","protected":false},"excerpt":{"rendered":"<p>L&#8217;articolo che segue \u00e8 stato scritto da Chiara Caroleo e Vincenzo Dominiaci, partecipanti calabresi del progetto Bella storia. La tua, per raccontare con le loro parole il Camp estivo 2024, parte della Palestra di competenze offerta dal progetto di Unipolis dedicato a studenti motivati a percorrere un percorso di crescita personale lungo tre anni. Per [&hellip;]<\/p>\n","protected":false},"author":1,"featured_media":4846,"comment_status":"open","ping_status":"open","sticky":false,"template":"","format":"standard","meta":{"_acf_changed":false,"footnotes":""},"categories":[6],"tags":[640],"class_list":["post-2283","post","type-post","status-publish","format-standard","has-post-thumbnail","hentry","category-disuguaglianze","tag-bellastoria"],"acf":[],"yoast_head":"<!-- This site is optimized with the Yoast SEO plugin v26.1.1 - https:\/\/yoast.com\/wordpress\/plugins\/seo\/ -->\n<title>La parola ai partecipanti. Il camp estivo di Bella storia raccontato da Chiara Caroleo e Vincenzo Dominiaci - Unipolis<\/title>\n<meta name=\"description\" content=\"La parola ai partecipanti. Il camp estivo di Bella storia raccontato da Chiara Caroleo e Vincenzo Dominiaci\" \/>\n<meta name=\"robots\" content=\"index, follow, max-snippet:-1, max-image-preview:large, max-video-preview:-1\" \/>\n<link rel=\"canonical\" href=\"https:\/\/www.fondazioneunipolis.org\/site\/la-parola-ai-partecipanti-il-camp-estivo-di-bella-storia-raccontato-da-chiara-caroleo-e-vincenzo-dominiaci\/\" \/>\n<meta property=\"og:locale\" content=\"it_IT\" \/>\n<meta property=\"og:type\" content=\"article\" \/>\n<meta property=\"og:title\" content=\"La parola ai partecipanti. Il camp estivo di Bella storia raccontato da Chiara Caroleo e Vincenzo Dominiaci - Unipolis\" \/>\n<meta property=\"og:description\" content=\"La parola ai partecipanti. Il camp estivo di Bella storia raccontato da Chiara Caroleo e Vincenzo Dominiaci\" \/>\n<meta property=\"og:url\" content=\"https:\/\/dx-factory-unipolis-corporate-wp.ha.servizi.gr-u.it\/site\/la-parola-ai-partecipanti-il-camp-estivo-di-bella-storia-raccontato-da-chiara-caroleo-e-vincenzo-dominiaci\/\" \/>\n<meta property=\"og:site_name\" content=\"Unipolis\" \/>\n<meta property=\"article:published_time\" content=\"2024-08-25T22:00:00+00:00\" \/>\n<meta property=\"article:modified_time\" content=\"2025-12-29T11:23:42+00:00\" \/>\n<meta property=\"og:image\" content=\"https:\/\/dx-factory-unipolis-corporate-wp.ha.servizi.gr-u.it\/site\/wp-content\/uploads\/import\/PublishingImages\/news\/Bella%20storia_Sito_img%20news.png\" \/>\n\t<meta property=\"og:image:width\" content=\"1\" \/>\n\t<meta property=\"og:image:height\" content=\"1\" \/>\n\t<meta property=\"og:image:type\" content=\"image\/png\" \/>\n<meta name=\"author\" content=\"wsadmin\" \/>\n<meta name=\"twitter:card\" content=\"summary_large_image\" \/>\n<meta name=\"twitter:label1\" content=\"Written by\" \/>\n\t<meta name=\"twitter:data1\" content=\"wsadmin\" \/>\n\t<meta name=\"twitter:label2\" content=\"Est. reading time\" \/>\n\t<meta name=\"twitter:data2\" content=\"5 minutes\" \/>\n<script type=\"application\/ld+json\" class=\"yoast-schema-graph\">{\"@context\":\"https:\/\/schema.org\",\"@graph\":[{\"@type\":\"Article\",\"@id\":\"https:\/\/dx-factory-unipolis-corporate-wp.ha.servizi.gr-u.it\/site\/la-parola-ai-partecipanti-il-camp-estivo-di-bella-storia-raccontato-da-chiara-caroleo-e-vincenzo-dominiaci\/#article\",\"isPartOf\":{\"@id\":\"https:\/\/dx-factory-unipolis-corporate-wp.ha.servizi.gr-u.it\/site\/la-parola-ai-partecipanti-il-camp-estivo-di-bella-storia-raccontato-da-chiara-caroleo-e-vincenzo-dominiaci\/\"},\"author\":{\"name\":\"wsadmin\",\"@id\":\"https:\/\/www.fondazioneunipolis.org\/site\/#\/schema\/person\/43819ef7aaa5af51f1ed547eacb5e868\"},\"headline\":\"La parola ai partecipanti. Il camp estivo di Bella storia raccontato da Chiara Caroleo e Vincenzo Dominiaci\",\"datePublished\":\"2024-08-25T22:00:00+00:00\",\"dateModified\":\"2025-12-29T11:23:42+00:00\",\"mainEntityOfPage\":{\"@id\":\"https:\/\/dx-factory-unipolis-corporate-wp.ha.servizi.gr-u.it\/site\/la-parola-ai-partecipanti-il-camp-estivo-di-bella-storia-raccontato-da-chiara-caroleo-e-vincenzo-dominiaci\/\"},\"wordCount\":825,\"commentCount\":0,\"publisher\":{\"@id\":\"https:\/\/www.fondazioneunipolis.org\/site\/#organization\"},\"image\":{\"@id\":\"https:\/\/dx-factory-unipolis-corporate-wp.ha.servizi.gr-u.it\/site\/la-parola-ai-partecipanti-il-camp-estivo-di-bella-storia-raccontato-da-chiara-caroleo-e-vincenzo-dominiaci\/#primaryimage\"},\"thumbnailUrl\":\"https:\/\/www.fondazioneunipolis.org\/site\/wp-content\/uploads\/import\/PublishingImages\/news\/Bella storia_Sito_img news.png\",\"keywords\":[\"bellastoria\"],\"articleSection\":[\"Disuguaglianze\"],\"inLanguage\":\"it-IT\",\"potentialAction\":[{\"@type\":\"CommentAction\",\"name\":\"Comment\",\"target\":[\"https:\/\/dx-factory-unipolis-corporate-wp.ha.servizi.gr-u.it\/site\/la-parola-ai-partecipanti-il-camp-estivo-di-bella-storia-raccontato-da-chiara-caroleo-e-vincenzo-dominiaci\/#respond\"]}]},{\"@type\":\"WebPage\",\"@id\":\"https:\/\/dx-factory-unipolis-corporate-wp.ha.servizi.gr-u.it\/site\/la-parola-ai-partecipanti-il-camp-estivo-di-bella-storia-raccontato-da-chiara-caroleo-e-vincenzo-dominiaci\/\",\"url\":\"https:\/\/dx-factory-unipolis-corporate-wp.ha.servizi.gr-u.it\/site\/la-parola-ai-partecipanti-il-camp-estivo-di-bella-storia-raccontato-da-chiara-caroleo-e-vincenzo-dominiaci\/\",\"name\":\"La parola ai partecipanti. Il camp estivo di Bella storia raccontato da Chiara Caroleo e Vincenzo Dominiaci - Unipolis\",\"isPartOf\":{\"@id\":\"https:\/\/www.fondazioneunipolis.org\/site\/#website\"},\"primaryImageOfPage\":{\"@id\":\"https:\/\/dx-factory-unipolis-corporate-wp.ha.servizi.gr-u.it\/site\/la-parola-ai-partecipanti-il-camp-estivo-di-bella-storia-raccontato-da-chiara-caroleo-e-vincenzo-dominiaci\/#primaryimage\"},\"image\":{\"@id\":\"https:\/\/dx-factory-unipolis-corporate-wp.ha.servizi.gr-u.it\/site\/la-parola-ai-partecipanti-il-camp-estivo-di-bella-storia-raccontato-da-chiara-caroleo-e-vincenzo-dominiaci\/#primaryimage\"},\"thumbnailUrl\":\"https:\/\/www.fondazioneunipolis.org\/site\/wp-content\/uploads\/import\/PublishingImages\/news\/Bella storia_Sito_img news.png\",\"datePublished\":\"2024-08-25T22:00:00+00:00\",\"dateModified\":\"2025-12-29T11:23:42+00:00\",\"description\":\"La parola ai partecipanti. Il camp estivo di Bella storia raccontato da Chiara Caroleo e Vincenzo Dominiaci\",\"breadcrumb\":{\"@id\":\"https:\/\/dx-factory-unipolis-corporate-wp.ha.servizi.gr-u.it\/site\/la-parola-ai-partecipanti-il-camp-estivo-di-bella-storia-raccontato-da-chiara-caroleo-e-vincenzo-dominiaci\/#breadcrumb\"},\"inLanguage\":\"it-IT\",\"potentialAction\":[{\"@type\":\"ReadAction\",\"target\":[\"https:\/\/dx-factory-unipolis-corporate-wp.ha.servizi.gr-u.it\/site\/la-parola-ai-partecipanti-il-camp-estivo-di-bella-storia-raccontato-da-chiara-caroleo-e-vincenzo-dominiaci\/\"]}]},{\"@type\":\"ImageObject\",\"inLanguage\":\"it-IT\",\"@id\":\"https:\/\/dx-factory-unipolis-corporate-wp.ha.servizi.gr-u.it\/site\/la-parola-ai-partecipanti-il-camp-estivo-di-bella-storia-raccontato-da-chiara-caroleo-e-vincenzo-dominiaci\/#primaryimage\",\"url\":\"https:\/\/www.fondazioneunipolis.org\/site\/wp-content\/uploads\/import\/PublishingImages\/news\/Bella storia_Sito_img news.png\",\"contentUrl\":\"https:\/\/www.fondazioneunipolis.org\/site\/wp-content\/uploads\/import\/PublishingImages\/news\/Bella storia_Sito_img news.png\"},{\"@type\":\"BreadcrumbList\",\"@id\":\"https:\/\/dx-factory-unipolis-corporate-wp.ha.servizi.gr-u.it\/site\/la-parola-ai-partecipanti-il-camp-estivo-di-bella-storia-raccontato-da-chiara-caroleo-e-vincenzo-dominiaci\/#breadcrumb\",\"itemListElement\":[{\"@type\":\"ListItem\",\"position\":1,\"name\":\"Home\",\"item\":\"https:\/\/www.fondazioneunipolis.org\/site\/\"},{\"@type\":\"ListItem\",\"position\":2,\"name\":\"La parola ai partecipanti. Il camp estivo di Bella storia raccontato da Chiara Caroleo e Vincenzo Dominiaci\"}]},{\"@type\":\"WebSite\",\"@id\":\"https:\/\/www.fondazioneunipolis.org\/site\/#website\",\"url\":\"https:\/\/www.fondazioneunipolis.org\/site\/\",\"name\":\"Unipolis\",\"description\":\"\",\"publisher\":{\"@id\":\"https:\/\/www.fondazioneunipolis.org\/site\/#organization\"},\"potentialAction\":[{\"@type\":\"SearchAction\",\"target\":{\"@type\":\"EntryPoint\",\"urlTemplate\":\"https:\/\/www.fondazioneunipolis.org\/site\/?s={search_term_string}\"},\"query-input\":{\"@type\":\"PropertyValueSpecification\",\"valueRequired\":true,\"valueName\":\"search_term_string\"}}],\"inLanguage\":\"it-IT\"},{\"@type\":\"Organization\",\"@id\":\"https:\/\/www.fondazioneunipolis.org\/site\/#organization\",\"name\":\"Unipolis\",\"url\":\"https:\/\/www.fondazioneunipolis.org\/site\/\",\"logo\":{\"@type\":\"ImageObject\",\"inLanguage\":\"it-IT\",\"@id\":\"https:\/\/www.fondazioneunipolis.org\/site\/#\/schema\/logo\/image\/\",\"url\":\"https:\/\/www.fondazioneunipolis.org\/site\/wp-content\/uploads\/2025\/07\/logo-fondazione-unipolis-1.svg\",\"contentUrl\":\"https:\/\/www.fondazioneunipolis.org\/site\/wp-content\/uploads\/2025\/07\/logo-fondazione-unipolis-1.svg\",\"caption\":\"Unipolis\"},\"image\":{\"@id\":\"https:\/\/www.fondazioneunipolis.org\/site\/#\/schema\/logo\/image\/\"}},{\"@type\":\"Person\",\"@id\":\"https:\/\/www.fondazioneunipolis.org\/site\/#\/schema\/person\/43819ef7aaa5af51f1ed547eacb5e868\",\"name\":\"wsadmin\",\"image\":{\"@type\":\"ImageObject\",\"inLanguage\":\"it-IT\",\"@id\":\"https:\/\/www.fondazioneunipolis.org\/site\/#\/schema\/person\/image\/\",\"url\":\"https:\/\/secure.gravatar.com\/avatar\/6512509e9ae62b647044a2731fadcbf236f2546df7b086feb6df7aabf2ef03aa?s=96&d=mm&r=g\",\"contentUrl\":\"https:\/\/secure.gravatar.com\/avatar\/6512509e9ae62b647044a2731fadcbf236f2546df7b086feb6df7aabf2ef03aa?s=96&d=mm&r=g\",\"caption\":\"wsadmin\"},\"sameAs\":[\"https:\/\/www.fondazioneunipolis.org\/site\"],\"url\":\"https:\/\/www.fondazioneunipolis.org\/site\/author\/wsadmin\/\"}]}<\/script>\n<!-- \/ Yoast SEO plugin. -->","yoast_head_json":{"title":"La parola ai partecipanti. Il camp estivo di Bella storia raccontato da Chiara Caroleo e Vincenzo Dominiaci - Unipolis","description":"La parola ai partecipanti. Il camp estivo di Bella storia raccontato da Chiara Caroleo e Vincenzo Dominiaci","robots":{"index":"index","follow":"follow","max-snippet":"max-snippet:-1","max-image-preview":"max-image-preview:large","max-video-preview":"max-video-preview:-1"},"canonical":"https:\/\/www.fondazioneunipolis.org\/site\/la-parola-ai-partecipanti-il-camp-estivo-di-bella-storia-raccontato-da-chiara-caroleo-e-vincenzo-dominiaci\/","og_locale":"it_IT","og_type":"article","og_title":"La parola ai partecipanti. Il camp estivo di Bella storia raccontato da Chiara Caroleo e Vincenzo Dominiaci - Unipolis","og_description":"La parola ai partecipanti. Il camp estivo di Bella storia raccontato da Chiara Caroleo e Vincenzo Dominiaci","og_url":"https:\/\/dx-factory-unipolis-corporate-wp.ha.servizi.gr-u.it\/site\/la-parola-ai-partecipanti-il-camp-estivo-di-bella-storia-raccontato-da-chiara-caroleo-e-vincenzo-dominiaci\/","og_site_name":"Unipolis","article_published_time":"2024-08-25T22:00:00+00:00","article_modified_time":"2025-12-29T11:23:42+00:00","og_image":[{"url":"https:\/\/dx-factory-unipolis-corporate-wp.ha.servizi.gr-u.it\/site\/wp-content\/uploads\/import\/PublishingImages\/news\/Bella storia_Sito_img news.png","width":1,"height":1,"type":"image\/png"}],"author":"wsadmin","twitter_card":"summary_large_image","twitter_misc":{"Written by":"wsadmin","Est. reading time":"5 minutes"},"schema":{"@context":"https:\/\/schema.org","@graph":[{"@type":"Article","@id":"https:\/\/dx-factory-unipolis-corporate-wp.ha.servizi.gr-u.it\/site\/la-parola-ai-partecipanti-il-camp-estivo-di-bella-storia-raccontato-da-chiara-caroleo-e-vincenzo-dominiaci\/#article","isPartOf":{"@id":"https:\/\/dx-factory-unipolis-corporate-wp.ha.servizi.gr-u.it\/site\/la-parola-ai-partecipanti-il-camp-estivo-di-bella-storia-raccontato-da-chiara-caroleo-e-vincenzo-dominiaci\/"},"author":{"name":"wsadmin","@id":"https:\/\/www.fondazioneunipolis.org\/site\/#\/schema\/person\/43819ef7aaa5af51f1ed547eacb5e868"},"headline":"La parola ai partecipanti. Il camp estivo di Bella storia raccontato da Chiara Caroleo e Vincenzo Dominiaci","datePublished":"2024-08-25T22:00:00+00:00","dateModified":"2025-12-29T11:23:42+00:00","mainEntityOfPage":{"@id":"https:\/\/dx-factory-unipolis-corporate-wp.ha.servizi.gr-u.it\/site\/la-parola-ai-partecipanti-il-camp-estivo-di-bella-storia-raccontato-da-chiara-caroleo-e-vincenzo-dominiaci\/"},"wordCount":825,"commentCount":0,"publisher":{"@id":"https:\/\/www.fondazioneunipolis.org\/site\/#organization"},"image":{"@id":"https:\/\/dx-factory-unipolis-corporate-wp.ha.servizi.gr-u.it\/site\/la-parola-ai-partecipanti-il-camp-estivo-di-bella-storia-raccontato-da-chiara-caroleo-e-vincenzo-dominiaci\/#primaryimage"},"thumbnailUrl":"https:\/\/www.fondazioneunipolis.org\/site\/wp-content\/uploads\/import\/PublishingImages\/news\/Bella storia_Sito_img news.png","keywords":["bellastoria"],"articleSection":["Disuguaglianze"],"inLanguage":"it-IT","potentialAction":[{"@type":"CommentAction","name":"Comment","target":["https:\/\/dx-factory-unipolis-corporate-wp.ha.servizi.gr-u.it\/site\/la-parola-ai-partecipanti-il-camp-estivo-di-bella-storia-raccontato-da-chiara-caroleo-e-vincenzo-dominiaci\/#respond"]}]},{"@type":"WebPage","@id":"https:\/\/dx-factory-unipolis-corporate-wp.ha.servizi.gr-u.it\/site\/la-parola-ai-partecipanti-il-camp-estivo-di-bella-storia-raccontato-da-chiara-caroleo-e-vincenzo-dominiaci\/","url":"https:\/\/dx-factory-unipolis-corporate-wp.ha.servizi.gr-u.it\/site\/la-parola-ai-partecipanti-il-camp-estivo-di-bella-storia-raccontato-da-chiara-caroleo-e-vincenzo-dominiaci\/","name":"La parola ai partecipanti. Il camp estivo di Bella storia raccontato da Chiara Caroleo e Vincenzo Dominiaci - Unipolis","isPartOf":{"@id":"https:\/\/www.fondazioneunipolis.org\/site\/#website"},"primaryImageOfPage":{"@id":"https:\/\/dx-factory-unipolis-corporate-wp.ha.servizi.gr-u.it\/site\/la-parola-ai-partecipanti-il-camp-estivo-di-bella-storia-raccontato-da-chiara-caroleo-e-vincenzo-dominiaci\/#primaryimage"},"image":{"@id":"https:\/\/dx-factory-unipolis-corporate-wp.ha.servizi.gr-u.it\/site\/la-parola-ai-partecipanti-il-camp-estivo-di-bella-storia-raccontato-da-chiara-caroleo-e-vincenzo-dominiaci\/#primaryimage"},"thumbnailUrl":"https:\/\/www.fondazioneunipolis.org\/site\/wp-content\/uploads\/import\/PublishingImages\/news\/Bella storia_Sito_img news.png","datePublished":"2024-08-25T22:00:00+00:00","dateModified":"2025-12-29T11:23:42+00:00","description":"La parola ai partecipanti. Il camp estivo di Bella storia raccontato da Chiara Caroleo e Vincenzo Dominiaci","breadcrumb":{"@id":"https:\/\/dx-factory-unipolis-corporate-wp.ha.servizi.gr-u.it\/site\/la-parola-ai-partecipanti-il-camp-estivo-di-bella-storia-raccontato-da-chiara-caroleo-e-vincenzo-dominiaci\/#breadcrumb"},"inLanguage":"it-IT","potentialAction":[{"@type":"ReadAction","target":["https:\/\/dx-factory-unipolis-corporate-wp.ha.servizi.gr-u.it\/site\/la-parola-ai-partecipanti-il-camp-estivo-di-bella-storia-raccontato-da-chiara-caroleo-e-vincenzo-dominiaci\/"]}]},{"@type":"ImageObject","inLanguage":"it-IT","@id":"https:\/\/dx-factory-unipolis-corporate-wp.ha.servizi.gr-u.it\/site\/la-parola-ai-partecipanti-il-camp-estivo-di-bella-storia-raccontato-da-chiara-caroleo-e-vincenzo-dominiaci\/#primaryimage","url":"https:\/\/www.fondazioneunipolis.org\/site\/wp-content\/uploads\/import\/PublishingImages\/news\/Bella storia_Sito_img news.png","contentUrl":"https:\/\/www.fondazioneunipolis.org\/site\/wp-content\/uploads\/import\/PublishingImages\/news\/Bella storia_Sito_img news.png"},{"@type":"BreadcrumbList","@id":"https:\/\/dx-factory-unipolis-corporate-wp.ha.servizi.gr-u.it\/site\/la-parola-ai-partecipanti-il-camp-estivo-di-bella-storia-raccontato-da-chiara-caroleo-e-vincenzo-dominiaci\/#breadcrumb","itemListElement":[{"@type":"ListItem","position":1,"name":"Home","item":"https:\/\/www.fondazioneunipolis.org\/site\/"},{"@type":"ListItem","position":2,"name":"La parola ai partecipanti. Il camp estivo di Bella storia raccontato da Chiara Caroleo e Vincenzo Dominiaci"}]},{"@type":"WebSite","@id":"https:\/\/www.fondazioneunipolis.org\/site\/#website","url":"https:\/\/www.fondazioneunipolis.org\/site\/","name":"Unipolis","description":"","publisher":{"@id":"https:\/\/www.fondazioneunipolis.org\/site\/#organization"},"potentialAction":[{"@type":"SearchAction","target":{"@type":"EntryPoint","urlTemplate":"https:\/\/www.fondazioneunipolis.org\/site\/?s={search_term_string}"},"query-input":{"@type":"PropertyValueSpecification","valueRequired":true,"valueName":"search_term_string"}}],"inLanguage":"it-IT"},{"@type":"Organization","@id":"https:\/\/www.fondazioneunipolis.org\/site\/#organization","name":"Unipolis","url":"https:\/\/www.fondazioneunipolis.org\/site\/","logo":{"@type":"ImageObject","inLanguage":"it-IT","@id":"https:\/\/www.fondazioneunipolis.org\/site\/#\/schema\/logo\/image\/","url":"https:\/\/www.fondazioneunipolis.org\/site\/wp-content\/uploads\/2025\/07\/logo-fondazione-unipolis-1.svg","contentUrl":"https:\/\/www.fondazioneunipolis.org\/site\/wp-content\/uploads\/2025\/07\/logo-fondazione-unipolis-1.svg","caption":"Unipolis"},"image":{"@id":"https:\/\/www.fondazioneunipolis.org\/site\/#\/schema\/logo\/image\/"}},{"@type":"Person","@id":"https:\/\/www.fondazioneunipolis.org\/site\/#\/schema\/person\/43819ef7aaa5af51f1ed547eacb5e868","name":"wsadmin","image":{"@type":"ImageObject","inLanguage":"it-IT","@id":"https:\/\/www.fondazioneunipolis.org\/site\/#\/schema\/person\/image\/","url":"https:\/\/secure.gravatar.com\/avatar\/6512509e9ae62b647044a2731fadcbf236f2546df7b086feb6df7aabf2ef03aa?s=96&d=mm&r=g","contentUrl":"https:\/\/secure.gravatar.com\/avatar\/6512509e9ae62b647044a2731fadcbf236f2546df7b086feb6df7aabf2ef03aa?s=96&d=mm&r=g","caption":"wsadmin"},"sameAs":["https:\/\/www.fondazioneunipolis.org\/site"],"url":"https:\/\/www.fondazioneunipolis.org\/site\/author\/wsadmin\/"}]}},"_links":{"self":[{"href":"https:\/\/www.fondazioneunipolis.org\/site\/wp-json\/wp\/v2\/posts\/2283","targetHints":{"allow":["GET"]}}],"collection":[{"href":"https:\/\/www.fondazioneunipolis.org\/site\/wp-json\/wp\/v2\/posts"}],"about":[{"href":"https:\/\/www.fondazioneunipolis.org\/site\/wp-json\/wp\/v2\/types\/post"}],"author":[{"embeddable":true,"href":"https:\/\/www.fondazioneunipolis.org\/site\/wp-json\/wp\/v2\/users\/1"}],"replies":[{"embeddable":true,"href":"https:\/\/www.fondazioneunipolis.org\/site\/wp-json\/wp\/v2\/comments?post=2283"}],"version-history":[{"count":8,"href":"https:\/\/www.fondazioneunipolis.org\/site\/wp-json\/wp\/v2\/posts\/2283\/revisions"}],"predecessor-version":[{"id":11318,"href":"https:\/\/www.fondazioneunipolis.org\/site\/wp-json\/wp\/v2\/posts\/2283\/revisions\/11318"}],"wp:featuredmedia":[{"embeddable":true,"href":"https:\/\/www.fondazioneunipolis.org\/site\/wp-json\/wp\/v2\/media\/4846"}],"wp:attachment":[{"href":"https:\/\/www.fondazioneunipolis.org\/site\/wp-json\/wp\/v2\/media?parent=2283"}],"wp:term":[{"taxonomy":"category","embeddable":true,"href":"https:\/\/www.fondazioneunipolis.org\/site\/wp-json\/wp\/v2\/categories?post=2283"},{"taxonomy":"post_tag","embeddable":true,"href":"https:\/\/www.fondazioneunipolis.org\/site\/wp-json\/wp\/v2\/tags?post=2283"}],"curies":[{"name":"wp","href":"https:\/\/api.w.org\/{rel}","templated":true}]}}