{"id":2277,"date":"2024-05-28T00:00:00","date_gmt":"2024-05-27T22:00:00","guid":{"rendered":"https:\/\/www.fondazioneunipolis.org\/site\/i-risultati-del-festival-dello-sviluppo-sostenibile-2024\/"},"modified":"2025-12-30T10:39:44","modified_gmt":"2025-12-30T09:39:44","slug":"i-risultati-del-festival-dello-sviluppo-sostenibile-2024","status":"publish","type":"post","link":"https:\/\/www.fondazioneunipolis.org\/site\/news\/i-risultati-del-festival-dello-sviluppo-sostenibile-2024\/","title":{"rendered":"I risultati del Festival dello Sviluppo Sostenibile 2024"},"content":{"rendered":"<div id=\"ctl00_PlaceHolderMain_ctl03__ControlWrapper_RichHtmlField\" class=\"ms-rtestate-field\" style=\"display: inline;\" aria-labelledby=\"ctl00_PlaceHolderMain_ctl03_label\">\n<p><em>La manifestazione conferma l&#8217;impegno della societ\u00e0 italiana per conseguire uno sviluppo sostenibile: \u201cun patrimonio di partecipazione democratica da valorizzare&#8221;<\/em><\/p>\n<p>L&#8217;ottava edizione del Festival promosso dall&#8217;<a href=\"https:\/\/asvis.it\/\" target=\"_blank\" rel=\"noopener\"><strong>Alleanza Italiana per lo Sviluppo Sostenibile<\/strong><\/a> si \u00e8 conclusa il <strong>23 maggio 2024<\/strong> alla Camera dei Deputati con l&#8217;evento \u201c<a href=\"https:\/\/2024.festivalsvilupposostenibile.it\/roma\/683-1675\/evento-di-chiusura\" target=\"_blank\" rel=\"noopener\"><strong>Urgenze, aspettative e impegni per lo sviluppo sostenibile: verso il &#8216;Summit sul futuro delle Nazioni unite<\/strong><\/a>&#8220;, durante il quale l&#8217;ASviS ha presentato alle istituzioni italiane\u00a0<strong>raccomandazioni e proposte<\/strong> per prendere decisioni coerenti con l&#8217;Agenda 2030 sia a livello globale, in occasione del \u201cSummit del Futuro&#8221; di settembre delle Nazioni Unite e della prossima riunione del G7, sia a livello nazionale, dove il cammino verso lo sviluppo sostenibile procede a rilento.<\/p>\n<p><strong>Oltre 1.200 le iniziative organizzate<\/strong> su tutto il territorio nazionale e nelle sedi diplomatiche italiane in <strong>23 Paesi<\/strong>, con la partecipazione di <strong>migliaia di relatori e relatrici<\/strong>. <strong>30 gli eventi gestiti direttamente dall&#8217;ASviS e dai suoi partner<\/strong> nel corso di <strong>6 tappe principali<\/strong> (Ivrea, Torino, Bologna, Milano, Palermo e Roma): trasmessi in diretta streaming, hanno raggiunto <strong>5 milioni di persone<\/strong>, con <strong>10 milioni di impression<\/strong> e <strong>1,3 milioni di visualizzazioni<\/strong>. La campagna di sensibilizzazione sui social, all&#8217;insegna del messaggio <em>\u201cGuardiamo al futuro&#8221;<\/em>, ha avuto <strong>oltre 80 milioni di impression con gli hashtag ufficiali<\/strong>. Ai concerti realizzati nelle tappe della manifestazione hanno partecipato <strong>oltre 4mila persone<\/strong>.<\/p>\n<div class=\"ms-rtestate-read ms-rte-embedcode ms-rtestate-notify ms-rte-embedil\"><iframe loading=\"lazy\" title=\"YouTube video player\" src=\"https:\/\/www.youtube-nocookie.com\/embed\/DFcOFO2pZsI?si=EaPfuuIsYNCMwuRw\" width=\"560\" height=\"315\" frameborder=\"0\" allowfullscreen=\"allowfullscreen\"><\/iframe><\/div>\n<p><em>\u201cI risultati dell&#8217;ottavo Festival dello Sviluppo Sostenibile dimostrano che una parte consistente della societ\u00e0 italiana non solo condivide lo spirito dell&#8217;Agenda 2030 dell&#8217;Onu, ma si impegna quotidianamente per raggiugere i 17 Obiettivi dello sviluppo sostenibile e per guardare al futuro con la speranza di poterlo rendere migliore del presente<\/em> &#8211; afferma la Presidente dell&#8217;ASviS,<strong> Marcella Mallen<\/strong>. \u2013 <em>Le oltre mille iniziative promosse dalla societ\u00e0 civile in Italia e nel mondo, il coinvolgimento di istituzioni, imprese, associazioni, scuole e universit\u00e0, oltre alle centinaia di migliaia di persone di tutte le et\u00e0 che hanno seguito gli eventi online, confermano quanto la cultura della sostenibilit\u00e0 sia generativa di significati e capace di fornire risposte adeguate ai bisogni delle persone, in un contesto segnato dalla crisi e dall&#8217;incertezza&#8221;.<\/em><\/p>\n<p>Le riflessioni sulle politiche e le azioni necessarie per realizzare un futuro sostenibile sono state al centro degli eventi del Festival, partendo dal <strong>Rapporto di primavera dell&#8217;ASviS\u00a0<\/strong><a href=\"https:\/\/asvis.it\/public\/asvis2\/files\/Pubblicazioni\/Rapporto_di_Primavera\/Rapporto_ASviS_Primavera_2024_Scenari_Italia.pdf\" target=\"_blank\" rel=\"noopener\"><strong>&#8220;Scenari per l&#8217;Italia al 2030 e al 2050. Le scelte da compiere ora per uno sviluppo sostenibile&#8221;<\/strong><\/a>\u00a0presentato nella giornata di apertura. Grazie al coinvolgimento dei contributi degli oltre mille esperti che lavorano nei gruppi di lavoro dell&#8217;Alleanza e dei suggerimenti maturati durante gli eventi del Festival, l&#8217;ASviS ha elaborato numerose proposte, tra cui quelle riguardanti le politiche europee, sintetizzate nel <strong>Manifesto per un&#8217;Europa sostenibile<\/strong> <a href=\"https:\/\/asvis.it\/public\/asvis2\/files\/Pubblicazioni\/Manifesto_Proposte_ASviS.pdf\" target=\"_blank\" rel=\"noopener\"><strong>\u201cLe proposte dell&#8217;ASviS per la nuova legislatura europea 2024-2029&#8243;<\/strong><\/a> e articolate in sette tematiche su cui l&#8217;Unione europea pu\u00f2 contribuire in modo decisivo all&#8217;attuazione dell&#8217;Agenda 2030.<\/p>\n<p><em>\u201cCome mostrato dal recente Rapporto di primavera dell&#8217;ASviS, l&#8217;accelerazione della transizione energetica pu\u00f2 generare cambiamenti che beneficerebbero non solo la dimensione economica dello sviluppo sostenibile, ma anche quella sociale e ambientale, innescando un&#8217;innovazione sistemica che coinvolgerebbe a cascata i sistemi produttivi, il mondo della ricerca, l&#8217;occupazione, il welfare, il fisco, riducendo la povert\u00e0 e le disuguaglianze<\/em> &#8211; ha affermato il Presidente dell&#8217;ASviS, <strong>Pierluigi Stefanini<\/strong>. \u2013 <em>La societ\u00e0 civile italiana, attraverso la partecipazione al Festival, esprime con forza la richiesta di un cambiamento che la politica e le istituzioni, nazionali ed europee, devono stimolare al massimo adottando scelte in linea con l&#8217;Agenda 2030. In particolare, occorre disegnare e promuovere una politica industriale europea in grado di fronteggiare la competizione globale e ridurre le disuguaglianze, anche territoriali: a tal fine, va ampliata la capacit\u00e0 fiscale europea per finanziare investimenti comuni, compresi quelli sociali&#8221;.\u00a0<\/em><\/p>\n<p>\u200b<\/p>\n<\/div>\n","protected":false},"excerpt":{"rendered":"<p>La manifestazione conferma l&#8217;impegno della societ\u00e0 italiana per conseguire uno sviluppo sostenibile: \u201cun patrimonio di partecipazione democratica da valorizzare&#8221; L&#8217;ottava edizione del Festival promosso dall&#8217;Alleanza Italiana per lo Sviluppo Sostenibile si \u00e8 conclusa il 23 maggio 2024 alla Camera dei Deputati con l&#8217;evento \u201cUrgenze, aspettative e impegni per lo sviluppo sostenibile: verso il &#8216;Summit sul [&hellip;]<\/p>\n","protected":false},"author":1,"featured_media":3692,"comment_status":"open","ping_status":"open","sticky":false,"template":"","format":"standard","meta":{"_acf_changed":false,"footnotes":""},"categories":[20],"tags":[641],"class_list":["post-2277","post","type-post","status-publish","format-standard","has-post-thumbnail","hentry","category-unipolis","tag-fss"],"acf":[],"yoast_head":"<!-- This site is optimized with the Yoast SEO plugin v26.1.1 - https:\/\/yoast.com\/wordpress\/plugins\/seo\/ -->\n<title>I risultati del Festival dello Sviluppo Sostenibile 2024 - Unipolis<\/title>\n<meta name=\"description\" content=\"I risultati del Festival dello Sviluppo Sostenibile 2024\" \/>\n<meta name=\"robots\" content=\"index, follow, max-snippet:-1, max-image-preview:large, max-video-preview:-1\" \/>\n<link rel=\"canonical\" href=\"https:\/\/www.fondazioneunipolis.org\/site\/i-risultati-del-festival-dello-sviluppo-sostenibile-2024\/\" \/>\n<meta property=\"og:locale\" content=\"it_IT\" \/>\n<meta property=\"og:type\" content=\"article\" \/>\n<meta property=\"og:title\" content=\"I risultati del Festival dello Sviluppo Sostenibile 2024 - Unipolis\" \/>\n<meta property=\"og:description\" content=\"I risultati del Festival dello Sviluppo Sostenibile 2024\" \/>\n<meta property=\"og:url\" content=\"https:\/\/dx-factory-unipolis-corporate-wp.ha.servizi.gr-u.it\/site\/i-risultati-del-festival-dello-sviluppo-sostenibile-2024\/\" \/>\n<meta property=\"og:site_name\" content=\"Unipolis\" \/>\n<meta property=\"article:published_time\" content=\"2024-05-27T22:00:00+00:00\" \/>\n<meta property=\"article:modified_time\" content=\"2025-12-30T09:39:44+00:00\" \/>\n<meta property=\"og:image\" content=\"https:\/\/dx-factory-unipolis-corporate-wp.ha.servizi.gr-u.it\/site\/wp-content\/uploads\/import\/PublishingImages\/Notizie\/Festival%20ASviS%2024.png\" \/>\n\t<meta property=\"og:image:width\" content=\"1\" \/>\n\t<meta property=\"og:image:height\" content=\"1\" \/>\n\t<meta property=\"og:image:type\" content=\"image\/png\" \/>\n<meta name=\"author\" content=\"wsadmin\" \/>\n<meta name=\"twitter:card\" content=\"summary_large_image\" \/>\n<meta name=\"twitter:label1\" content=\"Written by\" \/>\n\t<meta name=\"twitter:data1\" content=\"wsadmin\" \/>\n\t<meta name=\"twitter:label2\" content=\"Est. reading time\" \/>\n\t<meta name=\"twitter:data2\" content=\"4 minutes\" \/>\n<script type=\"application\/ld+json\" class=\"yoast-schema-graph\">{\"@context\":\"https:\/\/schema.org\",\"@graph\":[{\"@type\":\"Article\",\"@id\":\"https:\/\/dx-factory-unipolis-corporate-wp.ha.servizi.gr-u.it\/site\/i-risultati-del-festival-dello-sviluppo-sostenibile-2024\/#article\",\"isPartOf\":{\"@id\":\"https:\/\/dx-factory-unipolis-corporate-wp.ha.servizi.gr-u.it\/site\/i-risultati-del-festival-dello-sviluppo-sostenibile-2024\/\"},\"author\":{\"name\":\"wsadmin\",\"@id\":\"https:\/\/www.fondazioneunipolis.org\/site\/#\/schema\/person\/43819ef7aaa5af51f1ed547eacb5e868\"},\"headline\":\"I risultati del Festival dello Sviluppo Sostenibile 2024\",\"datePublished\":\"2024-05-27T22:00:00+00:00\",\"dateModified\":\"2025-12-30T09:39:44+00:00\",\"mainEntityOfPage\":{\"@id\":\"https:\/\/dx-factory-unipolis-corporate-wp.ha.servizi.gr-u.it\/site\/i-risultati-del-festival-dello-sviluppo-sostenibile-2024\/\"},\"wordCount\":616,\"commentCount\":0,\"publisher\":{\"@id\":\"https:\/\/www.fondazioneunipolis.org\/site\/#organization\"},\"image\":{\"@id\":\"https:\/\/dx-factory-unipolis-corporate-wp.ha.servizi.gr-u.it\/site\/i-risultati-del-festival-dello-sviluppo-sostenibile-2024\/#primaryimage\"},\"thumbnailUrl\":\"https:\/\/www.fondazioneunipolis.org\/site\/wp-content\/uploads\/import\/PublishingImages\/Notizie\/Festival ASviS 24.png\",\"keywords\":[\"fss\"],\"articleSection\":[\"Unipolis\"],\"inLanguage\":\"it-IT\",\"potentialAction\":[{\"@type\":\"CommentAction\",\"name\":\"Comment\",\"target\":[\"https:\/\/dx-factory-unipolis-corporate-wp.ha.servizi.gr-u.it\/site\/i-risultati-del-festival-dello-sviluppo-sostenibile-2024\/#respond\"]}]},{\"@type\":\"WebPage\",\"@id\":\"https:\/\/dx-factory-unipolis-corporate-wp.ha.servizi.gr-u.it\/site\/i-risultati-del-festival-dello-sviluppo-sostenibile-2024\/\",\"url\":\"https:\/\/dx-factory-unipolis-corporate-wp.ha.servizi.gr-u.it\/site\/i-risultati-del-festival-dello-sviluppo-sostenibile-2024\/\",\"name\":\"I risultati del Festival dello Sviluppo Sostenibile 2024 - Unipolis\",\"isPartOf\":{\"@id\":\"https:\/\/www.fondazioneunipolis.org\/site\/#website\"},\"primaryImageOfPage\":{\"@id\":\"https:\/\/dx-factory-unipolis-corporate-wp.ha.servizi.gr-u.it\/site\/i-risultati-del-festival-dello-sviluppo-sostenibile-2024\/#primaryimage\"},\"image\":{\"@id\":\"https:\/\/dx-factory-unipolis-corporate-wp.ha.servizi.gr-u.it\/site\/i-risultati-del-festival-dello-sviluppo-sostenibile-2024\/#primaryimage\"},\"thumbnailUrl\":\"https:\/\/www.fondazioneunipolis.org\/site\/wp-content\/uploads\/import\/PublishingImages\/Notizie\/Festival ASviS 24.png\",\"datePublished\":\"2024-05-27T22:00:00+00:00\",\"dateModified\":\"2025-12-30T09:39:44+00:00\",\"description\":\"I risultati del Festival dello Sviluppo Sostenibile 2024\",\"breadcrumb\":{\"@id\":\"https:\/\/dx-factory-unipolis-corporate-wp.ha.servizi.gr-u.it\/site\/i-risultati-del-festival-dello-sviluppo-sostenibile-2024\/#breadcrumb\"},\"inLanguage\":\"it-IT\",\"potentialAction\":[{\"@type\":\"ReadAction\",\"target\":[\"https:\/\/dx-factory-unipolis-corporate-wp.ha.servizi.gr-u.it\/site\/i-risultati-del-festival-dello-sviluppo-sostenibile-2024\/\"]}]},{\"@type\":\"ImageObject\",\"inLanguage\":\"it-IT\",\"@id\":\"https:\/\/dx-factory-unipolis-corporate-wp.ha.servizi.gr-u.it\/site\/i-risultati-del-festival-dello-sviluppo-sostenibile-2024\/#primaryimage\",\"url\":\"https:\/\/www.fondazioneunipolis.org\/site\/wp-content\/uploads\/import\/PublishingImages\/Notizie\/Festival ASviS 24.png\",\"contentUrl\":\"https:\/\/www.fondazioneunipolis.org\/site\/wp-content\/uploads\/import\/PublishingImages\/Notizie\/Festival ASviS 24.png\"},{\"@type\":\"BreadcrumbList\",\"@id\":\"https:\/\/dx-factory-unipolis-corporate-wp.ha.servizi.gr-u.it\/site\/i-risultati-del-festival-dello-sviluppo-sostenibile-2024\/#breadcrumb\",\"itemListElement\":[{\"@type\":\"ListItem\",\"position\":1,\"name\":\"Home\",\"item\":\"https:\/\/www.fondazioneunipolis.org\/site\/\"},{\"@type\":\"ListItem\",\"position\":2,\"name\":\"I risultati del Festival dello Sviluppo Sostenibile 2024\"}]},{\"@type\":\"WebSite\",\"@id\":\"https:\/\/www.fondazioneunipolis.org\/site\/#website\",\"url\":\"https:\/\/www.fondazioneunipolis.org\/site\/\",\"name\":\"Unipolis\",\"description\":\"\",\"publisher\":{\"@id\":\"https:\/\/www.fondazioneunipolis.org\/site\/#organization\"},\"potentialAction\":[{\"@type\":\"SearchAction\",\"target\":{\"@type\":\"EntryPoint\",\"urlTemplate\":\"https:\/\/www.fondazioneunipolis.org\/site\/?s={search_term_string}\"},\"query-input\":{\"@type\":\"PropertyValueSpecification\",\"valueRequired\":true,\"valueName\":\"search_term_string\"}}],\"inLanguage\":\"it-IT\"},{\"@type\":\"Organization\",\"@id\":\"https:\/\/www.fondazioneunipolis.org\/site\/#organization\",\"name\":\"Unipolis\",\"url\":\"https:\/\/www.fondazioneunipolis.org\/site\/\",\"logo\":{\"@type\":\"ImageObject\",\"inLanguage\":\"it-IT\",\"@id\":\"https:\/\/www.fondazioneunipolis.org\/site\/#\/schema\/logo\/image\/\",\"url\":\"https:\/\/www.fondazioneunipolis.org\/site\/wp-content\/uploads\/2025\/07\/logo-fondazione-unipolis-1.svg\",\"contentUrl\":\"https:\/\/www.fondazioneunipolis.org\/site\/wp-content\/uploads\/2025\/07\/logo-fondazione-unipolis-1.svg\",\"caption\":\"Unipolis\"},\"image\":{\"@id\":\"https:\/\/www.fondazioneunipolis.org\/site\/#\/schema\/logo\/image\/\"}},{\"@type\":\"Person\",\"@id\":\"https:\/\/www.fondazioneunipolis.org\/site\/#\/schema\/person\/43819ef7aaa5af51f1ed547eacb5e868\",\"name\":\"wsadmin\",\"image\":{\"@type\":\"ImageObject\",\"inLanguage\":\"it-IT\",\"@id\":\"https:\/\/www.fondazioneunipolis.org\/site\/#\/schema\/person\/image\/\",\"url\":\"https:\/\/secure.gravatar.com\/avatar\/6512509e9ae62b647044a2731fadcbf236f2546df7b086feb6df7aabf2ef03aa?s=96&d=mm&r=g\",\"contentUrl\":\"https:\/\/secure.gravatar.com\/avatar\/6512509e9ae62b647044a2731fadcbf236f2546df7b086feb6df7aabf2ef03aa?s=96&d=mm&r=g\",\"caption\":\"wsadmin\"},\"sameAs\":[\"https:\/\/www.fondazioneunipolis.org\/site\"],\"url\":\"https:\/\/www.fondazioneunipolis.org\/site\/author\/wsadmin\/\"}]}<\/script>\n<!-- \/ Yoast SEO plugin. -->","yoast_head_json":{"title":"I risultati del Festival dello Sviluppo Sostenibile 2024 - Unipolis","description":"I risultati del Festival dello Sviluppo Sostenibile 2024","robots":{"index":"index","follow":"follow","max-snippet":"max-snippet:-1","max-image-preview":"max-image-preview:large","max-video-preview":"max-video-preview:-1"},"canonical":"https:\/\/www.fondazioneunipolis.org\/site\/i-risultati-del-festival-dello-sviluppo-sostenibile-2024\/","og_locale":"it_IT","og_type":"article","og_title":"I risultati del Festival dello Sviluppo Sostenibile 2024 - Unipolis","og_description":"I risultati del Festival dello Sviluppo Sostenibile 2024","og_url":"https:\/\/dx-factory-unipolis-corporate-wp.ha.servizi.gr-u.it\/site\/i-risultati-del-festival-dello-sviluppo-sostenibile-2024\/","og_site_name":"Unipolis","article_published_time":"2024-05-27T22:00:00+00:00","article_modified_time":"2025-12-30T09:39:44+00:00","og_image":[{"url":"https:\/\/dx-factory-unipolis-corporate-wp.ha.servizi.gr-u.it\/site\/wp-content\/uploads\/import\/PublishingImages\/Notizie\/Festival ASviS 24.png","width":1,"height":1,"type":"image\/png"}],"author":"wsadmin","twitter_card":"summary_large_image","twitter_misc":{"Written by":"wsadmin","Est. reading time":"4 minutes"},"schema":{"@context":"https:\/\/schema.org","@graph":[{"@type":"Article","@id":"https:\/\/dx-factory-unipolis-corporate-wp.ha.servizi.gr-u.it\/site\/i-risultati-del-festival-dello-sviluppo-sostenibile-2024\/#article","isPartOf":{"@id":"https:\/\/dx-factory-unipolis-corporate-wp.ha.servizi.gr-u.it\/site\/i-risultati-del-festival-dello-sviluppo-sostenibile-2024\/"},"author":{"name":"wsadmin","@id":"https:\/\/www.fondazioneunipolis.org\/site\/#\/schema\/person\/43819ef7aaa5af51f1ed547eacb5e868"},"headline":"I risultati del Festival dello Sviluppo Sostenibile 2024","datePublished":"2024-05-27T22:00:00+00:00","dateModified":"2025-12-30T09:39:44+00:00","mainEntityOfPage":{"@id":"https:\/\/dx-factory-unipolis-corporate-wp.ha.servizi.gr-u.it\/site\/i-risultati-del-festival-dello-sviluppo-sostenibile-2024\/"},"wordCount":616,"commentCount":0,"publisher":{"@id":"https:\/\/www.fondazioneunipolis.org\/site\/#organization"},"image":{"@id":"https:\/\/dx-factory-unipolis-corporate-wp.ha.servizi.gr-u.it\/site\/i-risultati-del-festival-dello-sviluppo-sostenibile-2024\/#primaryimage"},"thumbnailUrl":"https:\/\/www.fondazioneunipolis.org\/site\/wp-content\/uploads\/import\/PublishingImages\/Notizie\/Festival ASviS 24.png","keywords":["fss"],"articleSection":["Unipolis"],"inLanguage":"it-IT","potentialAction":[{"@type":"CommentAction","name":"Comment","target":["https:\/\/dx-factory-unipolis-corporate-wp.ha.servizi.gr-u.it\/site\/i-risultati-del-festival-dello-sviluppo-sostenibile-2024\/#respond"]}]},{"@type":"WebPage","@id":"https:\/\/dx-factory-unipolis-corporate-wp.ha.servizi.gr-u.it\/site\/i-risultati-del-festival-dello-sviluppo-sostenibile-2024\/","url":"https:\/\/dx-factory-unipolis-corporate-wp.ha.servizi.gr-u.it\/site\/i-risultati-del-festival-dello-sviluppo-sostenibile-2024\/","name":"I risultati del Festival dello Sviluppo Sostenibile 2024 - Unipolis","isPartOf":{"@id":"https:\/\/www.fondazioneunipolis.org\/site\/#website"},"primaryImageOfPage":{"@id":"https:\/\/dx-factory-unipolis-corporate-wp.ha.servizi.gr-u.it\/site\/i-risultati-del-festival-dello-sviluppo-sostenibile-2024\/#primaryimage"},"image":{"@id":"https:\/\/dx-factory-unipolis-corporate-wp.ha.servizi.gr-u.it\/site\/i-risultati-del-festival-dello-sviluppo-sostenibile-2024\/#primaryimage"},"thumbnailUrl":"https:\/\/www.fondazioneunipolis.org\/site\/wp-content\/uploads\/import\/PublishingImages\/Notizie\/Festival ASviS 24.png","datePublished":"2024-05-27T22:00:00+00:00","dateModified":"2025-12-30T09:39:44+00:00","description":"I risultati del Festival dello Sviluppo Sostenibile 2024","breadcrumb":{"@id":"https:\/\/dx-factory-unipolis-corporate-wp.ha.servizi.gr-u.it\/site\/i-risultati-del-festival-dello-sviluppo-sostenibile-2024\/#breadcrumb"},"inLanguage":"it-IT","potentialAction":[{"@type":"ReadAction","target":["https:\/\/dx-factory-unipolis-corporate-wp.ha.servizi.gr-u.it\/site\/i-risultati-del-festival-dello-sviluppo-sostenibile-2024\/"]}]},{"@type":"ImageObject","inLanguage":"it-IT","@id":"https:\/\/dx-factory-unipolis-corporate-wp.ha.servizi.gr-u.it\/site\/i-risultati-del-festival-dello-sviluppo-sostenibile-2024\/#primaryimage","url":"https:\/\/www.fondazioneunipolis.org\/site\/wp-content\/uploads\/import\/PublishingImages\/Notizie\/Festival ASviS 24.png","contentUrl":"https:\/\/www.fondazioneunipolis.org\/site\/wp-content\/uploads\/import\/PublishingImages\/Notizie\/Festival ASviS 24.png"},{"@type":"BreadcrumbList","@id":"https:\/\/dx-factory-unipolis-corporate-wp.ha.servizi.gr-u.it\/site\/i-risultati-del-festival-dello-sviluppo-sostenibile-2024\/#breadcrumb","itemListElement":[{"@type":"ListItem","position":1,"name":"Home","item":"https:\/\/www.fondazioneunipolis.org\/site\/"},{"@type":"ListItem","position":2,"name":"I risultati del Festival dello Sviluppo Sostenibile 2024"}]},{"@type":"WebSite","@id":"https:\/\/www.fondazioneunipolis.org\/site\/#website","url":"https:\/\/www.fondazioneunipolis.org\/site\/","name":"Unipolis","description":"","publisher":{"@id":"https:\/\/www.fondazioneunipolis.org\/site\/#organization"},"potentialAction":[{"@type":"SearchAction","target":{"@type":"EntryPoint","urlTemplate":"https:\/\/www.fondazioneunipolis.org\/site\/?s={search_term_string}"},"query-input":{"@type":"PropertyValueSpecification","valueRequired":true,"valueName":"search_term_string"}}],"inLanguage":"it-IT"},{"@type":"Organization","@id":"https:\/\/www.fondazioneunipolis.org\/site\/#organization","name":"Unipolis","url":"https:\/\/www.fondazioneunipolis.org\/site\/","logo":{"@type":"ImageObject","inLanguage":"it-IT","@id":"https:\/\/www.fondazioneunipolis.org\/site\/#\/schema\/logo\/image\/","url":"https:\/\/www.fondazioneunipolis.org\/site\/wp-content\/uploads\/2025\/07\/logo-fondazione-unipolis-1.svg","contentUrl":"https:\/\/www.fondazioneunipolis.org\/site\/wp-content\/uploads\/2025\/07\/logo-fondazione-unipolis-1.svg","caption":"Unipolis"},"image":{"@id":"https:\/\/www.fondazioneunipolis.org\/site\/#\/schema\/logo\/image\/"}},{"@type":"Person","@id":"https:\/\/www.fondazioneunipolis.org\/site\/#\/schema\/person\/43819ef7aaa5af51f1ed547eacb5e868","name":"wsadmin","image":{"@type":"ImageObject","inLanguage":"it-IT","@id":"https:\/\/www.fondazioneunipolis.org\/site\/#\/schema\/person\/image\/","url":"https:\/\/secure.gravatar.com\/avatar\/6512509e9ae62b647044a2731fadcbf236f2546df7b086feb6df7aabf2ef03aa?s=96&d=mm&r=g","contentUrl":"https:\/\/secure.gravatar.com\/avatar\/6512509e9ae62b647044a2731fadcbf236f2546df7b086feb6df7aabf2ef03aa?s=96&d=mm&r=g","caption":"wsadmin"},"sameAs":["https:\/\/www.fondazioneunipolis.org\/site"],"url":"https:\/\/www.fondazioneunipolis.org\/site\/author\/wsadmin\/"}]}},"_links":{"self":[{"href":"https:\/\/www.fondazioneunipolis.org\/site\/wp-json\/wp\/v2\/posts\/2277","targetHints":{"allow":["GET"]}}],"collection":[{"href":"https:\/\/www.fondazioneunipolis.org\/site\/wp-json\/wp\/v2\/posts"}],"about":[{"href":"https:\/\/www.fondazioneunipolis.org\/site\/wp-json\/wp\/v2\/types\/post"}],"author":[{"embeddable":true,"href":"https:\/\/www.fondazioneunipolis.org\/site\/wp-json\/wp\/v2\/users\/1"}],"replies":[{"embeddable":true,"href":"https:\/\/www.fondazioneunipolis.org\/site\/wp-json\/wp\/v2\/comments?post=2277"}],"version-history":[{"count":8,"href":"https:\/\/www.fondazioneunipolis.org\/site\/wp-json\/wp\/v2\/posts\/2277\/revisions"}],"predecessor-version":[{"id":11554,"href":"https:\/\/www.fondazioneunipolis.org\/site\/wp-json\/wp\/v2\/posts\/2277\/revisions\/11554"}],"wp:featuredmedia":[{"embeddable":true,"href":"https:\/\/www.fondazioneunipolis.org\/site\/wp-json\/wp\/v2\/media\/3692"}],"wp:attachment":[{"href":"https:\/\/www.fondazioneunipolis.org\/site\/wp-json\/wp\/v2\/media?parent=2277"}],"wp:term":[{"taxonomy":"category","embeddable":true,"href":"https:\/\/www.fondazioneunipolis.org\/site\/wp-json\/wp\/v2\/categories?post=2277"},{"taxonomy":"post_tag","embeddable":true,"href":"https:\/\/www.fondazioneunipolis.org\/site\/wp-json\/wp\/v2\/tags?post=2277"}],"curies":[{"name":"wp","href":"https:\/\/api.w.org\/{rel}","templated":true}]}}