{"id":2275,"date":"2024-04-17T00:00:00","date_gmt":"2024-04-16T22:00:00","guid":{"rendered":"https:\/\/www.fondazioneunipolis.org\/site\/i-precetti-della-sostenibilita-online-la-pubblicazione\/"},"modified":"2025-12-29T14:48:43","modified_gmt":"2025-12-29T13:48:43","slug":"i-precetti-della-sostenibilita-online-la-pubblicazione","status":"publish","type":"post","link":"https:\/\/www.fondazioneunipolis.org\/site\/news\/i-precetti-della-sostenibilita-online-la-pubblicazione\/","title":{"rendered":"I precetti della sostenibilit\u00e0: online la pubblicazione"},"content":{"rendered":"<div id=\"ctl00_PlaceHolderMain_ctl03__ControlWrapper_RichHtmlField\" class=\"ms-rtestate-field\" style=\"display: inline;\" aria-labelledby=\"ctl00_PlaceHolderMain_ctl03_label\">\n<p><em style=\"text-align: justify;\">\u200b\u200b\u200b\u200bPresentata la pubblicazione sullo stato dell&#8217;arte del fenomeno, elaborata da Mario Viviani con il contributo di esperti, a cura di Fondazione Unipolis<\/em><\/p>\n<p style=\"text-align: justify;\">La \u201csostenibilit\u00e0&#8221;, ormai da tempo, ma con un&#8217;accelerazione negli ultimi anni, sta permeando qualsiasi campo di disciplina e settore producendo effetti a ogni livello di operativit\u00e0, dalla formazione ed elaborazione di pensiero, dai comportamenti delle persone e organizzazioni, alla normazione di leggi, all&#8217;uso di linguaggi nel marketing e nella comunicazione. L&#8217;evoluzione del fenomeno sta producendo<strong> nuove visioni e prospettive ma anche nuovi interrogativi e il bisogno di una pi\u00f9 chiara sistematicit\u00e0<\/strong>.<\/p>\n<p style=\"text-align: justify;\">Questa la premessa della <strong>pubblicazione \u201cI precetti della sostenibilit\u00e0&#8221; <\/strong>presentata venerd\u00ec 12 aprile 2024 a Bologna in un <a href=\"https:\/\/www.fondazioneunipolis.org\/site\/i-precetti-della-sostenibilita\/\" target=\"_blank\" rel=\"noopener\"><strong>evento pubblico<\/strong><\/a> che ha voluto essere l&#8217;occasione per riflettere sullo stato dell&#8217;arte della sostenibilit\u00e0, per riscoprire il suo senso pi\u00f9 profondo, anche alla luce delle ultime crisi globali segnate da pandemia e guerra.<\/p>\n<p style=\"text-align: justify;\">Il volume nasce su stimolo dell&#8217;autore Mario Viviani e a seguito di un <a href=\"https:\/\/www.fondazioneunipolis.org\/site\/i-precetti-della-sostenibilita\/\" target=\"_blank\" rel=\"noopener\"><strong>seminario\u200b organizzato da Unipolis<\/strong><\/a> che si \u00e8 tenuto a Bologna il 13 ottobre 2023. Nello specifico, Unipolis ha ritenuto utile mettere a disposizione i contenuti con l&#8217;obiettivo di contribuire alla<strong> formulazione di concetti e proposte che possano arricchire il processo sul versante culturale<\/strong>, oltre che favorire uno <strong>sviluppo efficace del sistema normativo <\/strong>e un <strong>miglioramento delle pratiche<\/strong> di sostenibilit\u00e0 delle imprese e organizzazioni.<\/p>\n<p style=\"text-align: justify;\">La prima parte \u2013 a cura di <strong>Mario Viviani<\/strong>, Gruppo Bilanci e Sostenibilit\u00e0 \u2013 permette di ritrovare un compendio dell&#8217;evoluzione del tema e della disciplina, nonch\u00e9 delle pratiche ad esso afferenti. Lungo i capitoli l&#8217;autore osserva alcuni aspetti della sostenibilit\u00e0, dando per certa la necessit\u00e0 dei suoi scopi e l&#8217;importanza delle pratiche che stanno prendendo corpo, ma mettendone anche in luce alcune possibili debolezze o criticit\u00e0.<\/p>\n<p style=\"text-align: justify;\">La seconda parte raccoglie contributi di esperti sul tema: <strong>PierMario Barzaghi<\/strong>, KPMG; <strong>Ericka Costa<\/strong>, Universit\u00e0 di Trento; <strong>Valeria Fazio<\/strong>, BDO Advisory Services; <strong>Simone Gamberini<\/strong>, Legacoop Nazionale; <strong>Fulvio Rossi<\/strong>, Alleanza italiana per lo Sviluppo Sostenibile; <strong>Andrea Venturelli<\/strong>, Universit\u00e0 del Salento; <strong>Stefano Zambon<\/strong>, Universit\u00e0 degli Studi di Ferrara. Gli articoli approfondiscono alcune questioni sottolineate dall&#8217;autore ed emerse durante il seminario organizzato da Unipolis quali spunti che il confronto ha evidenziato come pi\u00f9 importanti per il progredire del fenomeno, per darne evidenza e metterli a disposizione del dibattito pubblico.<\/p>\n<p style=\"text-align: justify;\">Molte le riflessioni che attraversano il documento e che si interrogano sul senso delle pratiche e dei processi e che anche durante l&#8217;evento hanno stimolato idee e ragionamenti. Dall&#8217;importanza di interpretare la sostenibilit\u00e0 come <strong>processo trasformativo<\/strong>, progettando con un approccio strategico, definendo governance e leadership orientati all&#8217;innovazione, rendicontando e comunicando in modo da creare una vera cultura e domanda di sostenibilit\u00e0; dal valore di far entrare la sostenibilit\u00e0 anche nella<strong> nozione di impresa <\/strong>e in qualche modo nella sua ragion d&#8217;essere per favorire la percezione di un nuovo agire aziendale e dare coerenza tra teoria e pratica; alla necessit\u00e0 di non lasciare indietro la <strong>dimensione sociale<\/strong> dello sviluppo sostenibile riprendendo l&#8217;attitudine originaria di responsabilit\u00e0 sociale come senso del dovere delle organizzazioni nei confronti della societ\u00e0 nella sua interezza, intesa sia come persone e comunit\u00e0 sia come natura, ambiente e territorio.<\/p>\n<p style=\"text-align: justify;\">Queste alcune delle dimensioni approfondite e discusse durante il confronto moderato da <strong>Marisa Parmigiani<\/strong> &#8211; Direttrice di Unipolis, con i contributi dei relatori <strong>Mario Viviani, Ericka Costa, Valeria Fazio<\/strong> e <strong>Stefano Zambon<\/strong>, e l&#8217;interazione del pubblico.<\/p>\n<p><a class=\"ms-rteElement-Button\" href=\"https:\/\/www.fondazioneunipolis.org\/site\/wp-content\/uploads\/import\/PublishingImages\/news\/i-precetti-della-sostenibilit\u00e0-online-la-pubblicazione\/I precetti della sostenibilit\u00e0 - WEB.pdf\" target=\"_blank\" rel=\"noopener\" data-wplink-url-error=\"true\">\u200b\u200bSCARICA LA PUBBLICAZIONE<br \/>\n<\/a><\/p>\n<p style=\"text-align: justify;\">\n<\/div>\n","protected":false},"excerpt":{"rendered":"<p>\u200b\u200b\u200b\u200bPresentata la pubblicazione sullo stato dell&#8217;arte del fenomeno, elaborata da Mario Viviani con il contributo di esperti, a cura di Fondazione Unipolis La \u201csostenibilit\u00e0&#8221;, ormai da tempo, ma con un&#8217;accelerazione negli ultimi anni, sta permeando qualsiasi campo di disciplina e settore producendo effetti a ogni livello di operativit\u00e0, dalla formazione ed elaborazione di pensiero, dai [&hellip;]<\/p>\n","protected":false},"author":1,"featured_media":5034,"comment_status":"open","ping_status":"open","sticky":false,"template":"","format":"standard","meta":{"_acf_changed":false,"footnotes":""},"categories":[20],"tags":[],"class_list":["post-2275","post","type-post","status-publish","format-standard","has-post-thumbnail","hentry","category-unipolis"],"acf":[],"yoast_head":"<!-- This site is optimized with the Yoast SEO plugin v26.1.1 - https:\/\/yoast.com\/wordpress\/plugins\/seo\/ -->\n<title>I precetti della sostenibilit\u00e0: online la pubblicazione - Unipolis<\/title>\n<meta name=\"description\" content=\"I precetti della sostenibilit\u00e0: online la pubblicazione\" \/>\n<meta name=\"robots\" content=\"index, follow, max-snippet:-1, max-image-preview:large, max-video-preview:-1\" \/>\n<link rel=\"canonical\" href=\"https:\/\/www.fondazioneunipolis.org\/site\/i-precetti-della-sostenibilita-online-la-pubblicazione\/\" \/>\n<meta property=\"og:locale\" content=\"it_IT\" \/>\n<meta property=\"og:type\" content=\"article\" \/>\n<meta property=\"og:title\" content=\"I precetti della sostenibilit\u00e0: online la pubblicazione - Unipolis\" \/>\n<meta property=\"og:description\" content=\"I precetti della sostenibilit\u00e0: online la pubblicazione\" \/>\n<meta property=\"og:url\" content=\"https:\/\/dx-factory-unipolis-corporate-wp.ha.servizi.gr-u.it\/site\/i-precetti-della-sostenibilita-online-la-pubblicazione\/\" \/>\n<meta property=\"og:site_name\" content=\"Unipolis\" \/>\n<meta property=\"article:published_time\" content=\"2024-04-16T22:00:00+00:00\" \/>\n<meta property=\"article:modified_time\" content=\"2025-12-29T13:48:43+00:00\" \/>\n<meta property=\"og:image\" content=\"https:\/\/dx-factory-unipolis-corporate-wp.ha.servizi.gr-u.it\/site\/wp-content\/uploads\/import\/PublishingImages\/news\/precettidellasostenibilit\u00e0.png\" \/>\n\t<meta property=\"og:image:width\" content=\"1\" \/>\n\t<meta property=\"og:image:height\" content=\"1\" \/>\n\t<meta property=\"og:image:type\" content=\"image\/png\" \/>\n<meta name=\"author\" content=\"wsadmin\" \/>\n<meta name=\"twitter:card\" content=\"summary_large_image\" \/>\n<meta name=\"twitter:label1\" content=\"Written by\" \/>\n\t<meta name=\"twitter:data1\" content=\"wsadmin\" \/>\n\t<meta name=\"twitter:label2\" content=\"Est. reading time\" \/>\n\t<meta name=\"twitter:data2\" content=\"4 minutes\" \/>\n<script type=\"application\/ld+json\" class=\"yoast-schema-graph\">{\"@context\":\"https:\/\/schema.org\",\"@graph\":[{\"@type\":\"Article\",\"@id\":\"https:\/\/dx-factory-unipolis-corporate-wp.ha.servizi.gr-u.it\/site\/i-precetti-della-sostenibilita-online-la-pubblicazione\/#article\",\"isPartOf\":{\"@id\":\"https:\/\/dx-factory-unipolis-corporate-wp.ha.servizi.gr-u.it\/site\/i-precetti-della-sostenibilita-online-la-pubblicazione\/\"},\"author\":{\"name\":\"wsadmin\",\"@id\":\"https:\/\/www.fondazioneunipolis.org\/site\/#\/schema\/person\/43819ef7aaa5af51f1ed547eacb5e868\"},\"headline\":\"I precetti della sostenibilit\u00e0: online la pubblicazione\",\"datePublished\":\"2024-04-16T22:00:00+00:00\",\"dateModified\":\"2025-12-29T13:48:43+00:00\",\"mainEntityOfPage\":{\"@id\":\"https:\/\/dx-factory-unipolis-corporate-wp.ha.servizi.gr-u.it\/site\/i-precetti-della-sostenibilita-online-la-pubblicazione\/\"},\"wordCount\":569,\"commentCount\":0,\"publisher\":{\"@id\":\"https:\/\/www.fondazioneunipolis.org\/site\/#organization\"},\"image\":{\"@id\":\"https:\/\/dx-factory-unipolis-corporate-wp.ha.servizi.gr-u.it\/site\/i-precetti-della-sostenibilita-online-la-pubblicazione\/#primaryimage\"},\"thumbnailUrl\":\"https:\/\/www.fondazioneunipolis.org\/site\/wp-content\/uploads\/import\/PublishingImages\/news\/precettidellasostenibilit\u00e0.png\",\"articleSection\":[\"Unipolis\"],\"inLanguage\":\"it-IT\",\"potentialAction\":[{\"@type\":\"CommentAction\",\"name\":\"Comment\",\"target\":[\"https:\/\/dx-factory-unipolis-corporate-wp.ha.servizi.gr-u.it\/site\/i-precetti-della-sostenibilita-online-la-pubblicazione\/#respond\"]}]},{\"@type\":\"WebPage\",\"@id\":\"https:\/\/dx-factory-unipolis-corporate-wp.ha.servizi.gr-u.it\/site\/i-precetti-della-sostenibilita-online-la-pubblicazione\/\",\"url\":\"https:\/\/dx-factory-unipolis-corporate-wp.ha.servizi.gr-u.it\/site\/i-precetti-della-sostenibilita-online-la-pubblicazione\/\",\"name\":\"I precetti della sostenibilit\u00e0: online la pubblicazione - Unipolis\",\"isPartOf\":{\"@id\":\"https:\/\/www.fondazioneunipolis.org\/site\/#website\"},\"primaryImageOfPage\":{\"@id\":\"https:\/\/dx-factory-unipolis-corporate-wp.ha.servizi.gr-u.it\/site\/i-precetti-della-sostenibilita-online-la-pubblicazione\/#primaryimage\"},\"image\":{\"@id\":\"https:\/\/dx-factory-unipolis-corporate-wp.ha.servizi.gr-u.it\/site\/i-precetti-della-sostenibilita-online-la-pubblicazione\/#primaryimage\"},\"thumbnailUrl\":\"https:\/\/www.fondazioneunipolis.org\/site\/wp-content\/uploads\/import\/PublishingImages\/news\/precettidellasostenibilit\u00e0.png\",\"datePublished\":\"2024-04-16T22:00:00+00:00\",\"dateModified\":\"2025-12-29T13:48:43+00:00\",\"description\":\"I precetti della sostenibilit\u00e0: online la pubblicazione\",\"breadcrumb\":{\"@id\":\"https:\/\/dx-factory-unipolis-corporate-wp.ha.servizi.gr-u.it\/site\/i-precetti-della-sostenibilita-online-la-pubblicazione\/#breadcrumb\"},\"inLanguage\":\"it-IT\",\"potentialAction\":[{\"@type\":\"ReadAction\",\"target\":[\"https:\/\/dx-factory-unipolis-corporate-wp.ha.servizi.gr-u.it\/site\/i-precetti-della-sostenibilita-online-la-pubblicazione\/\"]}]},{\"@type\":\"ImageObject\",\"inLanguage\":\"it-IT\",\"@id\":\"https:\/\/dx-factory-unipolis-corporate-wp.ha.servizi.gr-u.it\/site\/i-precetti-della-sostenibilita-online-la-pubblicazione\/#primaryimage\",\"url\":\"https:\/\/www.fondazioneunipolis.org\/site\/wp-content\/uploads\/import\/PublishingImages\/news\/precettidellasostenibilit\u00e0.png\",\"contentUrl\":\"https:\/\/www.fondazioneunipolis.org\/site\/wp-content\/uploads\/import\/PublishingImages\/news\/precettidellasostenibilit\u00e0.png\"},{\"@type\":\"BreadcrumbList\",\"@id\":\"https:\/\/dx-factory-unipolis-corporate-wp.ha.servizi.gr-u.it\/site\/i-precetti-della-sostenibilita-online-la-pubblicazione\/#breadcrumb\",\"itemListElement\":[{\"@type\":\"ListItem\",\"position\":1,\"name\":\"Home\",\"item\":\"https:\/\/www.fondazioneunipolis.org\/site\/\"},{\"@type\":\"ListItem\",\"position\":2,\"name\":\"I precetti della sostenibilit\u00e0: online la pubblicazione\"}]},{\"@type\":\"WebSite\",\"@id\":\"https:\/\/www.fondazioneunipolis.org\/site\/#website\",\"url\":\"https:\/\/www.fondazioneunipolis.org\/site\/\",\"name\":\"Unipolis\",\"description\":\"\",\"publisher\":{\"@id\":\"https:\/\/www.fondazioneunipolis.org\/site\/#organization\"},\"potentialAction\":[{\"@type\":\"SearchAction\",\"target\":{\"@type\":\"EntryPoint\",\"urlTemplate\":\"https:\/\/www.fondazioneunipolis.org\/site\/?s={search_term_string}\"},\"query-input\":{\"@type\":\"PropertyValueSpecification\",\"valueRequired\":true,\"valueName\":\"search_term_string\"}}],\"inLanguage\":\"it-IT\"},{\"@type\":\"Organization\",\"@id\":\"https:\/\/www.fondazioneunipolis.org\/site\/#organization\",\"name\":\"Unipolis\",\"url\":\"https:\/\/www.fondazioneunipolis.org\/site\/\",\"logo\":{\"@type\":\"ImageObject\",\"inLanguage\":\"it-IT\",\"@id\":\"https:\/\/www.fondazioneunipolis.org\/site\/#\/schema\/logo\/image\/\",\"url\":\"https:\/\/www.fondazioneunipolis.org\/site\/wp-content\/uploads\/2025\/07\/logo-fondazione-unipolis-1.svg\",\"contentUrl\":\"https:\/\/www.fondazioneunipolis.org\/site\/wp-content\/uploads\/2025\/07\/logo-fondazione-unipolis-1.svg\",\"caption\":\"Unipolis\"},\"image\":{\"@id\":\"https:\/\/www.fondazioneunipolis.org\/site\/#\/schema\/logo\/image\/\"}},{\"@type\":\"Person\",\"@id\":\"https:\/\/www.fondazioneunipolis.org\/site\/#\/schema\/person\/43819ef7aaa5af51f1ed547eacb5e868\",\"name\":\"wsadmin\",\"image\":{\"@type\":\"ImageObject\",\"inLanguage\":\"it-IT\",\"@id\":\"https:\/\/www.fondazioneunipolis.org\/site\/#\/schema\/person\/image\/\",\"url\":\"https:\/\/secure.gravatar.com\/avatar\/6512509e9ae62b647044a2731fadcbf236f2546df7b086feb6df7aabf2ef03aa?s=96&d=mm&r=g\",\"contentUrl\":\"https:\/\/secure.gravatar.com\/avatar\/6512509e9ae62b647044a2731fadcbf236f2546df7b086feb6df7aabf2ef03aa?s=96&d=mm&r=g\",\"caption\":\"wsadmin\"},\"sameAs\":[\"https:\/\/www.fondazioneunipolis.org\/site\"],\"url\":\"https:\/\/www.fondazioneunipolis.org\/site\/author\/wsadmin\/\"}]}<\/script>\n<!-- \/ Yoast SEO plugin. -->","yoast_head_json":{"title":"I precetti della sostenibilit\u00e0: online la pubblicazione - Unipolis","description":"I precetti della sostenibilit\u00e0: online la pubblicazione","robots":{"index":"index","follow":"follow","max-snippet":"max-snippet:-1","max-image-preview":"max-image-preview:large","max-video-preview":"max-video-preview:-1"},"canonical":"https:\/\/www.fondazioneunipolis.org\/site\/i-precetti-della-sostenibilita-online-la-pubblicazione\/","og_locale":"it_IT","og_type":"article","og_title":"I precetti della sostenibilit\u00e0: online la pubblicazione - Unipolis","og_description":"I precetti della sostenibilit\u00e0: online la pubblicazione","og_url":"https:\/\/dx-factory-unipolis-corporate-wp.ha.servizi.gr-u.it\/site\/i-precetti-della-sostenibilita-online-la-pubblicazione\/","og_site_name":"Unipolis","article_published_time":"2024-04-16T22:00:00+00:00","article_modified_time":"2025-12-29T13:48:43+00:00","og_image":[{"url":"https:\/\/dx-factory-unipolis-corporate-wp.ha.servizi.gr-u.it\/site\/wp-content\/uploads\/import\/PublishingImages\/news\/precettidellasostenibilit\u00e0.png","width":1,"height":1,"type":"image\/png"}],"author":"wsadmin","twitter_card":"summary_large_image","twitter_misc":{"Written by":"wsadmin","Est. reading time":"4 minutes"},"schema":{"@context":"https:\/\/schema.org","@graph":[{"@type":"Article","@id":"https:\/\/dx-factory-unipolis-corporate-wp.ha.servizi.gr-u.it\/site\/i-precetti-della-sostenibilita-online-la-pubblicazione\/#article","isPartOf":{"@id":"https:\/\/dx-factory-unipolis-corporate-wp.ha.servizi.gr-u.it\/site\/i-precetti-della-sostenibilita-online-la-pubblicazione\/"},"author":{"name":"wsadmin","@id":"https:\/\/www.fondazioneunipolis.org\/site\/#\/schema\/person\/43819ef7aaa5af51f1ed547eacb5e868"},"headline":"I precetti della sostenibilit\u00e0: online la pubblicazione","datePublished":"2024-04-16T22:00:00+00:00","dateModified":"2025-12-29T13:48:43+00:00","mainEntityOfPage":{"@id":"https:\/\/dx-factory-unipolis-corporate-wp.ha.servizi.gr-u.it\/site\/i-precetti-della-sostenibilita-online-la-pubblicazione\/"},"wordCount":569,"commentCount":0,"publisher":{"@id":"https:\/\/www.fondazioneunipolis.org\/site\/#organization"},"image":{"@id":"https:\/\/dx-factory-unipolis-corporate-wp.ha.servizi.gr-u.it\/site\/i-precetti-della-sostenibilita-online-la-pubblicazione\/#primaryimage"},"thumbnailUrl":"https:\/\/www.fondazioneunipolis.org\/site\/wp-content\/uploads\/import\/PublishingImages\/news\/precettidellasostenibilit\u00e0.png","articleSection":["Unipolis"],"inLanguage":"it-IT","potentialAction":[{"@type":"CommentAction","name":"Comment","target":["https:\/\/dx-factory-unipolis-corporate-wp.ha.servizi.gr-u.it\/site\/i-precetti-della-sostenibilita-online-la-pubblicazione\/#respond"]}]},{"@type":"WebPage","@id":"https:\/\/dx-factory-unipolis-corporate-wp.ha.servizi.gr-u.it\/site\/i-precetti-della-sostenibilita-online-la-pubblicazione\/","url":"https:\/\/dx-factory-unipolis-corporate-wp.ha.servizi.gr-u.it\/site\/i-precetti-della-sostenibilita-online-la-pubblicazione\/","name":"I precetti della sostenibilit\u00e0: online la pubblicazione - Unipolis","isPartOf":{"@id":"https:\/\/www.fondazioneunipolis.org\/site\/#website"},"primaryImageOfPage":{"@id":"https:\/\/dx-factory-unipolis-corporate-wp.ha.servizi.gr-u.it\/site\/i-precetti-della-sostenibilita-online-la-pubblicazione\/#primaryimage"},"image":{"@id":"https:\/\/dx-factory-unipolis-corporate-wp.ha.servizi.gr-u.it\/site\/i-precetti-della-sostenibilita-online-la-pubblicazione\/#primaryimage"},"thumbnailUrl":"https:\/\/www.fondazioneunipolis.org\/site\/wp-content\/uploads\/import\/PublishingImages\/news\/precettidellasostenibilit\u00e0.png","datePublished":"2024-04-16T22:00:00+00:00","dateModified":"2025-12-29T13:48:43+00:00","description":"I precetti della sostenibilit\u00e0: online la pubblicazione","breadcrumb":{"@id":"https:\/\/dx-factory-unipolis-corporate-wp.ha.servizi.gr-u.it\/site\/i-precetti-della-sostenibilita-online-la-pubblicazione\/#breadcrumb"},"inLanguage":"it-IT","potentialAction":[{"@type":"ReadAction","target":["https:\/\/dx-factory-unipolis-corporate-wp.ha.servizi.gr-u.it\/site\/i-precetti-della-sostenibilita-online-la-pubblicazione\/"]}]},{"@type":"ImageObject","inLanguage":"it-IT","@id":"https:\/\/dx-factory-unipolis-corporate-wp.ha.servizi.gr-u.it\/site\/i-precetti-della-sostenibilita-online-la-pubblicazione\/#primaryimage","url":"https:\/\/www.fondazioneunipolis.org\/site\/wp-content\/uploads\/import\/PublishingImages\/news\/precettidellasostenibilit\u00e0.png","contentUrl":"https:\/\/www.fondazioneunipolis.org\/site\/wp-content\/uploads\/import\/PublishingImages\/news\/precettidellasostenibilit\u00e0.png"},{"@type":"BreadcrumbList","@id":"https:\/\/dx-factory-unipolis-corporate-wp.ha.servizi.gr-u.it\/site\/i-precetti-della-sostenibilita-online-la-pubblicazione\/#breadcrumb","itemListElement":[{"@type":"ListItem","position":1,"name":"Home","item":"https:\/\/www.fondazioneunipolis.org\/site\/"},{"@type":"ListItem","position":2,"name":"I precetti della sostenibilit\u00e0: online la pubblicazione"}]},{"@type":"WebSite","@id":"https:\/\/www.fondazioneunipolis.org\/site\/#website","url":"https:\/\/www.fondazioneunipolis.org\/site\/","name":"Unipolis","description":"","publisher":{"@id":"https:\/\/www.fondazioneunipolis.org\/site\/#organization"},"potentialAction":[{"@type":"SearchAction","target":{"@type":"EntryPoint","urlTemplate":"https:\/\/www.fondazioneunipolis.org\/site\/?s={search_term_string}"},"query-input":{"@type":"PropertyValueSpecification","valueRequired":true,"valueName":"search_term_string"}}],"inLanguage":"it-IT"},{"@type":"Organization","@id":"https:\/\/www.fondazioneunipolis.org\/site\/#organization","name":"Unipolis","url":"https:\/\/www.fondazioneunipolis.org\/site\/","logo":{"@type":"ImageObject","inLanguage":"it-IT","@id":"https:\/\/www.fondazioneunipolis.org\/site\/#\/schema\/logo\/image\/","url":"https:\/\/www.fondazioneunipolis.org\/site\/wp-content\/uploads\/2025\/07\/logo-fondazione-unipolis-1.svg","contentUrl":"https:\/\/www.fondazioneunipolis.org\/site\/wp-content\/uploads\/2025\/07\/logo-fondazione-unipolis-1.svg","caption":"Unipolis"},"image":{"@id":"https:\/\/www.fondazioneunipolis.org\/site\/#\/schema\/logo\/image\/"}},{"@type":"Person","@id":"https:\/\/www.fondazioneunipolis.org\/site\/#\/schema\/person\/43819ef7aaa5af51f1ed547eacb5e868","name":"wsadmin","image":{"@type":"ImageObject","inLanguage":"it-IT","@id":"https:\/\/www.fondazioneunipolis.org\/site\/#\/schema\/person\/image\/","url":"https:\/\/secure.gravatar.com\/avatar\/6512509e9ae62b647044a2731fadcbf236f2546df7b086feb6df7aabf2ef03aa?s=96&d=mm&r=g","contentUrl":"https:\/\/secure.gravatar.com\/avatar\/6512509e9ae62b647044a2731fadcbf236f2546df7b086feb6df7aabf2ef03aa?s=96&d=mm&r=g","caption":"wsadmin"},"sameAs":["https:\/\/www.fondazioneunipolis.org\/site"],"url":"https:\/\/www.fondazioneunipolis.org\/site\/author\/wsadmin\/"}]}},"_links":{"self":[{"href":"https:\/\/www.fondazioneunipolis.org\/site\/wp-json\/wp\/v2\/posts\/2275","targetHints":{"allow":["GET"]}}],"collection":[{"href":"https:\/\/www.fondazioneunipolis.org\/site\/wp-json\/wp\/v2\/posts"}],"about":[{"href":"https:\/\/www.fondazioneunipolis.org\/site\/wp-json\/wp\/v2\/types\/post"}],"author":[{"embeddable":true,"href":"https:\/\/www.fondazioneunipolis.org\/site\/wp-json\/wp\/v2\/users\/1"}],"replies":[{"embeddable":true,"href":"https:\/\/www.fondazioneunipolis.org\/site\/wp-json\/wp\/v2\/comments?post=2275"}],"version-history":[{"count":10,"href":"https:\/\/www.fondazioneunipolis.org\/site\/wp-json\/wp\/v2\/posts\/2275\/revisions"}],"predecessor-version":[{"id":10723,"href":"https:\/\/www.fondazioneunipolis.org\/site\/wp-json\/wp\/v2\/posts\/2275\/revisions\/10723"}],"wp:featuredmedia":[{"embeddable":true,"href":"https:\/\/www.fondazioneunipolis.org\/site\/wp-json\/wp\/v2\/media\/5034"}],"wp:attachment":[{"href":"https:\/\/www.fondazioneunipolis.org\/site\/wp-json\/wp\/v2\/media?parent=2275"}],"wp:term":[{"taxonomy":"category","embeddable":true,"href":"https:\/\/www.fondazioneunipolis.org\/site\/wp-json\/wp\/v2\/categories?post=2275"},{"taxonomy":"post_tag","embeddable":true,"href":"https:\/\/www.fondazioneunipolis.org\/site\/wp-json\/wp\/v2\/tags?post=2275"}],"curies":[{"name":"wp","href":"https:\/\/api.w.org\/{rel}","templated":true}]}}