{"id":2273,"date":"2023-02-03T00:00:00","date_gmt":"2023-02-02T23:00:00","guid":{"rendered":"https:\/\/www.fondazioneunipolis.org\/site\/inquinamento-e-mobilita-urbana-il-dossier-malaria-di-legambiente\/"},"modified":"2025-12-30T10:05:46","modified_gmt":"2025-12-30T09:05:46","slug":"inquinamento-e-mobilita-urbana-il-dossier-malaria-di-legambiente","status":"publish","type":"post","link":"https:\/\/www.fondazioneunipolis.org\/site\/news\/inquinamento-e-mobilita-urbana-il-dossier-malaria-di-legambiente\/","title":{"rendered":"Inquinamento e mobilit\u00e0 urbana: il dossier Mal&#8217;aria di Legambiente"},"content":{"rendered":"<div id=\"ctl00_PlaceHolderMain_ctl03__ControlWrapper_RichHtmlField\" class=\"ms-rtestate-field\" style=\"display: inline;\" aria-labelledby=\"ctl00_PlaceHolderMain_ctl03_label\">\n<p style=\"text-align: left;\"><strong><em>Presentati a Torino il 2 febbraio, durante la prima tappa della Clean Cities Campaign di Legambiente, il dossier Mal&#8217;Aria e la road map sulla mobilit\u00e0 per raggiungere gli obiettivi di neutralit\u00e0 climatica al 2030<\/em> <\/strong><\/p>\n<p style=\"text-align: left;\">La campagna itinerante <a href=\"https:\/\/www.legambiente.it\/news-storie\/clean-cities-ripartiamo-dalle-citta\" target=\"_blank\" rel=\"noopener\"><strong>Clean Cities<\/strong><\/a>, organizzata da Legambiente, ha fatto tappa\u200b\u00a0il 2 febbraio a<strong> Torino<\/strong> per presentare i dati sull&#8217;inquinamento atmosferico e le performance locali sui principali <strong>indicatori di mobilit\u00e0 urbana<\/strong> rispetto all&#8217;obiettivo di neutralit\u00e0 climatica al 2030.\u00a0 Proprio\u00a0Torino\u00a0infatti\u00a0\u00e8 ancora una volta nella classifica delle citt\u00e0 pi\u00f9 inquinate d&#8217;Italia. Anche per il 2022, infatti, \u00e8 tra quelle che hanno superato il limite di concentrazione massima di polveri sottili PM10, ossia 50 microgrammi per metro cubo d&#8217;aria, per pi\u00f9 dei 35 giorni l&#8217;anno consentiti, <strong>con 98 giorni di sforamento<\/strong> (dati Mal&#8217;aria 2023). Rispetto ai <strong>limiti normativi sulla qualit\u00e0 dell&#8217;aria<\/strong> previsti al 2030 la situazione \u00e8 ancora pi\u00f9 critica. Per non incorre a nuovi rischi sanitari e sanzioni, la citt\u00e0 di Torino deve ridurre &#8211; <strong>entro 7 anni, <\/strong>il PM10 del 43%, il PM 2.5 del 55% e gli ossidi d&#8217;azoto (NO2) del 46%. Ma al momento, il trend di riduzione annuale \u00e8 troppo lento: del solo 4% per il PM10 e -5% per l&#8217;NO2. Questi i dati pi\u00f9 rilevanti emersi dall&#8217;ultimo report <strong><a href=\"https:\/\/www.legambiente.emiliaromagna.it\/2023\/01\/30\/i-dati-di-malaria-di-citta-2023-cambio-di-passo-cercasi-per-combattere-linquinamento-atmosferico\/\" target=\"_blank\" rel=\"noopener\">\u201cMal&#8217;Aria di citt\u00e0: cambio di passo cercasi<\/a>&#8220;<\/strong>, l&#8217;annuale analisi di Legambiente sullo stato dell&#8217;inquinamento atmosferico delle citt\u00e0 italiane.<\/p>\n<p style=\"text-align: left;\">Durante la tavola rotonda \u00e8 stato presentato anche il <a href=\"https:\/\/www.fondazioneunipolis.org\/site\/mob\/\" target=\"_blank\" rel=\"noopener\"><strong>progetto MOB<\/strong><\/a><strong> della Fondazione Unipolis, in partnership con Legambiente<\/strong>. L&#8217;iniziativa ha come obiettivo l&#8217;engagement dei giovani tra i 16 e i 21 anni, che si sfideranno in un grande torneo nazionale dove vincer\u00e0 chi si muover\u00e0 in modo sostenibile e saranno poi impegnati nella definizione di interventi per rendere la mobilit\u00e0 della propria citt\u00e0 pi\u00f9 sostenibile ed efficiente.<\/p>\n<p>L&#8217;emergenza smog nelle citt\u00e0 italiane \u00e8 un problema sempre pi\u00f9 pressante. Secondo il nuovo\u00a0<strong>report di Legambiente <\/strong>i<strong>\u00a0<\/strong>livelli di inquinamento atmosferico in molte citt\u00e0 sono ancora troppo alti e lontani dai limiti normativi, pi\u00f9 stringenti, previsti per il 2030. Il report ha messo in evidenza\u00a0<strong>i dati del 2022<\/strong>\u00a0nei capoluoghi di provincia, sia per quanto riguarda i livelli delle\u00a0<strong>polveri sottili<\/strong>\u00a0(PM10, PM2.5) che del\u00a0<strong>biossido di azoto<\/strong>\u00a0(NO2). In sintesi, infatti, sono ben\u00a0<strong>29 citt\u00e0 delle 95 monitorate<\/strong>, che hanno superato gli attuali limiti normativi per gli sforamenti di PM10 (35 giorni all&#8217;anno con una media giornaliera superiore ai 50 microgrammi\/metro cubo) con le centraline di\u00a0<strong>Torino (Grassi) che si piazza al primo posto con 98 giorni di sforamento, seguita da Milano (Senato) con 84, Asti (Baussano) 79, Modena (Giardini) 75, Padova (Arcella) e Venezia (Tagliamento) con 70. Queste citt\u00e0 hanno di fatto doppiato il numero di sforamenti consentiti.<\/strong><\/p>\n<p>Sempre per il PM10, l&#8217;analisi delle medie annuali ha mostrato come nessuna di esse abbia superato il limite previsto dalla normativa vigente, ma ci\u00f2 non \u00e8 sufficiente per garantire la salute dei cittadini, in considerazione delle raccomandazioni dell&#8217;Organizzazione Mondiale della Sanit\u00e0 e dei<strong>\u00a0limiti previsti dalla nuova\u00a0<\/strong><a href=\"https:\/\/environment.ec.europa.eu\/publications\/revision-eu-ambient-air-quality-legislation_en\" target=\"_blank\" rel=\"noopener\"><strong>Direttiva europea sulla qualit\u00e0 dell&#8217;aria<\/strong><\/a><strong>, che entreranno in vigore dal 1\u00b0 gennaio 2030<\/strong>.\u00a0<strong>Per il PM10<\/strong>, sarebbero infatti solo 23 su 95 (il 24% del totale) le citt\u00e0 che non hanno superato la soglia di 20 \u00b5g\/mc.\u00a0<strong>72 citt\u00e0 sarebbero dunque fuorilegge.<\/strong><\/p>\n<h3>Citt\u00e0 in ritardo<\/h3>\n<p>Le citt\u00e0 che devono lavorare di pi\u00f9 per ridurre le loro concentrazioni e adeguarsi ai nuovi target (20 \u00b5g\/mc da non superare per il PM10, 10 \u00b5g\/mc per il PM2.5, 20 \u00b5g\/mc per l&#8217;NO2) sono: Torino e Milano (riduzione necessaria del 43%), Cremona (42%), Andria (41%) e Alessandria (40%)\u00a0<strong>per il PM10&lt;\/strong&gt;; Monza (60%), Milano, Cremona, Padova e Vicenza (57%), Bergamo, Piacenza, Alessandria e Torino (55%), Como (52%), Brescia, Asti e Mantova (50%)\u00a0<strong>per il PM2.5.<\/strong>\u00a0Le citt\u00e0 di Milano (47%), Torino (46%), Palermo (44%), Como (43%), Catania (41%), Roma (39%), Monza, Genova, Trento e Bolzano (34%),\u00a0<strong>per l&#8217;NO2.<\/strong><strong>\u00a0<\/strong><\/strong><\/p>\n<p><em>\u201cL&#8217;inquinamento atmosferico non \u00e8 solo un problema ambientale, ma anche un problema sanitario di grande importanza&#8221;,\u00a0<\/em><strong>dichiara\u00a0<\/strong><strong>Stefano Ciafani<\/strong><strong>, presidente nazionale di Legambiente<\/strong><em>. \u201cIn Europa, \u00e8\u00a0<\/em><a href=\"https:\/\/www.eea.europa.eu\/publications\/air-quality-in-europe-2022\/\" target=\"_blank\" rel=\"noopener\"><em>la prima causa di morte prematura<\/em><\/a><em>\u00a0dovuta a fattori ambientali e l&#8217;Italia registra un triste primato con pi\u00f9 di 52.000 decessi annui da PM2.5, pari a 1\/5 di quelli rilevate in tutto il continente. \u00c8 necessario agire con urgenza per\u00a0<\/em><em><strong>salvaguardare la salute dei cittadini, introducendo politiche efficaci ed integrate<\/strong><\/em><em>\u00a0che incidano sulle diverse fonti di smog, dalla mobilit\u00e0 al riscaldamento degli edifici, dall&#8217;industria all&#8217;agricoltura. In ambito urbano \u00e8 fondamentale la promozione di azioni concrete sulla mobilit\u00e0 sostenibile attraverso\u00a0<\/em><em><strong>investimenti importanti sul trasporto pubblico, il ridisegno dello spazio cittadino con pedonalizzazioni e zone 30, politiche di promozione dell&#8217;uso delle due ruote in sicurezza<\/strong><\/em><em>, la diffusione delle reti di ricarica dei mezzi elettrici, facilitando la scelta di ridurre fortemente l&#8217;uso dell&#8217;auto privata. Chiediamo al Governo, alle Regioni e ai Comuni, di mettere in campo azioni coraggiose per creare citt\u00e0 pi\u00f9 pulite e sicure. La salute \u00e8 un diritto fondamentale che non pu\u00f2 essere compromesso&#8221;.<\/em><\/p>\n<p><em>\u201cLa Direttiva europea sulla qualit\u00e0 dell&#8217;aria, recentemente proposta, rappresenta solo<\/em><em><strong>\u00a0il primo step di una sfida importante<\/strong><\/em><em>. Le nuove AQGs (Air Quality Goals) impongono un notevole adeguamento rispetto ai valori guida OMS e introducono nuove metriche, come il dimezzamento dei valori di legge attuali&#8221;,<\/em><em><strong>\u00a0dichiara Andrea Minutolo, responsabile scientifico di Legambiente.<\/strong><\/em><em>\u00a0\u201cLe nostre analisi hanno evidenziato che il 76% delle citt\u00e0 monitorate superano gi\u00e0 i limiti previsti dalla futura direttiva per il PM10, l&#8217;84% per il PM2.5 e il 61% per il NO2. Questo significa che\u00a0<\/em><em><strong>le citt\u00e0 italiane dovranno lavorare duramente per adeguarsi ai nuovi limiti\u00a0<\/strong><\/em><em>entro i prossimi sette anni, soprattutto considerando che i trend di riduzione dell&#8217;inquinamento finora registrati non sono incoraggianti e che i valori indicati dalle linee guida dell&#8217;OMS, che sono il vero obiettivo da raggiungere per tutelare la salute delle persone, sono ancora pi\u00f9 stringenti dei futuri limiti europei&#8221;.<\/em><em>\u00a0<\/em><\/p>\n<p>Secondo l&#8217;associazione,\u00a0<strong>la tendenza di decrescita dell&#8217;inquinamento \u00e8 troppo lenta<\/strong>, esponendo le citt\u00e0 a nuovi rischi sanitari e sanzioni. Il tasso medio annuale di riduzione delle concentrazioni a livello nazionale \u00e8, infatti,\u00a0<strong>del solo 2% per il PM10 e del 3% per l&#8217;NO2.<\/strong>\u00a0Le citt\u00e0 pi\u00f9 distanti dall&#8217;obiettivo previsto per il PM10, ad esempio, dovrebbero ridurre le proprie concentrazioni cittadine tra il 30% e il 43% entro i prossimi sette anni, ma stando agli attuali trend di riduzione registrati negli ultimi 10 anni (periodo 2011 \u2013 2021, dati\u00a0<a href=\"https:\/\/www.legambiente.it\/rapporti-e-osservatori\/ecosistema-urbano\/\">Ecosistema Urbano<\/a>), potrebbero impiegare mediamente\u00a0<strong>altri 17 anni per raggiungere l&#8217;obiettivo<\/strong>, ovvero il 2040 anzich\u00e9 il 2030. Citt\u00e0 come Modena, Treviso, Vercelli potrebbero metterci oltre 30 anni. Anche per l&#8217;NO2 la situazione \u00e8 analoga e una citt\u00e0 come Catania potrebbe metterci pi\u00f9 di 40 anni<\/p>\n<h3>Le proposte di Legambiente<\/h3>\n<p>Per combattere l&#8217;inquinamento in ambito urbano, l&#8217;Associazione propone una serie di interventi \u201ca misura di citt\u00e0&#8221;:<\/p>\n<ul>\n<li><strong>Il passaggio dalle Ztl (zone a traffico limitato) alle ZEZ (Zone a zero emissioni).<\/strong>\u00a0Come dimostra l&#8217;esperienza di Milano (con l&#8217;area B) e, soprattutto, dell&#8217;ultra Low Emission Zone londinese, le limitazioni alla circolazione dei veicoli pi\u00f9 inquinanti riducono le emissioni da traffico del 30% e del 40%.<\/li>\n<li><strong>LEZ anche per il riscaldamento<\/strong>. Servono un grande piano di riqualificazione energetica dell&#8217;edilizia pubblica e privata, e incentivare una drastica riconversione delle abitazioni ad emissioni zero grazie alla capillare diffusione di misure strutturali, come il Superbonus, opportunamente corretto dagli errori del passato come gli incentivi alla sostituzione delle caldaie a gas.<\/li>\n<li><strong>Potenziamento del Trasporto Pubblico\u00a0<\/strong>e Trasporto Rapido di Massa (TRM) attraverso la quadruplicazione dell&#8217;offerta di linea e la promozione di abbonamenti integrati, come fece la Germania nell&#8217;estate del 2022.<\/li>\n<li><strong>Sharing mobility<\/strong>. Incentivare la mobilit\u00e0 elettrica condivisa (micro, bici, auto, van e cargo bike) e realizzare e realizzare ulteriori\u00a0<strong>km di percorsi ciclabili.<\/strong><\/li>\n<li><strong>Ridisegnare lo spazio pubblico urbano a misura d&#8217;uomo,<\/strong>\u00a0\u201ccitt\u00e0 dei 15 minuti&#8221;, sicurezza stradale verso la \u201cVision Zero&#8221;,\u00a0<strong>\u201ccitt\u00e0 30&#8243;<\/strong>\u00a0all&#8217;ora seguendo l&#8217;esempio di Cesena, Torino, Bologna e Milano.<\/li>\n<li><strong>Tutto elettrico in citt\u00e0<\/strong>,\u00a0<strong>anche prima del 2035<\/strong>, grazie alla progressiva estensione delle ZEZ alla triplicazione dell&#8217;immatricolazione di autobus elettrici e l&#8217;istituzione dei distretti ZED (Zero Emissions Distribution).<\/li>\n<\/ul>\n<p style=\"text-align: left;\"><strong>\u200bClean Cities<\/strong> \u00e8 un viaggio in 17 capoluoghi italiani, da Nord a Sud, per promuovere con forza una nuova mobilit\u00e0 urbana: pi\u00f9 sicura, pi\u00f9 condivisa e meno inquinante. <strong>L&#8217;iniziativa rientra nell&#8217;ambito della <\/strong><a href=\"https:\/\/www.legambiente.it\/news-storie\/clean-cities-ripartiamo-dalle-citta\" target=\"_blank\" rel=\"noopener\"><strong>Clean Cities Campaign<\/strong><\/a>, un network europeo di associazioni ambientaliste e movimenti di base che ha come obiettivo una mobilit\u00e0 urbana a zero emissioni entro il 2030.<\/p>\n<p style=\"text-align: left;\">Dopo Torino, la campagna itinerante di Legambiente fermer\u00e0 a Genova (6 e 7 febbraio), Milano (8 e 9 febbraio), Bergamo (10 febbraio), Bari (13 e 14 febbraio), Napoli (15 febbraio), Avellino (16 febbraio), Roma (17 e 20 febbraio), Pescara (17 febbraio), Bologna (18 febbraio), Padova (22 febbraio), Perugia (23 e 24 febbraio), Trieste (25 febbraio), Palermo (25 febbraio), Catania (27 febbraio), Prato (27 e 28 febbraio) e Firenze (1 e 2 marzo).<\/p>\n<\/div>\n","protected":false},"excerpt":{"rendered":"<p>Presentati a Torino il 2 febbraio, durante la prima tappa della Clean Cities Campaign di Legambiente, il dossier Mal&#8217;Aria e la road map sulla mobilit\u00e0 per raggiungere gli obiettivi di neutralit\u00e0 climatica al 2030 La campagna itinerante Clean Cities, organizzata da Legambiente, ha fatto tappa\u200b\u00a0il 2 febbraio a Torino per presentare i dati sull&#8217;inquinamento atmosferico [&hellip;]<\/p>\n","protected":false},"author":1,"featured_media":6877,"comment_status":"open","ping_status":"open","sticky":false,"template":"","format":"standard","meta":{"_acf_changed":false,"footnotes":""},"categories":[16],"tags":[645],"class_list":["post-2273","post","type-post","status-publish","format-standard","has-post-thumbnail","hentry","category-mobilita","tag-mob"],"acf":[],"yoast_head":"<!-- This site is optimized with the Yoast SEO plugin v26.1.1 - https:\/\/yoast.com\/wordpress\/plugins\/seo\/ -->\n<title>Inquinamento e mobilit\u00e0 urbana: il dossier Mal&#039;aria di Legambiente - Unipolis<\/title>\n<meta name=\"description\" content=\"Inquinamento e mobilit\u00e0 urbana: il dossier Mal&#039;aria di Legambiente\" \/>\n<meta name=\"robots\" content=\"index, follow, max-snippet:-1, max-image-preview:large, max-video-preview:-1\" \/>\n<link rel=\"canonical\" href=\"https:\/\/www.fondazioneunipolis.org\/site\/inquinamento-e-mobilita-urbana-il-dossier-malaria-di-legambiente\/\" \/>\n<meta property=\"og:locale\" content=\"it_IT\" \/>\n<meta property=\"og:type\" content=\"article\" \/>\n<meta property=\"og:title\" content=\"Inquinamento e mobilit\u00e0 urbana: il dossier Mal&#039;aria di Legambiente - Unipolis\" \/>\n<meta property=\"og:description\" content=\"Inquinamento e mobilit\u00e0 urbana: il dossier Mal&#039;aria di Legambiente\" \/>\n<meta property=\"og:url\" content=\"https:\/\/dx-factory-unipolis-corporate-wp.ha.servizi.gr-u.it\/site\/inquinamento-e-mobilita-urbana-il-dossier-malaria-di-legambiente\/\" \/>\n<meta property=\"og:site_name\" content=\"Unipolis\" \/>\n<meta property=\"article:published_time\" content=\"2023-02-02T23:00:00+00:00\" \/>\n<meta property=\"article:modified_time\" content=\"2025-12-30T09:05:46+00:00\" \/>\n<meta property=\"og:image\" content=\"https:\/\/dx-factory-unipolis-corporate-wp.ha.servizi.gr-u.it\/site\/wp-content\/uploads\/import\/PublishingImages\/ccc_legambiente_malaria_unipolis.png\" \/>\n\t<meta property=\"og:image:width\" content=\"1\" \/>\n\t<meta property=\"og:image:height\" content=\"1\" \/>\n\t<meta property=\"og:image:type\" content=\"image\/png\" \/>\n<meta name=\"author\" content=\"wsadmin\" \/>\n<meta name=\"twitter:card\" content=\"summary_large_image\" \/>\n<meta name=\"twitter:label1\" content=\"Written by\" \/>\n\t<meta name=\"twitter:data1\" content=\"wsadmin\" \/>\n\t<meta name=\"twitter:label2\" content=\"Est. reading time\" \/>\n\t<meta name=\"twitter:data2\" content=\"8 minutes\" \/>\n<script type=\"application\/ld+json\" class=\"yoast-schema-graph\">{\"@context\":\"https:\/\/schema.org\",\"@graph\":[{\"@type\":\"Article\",\"@id\":\"https:\/\/dx-factory-unipolis-corporate-wp.ha.servizi.gr-u.it\/site\/inquinamento-e-mobilita-urbana-il-dossier-malaria-di-legambiente\/#article\",\"isPartOf\":{\"@id\":\"https:\/\/dx-factory-unipolis-corporate-wp.ha.servizi.gr-u.it\/site\/inquinamento-e-mobilita-urbana-il-dossier-malaria-di-legambiente\/\"},\"author\":{\"name\":\"wsadmin\",\"@id\":\"https:\/\/www.fondazioneunipolis.org\/site\/#\/schema\/person\/43819ef7aaa5af51f1ed547eacb5e868\"},\"headline\":\"Inquinamento e mobilit\u00e0 urbana: il dossier Mal&#8217;aria di Legambiente\",\"datePublished\":\"2023-02-02T23:00:00+00:00\",\"dateModified\":\"2025-12-30T09:05:46+00:00\",\"mainEntityOfPage\":{\"@id\":\"https:\/\/dx-factory-unipolis-corporate-wp.ha.servizi.gr-u.it\/site\/inquinamento-e-mobilita-urbana-il-dossier-malaria-di-legambiente\/\"},\"wordCount\":1403,\"commentCount\":0,\"publisher\":{\"@id\":\"https:\/\/www.fondazioneunipolis.org\/site\/#organization\"},\"image\":{\"@id\":\"https:\/\/dx-factory-unipolis-corporate-wp.ha.servizi.gr-u.it\/site\/inquinamento-e-mobilita-urbana-il-dossier-malaria-di-legambiente\/#primaryimage\"},\"thumbnailUrl\":\"https:\/\/www.fondazioneunipolis.org\/site\/wp-content\/uploads\/import\/PublishingImages\/ccc_legambiente_malaria_unipolis.png\",\"keywords\":[\"mob\"],\"articleSection\":[\"Mobilit\u00e0\"],\"inLanguage\":\"it-IT\",\"potentialAction\":[{\"@type\":\"CommentAction\",\"name\":\"Comment\",\"target\":[\"https:\/\/dx-factory-unipolis-corporate-wp.ha.servizi.gr-u.it\/site\/inquinamento-e-mobilita-urbana-il-dossier-malaria-di-legambiente\/#respond\"]}]},{\"@type\":\"WebPage\",\"@id\":\"https:\/\/dx-factory-unipolis-corporate-wp.ha.servizi.gr-u.it\/site\/inquinamento-e-mobilita-urbana-il-dossier-malaria-di-legambiente\/\",\"url\":\"https:\/\/dx-factory-unipolis-corporate-wp.ha.servizi.gr-u.it\/site\/inquinamento-e-mobilita-urbana-il-dossier-malaria-di-legambiente\/\",\"name\":\"Inquinamento e mobilit\u00e0 urbana: il dossier Mal'aria di Legambiente - Unipolis\",\"isPartOf\":{\"@id\":\"https:\/\/www.fondazioneunipolis.org\/site\/#website\"},\"primaryImageOfPage\":{\"@id\":\"https:\/\/dx-factory-unipolis-corporate-wp.ha.servizi.gr-u.it\/site\/inquinamento-e-mobilita-urbana-il-dossier-malaria-di-legambiente\/#primaryimage\"},\"image\":{\"@id\":\"https:\/\/dx-factory-unipolis-corporate-wp.ha.servizi.gr-u.it\/site\/inquinamento-e-mobilita-urbana-il-dossier-malaria-di-legambiente\/#primaryimage\"},\"thumbnailUrl\":\"https:\/\/www.fondazioneunipolis.org\/site\/wp-content\/uploads\/import\/PublishingImages\/ccc_legambiente_malaria_unipolis.png\",\"datePublished\":\"2023-02-02T23:00:00+00:00\",\"dateModified\":\"2025-12-30T09:05:46+00:00\",\"description\":\"Inquinamento e mobilit\u00e0 urbana: il dossier Mal'aria di Legambiente\",\"breadcrumb\":{\"@id\":\"https:\/\/dx-factory-unipolis-corporate-wp.ha.servizi.gr-u.it\/site\/inquinamento-e-mobilita-urbana-il-dossier-malaria-di-legambiente\/#breadcrumb\"},\"inLanguage\":\"it-IT\",\"potentialAction\":[{\"@type\":\"ReadAction\",\"target\":[\"https:\/\/dx-factory-unipolis-corporate-wp.ha.servizi.gr-u.it\/site\/inquinamento-e-mobilita-urbana-il-dossier-malaria-di-legambiente\/\"]}]},{\"@type\":\"ImageObject\",\"inLanguage\":\"it-IT\",\"@id\":\"https:\/\/dx-factory-unipolis-corporate-wp.ha.servizi.gr-u.it\/site\/inquinamento-e-mobilita-urbana-il-dossier-malaria-di-legambiente\/#primaryimage\",\"url\":\"https:\/\/www.fondazioneunipolis.org\/site\/wp-content\/uploads\/import\/PublishingImages\/ccc_legambiente_malaria_unipolis.png\",\"contentUrl\":\"https:\/\/www.fondazioneunipolis.org\/site\/wp-content\/uploads\/import\/PublishingImages\/ccc_legambiente_malaria_unipolis.png\"},{\"@type\":\"BreadcrumbList\",\"@id\":\"https:\/\/dx-factory-unipolis-corporate-wp.ha.servizi.gr-u.it\/site\/inquinamento-e-mobilita-urbana-il-dossier-malaria-di-legambiente\/#breadcrumb\",\"itemListElement\":[{\"@type\":\"ListItem\",\"position\":1,\"name\":\"Home\",\"item\":\"https:\/\/www.fondazioneunipolis.org\/site\/\"},{\"@type\":\"ListItem\",\"position\":2,\"name\":\"Inquinamento e mobilit\u00e0 urbana: il dossier Mal&#8217;aria di Legambiente\"}]},{\"@type\":\"WebSite\",\"@id\":\"https:\/\/www.fondazioneunipolis.org\/site\/#website\",\"url\":\"https:\/\/www.fondazioneunipolis.org\/site\/\",\"name\":\"Unipolis\",\"description\":\"\",\"publisher\":{\"@id\":\"https:\/\/www.fondazioneunipolis.org\/site\/#organization\"},\"potentialAction\":[{\"@type\":\"SearchAction\",\"target\":{\"@type\":\"EntryPoint\",\"urlTemplate\":\"https:\/\/www.fondazioneunipolis.org\/site\/?s={search_term_string}\"},\"query-input\":{\"@type\":\"PropertyValueSpecification\",\"valueRequired\":true,\"valueName\":\"search_term_string\"}}],\"inLanguage\":\"it-IT\"},{\"@type\":\"Organization\",\"@id\":\"https:\/\/www.fondazioneunipolis.org\/site\/#organization\",\"name\":\"Unipolis\",\"url\":\"https:\/\/www.fondazioneunipolis.org\/site\/\",\"logo\":{\"@type\":\"ImageObject\",\"inLanguage\":\"it-IT\",\"@id\":\"https:\/\/www.fondazioneunipolis.org\/site\/#\/schema\/logo\/image\/\",\"url\":\"https:\/\/www.fondazioneunipolis.org\/site\/wp-content\/uploads\/2025\/07\/logo-fondazione-unipolis-1.svg\",\"contentUrl\":\"https:\/\/www.fondazioneunipolis.org\/site\/wp-content\/uploads\/2025\/07\/logo-fondazione-unipolis-1.svg\",\"caption\":\"Unipolis\"},\"image\":{\"@id\":\"https:\/\/www.fondazioneunipolis.org\/site\/#\/schema\/logo\/image\/\"}},{\"@type\":\"Person\",\"@id\":\"https:\/\/www.fondazioneunipolis.org\/site\/#\/schema\/person\/43819ef7aaa5af51f1ed547eacb5e868\",\"name\":\"wsadmin\",\"image\":{\"@type\":\"ImageObject\",\"inLanguage\":\"it-IT\",\"@id\":\"https:\/\/www.fondazioneunipolis.org\/site\/#\/schema\/person\/image\/\",\"url\":\"https:\/\/secure.gravatar.com\/avatar\/6512509e9ae62b647044a2731fadcbf236f2546df7b086feb6df7aabf2ef03aa?s=96&d=mm&r=g\",\"contentUrl\":\"https:\/\/secure.gravatar.com\/avatar\/6512509e9ae62b647044a2731fadcbf236f2546df7b086feb6df7aabf2ef03aa?s=96&d=mm&r=g\",\"caption\":\"wsadmin\"},\"sameAs\":[\"https:\/\/www.fondazioneunipolis.org\/site\"],\"url\":\"https:\/\/www.fondazioneunipolis.org\/site\/author\/wsadmin\/\"}]}<\/script>\n<!-- \/ Yoast SEO plugin. -->","yoast_head_json":{"title":"Inquinamento e mobilit\u00e0 urbana: il dossier Mal'aria di Legambiente - Unipolis","description":"Inquinamento e mobilit\u00e0 urbana: il dossier Mal'aria di Legambiente","robots":{"index":"index","follow":"follow","max-snippet":"max-snippet:-1","max-image-preview":"max-image-preview:large","max-video-preview":"max-video-preview:-1"},"canonical":"https:\/\/www.fondazioneunipolis.org\/site\/inquinamento-e-mobilita-urbana-il-dossier-malaria-di-legambiente\/","og_locale":"it_IT","og_type":"article","og_title":"Inquinamento e mobilit\u00e0 urbana: il dossier Mal'aria di Legambiente - Unipolis","og_description":"Inquinamento e mobilit\u00e0 urbana: il dossier Mal'aria di Legambiente","og_url":"https:\/\/dx-factory-unipolis-corporate-wp.ha.servizi.gr-u.it\/site\/inquinamento-e-mobilita-urbana-il-dossier-malaria-di-legambiente\/","og_site_name":"Unipolis","article_published_time":"2023-02-02T23:00:00+00:00","article_modified_time":"2025-12-30T09:05:46+00:00","og_image":[{"url":"https:\/\/dx-factory-unipolis-corporate-wp.ha.servizi.gr-u.it\/site\/wp-content\/uploads\/import\/PublishingImages\/ccc_legambiente_malaria_unipolis.png","width":1,"height":1,"type":"image\/png"}],"author":"wsadmin","twitter_card":"summary_large_image","twitter_misc":{"Written by":"wsadmin","Est. reading time":"8 minutes"},"schema":{"@context":"https:\/\/schema.org","@graph":[{"@type":"Article","@id":"https:\/\/dx-factory-unipolis-corporate-wp.ha.servizi.gr-u.it\/site\/inquinamento-e-mobilita-urbana-il-dossier-malaria-di-legambiente\/#article","isPartOf":{"@id":"https:\/\/dx-factory-unipolis-corporate-wp.ha.servizi.gr-u.it\/site\/inquinamento-e-mobilita-urbana-il-dossier-malaria-di-legambiente\/"},"author":{"name":"wsadmin","@id":"https:\/\/www.fondazioneunipolis.org\/site\/#\/schema\/person\/43819ef7aaa5af51f1ed547eacb5e868"},"headline":"Inquinamento e mobilit\u00e0 urbana: il dossier Mal&#8217;aria di Legambiente","datePublished":"2023-02-02T23:00:00+00:00","dateModified":"2025-12-30T09:05:46+00:00","mainEntityOfPage":{"@id":"https:\/\/dx-factory-unipolis-corporate-wp.ha.servizi.gr-u.it\/site\/inquinamento-e-mobilita-urbana-il-dossier-malaria-di-legambiente\/"},"wordCount":1403,"commentCount":0,"publisher":{"@id":"https:\/\/www.fondazioneunipolis.org\/site\/#organization"},"image":{"@id":"https:\/\/dx-factory-unipolis-corporate-wp.ha.servizi.gr-u.it\/site\/inquinamento-e-mobilita-urbana-il-dossier-malaria-di-legambiente\/#primaryimage"},"thumbnailUrl":"https:\/\/www.fondazioneunipolis.org\/site\/wp-content\/uploads\/import\/PublishingImages\/ccc_legambiente_malaria_unipolis.png","keywords":["mob"],"articleSection":["Mobilit\u00e0"],"inLanguage":"it-IT","potentialAction":[{"@type":"CommentAction","name":"Comment","target":["https:\/\/dx-factory-unipolis-corporate-wp.ha.servizi.gr-u.it\/site\/inquinamento-e-mobilita-urbana-il-dossier-malaria-di-legambiente\/#respond"]}]},{"@type":"WebPage","@id":"https:\/\/dx-factory-unipolis-corporate-wp.ha.servizi.gr-u.it\/site\/inquinamento-e-mobilita-urbana-il-dossier-malaria-di-legambiente\/","url":"https:\/\/dx-factory-unipolis-corporate-wp.ha.servizi.gr-u.it\/site\/inquinamento-e-mobilita-urbana-il-dossier-malaria-di-legambiente\/","name":"Inquinamento e mobilit\u00e0 urbana: il dossier Mal'aria di Legambiente - Unipolis","isPartOf":{"@id":"https:\/\/www.fondazioneunipolis.org\/site\/#website"},"primaryImageOfPage":{"@id":"https:\/\/dx-factory-unipolis-corporate-wp.ha.servizi.gr-u.it\/site\/inquinamento-e-mobilita-urbana-il-dossier-malaria-di-legambiente\/#primaryimage"},"image":{"@id":"https:\/\/dx-factory-unipolis-corporate-wp.ha.servizi.gr-u.it\/site\/inquinamento-e-mobilita-urbana-il-dossier-malaria-di-legambiente\/#primaryimage"},"thumbnailUrl":"https:\/\/www.fondazioneunipolis.org\/site\/wp-content\/uploads\/import\/PublishingImages\/ccc_legambiente_malaria_unipolis.png","datePublished":"2023-02-02T23:00:00+00:00","dateModified":"2025-12-30T09:05:46+00:00","description":"Inquinamento e mobilit\u00e0 urbana: il dossier Mal'aria di Legambiente","breadcrumb":{"@id":"https:\/\/dx-factory-unipolis-corporate-wp.ha.servizi.gr-u.it\/site\/inquinamento-e-mobilita-urbana-il-dossier-malaria-di-legambiente\/#breadcrumb"},"inLanguage":"it-IT","potentialAction":[{"@type":"ReadAction","target":["https:\/\/dx-factory-unipolis-corporate-wp.ha.servizi.gr-u.it\/site\/inquinamento-e-mobilita-urbana-il-dossier-malaria-di-legambiente\/"]}]},{"@type":"ImageObject","inLanguage":"it-IT","@id":"https:\/\/dx-factory-unipolis-corporate-wp.ha.servizi.gr-u.it\/site\/inquinamento-e-mobilita-urbana-il-dossier-malaria-di-legambiente\/#primaryimage","url":"https:\/\/www.fondazioneunipolis.org\/site\/wp-content\/uploads\/import\/PublishingImages\/ccc_legambiente_malaria_unipolis.png","contentUrl":"https:\/\/www.fondazioneunipolis.org\/site\/wp-content\/uploads\/import\/PublishingImages\/ccc_legambiente_malaria_unipolis.png"},{"@type":"BreadcrumbList","@id":"https:\/\/dx-factory-unipolis-corporate-wp.ha.servizi.gr-u.it\/site\/inquinamento-e-mobilita-urbana-il-dossier-malaria-di-legambiente\/#breadcrumb","itemListElement":[{"@type":"ListItem","position":1,"name":"Home","item":"https:\/\/www.fondazioneunipolis.org\/site\/"},{"@type":"ListItem","position":2,"name":"Inquinamento e mobilit\u00e0 urbana: il dossier Mal&#8217;aria di Legambiente"}]},{"@type":"WebSite","@id":"https:\/\/www.fondazioneunipolis.org\/site\/#website","url":"https:\/\/www.fondazioneunipolis.org\/site\/","name":"Unipolis","description":"","publisher":{"@id":"https:\/\/www.fondazioneunipolis.org\/site\/#organization"},"potentialAction":[{"@type":"SearchAction","target":{"@type":"EntryPoint","urlTemplate":"https:\/\/www.fondazioneunipolis.org\/site\/?s={search_term_string}"},"query-input":{"@type":"PropertyValueSpecification","valueRequired":true,"valueName":"search_term_string"}}],"inLanguage":"it-IT"},{"@type":"Organization","@id":"https:\/\/www.fondazioneunipolis.org\/site\/#organization","name":"Unipolis","url":"https:\/\/www.fondazioneunipolis.org\/site\/","logo":{"@type":"ImageObject","inLanguage":"it-IT","@id":"https:\/\/www.fondazioneunipolis.org\/site\/#\/schema\/logo\/image\/","url":"https:\/\/www.fondazioneunipolis.org\/site\/wp-content\/uploads\/2025\/07\/logo-fondazione-unipolis-1.svg","contentUrl":"https:\/\/www.fondazioneunipolis.org\/site\/wp-content\/uploads\/2025\/07\/logo-fondazione-unipolis-1.svg","caption":"Unipolis"},"image":{"@id":"https:\/\/www.fondazioneunipolis.org\/site\/#\/schema\/logo\/image\/"}},{"@type":"Person","@id":"https:\/\/www.fondazioneunipolis.org\/site\/#\/schema\/person\/43819ef7aaa5af51f1ed547eacb5e868","name":"wsadmin","image":{"@type":"ImageObject","inLanguage":"it-IT","@id":"https:\/\/www.fondazioneunipolis.org\/site\/#\/schema\/person\/image\/","url":"https:\/\/secure.gravatar.com\/avatar\/6512509e9ae62b647044a2731fadcbf236f2546df7b086feb6df7aabf2ef03aa?s=96&d=mm&r=g","contentUrl":"https:\/\/secure.gravatar.com\/avatar\/6512509e9ae62b647044a2731fadcbf236f2546df7b086feb6df7aabf2ef03aa?s=96&d=mm&r=g","caption":"wsadmin"},"sameAs":["https:\/\/www.fondazioneunipolis.org\/site"],"url":"https:\/\/www.fondazioneunipolis.org\/site\/author\/wsadmin\/"}]}},"_links":{"self":[{"href":"https:\/\/www.fondazioneunipolis.org\/site\/wp-json\/wp\/v2\/posts\/2273","targetHints":{"allow":["GET"]}}],"collection":[{"href":"https:\/\/www.fondazioneunipolis.org\/site\/wp-json\/wp\/v2\/posts"}],"about":[{"href":"https:\/\/www.fondazioneunipolis.org\/site\/wp-json\/wp\/v2\/types\/post"}],"author":[{"embeddable":true,"href":"https:\/\/www.fondazioneunipolis.org\/site\/wp-json\/wp\/v2\/users\/1"}],"replies":[{"embeddable":true,"href":"https:\/\/www.fondazioneunipolis.org\/site\/wp-json\/wp\/v2\/comments?post=2273"}],"version-history":[{"count":6,"href":"https:\/\/www.fondazioneunipolis.org\/site\/wp-json\/wp\/v2\/posts\/2273\/revisions"}],"predecessor-version":[{"id":11538,"href":"https:\/\/www.fondazioneunipolis.org\/site\/wp-json\/wp\/v2\/posts\/2273\/revisions\/11538"}],"wp:featuredmedia":[{"embeddable":true,"href":"https:\/\/www.fondazioneunipolis.org\/site\/wp-json\/wp\/v2\/media\/6877"}],"wp:attachment":[{"href":"https:\/\/www.fondazioneunipolis.org\/site\/wp-json\/wp\/v2\/media?parent=2273"}],"wp:term":[{"taxonomy":"category","embeddable":true,"href":"https:\/\/www.fondazioneunipolis.org\/site\/wp-json\/wp\/v2\/categories?post=2273"},{"taxonomy":"post_tag","embeddable":true,"href":"https:\/\/www.fondazioneunipolis.org\/site\/wp-json\/wp\/v2\/tags?post=2273"}],"curies":[{"name":"wp","href":"https:\/\/api.w.org\/{rel}","templated":true}]}}