{"id":2264,"date":"2020-09-03T00:00:00","date_gmt":"2020-09-02T22:00:00","guid":{"rendered":"https:\/\/www.fondazioneunipolis.org\/site\/il-paradosso-della-mobilita\/"},"modified":"2026-01-29T16:59:54","modified_gmt":"2026-01-29T15:59:54","slug":"il-paradosso-della-mobilita","status":"publish","type":"post","link":"https:\/\/www.fondazioneunipolis.org\/site\/news\/il-paradosso-della-mobilita\/","title":{"rendered":"Il paradosso della mobilit\u00e0"},"content":{"rendered":"<div id=\"ctl00_PlaceHolderMain_ctl03__ControlWrapper_RichHtmlField\" class=\"ms-rtestate-field\" style=\"display: inline;\" aria-labelledby=\"ctl00_PlaceHolderMain_ctl03_label\">\n<p><em>\u200b\u200b\u200b\u200bLa mobilit\u00e0 delle persone con disabilit\u00e0 al centro dell&#8217;incontro organizzato da\u00a0<\/em><em>Fondazione Unipolis<\/em><em>\u00a0per il Festival dello Sviluppo Sostenibile di\u00a0<\/em><em>ASviS &#8211; Alleanza Italiana per lo Sviluppo Sostenibile\u200b<\/em><em>\u00a0e la Settimana Europea della Mobilit\u00e0<\/em><em>\u00a02020.<\/em><\/p>\n<p>Il diritto negato alla mobilit\u00e0 sostenibile per le persone con disabilit\u00e0 si aggraver\u00e0 nel 2060 se l&#8217;Italia non sceglier\u00e0 con decisione la via dello sviluppo sostenibile.<\/p>\n<p>Nella\u00a0<a href=\"https:\/\/mobilityweek.eu\/home\/\" target=\"_blank\" rel=\"noopener\"><strong>Settimana Europea della Mobilit\u00e0<\/strong><\/a>\u00a0e nell&#8217;ambito del\u00a0<a href=\"https:\/\/festivalsvilupposostenibile.it\/2020\" target=\"_blank\" rel=\"noopener\"><strong>Festival dello Sviluppo Sostenibile<\/strong><\/a>\u00a0di\u00a0<a href=\"https:\/\/asvis.it\/\" target=\"_blank\" rel=\"noopener\"><strong>ASviS &#8211; Alleanza Italiana per lo Sviluppo Sostenibile<\/strong><\/a>, Fondazione Unipolis presenta i risultati della ricerca &#8220;<strong>Il paradosso della mobilit\u00e0<\/strong>&#8221; che mette a confronto l&#8217;Italia di oggi con quella del futuro, in collaborazione con\u00a0<strong><a href=\"https:\/\/www.anglat.it\/tmpl\/3\/index.php\" target=\"_blank\" rel=\"noopener\">ANGLAT\u200b<\/a><\/strong>\u00a0e\u00a0<strong><a href=\"https:\/\/www.cubounipol.it\/it\" target=\"_blank\" rel=\"noopener\">CUBO Condivi\u200bdere Cultura<\/a><\/strong>. Uno studio che per la prima volta affronta il tema della mobilit\u00e0 sostenibile per le persone con disabilit\u00e0.<\/p>\n<p>Si parla sempre e solo di\u00a0<strong>accesso alla mobilit\u00e0<\/strong>\u00a0senza mai chiedersi fino in fondo a quale tipo di mobilit\u00e0 facciamo riferimento. Quale mobilit\u00e0 stiamo garantendo alle persone con disabilit\u00e0? E, soprattutto, quale tipo di mobilit\u00e0 rischiamo di garantire loro in futuro? In questo studio, con una\u00a0<strong>proiezione dei dati al 2060<\/strong>, possiamo vedere quali rischi possono presentarsi se non decidiamo adesso con forza la<strong>\u00a0strada della sostenibilit\u00e0<\/strong>. Una scelta possibile e necessaria.<\/p>\n<p>Come caso studio, nell&#8217;ambito dell&#8217;iniziativa sar\u00e0 presentata l&#8217;App del progetto\u00a0<strong><a href=\"https:\/\/angolazionirotonde.it\/\" target=\"_blank\" rel=\"noopener\">Angolazioni Rotonde<\/a><\/strong>\u00a0di\u00a0<strong><a href=\"http:\/\/cervelliinazione.it\/home\" target=\"_blank\" rel=\"noopener\">Cervelli In Azione<\/a><\/strong>\u00a0per il turismo accessibile nell&#8217;area metropolitana di Bologna.<\/p>\n<p>Intervengono:\u200b<\/p>\n<p><strong>Marisa Parmigiani<\/strong>\u00a0&#8211; Fondazione Unipolis<br \/>\n<strong>Fausto Sacchelli<\/strong>\u00a0&#8211; Fondazione Unipolis<br \/>\n<strong>\u200bRoberto Romeo<\/strong>\u00a0&#8211; ANGLAT<br \/>\n<strong>Sara Fulco<\/strong>\u00a0&#8211; Angolazioni Rotonde<br \/>\n<strong>Marco Monesi\u00a0<\/strong>&#8211; Citt\u00e0 Metropolitana di Bologna<\/p>\n<p>\u200bIl dibattito si svolger\u00e0 il\u00a0<strong>21 settembre alle 15<\/strong>\u00a0in streaming sulla\u00a0<strong><a href=\"https:\/\/www.facebook.com\/events\/298411504551116\/?active_tab=discussion\" target=\"_blank\" rel=\"noopener\">Pagina Facebook di Fondazione Unipolis<\/a><\/strong>.\u00a0In alternativa la diretta sar\u00e0 disponibile anche\u00a0<a href=\"https:\/\/cubounipol.adobeconnect.com\/paradosso_della_mobilita\/\" target=\"_blank\" rel=\"noopener\"><strong>a questo link<\/strong> <\/a>.<\/p>\n<p>Partecipano:<\/p>\n<p data-key=\"170\"><span data-key=\"169\"><span data-offset-key=\"169:0\"><strong data-slate-leaf=\"true\">Antonio Avenoso<\/strong><\/span><span data-offset-key=\"169:1\">, Executive Director &#8211; European Transport Safety Council<br \/>\n<\/span><\/span><span data-offset-key=\"171:0\"><strong data-slate-leaf=\"true\">Piero Ragazzini<\/strong><\/span><span data-offset-key=\"171:1\">, Segretario Generale &#8211; FNP CISL<br \/>\n<\/span><span data-offset-key=\"173:0\"><strong data-slate-leaf=\"true\">Mina Cilloni<\/strong><\/span><span data-offset-key=\"173:1\">, Segretario nazionale &#8211; SPI CGIL<br \/>\n<\/span><span data-offset-key=\"175:0\"><strong data-slate-leaf=\"true\">Giada Maio<\/strong><\/span><span data-offset-key=\"175:1\">, Referente energia e mobilit\u00e0 \/ TPL &#8211; Anci nazionale<br \/>\n<\/span><span data-offset-key=\"177:0\"><strong data-slate-leaf=\"true\">Maria Lap\u200bietra<\/strong><\/span><span data-offset-key=\"177:1\">, Assessore alla mobilit\u00e0 &#8211; Comune di Torino<br \/>\n<\/span><span data-offset-key=\"179:0\"><strong data-slate-leaf=\"true\">Alessandro Fuschiotto<\/strong><\/span><span data-offset-key=\"179:1\">, Roma Servizi per la mobilit\u00e0<br \/>\n<\/span><span data-offset-key=\"181:0\"><strong data-slate-leaf=\"true\">Federico Camporesi<\/strong><\/span><span data-offset-key=\"181:1\">, Coordinatore della rete europea ARFIE<br \/>\n<\/span><span data-offset-key=\"183:0\"><strong data-slate-leaf=\"true\">Alberto Alberani<\/strong><\/span><span data-offset-key=\"183:1\">, Vice Presidente Legacoopsociali<br \/>\n<\/span><span data-offset-key=\"187:0\"><strong data-slate-leaf=\"true\">Alessandro Geri<\/strong><\/span><span data-offset-key=\"187:1\">, Referente nazionale del progetto di recupero del Sentiero Italia CAI<br \/>\n<\/span><span data-offset-key=\"189:0\"><strong data-slate-leaf=\"true\">Enrico Troiani<\/strong><\/span><span data-offset-key=\"189:1\">, Segreteria nazionale Uil Pensionati<br \/>\n<\/span><span data-offset-key=\"191:0\"><strong data-slate-leaf=\"true\">Eleonora Selvi<\/strong><\/span><span data-offset-key=\"191:1\">, Portavoce Senior Italia<br \/>\n<\/span><span data-offset-key=\"193:0\"><strong data-slate-leaf=\"true\">Fausto Viviani<\/strong><\/span><span data-offset-key=\"193:1\">, Portavoce Forum Terzo Settore Emilia \u2013 Romagna<br \/>\n<\/span><span data-offset-key=\"195:0\"><strong data-slate-leaf=\"true\">Mauro Sorbi<\/strong><\/span><span data-offset-key=\"195:1\">, Presidente Osservatorio per l\u2019educazione alla sicurezza stradale &#8211; Emilia-Romagna<br \/>\n<\/span><span data-offset-key=\"197:0\"><strong data-slate-leaf=\"true\">Maria Francesca Picchio<\/strong><\/span><span data-offset-key=\"197:1\">, CNA Pensionati Nazionale e Segretario Regionale CNA Pensionati\u00a0<\/span><\/p>\n<\/div>\n","protected":false},"excerpt":{"rendered":"<p>\u200b\u200b\u200b\u200bLa mobilit\u00e0 delle persone con disabilit\u00e0 al centro dell&#8217;incontro organizzato da\u00a0Fondazione Unipolis\u00a0per il Festival dello Sviluppo Sostenibile di\u00a0ASviS &#8211; Alleanza Italiana per lo Sviluppo Sostenibile\u200b\u00a0e la Settimana Europea della Mobilit\u00e0\u00a02020. Il diritto negato alla mobilit\u00e0 sostenibile per le persone con disabilit\u00e0 si aggraver\u00e0 nel 2060 se l&#8217;Italia non sceglier\u00e0 con decisione la via dello sviluppo [&hellip;]<\/p>\n","protected":false},"author":1,"featured_media":3686,"comment_status":"open","ping_status":"open","sticky":false,"template":"","format":"standard","meta":{"_acf_changed":false,"footnotes":""},"categories":[16],"tags":[647,641,649],"class_list":["post-2264","post","type-post","status-publish","format-standard","has-post-thumbnail","hentry","category-mobilita","tag-asvis","tag-fss","tag-sicurstrada_programma"],"acf":[],"yoast_head":"<!-- This site is optimized with the Yoast SEO plugin v26.1.1 - https:\/\/yoast.com\/wordpress\/plugins\/seo\/ -->\n<title>Il paradosso della mobilit\u00e0 - Unipolis<\/title>\n<meta name=\"robots\" content=\"index, follow, max-snippet:-1, max-image-preview:large, max-video-preview:-1\" \/>\n<link rel=\"canonical\" href=\"https:\/\/www.fondazioneunipolis.org\/site\/news\/il-paradosso-della-mobilita\/\" \/>\n<meta property=\"og:locale\" content=\"it_IT\" \/>\n<meta property=\"og:type\" content=\"article\" \/>\n<meta property=\"og:title\" content=\"Il paradosso della mobilit\u00e0 - Unipolis\" \/>\n<meta property=\"og:description\" content=\"\u200b\u200b\u200b\u200bLa mobilit\u00e0 delle persone con disabilit\u00e0 al centro dell&#8217;incontro organizzato da\u00a0Fondazione Unipolis\u00a0per il Festival dello Sviluppo Sostenibile di\u00a0ASviS &#8211; Alleanza Italiana per lo Sviluppo Sostenibile\u200b\u00a0e la Settimana Europea della Mobilit\u00e0\u00a02020. Il diritto negato alla mobilit\u00e0 sostenibile per le persone con disabilit\u00e0 si aggraver\u00e0 nel 2060 se l&#8217;Italia non sceglier\u00e0 con decisione la via dello sviluppo [&hellip;]\" \/>\n<meta property=\"og:url\" content=\"https:\/\/www.fondazioneunipolis.org\/site\/news\/il-paradosso-della-mobilita\/\" \/>\n<meta property=\"og:site_name\" content=\"Unipolis\" \/>\n<meta property=\"article:published_time\" content=\"2020-09-02T22:00:00+00:00\" \/>\n<meta property=\"article:modified_time\" content=\"2026-01-29T15:59:54+00:00\" \/>\n<meta property=\"og:image\" content=\"https:\/\/www.fondazioneunipolis.org\/site\/wp-content\/uploads\/import\/PublishingImages\/Notizie\/2_Il%20paradosso%20della%20mobilit\u00e0_unipolis_sicurstrada.png\" \/>\n\t<meta property=\"og:image:width\" content=\"1\" \/>\n\t<meta property=\"og:image:height\" content=\"1\" \/>\n\t<meta property=\"og:image:type\" content=\"image\/png\" \/>\n<meta name=\"author\" content=\"wsadmin\" \/>\n<meta name=\"twitter:card\" content=\"summary_large_image\" \/>\n<meta name=\"twitter:label1\" content=\"Written by\" \/>\n\t<meta name=\"twitter:data1\" content=\"wsadmin\" \/>\n\t<meta name=\"twitter:label2\" content=\"Est. reading time\" \/>\n\t<meta name=\"twitter:data2\" content=\"3 minutes\" \/>\n<script type=\"application\/ld+json\" class=\"yoast-schema-graph\">{\"@context\":\"https:\/\/schema.org\",\"@graph\":[{\"@type\":\"Article\",\"@id\":\"https:\/\/www.fondazioneunipolis.org\/site\/news\/il-paradosso-della-mobilita\/#article\",\"isPartOf\":{\"@id\":\"https:\/\/www.fondazioneunipolis.org\/site\/news\/il-paradosso-della-mobilita\/\"},\"author\":{\"name\":\"wsadmin\",\"@id\":\"https:\/\/www.fondazioneunipolis.org\/site\/#\/schema\/person\/43819ef7aaa5af51f1ed547eacb5e868\"},\"headline\":\"Il paradosso della mobilit\u00e0\",\"datePublished\":\"2020-09-02T22:00:00+00:00\",\"dateModified\":\"2026-01-29T15:59:54+00:00\",\"mainEntityOfPage\":{\"@id\":\"https:\/\/www.fondazioneunipolis.org\/site\/news\/il-paradosso-della-mobilita\/\"},\"wordCount\":406,\"commentCount\":0,\"publisher\":{\"@id\":\"https:\/\/www.fondazioneunipolis.org\/site\/#organization\"},\"image\":{\"@id\":\"https:\/\/www.fondazioneunipolis.org\/site\/news\/il-paradosso-della-mobilita\/#primaryimage\"},\"thumbnailUrl\":\"https:\/\/www.fondazioneunipolis.org\/site\/wp-content\/uploads\/import\/PublishingImages\/Notizie\/2_Il paradosso della mobilit\u00e0_unipolis_sicurstrada.png\",\"keywords\":[\"asvis\",\"fss\",\"sicurstrada_programma\"],\"articleSection\":[\"Mobilit\u00e0\"],\"inLanguage\":\"it-IT\",\"potentialAction\":[{\"@type\":\"CommentAction\",\"name\":\"Comment\",\"target\":[\"https:\/\/www.fondazioneunipolis.org\/site\/news\/il-paradosso-della-mobilita\/#respond\"]}]},{\"@type\":\"WebPage\",\"@id\":\"https:\/\/www.fondazioneunipolis.org\/site\/news\/il-paradosso-della-mobilita\/\",\"url\":\"https:\/\/www.fondazioneunipolis.org\/site\/news\/il-paradosso-della-mobilita\/\",\"name\":\"Il paradosso della mobilit\u00e0 - Unipolis\",\"isPartOf\":{\"@id\":\"https:\/\/www.fondazioneunipolis.org\/site\/#website\"},\"primaryImageOfPage\":{\"@id\":\"https:\/\/www.fondazioneunipolis.org\/site\/news\/il-paradosso-della-mobilita\/#primaryimage\"},\"image\":{\"@id\":\"https:\/\/www.fondazioneunipolis.org\/site\/news\/il-paradosso-della-mobilita\/#primaryimage\"},\"thumbnailUrl\":\"https:\/\/www.fondazioneunipolis.org\/site\/wp-content\/uploads\/import\/PublishingImages\/Notizie\/2_Il paradosso della mobilit\u00e0_unipolis_sicurstrada.png\",\"datePublished\":\"2020-09-02T22:00:00+00:00\",\"dateModified\":\"2026-01-29T15:59:54+00:00\",\"breadcrumb\":{\"@id\":\"https:\/\/www.fondazioneunipolis.org\/site\/news\/il-paradosso-della-mobilita\/#breadcrumb\"},\"inLanguage\":\"it-IT\",\"potentialAction\":[{\"@type\":\"ReadAction\",\"target\":[\"https:\/\/www.fondazioneunipolis.org\/site\/news\/il-paradosso-della-mobilita\/\"]}]},{\"@type\":\"ImageObject\",\"inLanguage\":\"it-IT\",\"@id\":\"https:\/\/www.fondazioneunipolis.org\/site\/news\/il-paradosso-della-mobilita\/#primaryimage\",\"url\":\"https:\/\/www.fondazioneunipolis.org\/site\/wp-content\/uploads\/import\/PublishingImages\/Notizie\/2_Il paradosso della mobilit\u00e0_unipolis_sicurstrada.png\",\"contentUrl\":\"https:\/\/www.fondazioneunipolis.org\/site\/wp-content\/uploads\/import\/PublishingImages\/Notizie\/2_Il paradosso della mobilit\u00e0_unipolis_sicurstrada.png\"},{\"@type\":\"BreadcrumbList\",\"@id\":\"https:\/\/www.fondazioneunipolis.org\/site\/news\/il-paradosso-della-mobilita\/#breadcrumb\",\"itemListElement\":[{\"@type\":\"ListItem\",\"position\":1,\"name\":\"Home\",\"item\":\"https:\/\/www.fondazioneunipolis.org\/site\/\"},{\"@type\":\"ListItem\",\"position\":2,\"name\":\"Il paradosso della mobilit\u00e0\"}]},{\"@type\":\"WebSite\",\"@id\":\"https:\/\/www.fondazioneunipolis.org\/site\/#website\",\"url\":\"https:\/\/www.fondazioneunipolis.org\/site\/\",\"name\":\"Unipolis\",\"description\":\"\",\"publisher\":{\"@id\":\"https:\/\/www.fondazioneunipolis.org\/site\/#organization\"},\"potentialAction\":[{\"@type\":\"SearchAction\",\"target\":{\"@type\":\"EntryPoint\",\"urlTemplate\":\"https:\/\/www.fondazioneunipolis.org\/site\/?s={search_term_string}\"},\"query-input\":{\"@type\":\"PropertyValueSpecification\",\"valueRequired\":true,\"valueName\":\"search_term_string\"}}],\"inLanguage\":\"it-IT\"},{\"@type\":\"Organization\",\"@id\":\"https:\/\/www.fondazioneunipolis.org\/site\/#organization\",\"name\":\"Unipolis\",\"url\":\"https:\/\/www.fondazioneunipolis.org\/site\/\",\"logo\":{\"@type\":\"ImageObject\",\"inLanguage\":\"it-IT\",\"@id\":\"https:\/\/www.fondazioneunipolis.org\/site\/#\/schema\/logo\/image\/\",\"url\":\"https:\/\/www.fondazioneunipolis.org\/site\/wp-content\/uploads\/2025\/07\/logo-fondazione-unipolis-1.svg\",\"contentUrl\":\"https:\/\/www.fondazioneunipolis.org\/site\/wp-content\/uploads\/2025\/07\/logo-fondazione-unipolis-1.svg\",\"caption\":\"Unipolis\"},\"image\":{\"@id\":\"https:\/\/www.fondazioneunipolis.org\/site\/#\/schema\/logo\/image\/\"}},{\"@type\":\"Person\",\"@id\":\"https:\/\/www.fondazioneunipolis.org\/site\/#\/schema\/person\/43819ef7aaa5af51f1ed547eacb5e868\",\"name\":\"wsadmin\",\"image\":{\"@type\":\"ImageObject\",\"inLanguage\":\"it-IT\",\"@id\":\"https:\/\/www.fondazioneunipolis.org\/site\/#\/schema\/person\/image\/\",\"url\":\"https:\/\/secure.gravatar.com\/avatar\/6512509e9ae62b647044a2731fadcbf236f2546df7b086feb6df7aabf2ef03aa?s=96&d=mm&r=g\",\"contentUrl\":\"https:\/\/secure.gravatar.com\/avatar\/6512509e9ae62b647044a2731fadcbf236f2546df7b086feb6df7aabf2ef03aa?s=96&d=mm&r=g\",\"caption\":\"wsadmin\"},\"sameAs\":[\"https:\/\/www.fondazioneunipolis.org\/site\"],\"url\":\"https:\/\/www.fondazioneunipolis.org\/site\/author\/wsadmin\/\"}]}<\/script>\n<!-- \/ Yoast SEO plugin. -->","yoast_head_json":{"title":"Il paradosso della mobilit\u00e0 - Unipolis","robots":{"index":"index","follow":"follow","max-snippet":"max-snippet:-1","max-image-preview":"max-image-preview:large","max-video-preview":"max-video-preview:-1"},"canonical":"https:\/\/www.fondazioneunipolis.org\/site\/news\/il-paradosso-della-mobilita\/","og_locale":"it_IT","og_type":"article","og_title":"Il paradosso della mobilit\u00e0 - Unipolis","og_description":"\u200b\u200b\u200b\u200bLa mobilit\u00e0 delle persone con disabilit\u00e0 al centro dell&#8217;incontro organizzato da\u00a0Fondazione Unipolis\u00a0per il Festival dello Sviluppo Sostenibile di\u00a0ASviS &#8211; Alleanza Italiana per lo Sviluppo Sostenibile\u200b\u00a0e la Settimana Europea della Mobilit\u00e0\u00a02020. Il diritto negato alla mobilit\u00e0 sostenibile per le persone con disabilit\u00e0 si aggraver\u00e0 nel 2060 se l&#8217;Italia non sceglier\u00e0 con decisione la via dello sviluppo [&hellip;]","og_url":"https:\/\/www.fondazioneunipolis.org\/site\/news\/il-paradosso-della-mobilita\/","og_site_name":"Unipolis","article_published_time":"2020-09-02T22:00:00+00:00","article_modified_time":"2026-01-29T15:59:54+00:00","og_image":[{"url":"https:\/\/www.fondazioneunipolis.org\/site\/wp-content\/uploads\/import\/PublishingImages\/Notizie\/2_Il paradosso della mobilit\u00e0_unipolis_sicurstrada.png","width":1,"height":1,"type":"image\/png"}],"author":"wsadmin","twitter_card":"summary_large_image","twitter_misc":{"Written by":"wsadmin","Est. reading time":"3 minutes"},"schema":{"@context":"https:\/\/schema.org","@graph":[{"@type":"Article","@id":"https:\/\/www.fondazioneunipolis.org\/site\/news\/il-paradosso-della-mobilita\/#article","isPartOf":{"@id":"https:\/\/www.fondazioneunipolis.org\/site\/news\/il-paradosso-della-mobilita\/"},"author":{"name":"wsadmin","@id":"https:\/\/www.fondazioneunipolis.org\/site\/#\/schema\/person\/43819ef7aaa5af51f1ed547eacb5e868"},"headline":"Il paradosso della mobilit\u00e0","datePublished":"2020-09-02T22:00:00+00:00","dateModified":"2026-01-29T15:59:54+00:00","mainEntityOfPage":{"@id":"https:\/\/www.fondazioneunipolis.org\/site\/news\/il-paradosso-della-mobilita\/"},"wordCount":406,"commentCount":0,"publisher":{"@id":"https:\/\/www.fondazioneunipolis.org\/site\/#organization"},"image":{"@id":"https:\/\/www.fondazioneunipolis.org\/site\/news\/il-paradosso-della-mobilita\/#primaryimage"},"thumbnailUrl":"https:\/\/www.fondazioneunipolis.org\/site\/wp-content\/uploads\/import\/PublishingImages\/Notizie\/2_Il paradosso della mobilit\u00e0_unipolis_sicurstrada.png","keywords":["asvis","fss","sicurstrada_programma"],"articleSection":["Mobilit\u00e0"],"inLanguage":"it-IT","potentialAction":[{"@type":"CommentAction","name":"Comment","target":["https:\/\/www.fondazioneunipolis.org\/site\/news\/il-paradosso-della-mobilita\/#respond"]}]},{"@type":"WebPage","@id":"https:\/\/www.fondazioneunipolis.org\/site\/news\/il-paradosso-della-mobilita\/","url":"https:\/\/www.fondazioneunipolis.org\/site\/news\/il-paradosso-della-mobilita\/","name":"Il paradosso della mobilit\u00e0 - Unipolis","isPartOf":{"@id":"https:\/\/www.fondazioneunipolis.org\/site\/#website"},"primaryImageOfPage":{"@id":"https:\/\/www.fondazioneunipolis.org\/site\/news\/il-paradosso-della-mobilita\/#primaryimage"},"image":{"@id":"https:\/\/www.fondazioneunipolis.org\/site\/news\/il-paradosso-della-mobilita\/#primaryimage"},"thumbnailUrl":"https:\/\/www.fondazioneunipolis.org\/site\/wp-content\/uploads\/import\/PublishingImages\/Notizie\/2_Il paradosso della mobilit\u00e0_unipolis_sicurstrada.png","datePublished":"2020-09-02T22:00:00+00:00","dateModified":"2026-01-29T15:59:54+00:00","breadcrumb":{"@id":"https:\/\/www.fondazioneunipolis.org\/site\/news\/il-paradosso-della-mobilita\/#breadcrumb"},"inLanguage":"it-IT","potentialAction":[{"@type":"ReadAction","target":["https:\/\/www.fondazioneunipolis.org\/site\/news\/il-paradosso-della-mobilita\/"]}]},{"@type":"ImageObject","inLanguage":"it-IT","@id":"https:\/\/www.fondazioneunipolis.org\/site\/news\/il-paradosso-della-mobilita\/#primaryimage","url":"https:\/\/www.fondazioneunipolis.org\/site\/wp-content\/uploads\/import\/PublishingImages\/Notizie\/2_Il paradosso della mobilit\u00e0_unipolis_sicurstrada.png","contentUrl":"https:\/\/www.fondazioneunipolis.org\/site\/wp-content\/uploads\/import\/PublishingImages\/Notizie\/2_Il paradosso della mobilit\u00e0_unipolis_sicurstrada.png"},{"@type":"BreadcrumbList","@id":"https:\/\/www.fondazioneunipolis.org\/site\/news\/il-paradosso-della-mobilita\/#breadcrumb","itemListElement":[{"@type":"ListItem","position":1,"name":"Home","item":"https:\/\/www.fondazioneunipolis.org\/site\/"},{"@type":"ListItem","position":2,"name":"Il paradosso della mobilit\u00e0"}]},{"@type":"WebSite","@id":"https:\/\/www.fondazioneunipolis.org\/site\/#website","url":"https:\/\/www.fondazioneunipolis.org\/site\/","name":"Unipolis","description":"","publisher":{"@id":"https:\/\/www.fondazioneunipolis.org\/site\/#organization"},"potentialAction":[{"@type":"SearchAction","target":{"@type":"EntryPoint","urlTemplate":"https:\/\/www.fondazioneunipolis.org\/site\/?s={search_term_string}"},"query-input":{"@type":"PropertyValueSpecification","valueRequired":true,"valueName":"search_term_string"}}],"inLanguage":"it-IT"},{"@type":"Organization","@id":"https:\/\/www.fondazioneunipolis.org\/site\/#organization","name":"Unipolis","url":"https:\/\/www.fondazioneunipolis.org\/site\/","logo":{"@type":"ImageObject","inLanguage":"it-IT","@id":"https:\/\/www.fondazioneunipolis.org\/site\/#\/schema\/logo\/image\/","url":"https:\/\/www.fondazioneunipolis.org\/site\/wp-content\/uploads\/2025\/07\/logo-fondazione-unipolis-1.svg","contentUrl":"https:\/\/www.fondazioneunipolis.org\/site\/wp-content\/uploads\/2025\/07\/logo-fondazione-unipolis-1.svg","caption":"Unipolis"},"image":{"@id":"https:\/\/www.fondazioneunipolis.org\/site\/#\/schema\/logo\/image\/"}},{"@type":"Person","@id":"https:\/\/www.fondazioneunipolis.org\/site\/#\/schema\/person\/43819ef7aaa5af51f1ed547eacb5e868","name":"wsadmin","image":{"@type":"ImageObject","inLanguage":"it-IT","@id":"https:\/\/www.fondazioneunipolis.org\/site\/#\/schema\/person\/image\/","url":"https:\/\/secure.gravatar.com\/avatar\/6512509e9ae62b647044a2731fadcbf236f2546df7b086feb6df7aabf2ef03aa?s=96&d=mm&r=g","contentUrl":"https:\/\/secure.gravatar.com\/avatar\/6512509e9ae62b647044a2731fadcbf236f2546df7b086feb6df7aabf2ef03aa?s=96&d=mm&r=g","caption":"wsadmin"},"sameAs":["https:\/\/www.fondazioneunipolis.org\/site"],"url":"https:\/\/www.fondazioneunipolis.org\/site\/author\/wsadmin\/"}]}},"_links":{"self":[{"href":"https:\/\/www.fondazioneunipolis.org\/site\/wp-json\/wp\/v2\/posts\/2264","targetHints":{"allow":["GET"]}}],"collection":[{"href":"https:\/\/www.fondazioneunipolis.org\/site\/wp-json\/wp\/v2\/posts"}],"about":[{"href":"https:\/\/www.fondazioneunipolis.org\/site\/wp-json\/wp\/v2\/types\/post"}],"author":[{"embeddable":true,"href":"https:\/\/www.fondazioneunipolis.org\/site\/wp-json\/wp\/v2\/users\/1"}],"replies":[{"embeddable":true,"href":"https:\/\/www.fondazioneunipolis.org\/site\/wp-json\/wp\/v2\/comments?post=2264"}],"version-history":[{"count":4,"href":"https:\/\/www.fondazioneunipolis.org\/site\/wp-json\/wp\/v2\/posts\/2264\/revisions"}],"predecessor-version":[{"id":11830,"href":"https:\/\/www.fondazioneunipolis.org\/site\/wp-json\/wp\/v2\/posts\/2264\/revisions\/11830"}],"wp:featuredmedia":[{"embeddable":true,"href":"https:\/\/www.fondazioneunipolis.org\/site\/wp-json\/wp\/v2\/media\/3686"}],"wp:attachment":[{"href":"https:\/\/www.fondazioneunipolis.org\/site\/wp-json\/wp\/v2\/media?parent=2264"}],"wp:term":[{"taxonomy":"category","embeddable":true,"href":"https:\/\/www.fondazioneunipolis.org\/site\/wp-json\/wp\/v2\/categories?post=2264"},{"taxonomy":"post_tag","embeddable":true,"href":"https:\/\/www.fondazioneunipolis.org\/site\/wp-json\/wp\/v2\/tags?post=2264"}],"curies":[{"name":"wp","href":"https:\/\/api.w.org\/{rel}","templated":true}]}}