{"id":2262,"date":"2019-07-29T00:00:00","date_gmt":"2019-07-28T22:00:00","guid":{"rendered":"https:\/\/www.fondazioneunipolis.org\/site\/il-futuro-della-mobilita-e-o-r-a\/"},"modified":"2025-12-22T15:48:12","modified_gmt":"2025-12-22T14:48:12","slug":"il-futuro-della-mobilita-e-o-r-a","status":"publish","type":"post","link":"https:\/\/www.fondazioneunipolis.org\/site\/news\/il-futuro-della-mobilita-e-o-r-a\/","title":{"rendered":"Il futuro della mobilit\u00e0 \u00e8 O.R.A."},"content":{"rendered":"<div id=\"ctl00_PlaceHolderMain_ctl03__ControlWrapper_RichHtmlField\" class=\"ms-rtestate-field\" style=\"display: inline;\" aria-labelledby=\"ctl00_PlaceHolderMain_ctl03_label\">\n<p>\u00c8 O.R.A. di muoversi! Di rompere gli schemi, allargare gli orizzonti, immaginare e percorrere nuove strade. Il <strong>19 settembre<\/strong>, nell\u2019ambito della <strong><a href=\"http:\/\/www.mobilityweek.eu\/\" target=\"_blank\" rel=\"noopener\">Settimana Europea della Mobilit\u00e0 2019<\/a><\/strong> \u00e8 stato presentato <strong><a href=\"https:\/\/www.fondazioneunipolis.org\/site\/progetti\/o-r-a-open-road-alliance\/\" target=\"_blank\" rel=\"noopener\">O.R.A<\/a>.<\/strong>, un percorso formativo e un contest di idee per giovani pronti a costruire l\u2019Open Road Alliance \u2013 l\u2019alleanza dei ragazzi delle <strong>citt\u00e0 metropolitane italiane<\/strong>, uniti per progettare le comunit\u00e0 del futuro e realizzare il nuovo <strong>Manifesto della Mobilit\u00e0 Sostenibile \u2013 La Mobilit\u00e0 del Futuro<\/strong>.<\/p>\n<p>\u200b\u200bL\u2019evento di lancio di O.R.A., il progetto triennale ideato su iniziativa di <strong>Fondazione Unipolis<\/strong> e <strong><a href=\"https:\/\/www.cittadinanzattiva.it\/\" target=\"_blank\" rel=\"noopener\">Cittadinanzattiva <\/a><\/strong>si \u00e8 svolto a <strong>Roma <\/strong>nella Sala Capitolare presso il Chiostro del Convento di Santa Maria sopra Minerva.<\/p>\n<p>L\u2019intento di O.R.A. \u00e8 promuovere una <strong>nuova cultura della mobilit\u00e0<\/strong> attraverso l\u2019educazione ad un nuovo modello di mobilit\u00e0 pi\u00f9 sostenibile in senso ampio, basato cio\u00e8 sull\u2019attenzione ai temi ambientali, la condivisione dei mezzi, la sicurezza, un orientamento alla multimodalit\u00e0 e all\u2019interoperabilit\u00e0 oltre che ad un approccio pi\u00f9 sostenibile al mondo dei servizi pubblici locali. Le azioni progettuali si collocano nell\u2019ambito degli <strong>obiettivi di sviluppo sostenibile<\/strong> indicati dall\u2019Agenda 2030 delle Nazioni Unite. Partire dai giovani, promuovendo la loro partecipazione attiva su questi temi, \u00e8 fondamentale per costruire comunit\u00e0 intelligenti, inclusive, sostenibili e favorire il dialogo tra gli stakeholder attorno alle tematiche pi\u00f9 rilevanti. Prima fra tutte quella delle aree urbane dove, oltre al rispetto delle regole e alla consapevolezza della strada come bene comune, servono nuovi assetti urbani.<\/p>\n<p>Le classi potranno candidarsi a partecipare <strong>fino al 20 dicembre 2019<\/strong>, per un percorso in varie fasi che si concluder\u00e0 a fine 2021. <strong>Scopri il progetto al <a href=\"https:\/\/www.fondazioneunipolis.org\/site\/progetti\/o-r-a-open-road-alliance\/\" target=\"_blank\" rel=\"noopener\">link<\/a>: <\/strong><\/p>\n<p>Il <strong>Manifesto della Mobilit\u00e0 Sostenibile \u2013 La Mobilit\u00e0 del Futuro<\/strong> sar\u00e0 realizzato sia in versione testuale, con il contributo dei lavori di tutte le classi partecipanti, sia in versione multimediale mediante i lavori creativi delle 9 classi finaliste, che vinceranno una visita a Bologna negli spazi di <strong><a href=\"http:\/\/www.cubounipol.it\/\" target=\"_blank\" rel=\"noopener\">CUBO\u200b<\/a><\/strong>, il museo d\u2019impresa del gruppo Unipol \u2013 tra i partner del Progetto O.R.A. \u2013 dove potranno sperimentare i <strong>simulatori di guida<\/strong> e presso i <strong><a href=\"http:\/\/www.ducati.com\/it\/it\/fisica-in-moto\" target=\"_blank\" rel=\"noopener\">laboratori Ducati di Fisica In Moto<\/a><\/strong>, per un\u2019esperienza didattica interattiva.<\/p>\n<p>Il percorso si concluder\u00e0 con <strong>14 incontri pubblici<\/strong> di restituzione del Manifesto da parte dei ragazzi alle proprie citt\u00e0 metropolitane di appartenenza, momenti in cui i ragazzi consegneranno alle amministrazioni la loro idea di <strong>mobilit\u00e0 futura<\/strong>.<\/p>\n<p>L\u2019<strong><a href=\"https:\/\/progetti.unicatt.it\/progetti-milan-psicologia-del-traffico-home\" target=\"_blank\" rel=\"noopener\">Unit\u00e0 di Ricerca in Psicologia del Traffico<\/a><\/strong> dell\u2019<strong>Universit\u00e0 Cattolica del Sacro Cuore<\/strong> realizzer\u00e0 la misurazione di impatto dell\u2019intero progetto, il cui esito sar\u00e0 una pubblicazione che analizzer\u00e0 l\u2019impatto in termini di aumento della conoscenza, cambiamento di attitudini e comportamenti che il progetto ha generato su tutti gli studenti partecipanti.<\/p>\n<p>Nel corso dell\u2019evento del 19 settembre \u00e8 intervenuto <strong>Werner De Dobbeleer<\/strong> (Flemish Foundation for Traffic Knowledge) in rappresentanza dell\u2019<strong><a href=\"https:\/\/www.facebook.com\/europeantransportsafetycouncil\/\" target=\"_blank\" rel=\"noopener\">European Transport Safety Council<\/a><\/strong>, il Consiglio Europeo per la sicurezza dei trasporti, che ha presentato per la prima volta in Italia i risultati dello studio \u201c<strong><a href=\"https:\/\/etsc.eu\/the-status-of-traffic-safety-and-mobility-education-in-europe\/\" target=\"_blank\" rel=\"noopener\">Lo stato dell\u2019educazione alla mobilit\u00e0 e alla sicurezza stradale in Europa<\/a><\/strong>\u201d. Un\u2019occasione per riflettere sull\u2019efficacia di diversi modelli, obiettivi e approcci al tema.<\/p>\n<p>Il progetto O.R.A. ha gi\u00e0 ottenuto il patrocinio del <strong>Ministero dell\u2019Ambiente e della Tutela del territorio e del Mare<\/strong> e di <strong>ANCI \u2013 Associazione Nazionale Comuni Italiani<\/strong>.<\/p>\n<p>Nelle diverse fasi del percorso saranno coinvolti i partner di O.R.A.:<\/p>\n<ul>\n<li>Research Unit on traffic psychology \u2013 Universit\u00e0 Cattolica del Sacro Cuore<\/li>\n<li>Laboratorio mobilit\u00e0 e trasporti \u2013 Politecnico di Milano<\/li>\n<li>ANVU Associazione Professionale Polizia Locale d\u2019Italia<\/li>\n<li>CRU \u2013 Consigli Regionali Unipol<\/li>\n<li>CUBO Museo d\u2019impresa del Gruppo Unipol<\/li>\n<li>Linear Assicurazioni \u2013 Compagnia online del Gruppo Unipol<\/li>\n<\/ul>\n<\/div>\n","protected":false},"excerpt":{"rendered":"<p>\u00c8 O.R.A. di muoversi! Di rompere gli schemi, allargare gli orizzonti, immaginare e percorrere nuove strade. Il 19 settembre, nell\u2019ambito della Settimana Europea della Mobilit\u00e0 2019 \u00e8 stato presentato O.R.A., un percorso formativo e un contest di idee per giovani pronti a costruire l\u2019Open Road Alliance \u2013 l\u2019alleanza dei ragazzi delle citt\u00e0 metropolitane italiane, uniti [&hellip;]<\/p>\n","protected":false},"author":1,"featured_media":2976,"comment_status":"open","ping_status":"open","sticky":false,"template":"","format":"standard","meta":{"_acf_changed":false,"footnotes":""},"categories":[16],"tags":[659,649],"class_list":["post-2262","post","type-post","status-publish","format-standard","has-post-thumbnail","hentry","category-mobilita","tag-progettoora","tag-sicurstrada_programma"],"acf":[],"yoast_head":"<!-- This site is optimized with the Yoast SEO plugin v26.1.1 - https:\/\/yoast.com\/wordpress\/plugins\/seo\/ -->\n<title>Il futuro della mobilit\u00e0 \u00e8 O.R.A. - Unipolis<\/title>\n<meta name=\"description\" content=\"Il futuro della mobilit\u00e0 \u00e8 O.R.A.\" \/>\n<meta name=\"robots\" content=\"index, follow, max-snippet:-1, max-image-preview:large, max-video-preview:-1\" \/>\n<link rel=\"canonical\" href=\"https:\/\/www.fondazioneunipolis.org\/site\/il-futuro-della-mobilita-e-o-r-a\/\" \/>\n<meta property=\"og:locale\" content=\"it_IT\" \/>\n<meta property=\"og:type\" content=\"article\" \/>\n<meta property=\"og:title\" content=\"Il futuro della mobilit\u00e0 \u00e8 O.R.A. - Unipolis\" \/>\n<meta property=\"og:description\" content=\"Il futuro della mobilit\u00e0 \u00e8 O.R.A.\" \/>\n<meta property=\"og:url\" content=\"https:\/\/dx-factory-unipolis-corporate-wp.ha.servizi.gr-u.it\/site\/il-futuro-della-mobilita-e-o-r-a\/\" \/>\n<meta property=\"og:site_name\" content=\"Unipolis\" \/>\n<meta property=\"article:published_time\" content=\"2019-07-28T22:00:00+00:00\" \/>\n<meta property=\"article:modified_time\" content=\"2025-12-22T14:48:12+00:00\" \/>\n<meta property=\"og:image\" content=\"https:\/\/dx-factory-unipolis-corporate-wp.ha.servizi.gr-u.it\/site\/wp-content\/uploads\/import\/PublishingImages\/Notizie\/o-r-a-unipolis.png\" \/>\n\t<meta property=\"og:image:width\" content=\"1\" \/>\n\t<meta property=\"og:image:height\" content=\"1\" \/>\n\t<meta property=\"og:image:type\" content=\"image\/png\" \/>\n<meta name=\"author\" content=\"wsadmin\" \/>\n<meta name=\"twitter:card\" content=\"summary_large_image\" \/>\n<meta name=\"twitter:label1\" content=\"Written by\" \/>\n\t<meta name=\"twitter:data1\" content=\"wsadmin\" \/>\n\t<meta name=\"twitter:label2\" content=\"Est. reading time\" \/>\n\t<meta name=\"twitter:data2\" content=\"4 minutes\" \/>\n<script type=\"application\/ld+json\" class=\"yoast-schema-graph\">{\"@context\":\"https:\/\/schema.org\",\"@graph\":[{\"@type\":\"Article\",\"@id\":\"https:\/\/dx-factory-unipolis-corporate-wp.ha.servizi.gr-u.it\/site\/il-futuro-della-mobilita-e-o-r-a\/#article\",\"isPartOf\":{\"@id\":\"https:\/\/dx-factory-unipolis-corporate-wp.ha.servizi.gr-u.it\/site\/il-futuro-della-mobilita-e-o-r-a\/\"},\"author\":{\"name\":\"wsadmin\",\"@id\":\"https:\/\/www.fondazioneunipolis.org\/site\/#\/schema\/person\/43819ef7aaa5af51f1ed547eacb5e868\"},\"headline\":\"Il futuro della mobilit\u00e0 \u00e8 O.R.A.\",\"datePublished\":\"2019-07-28T22:00:00+00:00\",\"dateModified\":\"2025-12-22T14:48:12+00:00\",\"mainEntityOfPage\":{\"@id\":\"https:\/\/dx-factory-unipolis-corporate-wp.ha.servizi.gr-u.it\/site\/il-futuro-della-mobilita-e-o-r-a\/\"},\"wordCount\":598,\"commentCount\":0,\"publisher\":{\"@id\":\"https:\/\/www.fondazioneunipolis.org\/site\/#organization\"},\"image\":{\"@id\":\"https:\/\/dx-factory-unipolis-corporate-wp.ha.servizi.gr-u.it\/site\/il-futuro-della-mobilita-e-o-r-a\/#primaryimage\"},\"thumbnailUrl\":\"https:\/\/www.fondazioneunipolis.org\/site\/wp-content\/uploads\/import\/PublishingImages\/Notizie\/o-r-a-unipolis.png\",\"keywords\":[\"progettoORA\",\"sicurstrada_programma\"],\"articleSection\":[\"Mobilit\u00e0\"],\"inLanguage\":\"it-IT\",\"potentialAction\":[{\"@type\":\"CommentAction\",\"name\":\"Comment\",\"target\":[\"https:\/\/dx-factory-unipolis-corporate-wp.ha.servizi.gr-u.it\/site\/il-futuro-della-mobilita-e-o-r-a\/#respond\"]}]},{\"@type\":\"WebPage\",\"@id\":\"https:\/\/dx-factory-unipolis-corporate-wp.ha.servizi.gr-u.it\/site\/il-futuro-della-mobilita-e-o-r-a\/\",\"url\":\"https:\/\/dx-factory-unipolis-corporate-wp.ha.servizi.gr-u.it\/site\/il-futuro-della-mobilita-e-o-r-a\/\",\"name\":\"Il futuro della mobilit\u00e0 \u00e8 O.R.A. - Unipolis\",\"isPartOf\":{\"@id\":\"https:\/\/www.fondazioneunipolis.org\/site\/#website\"},\"primaryImageOfPage\":{\"@id\":\"https:\/\/dx-factory-unipolis-corporate-wp.ha.servizi.gr-u.it\/site\/il-futuro-della-mobilita-e-o-r-a\/#primaryimage\"},\"image\":{\"@id\":\"https:\/\/dx-factory-unipolis-corporate-wp.ha.servizi.gr-u.it\/site\/il-futuro-della-mobilita-e-o-r-a\/#primaryimage\"},\"thumbnailUrl\":\"https:\/\/www.fondazioneunipolis.org\/site\/wp-content\/uploads\/import\/PublishingImages\/Notizie\/o-r-a-unipolis.png\",\"datePublished\":\"2019-07-28T22:00:00+00:00\",\"dateModified\":\"2025-12-22T14:48:12+00:00\",\"description\":\"Il futuro della mobilit\u00e0 \u00e8 O.R.A.\",\"breadcrumb\":{\"@id\":\"https:\/\/dx-factory-unipolis-corporate-wp.ha.servizi.gr-u.it\/site\/il-futuro-della-mobilita-e-o-r-a\/#breadcrumb\"},\"inLanguage\":\"it-IT\",\"potentialAction\":[{\"@type\":\"ReadAction\",\"target\":[\"https:\/\/dx-factory-unipolis-corporate-wp.ha.servizi.gr-u.it\/site\/il-futuro-della-mobilita-e-o-r-a\/\"]}]},{\"@type\":\"ImageObject\",\"inLanguage\":\"it-IT\",\"@id\":\"https:\/\/dx-factory-unipolis-corporate-wp.ha.servizi.gr-u.it\/site\/il-futuro-della-mobilita-e-o-r-a\/#primaryimage\",\"url\":\"https:\/\/www.fondazioneunipolis.org\/site\/wp-content\/uploads\/import\/PublishingImages\/Notizie\/o-r-a-unipolis.png\",\"contentUrl\":\"https:\/\/www.fondazioneunipolis.org\/site\/wp-content\/uploads\/import\/PublishingImages\/Notizie\/o-r-a-unipolis.png\"},{\"@type\":\"BreadcrumbList\",\"@id\":\"https:\/\/dx-factory-unipolis-corporate-wp.ha.servizi.gr-u.it\/site\/il-futuro-della-mobilita-e-o-r-a\/#breadcrumb\",\"itemListElement\":[{\"@type\":\"ListItem\",\"position\":1,\"name\":\"Home\",\"item\":\"https:\/\/www.fondazioneunipolis.org\/site\/\"},{\"@type\":\"ListItem\",\"position\":2,\"name\":\"Il futuro della mobilit\u00e0 \u00e8 O.R.A.\"}]},{\"@type\":\"WebSite\",\"@id\":\"https:\/\/www.fondazioneunipolis.org\/site\/#website\",\"url\":\"https:\/\/www.fondazioneunipolis.org\/site\/\",\"name\":\"Unipolis\",\"description\":\"\",\"publisher\":{\"@id\":\"https:\/\/www.fondazioneunipolis.org\/site\/#organization\"},\"potentialAction\":[{\"@type\":\"SearchAction\",\"target\":{\"@type\":\"EntryPoint\",\"urlTemplate\":\"https:\/\/www.fondazioneunipolis.org\/site\/?s={search_term_string}\"},\"query-input\":{\"@type\":\"PropertyValueSpecification\",\"valueRequired\":true,\"valueName\":\"search_term_string\"}}],\"inLanguage\":\"it-IT\"},{\"@type\":\"Organization\",\"@id\":\"https:\/\/www.fondazioneunipolis.org\/site\/#organization\",\"name\":\"Unipolis\",\"url\":\"https:\/\/www.fondazioneunipolis.org\/site\/\",\"logo\":{\"@type\":\"ImageObject\",\"inLanguage\":\"it-IT\",\"@id\":\"https:\/\/www.fondazioneunipolis.org\/site\/#\/schema\/logo\/image\/\",\"url\":\"https:\/\/www.fondazioneunipolis.org\/site\/wp-content\/uploads\/2025\/07\/logo-fondazione-unipolis-1.svg\",\"contentUrl\":\"https:\/\/www.fondazioneunipolis.org\/site\/wp-content\/uploads\/2025\/07\/logo-fondazione-unipolis-1.svg\",\"caption\":\"Unipolis\"},\"image\":{\"@id\":\"https:\/\/www.fondazioneunipolis.org\/site\/#\/schema\/logo\/image\/\"}},{\"@type\":\"Person\",\"@id\":\"https:\/\/www.fondazioneunipolis.org\/site\/#\/schema\/person\/43819ef7aaa5af51f1ed547eacb5e868\",\"name\":\"wsadmin\",\"image\":{\"@type\":\"ImageObject\",\"inLanguage\":\"it-IT\",\"@id\":\"https:\/\/www.fondazioneunipolis.org\/site\/#\/schema\/person\/image\/\",\"url\":\"https:\/\/secure.gravatar.com\/avatar\/6512509e9ae62b647044a2731fadcbf236f2546df7b086feb6df7aabf2ef03aa?s=96&d=mm&r=g\",\"contentUrl\":\"https:\/\/secure.gravatar.com\/avatar\/6512509e9ae62b647044a2731fadcbf236f2546df7b086feb6df7aabf2ef03aa?s=96&d=mm&r=g\",\"caption\":\"wsadmin\"},\"sameAs\":[\"https:\/\/www.fondazioneunipolis.org\/site\"],\"url\":\"https:\/\/www.fondazioneunipolis.org\/site\/author\/wsadmin\/\"}]}<\/script>\n<!-- \/ Yoast SEO plugin. -->","yoast_head_json":{"title":"Il futuro della mobilit\u00e0 \u00e8 O.R.A. - Unipolis","description":"Il futuro della mobilit\u00e0 \u00e8 O.R.A.","robots":{"index":"index","follow":"follow","max-snippet":"max-snippet:-1","max-image-preview":"max-image-preview:large","max-video-preview":"max-video-preview:-1"},"canonical":"https:\/\/www.fondazioneunipolis.org\/site\/il-futuro-della-mobilita-e-o-r-a\/","og_locale":"it_IT","og_type":"article","og_title":"Il futuro della mobilit\u00e0 \u00e8 O.R.A. - Unipolis","og_description":"Il futuro della mobilit\u00e0 \u00e8 O.R.A.","og_url":"https:\/\/dx-factory-unipolis-corporate-wp.ha.servizi.gr-u.it\/site\/il-futuro-della-mobilita-e-o-r-a\/","og_site_name":"Unipolis","article_published_time":"2019-07-28T22:00:00+00:00","article_modified_time":"2025-12-22T14:48:12+00:00","og_image":[{"url":"https:\/\/dx-factory-unipolis-corporate-wp.ha.servizi.gr-u.it\/site\/wp-content\/uploads\/import\/PublishingImages\/Notizie\/o-r-a-unipolis.png","width":1,"height":1,"type":"image\/png"}],"author":"wsadmin","twitter_card":"summary_large_image","twitter_misc":{"Written by":"wsadmin","Est. reading time":"4 minutes"},"schema":{"@context":"https:\/\/schema.org","@graph":[{"@type":"Article","@id":"https:\/\/dx-factory-unipolis-corporate-wp.ha.servizi.gr-u.it\/site\/il-futuro-della-mobilita-e-o-r-a\/#article","isPartOf":{"@id":"https:\/\/dx-factory-unipolis-corporate-wp.ha.servizi.gr-u.it\/site\/il-futuro-della-mobilita-e-o-r-a\/"},"author":{"name":"wsadmin","@id":"https:\/\/www.fondazioneunipolis.org\/site\/#\/schema\/person\/43819ef7aaa5af51f1ed547eacb5e868"},"headline":"Il futuro della mobilit\u00e0 \u00e8 O.R.A.","datePublished":"2019-07-28T22:00:00+00:00","dateModified":"2025-12-22T14:48:12+00:00","mainEntityOfPage":{"@id":"https:\/\/dx-factory-unipolis-corporate-wp.ha.servizi.gr-u.it\/site\/il-futuro-della-mobilita-e-o-r-a\/"},"wordCount":598,"commentCount":0,"publisher":{"@id":"https:\/\/www.fondazioneunipolis.org\/site\/#organization"},"image":{"@id":"https:\/\/dx-factory-unipolis-corporate-wp.ha.servizi.gr-u.it\/site\/il-futuro-della-mobilita-e-o-r-a\/#primaryimage"},"thumbnailUrl":"https:\/\/www.fondazioneunipolis.org\/site\/wp-content\/uploads\/import\/PublishingImages\/Notizie\/o-r-a-unipolis.png","keywords":["progettoORA","sicurstrada_programma"],"articleSection":["Mobilit\u00e0"],"inLanguage":"it-IT","potentialAction":[{"@type":"CommentAction","name":"Comment","target":["https:\/\/dx-factory-unipolis-corporate-wp.ha.servizi.gr-u.it\/site\/il-futuro-della-mobilita-e-o-r-a\/#respond"]}]},{"@type":"WebPage","@id":"https:\/\/dx-factory-unipolis-corporate-wp.ha.servizi.gr-u.it\/site\/il-futuro-della-mobilita-e-o-r-a\/","url":"https:\/\/dx-factory-unipolis-corporate-wp.ha.servizi.gr-u.it\/site\/il-futuro-della-mobilita-e-o-r-a\/","name":"Il futuro della mobilit\u00e0 \u00e8 O.R.A. - Unipolis","isPartOf":{"@id":"https:\/\/www.fondazioneunipolis.org\/site\/#website"},"primaryImageOfPage":{"@id":"https:\/\/dx-factory-unipolis-corporate-wp.ha.servizi.gr-u.it\/site\/il-futuro-della-mobilita-e-o-r-a\/#primaryimage"},"image":{"@id":"https:\/\/dx-factory-unipolis-corporate-wp.ha.servizi.gr-u.it\/site\/il-futuro-della-mobilita-e-o-r-a\/#primaryimage"},"thumbnailUrl":"https:\/\/www.fondazioneunipolis.org\/site\/wp-content\/uploads\/import\/PublishingImages\/Notizie\/o-r-a-unipolis.png","datePublished":"2019-07-28T22:00:00+00:00","dateModified":"2025-12-22T14:48:12+00:00","description":"Il futuro della mobilit\u00e0 \u00e8 O.R.A.","breadcrumb":{"@id":"https:\/\/dx-factory-unipolis-corporate-wp.ha.servizi.gr-u.it\/site\/il-futuro-della-mobilita-e-o-r-a\/#breadcrumb"},"inLanguage":"it-IT","potentialAction":[{"@type":"ReadAction","target":["https:\/\/dx-factory-unipolis-corporate-wp.ha.servizi.gr-u.it\/site\/il-futuro-della-mobilita-e-o-r-a\/"]}]},{"@type":"ImageObject","inLanguage":"it-IT","@id":"https:\/\/dx-factory-unipolis-corporate-wp.ha.servizi.gr-u.it\/site\/il-futuro-della-mobilita-e-o-r-a\/#primaryimage","url":"https:\/\/www.fondazioneunipolis.org\/site\/wp-content\/uploads\/import\/PublishingImages\/Notizie\/o-r-a-unipolis.png","contentUrl":"https:\/\/www.fondazioneunipolis.org\/site\/wp-content\/uploads\/import\/PublishingImages\/Notizie\/o-r-a-unipolis.png"},{"@type":"BreadcrumbList","@id":"https:\/\/dx-factory-unipolis-corporate-wp.ha.servizi.gr-u.it\/site\/il-futuro-della-mobilita-e-o-r-a\/#breadcrumb","itemListElement":[{"@type":"ListItem","position":1,"name":"Home","item":"https:\/\/www.fondazioneunipolis.org\/site\/"},{"@type":"ListItem","position":2,"name":"Il futuro della mobilit\u00e0 \u00e8 O.R.A."}]},{"@type":"WebSite","@id":"https:\/\/www.fondazioneunipolis.org\/site\/#website","url":"https:\/\/www.fondazioneunipolis.org\/site\/","name":"Unipolis","description":"","publisher":{"@id":"https:\/\/www.fondazioneunipolis.org\/site\/#organization"},"potentialAction":[{"@type":"SearchAction","target":{"@type":"EntryPoint","urlTemplate":"https:\/\/www.fondazioneunipolis.org\/site\/?s={search_term_string}"},"query-input":{"@type":"PropertyValueSpecification","valueRequired":true,"valueName":"search_term_string"}}],"inLanguage":"it-IT"},{"@type":"Organization","@id":"https:\/\/www.fondazioneunipolis.org\/site\/#organization","name":"Unipolis","url":"https:\/\/www.fondazioneunipolis.org\/site\/","logo":{"@type":"ImageObject","inLanguage":"it-IT","@id":"https:\/\/www.fondazioneunipolis.org\/site\/#\/schema\/logo\/image\/","url":"https:\/\/www.fondazioneunipolis.org\/site\/wp-content\/uploads\/2025\/07\/logo-fondazione-unipolis-1.svg","contentUrl":"https:\/\/www.fondazioneunipolis.org\/site\/wp-content\/uploads\/2025\/07\/logo-fondazione-unipolis-1.svg","caption":"Unipolis"},"image":{"@id":"https:\/\/www.fondazioneunipolis.org\/site\/#\/schema\/logo\/image\/"}},{"@type":"Person","@id":"https:\/\/www.fondazioneunipolis.org\/site\/#\/schema\/person\/43819ef7aaa5af51f1ed547eacb5e868","name":"wsadmin","image":{"@type":"ImageObject","inLanguage":"it-IT","@id":"https:\/\/www.fondazioneunipolis.org\/site\/#\/schema\/person\/image\/","url":"https:\/\/secure.gravatar.com\/avatar\/6512509e9ae62b647044a2731fadcbf236f2546df7b086feb6df7aabf2ef03aa?s=96&d=mm&r=g","contentUrl":"https:\/\/secure.gravatar.com\/avatar\/6512509e9ae62b647044a2731fadcbf236f2546df7b086feb6df7aabf2ef03aa?s=96&d=mm&r=g","caption":"wsadmin"},"sameAs":["https:\/\/www.fondazioneunipolis.org\/site"],"url":"https:\/\/www.fondazioneunipolis.org\/site\/author\/wsadmin\/"}]}},"_links":{"self":[{"href":"https:\/\/www.fondazioneunipolis.org\/site\/wp-json\/wp\/v2\/posts\/2262","targetHints":{"allow":["GET"]}}],"collection":[{"href":"https:\/\/www.fondazioneunipolis.org\/site\/wp-json\/wp\/v2\/posts"}],"about":[{"href":"https:\/\/www.fondazioneunipolis.org\/site\/wp-json\/wp\/v2\/types\/post"}],"author":[{"embeddable":true,"href":"https:\/\/www.fondazioneunipolis.org\/site\/wp-json\/wp\/v2\/users\/1"}],"replies":[{"embeddable":true,"href":"https:\/\/www.fondazioneunipolis.org\/site\/wp-json\/wp\/v2\/comments?post=2262"}],"version-history":[{"count":4,"href":"https:\/\/www.fondazioneunipolis.org\/site\/wp-json\/wp\/v2\/posts\/2262\/revisions"}],"predecessor-version":[{"id":11210,"href":"https:\/\/www.fondazioneunipolis.org\/site\/wp-json\/wp\/v2\/posts\/2262\/revisions\/11210"}],"wp:featuredmedia":[{"embeddable":true,"href":"https:\/\/www.fondazioneunipolis.org\/site\/wp-json\/wp\/v2\/media\/2976"}],"wp:attachment":[{"href":"https:\/\/www.fondazioneunipolis.org\/site\/wp-json\/wp\/v2\/media?parent=2262"}],"wp:term":[{"taxonomy":"category","embeddable":true,"href":"https:\/\/www.fondazioneunipolis.org\/site\/wp-json\/wp\/v2\/categories?post=2262"},{"taxonomy":"post_tag","embeddable":true,"href":"https:\/\/www.fondazioneunipolis.org\/site\/wp-json\/wp\/v2\/tags?post=2262"}],"curies":[{"name":"wp","href":"https:\/\/api.w.org\/{rel}","templated":true}]}}