{"id":2261,"date":"2023-10-11T00:00:00","date_gmt":"2023-10-10T22:00:00","guid":{"rendered":"https:\/\/www.fondazioneunipolis.org\/site\/il-camp-festival-di-mob\/"},"modified":"2026-01-05T10:47:40","modified_gmt":"2026-01-05T09:47:40","slug":"il-camp-festival-di-mob","status":"publish","type":"post","link":"https:\/\/www.fondazioneunipolis.org\/site\/news\/il-camp-festival-di-mob\/","title":{"rendered":"Il Camp Festival di MOB"},"content":{"rendered":"<div id=\"ctl00_PlaceHolderMain_ctl03__ControlWrapper_RichHtmlField\" class=\"ms-rtestate-field\" style=\"display: inline;\" aria-labelledby=\"ctl00_PlaceHolderMain_ctl03_label\">\n<p>Sono ragazze e ragazzi eccellenti, curiosi, competenti e interessati. La classe ideale con cui ogni docente vorrebbe avere a che fare. I selezionati di <a href=\"https:\/\/www.fondazioneunipolis.org\/site\/mob\/\" target=\"_blank\" rel=\"noopener\"><strong>MOB<\/strong><\/a> hanno queste caratteristiche, hanno una giusta dose di attivismo e impegno civico accompagnata da un pizzico di sfrontataggine e un&#8217;abbondante dose di voglia di mettersi in gioco per <strong>cambiare la mobilit\u00e0<\/strong> delle loro citt\u00e0.<\/p>\n<p>Le ricette che c\u200bi hanno proposto partecipando al bando di MOB (che per ora non possiamo ancora svelarvi) sono molto diverse e derivano del resto dai loro diversi percorsi di studio e dal loro impegno nelle comunit\u00e0 in cui vivono. La pi\u00f9 giovane \u00e8 Alessandra, 16 anni, da Torre Annunziata (NA), il pi\u00f9 &#8220;anziano&#8221; \u00e8 Martin, 22 anni, da Ponte di Piave (TV). In mezzo degni rappresentanti della <strong>Generazione Z <\/strong>che provengono da tutta Italia, portando un bagaglio di esperienze e conoscenze che stanno generosamente mettendo a disposizione del progetto.<\/p>\n<p style=\"text-align: left;\">\u200b<\/p>\n<p>Un mese fa, dall&#8217;8 al 10 settembre, hanno partecipato al <strong>Camp Festival<\/strong> realizzato da <strong>Unipolis<\/strong> in collaborazione con <strong>La Fabbrica<\/strong>. All&#8217;Eurocamp di Cesenatico, che ha ospitato l&#8217;evento, c&#8217;\u00e8 stata una vera full immersion in cui l&#8217;obiettivo principale per loro \u00e8 stato quello di <strong>ispirarsi<\/strong> e di lasciarsi ispirare, dai loro coetanei, dagli esperti che hanno conosciuto, dalle attivit\u00e0 in cui sono stati coinvolti.<\/p>\n<p>Tre giorni in cui hanno incontrato <strong>Vincenzo Schettini<\/strong> \u2013 popolare prof. de <em>La fisica che ci piace<\/em>, <strong>Andrea Minguzzi<\/strong> &#8211; campione olimpico di lotta greco-romana e <em>Sport Legend<\/em> di Sport &amp; Salute, <strong>Giovanni Mori<\/strong> &#8211; attivista di <em>Fridays for Future<\/em>. Si sono confrontati sui temi dell&#8217;attivismo civico con <strong>Cittadinanzattiva<\/strong> e hanno sperimentato le metodologie del role play e del design thinking con <strong>Housatonic<\/strong>, <strong>The Good Lobby<\/strong> e <strong>Storyfactory<\/strong>. Hanno infine messo in discussione le loro idee con l&#8217;obiettivo di migliorarle in vista della seconda selezione prevista dal bando.<\/p>\n<p>E non sorprenda se anche il viaggio in pullman verso la serata libera a Mirabilandia \u00e8 stata l&#8217;occasione per confrontarsi sulla fattibilit\u00e0 tecnica delle loro innovazioni, non meravigli il fatto che in spiaggia hanno analizzato l&#8217;origine e lo sviluppo delle democrazie. Sono la classe ideale, del resto, e su di loro abbiamo caricato un peso non indifferente, quello di proporre <strong>nuove visioni della mobilit\u00e0<\/strong> e da quanto abbiamo visto finora crediamo che non verremo disattesi.<\/p>\n<p>Ora dalla loro testa e dai loro occhi quello che hanno vissuto al Camp deve diventare un flusso che si riversa negli elaborati. Hanno tempo, infatti, <strong>fino al 15 novembre<\/strong> per migliorarli. Perch\u00e9 dopo quella data MOB entra nella sua fase finale, quella in cui i partecipanti diventano tredici: <strong>10 Idee dal futuro<\/strong> e <strong>3 Proposte per il presente<\/strong>, le due categorie previste dal bando.<\/p>\n<p>Gli autori e le autrici delle dieci idee inizieranno un percorso che, dopo una formazione su public speaking e storytelling, li porter\u00e0 a salire su un <strong>grande palco<\/strong> per raccontarle, assieme a creator e influencer. Inoltre, le idee saranno raccolte in un documento che verr\u00e0 consegnato al <strong>Consiglio Nazionale dei Giovani<\/strong>.<\/p>\n<p>I tre selezionati nella categoria Proposte per il presente, invece, si confronteranno per realizzarle con le istituzioni e gli stakeholder delle citt\u00e0 oggetto delle loro proposte, sperimentando cosa vuol dire partecipazione civica, advocacy locale, stakeholder engagement e service design.<\/p>\n<p>Noi assieme a tutti i partner di MOB siamo pronti ad accompagnarli e appoggiarli nella loro <em>rivoluzione<\/em>, siamo pronti ad ascoltare il loro canto, come quello che ci hanno regalato durante il viaggio di rientro dal Camp: pi\u00f9 o meno intonato, ma certamente libero.\u00a0\u200b<\/p>\n<p>\u200b<\/p>\n<\/div>\n","protected":false},"excerpt":{"rendered":"<p>Sono ragazze e ragazzi eccellenti, curiosi, competenti e interessati. La classe ideale con cui ogni docente vorrebbe avere a che fare. I selezionati di MOB hanno queste caratteristiche, hanno una giusta dose di attivismo e impegno civico accompagnata da un pizzico di sfrontataggine e un&#8217;abbondante dose di voglia di mettersi in gioco per cambiare la [&hellip;]<\/p>\n","protected":false},"author":1,"featured_media":2953,"comment_status":"open","ping_status":"open","sticky":false,"template":"","format":"standard","meta":{"_acf_changed":false,"footnotes":""},"categories":[16],"tags":[645],"class_list":["post-2261","post","type-post","status-publish","format-standard","has-post-thumbnail","hentry","category-mobilita","tag-mob"],"acf":[],"yoast_head":"<!-- This site is optimized with the Yoast SEO plugin v26.1.1 - https:\/\/yoast.com\/wordpress\/plugins\/seo\/ -->\n<title>Il Camp Festival di MOB - Unipolis<\/title>\n<meta name=\"description\" content=\"Il Camp Festival di MOB\" \/>\n<meta name=\"robots\" content=\"index, follow, max-snippet:-1, max-image-preview:large, max-video-preview:-1\" \/>\n<link rel=\"canonical\" href=\"https:\/\/www.fondazioneunipolis.org\/site\/il-camp-festival-di-mob\/\" \/>\n<meta property=\"og:locale\" content=\"it_IT\" \/>\n<meta property=\"og:type\" content=\"article\" \/>\n<meta property=\"og:title\" content=\"Il Camp Festival di MOB - Unipolis\" \/>\n<meta property=\"og:description\" content=\"Il Camp Festival di MOB\" \/>\n<meta property=\"og:url\" content=\"https:\/\/dx-factory-unipolis-corporate-wp.ha.servizi.gr-u.it\/site\/il-camp-festival-di-mob\/\" \/>\n<meta property=\"og:site_name\" content=\"Unipolis\" \/>\n<meta property=\"article:published_time\" content=\"2023-10-10T22:00:00+00:00\" \/>\n<meta property=\"article:modified_time\" content=\"2026-01-05T09:47:40+00:00\" \/>\n<meta property=\"og:image\" content=\"https:\/\/dx-factory-unipolis-corporate-wp.ha.servizi.gr-u.it\/site\/wp-content\/uploads\/import\/PublishingImages\/mob_camp%20festiva_cesenatico.png\" \/>\n\t<meta property=\"og:image:width\" content=\"1\" \/>\n\t<meta property=\"og:image:height\" content=\"1\" \/>\n\t<meta property=\"og:image:type\" content=\"image\/png\" \/>\n<meta name=\"author\" content=\"wsadmin\" \/>\n<meta name=\"twitter:card\" content=\"summary_large_image\" \/>\n<meta name=\"twitter:label1\" content=\"Written by\" \/>\n\t<meta name=\"twitter:data1\" content=\"wsadmin\" \/>\n\t<meta name=\"twitter:label2\" content=\"Est. reading time\" \/>\n\t<meta name=\"twitter:data2\" content=\"4 minutes\" \/>\n<script type=\"application\/ld+json\" class=\"yoast-schema-graph\">{\"@context\":\"https:\/\/schema.org\",\"@graph\":[{\"@type\":\"Article\",\"@id\":\"https:\/\/dx-factory-unipolis-corporate-wp.ha.servizi.gr-u.it\/site\/il-camp-festival-di-mob\/#article\",\"isPartOf\":{\"@id\":\"https:\/\/dx-factory-unipolis-corporate-wp.ha.servizi.gr-u.it\/site\/il-camp-festival-di-mob\/\"},\"author\":{\"name\":\"wsadmin\",\"@id\":\"https:\/\/www.fondazioneunipolis.org\/site\/#\/schema\/person\/43819ef7aaa5af51f1ed547eacb5e868\"},\"headline\":\"Il Camp Festival di MOB\",\"datePublished\":\"2023-10-10T22:00:00+00:00\",\"dateModified\":\"2026-01-05T09:47:40+00:00\",\"mainEntityOfPage\":{\"@id\":\"https:\/\/dx-factory-unipolis-corporate-wp.ha.servizi.gr-u.it\/site\/il-camp-festival-di-mob\/\"},\"wordCount\":577,\"commentCount\":0,\"publisher\":{\"@id\":\"https:\/\/www.fondazioneunipolis.org\/site\/#organization\"},\"image\":{\"@id\":\"https:\/\/dx-factory-unipolis-corporate-wp.ha.servizi.gr-u.it\/site\/il-camp-festival-di-mob\/#primaryimage\"},\"thumbnailUrl\":\"https:\/\/www.fondazioneunipolis.org\/site\/wp-content\/uploads\/import\/PublishingImages\/mob_camp festiva_cesenatico.png\",\"keywords\":[\"mob\"],\"articleSection\":[\"Mobilit\u00e0\"],\"inLanguage\":\"it-IT\",\"potentialAction\":[{\"@type\":\"CommentAction\",\"name\":\"Comment\",\"target\":[\"https:\/\/dx-factory-unipolis-corporate-wp.ha.servizi.gr-u.it\/site\/il-camp-festival-di-mob\/#respond\"]}]},{\"@type\":\"WebPage\",\"@id\":\"https:\/\/dx-factory-unipolis-corporate-wp.ha.servizi.gr-u.it\/site\/il-camp-festival-di-mob\/\",\"url\":\"https:\/\/dx-factory-unipolis-corporate-wp.ha.servizi.gr-u.it\/site\/il-camp-festival-di-mob\/\",\"name\":\"Il Camp Festival di MOB - Unipolis\",\"isPartOf\":{\"@id\":\"https:\/\/www.fondazioneunipolis.org\/site\/#website\"},\"primaryImageOfPage\":{\"@id\":\"https:\/\/dx-factory-unipolis-corporate-wp.ha.servizi.gr-u.it\/site\/il-camp-festival-di-mob\/#primaryimage\"},\"image\":{\"@id\":\"https:\/\/dx-factory-unipolis-corporate-wp.ha.servizi.gr-u.it\/site\/il-camp-festival-di-mob\/#primaryimage\"},\"thumbnailUrl\":\"https:\/\/www.fondazioneunipolis.org\/site\/wp-content\/uploads\/import\/PublishingImages\/mob_camp festiva_cesenatico.png\",\"datePublished\":\"2023-10-10T22:00:00+00:00\",\"dateModified\":\"2026-01-05T09:47:40+00:00\",\"description\":\"Il Camp Festival di MOB\",\"breadcrumb\":{\"@id\":\"https:\/\/dx-factory-unipolis-corporate-wp.ha.servizi.gr-u.it\/site\/il-camp-festival-di-mob\/#breadcrumb\"},\"inLanguage\":\"it-IT\",\"potentialAction\":[{\"@type\":\"ReadAction\",\"target\":[\"https:\/\/dx-factory-unipolis-corporate-wp.ha.servizi.gr-u.it\/site\/il-camp-festival-di-mob\/\"]}]},{\"@type\":\"ImageObject\",\"inLanguage\":\"it-IT\",\"@id\":\"https:\/\/dx-factory-unipolis-corporate-wp.ha.servizi.gr-u.it\/site\/il-camp-festival-di-mob\/#primaryimage\",\"url\":\"https:\/\/www.fondazioneunipolis.org\/site\/wp-content\/uploads\/import\/PublishingImages\/mob_camp festiva_cesenatico.png\",\"contentUrl\":\"https:\/\/www.fondazioneunipolis.org\/site\/wp-content\/uploads\/import\/PublishingImages\/mob_camp festiva_cesenatico.png\"},{\"@type\":\"BreadcrumbList\",\"@id\":\"https:\/\/dx-factory-unipolis-corporate-wp.ha.servizi.gr-u.it\/site\/il-camp-festival-di-mob\/#breadcrumb\",\"itemListElement\":[{\"@type\":\"ListItem\",\"position\":1,\"name\":\"Home\",\"item\":\"https:\/\/www.fondazioneunipolis.org\/site\/\"},{\"@type\":\"ListItem\",\"position\":2,\"name\":\"Il Camp Festival di MOB\"}]},{\"@type\":\"WebSite\",\"@id\":\"https:\/\/www.fondazioneunipolis.org\/site\/#website\",\"url\":\"https:\/\/www.fondazioneunipolis.org\/site\/\",\"name\":\"Unipolis\",\"description\":\"\",\"publisher\":{\"@id\":\"https:\/\/www.fondazioneunipolis.org\/site\/#organization\"},\"potentialAction\":[{\"@type\":\"SearchAction\",\"target\":{\"@type\":\"EntryPoint\",\"urlTemplate\":\"https:\/\/www.fondazioneunipolis.org\/site\/?s={search_term_string}\"},\"query-input\":{\"@type\":\"PropertyValueSpecification\",\"valueRequired\":true,\"valueName\":\"search_term_string\"}}],\"inLanguage\":\"it-IT\"},{\"@type\":\"Organization\",\"@id\":\"https:\/\/www.fondazioneunipolis.org\/site\/#organization\",\"name\":\"Unipolis\",\"url\":\"https:\/\/www.fondazioneunipolis.org\/site\/\",\"logo\":{\"@type\":\"ImageObject\",\"inLanguage\":\"it-IT\",\"@id\":\"https:\/\/www.fondazioneunipolis.org\/site\/#\/schema\/logo\/image\/\",\"url\":\"https:\/\/www.fondazioneunipolis.org\/site\/wp-content\/uploads\/2025\/07\/logo-fondazione-unipolis-1.svg\",\"contentUrl\":\"https:\/\/www.fondazioneunipolis.org\/site\/wp-content\/uploads\/2025\/07\/logo-fondazione-unipolis-1.svg\",\"caption\":\"Unipolis\"},\"image\":{\"@id\":\"https:\/\/www.fondazioneunipolis.org\/site\/#\/schema\/logo\/image\/\"}},{\"@type\":\"Person\",\"@id\":\"https:\/\/www.fondazioneunipolis.org\/site\/#\/schema\/person\/43819ef7aaa5af51f1ed547eacb5e868\",\"name\":\"wsadmin\",\"image\":{\"@type\":\"ImageObject\",\"inLanguage\":\"it-IT\",\"@id\":\"https:\/\/www.fondazioneunipolis.org\/site\/#\/schema\/person\/image\/\",\"url\":\"https:\/\/secure.gravatar.com\/avatar\/6512509e9ae62b647044a2731fadcbf236f2546df7b086feb6df7aabf2ef03aa?s=96&d=mm&r=g\",\"contentUrl\":\"https:\/\/secure.gravatar.com\/avatar\/6512509e9ae62b647044a2731fadcbf236f2546df7b086feb6df7aabf2ef03aa?s=96&d=mm&r=g\",\"caption\":\"wsadmin\"},\"sameAs\":[\"https:\/\/www.fondazioneunipolis.org\/site\"],\"url\":\"https:\/\/www.fondazioneunipolis.org\/site\/author\/wsadmin\/\"}]}<\/script>\n<!-- \/ Yoast SEO plugin. -->","yoast_head_json":{"title":"Il Camp Festival di MOB - Unipolis","description":"Il Camp Festival di MOB","robots":{"index":"index","follow":"follow","max-snippet":"max-snippet:-1","max-image-preview":"max-image-preview:large","max-video-preview":"max-video-preview:-1"},"canonical":"https:\/\/www.fondazioneunipolis.org\/site\/il-camp-festival-di-mob\/","og_locale":"it_IT","og_type":"article","og_title":"Il Camp Festival di MOB - Unipolis","og_description":"Il Camp Festival di MOB","og_url":"https:\/\/dx-factory-unipolis-corporate-wp.ha.servizi.gr-u.it\/site\/il-camp-festival-di-mob\/","og_site_name":"Unipolis","article_published_time":"2023-10-10T22:00:00+00:00","article_modified_time":"2026-01-05T09:47:40+00:00","og_image":[{"url":"https:\/\/dx-factory-unipolis-corporate-wp.ha.servizi.gr-u.it\/site\/wp-content\/uploads\/import\/PublishingImages\/mob_camp festiva_cesenatico.png","width":1,"height":1,"type":"image\/png"}],"author":"wsadmin","twitter_card":"summary_large_image","twitter_misc":{"Written by":"wsadmin","Est. reading time":"4 minutes"},"schema":{"@context":"https:\/\/schema.org","@graph":[{"@type":"Article","@id":"https:\/\/dx-factory-unipolis-corporate-wp.ha.servizi.gr-u.it\/site\/il-camp-festival-di-mob\/#article","isPartOf":{"@id":"https:\/\/dx-factory-unipolis-corporate-wp.ha.servizi.gr-u.it\/site\/il-camp-festival-di-mob\/"},"author":{"name":"wsadmin","@id":"https:\/\/www.fondazioneunipolis.org\/site\/#\/schema\/person\/43819ef7aaa5af51f1ed547eacb5e868"},"headline":"Il Camp Festival di MOB","datePublished":"2023-10-10T22:00:00+00:00","dateModified":"2026-01-05T09:47:40+00:00","mainEntityOfPage":{"@id":"https:\/\/dx-factory-unipolis-corporate-wp.ha.servizi.gr-u.it\/site\/il-camp-festival-di-mob\/"},"wordCount":577,"commentCount":0,"publisher":{"@id":"https:\/\/www.fondazioneunipolis.org\/site\/#organization"},"image":{"@id":"https:\/\/dx-factory-unipolis-corporate-wp.ha.servizi.gr-u.it\/site\/il-camp-festival-di-mob\/#primaryimage"},"thumbnailUrl":"https:\/\/www.fondazioneunipolis.org\/site\/wp-content\/uploads\/import\/PublishingImages\/mob_camp festiva_cesenatico.png","keywords":["mob"],"articleSection":["Mobilit\u00e0"],"inLanguage":"it-IT","potentialAction":[{"@type":"CommentAction","name":"Comment","target":["https:\/\/dx-factory-unipolis-corporate-wp.ha.servizi.gr-u.it\/site\/il-camp-festival-di-mob\/#respond"]}]},{"@type":"WebPage","@id":"https:\/\/dx-factory-unipolis-corporate-wp.ha.servizi.gr-u.it\/site\/il-camp-festival-di-mob\/","url":"https:\/\/dx-factory-unipolis-corporate-wp.ha.servizi.gr-u.it\/site\/il-camp-festival-di-mob\/","name":"Il Camp Festival di MOB - Unipolis","isPartOf":{"@id":"https:\/\/www.fondazioneunipolis.org\/site\/#website"},"primaryImageOfPage":{"@id":"https:\/\/dx-factory-unipolis-corporate-wp.ha.servizi.gr-u.it\/site\/il-camp-festival-di-mob\/#primaryimage"},"image":{"@id":"https:\/\/dx-factory-unipolis-corporate-wp.ha.servizi.gr-u.it\/site\/il-camp-festival-di-mob\/#primaryimage"},"thumbnailUrl":"https:\/\/www.fondazioneunipolis.org\/site\/wp-content\/uploads\/import\/PublishingImages\/mob_camp festiva_cesenatico.png","datePublished":"2023-10-10T22:00:00+00:00","dateModified":"2026-01-05T09:47:40+00:00","description":"Il Camp Festival di MOB","breadcrumb":{"@id":"https:\/\/dx-factory-unipolis-corporate-wp.ha.servizi.gr-u.it\/site\/il-camp-festival-di-mob\/#breadcrumb"},"inLanguage":"it-IT","potentialAction":[{"@type":"ReadAction","target":["https:\/\/dx-factory-unipolis-corporate-wp.ha.servizi.gr-u.it\/site\/il-camp-festival-di-mob\/"]}]},{"@type":"ImageObject","inLanguage":"it-IT","@id":"https:\/\/dx-factory-unipolis-corporate-wp.ha.servizi.gr-u.it\/site\/il-camp-festival-di-mob\/#primaryimage","url":"https:\/\/www.fondazioneunipolis.org\/site\/wp-content\/uploads\/import\/PublishingImages\/mob_camp festiva_cesenatico.png","contentUrl":"https:\/\/www.fondazioneunipolis.org\/site\/wp-content\/uploads\/import\/PublishingImages\/mob_camp festiva_cesenatico.png"},{"@type":"BreadcrumbList","@id":"https:\/\/dx-factory-unipolis-corporate-wp.ha.servizi.gr-u.it\/site\/il-camp-festival-di-mob\/#breadcrumb","itemListElement":[{"@type":"ListItem","position":1,"name":"Home","item":"https:\/\/www.fondazioneunipolis.org\/site\/"},{"@type":"ListItem","position":2,"name":"Il Camp Festival di MOB"}]},{"@type":"WebSite","@id":"https:\/\/www.fondazioneunipolis.org\/site\/#website","url":"https:\/\/www.fondazioneunipolis.org\/site\/","name":"Unipolis","description":"","publisher":{"@id":"https:\/\/www.fondazioneunipolis.org\/site\/#organization"},"potentialAction":[{"@type":"SearchAction","target":{"@type":"EntryPoint","urlTemplate":"https:\/\/www.fondazioneunipolis.org\/site\/?s={search_term_string}"},"query-input":{"@type":"PropertyValueSpecification","valueRequired":true,"valueName":"search_term_string"}}],"inLanguage":"it-IT"},{"@type":"Organization","@id":"https:\/\/www.fondazioneunipolis.org\/site\/#organization","name":"Unipolis","url":"https:\/\/www.fondazioneunipolis.org\/site\/","logo":{"@type":"ImageObject","inLanguage":"it-IT","@id":"https:\/\/www.fondazioneunipolis.org\/site\/#\/schema\/logo\/image\/","url":"https:\/\/www.fondazioneunipolis.org\/site\/wp-content\/uploads\/2025\/07\/logo-fondazione-unipolis-1.svg","contentUrl":"https:\/\/www.fondazioneunipolis.org\/site\/wp-content\/uploads\/2025\/07\/logo-fondazione-unipolis-1.svg","caption":"Unipolis"},"image":{"@id":"https:\/\/www.fondazioneunipolis.org\/site\/#\/schema\/logo\/image\/"}},{"@type":"Person","@id":"https:\/\/www.fondazioneunipolis.org\/site\/#\/schema\/person\/43819ef7aaa5af51f1ed547eacb5e868","name":"wsadmin","image":{"@type":"ImageObject","inLanguage":"it-IT","@id":"https:\/\/www.fondazioneunipolis.org\/site\/#\/schema\/person\/image\/","url":"https:\/\/secure.gravatar.com\/avatar\/6512509e9ae62b647044a2731fadcbf236f2546df7b086feb6df7aabf2ef03aa?s=96&d=mm&r=g","contentUrl":"https:\/\/secure.gravatar.com\/avatar\/6512509e9ae62b647044a2731fadcbf236f2546df7b086feb6df7aabf2ef03aa?s=96&d=mm&r=g","caption":"wsadmin"},"sameAs":["https:\/\/www.fondazioneunipolis.org\/site"],"url":"https:\/\/www.fondazioneunipolis.org\/site\/author\/wsadmin\/"}]}},"_links":{"self":[{"href":"https:\/\/www.fondazioneunipolis.org\/site\/wp-json\/wp\/v2\/posts\/2261","targetHints":{"allow":["GET"]}}],"collection":[{"href":"https:\/\/www.fondazioneunipolis.org\/site\/wp-json\/wp\/v2\/posts"}],"about":[{"href":"https:\/\/www.fondazioneunipolis.org\/site\/wp-json\/wp\/v2\/types\/post"}],"author":[{"embeddable":true,"href":"https:\/\/www.fondazioneunipolis.org\/site\/wp-json\/wp\/v2\/users\/1"}],"replies":[{"embeddable":true,"href":"https:\/\/www.fondazioneunipolis.org\/site\/wp-json\/wp\/v2\/comments?post=2261"}],"version-history":[{"count":10,"href":"https:\/\/www.fondazioneunipolis.org\/site\/wp-json\/wp\/v2\/posts\/2261\/revisions"}],"predecessor-version":[{"id":11608,"href":"https:\/\/www.fondazioneunipolis.org\/site\/wp-json\/wp\/v2\/posts\/2261\/revisions\/11608"}],"wp:featuredmedia":[{"embeddable":true,"href":"https:\/\/www.fondazioneunipolis.org\/site\/wp-json\/wp\/v2\/media\/2953"}],"wp:attachment":[{"href":"https:\/\/www.fondazioneunipolis.org\/site\/wp-json\/wp\/v2\/media?parent=2261"}],"wp:term":[{"taxonomy":"category","embeddable":true,"href":"https:\/\/www.fondazioneunipolis.org\/site\/wp-json\/wp\/v2\/categories?post=2261"},{"taxonomy":"post_tag","embeddable":true,"href":"https:\/\/www.fondazioneunipolis.org\/site\/wp-json\/wp\/v2\/tags?post=2261"}],"curies":[{"name":"wp","href":"https:\/\/api.w.org\/{rel}","templated":true}]}}