{"id":2258,"date":"2018-06-05T00:00:00","date_gmt":"2018-06-04T22:00:00","guid":{"rendered":"https:\/\/www.fondazioneunipolis.org\/site\/gruppo-unipol-e-fondazione-unipolis-al-festival-dello-sviluppo-sostenibile\/"},"modified":"2025-11-26T13:35:50","modified_gmt":"2025-11-26T12:35:50","slug":"gruppo-unipol-e-fondazione-unipolis-al-festival-dello-sviluppo-sostenibile","status":"publish","type":"post","link":"https:\/\/www.fondazioneunipolis.org\/site\/news\/gruppo-unipol-e-fondazione-unipolis-al-festival-dello-sviluppo-sostenibile\/","title":{"rendered":"Gruppo Unipol e Fondazione Unipolis al Festival dello Sviluppo Sostenibile"},"content":{"rendered":"<div id=\"ctl00_PlaceHolderMain_ctl03__ControlWrapper_RichHtmlField\" class=\"ms-rtestate-field\" style=\"display: inline;\" aria-labelledby=\"ctl00_PlaceHolderMain_ctl03_label\">\n<p>\u200bSi terr\u00e0 dal\u00a0<strong>22 maggio al 7 giugno,\u00a0<\/strong>con evento conclusivo il 13 giugno, la seconda edizione del<strong>\u00a0<\/strong><a style=\"background-color: #f8f8f8;\" href=\"http:\/\/festivalsvilupposostenibile.it\/2018\" target=\"_blank\" rel=\"noopener\"><strong>Festival dello Sviluppo Sostenibile<\/strong><\/a>. La manifestazione\u00a0\u00e8\u00a0promossa\u00a0da\u00a0<a style=\"background-color: #f8f8f8;\" href=\"http:\/\/asvis.it\/\" target=\"_blank\" rel=\"noopener\"><strong>ASviS<\/strong><\/a>, l&#8217;<strong>Alleanza Italiana per lo Sviluppo Sostenibile<\/strong>\u00a0nata per iniziativa di Fondazione Unipolis e Universit\u00e0 Tor Vergata di Roma. L&#8217;organizzazione, con i suoi 200 aderenti, ha lo scopo di diffondere la cultura della sostenibilit\u00e0 e far conoscere i 17 Sustainable Development Goals (SDGs).<\/p>\n<p>Un Festival lungo\u00a0<strong>17 giorni, tanti quanti sono gli Obiettivi di sviluppo sostenibile previsti dall&#8217;Agenda 2030 dell&#8217;Onu<\/strong>, con\u00a0<strong>oltre 700 eventi\u00a0<\/strong>su tutto il territorio nazionale tra convegni, dibattiti, presentazioni di libri, mostre, visite guidate, flashmob e molti altri appuntamenti che coinvolgeranno il mondo dell&#8217;economia, dell&#8217;impegno sociale, della cultura, dell&#8217;arte, dello spettacolo e dello sport.\u00a0<strong>Gruppo Unipol<\/strong>\u00a0e\u00a0<strong>Fondazione Unipolis<\/strong>\u00a0sostengono e partecipano al Festival promuovendo confronti, performance e proiezioni su ambiente, salute, impresa e sostenibilit\u00e0, lotta alla criminalit\u00e0 mafiosa, contrasto al gioco d&#8217;azzardo, lavoro e cultura.<\/p>\n<p><strong>GLI APPUNTAMENTI DI UNIPOLIS<\/strong><\/p>\n<p><strong>Bologna | Venerd\u00ec 25 maggio, ore 21<\/strong><br \/>\n<em>Palco di Piazza Verdi, la Piazza della Sostenibilit\u00e0<\/em><br \/>\n<strong>RIFIUTOPOLI. Veleni e antidoti<\/strong><br \/>\nConferenza-spettacolo prodotta da Cinemovel Foundation e realizzata con il sostegno di Fondazione Unipolis, che racconta, attraverso le parole di Enrico Fontana e la performance artistica di Vito Baroncini, il ciclo illegale dei rifiuti, i traffici della cosiddetta ecomafia, ma anche il cambiamento concreto e visibile che i nostri gesti quotidiani possono generare.<br \/>\n<a href=\"https:\/\/www.fondazioneunipolis.org\/site\/wp-content\/uploads\/import\/Documents\/Notizie\/Invito_Rifiutopoli.pdf\" target=\"_blank\" rel=\"noopener\"><strong>\u00a0&gt; Invito<\/strong><\/a><\/p>\n<p><strong>Bologna | Marted\u00ec 29 maggio, ore 22<\/strong><br \/>\n<em>Palco di Piazza Verdi, la Piazza della Sostenibilit\u00e0<\/em><br \/>\n<strong>LA NOSTRA TERRA<\/strong><br \/>\nFilm ispirato all&#8217;esperienza delle cooperative nate sui beni confiscati alla criminalit\u00e0 organizzata. La commedia del regista Giulio Manfredonia, \u00e8 interpretata fra gli altri da Stefano Accorsi e Sergio Rubini. La commedia, distribuita da Visionaria e Videa, \u00e8 prodotta da Lumi\u00e8re&amp;Co con Rai Cinema. Il film \u00e8 stato realizzato\u00a0con il contributo del Gruppo Unipol, che sostiene la nascita e lo sviluppo delle cooperative di Libera Terra sui terreni confiscati alle mafie.<br \/>\n<strong>\u00a0<a href=\"https:\/\/www.fondazioneunipolis.org\/site\/wp-content\/uploads\/import\/Documents\/Notizie\/Invito_LA-NOSTRA-TERRA.pdf\" target=\"_blank\" rel=\"noopener\">&gt; Invito<\/a><\/strong><\/p>\n<p><strong>Milano |\u00a04 giugno,\u00a0ore 10 \u2013 13\u00a0<\/strong><br \/>\n<em>Auditorium San Fedele, Via Ulrico Hoepli 3\/b<\/em><br \/>\n<strong>SVILUPPO SOSTENIBILE, orizzonte per nuovi lavori<\/strong><br \/>\nIniziativa organizzata in collaborazione con Fondazione Carlo Maria Martini\u00a0e la rivista Aggiornamenti Sociali sui temi della dignit\u00e0 del lavoro e del lavoratore.<br \/>\n<a href=\"https:\/\/www.fondazioneunipolis.org\/site\/wp-content\/uploads\/import\/Documents\/Notizie\/Invito_LAVORO-e-SVILUPPO-SOSTENIBILE.pdf\" target=\"_blank\" rel=\"noopener\"> <strong>\u00a0&gt;\u00a0<\/strong><strong>Programma<\/strong>\u200b<\/a><\/p>\n<p><strong>Milano | Mercoled\u00ec 6 giugno, ore 15 \u2013 19<\/strong><br \/>\n<em>Fondazione Giangiacomo Feltrinelli, viale Pasubio 5<\/em><br \/>\n<strong>CULTURA E SVILUPPO SOSTENIBILE. Identit\u00e0, conoscenza e partecipazione\u00a0<\/strong><br \/>\nIl sistema della cultura come attore chiave dello sviluppo sostenibile:\u00a0ASK Bocconi, Fondazione Giangiacomo Feltrinelli e Fondazione Unipolis promuovono una riflessione nell&#8217;ambito dell&#8217;agenda per lo sviluppo sostenibile 2030.<br \/>\n<strong> <a href=\"https:\/\/www.fondazioneunipolis.org\/site\/wp-content\/uploads\/import\/Documents\/Notizie\/Invito_6-giugno_CULTURA-E-SVILUPPO-SOSTENIBILE-DEF.pdf\" target=\"_blank\" rel=\"noopener\">&gt; programma<\/a><\/strong><\/p>\n<p><strong>LE INIZIATIVE DEL GRUPPO UNIPOL<\/strong><\/p>\n<p><strong>Milano | 28 maggio,\u00a0ore 10 \u2013 13<\/strong><br \/>\n<em>UNA Hotel Century, Via Fabio Filzi 25\/b<\/em><br \/>\n<strong>Le assicurazioni come partner contro il cambiamento climatico<\/strong><br \/>\nAll&#8217;interno del Forum Finanza Sostenibile, un workshop sul ruolo delle assicurazioni nel cambiamento climatico con un focus sul\u00a0progetto Derris.<br \/>\n<em>Partecipazione su invito<\/em><br \/>\n<a href=\"http:\/\/festivalsvilupposostenibile.it\/2018\/cal\/145\/imprese-assicuratrici-e-contrasto-al-cambiamento-climatico#.WvwkrlWLSUk\" target=\"_blank\" rel=\"noopener\"> <strong>&gt; Programma<\/strong><\/a><\/p>\n<p><strong>Bologna | 28 maggio, ore 21.30 \u2013 23.30<\/strong><br \/>\n<em>Palco di Piazza Verdi, la Piazza della Sostenibilit\u00e0<\/em><br \/>\n<strong>Fate il nostro gioco<\/strong><br \/>\nConferenza spettacolo ideata da Taxi 17\/29:\u00a0un divertente dialogo tra un fisico e un matematico che aiuteranno a capire quali siano i rischi del gioco d&#8217;azzardo patologico.\u00a0L&#8217;obiettivo \u00e8 quello di svelare le regole, i piccoli segreti e le grandi verit\u00e0 che stanno dietro al fenomeno del gioco d&#8217;azzardo, tra le nuove dipendenze, che trasforma un comportamento di svago in una patologia, riconosciuto come tale dai Sert. Capire\u00a0 le logiche aiuta, soprattutto nei pi\u00f9 giovani, ad attivare comportamenti di prevenzione.<br \/>\n<a href=\"http:\/\/festivalsvilupposostenibile.it\/2018\/cal\/180\/fate-il-nostro-gioco-#.WvwlA1WLSUk\" target=\"_blank\" rel=\"noopener\"> <strong>&gt; Programma<\/strong><\/a><\/p>\n<p><strong>Bologna | 29 maggio, ore 16.30 \u2013 19.30<\/strong><br \/>\n<em>Museo della Musica, strada Maggiore 34<\/em><br \/>\n<strong>Prospettive. Investire nel futuro per una crescita sostenibile<\/strong><br \/>\nIl Gruppo Unipol presenta il secondo bilancio integrato: una nuova tappa del percorso per migliorare la propria capacit\u00e0 di accrescere\u00a0i capitali (finanziario, produttivo, sociale, umano, intellettuale, naturale) di cui \u00e8 dotato.<br \/>\n<a href=\"http:\/\/festivalsvilupposostenibile.it\/2018\/cal\/169\/prospettive-investire-nel-futuro-per-una-crescita-sostenibile#.WvwmBVWLSUk\" target=\"_blank\" rel=\"noopener\"> <strong>&gt; Programma<\/strong><\/a><\/p>\n<p><strong>I GOAL A BOLOGNA<\/strong><\/p>\n<p>Quest&#8217;anno il capoluogo emiliano ospita due eventi di carattere nazionale che tratteranno rispettivamente i temi del\u00a0<strong>Goal 3<\/strong>\u00a0(Salute e benessere) e del\u00a0<strong>Goal 11<\/strong>\u00a0(Citt\u00e0 e comunit\u00e0 sostenibili) dell&#8217;Agenda 2030.\u00a0<strong>Le citt\u00e0 e la salute saranno quindi al centro delle iniziative organizzate dai singoli gruppi di lavoro<\/strong>. Si tratta di una novit\u00e0 rispetto alla prima edizione del Festival con la quale focalizzare l&#8217;attenzione in maniera ancora pi\u00f9 approfondita sulle tematiche dei 17 SDGs.<\/p>\n<p><strong>Bologna, 25 maggio |\u00a0ore 15.30 \u2013 19.00<\/strong><br \/>\n<em>Foyer Teatro Comunale di Bologna<\/em><br \/>\n<em>Piazza Verdi, la Piazza della Sostenibilit\u00e0<\/em><br \/>\n<strong>LE AGENDE URBANE PER LO SVILUPPO SOSTENIBILE<\/strong><br \/>\nL&#8217;iniziativa che, grazie alla diretta video, metter\u00e0 in connessione\u00a0le Piazze della sostenibilit\u00e0 sparse per l&#8217;Italia,\u00a0ad un anno dalla Carta di Bologna sottoscritta dai Sindaci metropolitani.<br \/>\n<em>Enti promotori<\/em><br \/>\n<em>Comune di Bologna, Citt\u00e0 metropolitana di Bologna, ANCI, Legacoop Bologna, Fondazione ENI Enrico Mattei, Urban@it<\/em><br \/>\n<em>in collaborazione con la Fondazione Teatro Comunale di Bologna<\/em><br \/>\n<a href=\"http:\/\/festivalsvilupposostenibile.it\/2018\/gli-eventi-nazionali\/326-1995\/25-maggio-evento-goal-11-citta-e-comunita-sostenibili\" target=\"_blank\" rel=\"noopener\"> <strong>&gt; Programma<\/strong><\/a><\/p>\n<p><strong>Bologna | 1\u00b0 giugno, ore 10 \u2013 13.30<\/strong><br \/>\nPiazza Verdi \u2013 Piazza della Sostenibilit\u00e0<br \/>\n<strong>SALUTE PER TUTTI A TUTTE LE ET\u00c0: VERSO LA PIENA APPLICAZIONE DELL&#8217;OBIETTIVO ONU DI SOSTENIBILIT\u00c0 IN SANIT\u00c0<\/strong><br \/>\nUn confronto sui temi\u00a0delle disuguaglianze nel campo della salute in termini di sostenibilit\u00e0\u00a0a partire dal\u00a0decalogo per l&#8217;Obiettivo 3 proposto da ASviS.<br \/>\n<em>Promosso da Fondazione Unipolis<\/em><br \/>\n<a href=\"http:\/\/www.fondazioneunipolis.org\/wp-content\/uploads\/2018\/05\/ProgrammaGoal3_21-mag.pdf\" target=\"_blank\" rel=\"noopener\"> <strong>&gt; Programma<\/strong><\/a><\/p>\n<\/div>\n","protected":false},"excerpt":{"rendered":"<p>\u200bSi terr\u00e0 dal\u00a022 maggio al 7 giugno,\u00a0con evento conclusivo il 13 giugno, la seconda edizione del\u00a0Festival dello Sviluppo Sostenibile. La manifestazione\u00a0\u00e8\u00a0promossa\u00a0da\u00a0ASviS, l&#8217;Alleanza Italiana per lo Sviluppo Sostenibile\u00a0nata per iniziativa di Fondazione Unipolis e Universit\u00e0 Tor Vergata di Roma. L&#8217;organizzazione, con i suoi 200 aderenti, ha lo scopo di diffondere la cultura della sostenibilit\u00e0 e far [&hellip;]<\/p>\n","protected":false},"author":1,"featured_media":4246,"comment_status":"open","ping_status":"open","sticky":false,"template":"","format":"standard","meta":{"_acf_changed":false,"footnotes":""},"categories":[20],"tags":[647,641],"class_list":["post-2258","post","type-post","status-publish","format-standard","has-post-thumbnail","hentry","category-unipolis","tag-asvis","tag-fss"],"acf":[],"yoast_head":"<!-- This site is optimized with the Yoast SEO plugin v26.1.1 - https:\/\/yoast.com\/wordpress\/plugins\/seo\/ -->\n<title>Gruppo Unipol e Fondazione Unipolis al Festival dello Sviluppo Sostenibile - Unipolis<\/title>\n<meta name=\"robots\" content=\"index, follow, max-snippet:-1, max-image-preview:large, max-video-preview:-1\" \/>\n<link rel=\"canonical\" href=\"https:\/\/www.fondazioneunipolis.org\/site\/gruppo-unipol-e-fondazione-unipolis-al-festival-dello-sviluppo-sostenibile\/\" \/>\n<meta property=\"og:locale\" content=\"it_IT\" \/>\n<meta property=\"og:type\" content=\"article\" \/>\n<meta property=\"og:title\" content=\"Gruppo Unipol e Fondazione Unipolis al Festival dello Sviluppo Sostenibile - Unipolis\" \/>\n<meta property=\"og:description\" content=\"\u200bSi terr\u00e0 dal\u00a022 maggio al 7 giugno,\u00a0con evento conclusivo il 13 giugno, la seconda edizione del\u00a0Festival dello Sviluppo Sostenibile. La manifestazione\u00a0\u00e8\u00a0promossa\u00a0da\u00a0ASviS, l&#8217;Alleanza Italiana per lo Sviluppo Sostenibile\u00a0nata per iniziativa di Fondazione Unipolis e Universit\u00e0 Tor Vergata di Roma. L&#8217;organizzazione, con i suoi 200 aderenti, ha lo scopo di diffondere la cultura della sostenibilit\u00e0 e far [&hellip;]\" \/>\n<meta property=\"og:url\" content=\"https:\/\/dx-factory-unipolis-corporate-wp.ha.servizi.gr-u.it\/site\/gruppo-unipol-e-fondazione-unipolis-al-festival-dello-sviluppo-sostenibile\/\" \/>\n<meta property=\"og:site_name\" content=\"Unipolis\" \/>\n<meta property=\"article:published_time\" content=\"2018-06-04T22:00:00+00:00\" \/>\n<meta property=\"article:modified_time\" content=\"2025-11-26T12:35:50+00:00\" \/>\n<meta property=\"og:image\" content=\"https:\/\/dx-factory-unipolis-corporate-wp.ha.servizi.gr-u.it\/site\/wp-content\/uploads\/import\/PublishingImages\/Notizie\/asvis_fss18_evidenza.jpg\" \/>\n\t<meta property=\"og:image:width\" content=\"1\" \/>\n\t<meta property=\"og:image:height\" content=\"1\" \/>\n\t<meta property=\"og:image:type\" content=\"image\/jpeg\" \/>\n<meta name=\"author\" content=\"wsadmin\" \/>\n<meta name=\"twitter:card\" content=\"summary_large_image\" \/>\n<meta name=\"twitter:label1\" content=\"Written by\" \/>\n\t<meta name=\"twitter:data1\" content=\"wsadmin\" \/>\n\t<meta name=\"twitter:label2\" content=\"Est. reading time\" \/>\n\t<meta name=\"twitter:data2\" content=\"5 minutes\" \/>\n<script type=\"application\/ld+json\" class=\"yoast-schema-graph\">{\"@context\":\"https:\/\/schema.org\",\"@graph\":[{\"@type\":\"Article\",\"@id\":\"https:\/\/dx-factory-unipolis-corporate-wp.ha.servizi.gr-u.it\/site\/gruppo-unipol-e-fondazione-unipolis-al-festival-dello-sviluppo-sostenibile\/#article\",\"isPartOf\":{\"@id\":\"https:\/\/dx-factory-unipolis-corporate-wp.ha.servizi.gr-u.it\/site\/gruppo-unipol-e-fondazione-unipolis-al-festival-dello-sviluppo-sostenibile\/\"},\"author\":{\"name\":\"wsadmin\",\"@id\":\"https:\/\/www.fondazioneunipolis.org\/site\/#\/schema\/person\/43819ef7aaa5af51f1ed547eacb5e868\"},\"headline\":\"Gruppo Unipol e Fondazione Unipolis al Festival dello Sviluppo Sostenibile\",\"datePublished\":\"2018-06-04T22:00:00+00:00\",\"dateModified\":\"2025-11-26T12:35:50+00:00\",\"mainEntityOfPage\":{\"@id\":\"https:\/\/dx-factory-unipolis-corporate-wp.ha.servizi.gr-u.it\/site\/gruppo-unipol-e-fondazione-unipolis-al-festival-dello-sviluppo-sostenibile\/\"},\"wordCount\":826,\"commentCount\":0,\"publisher\":{\"@id\":\"https:\/\/www.fondazioneunipolis.org\/site\/#organization\"},\"image\":{\"@id\":\"https:\/\/dx-factory-unipolis-corporate-wp.ha.servizi.gr-u.it\/site\/gruppo-unipol-e-fondazione-unipolis-al-festival-dello-sviluppo-sostenibile\/#primaryimage\"},\"thumbnailUrl\":\"https:\/\/www.fondazioneunipolis.org\/site\/wp-content\/uploads\/import\/PublishingImages\/Notizie\/asvis_fss18_evidenza.jpg\",\"keywords\":[\"asvis\",\"fss\"],\"articleSection\":[\"Unipolis\"],\"inLanguage\":\"it-IT\",\"potentialAction\":[{\"@type\":\"CommentAction\",\"name\":\"Comment\",\"target\":[\"https:\/\/dx-factory-unipolis-corporate-wp.ha.servizi.gr-u.it\/site\/gruppo-unipol-e-fondazione-unipolis-al-festival-dello-sviluppo-sostenibile\/#respond\"]}]},{\"@type\":\"WebPage\",\"@id\":\"https:\/\/dx-factory-unipolis-corporate-wp.ha.servizi.gr-u.it\/site\/gruppo-unipol-e-fondazione-unipolis-al-festival-dello-sviluppo-sostenibile\/\",\"url\":\"https:\/\/dx-factory-unipolis-corporate-wp.ha.servizi.gr-u.it\/site\/gruppo-unipol-e-fondazione-unipolis-al-festival-dello-sviluppo-sostenibile\/\",\"name\":\"Gruppo Unipol e Fondazione Unipolis al Festival dello Sviluppo Sostenibile - Unipolis\",\"isPartOf\":{\"@id\":\"https:\/\/www.fondazioneunipolis.org\/site\/#website\"},\"primaryImageOfPage\":{\"@id\":\"https:\/\/dx-factory-unipolis-corporate-wp.ha.servizi.gr-u.it\/site\/gruppo-unipol-e-fondazione-unipolis-al-festival-dello-sviluppo-sostenibile\/#primaryimage\"},\"image\":{\"@id\":\"https:\/\/dx-factory-unipolis-corporate-wp.ha.servizi.gr-u.it\/site\/gruppo-unipol-e-fondazione-unipolis-al-festival-dello-sviluppo-sostenibile\/#primaryimage\"},\"thumbnailUrl\":\"https:\/\/www.fondazioneunipolis.org\/site\/wp-content\/uploads\/import\/PublishingImages\/Notizie\/asvis_fss18_evidenza.jpg\",\"datePublished\":\"2018-06-04T22:00:00+00:00\",\"dateModified\":\"2025-11-26T12:35:50+00:00\",\"breadcrumb\":{\"@id\":\"https:\/\/dx-factory-unipolis-corporate-wp.ha.servizi.gr-u.it\/site\/gruppo-unipol-e-fondazione-unipolis-al-festival-dello-sviluppo-sostenibile\/#breadcrumb\"},\"inLanguage\":\"it-IT\",\"potentialAction\":[{\"@type\":\"ReadAction\",\"target\":[\"https:\/\/dx-factory-unipolis-corporate-wp.ha.servizi.gr-u.it\/site\/gruppo-unipol-e-fondazione-unipolis-al-festival-dello-sviluppo-sostenibile\/\"]}]},{\"@type\":\"ImageObject\",\"inLanguage\":\"it-IT\",\"@id\":\"https:\/\/dx-factory-unipolis-corporate-wp.ha.servizi.gr-u.it\/site\/gruppo-unipol-e-fondazione-unipolis-al-festival-dello-sviluppo-sostenibile\/#primaryimage\",\"url\":\"https:\/\/www.fondazioneunipolis.org\/site\/wp-content\/uploads\/import\/PublishingImages\/Notizie\/asvis_fss18_evidenza.jpg\",\"contentUrl\":\"https:\/\/www.fondazioneunipolis.org\/site\/wp-content\/uploads\/import\/PublishingImages\/Notizie\/asvis_fss18_evidenza.jpg\"},{\"@type\":\"BreadcrumbList\",\"@id\":\"https:\/\/dx-factory-unipolis-corporate-wp.ha.servizi.gr-u.it\/site\/gruppo-unipol-e-fondazione-unipolis-al-festival-dello-sviluppo-sostenibile\/#breadcrumb\",\"itemListElement\":[{\"@type\":\"ListItem\",\"position\":1,\"name\":\"Home\",\"item\":\"https:\/\/www.fondazioneunipolis.org\/site\/\"},{\"@type\":\"ListItem\",\"position\":2,\"name\":\"Gruppo Unipol e Fondazione Unipolis al Festival dello Sviluppo Sostenibile\"}]},{\"@type\":\"WebSite\",\"@id\":\"https:\/\/www.fondazioneunipolis.org\/site\/#website\",\"url\":\"https:\/\/www.fondazioneunipolis.org\/site\/\",\"name\":\"Unipolis\",\"description\":\"\",\"publisher\":{\"@id\":\"https:\/\/www.fondazioneunipolis.org\/site\/#organization\"},\"potentialAction\":[{\"@type\":\"SearchAction\",\"target\":{\"@type\":\"EntryPoint\",\"urlTemplate\":\"https:\/\/www.fondazioneunipolis.org\/site\/?s={search_term_string}\"},\"query-input\":{\"@type\":\"PropertyValueSpecification\",\"valueRequired\":true,\"valueName\":\"search_term_string\"}}],\"inLanguage\":\"it-IT\"},{\"@type\":\"Organization\",\"@id\":\"https:\/\/www.fondazioneunipolis.org\/site\/#organization\",\"name\":\"Unipolis\",\"url\":\"https:\/\/www.fondazioneunipolis.org\/site\/\",\"logo\":{\"@type\":\"ImageObject\",\"inLanguage\":\"it-IT\",\"@id\":\"https:\/\/www.fondazioneunipolis.org\/site\/#\/schema\/logo\/image\/\",\"url\":\"https:\/\/www.fondazioneunipolis.org\/site\/wp-content\/uploads\/2025\/07\/logo-fondazione-unipolis-1.svg\",\"contentUrl\":\"https:\/\/www.fondazioneunipolis.org\/site\/wp-content\/uploads\/2025\/07\/logo-fondazione-unipolis-1.svg\",\"caption\":\"Unipolis\"},\"image\":{\"@id\":\"https:\/\/www.fondazioneunipolis.org\/site\/#\/schema\/logo\/image\/\"}},{\"@type\":\"Person\",\"@id\":\"https:\/\/www.fondazioneunipolis.org\/site\/#\/schema\/person\/43819ef7aaa5af51f1ed547eacb5e868\",\"name\":\"wsadmin\",\"image\":{\"@type\":\"ImageObject\",\"inLanguage\":\"it-IT\",\"@id\":\"https:\/\/www.fondazioneunipolis.org\/site\/#\/schema\/person\/image\/\",\"url\":\"https:\/\/secure.gravatar.com\/avatar\/6512509e9ae62b647044a2731fadcbf236f2546df7b086feb6df7aabf2ef03aa?s=96&d=mm&r=g\",\"contentUrl\":\"https:\/\/secure.gravatar.com\/avatar\/6512509e9ae62b647044a2731fadcbf236f2546df7b086feb6df7aabf2ef03aa?s=96&d=mm&r=g\",\"caption\":\"wsadmin\"},\"sameAs\":[\"https:\/\/www.fondazioneunipolis.org\/site\"],\"url\":\"https:\/\/www.fondazioneunipolis.org\/site\/author\/wsadmin\/\"}]}<\/script>\n<!-- \/ Yoast SEO plugin. -->","yoast_head_json":{"title":"Gruppo Unipol e Fondazione Unipolis al Festival dello Sviluppo Sostenibile - Unipolis","robots":{"index":"index","follow":"follow","max-snippet":"max-snippet:-1","max-image-preview":"max-image-preview:large","max-video-preview":"max-video-preview:-1"},"canonical":"https:\/\/www.fondazioneunipolis.org\/site\/gruppo-unipol-e-fondazione-unipolis-al-festival-dello-sviluppo-sostenibile\/","og_locale":"it_IT","og_type":"article","og_title":"Gruppo Unipol e Fondazione Unipolis al Festival dello Sviluppo Sostenibile - Unipolis","og_description":"\u200bSi terr\u00e0 dal\u00a022 maggio al 7 giugno,\u00a0con evento conclusivo il 13 giugno, la seconda edizione del\u00a0Festival dello Sviluppo Sostenibile. La manifestazione\u00a0\u00e8\u00a0promossa\u00a0da\u00a0ASviS, l&#8217;Alleanza Italiana per lo Sviluppo Sostenibile\u00a0nata per iniziativa di Fondazione Unipolis e Universit\u00e0 Tor Vergata di Roma. L&#8217;organizzazione, con i suoi 200 aderenti, ha lo scopo di diffondere la cultura della sostenibilit\u00e0 e far [&hellip;]","og_url":"https:\/\/dx-factory-unipolis-corporate-wp.ha.servizi.gr-u.it\/site\/gruppo-unipol-e-fondazione-unipolis-al-festival-dello-sviluppo-sostenibile\/","og_site_name":"Unipolis","article_published_time":"2018-06-04T22:00:00+00:00","article_modified_time":"2025-11-26T12:35:50+00:00","og_image":[{"url":"https:\/\/dx-factory-unipolis-corporate-wp.ha.servizi.gr-u.it\/site\/wp-content\/uploads\/import\/PublishingImages\/Notizie\/asvis_fss18_evidenza.jpg","width":1,"height":1,"type":"image\/jpeg"}],"author":"wsadmin","twitter_card":"summary_large_image","twitter_misc":{"Written by":"wsadmin","Est. reading time":"5 minutes"},"schema":{"@context":"https:\/\/schema.org","@graph":[{"@type":"Article","@id":"https:\/\/dx-factory-unipolis-corporate-wp.ha.servizi.gr-u.it\/site\/gruppo-unipol-e-fondazione-unipolis-al-festival-dello-sviluppo-sostenibile\/#article","isPartOf":{"@id":"https:\/\/dx-factory-unipolis-corporate-wp.ha.servizi.gr-u.it\/site\/gruppo-unipol-e-fondazione-unipolis-al-festival-dello-sviluppo-sostenibile\/"},"author":{"name":"wsadmin","@id":"https:\/\/www.fondazioneunipolis.org\/site\/#\/schema\/person\/43819ef7aaa5af51f1ed547eacb5e868"},"headline":"Gruppo Unipol e Fondazione Unipolis al Festival dello Sviluppo Sostenibile","datePublished":"2018-06-04T22:00:00+00:00","dateModified":"2025-11-26T12:35:50+00:00","mainEntityOfPage":{"@id":"https:\/\/dx-factory-unipolis-corporate-wp.ha.servizi.gr-u.it\/site\/gruppo-unipol-e-fondazione-unipolis-al-festival-dello-sviluppo-sostenibile\/"},"wordCount":826,"commentCount":0,"publisher":{"@id":"https:\/\/www.fondazioneunipolis.org\/site\/#organization"},"image":{"@id":"https:\/\/dx-factory-unipolis-corporate-wp.ha.servizi.gr-u.it\/site\/gruppo-unipol-e-fondazione-unipolis-al-festival-dello-sviluppo-sostenibile\/#primaryimage"},"thumbnailUrl":"https:\/\/www.fondazioneunipolis.org\/site\/wp-content\/uploads\/import\/PublishingImages\/Notizie\/asvis_fss18_evidenza.jpg","keywords":["asvis","fss"],"articleSection":["Unipolis"],"inLanguage":"it-IT","potentialAction":[{"@type":"CommentAction","name":"Comment","target":["https:\/\/dx-factory-unipolis-corporate-wp.ha.servizi.gr-u.it\/site\/gruppo-unipol-e-fondazione-unipolis-al-festival-dello-sviluppo-sostenibile\/#respond"]}]},{"@type":"WebPage","@id":"https:\/\/dx-factory-unipolis-corporate-wp.ha.servizi.gr-u.it\/site\/gruppo-unipol-e-fondazione-unipolis-al-festival-dello-sviluppo-sostenibile\/","url":"https:\/\/dx-factory-unipolis-corporate-wp.ha.servizi.gr-u.it\/site\/gruppo-unipol-e-fondazione-unipolis-al-festival-dello-sviluppo-sostenibile\/","name":"Gruppo Unipol e Fondazione Unipolis al Festival dello Sviluppo Sostenibile - Unipolis","isPartOf":{"@id":"https:\/\/www.fondazioneunipolis.org\/site\/#website"},"primaryImageOfPage":{"@id":"https:\/\/dx-factory-unipolis-corporate-wp.ha.servizi.gr-u.it\/site\/gruppo-unipol-e-fondazione-unipolis-al-festival-dello-sviluppo-sostenibile\/#primaryimage"},"image":{"@id":"https:\/\/dx-factory-unipolis-corporate-wp.ha.servizi.gr-u.it\/site\/gruppo-unipol-e-fondazione-unipolis-al-festival-dello-sviluppo-sostenibile\/#primaryimage"},"thumbnailUrl":"https:\/\/www.fondazioneunipolis.org\/site\/wp-content\/uploads\/import\/PublishingImages\/Notizie\/asvis_fss18_evidenza.jpg","datePublished":"2018-06-04T22:00:00+00:00","dateModified":"2025-11-26T12:35:50+00:00","breadcrumb":{"@id":"https:\/\/dx-factory-unipolis-corporate-wp.ha.servizi.gr-u.it\/site\/gruppo-unipol-e-fondazione-unipolis-al-festival-dello-sviluppo-sostenibile\/#breadcrumb"},"inLanguage":"it-IT","potentialAction":[{"@type":"ReadAction","target":["https:\/\/dx-factory-unipolis-corporate-wp.ha.servizi.gr-u.it\/site\/gruppo-unipol-e-fondazione-unipolis-al-festival-dello-sviluppo-sostenibile\/"]}]},{"@type":"ImageObject","inLanguage":"it-IT","@id":"https:\/\/dx-factory-unipolis-corporate-wp.ha.servizi.gr-u.it\/site\/gruppo-unipol-e-fondazione-unipolis-al-festival-dello-sviluppo-sostenibile\/#primaryimage","url":"https:\/\/www.fondazioneunipolis.org\/site\/wp-content\/uploads\/import\/PublishingImages\/Notizie\/asvis_fss18_evidenza.jpg","contentUrl":"https:\/\/www.fondazioneunipolis.org\/site\/wp-content\/uploads\/import\/PublishingImages\/Notizie\/asvis_fss18_evidenza.jpg"},{"@type":"BreadcrumbList","@id":"https:\/\/dx-factory-unipolis-corporate-wp.ha.servizi.gr-u.it\/site\/gruppo-unipol-e-fondazione-unipolis-al-festival-dello-sviluppo-sostenibile\/#breadcrumb","itemListElement":[{"@type":"ListItem","position":1,"name":"Home","item":"https:\/\/www.fondazioneunipolis.org\/site\/"},{"@type":"ListItem","position":2,"name":"Gruppo Unipol e Fondazione Unipolis al Festival dello Sviluppo Sostenibile"}]},{"@type":"WebSite","@id":"https:\/\/www.fondazioneunipolis.org\/site\/#website","url":"https:\/\/www.fondazioneunipolis.org\/site\/","name":"Unipolis","description":"","publisher":{"@id":"https:\/\/www.fondazioneunipolis.org\/site\/#organization"},"potentialAction":[{"@type":"SearchAction","target":{"@type":"EntryPoint","urlTemplate":"https:\/\/www.fondazioneunipolis.org\/site\/?s={search_term_string}"},"query-input":{"@type":"PropertyValueSpecification","valueRequired":true,"valueName":"search_term_string"}}],"inLanguage":"it-IT"},{"@type":"Organization","@id":"https:\/\/www.fondazioneunipolis.org\/site\/#organization","name":"Unipolis","url":"https:\/\/www.fondazioneunipolis.org\/site\/","logo":{"@type":"ImageObject","inLanguage":"it-IT","@id":"https:\/\/www.fondazioneunipolis.org\/site\/#\/schema\/logo\/image\/","url":"https:\/\/www.fondazioneunipolis.org\/site\/wp-content\/uploads\/2025\/07\/logo-fondazione-unipolis-1.svg","contentUrl":"https:\/\/www.fondazioneunipolis.org\/site\/wp-content\/uploads\/2025\/07\/logo-fondazione-unipolis-1.svg","caption":"Unipolis"},"image":{"@id":"https:\/\/www.fondazioneunipolis.org\/site\/#\/schema\/logo\/image\/"}},{"@type":"Person","@id":"https:\/\/www.fondazioneunipolis.org\/site\/#\/schema\/person\/43819ef7aaa5af51f1ed547eacb5e868","name":"wsadmin","image":{"@type":"ImageObject","inLanguage":"it-IT","@id":"https:\/\/www.fondazioneunipolis.org\/site\/#\/schema\/person\/image\/","url":"https:\/\/secure.gravatar.com\/avatar\/6512509e9ae62b647044a2731fadcbf236f2546df7b086feb6df7aabf2ef03aa?s=96&d=mm&r=g","contentUrl":"https:\/\/secure.gravatar.com\/avatar\/6512509e9ae62b647044a2731fadcbf236f2546df7b086feb6df7aabf2ef03aa?s=96&d=mm&r=g","caption":"wsadmin"},"sameAs":["https:\/\/www.fondazioneunipolis.org\/site"],"url":"https:\/\/www.fondazioneunipolis.org\/site\/author\/wsadmin\/"}]}},"_links":{"self":[{"href":"https:\/\/www.fondazioneunipolis.org\/site\/wp-json\/wp\/v2\/posts\/2258","targetHints":{"allow":["GET"]}}],"collection":[{"href":"https:\/\/www.fondazioneunipolis.org\/site\/wp-json\/wp\/v2\/posts"}],"about":[{"href":"https:\/\/www.fondazioneunipolis.org\/site\/wp-json\/wp\/v2\/types\/post"}],"author":[{"embeddable":true,"href":"https:\/\/www.fondazioneunipolis.org\/site\/wp-json\/wp\/v2\/users\/1"}],"replies":[{"embeddable":true,"href":"https:\/\/www.fondazioneunipolis.org\/site\/wp-json\/wp\/v2\/comments?post=2258"}],"version-history":[{"count":7,"href":"https:\/\/www.fondazioneunipolis.org\/site\/wp-json\/wp\/v2\/posts\/2258\/revisions"}],"predecessor-version":[{"id":10193,"href":"https:\/\/www.fondazioneunipolis.org\/site\/wp-json\/wp\/v2\/posts\/2258\/revisions\/10193"}],"wp:featuredmedia":[{"embeddable":true,"href":"https:\/\/www.fondazioneunipolis.org\/site\/wp-json\/wp\/v2\/media\/4246"}],"wp:attachment":[{"href":"https:\/\/www.fondazioneunipolis.org\/site\/wp-json\/wp\/v2\/media?parent=2258"}],"wp:term":[{"taxonomy":"category","embeddable":true,"href":"https:\/\/www.fondazioneunipolis.org\/site\/wp-json\/wp\/v2\/categories?post=2258"},{"taxonomy":"post_tag","embeddable":true,"href":"https:\/\/www.fondazioneunipolis.org\/site\/wp-json\/wp\/v2\/tags?post=2258"}],"curies":[{"name":"wp","href":"https:\/\/api.w.org\/{rel}","templated":true}]}}