{"id":2248,"date":"2017-06-08T00:00:00","date_gmt":"2017-06-07T22:00:00","guid":{"rendered":"https:\/\/www.fondazioneunipolis.org\/site\/festival-dello-sviluppo-sostenibile-conclusa-con-successo-la-prima-edizione\/"},"modified":"2025-12-22T12:44:55","modified_gmt":"2025-12-22T11:44:55","slug":"festival-dello-sviluppo-sostenibile-conclusa-con-successo-la-prima-edizione","status":"publish","type":"post","link":"https:\/\/www.fondazioneunipolis.org\/site\/news\/festival-dello-sviluppo-sostenibile-conclusa-con-successo-la-prima-edizione\/","title":{"rendered":"Festival dello Sviluppo Sostenibile: conclusa con successo la prima edizione"},"content":{"rendered":"<div id=\"ctl00_PlaceHolderMain_ctl03__ControlWrapper_RichHtmlField\" class=\"ms-rtestate-field\" style=\"display: inline;\" aria-labelledby=\"ctl00_PlaceHolderMain_ctl03_label\">\n<p>\u200bIl primo\u00a0<strong>Festival dello Sviluppo Sostenibile<\/strong>\u00a0(22 maggio \u2013 7 giugno) si \u00e8 concluso alla presenza del\u00a0<strong>Presidente della Repubblica Sergio Mattarella<\/strong>\u00a0che, insieme ai presidenti della Camera dei deputati\u00a0<strong>Laura Boldrini<\/strong>\u00a0e del Consiglio\u00a0<strong>Paolo Gentiloni<\/strong>, ha partecipato all&#8217;incontro che si \u00e8 svolto a Roma\u00a0<strong>mercoled\u00ec 7 giugno<\/strong>\u00a0nell&#8217;Aula dei Gruppi a Montecitorio. \u00c8 stata l&#8217;occasione per presentare alle istituzioni i principali risultati del Festival \u2013\u00a0<strong>promosso<\/strong>\u00a0<strong>dall&#8217;<a href=\"https:\/\/asvis.it\/\" target=\"_blank\" rel=\"noopener\">ASviS<\/a><\/strong>,<strong> Alleanza Italiana per lo Sviluppo Sostenibile<\/strong>, nata per volont\u00e0 di Unipolis e Universit\u00e0 Tor Vergata di Roma \u2013 emersi durante i\u00a0<strong>221 eventi organizzati in tutta Italia<\/strong>\u00a0nel corso dei\u00a0<strong>17 giorni<\/strong>\u00a0della kermesse, che ha avuto al centro\u00a0gli Obiettivi di Sviluppo Sostenibile sottoscritti dall&#8217;Italia nel settembre del 2015 all&#8217;Assemblea Generale dell&#8217;ONU.<\/p>\n<p>In apertura dei lavori,\u00a0<strong>Pierluigi Stefanini, presidente dell&#8217;ASviS<\/strong>, ha sottolineato \u201c<em>sia il contributo generoso e disinteressato di tanti soggetti per la riuscita del Festival, che \u00e8 riuscito a far emergere le grandi potenzialit\u00e0 presenti nella societ\u00e0 italiana; sia come le politiche per lo sviluppo sostenibile non debbano riguardare solo la dimensione ambientale, ma anche quella economica e sociale. E come l&#8217;Italia possa e debba essere tra i paesi leader in questo campo, mettendo questi temi al centro del dibattito culturale e politico<\/em>&#8220;.<\/p>\n<p>Concetto ripreso anche da\u00a0<strong>Enrico Giovannini, portavoce dell&#8217;ASviS<\/strong>: \u201c<em>Grazie al Festival decine di migliaia di persone in tutta Italia hanno scoperto il paradigma dello sviluppo sostenibile. Il mondo delle imprese e della finanza, la pubblica amministrazione, la scuola e le universit\u00e0 hanno assunto impegni concreti per attuare l&#8217;Agenda 2030. Ora il Governo deve urgentemente approvare la Strategia italiana per lo sviluppo sostenibile e la politica, anche in vista delle prossime elezioni, deve mettere al centro dell&#8217;attenzione questi temi per dare un futuro equo e sostenibile all&#8217;Italia<\/em>&#8220;.<\/p>\n<p>L&#8217;incontro \u00e8 proseguito con l&#8217;intervento del\u00a0<strong>Presidente del Consiglio Paolo Gentiloni,\u00a0<\/strong>che ha dichiarato: \u201cL&#8217;Italia far\u00e0 la sua parte: adotteremo a livello di governo la Strategia nazionale di sviluppo sostenibile e a questo proposito voglio ringraziare per il contributo straordinario dato da questo Festival&#8221;. Ed ha aggiunto: \u201cDopo l&#8217;adozione del documento di Strategia, la presidenza del Consiglio emaner\u00e0 una direttiva che specificher\u00e0 gli obiettivi di ciascun ministero per lo sviluppo sostenibile. Palazzo Chigi si assumer\u00e0 il coordinamento dei lavori&#8221;, perch\u00e9 questo \u00e8 un obiettivo dell&#8217;intero paese ed \u00e8 giusto che il coordinamento sia svolto dalla presidenza del Consiglio. Gestiremo anche la rendicontazione, con l&#8217;obiettivo di fare ogni anno un consuntivo a febbraio sull&#8217;attuazione dell&#8217;Agenda 2030&#8243;.<\/p>\n<p>Dopo Gentiloni, e dopo il videomessaggio del vicesegretario generale dell&#8217;Onu\u00a0<strong>Amina Mohammed<\/strong>, sono intervenuti:\u00a0<strong>Salvatore Rossi \u2013\u00a0<\/strong>direttore generale della Banca d&#8217;Italia,\u00a0<strong>Gaetano Manfredi<\/strong>\u00a0\u2013 presidente della Conferenza dei rettori delle universit\u00e0 italiane,\u00a0<strong>Enzo<\/strong> <strong>Bianco\u00a0<\/strong>\u2013 presidente del Consiglio nazionale dell&#8217;Anci, il presidente della Conferenza delle Regioni\u00a0<strong>Stefano Bonaccini<\/strong>. L&#8217;incontro si \u00e8 concluso con due premiazioni: per il concorso \u201c<strong>Youth in Action for Sustainable Development Goals<\/strong>&#8220;, organizzato da Fondazione Italiana Accenture, Fondazione Eni Enrico Mattei e Fondazione Giangiacomo Feltrinelli; e, successivamente, agli studenti vincitori del concorso Miur \u2013 ASviS \u201c<strong>Facciamo 17 goal. Trasformare il nostro mondo: l&#8217;Agenda 2030 per lo<\/strong><\/p>\n<\/div>\n","protected":false},"excerpt":{"rendered":"<p>\u200bIl primo\u00a0Festival dello Sviluppo Sostenibile\u00a0(22 maggio \u2013 7 giugno) si \u00e8 concluso alla presenza del\u00a0Presidente della Repubblica Sergio Mattarella\u00a0che, insieme ai presidenti della Camera dei deputati\u00a0Laura Boldrini\u00a0e del Consiglio\u00a0Paolo Gentiloni, ha partecipato all&#8217;incontro che si \u00e8 svolto a Roma\u00a0mercoled\u00ec 7 giugno\u00a0nell&#8217;Aula dei Gruppi a Montecitorio. \u00c8 stata l&#8217;occasione per presentare alle istituzioni i principali risultati [&hellip;]<\/p>\n","protected":false},"author":1,"featured_media":4287,"comment_status":"open","ping_status":"open","sticky":false,"template":"","format":"standard","meta":{"_acf_changed":false,"footnotes":""},"categories":[20],"tags":[647,641],"class_list":["post-2248","post","type-post","status-publish","format-standard","has-post-thumbnail","hentry","category-unipolis","tag-asvis","tag-fss"],"acf":[],"yoast_head":"<!-- This site is optimized with the Yoast SEO plugin v26.1.1 - https:\/\/yoast.com\/wordpress\/plugins\/seo\/ -->\n<title>Festival dello Sviluppo Sostenibile: conclusa con successo la prima edizione - Unipolis<\/title>\n<meta name=\"description\" content=\"Festival dello Sviluppo Sostenibile: conclusa con successo la prima edizione\" \/>\n<meta name=\"robots\" content=\"index, follow, max-snippet:-1, max-image-preview:large, max-video-preview:-1\" \/>\n<link rel=\"canonical\" href=\"https:\/\/www.fondazioneunipolis.org\/site\/festival-dello-sviluppo-sostenibile-conclusa-con-successo-la-prima-edizione\/\" \/>\n<meta property=\"og:locale\" content=\"it_IT\" \/>\n<meta property=\"og:type\" content=\"article\" \/>\n<meta property=\"og:title\" content=\"Festival dello Sviluppo Sostenibile: conclusa con successo la prima edizione - Unipolis\" \/>\n<meta property=\"og:description\" content=\"Festival dello Sviluppo Sostenibile: conclusa con successo la prima edizione\" \/>\n<meta property=\"og:url\" content=\"https:\/\/dx-factory-unipolis-corporate-wp.ha.servizi.gr-u.it\/site\/festival-dello-sviluppo-sostenibile-conclusa-con-successo-la-prima-edizione\/\" \/>\n<meta property=\"og:site_name\" content=\"Unipolis\" \/>\n<meta property=\"article:published_time\" content=\"2017-06-07T22:00:00+00:00\" \/>\n<meta property=\"article:modified_time\" content=\"2025-12-22T11:44:55+00:00\" \/>\n<meta property=\"og:image\" content=\"https:\/\/dx-factory-unipolis-corporate-wp.ha.servizi.gr-u.it\/site\/wp-content\/uploads\/import\/PublishingImages\/Notizie\/asvisravenna_evidenza.jpg\" \/>\n\t<meta property=\"og:image:width\" content=\"1\" \/>\n\t<meta property=\"og:image:height\" content=\"1\" \/>\n\t<meta property=\"og:image:type\" content=\"image\/jpeg\" \/>\n<meta name=\"author\" content=\"wsadmin\" \/>\n<meta name=\"twitter:card\" content=\"summary_large_image\" \/>\n<meta name=\"twitter:label1\" content=\"Written by\" \/>\n\t<meta name=\"twitter:data1\" content=\"wsadmin\" \/>\n\t<meta name=\"twitter:label2\" content=\"Est. reading time\" \/>\n\t<meta name=\"twitter:data2\" content=\"3 minutes\" \/>\n<script type=\"application\/ld+json\" class=\"yoast-schema-graph\">{\"@context\":\"https:\/\/schema.org\",\"@graph\":[{\"@type\":\"Article\",\"@id\":\"https:\/\/dx-factory-unipolis-corporate-wp.ha.servizi.gr-u.it\/site\/festival-dello-sviluppo-sostenibile-conclusa-con-successo-la-prima-edizione\/#article\",\"isPartOf\":{\"@id\":\"https:\/\/dx-factory-unipolis-corporate-wp.ha.servizi.gr-u.it\/site\/festival-dello-sviluppo-sostenibile-conclusa-con-successo-la-prima-edizione\/\"},\"author\":{\"name\":\"wsadmin\",\"@id\":\"https:\/\/www.fondazioneunipolis.org\/site\/#\/schema\/person\/43819ef7aaa5af51f1ed547eacb5e868\"},\"headline\":\"Festival dello Sviluppo Sostenibile: conclusa con successo la prima edizione\",\"datePublished\":\"2017-06-07T22:00:00+00:00\",\"dateModified\":\"2025-12-22T11:44:55+00:00\",\"mainEntityOfPage\":{\"@id\":\"https:\/\/dx-factory-unipolis-corporate-wp.ha.servizi.gr-u.it\/site\/festival-dello-sviluppo-sostenibile-conclusa-con-successo-la-prima-edizione\/\"},\"wordCount\":516,\"commentCount\":0,\"publisher\":{\"@id\":\"https:\/\/www.fondazioneunipolis.org\/site\/#organization\"},\"image\":{\"@id\":\"https:\/\/dx-factory-unipolis-corporate-wp.ha.servizi.gr-u.it\/site\/festival-dello-sviluppo-sostenibile-conclusa-con-successo-la-prima-edizione\/#primaryimage\"},\"thumbnailUrl\":\"https:\/\/www.fondazioneunipolis.org\/site\/wp-content\/uploads\/import\/PublishingImages\/Notizie\/asvisravenna_evidenza.jpg\",\"keywords\":[\"asvis\",\"fss\"],\"articleSection\":[\"Unipolis\"],\"inLanguage\":\"it-IT\",\"potentialAction\":[{\"@type\":\"CommentAction\",\"name\":\"Comment\",\"target\":[\"https:\/\/dx-factory-unipolis-corporate-wp.ha.servizi.gr-u.it\/site\/festival-dello-sviluppo-sostenibile-conclusa-con-successo-la-prima-edizione\/#respond\"]}]},{\"@type\":\"WebPage\",\"@id\":\"https:\/\/dx-factory-unipolis-corporate-wp.ha.servizi.gr-u.it\/site\/festival-dello-sviluppo-sostenibile-conclusa-con-successo-la-prima-edizione\/\",\"url\":\"https:\/\/dx-factory-unipolis-corporate-wp.ha.servizi.gr-u.it\/site\/festival-dello-sviluppo-sostenibile-conclusa-con-successo-la-prima-edizione\/\",\"name\":\"Festival dello Sviluppo Sostenibile: conclusa con successo la prima edizione - Unipolis\",\"isPartOf\":{\"@id\":\"https:\/\/www.fondazioneunipolis.org\/site\/#website\"},\"primaryImageOfPage\":{\"@id\":\"https:\/\/dx-factory-unipolis-corporate-wp.ha.servizi.gr-u.it\/site\/festival-dello-sviluppo-sostenibile-conclusa-con-successo-la-prima-edizione\/#primaryimage\"},\"image\":{\"@id\":\"https:\/\/dx-factory-unipolis-corporate-wp.ha.servizi.gr-u.it\/site\/festival-dello-sviluppo-sostenibile-conclusa-con-successo-la-prima-edizione\/#primaryimage\"},\"thumbnailUrl\":\"https:\/\/www.fondazioneunipolis.org\/site\/wp-content\/uploads\/import\/PublishingImages\/Notizie\/asvisravenna_evidenza.jpg\",\"datePublished\":\"2017-06-07T22:00:00+00:00\",\"dateModified\":\"2025-12-22T11:44:55+00:00\",\"description\":\"Festival dello Sviluppo Sostenibile: conclusa con successo la prima edizione\",\"breadcrumb\":{\"@id\":\"https:\/\/dx-factory-unipolis-corporate-wp.ha.servizi.gr-u.it\/site\/festival-dello-sviluppo-sostenibile-conclusa-con-successo-la-prima-edizione\/#breadcrumb\"},\"inLanguage\":\"it-IT\",\"potentialAction\":[{\"@type\":\"ReadAction\",\"target\":[\"https:\/\/dx-factory-unipolis-corporate-wp.ha.servizi.gr-u.it\/site\/festival-dello-sviluppo-sostenibile-conclusa-con-successo-la-prima-edizione\/\"]}]},{\"@type\":\"ImageObject\",\"inLanguage\":\"it-IT\",\"@id\":\"https:\/\/dx-factory-unipolis-corporate-wp.ha.servizi.gr-u.it\/site\/festival-dello-sviluppo-sostenibile-conclusa-con-successo-la-prima-edizione\/#primaryimage\",\"url\":\"https:\/\/www.fondazioneunipolis.org\/site\/wp-content\/uploads\/import\/PublishingImages\/Notizie\/asvisravenna_evidenza.jpg\",\"contentUrl\":\"https:\/\/www.fondazioneunipolis.org\/site\/wp-content\/uploads\/import\/PublishingImages\/Notizie\/asvisravenna_evidenza.jpg\"},{\"@type\":\"BreadcrumbList\",\"@id\":\"https:\/\/dx-factory-unipolis-corporate-wp.ha.servizi.gr-u.it\/site\/festival-dello-sviluppo-sostenibile-conclusa-con-successo-la-prima-edizione\/#breadcrumb\",\"itemListElement\":[{\"@type\":\"ListItem\",\"position\":1,\"name\":\"Home\",\"item\":\"https:\/\/www.fondazioneunipolis.org\/site\/\"},{\"@type\":\"ListItem\",\"position\":2,\"name\":\"Festival dello Sviluppo Sostenibile: conclusa con successo la prima edizione\"}]},{\"@type\":\"WebSite\",\"@id\":\"https:\/\/www.fondazioneunipolis.org\/site\/#website\",\"url\":\"https:\/\/www.fondazioneunipolis.org\/site\/\",\"name\":\"Unipolis\",\"description\":\"\",\"publisher\":{\"@id\":\"https:\/\/www.fondazioneunipolis.org\/site\/#organization\"},\"potentialAction\":[{\"@type\":\"SearchAction\",\"target\":{\"@type\":\"EntryPoint\",\"urlTemplate\":\"https:\/\/www.fondazioneunipolis.org\/site\/?s={search_term_string}\"},\"query-input\":{\"@type\":\"PropertyValueSpecification\",\"valueRequired\":true,\"valueName\":\"search_term_string\"}}],\"inLanguage\":\"it-IT\"},{\"@type\":\"Organization\",\"@id\":\"https:\/\/www.fondazioneunipolis.org\/site\/#organization\",\"name\":\"Unipolis\",\"url\":\"https:\/\/www.fondazioneunipolis.org\/site\/\",\"logo\":{\"@type\":\"ImageObject\",\"inLanguage\":\"it-IT\",\"@id\":\"https:\/\/www.fondazioneunipolis.org\/site\/#\/schema\/logo\/image\/\",\"url\":\"https:\/\/www.fondazioneunipolis.org\/site\/wp-content\/uploads\/2025\/07\/logo-fondazione-unipolis-1.svg\",\"contentUrl\":\"https:\/\/www.fondazioneunipolis.org\/site\/wp-content\/uploads\/2025\/07\/logo-fondazione-unipolis-1.svg\",\"caption\":\"Unipolis\"},\"image\":{\"@id\":\"https:\/\/www.fondazioneunipolis.org\/site\/#\/schema\/logo\/image\/\"}},{\"@type\":\"Person\",\"@id\":\"https:\/\/www.fondazioneunipolis.org\/site\/#\/schema\/person\/43819ef7aaa5af51f1ed547eacb5e868\",\"name\":\"wsadmin\",\"image\":{\"@type\":\"ImageObject\",\"inLanguage\":\"it-IT\",\"@id\":\"https:\/\/www.fondazioneunipolis.org\/site\/#\/schema\/person\/image\/\",\"url\":\"https:\/\/secure.gravatar.com\/avatar\/6512509e9ae62b647044a2731fadcbf236f2546df7b086feb6df7aabf2ef03aa?s=96&d=mm&r=g\",\"contentUrl\":\"https:\/\/secure.gravatar.com\/avatar\/6512509e9ae62b647044a2731fadcbf236f2546df7b086feb6df7aabf2ef03aa?s=96&d=mm&r=g\",\"caption\":\"wsadmin\"},\"sameAs\":[\"https:\/\/www.fondazioneunipolis.org\/site\"],\"url\":\"https:\/\/www.fondazioneunipolis.org\/site\/author\/wsadmin\/\"}]}<\/script>\n<!-- \/ Yoast SEO plugin. -->","yoast_head_json":{"title":"Festival dello Sviluppo Sostenibile: conclusa con successo la prima edizione - Unipolis","description":"Festival dello Sviluppo Sostenibile: conclusa con successo la prima edizione","robots":{"index":"index","follow":"follow","max-snippet":"max-snippet:-1","max-image-preview":"max-image-preview:large","max-video-preview":"max-video-preview:-1"},"canonical":"https:\/\/www.fondazioneunipolis.org\/site\/festival-dello-sviluppo-sostenibile-conclusa-con-successo-la-prima-edizione\/","og_locale":"it_IT","og_type":"article","og_title":"Festival dello Sviluppo Sostenibile: conclusa con successo la prima edizione - Unipolis","og_description":"Festival dello Sviluppo Sostenibile: conclusa con successo la prima edizione","og_url":"https:\/\/dx-factory-unipolis-corporate-wp.ha.servizi.gr-u.it\/site\/festival-dello-sviluppo-sostenibile-conclusa-con-successo-la-prima-edizione\/","og_site_name":"Unipolis","article_published_time":"2017-06-07T22:00:00+00:00","article_modified_time":"2025-12-22T11:44:55+00:00","og_image":[{"url":"https:\/\/dx-factory-unipolis-corporate-wp.ha.servizi.gr-u.it\/site\/wp-content\/uploads\/import\/PublishingImages\/Notizie\/asvisravenna_evidenza.jpg","width":1,"height":1,"type":"image\/jpeg"}],"author":"wsadmin","twitter_card":"summary_large_image","twitter_misc":{"Written by":"wsadmin","Est. reading time":"3 minutes"},"schema":{"@context":"https:\/\/schema.org","@graph":[{"@type":"Article","@id":"https:\/\/dx-factory-unipolis-corporate-wp.ha.servizi.gr-u.it\/site\/festival-dello-sviluppo-sostenibile-conclusa-con-successo-la-prima-edizione\/#article","isPartOf":{"@id":"https:\/\/dx-factory-unipolis-corporate-wp.ha.servizi.gr-u.it\/site\/festival-dello-sviluppo-sostenibile-conclusa-con-successo-la-prima-edizione\/"},"author":{"name":"wsadmin","@id":"https:\/\/www.fondazioneunipolis.org\/site\/#\/schema\/person\/43819ef7aaa5af51f1ed547eacb5e868"},"headline":"Festival dello Sviluppo Sostenibile: conclusa con successo la prima edizione","datePublished":"2017-06-07T22:00:00+00:00","dateModified":"2025-12-22T11:44:55+00:00","mainEntityOfPage":{"@id":"https:\/\/dx-factory-unipolis-corporate-wp.ha.servizi.gr-u.it\/site\/festival-dello-sviluppo-sostenibile-conclusa-con-successo-la-prima-edizione\/"},"wordCount":516,"commentCount":0,"publisher":{"@id":"https:\/\/www.fondazioneunipolis.org\/site\/#organization"},"image":{"@id":"https:\/\/dx-factory-unipolis-corporate-wp.ha.servizi.gr-u.it\/site\/festival-dello-sviluppo-sostenibile-conclusa-con-successo-la-prima-edizione\/#primaryimage"},"thumbnailUrl":"https:\/\/www.fondazioneunipolis.org\/site\/wp-content\/uploads\/import\/PublishingImages\/Notizie\/asvisravenna_evidenza.jpg","keywords":["asvis","fss"],"articleSection":["Unipolis"],"inLanguage":"it-IT","potentialAction":[{"@type":"CommentAction","name":"Comment","target":["https:\/\/dx-factory-unipolis-corporate-wp.ha.servizi.gr-u.it\/site\/festival-dello-sviluppo-sostenibile-conclusa-con-successo-la-prima-edizione\/#respond"]}]},{"@type":"WebPage","@id":"https:\/\/dx-factory-unipolis-corporate-wp.ha.servizi.gr-u.it\/site\/festival-dello-sviluppo-sostenibile-conclusa-con-successo-la-prima-edizione\/","url":"https:\/\/dx-factory-unipolis-corporate-wp.ha.servizi.gr-u.it\/site\/festival-dello-sviluppo-sostenibile-conclusa-con-successo-la-prima-edizione\/","name":"Festival dello Sviluppo Sostenibile: conclusa con successo la prima edizione - Unipolis","isPartOf":{"@id":"https:\/\/www.fondazioneunipolis.org\/site\/#website"},"primaryImageOfPage":{"@id":"https:\/\/dx-factory-unipolis-corporate-wp.ha.servizi.gr-u.it\/site\/festival-dello-sviluppo-sostenibile-conclusa-con-successo-la-prima-edizione\/#primaryimage"},"image":{"@id":"https:\/\/dx-factory-unipolis-corporate-wp.ha.servizi.gr-u.it\/site\/festival-dello-sviluppo-sostenibile-conclusa-con-successo-la-prima-edizione\/#primaryimage"},"thumbnailUrl":"https:\/\/www.fondazioneunipolis.org\/site\/wp-content\/uploads\/import\/PublishingImages\/Notizie\/asvisravenna_evidenza.jpg","datePublished":"2017-06-07T22:00:00+00:00","dateModified":"2025-12-22T11:44:55+00:00","description":"Festival dello Sviluppo Sostenibile: conclusa con successo la prima edizione","breadcrumb":{"@id":"https:\/\/dx-factory-unipolis-corporate-wp.ha.servizi.gr-u.it\/site\/festival-dello-sviluppo-sostenibile-conclusa-con-successo-la-prima-edizione\/#breadcrumb"},"inLanguage":"it-IT","potentialAction":[{"@type":"ReadAction","target":["https:\/\/dx-factory-unipolis-corporate-wp.ha.servizi.gr-u.it\/site\/festival-dello-sviluppo-sostenibile-conclusa-con-successo-la-prima-edizione\/"]}]},{"@type":"ImageObject","inLanguage":"it-IT","@id":"https:\/\/dx-factory-unipolis-corporate-wp.ha.servizi.gr-u.it\/site\/festival-dello-sviluppo-sostenibile-conclusa-con-successo-la-prima-edizione\/#primaryimage","url":"https:\/\/www.fondazioneunipolis.org\/site\/wp-content\/uploads\/import\/PublishingImages\/Notizie\/asvisravenna_evidenza.jpg","contentUrl":"https:\/\/www.fondazioneunipolis.org\/site\/wp-content\/uploads\/import\/PublishingImages\/Notizie\/asvisravenna_evidenza.jpg"},{"@type":"BreadcrumbList","@id":"https:\/\/dx-factory-unipolis-corporate-wp.ha.servizi.gr-u.it\/site\/festival-dello-sviluppo-sostenibile-conclusa-con-successo-la-prima-edizione\/#breadcrumb","itemListElement":[{"@type":"ListItem","position":1,"name":"Home","item":"https:\/\/www.fondazioneunipolis.org\/site\/"},{"@type":"ListItem","position":2,"name":"Festival dello Sviluppo Sostenibile: conclusa con successo la prima edizione"}]},{"@type":"WebSite","@id":"https:\/\/www.fondazioneunipolis.org\/site\/#website","url":"https:\/\/www.fondazioneunipolis.org\/site\/","name":"Unipolis","description":"","publisher":{"@id":"https:\/\/www.fondazioneunipolis.org\/site\/#organization"},"potentialAction":[{"@type":"SearchAction","target":{"@type":"EntryPoint","urlTemplate":"https:\/\/www.fondazioneunipolis.org\/site\/?s={search_term_string}"},"query-input":{"@type":"PropertyValueSpecification","valueRequired":true,"valueName":"search_term_string"}}],"inLanguage":"it-IT"},{"@type":"Organization","@id":"https:\/\/www.fondazioneunipolis.org\/site\/#organization","name":"Unipolis","url":"https:\/\/www.fondazioneunipolis.org\/site\/","logo":{"@type":"ImageObject","inLanguage":"it-IT","@id":"https:\/\/www.fondazioneunipolis.org\/site\/#\/schema\/logo\/image\/","url":"https:\/\/www.fondazioneunipolis.org\/site\/wp-content\/uploads\/2025\/07\/logo-fondazione-unipolis-1.svg","contentUrl":"https:\/\/www.fondazioneunipolis.org\/site\/wp-content\/uploads\/2025\/07\/logo-fondazione-unipolis-1.svg","caption":"Unipolis"},"image":{"@id":"https:\/\/www.fondazioneunipolis.org\/site\/#\/schema\/logo\/image\/"}},{"@type":"Person","@id":"https:\/\/www.fondazioneunipolis.org\/site\/#\/schema\/person\/43819ef7aaa5af51f1ed547eacb5e868","name":"wsadmin","image":{"@type":"ImageObject","inLanguage":"it-IT","@id":"https:\/\/www.fondazioneunipolis.org\/site\/#\/schema\/person\/image\/","url":"https:\/\/secure.gravatar.com\/avatar\/6512509e9ae62b647044a2731fadcbf236f2546df7b086feb6df7aabf2ef03aa?s=96&d=mm&r=g","contentUrl":"https:\/\/secure.gravatar.com\/avatar\/6512509e9ae62b647044a2731fadcbf236f2546df7b086feb6df7aabf2ef03aa?s=96&d=mm&r=g","caption":"wsadmin"},"sameAs":["https:\/\/www.fondazioneunipolis.org\/site"],"url":"https:\/\/www.fondazioneunipolis.org\/site\/author\/wsadmin\/"}]}},"_links":{"self":[{"href":"https:\/\/www.fondazioneunipolis.org\/site\/wp-json\/wp\/v2\/posts\/2248","targetHints":{"allow":["GET"]}}],"collection":[{"href":"https:\/\/www.fondazioneunipolis.org\/site\/wp-json\/wp\/v2\/posts"}],"about":[{"href":"https:\/\/www.fondazioneunipolis.org\/site\/wp-json\/wp\/v2\/types\/post"}],"author":[{"embeddable":true,"href":"https:\/\/www.fondazioneunipolis.org\/site\/wp-json\/wp\/v2\/users\/1"}],"replies":[{"embeddable":true,"href":"https:\/\/www.fondazioneunipolis.org\/site\/wp-json\/wp\/v2\/comments?post=2248"}],"version-history":[{"count":4,"href":"https:\/\/www.fondazioneunipolis.org\/site\/wp-json\/wp\/v2\/posts\/2248\/revisions"}],"predecessor-version":[{"id":11160,"href":"https:\/\/www.fondazioneunipolis.org\/site\/wp-json\/wp\/v2\/posts\/2248\/revisions\/11160"}],"wp:featuredmedia":[{"embeddable":true,"href":"https:\/\/www.fondazioneunipolis.org\/site\/wp-json\/wp\/v2\/media\/4287"}],"wp:attachment":[{"href":"https:\/\/www.fondazioneunipolis.org\/site\/wp-json\/wp\/v2\/media?parent=2248"}],"wp:term":[{"taxonomy":"category","embeddable":true,"href":"https:\/\/www.fondazioneunipolis.org\/site\/wp-json\/wp\/v2\/categories?post=2248"},{"taxonomy":"post_tag","embeddable":true,"href":"https:\/\/www.fondazioneunipolis.org\/site\/wp-json\/wp\/v2\/tags?post=2248"}],"curies":[{"name":"wp","href":"https:\/\/api.w.org\/{rel}","templated":true}]}}