{"id":2247,"date":"2025-03-04T00:00:00","date_gmt":"2025-03-03T23:00:00","guid":{"rendered":"https:\/\/www.fondazioneunipolis.org\/site\/festival-dello-sviluppo-sostenibile-2025-dal-7-al-23-maggio-in-tutta-italia\/"},"modified":"2026-01-26T11:13:46","modified_gmt":"2026-01-26T10:13:46","slug":"festival-dello-sviluppo-sostenibile-2025-dal-7-al-23-maggio-in-tutta-italia","status":"publish","type":"post","link":"https:\/\/www.fondazioneunipolis.org\/site\/news\/festival-dello-sviluppo-sostenibile-2025-dal-7-al-23-maggio-in-tutta-italia\/","title":{"rendered":"Festival dello Sviluppo Sostenibile 2025: dal 7 al 23 maggio in tutta Italia"},"content":{"rendered":"<div id=\"ctl00_PlaceHolderMain_ctl03__ControlWrapper_RichHtmlField\" class=\"ms-rtestate-field\" style=\"display: inline;\" aria-labelledby=\"ctl00_PlaceHolderMain_ctl03_label\">\n<p><span class=\"ms-rteFontSize-4\"><em>\u200b\u200b\u200b\u200b17 giorni per sensibilizzare e mobilitare sui temi della sostenibilit\u00e0\u200b<\/em><\/span><\/p>\n<p>\u200b\u200bRitorna il <strong>Festival dello Sviluppo Sostenibile<\/strong>, la pi\u00f9 grande manifestazione italiana dedicata alla sostenibilit\u00e0, organizzata dall&#8217;<a style=\"background-color: #f8f8f8;\" href=\"https:\/\/asvis.it\/\" target=\"_blank\" rel=\"noopener\"><strong>Alleanza Italiana per lo Sviluppo Sostenibile ETS (ASviS)<\/strong>.<\/a> L&#8217;evento, alla sua nona edizione,\u00a0si terr\u00e0 <strong>dal 7 al 23 maggio<\/strong>, su un arco di 17 giorni, tanti quanti gli <strong>Obiettivi di sviluppo sostenibile<\/strong> (SDGs) previsti dall&#8217;<strong>Agenda 2030<\/strong> dell&#8217;Onu.<\/p>\n<p>Protagonista sar\u00e0 la<strong> societ\u00e0 civile<\/strong>: cittadini e cittadine, universit\u00e0, scuole, aziende e associazioni si uniranno per promuovere la cultura della sostenibilit\u00e0. Oltre agli appuntamenti ufficiali, il Festival sar\u00e0 arricchito da una serie di eventi nei cosiddetti <strong>\u201cdintorni del Festival&#8221;<\/strong>, che si\u200b svolgeranno per tutto il mese di maggio.<\/p>\n<p><strong>Chiunque potr\u00e0 partecipare e organizzare il \u200b\u200bproprio evento, registrandolo attraverso il <\/strong><a style=\"background-color: #f8f8f8;\" href=\"https:\/\/2025.festivalsvilupposostenibile.it\/candida-evento\/\" target=\"_blank\" rel=\"noopener\"><strong>modulo online<\/strong><\/a>. Sar\u00e0 possibile prevedere diversi format: dalle conferenze ai laboratori, dalla presentazione di libri agli spettacoli, dalle tavole rotonde a concerti, illuminazioni artistiche e molto altro, utilizzando quindi anche i linguaggi dell&#8217;arte e della multimedialit\u00e0 per diffondere i messaggi dell&#8217;Agenda globale.<\/p>\n<p><span style=\"font-size: 22px;\"><strong>Le tappe<\/strong><strong> pr\u200bincipali<\/strong><\/span><\/p>\n<p>Ad accompagnare le iniziative della societ\u00e0 civile ci saranno gli <strong>eventi principali organizzati direttamente dall&#8217;ASviS<\/strong> che faranno tappa in varie citt\u00e0 italiane, offrendo una serie di appuntamenti che mirano a stimolare un profondo dibattito sulle tematiche della sostenibilit\u00e0 e del futuro del nostro sistema produttivo.<\/p>\n<ul>\n<li>L&#8217;evento si apre il <strong>7 maggio a Milano<\/strong>, momento in cui verr\u00e0<strong> inaugurato il percorso<\/strong> con una riflessione sulla transizione verso una maggiore <strong>sostenibilit\u00e0 delle imprese e del sistema produttivo<\/strong>.<\/li>\n<li>Il<strong> 9 maggio a Genova<\/strong>, presso Palazzo Ducale, l&#8217;attenzione si concentrer\u00e0 sulla <strong>biodiversit\u00e0<\/strong>, evidenziando l&#8217;importanza della tutela degli ecosistemi naturali.<\/li>\n<li>Il percorso prosegue a<strong> Venezia il 13 maggio<\/strong>, dove si discuter\u00e0 della <strong>fragilit\u00e0 dei territori e del cambiamento climatico<\/strong>, esplorando al contempo le opportunit\u00e0 offerte da una pianificazione strategica e a lungo termine per il futuro.<\/li>\n<li><strong>Dal 15 al 17 maggio<\/strong>, nell&#8217;ambito del Salone del Libro a <strong>Torino<\/strong>, il Festival approfondir\u00e0 il ruolo determinante della <strong>cultur<\/strong><strong>a, della comunicazione e dei media<\/strong> nella diffusione di una consapevolezza critica nei confronti delle sfide ambientali.<\/li>\n<li><strong>A Bologna, il 19 maggio<\/strong>, si analizzer\u00e0 l&#8217;impatto delle <strong>filiere produttive sui modelli di consumo e produzione.\u00a0<\/strong><\/li>\n<li>Il\u00a0<strong>21 maggio a Napoli<\/strong> il focus si sposter\u00e0 sulle specifiche <strong>sfide del Mezzogiorno<\/strong>, in particolare per quanto riguarda l&#8217;autonomia differenziata e le disuguaglianze nei servizi, con un&#8217;attenzione particolare al settore sanitario.<\/li>\n<li>Il percorso si concluder\u00e0 il<strong> 2<\/strong><strong>3 maggio a Roma<\/strong>, con la <strong>presentazione dei risultati della manifestazione alle istituzioni<\/strong>, segnando cos\u00ec la chiusura di un evento che si propone di rafforzare il contributo della societ\u00e0 civile e di stimolare riflessioni costruttive per un futuro pi\u00f9 sostenibile.<\/li>\n<\/ul>\n<p><span style=\"font-size: 22px;\"><strong>Il contesto<\/strong><strong> del Festival 2025<\/strong><\/span><\/p>\n<p>L&#8217;iniziativa viene svolta a 5 anni dalla scadenza degli <strong>Obiettivi dell&#8217;Agenda 2030<\/strong>. Indubbiamente l&#8217;Italia si trova indietro rispetto al raggiungimento degli SDG\u200bs, come sottolineato nel <a href=\"https:\/\/www.fondazioneunipolis.org\/site\/rapporto-asvis-2024-coltivare-ora-il-nostro-futuro\/\" target=\"_blank\" rel=\"noopener\">Rapport\u200bo A\u200bSviS \u201cColtivare ora il nostro fu\u200bturo&#8221;<\/a>\u00a0. Nel prossimo quinquennio sar\u00e0 fondamentale proseguire con gli sforzi intrapresi per accelerare l&#8217;impegno per l&#8217;Agenda 2030, oltre ad avviare la riflessione sulla prossima agenda globale di sviluppo che, inevitabilmente, dovr\u00e0 alzare l&#8217;ambizione collettiva.<\/p>\n<p>Inoltre, l&#8217;anno che ci attende \u00e8 scandito da alcuni <strong>appuntamenti fondamentali,<\/strong> tra cui: le decisioni della nuova <strong>Commissione Europea <\/strong>per proseguire gli sforzi della precedente, con politiche e iniziative in materia di sostenibilit\u00e0 e sviluppo; la rinnovata <strong>presidenza <\/strong><strong>degli Stati Uniti<\/strong>, con indubbie implicazioni sugli equilibri globali, per le politiche di decarbonizzazione e transizione giusta; le <strong>elezioni amministrative in Italia<\/strong>, che definiranno nuove leadership locali con un impatto sulle politiche territoriali di sostenibilit\u00e0; la<strong> COP30<\/strong>, il vertice delle Nazioni Unite sul clima, in programma in Brasile, che rappresenter\u00e0 un momento cruciale per il futuro degli accordi internazionali sull&#8217;ambiente.<\/p>\n<p>In questo contesto, il Festival dello Sviluppo Sostenibile sar\u00e0 ancora pi\u00f9 centrale nel dibattito sul futuro del pianeta.\u200b<\/p>\n<\/div>\n","protected":false},"excerpt":{"rendered":"<p>\u200b\u200b\u200b\u200b17 giorni per sensibilizzare e mobilitare sui temi della sostenibilit\u00e0\u200b \u200b\u200bRitorna il Festival dello Sviluppo Sostenibile, la pi\u00f9 grande manifestazione italiana dedicata alla sostenibilit\u00e0, organizzata dall&#8217;Alleanza Italiana per lo Sviluppo Sostenibile ETS (ASviS). L&#8217;evento, alla sua nona edizione,\u00a0si terr\u00e0 dal 7 al 23 maggio, su un arco di 17 giorni, tanti quanti gli Obiettivi di [&hellip;]<\/p>\n","protected":false},"author":1,"featured_media":5679,"comment_status":"open","ping_status":"open","sticky":false,"template":"","format":"standard","meta":{"_acf_changed":false,"footnotes":""},"categories":[20],"tags":[647,641],"class_list":["post-2247","post","type-post","status-publish","format-standard","has-post-thumbnail","hentry","category-unipolis","tag-asvis","tag-fss"],"acf":[],"yoast_head":"<!-- This site is optimized with the Yoast SEO plugin v26.1.1 - https:\/\/yoast.com\/wordpress\/plugins\/seo\/ -->\n<title>Festival dello Sviluppo Sostenibile 2025: dal 7 al 23 maggio in tutta Italia - Unipolis<\/title>\n<meta name=\"description\" content=\"Festival dello Sviluppo Sostenibile 2025: dal 7 al 23 maggio in tutta Italia\" \/>\n<meta name=\"robots\" content=\"index, follow, max-snippet:-1, max-image-preview:large, max-video-preview:-1\" \/>\n<link rel=\"canonical\" href=\"https:\/\/www.fondazioneunipolis.org\/site\/news\/festival-dello-sviluppo-sostenibile-2025-dal-7-al-23-maggio-in-tutta-italia\/\" \/>\n<meta property=\"og:locale\" content=\"it_IT\" \/>\n<meta property=\"og:type\" content=\"article\" \/>\n<meta property=\"og:title\" content=\"Festival dello Sviluppo Sostenibile 2025: dal 7 al 23 maggio in tutta Italia - Unipolis\" \/>\n<meta property=\"og:description\" content=\"Festival dello Sviluppo Sostenibile 2025: dal 7 al 23 maggio in tutta Italia\" \/>\n<meta property=\"og:url\" content=\"https:\/\/dx-factory-unipolis-corporate-wp.ha.servizi.gr-u.it\/site\/news\/festival-dello-sviluppo-sostenibile-2025-dal-7-al-23-maggio-in-tutta-italia\/\" \/>\n<meta property=\"og:site_name\" content=\"Unipolis\" \/>\n<meta property=\"article:published_time\" content=\"2025-03-03T23:00:00+00:00\" \/>\n<meta property=\"article:modified_time\" content=\"2026-01-26T10:13:46+00:00\" \/>\n<meta property=\"og:image\" content=\"https:\/\/dx-factory-unipolis-corporate-wp.ha.servizi.gr-u.it\/site\/wp-content\/uploads\/import\/PublishingImages\/Festival%20Sviluppo%20Sostenibile%20(1).png\" \/>\n\t<meta property=\"og:image:width\" content=\"1\" \/>\n\t<meta property=\"og:image:height\" content=\"1\" \/>\n\t<meta property=\"og:image:type\" content=\"image\/png\" \/>\n<meta name=\"author\" content=\"wsadmin\" \/>\n<meta name=\"twitter:card\" content=\"summary_large_image\" \/>\n<meta name=\"twitter:label1\" content=\"Written by\" \/>\n\t<meta name=\"twitter:data1\" content=\"wsadmin\" \/>\n\t<meta name=\"twitter:label2\" content=\"Est. reading time\" \/>\n\t<meta name=\"twitter:data2\" content=\"4 minutes\" \/>\n<script type=\"application\/ld+json\" class=\"yoast-schema-graph\">{\"@context\":\"https:\/\/schema.org\",\"@graph\":[{\"@type\":\"Article\",\"@id\":\"https:\/\/dx-factory-unipolis-corporate-wp.ha.servizi.gr-u.it\/site\/news\/festival-dello-sviluppo-sostenibile-2025-dal-7-al-23-maggio-in-tutta-italia\/#article\",\"isPartOf\":{\"@id\":\"https:\/\/dx-factory-unipolis-corporate-wp.ha.servizi.gr-u.it\/site\/news\/festival-dello-sviluppo-sostenibile-2025-dal-7-al-23-maggio-in-tutta-italia\/\"},\"author\":{\"name\":\"wsadmin\",\"@id\":\"https:\/\/www.fondazioneunipolis.org\/site\/#\/schema\/person\/43819ef7aaa5af51f1ed547eacb5e868\"},\"headline\":\"Festival dello Sviluppo Sostenibile 2025: dal 7 al 23 maggio in tutta Italia\",\"datePublished\":\"2025-03-03T23:00:00+00:00\",\"dateModified\":\"2026-01-26T10:13:46+00:00\",\"mainEntityOfPage\":{\"@id\":\"https:\/\/dx-factory-unipolis-corporate-wp.ha.servizi.gr-u.it\/site\/news\/festival-dello-sviluppo-sostenibile-2025-dal-7-al-23-maggio-in-tutta-italia\/\"},\"wordCount\":634,\"commentCount\":0,\"publisher\":{\"@id\":\"https:\/\/www.fondazioneunipolis.org\/site\/#organization\"},\"image\":{\"@id\":\"https:\/\/dx-factory-unipolis-corporate-wp.ha.servizi.gr-u.it\/site\/news\/festival-dello-sviluppo-sostenibile-2025-dal-7-al-23-maggio-in-tutta-italia\/#primaryimage\"},\"thumbnailUrl\":\"https:\/\/www.fondazioneunipolis.org\/site\/wp-content\/uploads\/import\/PublishingImages\/Festival Sviluppo Sostenibile (1).png\",\"keywords\":[\"asvis\",\"fss\"],\"articleSection\":[\"Unipolis\"],\"inLanguage\":\"it-IT\",\"potentialAction\":[{\"@type\":\"CommentAction\",\"name\":\"Comment\",\"target\":[\"https:\/\/dx-factory-unipolis-corporate-wp.ha.servizi.gr-u.it\/site\/news\/festival-dello-sviluppo-sostenibile-2025-dal-7-al-23-maggio-in-tutta-italia\/#respond\"]}]},{\"@type\":\"WebPage\",\"@id\":\"https:\/\/dx-factory-unipolis-corporate-wp.ha.servizi.gr-u.it\/site\/news\/festival-dello-sviluppo-sostenibile-2025-dal-7-al-23-maggio-in-tutta-italia\/\",\"url\":\"https:\/\/dx-factory-unipolis-corporate-wp.ha.servizi.gr-u.it\/site\/news\/festival-dello-sviluppo-sostenibile-2025-dal-7-al-23-maggio-in-tutta-italia\/\",\"name\":\"Festival dello Sviluppo Sostenibile 2025: dal 7 al 23 maggio in tutta Italia - Unipolis\",\"isPartOf\":{\"@id\":\"https:\/\/www.fondazioneunipolis.org\/site\/#website\"},\"primaryImageOfPage\":{\"@id\":\"https:\/\/dx-factory-unipolis-corporate-wp.ha.servizi.gr-u.it\/site\/news\/festival-dello-sviluppo-sostenibile-2025-dal-7-al-23-maggio-in-tutta-italia\/#primaryimage\"},\"image\":{\"@id\":\"https:\/\/dx-factory-unipolis-corporate-wp.ha.servizi.gr-u.it\/site\/news\/festival-dello-sviluppo-sostenibile-2025-dal-7-al-23-maggio-in-tutta-italia\/#primaryimage\"},\"thumbnailUrl\":\"https:\/\/www.fondazioneunipolis.org\/site\/wp-content\/uploads\/import\/PublishingImages\/Festival Sviluppo Sostenibile (1).png\",\"datePublished\":\"2025-03-03T23:00:00+00:00\",\"dateModified\":\"2026-01-26T10:13:46+00:00\",\"description\":\"Festival dello Sviluppo Sostenibile 2025: dal 7 al 23 maggio in tutta Italia\",\"breadcrumb\":{\"@id\":\"https:\/\/dx-factory-unipolis-corporate-wp.ha.servizi.gr-u.it\/site\/news\/festival-dello-sviluppo-sostenibile-2025-dal-7-al-23-maggio-in-tutta-italia\/#breadcrumb\"},\"inLanguage\":\"it-IT\",\"potentialAction\":[{\"@type\":\"ReadAction\",\"target\":[\"https:\/\/dx-factory-unipolis-corporate-wp.ha.servizi.gr-u.it\/site\/news\/festival-dello-sviluppo-sostenibile-2025-dal-7-al-23-maggio-in-tutta-italia\/\"]}]},{\"@type\":\"ImageObject\",\"inLanguage\":\"it-IT\",\"@id\":\"https:\/\/dx-factory-unipolis-corporate-wp.ha.servizi.gr-u.it\/site\/news\/festival-dello-sviluppo-sostenibile-2025-dal-7-al-23-maggio-in-tutta-italia\/#primaryimage\",\"url\":\"https:\/\/www.fondazioneunipolis.org\/site\/wp-content\/uploads\/import\/PublishingImages\/Festival Sviluppo Sostenibile (1).png\",\"contentUrl\":\"https:\/\/www.fondazioneunipolis.org\/site\/wp-content\/uploads\/import\/PublishingImages\/Festival Sviluppo Sostenibile (1).png\"},{\"@type\":\"BreadcrumbList\",\"@id\":\"https:\/\/dx-factory-unipolis-corporate-wp.ha.servizi.gr-u.it\/site\/news\/festival-dello-sviluppo-sostenibile-2025-dal-7-al-23-maggio-in-tutta-italia\/#breadcrumb\",\"itemListElement\":[{\"@type\":\"ListItem\",\"position\":1,\"name\":\"Home\",\"item\":\"https:\/\/www.fondazioneunipolis.org\/site\/\"},{\"@type\":\"ListItem\",\"position\":2,\"name\":\"Festival dello Sviluppo Sostenibile 2025: dal 7 al 23 maggio in tutta Italia\"}]},{\"@type\":\"WebSite\",\"@id\":\"https:\/\/www.fondazioneunipolis.org\/site\/#website\",\"url\":\"https:\/\/www.fondazioneunipolis.org\/site\/\",\"name\":\"Unipolis\",\"description\":\"\",\"publisher\":{\"@id\":\"https:\/\/www.fondazioneunipolis.org\/site\/#organization\"},\"potentialAction\":[{\"@type\":\"SearchAction\",\"target\":{\"@type\":\"EntryPoint\",\"urlTemplate\":\"https:\/\/www.fondazioneunipolis.org\/site\/?s={search_term_string}\"},\"query-input\":{\"@type\":\"PropertyValueSpecification\",\"valueRequired\":true,\"valueName\":\"search_term_string\"}}],\"inLanguage\":\"it-IT\"},{\"@type\":\"Organization\",\"@id\":\"https:\/\/www.fondazioneunipolis.org\/site\/#organization\",\"name\":\"Unipolis\",\"url\":\"https:\/\/www.fondazioneunipolis.org\/site\/\",\"logo\":{\"@type\":\"ImageObject\",\"inLanguage\":\"it-IT\",\"@id\":\"https:\/\/www.fondazioneunipolis.org\/site\/#\/schema\/logo\/image\/\",\"url\":\"https:\/\/www.fondazioneunipolis.org\/site\/wp-content\/uploads\/2025\/07\/logo-fondazione-unipolis-1.svg\",\"contentUrl\":\"https:\/\/www.fondazioneunipolis.org\/site\/wp-content\/uploads\/2025\/07\/logo-fondazione-unipolis-1.svg\",\"caption\":\"Unipolis\"},\"image\":{\"@id\":\"https:\/\/www.fondazioneunipolis.org\/site\/#\/schema\/logo\/image\/\"}},{\"@type\":\"Person\",\"@id\":\"https:\/\/www.fondazioneunipolis.org\/site\/#\/schema\/person\/43819ef7aaa5af51f1ed547eacb5e868\",\"name\":\"wsadmin\",\"image\":{\"@type\":\"ImageObject\",\"inLanguage\":\"it-IT\",\"@id\":\"https:\/\/www.fondazioneunipolis.org\/site\/#\/schema\/person\/image\/\",\"url\":\"https:\/\/secure.gravatar.com\/avatar\/6512509e9ae62b647044a2731fadcbf236f2546df7b086feb6df7aabf2ef03aa?s=96&d=mm&r=g\",\"contentUrl\":\"https:\/\/secure.gravatar.com\/avatar\/6512509e9ae62b647044a2731fadcbf236f2546df7b086feb6df7aabf2ef03aa?s=96&d=mm&r=g\",\"caption\":\"wsadmin\"},\"sameAs\":[\"https:\/\/www.fondazioneunipolis.org\/site\"],\"url\":\"https:\/\/www.fondazioneunipolis.org\/site\/author\/wsadmin\/\"}]}<\/script>\n<!-- \/ Yoast SEO plugin. -->","yoast_head_json":{"title":"Festival dello Sviluppo Sostenibile 2025: dal 7 al 23 maggio in tutta Italia - Unipolis","description":"Festival dello Sviluppo Sostenibile 2025: dal 7 al 23 maggio in tutta Italia","robots":{"index":"index","follow":"follow","max-snippet":"max-snippet:-1","max-image-preview":"max-image-preview:large","max-video-preview":"max-video-preview:-1"},"canonical":"https:\/\/www.fondazioneunipolis.org\/site\/news\/festival-dello-sviluppo-sostenibile-2025-dal-7-al-23-maggio-in-tutta-italia\/","og_locale":"it_IT","og_type":"article","og_title":"Festival dello Sviluppo Sostenibile 2025: dal 7 al 23 maggio in tutta Italia - Unipolis","og_description":"Festival dello Sviluppo Sostenibile 2025: dal 7 al 23 maggio in tutta Italia","og_url":"https:\/\/dx-factory-unipolis-corporate-wp.ha.servizi.gr-u.it\/site\/news\/festival-dello-sviluppo-sostenibile-2025-dal-7-al-23-maggio-in-tutta-italia\/","og_site_name":"Unipolis","article_published_time":"2025-03-03T23:00:00+00:00","article_modified_time":"2026-01-26T10:13:46+00:00","og_image":[{"url":"https:\/\/dx-factory-unipolis-corporate-wp.ha.servizi.gr-u.it\/site\/wp-content\/uploads\/import\/PublishingImages\/Festival Sviluppo Sostenibile (1).png","width":1,"height":1,"type":"image\/png"}],"author":"wsadmin","twitter_card":"summary_large_image","twitter_misc":{"Written by":"wsadmin","Est. reading time":"4 minutes"},"schema":{"@context":"https:\/\/schema.org","@graph":[{"@type":"Article","@id":"https:\/\/dx-factory-unipolis-corporate-wp.ha.servizi.gr-u.it\/site\/news\/festival-dello-sviluppo-sostenibile-2025-dal-7-al-23-maggio-in-tutta-italia\/#article","isPartOf":{"@id":"https:\/\/dx-factory-unipolis-corporate-wp.ha.servizi.gr-u.it\/site\/news\/festival-dello-sviluppo-sostenibile-2025-dal-7-al-23-maggio-in-tutta-italia\/"},"author":{"name":"wsadmin","@id":"https:\/\/www.fondazioneunipolis.org\/site\/#\/schema\/person\/43819ef7aaa5af51f1ed547eacb5e868"},"headline":"Festival dello Sviluppo Sostenibile 2025: dal 7 al 23 maggio in tutta Italia","datePublished":"2025-03-03T23:00:00+00:00","dateModified":"2026-01-26T10:13:46+00:00","mainEntityOfPage":{"@id":"https:\/\/dx-factory-unipolis-corporate-wp.ha.servizi.gr-u.it\/site\/news\/festival-dello-sviluppo-sostenibile-2025-dal-7-al-23-maggio-in-tutta-italia\/"},"wordCount":634,"commentCount":0,"publisher":{"@id":"https:\/\/www.fondazioneunipolis.org\/site\/#organization"},"image":{"@id":"https:\/\/dx-factory-unipolis-corporate-wp.ha.servizi.gr-u.it\/site\/news\/festival-dello-sviluppo-sostenibile-2025-dal-7-al-23-maggio-in-tutta-italia\/#primaryimage"},"thumbnailUrl":"https:\/\/www.fondazioneunipolis.org\/site\/wp-content\/uploads\/import\/PublishingImages\/Festival Sviluppo Sostenibile (1).png","keywords":["asvis","fss"],"articleSection":["Unipolis"],"inLanguage":"it-IT","potentialAction":[{"@type":"CommentAction","name":"Comment","target":["https:\/\/dx-factory-unipolis-corporate-wp.ha.servizi.gr-u.it\/site\/news\/festival-dello-sviluppo-sostenibile-2025-dal-7-al-23-maggio-in-tutta-italia\/#respond"]}]},{"@type":"WebPage","@id":"https:\/\/dx-factory-unipolis-corporate-wp.ha.servizi.gr-u.it\/site\/news\/festival-dello-sviluppo-sostenibile-2025-dal-7-al-23-maggio-in-tutta-italia\/","url":"https:\/\/dx-factory-unipolis-corporate-wp.ha.servizi.gr-u.it\/site\/news\/festival-dello-sviluppo-sostenibile-2025-dal-7-al-23-maggio-in-tutta-italia\/","name":"Festival dello Sviluppo Sostenibile 2025: dal 7 al 23 maggio in tutta Italia - Unipolis","isPartOf":{"@id":"https:\/\/www.fondazioneunipolis.org\/site\/#website"},"primaryImageOfPage":{"@id":"https:\/\/dx-factory-unipolis-corporate-wp.ha.servizi.gr-u.it\/site\/news\/festival-dello-sviluppo-sostenibile-2025-dal-7-al-23-maggio-in-tutta-italia\/#primaryimage"},"image":{"@id":"https:\/\/dx-factory-unipolis-corporate-wp.ha.servizi.gr-u.it\/site\/news\/festival-dello-sviluppo-sostenibile-2025-dal-7-al-23-maggio-in-tutta-italia\/#primaryimage"},"thumbnailUrl":"https:\/\/www.fondazioneunipolis.org\/site\/wp-content\/uploads\/import\/PublishingImages\/Festival Sviluppo Sostenibile (1).png","datePublished":"2025-03-03T23:00:00+00:00","dateModified":"2026-01-26T10:13:46+00:00","description":"Festival dello Sviluppo Sostenibile 2025: dal 7 al 23 maggio in tutta Italia","breadcrumb":{"@id":"https:\/\/dx-factory-unipolis-corporate-wp.ha.servizi.gr-u.it\/site\/news\/festival-dello-sviluppo-sostenibile-2025-dal-7-al-23-maggio-in-tutta-italia\/#breadcrumb"},"inLanguage":"it-IT","potentialAction":[{"@type":"ReadAction","target":["https:\/\/dx-factory-unipolis-corporate-wp.ha.servizi.gr-u.it\/site\/news\/festival-dello-sviluppo-sostenibile-2025-dal-7-al-23-maggio-in-tutta-italia\/"]}]},{"@type":"ImageObject","inLanguage":"it-IT","@id":"https:\/\/dx-factory-unipolis-corporate-wp.ha.servizi.gr-u.it\/site\/news\/festival-dello-sviluppo-sostenibile-2025-dal-7-al-23-maggio-in-tutta-italia\/#primaryimage","url":"https:\/\/www.fondazioneunipolis.org\/site\/wp-content\/uploads\/import\/PublishingImages\/Festival Sviluppo Sostenibile (1).png","contentUrl":"https:\/\/www.fondazioneunipolis.org\/site\/wp-content\/uploads\/import\/PublishingImages\/Festival Sviluppo Sostenibile (1).png"},{"@type":"BreadcrumbList","@id":"https:\/\/dx-factory-unipolis-corporate-wp.ha.servizi.gr-u.it\/site\/news\/festival-dello-sviluppo-sostenibile-2025-dal-7-al-23-maggio-in-tutta-italia\/#breadcrumb","itemListElement":[{"@type":"ListItem","position":1,"name":"Home","item":"https:\/\/www.fondazioneunipolis.org\/site\/"},{"@type":"ListItem","position":2,"name":"Festival dello Sviluppo Sostenibile 2025: dal 7 al 23 maggio in tutta Italia"}]},{"@type":"WebSite","@id":"https:\/\/www.fondazioneunipolis.org\/site\/#website","url":"https:\/\/www.fondazioneunipolis.org\/site\/","name":"Unipolis","description":"","publisher":{"@id":"https:\/\/www.fondazioneunipolis.org\/site\/#organization"},"potentialAction":[{"@type":"SearchAction","target":{"@type":"EntryPoint","urlTemplate":"https:\/\/www.fondazioneunipolis.org\/site\/?s={search_term_string}"},"query-input":{"@type":"PropertyValueSpecification","valueRequired":true,"valueName":"search_term_string"}}],"inLanguage":"it-IT"},{"@type":"Organization","@id":"https:\/\/www.fondazioneunipolis.org\/site\/#organization","name":"Unipolis","url":"https:\/\/www.fondazioneunipolis.org\/site\/","logo":{"@type":"ImageObject","inLanguage":"it-IT","@id":"https:\/\/www.fondazioneunipolis.org\/site\/#\/schema\/logo\/image\/","url":"https:\/\/www.fondazioneunipolis.org\/site\/wp-content\/uploads\/2025\/07\/logo-fondazione-unipolis-1.svg","contentUrl":"https:\/\/www.fondazioneunipolis.org\/site\/wp-content\/uploads\/2025\/07\/logo-fondazione-unipolis-1.svg","caption":"Unipolis"},"image":{"@id":"https:\/\/www.fondazioneunipolis.org\/site\/#\/schema\/logo\/image\/"}},{"@type":"Person","@id":"https:\/\/www.fondazioneunipolis.org\/site\/#\/schema\/person\/43819ef7aaa5af51f1ed547eacb5e868","name":"wsadmin","image":{"@type":"ImageObject","inLanguage":"it-IT","@id":"https:\/\/www.fondazioneunipolis.org\/site\/#\/schema\/person\/image\/","url":"https:\/\/secure.gravatar.com\/avatar\/6512509e9ae62b647044a2731fadcbf236f2546df7b086feb6df7aabf2ef03aa?s=96&d=mm&r=g","contentUrl":"https:\/\/secure.gravatar.com\/avatar\/6512509e9ae62b647044a2731fadcbf236f2546df7b086feb6df7aabf2ef03aa?s=96&d=mm&r=g","caption":"wsadmin"},"sameAs":["https:\/\/www.fondazioneunipolis.org\/site"],"url":"https:\/\/www.fondazioneunipolis.org\/site\/author\/wsadmin\/"}]}},"_links":{"self":[{"href":"https:\/\/www.fondazioneunipolis.org\/site\/wp-json\/wp\/v2\/posts\/2247","targetHints":{"allow":["GET"]}}],"collection":[{"href":"https:\/\/www.fondazioneunipolis.org\/site\/wp-json\/wp\/v2\/posts"}],"about":[{"href":"https:\/\/www.fondazioneunipolis.org\/site\/wp-json\/wp\/v2\/types\/post"}],"author":[{"embeddable":true,"href":"https:\/\/www.fondazioneunipolis.org\/site\/wp-json\/wp\/v2\/users\/1"}],"replies":[{"embeddable":true,"href":"https:\/\/www.fondazioneunipolis.org\/site\/wp-json\/wp\/v2\/comments?post=2247"}],"version-history":[{"count":5,"href":"https:\/\/www.fondazioneunipolis.org\/site\/wp-json\/wp\/v2\/posts\/2247\/revisions"}],"predecessor-version":[{"id":10553,"href":"https:\/\/www.fondazioneunipolis.org\/site\/wp-json\/wp\/v2\/posts\/2247\/revisions\/10553"}],"wp:featuredmedia":[{"embeddable":true,"href":"https:\/\/www.fondazioneunipolis.org\/site\/wp-json\/wp\/v2\/media\/5679"}],"wp:attachment":[{"href":"https:\/\/www.fondazioneunipolis.org\/site\/wp-json\/wp\/v2\/media?parent=2247"}],"wp:term":[{"taxonomy":"category","embeddable":true,"href":"https:\/\/www.fondazioneunipolis.org\/site\/wp-json\/wp\/v2\/categories?post=2247"},{"taxonomy":"post_tag","embeddable":true,"href":"https:\/\/www.fondazioneunipolis.org\/site\/wp-json\/wp\/v2\/tags?post=2247"}],"curies":[{"name":"wp","href":"https:\/\/api.w.org\/{rel}","templated":true}]}}