{"id":2245,"date":"2019-06-07T00:00:00","date_gmt":"2019-06-06T22:00:00","guid":{"rendered":"https:\/\/www.fondazioneunipolis.org\/site\/festival-dello-sviluppo-sostenibile-1059-eventi-in-tutta-italia-nella-terza-edizione\/"},"modified":"2025-12-22T15:32:38","modified_gmt":"2025-12-22T14:32:38","slug":"festival-dello-sviluppo-sostenibile-1059-eventi-in-tutta-italia-nella-terza-edizione","status":"publish","type":"post","link":"https:\/\/www.fondazioneunipolis.org\/site\/news\/festival-dello-sviluppo-sostenibile-1059-eventi-in-tutta-italia-nella-terza-edizione\/","title":{"rendered":"Festival dello Sviluppo Sostenibile: 1059 eventi in tutta Italia nella terza edizione"},"content":{"rendered":"<div id=\"ctl00_PlaceHolderMain_ctl03__ControlWrapper_RichHtmlField\" class=\"ms-rtestate-field\" style=\"display: inline;\" aria-labelledby=\"ctl00_PlaceHolderMain_ctl03_label\">\n<p>\u200bCon <strong>1059 eventi<\/strong> organizzati su tutto il territorio nazionale, decine di milioni di persone raggiunte dai media tradizionali e social, decine di migliaia di partecipanti e migliaia di relatori, si \u00e8 conclusa la <strong><a href=\"http:\/\/festivalsvilupposostenibile.it\/2019\" target=\"_blank\" rel=\"noopener\">terza edizione del Festival dello Sviluppo Sostenibile<\/a><\/strong> che si svolto dal 21 maggio al 6 giugno ed \u00e8 stato organizzato dall\u2019<strong><a href=\"http:\/\/asvis.it\/\" target=\"_blank\" rel=\"noopener\">Alleanza italiana per lo sviluppo sostenibile<\/a><\/strong> (ASviS), che conta oltre 230 aderenti in tutto il Paese, con il contributo di partner istituzionali e aziendali.<\/p>\n<p><em>\u201cPossiamo dire che il motto di questa edizione del Festival \u2018Mettiamo mano al nostro futuro\u2019 sia riuscito a richiamare l\u2019attenzione di gran parte della popolazione italiana e a rafforzare il messaggio principale secondo cui ognuno \u00e8 responsabile del cambiamento e nessuno pu\u00f2 sentirsi escluso dalla pi\u00f9 grande sfida dei nostri tempi\u201d<\/em>, ha dichiarato <strong>Pierluigi Stefanini<\/strong>, presidente dell\u2019ASviS. <em>\u201cChiediamo che l\u2019Agenda 2030 venga considerata lo strumento centrale per orientare l\u2019azione dell\u2019esecutivo, un modello verso cui indirizzare i programmi di tutte le forze politiche, un patrimonio condiviso che guardi al lungo periodo, oltre le maggioranze di Governo\u201d<\/em>.<\/p>\n<p><strong><a href=\"http:\/\/festivalsvilupposostenibile.it\/2019\/evento-6-giugno\/\" target=\"_blank\" rel=\"noopener\">All\u2019iniziativa che si \u00e8 svolta presso la Camera dei deputati<\/a><\/strong> \u00e8 intervenuta la vicepresidente <strong>Mara Carfagna<\/strong> che ha indicato nell\u2019Agenda 2030 <em>\u201cl\u2019unica strada per un futuro sostenibile, perch\u00e9 le scorciatoie portano a un vicolo cieco\u201d<\/em>.<\/p>\n<p>Significativo e di forte impatto \u00e8 stato l\u2019intervento di <strong>Jeffrey Sachs<\/strong>, direttore del Un Sustainable development solutions network che ha ammonito sui pericoli legati all\u2019emergenza climatica e alla perdita di biodiversit\u00e0, sottolineando che il Mediterraneo \u00e8 un\u2019area vulnerabile e che l\u2019Italia \u00e8 esposta a rischi particolari, a cominciare da Venezia che potrebbe essere cancellata dall\u2019innalzamento dei mari. <em>\u201cVi invito<\/em> \u2013 ha aggiunto \u2013 <em>a proteggere voi stessi e questo Paese unico e meraviglioso, facendone uno bastione dello sviluppo sostenibile in Europa\u201d<\/em>.<\/p>\n<p>Dopo l\u2019intervento di Sachs, il Portavoce di ASviS <strong>Enrico Giovannini<\/strong> ha presentato i <strong><a href=\"https:\/\/2019.festivalsvilupposostenibile.it\/#\" target=\"_blank\" rel=\"noopener\">risultati del Festival<\/a><\/strong> e ha riassunto le proposte emerse in 17 giorni di lavoro su tutti gli Obiettivi di sviluppo sostenibile, sottolineando che <em>\u201cil Paese, cos\u00ec come l\u2019Europa, ha bisogno di risposte immediate per fronteggiare le pi\u00f9 grandi e complesse sfide dei nostri tempi, le quali possono essere affrontate solo in una logica integrata. La societ\u00e0 italiana \u00e8 pronta a fare la sua parte per cambiare paradigma di sviluppo e migliorare il benessere di tutti. Ma l\u2019Italia, come l\u2019Europa, resta in una condizione di non sostenibilit\u00e0 economica, sociale e ambientale: per questo chiediamo che vengano accolte le proposte dell\u2019Alleanza per accelerare il processo di cambiamento e assicurare la giustizia intergenerazionale, come sottolineato anche dalle manifestazioni dei giovani in tutto il mondo\u201d<\/em>.<\/p>\n<p>Il viceministro dell\u2019Istruzione, universit\u00e0 e ricerca <strong>Lorenzo Fioramonti<\/strong> ha presentato il punto di vista del Governo italiano con la conferma della firma del decreto sulla costituzione della cabina di regia sullo sviluppo sostenibile e l\u2019impegno a fare del 2020 l\u2019anno del dibattito pubblico in Italia sullo sviluppo sostenibile. \u00c8 poi intervenuta <strong>Marina Ponti<\/strong>, direttrice di Un SDG Action Campaign, che ha portato una nota positiva ricordando la grande mobilitazione sugli Obiettivi di sviluppo sostenibile a cominciare dai giovani.<\/p>\n<\/div>\n","protected":false},"excerpt":{"rendered":"<p>\u200bCon 1059 eventi organizzati su tutto il territorio nazionale, decine di milioni di persone raggiunte dai media tradizionali e social, decine di migliaia di partecipanti e migliaia di relatori, si \u00e8 conclusa la terza edizione del Festival dello Sviluppo Sostenibile che si svolto dal 21 maggio al 6 giugno ed \u00e8 stato organizzato dall\u2019Alleanza italiana [&hellip;]<\/p>\n","protected":false},"author":1,"featured_media":3720,"comment_status":"open","ping_status":"open","sticky":false,"template":"","format":"standard","meta":{"_acf_changed":false,"footnotes":""},"categories":[20],"tags":[647,641],"class_list":["post-2245","post","type-post","status-publish","format-standard","has-post-thumbnail","hentry","category-unipolis","tag-asvis","tag-fss"],"acf":[],"yoast_head":"<!-- This site is optimized with the Yoast SEO plugin v26.1.1 - https:\/\/yoast.com\/wordpress\/plugins\/seo\/ -->\n<title>Festival dello Sviluppo Sostenibile: 1059 eventi in tutta Italia nella terza edizione - Unipolis<\/title>\n<meta name=\"description\" content=\"Festival dello Sviluppo Sostenibile: 1059 eventi in tutta Italia nella terza edizione\" \/>\n<meta name=\"robots\" content=\"index, follow, max-snippet:-1, max-image-preview:large, max-video-preview:-1\" \/>\n<link rel=\"canonical\" href=\"https:\/\/www.fondazioneunipolis.org\/site\/festival-dello-sviluppo-sostenibile-1059-eventi-in-tutta-italia-nella-terza-edizione\/\" \/>\n<meta property=\"og:locale\" content=\"it_IT\" \/>\n<meta property=\"og:type\" content=\"article\" \/>\n<meta property=\"og:title\" content=\"Festival dello Sviluppo Sostenibile: 1059 eventi in tutta Italia nella terza edizione - Unipolis\" \/>\n<meta property=\"og:description\" content=\"Festival dello Sviluppo Sostenibile: 1059 eventi in tutta Italia nella terza edizione\" \/>\n<meta property=\"og:url\" content=\"https:\/\/dx-factory-unipolis-corporate-wp.ha.servizi.gr-u.it\/site\/festival-dello-sviluppo-sostenibile-1059-eventi-in-tutta-italia-nella-terza-edizione\/\" \/>\n<meta property=\"og:site_name\" content=\"Unipolis\" \/>\n<meta property=\"article:published_time\" content=\"2019-06-06T22:00:00+00:00\" \/>\n<meta property=\"article:modified_time\" content=\"2025-12-22T14:32:38+00:00\" \/>\n<meta property=\"og:image\" content=\"https:\/\/dx-factory-unipolis-corporate-wp.ha.servizi.gr-u.it\/site\/wp-content\/uploads\/import\/PublishingImages\/Notizie\/asvis_ev-conclusivo.png\" \/>\n\t<meta property=\"og:image:width\" content=\"1\" \/>\n\t<meta property=\"og:image:height\" content=\"1\" \/>\n\t<meta property=\"og:image:type\" content=\"image\/png\" \/>\n<meta name=\"author\" content=\"wsadmin\" \/>\n<meta name=\"twitter:card\" content=\"summary_large_image\" \/>\n<meta name=\"twitter:label1\" content=\"Written by\" \/>\n\t<meta name=\"twitter:data1\" content=\"wsadmin\" \/>\n\t<meta name=\"twitter:label2\" content=\"Est. reading time\" \/>\n\t<meta name=\"twitter:data2\" content=\"3 minutes\" \/>\n<script type=\"application\/ld+json\" class=\"yoast-schema-graph\">{\"@context\":\"https:\/\/schema.org\",\"@graph\":[{\"@type\":\"Article\",\"@id\":\"https:\/\/dx-factory-unipolis-corporate-wp.ha.servizi.gr-u.it\/site\/festival-dello-sviluppo-sostenibile-1059-eventi-in-tutta-italia-nella-terza-edizione\/#article\",\"isPartOf\":{\"@id\":\"https:\/\/dx-factory-unipolis-corporate-wp.ha.servizi.gr-u.it\/site\/festival-dello-sviluppo-sostenibile-1059-eventi-in-tutta-italia-nella-terza-edizione\/\"},\"author\":{\"name\":\"wsadmin\",\"@id\":\"https:\/\/www.fondazioneunipolis.org\/site\/#\/schema\/person\/43819ef7aaa5af51f1ed547eacb5e868\"},\"headline\":\"Festival dello Sviluppo Sostenibile: 1059 eventi in tutta Italia nella terza edizione\",\"datePublished\":\"2019-06-06T22:00:00+00:00\",\"dateModified\":\"2025-12-22T14:32:38+00:00\",\"mainEntityOfPage\":{\"@id\":\"https:\/\/dx-factory-unipolis-corporate-wp.ha.servizi.gr-u.it\/site\/festival-dello-sviluppo-sostenibile-1059-eventi-in-tutta-italia-nella-terza-edizione\/\"},\"wordCount\":513,\"commentCount\":0,\"publisher\":{\"@id\":\"https:\/\/www.fondazioneunipolis.org\/site\/#organization\"},\"image\":{\"@id\":\"https:\/\/dx-factory-unipolis-corporate-wp.ha.servizi.gr-u.it\/site\/festival-dello-sviluppo-sostenibile-1059-eventi-in-tutta-italia-nella-terza-edizione\/#primaryimage\"},\"thumbnailUrl\":\"https:\/\/www.fondazioneunipolis.org\/site\/wp-content\/uploads\/import\/PublishingImages\/Notizie\/asvis_ev-conclusivo.png\",\"keywords\":[\"asvis\",\"fss\"],\"articleSection\":[\"Unipolis\"],\"inLanguage\":\"it-IT\",\"potentialAction\":[{\"@type\":\"CommentAction\",\"name\":\"Comment\",\"target\":[\"https:\/\/dx-factory-unipolis-corporate-wp.ha.servizi.gr-u.it\/site\/festival-dello-sviluppo-sostenibile-1059-eventi-in-tutta-italia-nella-terza-edizione\/#respond\"]}]},{\"@type\":\"WebPage\",\"@id\":\"https:\/\/dx-factory-unipolis-corporate-wp.ha.servizi.gr-u.it\/site\/festival-dello-sviluppo-sostenibile-1059-eventi-in-tutta-italia-nella-terza-edizione\/\",\"url\":\"https:\/\/dx-factory-unipolis-corporate-wp.ha.servizi.gr-u.it\/site\/festival-dello-sviluppo-sostenibile-1059-eventi-in-tutta-italia-nella-terza-edizione\/\",\"name\":\"Festival dello Sviluppo Sostenibile: 1059 eventi in tutta Italia nella terza edizione - Unipolis\",\"isPartOf\":{\"@id\":\"https:\/\/www.fondazioneunipolis.org\/site\/#website\"},\"primaryImageOfPage\":{\"@id\":\"https:\/\/dx-factory-unipolis-corporate-wp.ha.servizi.gr-u.it\/site\/festival-dello-sviluppo-sostenibile-1059-eventi-in-tutta-italia-nella-terza-edizione\/#primaryimage\"},\"image\":{\"@id\":\"https:\/\/dx-factory-unipolis-corporate-wp.ha.servizi.gr-u.it\/site\/festival-dello-sviluppo-sostenibile-1059-eventi-in-tutta-italia-nella-terza-edizione\/#primaryimage\"},\"thumbnailUrl\":\"https:\/\/www.fondazioneunipolis.org\/site\/wp-content\/uploads\/import\/PublishingImages\/Notizie\/asvis_ev-conclusivo.png\",\"datePublished\":\"2019-06-06T22:00:00+00:00\",\"dateModified\":\"2025-12-22T14:32:38+00:00\",\"description\":\"Festival dello Sviluppo Sostenibile: 1059 eventi in tutta Italia nella terza edizione\",\"breadcrumb\":{\"@id\":\"https:\/\/dx-factory-unipolis-corporate-wp.ha.servizi.gr-u.it\/site\/festival-dello-sviluppo-sostenibile-1059-eventi-in-tutta-italia-nella-terza-edizione\/#breadcrumb\"},\"inLanguage\":\"it-IT\",\"potentialAction\":[{\"@type\":\"ReadAction\",\"target\":[\"https:\/\/dx-factory-unipolis-corporate-wp.ha.servizi.gr-u.it\/site\/festival-dello-sviluppo-sostenibile-1059-eventi-in-tutta-italia-nella-terza-edizione\/\"]}]},{\"@type\":\"ImageObject\",\"inLanguage\":\"it-IT\",\"@id\":\"https:\/\/dx-factory-unipolis-corporate-wp.ha.servizi.gr-u.it\/site\/festival-dello-sviluppo-sostenibile-1059-eventi-in-tutta-italia-nella-terza-edizione\/#primaryimage\",\"url\":\"https:\/\/www.fondazioneunipolis.org\/site\/wp-content\/uploads\/import\/PublishingImages\/Notizie\/asvis_ev-conclusivo.png\",\"contentUrl\":\"https:\/\/www.fondazioneunipolis.org\/site\/wp-content\/uploads\/import\/PublishingImages\/Notizie\/asvis_ev-conclusivo.png\"},{\"@type\":\"BreadcrumbList\",\"@id\":\"https:\/\/dx-factory-unipolis-corporate-wp.ha.servizi.gr-u.it\/site\/festival-dello-sviluppo-sostenibile-1059-eventi-in-tutta-italia-nella-terza-edizione\/#breadcrumb\",\"itemListElement\":[{\"@type\":\"ListItem\",\"position\":1,\"name\":\"Home\",\"item\":\"https:\/\/www.fondazioneunipolis.org\/site\/\"},{\"@type\":\"ListItem\",\"position\":2,\"name\":\"Festival dello Sviluppo Sostenibile: 1059 eventi in tutta Italia nella terza edizione\"}]},{\"@type\":\"WebSite\",\"@id\":\"https:\/\/www.fondazioneunipolis.org\/site\/#website\",\"url\":\"https:\/\/www.fondazioneunipolis.org\/site\/\",\"name\":\"Unipolis\",\"description\":\"\",\"publisher\":{\"@id\":\"https:\/\/www.fondazioneunipolis.org\/site\/#organization\"},\"potentialAction\":[{\"@type\":\"SearchAction\",\"target\":{\"@type\":\"EntryPoint\",\"urlTemplate\":\"https:\/\/www.fondazioneunipolis.org\/site\/?s={search_term_string}\"},\"query-input\":{\"@type\":\"PropertyValueSpecification\",\"valueRequired\":true,\"valueName\":\"search_term_string\"}}],\"inLanguage\":\"it-IT\"},{\"@type\":\"Organization\",\"@id\":\"https:\/\/www.fondazioneunipolis.org\/site\/#organization\",\"name\":\"Unipolis\",\"url\":\"https:\/\/www.fondazioneunipolis.org\/site\/\",\"logo\":{\"@type\":\"ImageObject\",\"inLanguage\":\"it-IT\",\"@id\":\"https:\/\/www.fondazioneunipolis.org\/site\/#\/schema\/logo\/image\/\",\"url\":\"https:\/\/www.fondazioneunipolis.org\/site\/wp-content\/uploads\/2025\/07\/logo-fondazione-unipolis-1.svg\",\"contentUrl\":\"https:\/\/www.fondazioneunipolis.org\/site\/wp-content\/uploads\/2025\/07\/logo-fondazione-unipolis-1.svg\",\"caption\":\"Unipolis\"},\"image\":{\"@id\":\"https:\/\/www.fondazioneunipolis.org\/site\/#\/schema\/logo\/image\/\"}},{\"@type\":\"Person\",\"@id\":\"https:\/\/www.fondazioneunipolis.org\/site\/#\/schema\/person\/43819ef7aaa5af51f1ed547eacb5e868\",\"name\":\"wsadmin\",\"image\":{\"@type\":\"ImageObject\",\"inLanguage\":\"it-IT\",\"@id\":\"https:\/\/www.fondazioneunipolis.org\/site\/#\/schema\/person\/image\/\",\"url\":\"https:\/\/secure.gravatar.com\/avatar\/6512509e9ae62b647044a2731fadcbf236f2546df7b086feb6df7aabf2ef03aa?s=96&d=mm&r=g\",\"contentUrl\":\"https:\/\/secure.gravatar.com\/avatar\/6512509e9ae62b647044a2731fadcbf236f2546df7b086feb6df7aabf2ef03aa?s=96&d=mm&r=g\",\"caption\":\"wsadmin\"},\"sameAs\":[\"https:\/\/www.fondazioneunipolis.org\/site\"],\"url\":\"https:\/\/www.fondazioneunipolis.org\/site\/author\/wsadmin\/\"}]}<\/script>\n<!-- \/ Yoast SEO plugin. -->","yoast_head_json":{"title":"Festival dello Sviluppo Sostenibile: 1059 eventi in tutta Italia nella terza edizione - Unipolis","description":"Festival dello Sviluppo Sostenibile: 1059 eventi in tutta Italia nella terza edizione","robots":{"index":"index","follow":"follow","max-snippet":"max-snippet:-1","max-image-preview":"max-image-preview:large","max-video-preview":"max-video-preview:-1"},"canonical":"https:\/\/www.fondazioneunipolis.org\/site\/festival-dello-sviluppo-sostenibile-1059-eventi-in-tutta-italia-nella-terza-edizione\/","og_locale":"it_IT","og_type":"article","og_title":"Festival dello Sviluppo Sostenibile: 1059 eventi in tutta Italia nella terza edizione - Unipolis","og_description":"Festival dello Sviluppo Sostenibile: 1059 eventi in tutta Italia nella terza edizione","og_url":"https:\/\/dx-factory-unipolis-corporate-wp.ha.servizi.gr-u.it\/site\/festival-dello-sviluppo-sostenibile-1059-eventi-in-tutta-italia-nella-terza-edizione\/","og_site_name":"Unipolis","article_published_time":"2019-06-06T22:00:00+00:00","article_modified_time":"2025-12-22T14:32:38+00:00","og_image":[{"url":"https:\/\/dx-factory-unipolis-corporate-wp.ha.servizi.gr-u.it\/site\/wp-content\/uploads\/import\/PublishingImages\/Notizie\/asvis_ev-conclusivo.png","width":1,"height":1,"type":"image\/png"}],"author":"wsadmin","twitter_card":"summary_large_image","twitter_misc":{"Written by":"wsadmin","Est. reading time":"3 minutes"},"schema":{"@context":"https:\/\/schema.org","@graph":[{"@type":"Article","@id":"https:\/\/dx-factory-unipolis-corporate-wp.ha.servizi.gr-u.it\/site\/festival-dello-sviluppo-sostenibile-1059-eventi-in-tutta-italia-nella-terza-edizione\/#article","isPartOf":{"@id":"https:\/\/dx-factory-unipolis-corporate-wp.ha.servizi.gr-u.it\/site\/festival-dello-sviluppo-sostenibile-1059-eventi-in-tutta-italia-nella-terza-edizione\/"},"author":{"name":"wsadmin","@id":"https:\/\/www.fondazioneunipolis.org\/site\/#\/schema\/person\/43819ef7aaa5af51f1ed547eacb5e868"},"headline":"Festival dello Sviluppo Sostenibile: 1059 eventi in tutta Italia nella terza edizione","datePublished":"2019-06-06T22:00:00+00:00","dateModified":"2025-12-22T14:32:38+00:00","mainEntityOfPage":{"@id":"https:\/\/dx-factory-unipolis-corporate-wp.ha.servizi.gr-u.it\/site\/festival-dello-sviluppo-sostenibile-1059-eventi-in-tutta-italia-nella-terza-edizione\/"},"wordCount":513,"commentCount":0,"publisher":{"@id":"https:\/\/www.fondazioneunipolis.org\/site\/#organization"},"image":{"@id":"https:\/\/dx-factory-unipolis-corporate-wp.ha.servizi.gr-u.it\/site\/festival-dello-sviluppo-sostenibile-1059-eventi-in-tutta-italia-nella-terza-edizione\/#primaryimage"},"thumbnailUrl":"https:\/\/www.fondazioneunipolis.org\/site\/wp-content\/uploads\/import\/PublishingImages\/Notizie\/asvis_ev-conclusivo.png","keywords":["asvis","fss"],"articleSection":["Unipolis"],"inLanguage":"it-IT","potentialAction":[{"@type":"CommentAction","name":"Comment","target":["https:\/\/dx-factory-unipolis-corporate-wp.ha.servizi.gr-u.it\/site\/festival-dello-sviluppo-sostenibile-1059-eventi-in-tutta-italia-nella-terza-edizione\/#respond"]}]},{"@type":"WebPage","@id":"https:\/\/dx-factory-unipolis-corporate-wp.ha.servizi.gr-u.it\/site\/festival-dello-sviluppo-sostenibile-1059-eventi-in-tutta-italia-nella-terza-edizione\/","url":"https:\/\/dx-factory-unipolis-corporate-wp.ha.servizi.gr-u.it\/site\/festival-dello-sviluppo-sostenibile-1059-eventi-in-tutta-italia-nella-terza-edizione\/","name":"Festival dello Sviluppo Sostenibile: 1059 eventi in tutta Italia nella terza edizione - Unipolis","isPartOf":{"@id":"https:\/\/www.fondazioneunipolis.org\/site\/#website"},"primaryImageOfPage":{"@id":"https:\/\/dx-factory-unipolis-corporate-wp.ha.servizi.gr-u.it\/site\/festival-dello-sviluppo-sostenibile-1059-eventi-in-tutta-italia-nella-terza-edizione\/#primaryimage"},"image":{"@id":"https:\/\/dx-factory-unipolis-corporate-wp.ha.servizi.gr-u.it\/site\/festival-dello-sviluppo-sostenibile-1059-eventi-in-tutta-italia-nella-terza-edizione\/#primaryimage"},"thumbnailUrl":"https:\/\/www.fondazioneunipolis.org\/site\/wp-content\/uploads\/import\/PublishingImages\/Notizie\/asvis_ev-conclusivo.png","datePublished":"2019-06-06T22:00:00+00:00","dateModified":"2025-12-22T14:32:38+00:00","description":"Festival dello Sviluppo Sostenibile: 1059 eventi in tutta Italia nella terza edizione","breadcrumb":{"@id":"https:\/\/dx-factory-unipolis-corporate-wp.ha.servizi.gr-u.it\/site\/festival-dello-sviluppo-sostenibile-1059-eventi-in-tutta-italia-nella-terza-edizione\/#breadcrumb"},"inLanguage":"it-IT","potentialAction":[{"@type":"ReadAction","target":["https:\/\/dx-factory-unipolis-corporate-wp.ha.servizi.gr-u.it\/site\/festival-dello-sviluppo-sostenibile-1059-eventi-in-tutta-italia-nella-terza-edizione\/"]}]},{"@type":"ImageObject","inLanguage":"it-IT","@id":"https:\/\/dx-factory-unipolis-corporate-wp.ha.servizi.gr-u.it\/site\/festival-dello-sviluppo-sostenibile-1059-eventi-in-tutta-italia-nella-terza-edizione\/#primaryimage","url":"https:\/\/www.fondazioneunipolis.org\/site\/wp-content\/uploads\/import\/PublishingImages\/Notizie\/asvis_ev-conclusivo.png","contentUrl":"https:\/\/www.fondazioneunipolis.org\/site\/wp-content\/uploads\/import\/PublishingImages\/Notizie\/asvis_ev-conclusivo.png"},{"@type":"BreadcrumbList","@id":"https:\/\/dx-factory-unipolis-corporate-wp.ha.servizi.gr-u.it\/site\/festival-dello-sviluppo-sostenibile-1059-eventi-in-tutta-italia-nella-terza-edizione\/#breadcrumb","itemListElement":[{"@type":"ListItem","position":1,"name":"Home","item":"https:\/\/www.fondazioneunipolis.org\/site\/"},{"@type":"ListItem","position":2,"name":"Festival dello Sviluppo Sostenibile: 1059 eventi in tutta Italia nella terza edizione"}]},{"@type":"WebSite","@id":"https:\/\/www.fondazioneunipolis.org\/site\/#website","url":"https:\/\/www.fondazioneunipolis.org\/site\/","name":"Unipolis","description":"","publisher":{"@id":"https:\/\/www.fondazioneunipolis.org\/site\/#organization"},"potentialAction":[{"@type":"SearchAction","target":{"@type":"EntryPoint","urlTemplate":"https:\/\/www.fondazioneunipolis.org\/site\/?s={search_term_string}"},"query-input":{"@type":"PropertyValueSpecification","valueRequired":true,"valueName":"search_term_string"}}],"inLanguage":"it-IT"},{"@type":"Organization","@id":"https:\/\/www.fondazioneunipolis.org\/site\/#organization","name":"Unipolis","url":"https:\/\/www.fondazioneunipolis.org\/site\/","logo":{"@type":"ImageObject","inLanguage":"it-IT","@id":"https:\/\/www.fondazioneunipolis.org\/site\/#\/schema\/logo\/image\/","url":"https:\/\/www.fondazioneunipolis.org\/site\/wp-content\/uploads\/2025\/07\/logo-fondazione-unipolis-1.svg","contentUrl":"https:\/\/www.fondazioneunipolis.org\/site\/wp-content\/uploads\/2025\/07\/logo-fondazione-unipolis-1.svg","caption":"Unipolis"},"image":{"@id":"https:\/\/www.fondazioneunipolis.org\/site\/#\/schema\/logo\/image\/"}},{"@type":"Person","@id":"https:\/\/www.fondazioneunipolis.org\/site\/#\/schema\/person\/43819ef7aaa5af51f1ed547eacb5e868","name":"wsadmin","image":{"@type":"ImageObject","inLanguage":"it-IT","@id":"https:\/\/www.fondazioneunipolis.org\/site\/#\/schema\/person\/image\/","url":"https:\/\/secure.gravatar.com\/avatar\/6512509e9ae62b647044a2731fadcbf236f2546df7b086feb6df7aabf2ef03aa?s=96&d=mm&r=g","contentUrl":"https:\/\/secure.gravatar.com\/avatar\/6512509e9ae62b647044a2731fadcbf236f2546df7b086feb6df7aabf2ef03aa?s=96&d=mm&r=g","caption":"wsadmin"},"sameAs":["https:\/\/www.fondazioneunipolis.org\/site"],"url":"https:\/\/www.fondazioneunipolis.org\/site\/author\/wsadmin\/"}]}},"_links":{"self":[{"href":"https:\/\/www.fondazioneunipolis.org\/site\/wp-json\/wp\/v2\/posts\/2245","targetHints":{"allow":["GET"]}}],"collection":[{"href":"https:\/\/www.fondazioneunipolis.org\/site\/wp-json\/wp\/v2\/posts"}],"about":[{"href":"https:\/\/www.fondazioneunipolis.org\/site\/wp-json\/wp\/v2\/types\/post"}],"author":[{"embeddable":true,"href":"https:\/\/www.fondazioneunipolis.org\/site\/wp-json\/wp\/v2\/users\/1"}],"replies":[{"embeddable":true,"href":"https:\/\/www.fondazioneunipolis.org\/site\/wp-json\/wp\/v2\/comments?post=2245"}],"version-history":[{"count":4,"href":"https:\/\/www.fondazioneunipolis.org\/site\/wp-json\/wp\/v2\/posts\/2245\/revisions"}],"predecessor-version":[{"id":11202,"href":"https:\/\/www.fondazioneunipolis.org\/site\/wp-json\/wp\/v2\/posts\/2245\/revisions\/11202"}],"wp:featuredmedia":[{"embeddable":true,"href":"https:\/\/www.fondazioneunipolis.org\/site\/wp-json\/wp\/v2\/media\/3720"}],"wp:attachment":[{"href":"https:\/\/www.fondazioneunipolis.org\/site\/wp-json\/wp\/v2\/media?parent=2245"}],"wp:term":[{"taxonomy":"category","embeddable":true,"href":"https:\/\/www.fondazioneunipolis.org\/site\/wp-json\/wp\/v2\/categories?post=2245"},{"taxonomy":"post_tag","embeddable":true,"href":"https:\/\/www.fondazioneunipolis.org\/site\/wp-json\/wp\/v2\/tags?post=2245"}],"curies":[{"name":"wp","href":"https:\/\/api.w.org\/{rel}","templated":true}]}}