{"id":2238,"date":"2021-09-17T00:00:00","date_gmt":"2021-09-16T22:00:00","guid":{"rendered":"https:\/\/www.fondazioneunipolis.org\/site\/e-nato-il-primo-manifesto-della-mobilita-sostenibile-della-scuola-italiana\/"},"modified":"2026-01-05T09:46:30","modified_gmt":"2026-01-05T08:46:30","slug":"e-nato-il-primo-manifesto-della-mobilita-sostenibile-della-scuola-italiana","status":"publish","type":"post","link":"https:\/\/www.fondazioneunipolis.org\/site\/news\/e-nato-il-primo-manifesto-della-mobilita-sostenibile-della-scuola-italiana\/","title":{"rendered":"\u00c8 nato il primo Manifesto della mobilit\u00e0 sostenibile della scuola italiana"},"content":{"rendered":"<div id=\"ctl00_PlaceHolderMain_ctl03__ControlWrapper_RichHtmlField\" class=\"ms-rtestate-field\" style=\"display: inline;\" aria-labelledby=\"ctl00_PlaceHolderMain_ctl03_label\">\n<p style=\"text-align: left;\">\u200b\u200b\u200b\u200b\u200bApp in grado di premiare chi utilizza mezzi green, aree sostenibili e integrate nelle citt\u00e0 dove ricaricare auto e bici, panchine a pannelli solari, autobus mangia smog e sensori in grado di rilevare se il guidatore abbia assunto alcol o stupefacenti. Queste alcune delle proposte contenute nel <strong>primo <a href=\"https:\/\/www.manifestomobilitasostenibile.it\/\" target=\"_blank\" rel=\"noopener\">Manifesto della mobilit\u00e0 sostenibile della scuola italiana\u200b<\/a><\/strong>, realizzato da <strong>2.000 studenti<\/strong>, di<strong> 93 classi quarte superiori <\/strong>provenienti da\u00a0<strong>57 scuole<\/strong>\u00a0di\u00a0<strong>32 Comuni <\/strong>appartenenti alle\u00a0<strong>14 citt\u00e0 metropolitane<\/strong>\u00a0italiane, nell&#8217;ambito del progetto <strong><a href=\"https:\/\/www.fondazioneunipolis.org\/site\/progetti\/o-r-a-open-road-alliance\/\" target=\"_blank\" rel=\"noopener\">O.R.A &#8211; Open Road Alliance<\/a><\/strong>, promosso da <strong>Fondazione Unipolis<\/strong> e <strong>Cittadinanzattiva<\/strong>, con l&#8217;obiettivo di immaginare e progettare la mobilit\u00e0 e le comunit\u00e0 del futuro.<\/p>\n<p style=\"text-align: left;\">\u200b\u200b<\/p>\n<p><iframe loading=\"lazy\" style=\"text-align: left;\" title=\"YouTube video player\" src=\"https:\/\/www.youtube-nocookie.com\/embed\/gPq4L0wev7s\" width=\"360\" height=\"115\" frameborder=\"0\" allowfullscreen=\"allowfullscreen\"><\/iframe><\/p>\n<p style=\"text-align: left;\">Con la partecipazione di <strong>dieci delegazioni di studenti<\/strong> del Progetto O.R.A., la presentazione del Manifesto \u00e8 avvenuta\u00a0a Roma il 16 settembre, nel corso di un evento che ha visto l&#8217;intervento di <strong>Enrico Giovannini<\/strong>, Ministro delle infrastrutture e della mobilit\u00e0 sostenibili, <strong>Tullio Berlenghi<\/strong>, Esperto Uffici di diretta collaborazione del\u00a0Ministero della Transizione Ecologica, <strong>Al\u200bessandro Dini<\/strong>, Vice Coordinatore del Comitato Tecnico-Scientifico per il progetto Rigenerazione scuola &#8211; Ministero dell&#8217;Istruzione, <strong>\u00a0Federica Biassoni,<\/strong> Co-direttrice dell&#8217;Unit\u00e0 di Ricerca in Psicologia del Traffico &#8211; Universit\u00e0 Cattolica del Sacro Cuore, <strong>Arianna Fontana<\/strong>, Campionessa Olimpica e Mondiale di short track, portabandiera alle Olimpiadi di Pyeongchang e atleta del Team Young Italy UnipolSai, <strong>Pierluigi Stefanini<\/strong>, Presidente Gruppo Unipol e Fondazione Unipolis e <strong>Anna Lisa Mandorino<\/strong>, Segretaria Generale Cittadinanzattiva.<\/p>\n<p>Nel dettaglio,\u00a0<strong>il Manifesto della mobilit\u00e0 sostenibile della scuola italiana si compone di quattro sezioni<\/strong>:\u00a0<strong>Determinazioni<\/strong>,\u00a0<strong>Cambiamenti, Proposte<\/strong>\u00a0e\u00a0<strong>Futuro<\/strong>. La prima parte racchiude le definizioni del concetto di mobilit\u00e0 sostenibile elaborate dagli studenti. La seconda evidenzia i cambiamenti auspicabili che dovrebbero realizzarsi nelle diverse citt\u00e0. La terza delinea le proposte concrete che andrebbero realizzate e, infine, la quarta presenta alcune pillole di futuro che descrivono la mobilit\u00e0 del domani. Nelle riflessioni degli studenti emerge una grande attenzione ai temi ambientali, alla condivisione dei mezzi, alla sicurezza e un forte orientamento alla multimodalit\u00e0 e all&#8217;interoperabilit\u00e0 oltre che ad un approccio pi\u00f9 sostenibile al mondo dei servizi pubblici locali.<\/p>\n<p>Il Manifesto si compone anche di una\u00a0<strong><a href=\"https:\/\/www.manifestomobilitasostenibile.it\/i-vincitori\/\" target=\"_blank\" rel=\"noopener\">sezione multimediale\u200b<\/a> che raccoglie i migliori elaborati creativi<\/strong>\u00a0realizzati dalle classi. I lavori selezionati hanno\u00a0<strong>diverse provenienze geografiche e raccontano la mobilit\u00e0 sostenibile in modi differenti<\/strong>. Alcuni presentano\u00a0<strong>mappature<\/strong>\u00a0dei territori e proposte di miglioramenti sullo stato della mobilit\u00e0 nelle comunit\u00e0, altri denunciano un profondo\u00a0<strong>senso di insicurezza sulla strada<\/strong>\u00a0vissuto dai ragazzi nella loro esperienza di cittadini, altri veicolano\u00a0<strong>slogan e messaggi<\/strong>\u00a0con toni e tecniche differenti.<\/p>\n<p>Il Manifesto \u00e8 frutto di un percorso formativo e lab\u200b\u200boratoriale iniziato nel 2019 e pensato per svolgersi in presenza sui territori, rimodulato poi a causa della pandemia per inserirsi a pieno titolo nelle attivit\u00e0 scolastiche in DAD (didattica a distanza).<\/p>\n<p>L&#8217;obiettivo di O.R.A. \u00e8 promuovere una nuova cultura della mobilit\u00e0, attraverso modelli di sostenibilit\u00e0 innovativi e la partecipazione attiva dei cittadini e in particolare dei giovani.<\/p>\n<p style=\"text-align: center;\">\u200b<a class=\"ms-rteElement-Button\" href=\"https:\/\/www.manifestomobilitasostenibile.it\/\" target=\"_blank\" rel=\"noopener\">\u200bScopri il manifesto<\/a><\/p>\n<p style=\"text-align: left;\">\u200b\u200b<\/p>\n<p style=\"text-align: left;\"><span class=\"ms-rteStyle-References\"> <em>\u200b&#8221;Il M<\/em><em><em>anifesto della Mobilit\u00e0 sostenibile che nasce nella scuola \u00e8 un segnale per noi di grande incoraggiamento<\/em>\u00a0dato che con i progetti del Pnrr andiamo proprio nella direzione sperata dai giovani riguardo la mobilit\u00e0 sostenibile&#8221; &#8211;<\/em> ha dichiarato <strong>Enrico Giovannini<\/strong>, <strong>Ministro delle infrastrutture e della mobilit\u00e0 sostenibili<\/strong>. <em>\u201cAbbiamo molto da imparare dai messaggi che i ragazzi e le ragazze, da Nord a Sud del Paese, hanno trasmesso con i loro elaborati, incentrati sulla mobilit\u00e0 innovativa, la vivibilit\u00e0 delle citt\u00e0, il rispetto dell&#8217;ambiente, ma non solo. \u00c8 una sollecitazione verso il cambiamento che sottintende anche la richiesta di essere chiamati a partecipare al processo di trasformazione. Chi governa ha il dovere di rendere concreta questa speranza che la pandemia da Covid 19 ha contribuito ad alimentare. Il metodo pi\u00f9 giusto per raggiungere questo obiettivo \u00e8 proprio quello di coinvolgere i giovani. E su questo siamo fortemente impegnati&#8221;.<\/em><\/span><\/p>\n<p style=\"text-align: left;\"><em class=\"ms-rteStyle-References\">\u00a0&#8220;L&#8217;impegno che noi dobbiamo sentire come prioritario \u00e8 quello di creare un ponte con i giovani. Il nostro dove<\/em><em class=\"ms-rteStyle-References\">re di investire sui giovani \u00e8 simile al loro diritto di progettare il futuro. Non solo una somma di percorsi individuali ma un destino collettivo: delle nostre comunit\u00e0, del nostro pianeta. Quello che si deve fare \u00e8 creare le condizioni affinch\u00e9 i giovani siano protagonisti di questo cambiamento. I risultati raggiunti con il progetto O.R.A. sono segnale positivo. Non solo di vaga speranza, ma di proposte concrete che delineano un futuro possibile, oltre che necessario per tutti&#8221;<\/em><span class=\"ms-rteStyle-References\"> &#8211; ha sottolineato <\/span><strong class=\"ms-rteStyle-References\">Pierluigi Stefanini<\/strong><span class=\"ms-rteStyle-References\">, <\/span><strong class=\"ms-rteStyle-References\">Presidente Gruppo Unipol e Fondazione Unipolis<\/strong><span class=\"ms-rteStyle-References\">.<\/span><\/p>\n<p style=\"text-align: left;\"><span class=\"ms-rteStyle-References\"> <em>&#8220;Sin dall&#8217;inizio di questo percorso, abbiamo posto l&#8217;accento sulla necessit\u00e0 di favorire le nuove generazioni e renderle protagoniste della costruzione di una nuova mobilit\u00e0 sostenibile. Oggi lo ribadiamo alla luce del bel lavoro fatto da tutti loro e con l&#8217;auspicio che nelle prossime tappe territoriali, che ci vedranno impegnati nei prossimi mesi, le idee e le richieste dei ragazzi siano accolte e sostenute dalla comunit\u00e0 e dalle istituzioni locali. Questo ancor pi\u00f9 alla luce di quanto previsto sul tema dal PNRR, i cui progetti potranno tener conto &#8211; ci auguriamo &#8211; delle proposte contenute nel Manif<\/em><em>esto&#8221; &#8211;<\/em> ha dichiarato <strong>Anna Lisa Mandorino, Segretaria Generale di Cittadinanzattiva.\u200b<\/strong><\/span><\/p>\n<p style=\"text-align: left;\">Nei prossimi mesi il Manifesto prender\u00e0 la via delle 14 citt\u00e0 metropolitane dove sar\u00e0 presentato pubblicamente coinvolgendo l&#8217;intera comunit\u00e0, a partire dagli Amministratori locali.<\/p>\n<p style=\"text-align: left;\"><em>Il Progetto O.R.A. \u00e8 tra le Mobility Actions dell&#8217;<\/em><a style=\"background-color: #f8f8f8;\" href=\"https:\/\/mobilityweek.eu\/home\/\"><em>European Mobility Week 2021<\/em><\/a><em>.<\/em><\/p>\n<p style=\"text-align: left;\"><em>\u00c8 realizzato con il patrocinio del Ministero delle infrastrutture e della mobilit\u00e0 sostenibili, del Ministero della Transizione Ecologica, ANCI &#8211; Associazione Nazionale Comuni Italiani e ANVU &#8211; Associazione Professionale Polizia Locale d&#8217;Italia. E con la collaborazione di:\u00a0Ministero dell\u2019Istruzione,\u00a0Laboratorio Mobilit\u00e0 e Trasporti \u2013 Politecnico di Milano, Unit\u00e0 di Ricerca in Psicologia del Traffico \u2013 Universit\u00e0 Cattolica del Sacro Cuore,\u00a0CRU \u2013 Consigli Regionali Unipol,\u00a0CUBO, Condividere Cultura \u2013 Museo d\u2019impresa del Gruppo Unipol, Linear.\u00a0<\/em><em>\u200b<\/em><\/p>\n<\/div>\n","protected":false},"excerpt":{"rendered":"<p>\u200b\u200b\u200b\u200b\u200bApp in grado di premiare chi utilizza mezzi green, aree sostenibili e integrate nelle citt\u00e0 dove ricaricare auto e bici, panchine a pannelli solari, autobus mangia smog e sensori in grado di rilevare se il guidatore abbia assunto alcol o stupefacenti. Queste alcune delle proposte contenute nel primo Manifesto della mobilit\u00e0 sostenibile della scuola italiana\u200b, [&hellip;]<\/p>\n","protected":false},"author":1,"featured_media":4978,"comment_status":"open","ping_status":"open","sticky":false,"template":"","format":"standard","meta":{"_acf_changed":false,"footnotes":""},"categories":[16],"tags":[659,649],"class_list":["post-2238","post","type-post","status-publish","format-standard","has-post-thumbnail","hentry","category-mobilita","tag-progettoora","tag-sicurstrada_programma"],"acf":[],"yoast_head":"<!-- This site is optimized with the Yoast SEO plugin v26.1.1 - https:\/\/yoast.com\/wordpress\/plugins\/seo\/ -->\n<title>\u00c8 nato il primo Manifesto della mobilit\u00e0 sostenibile della scuola italiana - Unipolis<\/title>\n<meta name=\"description\" content=\"\u00c8 nato il primo Manifesto della mobilit\u00e0 sostenibile della scuola italiana\" \/>\n<meta name=\"robots\" content=\"index, follow, max-snippet:-1, max-image-preview:large, max-video-preview:-1\" \/>\n<link rel=\"canonical\" href=\"https:\/\/www.fondazioneunipolis.org\/site\/e-nato-il-primo-manifesto-della-mobilita-sostenibile-della-scuola-italiana\/\" \/>\n<meta property=\"og:locale\" content=\"it_IT\" \/>\n<meta property=\"og:type\" content=\"article\" \/>\n<meta property=\"og:title\" content=\"\u00c8 nato il primo Manifesto della mobilit\u00e0 sostenibile della scuola italiana - Unipolis\" \/>\n<meta property=\"og:description\" content=\"\u00c8 nato il primo Manifesto della mobilit\u00e0 sostenibile della scuola italiana\" \/>\n<meta property=\"og:url\" content=\"https:\/\/dx-factory-unipolis-corporate-wp.ha.servizi.gr-u.it\/site\/e-nato-il-primo-manifesto-della-mobilita-sostenibile-della-scuola-italiana\/\" \/>\n<meta property=\"og:site_name\" content=\"Unipolis\" \/>\n<meta property=\"article:published_time\" content=\"2021-09-16T22:00:00+00:00\" \/>\n<meta property=\"article:modified_time\" content=\"2026-01-05T08:46:30+00:00\" \/>\n<meta property=\"og:image\" content=\"https:\/\/dx-factory-unipolis-corporate-wp.ha.servizi.gr-u.it\/site\/wp-content\/uploads\/import\/PublishingImages\/news\/Manifesto_web_mobilit\u00e0_ORA.png\" \/>\n\t<meta property=\"og:image:width\" content=\"1\" \/>\n\t<meta property=\"og:image:height\" content=\"1\" \/>\n\t<meta property=\"og:image:type\" content=\"image\/png\" \/>\n<meta name=\"author\" content=\"wsadmin\" \/>\n<meta name=\"twitter:card\" content=\"summary_large_image\" \/>\n<meta name=\"twitter:label1\" content=\"Written by\" \/>\n\t<meta name=\"twitter:data1\" content=\"wsadmin\" \/>\n\t<meta name=\"twitter:label2\" content=\"Est. reading time\" \/>\n\t<meta name=\"twitter:data2\" content=\"6 minutes\" \/>\n<script type=\"application\/ld+json\" class=\"yoast-schema-graph\">{\"@context\":\"https:\/\/schema.org\",\"@graph\":[{\"@type\":\"Article\",\"@id\":\"https:\/\/dx-factory-unipolis-corporate-wp.ha.servizi.gr-u.it\/site\/e-nato-il-primo-manifesto-della-mobilita-sostenibile-della-scuola-italiana\/#article\",\"isPartOf\":{\"@id\":\"https:\/\/dx-factory-unipolis-corporate-wp.ha.servizi.gr-u.it\/site\/e-nato-il-primo-manifesto-della-mobilita-sostenibile-della-scuola-italiana\/\"},\"author\":{\"name\":\"wsadmin\",\"@id\":\"https:\/\/www.fondazioneunipolis.org\/site\/#\/schema\/person\/43819ef7aaa5af51f1ed547eacb5e868\"},\"headline\":\"\u00c8 nato il primo Manifesto della mobilit\u00e0 sostenibile della scuola italiana\",\"datePublished\":\"2021-09-16T22:00:00+00:00\",\"dateModified\":\"2026-01-05T08:46:30+00:00\",\"mainEntityOfPage\":{\"@id\":\"https:\/\/dx-factory-unipolis-corporate-wp.ha.servizi.gr-u.it\/site\/e-nato-il-primo-manifesto-della-mobilita-sostenibile-della-scuola-italiana\/\"},\"wordCount\":962,\"commentCount\":0,\"publisher\":{\"@id\":\"https:\/\/www.fondazioneunipolis.org\/site\/#organization\"},\"image\":{\"@id\":\"https:\/\/dx-factory-unipolis-corporate-wp.ha.servizi.gr-u.it\/site\/e-nato-il-primo-manifesto-della-mobilita-sostenibile-della-scuola-italiana\/#primaryimage\"},\"thumbnailUrl\":\"https:\/\/www.fondazioneunipolis.org\/site\/wp-content\/uploads\/import\/PublishingImages\/news\/Manifesto_web_mobilit\u00e0_ORA.png\",\"keywords\":[\"progettoORA\",\"sicurstrada_programma\"],\"articleSection\":[\"Mobilit\u00e0\"],\"inLanguage\":\"it-IT\",\"potentialAction\":[{\"@type\":\"CommentAction\",\"name\":\"Comment\",\"target\":[\"https:\/\/dx-factory-unipolis-corporate-wp.ha.servizi.gr-u.it\/site\/e-nato-il-primo-manifesto-della-mobilita-sostenibile-della-scuola-italiana\/#respond\"]}]},{\"@type\":\"WebPage\",\"@id\":\"https:\/\/dx-factory-unipolis-corporate-wp.ha.servizi.gr-u.it\/site\/e-nato-il-primo-manifesto-della-mobilita-sostenibile-della-scuola-italiana\/\",\"url\":\"https:\/\/dx-factory-unipolis-corporate-wp.ha.servizi.gr-u.it\/site\/e-nato-il-primo-manifesto-della-mobilita-sostenibile-della-scuola-italiana\/\",\"name\":\"\u00c8 nato il primo Manifesto della mobilit\u00e0 sostenibile della scuola italiana - Unipolis\",\"isPartOf\":{\"@id\":\"https:\/\/www.fondazioneunipolis.org\/site\/#website\"},\"primaryImageOfPage\":{\"@id\":\"https:\/\/dx-factory-unipolis-corporate-wp.ha.servizi.gr-u.it\/site\/e-nato-il-primo-manifesto-della-mobilita-sostenibile-della-scuola-italiana\/#primaryimage\"},\"image\":{\"@id\":\"https:\/\/dx-factory-unipolis-corporate-wp.ha.servizi.gr-u.it\/site\/e-nato-il-primo-manifesto-della-mobilita-sostenibile-della-scuola-italiana\/#primaryimage\"},\"thumbnailUrl\":\"https:\/\/www.fondazioneunipolis.org\/site\/wp-content\/uploads\/import\/PublishingImages\/news\/Manifesto_web_mobilit\u00e0_ORA.png\",\"datePublished\":\"2021-09-16T22:00:00+00:00\",\"dateModified\":\"2026-01-05T08:46:30+00:00\",\"description\":\"\u00c8 nato il primo Manifesto della mobilit\u00e0 sostenibile della scuola italiana\",\"breadcrumb\":{\"@id\":\"https:\/\/dx-factory-unipolis-corporate-wp.ha.servizi.gr-u.it\/site\/e-nato-il-primo-manifesto-della-mobilita-sostenibile-della-scuola-italiana\/#breadcrumb\"},\"inLanguage\":\"it-IT\",\"potentialAction\":[{\"@type\":\"ReadAction\",\"target\":[\"https:\/\/dx-factory-unipolis-corporate-wp.ha.servizi.gr-u.it\/site\/e-nato-il-primo-manifesto-della-mobilita-sostenibile-della-scuola-italiana\/\"]}]},{\"@type\":\"ImageObject\",\"inLanguage\":\"it-IT\",\"@id\":\"https:\/\/dx-factory-unipolis-corporate-wp.ha.servizi.gr-u.it\/site\/e-nato-il-primo-manifesto-della-mobilita-sostenibile-della-scuola-italiana\/#primaryimage\",\"url\":\"https:\/\/www.fondazioneunipolis.org\/site\/wp-content\/uploads\/import\/PublishingImages\/news\/Manifesto_web_mobilit\u00e0_ORA.png\",\"contentUrl\":\"https:\/\/www.fondazioneunipolis.org\/site\/wp-content\/uploads\/import\/PublishingImages\/news\/Manifesto_web_mobilit\u00e0_ORA.png\"},{\"@type\":\"BreadcrumbList\",\"@id\":\"https:\/\/dx-factory-unipolis-corporate-wp.ha.servizi.gr-u.it\/site\/e-nato-il-primo-manifesto-della-mobilita-sostenibile-della-scuola-italiana\/#breadcrumb\",\"itemListElement\":[{\"@type\":\"ListItem\",\"position\":1,\"name\":\"Home\",\"item\":\"https:\/\/www.fondazioneunipolis.org\/site\/\"},{\"@type\":\"ListItem\",\"position\":2,\"name\":\"\u00c8 nato il primo Manifesto della mobilit\u00e0 sostenibile della scuola italiana\"}]},{\"@type\":\"WebSite\",\"@id\":\"https:\/\/www.fondazioneunipolis.org\/site\/#website\",\"url\":\"https:\/\/www.fondazioneunipolis.org\/site\/\",\"name\":\"Unipolis\",\"description\":\"\",\"publisher\":{\"@id\":\"https:\/\/www.fondazioneunipolis.org\/site\/#organization\"},\"potentialAction\":[{\"@type\":\"SearchAction\",\"target\":{\"@type\":\"EntryPoint\",\"urlTemplate\":\"https:\/\/www.fondazioneunipolis.org\/site\/?s={search_term_string}\"},\"query-input\":{\"@type\":\"PropertyValueSpecification\",\"valueRequired\":true,\"valueName\":\"search_term_string\"}}],\"inLanguage\":\"it-IT\"},{\"@type\":\"Organization\",\"@id\":\"https:\/\/www.fondazioneunipolis.org\/site\/#organization\",\"name\":\"Unipolis\",\"url\":\"https:\/\/www.fondazioneunipolis.org\/site\/\",\"logo\":{\"@type\":\"ImageObject\",\"inLanguage\":\"it-IT\",\"@id\":\"https:\/\/www.fondazioneunipolis.org\/site\/#\/schema\/logo\/image\/\",\"url\":\"https:\/\/www.fondazioneunipolis.org\/site\/wp-content\/uploads\/2025\/07\/logo-fondazione-unipolis-1.svg\",\"contentUrl\":\"https:\/\/www.fondazioneunipolis.org\/site\/wp-content\/uploads\/2025\/07\/logo-fondazione-unipolis-1.svg\",\"caption\":\"Unipolis\"},\"image\":{\"@id\":\"https:\/\/www.fondazioneunipolis.org\/site\/#\/schema\/logo\/image\/\"}},{\"@type\":\"Person\",\"@id\":\"https:\/\/www.fondazioneunipolis.org\/site\/#\/schema\/person\/43819ef7aaa5af51f1ed547eacb5e868\",\"name\":\"wsadmin\",\"image\":{\"@type\":\"ImageObject\",\"inLanguage\":\"it-IT\",\"@id\":\"https:\/\/www.fondazioneunipolis.org\/site\/#\/schema\/person\/image\/\",\"url\":\"https:\/\/secure.gravatar.com\/avatar\/6512509e9ae62b647044a2731fadcbf236f2546df7b086feb6df7aabf2ef03aa?s=96&d=mm&r=g\",\"contentUrl\":\"https:\/\/secure.gravatar.com\/avatar\/6512509e9ae62b647044a2731fadcbf236f2546df7b086feb6df7aabf2ef03aa?s=96&d=mm&r=g\",\"caption\":\"wsadmin\"},\"sameAs\":[\"https:\/\/www.fondazioneunipolis.org\/site\"],\"url\":\"https:\/\/www.fondazioneunipolis.org\/site\/author\/wsadmin\/\"}]}<\/script>\n<!-- \/ Yoast SEO plugin. -->","yoast_head_json":{"title":"\u00c8 nato il primo Manifesto della mobilit\u00e0 sostenibile della scuola italiana - Unipolis","description":"\u00c8 nato il primo Manifesto della mobilit\u00e0 sostenibile della scuola italiana","robots":{"index":"index","follow":"follow","max-snippet":"max-snippet:-1","max-image-preview":"max-image-preview:large","max-video-preview":"max-video-preview:-1"},"canonical":"https:\/\/www.fondazioneunipolis.org\/site\/e-nato-il-primo-manifesto-della-mobilita-sostenibile-della-scuola-italiana\/","og_locale":"it_IT","og_type":"article","og_title":"\u00c8 nato il primo Manifesto della mobilit\u00e0 sostenibile della scuola italiana - Unipolis","og_description":"\u00c8 nato il primo Manifesto della mobilit\u00e0 sostenibile della scuola italiana","og_url":"https:\/\/dx-factory-unipolis-corporate-wp.ha.servizi.gr-u.it\/site\/e-nato-il-primo-manifesto-della-mobilita-sostenibile-della-scuola-italiana\/","og_site_name":"Unipolis","article_published_time":"2021-09-16T22:00:00+00:00","article_modified_time":"2026-01-05T08:46:30+00:00","og_image":[{"url":"https:\/\/dx-factory-unipolis-corporate-wp.ha.servizi.gr-u.it\/site\/wp-content\/uploads\/import\/PublishingImages\/news\/Manifesto_web_mobilit\u00e0_ORA.png","width":1,"height":1,"type":"image\/png"}],"author":"wsadmin","twitter_card":"summary_large_image","twitter_misc":{"Written by":"wsadmin","Est. reading time":"6 minutes"},"schema":{"@context":"https:\/\/schema.org","@graph":[{"@type":"Article","@id":"https:\/\/dx-factory-unipolis-corporate-wp.ha.servizi.gr-u.it\/site\/e-nato-il-primo-manifesto-della-mobilita-sostenibile-della-scuola-italiana\/#article","isPartOf":{"@id":"https:\/\/dx-factory-unipolis-corporate-wp.ha.servizi.gr-u.it\/site\/e-nato-il-primo-manifesto-della-mobilita-sostenibile-della-scuola-italiana\/"},"author":{"name":"wsadmin","@id":"https:\/\/www.fondazioneunipolis.org\/site\/#\/schema\/person\/43819ef7aaa5af51f1ed547eacb5e868"},"headline":"\u00c8 nato il primo Manifesto della mobilit\u00e0 sostenibile della scuola italiana","datePublished":"2021-09-16T22:00:00+00:00","dateModified":"2026-01-05T08:46:30+00:00","mainEntityOfPage":{"@id":"https:\/\/dx-factory-unipolis-corporate-wp.ha.servizi.gr-u.it\/site\/e-nato-il-primo-manifesto-della-mobilita-sostenibile-della-scuola-italiana\/"},"wordCount":962,"commentCount":0,"publisher":{"@id":"https:\/\/www.fondazioneunipolis.org\/site\/#organization"},"image":{"@id":"https:\/\/dx-factory-unipolis-corporate-wp.ha.servizi.gr-u.it\/site\/e-nato-il-primo-manifesto-della-mobilita-sostenibile-della-scuola-italiana\/#primaryimage"},"thumbnailUrl":"https:\/\/www.fondazioneunipolis.org\/site\/wp-content\/uploads\/import\/PublishingImages\/news\/Manifesto_web_mobilit\u00e0_ORA.png","keywords":["progettoORA","sicurstrada_programma"],"articleSection":["Mobilit\u00e0"],"inLanguage":"it-IT","potentialAction":[{"@type":"CommentAction","name":"Comment","target":["https:\/\/dx-factory-unipolis-corporate-wp.ha.servizi.gr-u.it\/site\/e-nato-il-primo-manifesto-della-mobilita-sostenibile-della-scuola-italiana\/#respond"]}]},{"@type":"WebPage","@id":"https:\/\/dx-factory-unipolis-corporate-wp.ha.servizi.gr-u.it\/site\/e-nato-il-primo-manifesto-della-mobilita-sostenibile-della-scuola-italiana\/","url":"https:\/\/dx-factory-unipolis-corporate-wp.ha.servizi.gr-u.it\/site\/e-nato-il-primo-manifesto-della-mobilita-sostenibile-della-scuola-italiana\/","name":"\u00c8 nato il primo Manifesto della mobilit\u00e0 sostenibile della scuola italiana - Unipolis","isPartOf":{"@id":"https:\/\/www.fondazioneunipolis.org\/site\/#website"},"primaryImageOfPage":{"@id":"https:\/\/dx-factory-unipolis-corporate-wp.ha.servizi.gr-u.it\/site\/e-nato-il-primo-manifesto-della-mobilita-sostenibile-della-scuola-italiana\/#primaryimage"},"image":{"@id":"https:\/\/dx-factory-unipolis-corporate-wp.ha.servizi.gr-u.it\/site\/e-nato-il-primo-manifesto-della-mobilita-sostenibile-della-scuola-italiana\/#primaryimage"},"thumbnailUrl":"https:\/\/www.fondazioneunipolis.org\/site\/wp-content\/uploads\/import\/PublishingImages\/news\/Manifesto_web_mobilit\u00e0_ORA.png","datePublished":"2021-09-16T22:00:00+00:00","dateModified":"2026-01-05T08:46:30+00:00","description":"\u00c8 nato il primo Manifesto della mobilit\u00e0 sostenibile della scuola italiana","breadcrumb":{"@id":"https:\/\/dx-factory-unipolis-corporate-wp.ha.servizi.gr-u.it\/site\/e-nato-il-primo-manifesto-della-mobilita-sostenibile-della-scuola-italiana\/#breadcrumb"},"inLanguage":"it-IT","potentialAction":[{"@type":"ReadAction","target":["https:\/\/dx-factory-unipolis-corporate-wp.ha.servizi.gr-u.it\/site\/e-nato-il-primo-manifesto-della-mobilita-sostenibile-della-scuola-italiana\/"]}]},{"@type":"ImageObject","inLanguage":"it-IT","@id":"https:\/\/dx-factory-unipolis-corporate-wp.ha.servizi.gr-u.it\/site\/e-nato-il-primo-manifesto-della-mobilita-sostenibile-della-scuola-italiana\/#primaryimage","url":"https:\/\/www.fondazioneunipolis.org\/site\/wp-content\/uploads\/import\/PublishingImages\/news\/Manifesto_web_mobilit\u00e0_ORA.png","contentUrl":"https:\/\/www.fondazioneunipolis.org\/site\/wp-content\/uploads\/import\/PublishingImages\/news\/Manifesto_web_mobilit\u00e0_ORA.png"},{"@type":"BreadcrumbList","@id":"https:\/\/dx-factory-unipolis-corporate-wp.ha.servizi.gr-u.it\/site\/e-nato-il-primo-manifesto-della-mobilita-sostenibile-della-scuola-italiana\/#breadcrumb","itemListElement":[{"@type":"ListItem","position":1,"name":"Home","item":"https:\/\/www.fondazioneunipolis.org\/site\/"},{"@type":"ListItem","position":2,"name":"\u00c8 nato il primo Manifesto della mobilit\u00e0 sostenibile della scuola italiana"}]},{"@type":"WebSite","@id":"https:\/\/www.fondazioneunipolis.org\/site\/#website","url":"https:\/\/www.fondazioneunipolis.org\/site\/","name":"Unipolis","description":"","publisher":{"@id":"https:\/\/www.fondazioneunipolis.org\/site\/#organization"},"potentialAction":[{"@type":"SearchAction","target":{"@type":"EntryPoint","urlTemplate":"https:\/\/www.fondazioneunipolis.org\/site\/?s={search_term_string}"},"query-input":{"@type":"PropertyValueSpecification","valueRequired":true,"valueName":"search_term_string"}}],"inLanguage":"it-IT"},{"@type":"Organization","@id":"https:\/\/www.fondazioneunipolis.org\/site\/#organization","name":"Unipolis","url":"https:\/\/www.fondazioneunipolis.org\/site\/","logo":{"@type":"ImageObject","inLanguage":"it-IT","@id":"https:\/\/www.fondazioneunipolis.org\/site\/#\/schema\/logo\/image\/","url":"https:\/\/www.fondazioneunipolis.org\/site\/wp-content\/uploads\/2025\/07\/logo-fondazione-unipolis-1.svg","contentUrl":"https:\/\/www.fondazioneunipolis.org\/site\/wp-content\/uploads\/2025\/07\/logo-fondazione-unipolis-1.svg","caption":"Unipolis"},"image":{"@id":"https:\/\/www.fondazioneunipolis.org\/site\/#\/schema\/logo\/image\/"}},{"@type":"Person","@id":"https:\/\/www.fondazioneunipolis.org\/site\/#\/schema\/person\/43819ef7aaa5af51f1ed547eacb5e868","name":"wsadmin","image":{"@type":"ImageObject","inLanguage":"it-IT","@id":"https:\/\/www.fondazioneunipolis.org\/site\/#\/schema\/person\/image\/","url":"https:\/\/secure.gravatar.com\/avatar\/6512509e9ae62b647044a2731fadcbf236f2546df7b086feb6df7aabf2ef03aa?s=96&d=mm&r=g","contentUrl":"https:\/\/secure.gravatar.com\/avatar\/6512509e9ae62b647044a2731fadcbf236f2546df7b086feb6df7aabf2ef03aa?s=96&d=mm&r=g","caption":"wsadmin"},"sameAs":["https:\/\/www.fondazioneunipolis.org\/site"],"url":"https:\/\/www.fondazioneunipolis.org\/site\/author\/wsadmin\/"}]}},"_links":{"self":[{"href":"https:\/\/www.fondazioneunipolis.org\/site\/wp-json\/wp\/v2\/posts\/2238","targetHints":{"allow":["GET"]}}],"collection":[{"href":"https:\/\/www.fondazioneunipolis.org\/site\/wp-json\/wp\/v2\/posts"}],"about":[{"href":"https:\/\/www.fondazioneunipolis.org\/site\/wp-json\/wp\/v2\/types\/post"}],"author":[{"embeddable":true,"href":"https:\/\/www.fondazioneunipolis.org\/site\/wp-json\/wp\/v2\/users\/1"}],"replies":[{"embeddable":true,"href":"https:\/\/www.fondazioneunipolis.org\/site\/wp-json\/wp\/v2\/comments?post=2238"}],"version-history":[{"count":6,"href":"https:\/\/www.fondazioneunipolis.org\/site\/wp-json\/wp\/v2\/posts\/2238\/revisions"}],"predecessor-version":[{"id":11580,"href":"https:\/\/www.fondazioneunipolis.org\/site\/wp-json\/wp\/v2\/posts\/2238\/revisions\/11580"}],"wp:featuredmedia":[{"embeddable":true,"href":"https:\/\/www.fondazioneunipolis.org\/site\/wp-json\/wp\/v2\/media\/4978"}],"wp:attachment":[{"href":"https:\/\/www.fondazioneunipolis.org\/site\/wp-json\/wp\/v2\/media?parent=2238"}],"wp:term":[{"taxonomy":"category","embeddable":true,"href":"https:\/\/www.fondazioneunipolis.org\/site\/wp-json\/wp\/v2\/categories?post=2238"},{"taxonomy":"post_tag","embeddable":true,"href":"https:\/\/www.fondazioneunipolis.org\/site\/wp-json\/wp\/v2\/tags?post=2238"}],"curies":[{"name":"wp","href":"https:\/\/api.w.org\/{rel}","templated":true}]}}