{"id":2219,"date":"2021-10-22T00:00:00","date_gmt":"2021-10-21T22:00:00","guid":{"rendered":"https:\/\/www.fondazioneunipolis.org\/site\/concluso-il-quinto-festival-dello-sviluppo-sostenibile-un-successo-per-litalia-di-domani\/"},"modified":"2025-12-30T09:58:21","modified_gmt":"2025-12-30T08:58:21","slug":"concluso-il-quinto-festival-dello-sviluppo-sostenibile-un-successo-per-litalia-di-domani","status":"publish","type":"post","link":"https:\/\/www.fondazioneunipolis.org\/site\/news\/concluso-il-quinto-festival-dello-sviluppo-sostenibile-un-successo-per-litalia-di-domani\/","title":{"rendered":"Concluso il quinto Festival dello Sviluppo Sostenibile: un successo per l\u2019Italia di domani"},"content":{"rendered":"<div id=\"ctl00_PlaceHolderMain_ctl03__ControlWrapper_RichHtmlField\" class=\"ms-rtestate-field\" style=\"display: inline;\" aria-labelledby=\"ctl00_PlaceHolderMain_ctl03_label\">\n<p><em>Oltre 770 le iniziative in Italia e all&#8217;estero. Anche Unipolis e Unipol, attraverso i CRU Unipol,\u00a0hanno partecipato con diversi appuntamenti sul territorio nazionale.<\/em><\/p>\n<p>Si \u00e8 conclusa, dopo 17 giorni, la manifestazione promossa dall&#8217;<a href=\"https:\/\/asvis.it\/\" target=\"_blank\" rel=\"noopener\"><strong>Alleanza Italiana per lo Sviluppo Sostenibile (ASviS)<\/strong><\/a> per diffondere la cultura della sostenibilit\u00e0. <em>\u201cLa larga partecipazione al Festival in tante parti del Paese rappresenta una positiva energia, una risorsa e patrimonio comuni per accelerare il percorso verso la realizzazione dei target dell&#8217;Agenda 2030&#8243;<\/em>, ha esordito il Presidente e Portavoce dell&#8217;ASviS <strong>Pierluigi Stefanini<\/strong> aprendo i lavori della giornata conclusiva del Festival dello Sviluppo Sostenibile, <em>\u201cLo stimolo importante che l&#8217;ASviS sta promuovendo&#8221;<\/em> ha soggiunto, <em>\u201cpotr\u00e0 servire alle istituzioni per orientare le scelte del nostro Paese nella direzione della strategia europea del Green Deal e del Next Generation UE&#8221;<\/em>.<\/p>\n<p>L&#8217;evento di chiusura del Festival \u201c<a href=\"https:\/\/festivalsvilupposostenibile.it\/2021\/evento-14-ottobre\/\" target=\"_blank\" rel=\"noopener\">Italia 2030: un Paese in via di sviluppo sostenibile<\/a>&#8220;, svoltosi il 14 ottobre a Roma, \u00e8 stata l&#8217;occasione per presentare le riflessioni maturate durante la manifestazione e raccogliere gli spunti emersi dai partner e dai partecipanti. Un focus particolare al confronto \u00e8 stato anche su <strong>come la sostenibilit\u00e0 sia entrata negli aspetti quotidiani della nostra vita<\/strong>: <em>\u201cRipensare il nostro modo di abitare la Terra \u00e8 diventata una priorit\u00e0, \u00e8 un pensiero che permea ogni ambito della civilt\u00e0 umana&#8221;<\/em>, ha sostenuto la Presidente dell&#8217;ASviS <strong>Marcella Mallen<\/strong>, <em>\u201cormai la sostenibilit\u00e0 non \u00e8 pi\u00f9 un insieme astratto di buone pratiche, ma \u00e8 quello che ci orienta nella nuova normalit\u00e0, il valore di riferimento per poter immaginare e costruire un pianeta e una societ\u00e0 migliori, per cogliere i benefici dei grandi cambiamenti in corso&#8221;<\/em>.<\/p>\n<p>Durante l&#8217;incontro, sono intervenuti, oltre ai presidenti ASviS, anche il Ministro della Cultura <strong>Dario Franceschini<\/strong>, la Vice presidente della Camera dei Deputati <strong>Maria Edera Spadoni<\/strong>, il Sottosegretario alla Presidenza del Consiglio <strong>Bruno Tabacci<\/strong> e rappresentanti dei partner \u2013 tra i quali per il Gruppo Unipol \u00e8 intervenuto<strong> Enrico San Pietro<\/strong>, insurance business deputy general manager Unipolsai. Inoltre, sono state presentate <strong>esperienze di innovazione sostenibile nel campo della moda, della tecnologia, del cibo, dell&#8217;intrattenimento e dell&#8217;informazione<\/strong>.<\/p>\n<p>Anche <strong>Unipolis <\/strong>e <strong>Unipol<\/strong>, attraverso gli eventi promossi dai <strong>CRU &#8211; Consigli Regionali Unipol<\/strong>, hanno partecipato al Festival sostenendo l&#8217;iniziativa e organizzando diversi appuntamenti in giro per l&#8217;Italia.<\/p>\n<p>Il Festival si \u00e8 confermato la pi\u00f9 grande manifestazione italiana per diffondere\u00a0la conoscenza dell&#8217;Agenda 2030 dell&#8217;Onu: <strong>oltre 770 eventi<\/strong> in Italia e nel mondo, anche grazie alla collaborazione con il <strong>MAECI <\/strong>(Ministero degli Affari Esteri e della Cooperazione Internazionale). Come lo scorso anno, il Festival si \u00e8 arricchito di 48 eventi organizzati, in 33 Paesi, dalle sedi della rete diplomatica italiana e dagli istituti di cultura italiani all&#8217;estero, contribuendo a <strong>diffondere in tutto il mondo il messaggio di una ripresa dalla crisi pandemica all&#8217;insegna dello sviluppo sostenibile<\/strong>.<\/p>\n<p>Grande partecipazione per gli eventi del Segretariato e gli altri eventi nazionali (oltre 56 ore di diretta streaming), quasi tutti trasmessi dall&#8217;Auditorium del Palazzo delle Esposizioni di Roma, che quest&#8217;anno \u00e8 stato la \u201ccasa del Festival&#8221;. Gli eventi sono stati realizzati anche grazie al contributo degli<strong> esperti delle organizzazioni aderenti all&#8217;Alleanza<\/strong> che, attraverso i Gruppi di Lavoro, hanno approfondito le tematiche legate ai 17 SDGs, oltre che alle tematiche trasversali.<\/p>\n<p>Il Festival, riconosciuto dall&#8217;Onu come un unicum a livello internazionale, ha raggiunto con i suoi eventi in diretta streaming 22 milioni di persone e le visualizzazioni sono state 1,4 milioni. Gli hashtag ufficiali della campagna #FestivalSviluppoSostenibile e #STIAMOAGENDO hanno raggiunto complessivamente 50 milioni di impression. La campagna di comunicazione del Festival \u201cMettilo in Agenda. Stiamo Agendo&#8221; realizzata in collaborazione con il Dipartimento Informazione Editoria della Presidenza del Consiglio, \u00e8 stata ampiamente diffusa dalla RAI e ha raggiunto oltre 110 milioni di contatti lordi complessivi.<\/p>\n<p>\u200b<\/p>\n<\/div>\n","protected":false},"excerpt":{"rendered":"<p>Oltre 770 le iniziative in Italia e all&#8217;estero. Anche Unipolis e Unipol, attraverso i CRU Unipol,\u00a0hanno partecipato con diversi appuntamenti sul territorio nazionale. Si \u00e8 conclusa, dopo 17 giorni, la manifestazione promossa dall&#8217;Alleanza Italiana per lo Sviluppo Sostenibile (ASviS) per diffondere la cultura della sostenibilit\u00e0. \u201cLa larga partecipazione al Festival in tante parti del Paese [&hellip;]<\/p>\n","protected":false},"author":1,"featured_media":3728,"comment_status":"open","ping_status":"open","sticky":false,"template":"","format":"standard","meta":{"_acf_changed":false,"footnotes":""},"categories":[20],"tags":[641],"class_list":["post-2219","post","type-post","status-publish","format-standard","has-post-thumbnail","hentry","category-unipolis","tag-fss"],"acf":[],"yoast_head":"<!-- This site is optimized with the Yoast SEO plugin v26.1.1 - https:\/\/yoast.com\/wordpress\/plugins\/seo\/ -->\n<title>Concluso il quinto Festival dello Sviluppo Sostenibile: un successo per l\u2019Italia di domani - Unipolis<\/title>\n<meta name=\"description\" content=\"Concluso il quinto Festival dello Sviluppo Sostenibile: un successo per l\u2019Italia di domani\" \/>\n<meta name=\"robots\" content=\"index, follow, max-snippet:-1, max-image-preview:large, max-video-preview:-1\" \/>\n<link rel=\"canonical\" href=\"https:\/\/www.fondazioneunipolis.org\/site\/concluso-il-quinto-festival-dello-sviluppo-sostenibile-un-successo-per-litalia-di-domani\/\" \/>\n<meta property=\"og:locale\" content=\"it_IT\" \/>\n<meta property=\"og:type\" content=\"article\" \/>\n<meta property=\"og:title\" content=\"Concluso il quinto Festival dello Sviluppo Sostenibile: un successo per l\u2019Italia di domani - Unipolis\" \/>\n<meta property=\"og:description\" content=\"Concluso il quinto Festival dello Sviluppo Sostenibile: un successo per l\u2019Italia di domani\" \/>\n<meta property=\"og:url\" content=\"https:\/\/dx-factory-unipolis-corporate-wp.ha.servizi.gr-u.it\/site\/concluso-il-quinto-festival-dello-sviluppo-sostenibile-un-successo-per-litalia-di-domani\/\" \/>\n<meta property=\"og:site_name\" content=\"Unipolis\" \/>\n<meta property=\"article:published_time\" content=\"2021-10-21T22:00:00+00:00\" \/>\n<meta property=\"article:modified_time\" content=\"2025-12-30T08:58:21+00:00\" \/>\n<meta property=\"og:image\" content=\"https:\/\/dx-factory-unipolis-corporate-wp.ha.servizi.gr-u.it\/site\/wp-content\/uploads\/import\/PublishingImages\/Notizie\/Fss%202021.png\" \/>\n\t<meta property=\"og:image:width\" content=\"1\" \/>\n\t<meta property=\"og:image:height\" content=\"1\" \/>\n\t<meta property=\"og:image:type\" content=\"image\/png\" \/>\n<meta name=\"author\" content=\"wsadmin\" \/>\n<meta name=\"twitter:card\" content=\"summary_large_image\" \/>\n<meta name=\"twitter:label1\" content=\"Written by\" \/>\n\t<meta name=\"twitter:data1\" content=\"wsadmin\" \/>\n\t<meta name=\"twitter:label2\" content=\"Est. reading time\" \/>\n\t<meta name=\"twitter:data2\" content=\"4 minutes\" \/>\n<script type=\"application\/ld+json\" class=\"yoast-schema-graph\">{\"@context\":\"https:\/\/schema.org\",\"@graph\":[{\"@type\":\"Article\",\"@id\":\"https:\/\/dx-factory-unipolis-corporate-wp.ha.servizi.gr-u.it\/site\/concluso-il-quinto-festival-dello-sviluppo-sostenibile-un-successo-per-litalia-di-domani\/#article\",\"isPartOf\":{\"@id\":\"https:\/\/dx-factory-unipolis-corporate-wp.ha.servizi.gr-u.it\/site\/concluso-il-quinto-festival-dello-sviluppo-sostenibile-un-successo-per-litalia-di-domani\/\"},\"author\":{\"name\":\"wsadmin\",\"@id\":\"https:\/\/www.fondazioneunipolis.org\/site\/#\/schema\/person\/43819ef7aaa5af51f1ed547eacb5e868\"},\"headline\":\"Concluso il quinto Festival dello Sviluppo Sostenibile: un successo per l\u2019Italia di domani\",\"datePublished\":\"2021-10-21T22:00:00+00:00\",\"dateModified\":\"2025-12-30T08:58:21+00:00\",\"mainEntityOfPage\":{\"@id\":\"https:\/\/dx-factory-unipolis-corporate-wp.ha.servizi.gr-u.it\/site\/concluso-il-quinto-festival-dello-sviluppo-sostenibile-un-successo-per-litalia-di-domani\/\"},\"wordCount\":616,\"commentCount\":0,\"publisher\":{\"@id\":\"https:\/\/www.fondazioneunipolis.org\/site\/#organization\"},\"image\":{\"@id\":\"https:\/\/dx-factory-unipolis-corporate-wp.ha.servizi.gr-u.it\/site\/concluso-il-quinto-festival-dello-sviluppo-sostenibile-un-successo-per-litalia-di-domani\/#primaryimage\"},\"thumbnailUrl\":\"https:\/\/www.fondazioneunipolis.org\/site\/wp-content\/uploads\/import\/PublishingImages\/Notizie\/Fss 2021.png\",\"keywords\":[\"fss\"],\"articleSection\":[\"Unipolis\"],\"inLanguage\":\"it-IT\",\"potentialAction\":[{\"@type\":\"CommentAction\",\"name\":\"Comment\",\"target\":[\"https:\/\/dx-factory-unipolis-corporate-wp.ha.servizi.gr-u.it\/site\/concluso-il-quinto-festival-dello-sviluppo-sostenibile-un-successo-per-litalia-di-domani\/#respond\"]}]},{\"@type\":\"WebPage\",\"@id\":\"https:\/\/dx-factory-unipolis-corporate-wp.ha.servizi.gr-u.it\/site\/concluso-il-quinto-festival-dello-sviluppo-sostenibile-un-successo-per-litalia-di-domani\/\",\"url\":\"https:\/\/dx-factory-unipolis-corporate-wp.ha.servizi.gr-u.it\/site\/concluso-il-quinto-festival-dello-sviluppo-sostenibile-un-successo-per-litalia-di-domani\/\",\"name\":\"Concluso il quinto Festival dello Sviluppo Sostenibile: un successo per l\u2019Italia di domani - Unipolis\",\"isPartOf\":{\"@id\":\"https:\/\/www.fondazioneunipolis.org\/site\/#website\"},\"primaryImageOfPage\":{\"@id\":\"https:\/\/dx-factory-unipolis-corporate-wp.ha.servizi.gr-u.it\/site\/concluso-il-quinto-festival-dello-sviluppo-sostenibile-un-successo-per-litalia-di-domani\/#primaryimage\"},\"image\":{\"@id\":\"https:\/\/dx-factory-unipolis-corporate-wp.ha.servizi.gr-u.it\/site\/concluso-il-quinto-festival-dello-sviluppo-sostenibile-un-successo-per-litalia-di-domani\/#primaryimage\"},\"thumbnailUrl\":\"https:\/\/www.fondazioneunipolis.org\/site\/wp-content\/uploads\/import\/PublishingImages\/Notizie\/Fss 2021.png\",\"datePublished\":\"2021-10-21T22:00:00+00:00\",\"dateModified\":\"2025-12-30T08:58:21+00:00\",\"description\":\"Concluso il quinto Festival dello Sviluppo Sostenibile: un successo per l\u2019Italia di domani\",\"breadcrumb\":{\"@id\":\"https:\/\/dx-factory-unipolis-corporate-wp.ha.servizi.gr-u.it\/site\/concluso-il-quinto-festival-dello-sviluppo-sostenibile-un-successo-per-litalia-di-domani\/#breadcrumb\"},\"inLanguage\":\"it-IT\",\"potentialAction\":[{\"@type\":\"ReadAction\",\"target\":[\"https:\/\/dx-factory-unipolis-corporate-wp.ha.servizi.gr-u.it\/site\/concluso-il-quinto-festival-dello-sviluppo-sostenibile-un-successo-per-litalia-di-domani\/\"]}]},{\"@type\":\"ImageObject\",\"inLanguage\":\"it-IT\",\"@id\":\"https:\/\/dx-factory-unipolis-corporate-wp.ha.servizi.gr-u.it\/site\/concluso-il-quinto-festival-dello-sviluppo-sostenibile-un-successo-per-litalia-di-domani\/#primaryimage\",\"url\":\"https:\/\/www.fondazioneunipolis.org\/site\/wp-content\/uploads\/import\/PublishingImages\/Notizie\/Fss 2021.png\",\"contentUrl\":\"https:\/\/www.fondazioneunipolis.org\/site\/wp-content\/uploads\/import\/PublishingImages\/Notizie\/Fss 2021.png\"},{\"@type\":\"BreadcrumbList\",\"@id\":\"https:\/\/dx-factory-unipolis-corporate-wp.ha.servizi.gr-u.it\/site\/concluso-il-quinto-festival-dello-sviluppo-sostenibile-un-successo-per-litalia-di-domani\/#breadcrumb\",\"itemListElement\":[{\"@type\":\"ListItem\",\"position\":1,\"name\":\"Home\",\"item\":\"https:\/\/www.fondazioneunipolis.org\/site\/\"},{\"@type\":\"ListItem\",\"position\":2,\"name\":\"Concluso il quinto Festival dello Sviluppo Sostenibile: un successo per l\u2019Italia di domani\"}]},{\"@type\":\"WebSite\",\"@id\":\"https:\/\/www.fondazioneunipolis.org\/site\/#website\",\"url\":\"https:\/\/www.fondazioneunipolis.org\/site\/\",\"name\":\"Unipolis\",\"description\":\"\",\"publisher\":{\"@id\":\"https:\/\/www.fondazioneunipolis.org\/site\/#organization\"},\"potentialAction\":[{\"@type\":\"SearchAction\",\"target\":{\"@type\":\"EntryPoint\",\"urlTemplate\":\"https:\/\/www.fondazioneunipolis.org\/site\/?s={search_term_string}\"},\"query-input\":{\"@type\":\"PropertyValueSpecification\",\"valueRequired\":true,\"valueName\":\"search_term_string\"}}],\"inLanguage\":\"it-IT\"},{\"@type\":\"Organization\",\"@id\":\"https:\/\/www.fondazioneunipolis.org\/site\/#organization\",\"name\":\"Unipolis\",\"url\":\"https:\/\/www.fondazioneunipolis.org\/site\/\",\"logo\":{\"@type\":\"ImageObject\",\"inLanguage\":\"it-IT\",\"@id\":\"https:\/\/www.fondazioneunipolis.org\/site\/#\/schema\/logo\/image\/\",\"url\":\"https:\/\/www.fondazioneunipolis.org\/site\/wp-content\/uploads\/2025\/07\/logo-fondazione-unipolis-1.svg\",\"contentUrl\":\"https:\/\/www.fondazioneunipolis.org\/site\/wp-content\/uploads\/2025\/07\/logo-fondazione-unipolis-1.svg\",\"caption\":\"Unipolis\"},\"image\":{\"@id\":\"https:\/\/www.fondazioneunipolis.org\/site\/#\/schema\/logo\/image\/\"}},{\"@type\":\"Person\",\"@id\":\"https:\/\/www.fondazioneunipolis.org\/site\/#\/schema\/person\/43819ef7aaa5af51f1ed547eacb5e868\",\"name\":\"wsadmin\",\"image\":{\"@type\":\"ImageObject\",\"inLanguage\":\"it-IT\",\"@id\":\"https:\/\/www.fondazioneunipolis.org\/site\/#\/schema\/person\/image\/\",\"url\":\"https:\/\/secure.gravatar.com\/avatar\/6512509e9ae62b647044a2731fadcbf236f2546df7b086feb6df7aabf2ef03aa?s=96&d=mm&r=g\",\"contentUrl\":\"https:\/\/secure.gravatar.com\/avatar\/6512509e9ae62b647044a2731fadcbf236f2546df7b086feb6df7aabf2ef03aa?s=96&d=mm&r=g\",\"caption\":\"wsadmin\"},\"sameAs\":[\"https:\/\/www.fondazioneunipolis.org\/site\"],\"url\":\"https:\/\/www.fondazioneunipolis.org\/site\/author\/wsadmin\/\"}]}<\/script>\n<!-- \/ Yoast SEO plugin. -->","yoast_head_json":{"title":"Concluso il quinto Festival dello Sviluppo Sostenibile: un successo per l\u2019Italia di domani - Unipolis","description":"Concluso il quinto Festival dello Sviluppo Sostenibile: un successo per l\u2019Italia di domani","robots":{"index":"index","follow":"follow","max-snippet":"max-snippet:-1","max-image-preview":"max-image-preview:large","max-video-preview":"max-video-preview:-1"},"canonical":"https:\/\/www.fondazioneunipolis.org\/site\/concluso-il-quinto-festival-dello-sviluppo-sostenibile-un-successo-per-litalia-di-domani\/","og_locale":"it_IT","og_type":"article","og_title":"Concluso il quinto Festival dello Sviluppo Sostenibile: un successo per l\u2019Italia di domani - Unipolis","og_description":"Concluso il quinto Festival dello Sviluppo Sostenibile: un successo per l\u2019Italia di domani","og_url":"https:\/\/dx-factory-unipolis-corporate-wp.ha.servizi.gr-u.it\/site\/concluso-il-quinto-festival-dello-sviluppo-sostenibile-un-successo-per-litalia-di-domani\/","og_site_name":"Unipolis","article_published_time":"2021-10-21T22:00:00+00:00","article_modified_time":"2025-12-30T08:58:21+00:00","og_image":[{"url":"https:\/\/dx-factory-unipolis-corporate-wp.ha.servizi.gr-u.it\/site\/wp-content\/uploads\/import\/PublishingImages\/Notizie\/Fss 2021.png","width":1,"height":1,"type":"image\/png"}],"author":"wsadmin","twitter_card":"summary_large_image","twitter_misc":{"Written by":"wsadmin","Est. reading time":"4 minutes"},"schema":{"@context":"https:\/\/schema.org","@graph":[{"@type":"Article","@id":"https:\/\/dx-factory-unipolis-corporate-wp.ha.servizi.gr-u.it\/site\/concluso-il-quinto-festival-dello-sviluppo-sostenibile-un-successo-per-litalia-di-domani\/#article","isPartOf":{"@id":"https:\/\/dx-factory-unipolis-corporate-wp.ha.servizi.gr-u.it\/site\/concluso-il-quinto-festival-dello-sviluppo-sostenibile-un-successo-per-litalia-di-domani\/"},"author":{"name":"wsadmin","@id":"https:\/\/www.fondazioneunipolis.org\/site\/#\/schema\/person\/43819ef7aaa5af51f1ed547eacb5e868"},"headline":"Concluso il quinto Festival dello Sviluppo Sostenibile: un successo per l\u2019Italia di domani","datePublished":"2021-10-21T22:00:00+00:00","dateModified":"2025-12-30T08:58:21+00:00","mainEntityOfPage":{"@id":"https:\/\/dx-factory-unipolis-corporate-wp.ha.servizi.gr-u.it\/site\/concluso-il-quinto-festival-dello-sviluppo-sostenibile-un-successo-per-litalia-di-domani\/"},"wordCount":616,"commentCount":0,"publisher":{"@id":"https:\/\/www.fondazioneunipolis.org\/site\/#organization"},"image":{"@id":"https:\/\/dx-factory-unipolis-corporate-wp.ha.servizi.gr-u.it\/site\/concluso-il-quinto-festival-dello-sviluppo-sostenibile-un-successo-per-litalia-di-domani\/#primaryimage"},"thumbnailUrl":"https:\/\/www.fondazioneunipolis.org\/site\/wp-content\/uploads\/import\/PublishingImages\/Notizie\/Fss 2021.png","keywords":["fss"],"articleSection":["Unipolis"],"inLanguage":"it-IT","potentialAction":[{"@type":"CommentAction","name":"Comment","target":["https:\/\/dx-factory-unipolis-corporate-wp.ha.servizi.gr-u.it\/site\/concluso-il-quinto-festival-dello-sviluppo-sostenibile-un-successo-per-litalia-di-domani\/#respond"]}]},{"@type":"WebPage","@id":"https:\/\/dx-factory-unipolis-corporate-wp.ha.servizi.gr-u.it\/site\/concluso-il-quinto-festival-dello-sviluppo-sostenibile-un-successo-per-litalia-di-domani\/","url":"https:\/\/dx-factory-unipolis-corporate-wp.ha.servizi.gr-u.it\/site\/concluso-il-quinto-festival-dello-sviluppo-sostenibile-un-successo-per-litalia-di-domani\/","name":"Concluso il quinto Festival dello Sviluppo Sostenibile: un successo per l\u2019Italia di domani - Unipolis","isPartOf":{"@id":"https:\/\/www.fondazioneunipolis.org\/site\/#website"},"primaryImageOfPage":{"@id":"https:\/\/dx-factory-unipolis-corporate-wp.ha.servizi.gr-u.it\/site\/concluso-il-quinto-festival-dello-sviluppo-sostenibile-un-successo-per-litalia-di-domani\/#primaryimage"},"image":{"@id":"https:\/\/dx-factory-unipolis-corporate-wp.ha.servizi.gr-u.it\/site\/concluso-il-quinto-festival-dello-sviluppo-sostenibile-un-successo-per-litalia-di-domani\/#primaryimage"},"thumbnailUrl":"https:\/\/www.fondazioneunipolis.org\/site\/wp-content\/uploads\/import\/PublishingImages\/Notizie\/Fss 2021.png","datePublished":"2021-10-21T22:00:00+00:00","dateModified":"2025-12-30T08:58:21+00:00","description":"Concluso il quinto Festival dello Sviluppo Sostenibile: un successo per l\u2019Italia di domani","breadcrumb":{"@id":"https:\/\/dx-factory-unipolis-corporate-wp.ha.servizi.gr-u.it\/site\/concluso-il-quinto-festival-dello-sviluppo-sostenibile-un-successo-per-litalia-di-domani\/#breadcrumb"},"inLanguage":"it-IT","potentialAction":[{"@type":"ReadAction","target":["https:\/\/dx-factory-unipolis-corporate-wp.ha.servizi.gr-u.it\/site\/concluso-il-quinto-festival-dello-sviluppo-sostenibile-un-successo-per-litalia-di-domani\/"]}]},{"@type":"ImageObject","inLanguage":"it-IT","@id":"https:\/\/dx-factory-unipolis-corporate-wp.ha.servizi.gr-u.it\/site\/concluso-il-quinto-festival-dello-sviluppo-sostenibile-un-successo-per-litalia-di-domani\/#primaryimage","url":"https:\/\/www.fondazioneunipolis.org\/site\/wp-content\/uploads\/import\/PublishingImages\/Notizie\/Fss 2021.png","contentUrl":"https:\/\/www.fondazioneunipolis.org\/site\/wp-content\/uploads\/import\/PublishingImages\/Notizie\/Fss 2021.png"},{"@type":"BreadcrumbList","@id":"https:\/\/dx-factory-unipolis-corporate-wp.ha.servizi.gr-u.it\/site\/concluso-il-quinto-festival-dello-sviluppo-sostenibile-un-successo-per-litalia-di-domani\/#breadcrumb","itemListElement":[{"@type":"ListItem","position":1,"name":"Home","item":"https:\/\/www.fondazioneunipolis.org\/site\/"},{"@type":"ListItem","position":2,"name":"Concluso il quinto Festival dello Sviluppo Sostenibile: un successo per l\u2019Italia di domani"}]},{"@type":"WebSite","@id":"https:\/\/www.fondazioneunipolis.org\/site\/#website","url":"https:\/\/www.fondazioneunipolis.org\/site\/","name":"Unipolis","description":"","publisher":{"@id":"https:\/\/www.fondazioneunipolis.org\/site\/#organization"},"potentialAction":[{"@type":"SearchAction","target":{"@type":"EntryPoint","urlTemplate":"https:\/\/www.fondazioneunipolis.org\/site\/?s={search_term_string}"},"query-input":{"@type":"PropertyValueSpecification","valueRequired":true,"valueName":"search_term_string"}}],"inLanguage":"it-IT"},{"@type":"Organization","@id":"https:\/\/www.fondazioneunipolis.org\/site\/#organization","name":"Unipolis","url":"https:\/\/www.fondazioneunipolis.org\/site\/","logo":{"@type":"ImageObject","inLanguage":"it-IT","@id":"https:\/\/www.fondazioneunipolis.org\/site\/#\/schema\/logo\/image\/","url":"https:\/\/www.fondazioneunipolis.org\/site\/wp-content\/uploads\/2025\/07\/logo-fondazione-unipolis-1.svg","contentUrl":"https:\/\/www.fondazioneunipolis.org\/site\/wp-content\/uploads\/2025\/07\/logo-fondazione-unipolis-1.svg","caption":"Unipolis"},"image":{"@id":"https:\/\/www.fondazioneunipolis.org\/site\/#\/schema\/logo\/image\/"}},{"@type":"Person","@id":"https:\/\/www.fondazioneunipolis.org\/site\/#\/schema\/person\/43819ef7aaa5af51f1ed547eacb5e868","name":"wsadmin","image":{"@type":"ImageObject","inLanguage":"it-IT","@id":"https:\/\/www.fondazioneunipolis.org\/site\/#\/schema\/person\/image\/","url":"https:\/\/secure.gravatar.com\/avatar\/6512509e9ae62b647044a2731fadcbf236f2546df7b086feb6df7aabf2ef03aa?s=96&d=mm&r=g","contentUrl":"https:\/\/secure.gravatar.com\/avatar\/6512509e9ae62b647044a2731fadcbf236f2546df7b086feb6df7aabf2ef03aa?s=96&d=mm&r=g","caption":"wsadmin"},"sameAs":["https:\/\/www.fondazioneunipolis.org\/site"],"url":"https:\/\/www.fondazioneunipolis.org\/site\/author\/wsadmin\/"}]}},"_links":{"self":[{"href":"https:\/\/www.fondazioneunipolis.org\/site\/wp-json\/wp\/v2\/posts\/2219","targetHints":{"allow":["GET"]}}],"collection":[{"href":"https:\/\/www.fondazioneunipolis.org\/site\/wp-json\/wp\/v2\/posts"}],"about":[{"href":"https:\/\/www.fondazioneunipolis.org\/site\/wp-json\/wp\/v2\/types\/post"}],"author":[{"embeddable":true,"href":"https:\/\/www.fondazioneunipolis.org\/site\/wp-json\/wp\/v2\/users\/1"}],"replies":[{"embeddable":true,"href":"https:\/\/www.fondazioneunipolis.org\/site\/wp-json\/wp\/v2\/comments?post=2219"}],"version-history":[{"count":7,"href":"https:\/\/www.fondazioneunipolis.org\/site\/wp-json\/wp\/v2\/posts\/2219\/revisions"}],"predecessor-version":[{"id":11533,"href":"https:\/\/www.fondazioneunipolis.org\/site\/wp-json\/wp\/v2\/posts\/2219\/revisions\/11533"}],"wp:featuredmedia":[{"embeddable":true,"href":"https:\/\/www.fondazioneunipolis.org\/site\/wp-json\/wp\/v2\/media\/3728"}],"wp:attachment":[{"href":"https:\/\/www.fondazioneunipolis.org\/site\/wp-json\/wp\/v2\/media?parent=2219"}],"wp:term":[{"taxonomy":"category","embeddable":true,"href":"https:\/\/www.fondazioneunipolis.org\/site\/wp-json\/wp\/v2\/categories?post=2219"},{"taxonomy":"post_tag","embeddable":true,"href":"https:\/\/www.fondazioneunipolis.org\/site\/wp-json\/wp\/v2\/tags?post=2219"}],"curies":[{"name":"wp","href":"https:\/\/api.w.org\/{rel}","templated":true}]}}