{"id":2218,"date":"2023-02-02T00:00:00","date_gmt":"2023-02-01T23:00:00","guid":{"rendered":"https:\/\/www.fondazioneunipolis.org\/site\/clean-cities-campaign-unipolis-al-fianco-di-legambiente\/"},"modified":"2025-12-30T10:07:20","modified_gmt":"2025-12-30T09:07:20","slug":"clean-cities-campaign-unipolis-al-fianco-di-legambiente","status":"publish","type":"post","link":"https:\/\/www.fondazioneunipolis.org\/site\/news\/clean-cities-campaign-unipolis-al-fianco-di-legambiente\/","title":{"rendered":"Clean Cities Campaign: Unipolis al fianco di Legambiente"},"content":{"rendered":"<div id=\"ctl00_PlaceHolderMain_ctl03__ControlWrapper_RichHtmlField\" class=\"ms-rtestate-field\" style=\"display: inline;\" aria-labelledby=\"ctl00_PlaceHolderMain_ctl03_label\">\n<p><em><strong>Al via la campagna itinerante <\/strong><\/em><em><strong>Clean Cities<\/strong><\/em><em><strong>, dal 1\u00b0 febbraio al 2 marzo tappa in <\/strong><\/em><em><strong>17 capoluoghi<\/strong><\/em><em><strong> per promuovere con forza una <\/strong><\/em><em><strong>mobilit\u00e0 urbana pi\u00f9 efficiente, sicura e pulita<\/strong><\/em><em><strong>.\u00a0<\/strong><\/em><\/p>\n<p>Torna dal 1\u00b0 febbraio al 2 marzo 2023 la campagna itinerante\u00a0<strong>Clean Cities<\/strong>\u00a0organizzata da Legambiente. L&#8217;iniziativa, realizzata nell&#8217;ambito della\u00a0<a href=\"https:\/\/cleancitiescampaign.org\/\" target=\"_blank\" rel=\"noopener\"><strong>Clean Cities Campaign<\/strong><\/a><strong>,<\/strong>\u00a0una coalizione europea di ONG e organizzazioni della societ\u00e0 civile, di cui anche Legambiente fa parte, far\u00e0 tappa in 17 citt\u00e0 italiane\u00a0<strong>per promuovere una mobilit\u00e0 sostenibile e a zero emissioni e per chiedere citt\u00e0 pi\u00f9 vivibili e pulite.<\/strong><\/p>\n<p>Risanamento della qualit\u00e0 dell&#8217;aria, mobilit\u00e0 sostenibile, trasporto pubblico elettrico, strade scolastiche, zone a zero emissione, adozione e l&#8217;implementazione dei PUMS (Piano Urbano della Mobilit\u00e0 Sostenibile) e programmi di investimento\u00a0sono le tematiche principali della campagna, che sar\u00e0 anche l&#8217;occasione per presentare\u00a0buone pratiche locali e regionali in merito ai temi trattati, ad esempio innovazione tecnologica, policies, progetti di trasformazione dello spazio, cos\u00ec come momento di confronto con l&#8217;amministrazione locale e i cittadini.<\/p>\n<p><strong>Fondazione Unipolis <\/strong>seguir\u00e0 il tour per promuovere la partecipazione al <strong><a href=\"https:\/\/www.fondazioneunipolis.org\/site\/mob\/\" target=\"_blank\" rel=\"noopener\">progetto MOB<\/a> <\/strong>tra i giovani di tutte le citt\u00e0 coinvolte.\u00a0MOB\u00a0prevede la creazione di <strong>squadre<\/strong> di\u00a0amici o\u00a0compagni di classi per competere a colpi di mobilit\u00e0 sostenibile con l&#8217;app <strong>Muv Game<\/strong>. Pi\u00f9 i giocatori si muoveranno in modo sostenibile, pi\u00f9 vinceranno <strong>premi\u00a0<\/strong>individuali\u00a0e\u00a0collettivi per le loro\u00a0comunit\u00e0.<\/p>\n<h3>Le tappe<\/h3>\n<p>Prima tappa il 1\u00b0 febbraio a Torino (1 e 2) per poi spostarsi a Genova (6 e 7 febbraio), Milano (8 e 9 febbraio), Bergamo (10 febbraio), Bari (13 e 14 febbraio), Napoli (15 febbraio), Avellino (16 febbraio), Roma (17 e 20 febbraio), Pescara (17 febbraio), Bologna (18 febbraio), Padova (22 febbraio), Perugia (23 e 24 febbraio), Trieste (25 febbraio), Palermo (25 febbraio), Catania (27 febbraio), Prato (27 e 28 febbraio) e Firenze (1 e 2 marzo).<\/p>\n<p>Durante le tappe, saranno organizzati incontri con rappresentanti delle amministrazioni locali, esperti e cittadini per discutere delle sfide legate alla mobilit\u00e0 sostenibile nei vari contesti urbani, sia iniziative di piazza come flash mob, presidi, attivit\u00e0 di bike to school.<\/p>\n<p><strong>Segui tutte le tappe di Clean Cities<\/strong>\u00a0sulle pagine\u00a0<a href=\"https:\/\/www.facebook.com\/legambientelab\" target=\"_blank\" rel=\"noopener\">Facebook<\/a>\u00a0e\u00a0<a href=\"https:\/\/www.instagram.com\/legambientelab\/\" target=\"_blank\" rel=\"noopener\">Instagram<\/a>\u00a0Legambiente Lab e\u00a0<a href=\"https:\/\/twitter.com\/GreenMobilityIT\" target=\"_blank\" rel=\"noopener\">Twitter<\/a>\u00a0GreenMobility. Hashtag ufficiali della campagna: <strong>#CleanCities #cisiamorottiipolmoni<\/strong><\/p>\n<p>\u200b<\/p>\n<\/div>\n","protected":false},"excerpt":{"rendered":"<p>Al via la campagna itinerante Clean Cities, dal 1\u00b0 febbraio al 2 marzo tappa in 17 capoluoghi per promuovere con forza una mobilit\u00e0 urbana pi\u00f9 efficiente, sicura e pulita.\u00a0 Torna dal 1\u00b0 febbraio al 2 marzo 2023 la campagna itinerante\u00a0Clean Cities\u00a0organizzata da Legambiente. L&#8217;iniziativa, realizzata nell&#8217;ambito della\u00a0Clean Cities Campaign,\u00a0una coalizione europea di ONG e organizzazioni [&hellip;]<\/p>\n","protected":false},"author":1,"featured_media":7139,"comment_status":"open","ping_status":"open","sticky":false,"template":"","format":"standard","meta":{"_acf_changed":false,"footnotes":""},"categories":[16],"tags":[645],"class_list":["post-2218","post","type-post","status-publish","format-standard","has-post-thumbnail","hentry","category-mobilita","tag-mob"],"acf":[],"yoast_head":"<!-- This site is optimized with the Yoast SEO plugin v26.1.1 - https:\/\/yoast.com\/wordpress\/plugins\/seo\/ -->\n<title>Clean Cities Campaign: Unipolis al fianco di Legambiente - Unipolis<\/title>\n<meta name=\"description\" content=\"Clean Cities Campaign: Unipolis al fianco di Legambiente\" \/>\n<meta name=\"robots\" content=\"index, follow, max-snippet:-1, max-image-preview:large, max-video-preview:-1\" \/>\n<link rel=\"canonical\" href=\"https:\/\/www.fondazioneunipolis.org\/site\/clean-cities-campaign-unipolis-al-fianco-di-legambiente\/\" \/>\n<meta property=\"og:locale\" content=\"it_IT\" \/>\n<meta property=\"og:type\" content=\"article\" \/>\n<meta property=\"og:title\" content=\"Clean Cities Campaign: Unipolis al fianco di Legambiente - Unipolis\" \/>\n<meta property=\"og:description\" content=\"Clean Cities Campaign: Unipolis al fianco di Legambiente\" \/>\n<meta property=\"og:url\" content=\"https:\/\/dx-factory-unipolis-corporate-wp.ha.servizi.gr-u.it\/site\/clean-cities-campaign-unipolis-al-fianco-di-legambiente\/\" \/>\n<meta property=\"og:site_name\" content=\"Unipolis\" \/>\n<meta property=\"article:published_time\" content=\"2023-02-01T23:00:00+00:00\" \/>\n<meta property=\"article:modified_time\" content=\"2025-12-30T09:07:20+00:00\" \/>\n<meta property=\"og:image\" content=\"https:\/\/dx-factory-unipolis-corporate-wp.ha.servizi.gr-u.it\/site\/wp-content\/uploads\/import\/PublishingImages\/ccc_legambiente_unipolis_mob.png\" \/>\n\t<meta property=\"og:image:width\" content=\"1\" \/>\n\t<meta property=\"og:image:height\" content=\"1\" \/>\n\t<meta property=\"og:image:type\" content=\"image\/png\" \/>\n<meta name=\"author\" content=\"wsadmin\" \/>\n<meta name=\"twitter:card\" content=\"summary_large_image\" \/>\n<meta name=\"twitter:label1\" content=\"Written by\" \/>\n\t<meta name=\"twitter:data1\" content=\"wsadmin\" \/>\n\t<meta name=\"twitter:label2\" content=\"Est. reading time\" \/>\n\t<meta name=\"twitter:data2\" content=\"3 minutes\" \/>\n<script type=\"application\/ld+json\" class=\"yoast-schema-graph\">{\"@context\":\"https:\/\/schema.org\",\"@graph\":[{\"@type\":\"Article\",\"@id\":\"https:\/\/dx-factory-unipolis-corporate-wp.ha.servizi.gr-u.it\/site\/clean-cities-campaign-unipolis-al-fianco-di-legambiente\/#article\",\"isPartOf\":{\"@id\":\"https:\/\/dx-factory-unipolis-corporate-wp.ha.servizi.gr-u.it\/site\/clean-cities-campaign-unipolis-al-fianco-di-legambiente\/\"},\"author\":{\"name\":\"wsadmin\",\"@id\":\"https:\/\/www.fondazioneunipolis.org\/site\/#\/schema\/person\/43819ef7aaa5af51f1ed547eacb5e868\"},\"headline\":\"Clean Cities Campaign: Unipolis al fianco di Legambiente\",\"datePublished\":\"2023-02-01T23:00:00+00:00\",\"dateModified\":\"2025-12-30T09:07:20+00:00\",\"mainEntityOfPage\":{\"@id\":\"https:\/\/dx-factory-unipolis-corporate-wp.ha.servizi.gr-u.it\/site\/clean-cities-campaign-unipolis-al-fianco-di-legambiente\/\"},\"wordCount\":347,\"commentCount\":0,\"publisher\":{\"@id\":\"https:\/\/www.fondazioneunipolis.org\/site\/#organization\"},\"image\":{\"@id\":\"https:\/\/dx-factory-unipolis-corporate-wp.ha.servizi.gr-u.it\/site\/clean-cities-campaign-unipolis-al-fianco-di-legambiente\/#primaryimage\"},\"thumbnailUrl\":\"https:\/\/www.fondazioneunipolis.org\/site\/wp-content\/uploads\/import\/PublishingImages\/ccc_legambiente_unipolis_mob.png\",\"keywords\":[\"mob\"],\"articleSection\":[\"Mobilit\u00e0\"],\"inLanguage\":\"it-IT\",\"potentialAction\":[{\"@type\":\"CommentAction\",\"name\":\"Comment\",\"target\":[\"https:\/\/dx-factory-unipolis-corporate-wp.ha.servizi.gr-u.it\/site\/clean-cities-campaign-unipolis-al-fianco-di-legambiente\/#respond\"]}]},{\"@type\":\"WebPage\",\"@id\":\"https:\/\/dx-factory-unipolis-corporate-wp.ha.servizi.gr-u.it\/site\/clean-cities-campaign-unipolis-al-fianco-di-legambiente\/\",\"url\":\"https:\/\/dx-factory-unipolis-corporate-wp.ha.servizi.gr-u.it\/site\/clean-cities-campaign-unipolis-al-fianco-di-legambiente\/\",\"name\":\"Clean Cities Campaign: Unipolis al fianco di Legambiente - Unipolis\",\"isPartOf\":{\"@id\":\"https:\/\/www.fondazioneunipolis.org\/site\/#website\"},\"primaryImageOfPage\":{\"@id\":\"https:\/\/dx-factory-unipolis-corporate-wp.ha.servizi.gr-u.it\/site\/clean-cities-campaign-unipolis-al-fianco-di-legambiente\/#primaryimage\"},\"image\":{\"@id\":\"https:\/\/dx-factory-unipolis-corporate-wp.ha.servizi.gr-u.it\/site\/clean-cities-campaign-unipolis-al-fianco-di-legambiente\/#primaryimage\"},\"thumbnailUrl\":\"https:\/\/www.fondazioneunipolis.org\/site\/wp-content\/uploads\/import\/PublishingImages\/ccc_legambiente_unipolis_mob.png\",\"datePublished\":\"2023-02-01T23:00:00+00:00\",\"dateModified\":\"2025-12-30T09:07:20+00:00\",\"description\":\"Clean Cities Campaign: Unipolis al fianco di Legambiente\",\"breadcrumb\":{\"@id\":\"https:\/\/dx-factory-unipolis-corporate-wp.ha.servizi.gr-u.it\/site\/clean-cities-campaign-unipolis-al-fianco-di-legambiente\/#breadcrumb\"},\"inLanguage\":\"it-IT\",\"potentialAction\":[{\"@type\":\"ReadAction\",\"target\":[\"https:\/\/dx-factory-unipolis-corporate-wp.ha.servizi.gr-u.it\/site\/clean-cities-campaign-unipolis-al-fianco-di-legambiente\/\"]}]},{\"@type\":\"ImageObject\",\"inLanguage\":\"it-IT\",\"@id\":\"https:\/\/dx-factory-unipolis-corporate-wp.ha.servizi.gr-u.it\/site\/clean-cities-campaign-unipolis-al-fianco-di-legambiente\/#primaryimage\",\"url\":\"https:\/\/www.fondazioneunipolis.org\/site\/wp-content\/uploads\/import\/PublishingImages\/ccc_legambiente_unipolis_mob.png\",\"contentUrl\":\"https:\/\/www.fondazioneunipolis.org\/site\/wp-content\/uploads\/import\/PublishingImages\/ccc_legambiente_unipolis_mob.png\"},{\"@type\":\"BreadcrumbList\",\"@id\":\"https:\/\/dx-factory-unipolis-corporate-wp.ha.servizi.gr-u.it\/site\/clean-cities-campaign-unipolis-al-fianco-di-legambiente\/#breadcrumb\",\"itemListElement\":[{\"@type\":\"ListItem\",\"position\":1,\"name\":\"Home\",\"item\":\"https:\/\/www.fondazioneunipolis.org\/site\/\"},{\"@type\":\"ListItem\",\"position\":2,\"name\":\"Clean Cities Campaign: Unipolis al fianco di Legambiente\"}]},{\"@type\":\"WebSite\",\"@id\":\"https:\/\/www.fondazioneunipolis.org\/site\/#website\",\"url\":\"https:\/\/www.fondazioneunipolis.org\/site\/\",\"name\":\"Unipolis\",\"description\":\"\",\"publisher\":{\"@id\":\"https:\/\/www.fondazioneunipolis.org\/site\/#organization\"},\"potentialAction\":[{\"@type\":\"SearchAction\",\"target\":{\"@type\":\"EntryPoint\",\"urlTemplate\":\"https:\/\/www.fondazioneunipolis.org\/site\/?s={search_term_string}\"},\"query-input\":{\"@type\":\"PropertyValueSpecification\",\"valueRequired\":true,\"valueName\":\"search_term_string\"}}],\"inLanguage\":\"it-IT\"},{\"@type\":\"Organization\",\"@id\":\"https:\/\/www.fondazioneunipolis.org\/site\/#organization\",\"name\":\"Unipolis\",\"url\":\"https:\/\/www.fondazioneunipolis.org\/site\/\",\"logo\":{\"@type\":\"ImageObject\",\"inLanguage\":\"it-IT\",\"@id\":\"https:\/\/www.fondazioneunipolis.org\/site\/#\/schema\/logo\/image\/\",\"url\":\"https:\/\/www.fondazioneunipolis.org\/site\/wp-content\/uploads\/2025\/07\/logo-fondazione-unipolis-1.svg\",\"contentUrl\":\"https:\/\/www.fondazioneunipolis.org\/site\/wp-content\/uploads\/2025\/07\/logo-fondazione-unipolis-1.svg\",\"caption\":\"Unipolis\"},\"image\":{\"@id\":\"https:\/\/www.fondazioneunipolis.org\/site\/#\/schema\/logo\/image\/\"}},{\"@type\":\"Person\",\"@id\":\"https:\/\/www.fondazioneunipolis.org\/site\/#\/schema\/person\/43819ef7aaa5af51f1ed547eacb5e868\",\"name\":\"wsadmin\",\"image\":{\"@type\":\"ImageObject\",\"inLanguage\":\"it-IT\",\"@id\":\"https:\/\/www.fondazioneunipolis.org\/site\/#\/schema\/person\/image\/\",\"url\":\"https:\/\/secure.gravatar.com\/avatar\/6512509e9ae62b647044a2731fadcbf236f2546df7b086feb6df7aabf2ef03aa?s=96&d=mm&r=g\",\"contentUrl\":\"https:\/\/secure.gravatar.com\/avatar\/6512509e9ae62b647044a2731fadcbf236f2546df7b086feb6df7aabf2ef03aa?s=96&d=mm&r=g\",\"caption\":\"wsadmin\"},\"sameAs\":[\"https:\/\/www.fondazioneunipolis.org\/site\"],\"url\":\"https:\/\/www.fondazioneunipolis.org\/site\/author\/wsadmin\/\"}]}<\/script>\n<!-- \/ Yoast SEO plugin. -->","yoast_head_json":{"title":"Clean Cities Campaign: Unipolis al fianco di Legambiente - Unipolis","description":"Clean Cities Campaign: Unipolis al fianco di Legambiente","robots":{"index":"index","follow":"follow","max-snippet":"max-snippet:-1","max-image-preview":"max-image-preview:large","max-video-preview":"max-video-preview:-1"},"canonical":"https:\/\/www.fondazioneunipolis.org\/site\/clean-cities-campaign-unipolis-al-fianco-di-legambiente\/","og_locale":"it_IT","og_type":"article","og_title":"Clean Cities Campaign: Unipolis al fianco di Legambiente - Unipolis","og_description":"Clean Cities Campaign: Unipolis al fianco di Legambiente","og_url":"https:\/\/dx-factory-unipolis-corporate-wp.ha.servizi.gr-u.it\/site\/clean-cities-campaign-unipolis-al-fianco-di-legambiente\/","og_site_name":"Unipolis","article_published_time":"2023-02-01T23:00:00+00:00","article_modified_time":"2025-12-30T09:07:20+00:00","og_image":[{"url":"https:\/\/dx-factory-unipolis-corporate-wp.ha.servizi.gr-u.it\/site\/wp-content\/uploads\/import\/PublishingImages\/ccc_legambiente_unipolis_mob.png","width":1,"height":1,"type":"image\/png"}],"author":"wsadmin","twitter_card":"summary_large_image","twitter_misc":{"Written by":"wsadmin","Est. reading time":"3 minutes"},"schema":{"@context":"https:\/\/schema.org","@graph":[{"@type":"Article","@id":"https:\/\/dx-factory-unipolis-corporate-wp.ha.servizi.gr-u.it\/site\/clean-cities-campaign-unipolis-al-fianco-di-legambiente\/#article","isPartOf":{"@id":"https:\/\/dx-factory-unipolis-corporate-wp.ha.servizi.gr-u.it\/site\/clean-cities-campaign-unipolis-al-fianco-di-legambiente\/"},"author":{"name":"wsadmin","@id":"https:\/\/www.fondazioneunipolis.org\/site\/#\/schema\/person\/43819ef7aaa5af51f1ed547eacb5e868"},"headline":"Clean Cities Campaign: Unipolis al fianco di Legambiente","datePublished":"2023-02-01T23:00:00+00:00","dateModified":"2025-12-30T09:07:20+00:00","mainEntityOfPage":{"@id":"https:\/\/dx-factory-unipolis-corporate-wp.ha.servizi.gr-u.it\/site\/clean-cities-campaign-unipolis-al-fianco-di-legambiente\/"},"wordCount":347,"commentCount":0,"publisher":{"@id":"https:\/\/www.fondazioneunipolis.org\/site\/#organization"},"image":{"@id":"https:\/\/dx-factory-unipolis-corporate-wp.ha.servizi.gr-u.it\/site\/clean-cities-campaign-unipolis-al-fianco-di-legambiente\/#primaryimage"},"thumbnailUrl":"https:\/\/www.fondazioneunipolis.org\/site\/wp-content\/uploads\/import\/PublishingImages\/ccc_legambiente_unipolis_mob.png","keywords":["mob"],"articleSection":["Mobilit\u00e0"],"inLanguage":"it-IT","potentialAction":[{"@type":"CommentAction","name":"Comment","target":["https:\/\/dx-factory-unipolis-corporate-wp.ha.servizi.gr-u.it\/site\/clean-cities-campaign-unipolis-al-fianco-di-legambiente\/#respond"]}]},{"@type":"WebPage","@id":"https:\/\/dx-factory-unipolis-corporate-wp.ha.servizi.gr-u.it\/site\/clean-cities-campaign-unipolis-al-fianco-di-legambiente\/","url":"https:\/\/dx-factory-unipolis-corporate-wp.ha.servizi.gr-u.it\/site\/clean-cities-campaign-unipolis-al-fianco-di-legambiente\/","name":"Clean Cities Campaign: Unipolis al fianco di Legambiente - Unipolis","isPartOf":{"@id":"https:\/\/www.fondazioneunipolis.org\/site\/#website"},"primaryImageOfPage":{"@id":"https:\/\/dx-factory-unipolis-corporate-wp.ha.servizi.gr-u.it\/site\/clean-cities-campaign-unipolis-al-fianco-di-legambiente\/#primaryimage"},"image":{"@id":"https:\/\/dx-factory-unipolis-corporate-wp.ha.servizi.gr-u.it\/site\/clean-cities-campaign-unipolis-al-fianco-di-legambiente\/#primaryimage"},"thumbnailUrl":"https:\/\/www.fondazioneunipolis.org\/site\/wp-content\/uploads\/import\/PublishingImages\/ccc_legambiente_unipolis_mob.png","datePublished":"2023-02-01T23:00:00+00:00","dateModified":"2025-12-30T09:07:20+00:00","description":"Clean Cities Campaign: Unipolis al fianco di Legambiente","breadcrumb":{"@id":"https:\/\/dx-factory-unipolis-corporate-wp.ha.servizi.gr-u.it\/site\/clean-cities-campaign-unipolis-al-fianco-di-legambiente\/#breadcrumb"},"inLanguage":"it-IT","potentialAction":[{"@type":"ReadAction","target":["https:\/\/dx-factory-unipolis-corporate-wp.ha.servizi.gr-u.it\/site\/clean-cities-campaign-unipolis-al-fianco-di-legambiente\/"]}]},{"@type":"ImageObject","inLanguage":"it-IT","@id":"https:\/\/dx-factory-unipolis-corporate-wp.ha.servizi.gr-u.it\/site\/clean-cities-campaign-unipolis-al-fianco-di-legambiente\/#primaryimage","url":"https:\/\/www.fondazioneunipolis.org\/site\/wp-content\/uploads\/import\/PublishingImages\/ccc_legambiente_unipolis_mob.png","contentUrl":"https:\/\/www.fondazioneunipolis.org\/site\/wp-content\/uploads\/import\/PublishingImages\/ccc_legambiente_unipolis_mob.png"},{"@type":"BreadcrumbList","@id":"https:\/\/dx-factory-unipolis-corporate-wp.ha.servizi.gr-u.it\/site\/clean-cities-campaign-unipolis-al-fianco-di-legambiente\/#breadcrumb","itemListElement":[{"@type":"ListItem","position":1,"name":"Home","item":"https:\/\/www.fondazioneunipolis.org\/site\/"},{"@type":"ListItem","position":2,"name":"Clean Cities Campaign: Unipolis al fianco di Legambiente"}]},{"@type":"WebSite","@id":"https:\/\/www.fondazioneunipolis.org\/site\/#website","url":"https:\/\/www.fondazioneunipolis.org\/site\/","name":"Unipolis","description":"","publisher":{"@id":"https:\/\/www.fondazioneunipolis.org\/site\/#organization"},"potentialAction":[{"@type":"SearchAction","target":{"@type":"EntryPoint","urlTemplate":"https:\/\/www.fondazioneunipolis.org\/site\/?s={search_term_string}"},"query-input":{"@type":"PropertyValueSpecification","valueRequired":true,"valueName":"search_term_string"}}],"inLanguage":"it-IT"},{"@type":"Organization","@id":"https:\/\/www.fondazioneunipolis.org\/site\/#organization","name":"Unipolis","url":"https:\/\/www.fondazioneunipolis.org\/site\/","logo":{"@type":"ImageObject","inLanguage":"it-IT","@id":"https:\/\/www.fondazioneunipolis.org\/site\/#\/schema\/logo\/image\/","url":"https:\/\/www.fondazioneunipolis.org\/site\/wp-content\/uploads\/2025\/07\/logo-fondazione-unipolis-1.svg","contentUrl":"https:\/\/www.fondazioneunipolis.org\/site\/wp-content\/uploads\/2025\/07\/logo-fondazione-unipolis-1.svg","caption":"Unipolis"},"image":{"@id":"https:\/\/www.fondazioneunipolis.org\/site\/#\/schema\/logo\/image\/"}},{"@type":"Person","@id":"https:\/\/www.fondazioneunipolis.org\/site\/#\/schema\/person\/43819ef7aaa5af51f1ed547eacb5e868","name":"wsadmin","image":{"@type":"ImageObject","inLanguage":"it-IT","@id":"https:\/\/www.fondazioneunipolis.org\/site\/#\/schema\/person\/image\/","url":"https:\/\/secure.gravatar.com\/avatar\/6512509e9ae62b647044a2731fadcbf236f2546df7b086feb6df7aabf2ef03aa?s=96&d=mm&r=g","contentUrl":"https:\/\/secure.gravatar.com\/avatar\/6512509e9ae62b647044a2731fadcbf236f2546df7b086feb6df7aabf2ef03aa?s=96&d=mm&r=g","caption":"wsadmin"},"sameAs":["https:\/\/www.fondazioneunipolis.org\/site"],"url":"https:\/\/www.fondazioneunipolis.org\/site\/author\/wsadmin\/"}]}},"_links":{"self":[{"href":"https:\/\/www.fondazioneunipolis.org\/site\/wp-json\/wp\/v2\/posts\/2218","targetHints":{"allow":["GET"]}}],"collection":[{"href":"https:\/\/www.fondazioneunipolis.org\/site\/wp-json\/wp\/v2\/posts"}],"about":[{"href":"https:\/\/www.fondazioneunipolis.org\/site\/wp-json\/wp\/v2\/types\/post"}],"author":[{"embeddable":true,"href":"https:\/\/www.fondazioneunipolis.org\/site\/wp-json\/wp\/v2\/users\/1"}],"replies":[{"embeddable":true,"href":"https:\/\/www.fondazioneunipolis.org\/site\/wp-json\/wp\/v2\/comments?post=2218"}],"version-history":[{"count":11,"href":"https:\/\/www.fondazioneunipolis.org\/site\/wp-json\/wp\/v2\/posts\/2218\/revisions"}],"predecessor-version":[{"id":11540,"href":"https:\/\/www.fondazioneunipolis.org\/site\/wp-json\/wp\/v2\/posts\/2218\/revisions\/11540"}],"wp:featuredmedia":[{"embeddable":true,"href":"https:\/\/www.fondazioneunipolis.org\/site\/wp-json\/wp\/v2\/media\/7139"}],"wp:attachment":[{"href":"https:\/\/www.fondazioneunipolis.org\/site\/wp-json\/wp\/v2\/media?parent=2218"}],"wp:term":[{"taxonomy":"category","embeddable":true,"href":"https:\/\/www.fondazioneunipolis.org\/site\/wp-json\/wp\/v2\/categories?post=2218"},{"taxonomy":"post_tag","embeddable":true,"href":"https:\/\/www.fondazioneunipolis.org\/site\/wp-json\/wp\/v2\/tags?post=2218"}],"curies":[{"name":"wp","href":"https:\/\/api.w.org\/{rel}","templated":true}]}}