{"id":2217,"date":"2023-09-26T00:00:00","date_gmt":"2023-09-25T22:00:00","guid":{"rendered":"https:\/\/www.fondazioneunipolis.org\/site\/city-flows-verso-un-futuro-di-multi-mobilita\/"},"modified":"2025-12-15T16:05:34","modified_gmt":"2025-12-15T15:05:34","slug":"city-flows-verso-un-futuro-di-multi-mobilita","status":"publish","type":"post","link":"https:\/\/www.fondazioneunipolis.org\/site\/news\/city-flows-verso-un-futuro-di-multi-mobilita\/","title":{"rendered":"City Flows 2023"},"content":{"rendered":"\n<p><\/p>\n\n\n<div id=\"ctl00_PlaceHolderMain_ctl03__ControlWrapper_RichHtmlField\" class=\"ms-rtestate-field\" style=\"display: inline;\" aria-labelledby=\"ctl00_PlaceHolderMain_ctl03_label\">\n<p>Si \u00e8 svolto il 21 settembre a Siracusa <strong>CITY FLOWS<\/strong>, organizzato da Unipolis ed ETSC in collaborazione con UnipolSai, AUA &#8211; Agenti UnipolSai Associati\u00a0e con il patrocinio del Comune di Siracusa e della Polizia di Stato.<\/p>\n<p>A City Flows, evento nel calendario degli appuntamenti dell&#8217;<em>European Mobility Week<\/em> 2023, si \u00e8 voluto incoraggiare un <strong>approccio multimodale e integrato ai trasporti<\/strong> raccogliendo e connettendo idee e buone pratiche attraverso il contributo di <strong>esperti internazionali<\/strong>.<\/p>\n<p><em>&#8220;Partendo dal confronto e dall&#8217;integrazione di esperienze, conoscenze e competenze<\/em> \u2013 afferma <strong>Marisa Parmigiani<\/strong>, <strong>Direttrice di Fondazione Unipolis<\/strong>, <em>abbiamo voluto supportare una riflessione il pi\u00f9 possibile orientata all&#8217;innovazione dei nostri ecosistemi di mobilit\u00e0. A City Flows \u00e8 emersa l&#8217;esigenza di fare sistema per cambiare il\u00a0linguaggio, la\u00a0raffigurazione e la cultura stessa relativa ai processi di mobilit\u00e0. Le evoluzioni lessicali raccontate portano con s\u00e9 de\u200bi veri e propri processi di trasformazione cognitiva e &#8211;\u00a0quindi &#8211;\u00a0decisionale<\/em><em>&#8220;. \u200b<\/em>\u200b<\/p>\n<h3 style=\"text-align: center;\"><\/h3>\n<h3 style=\"text-align: center;\"><\/h3>\n<h3 style=\"text-align: center;\">GLI INTERVENTI<\/h3>\n<p style=\"text-align: center;\"><strong>\u00a0<\/strong><\/p>\n<ul>\n<li><strong>Apertura lavori<\/strong><br \/>\nSalvatore Lauria |<em> UnipolSai Siracusa<br \/>\n<\/em><a style=\"background-color: #f8f8f8;\" href=\"https:\/\/www.youtube.com\/watch?v=i9rujL8SpuQ&amp;t=2020s\" target=\"_blank\" rel=\"noopener\">Video<\/a><\/li>\n<\/ul>\n<ul>\n<li><strong>\u200bSaluti istituzionali<\/strong><br \/>\nFrancesco Italia | <em>Sindaco di Siracusa<\/em><br \/>\n<a href=\"https:\/\/www.youtube.com\/watch?v=i9rujL8SpuQ&amp;t=2520s\" target=\"_blank\" rel=\"noopener\">Video<\/a><\/li>\n<li><strong>Una partnership globale per la sicurezza stradale nel mondo<\/strong><br \/>\nVeronique Rondeau | <em>Responsabile Programmi e Partnership \u2013 UNRSF<\/em><br \/>\n\u200b<a href=\"https:\/\/www.youtube.com\/watch?v=i9rujL8SpuQ&amp;t=2865s\" target=\"_blank\" rel=\"noopener\">Video<\/a><\/li>\n<li><strong>Lo stato della sicurezza stradale nelle citt\u00e0 europee<\/strong><br \/>\nAntonio Avenoso | <em>Direttore European Transport Safety Council<\/em><br \/>\n<a href=\"https:\/\/www.youtube.com\/watch?v=i9rujL8SpuQ&amp;t=3865s\" target=\"_blank\" rel=\"noopener\">Video<\/a> \u2013 <a href=\"https:\/\/www.fondazioneunipolis.org\/site\/wp-content\/uploads\/import\/Documents\/Antonio%20Avenoso%20City%20Flows%200923.pptx\">Slide<\/a><\/li>\n<li><strong>Case study 1<\/strong><br \/>\nLaurence Willemse | <em>Ministero della mobilit\u00e0, lavori pubblici e sicurezza \u2013 Bruxelles<\/em><br \/>\n<a href=\"https:\/\/www.youtube.com\/watch?v=i9rujL8SpuQ&amp;t=4904s\">Video<\/a> \u2013 <a href=\"https:\/\/www.fondazioneunipolis.org\/site\/wp-content\/uploads\/import\/Documents\/Laurence%20Willemse.pdf\" target=\"_blank\" rel=\"noopener\">Slide<\/a><br \/>\n<strong>\u00a0<\/strong><\/li>\n<li><strong>Case study 2<\/strong><br \/>\nEddy Klynen | <em>Direttore Flemish Foundation for Traffic Knowledge<\/em><br \/>\n<a href=\"https:\/\/www.youtube.com\/watch?v=i9rujL8SpuQ&amp;t=5723s\" target=\"_blank\" rel=\"noopener\">Video<\/a> \u2013 <a href=\"https:\/\/www.fondazioneunipolis.org\/site\/wp-content\/uploads\/import\/Documents\/Eddy%20Klynen.pdf\" target=\"_blank\" rel=\"noopener\">Slide<\/a><br \/>\n<strong>\u00a0<\/strong><\/li>\n<li><strong>MaaS: la rivoluzione della mobilit\u00e0 urbana<\/strong><br \/>\nSampo Hietanen | <em>CEO MaaS Global<\/em><br \/>\n<a href=\"https:\/\/www.youtube.com\/watch?v=i9rujL8SpuQ&amp;t=6900s\">Video<\/a> \u2013 <a href=\"https:\/\/www.fondazioneunipolis.org\/site\/wp-content\/uploads\/import\/Documents\/Hietanen%20Cityflow%20200923.pptx\" target=\"_blank\" rel=\"noopener\">Slide<\/a><br \/>\n<strong>\u00a0<\/strong><\/li>\n<li><strong>L&#8217;opportunit\u00e0 del MaaS in Italia<\/strong><br \/>\nPaola Carrea | <em>General Manager UnipolTech<\/em><br \/>\n<a href=\"https:\/\/www.youtube.com\/watch?v=i9rujL8SpuQ&amp;t=7994s\" target=\"_blank\" rel=\"noopener\">Video<\/a><\/li>\n<li><strong>Polizia Stradale: ieri, oggi e domani<\/strong><br \/>\nFiliberto Mastrapasqua | <em>Direttore Servizio Polizia Stradale<\/em><br \/>\n<a href=\"https:\/\/www.youtube.com\/watch?v=i9rujL8SpuQ&amp;t=9238s\" target=\"_blank\" rel=\"noopener\">Video<\/a> \u2013 <a href=\"https:\/\/www.fondazioneunipolis.org\/site\/wp-content\/uploads\/import\/Documents\/MASTRAPASQUA%20Presentazione%20Siracusa%20ver.%203.pptx\" target=\"_blank\" rel=\"noopener\">Slide<\/a><br \/>\n<strong>\u00a0<\/strong><\/li>\n<li><strong>Riqualificazione e ammodernamento viabilit\u00e0 Anas in Sicilia &#8211; Nuove Opere, Manutenzione Programmata, Smart Road<\/strong><br \/>\nRaffaele Celia | <em>Responsabile Struttura Territoriale Anas Sicilia<\/em><br \/>\n<a href=\"https:\/\/www.youtube.com\/watch?v=i9rujL8SpuQ&amp;t=10740s\" target=\"_blank\" rel=\"noopener\">Video<\/a> \u2013 <a href=\"https:\/\/www.fondazioneunipolis.org\/site\/wp-content\/uploads\/import\/Documents\/Raffaele%20Celia.pptx\" target=\"_blank\" rel=\"noopener\">Slide<\/a><br \/>\n<strong>\u00a0<\/strong><\/li>\n<li><strong>L&#8217;Italia nella sfida globale<\/strong><br \/>\nSalvatore Deidda | <em>Presidente Commissione Trasporti, Poste e Telecomunicazioni Camera dei deputati<\/em><br \/>\n<a href=\"https:\/\/www.youtube.com\/watch?v=i9rujL8SpuQ&amp;t=12139s\" target=\"_blank\" rel=\"noopener\">Video<\/a><\/li>\n<li><strong>Il multiforme e complesso rapporto tra mobilit\u00e0 e urbanistica<\/strong><br \/>\nMaurizio Tira | <em>Docente di Tecnica e Pianificazione Urbanistica &#8211; Universit\u00e0 di Brescia<\/em><br \/>\n<a href=\"https:\/\/www.youtube.com\/watch?v=i9rujL8SpuQ&amp;t=12724s\" target=\"_blank\" rel=\"noopener\">Video<\/a> \u2013 <a href=\"https:\/\/www.fondazioneunipolis.org\/site\/wp-content\/uploads\/import\/Documents\/Maurizio%20Tira.pptx\" target=\"_blank\" rel=\"noopener\">Slide<\/a><br \/>\n<strong>\u00a0<\/strong><\/li>\n<li><strong>La digitalizzazione della mobilit\u00e0 per favorire l&#8217;inclusione sociale<\/strong><br \/>\nGiuseppe Inturri | <em>Docente di Ingegneria dei Trasporti Sostenibili e Gestione dei sistemi di Trasporto &#8211; Universit\u00e0 di Catania<\/em><br \/>\n<a href=\"https:\/\/www.youtube.com\/watch?v=i9rujL8SpuQ&amp;t=14051s\" target=\"_blank\" rel=\"noopener\">Video<\/a> \u2013 <a href=\"https:\/\/www.fondazioneunipolis.org\/site\/wp-content\/uploads\/import\/Documents\/Giuseppe%20Inturri.pdf\" target=\"_blank\" rel=\"noopener\">Slide<\/a><br \/>\n<strong>\u00a0<\/strong><\/li>\n<li><strong>Conclusioni<\/strong><br \/>\nMarisa Parmigiani | <em>Direttrice Fondazione Unipolis<\/em><br \/>\n<a href=\"https:\/\/www.youtube.com\/watch?v=i9rujL8SpuQ&amp;t=15153s\" target=\"_blank\" rel=\"noopener\">Vide\u200b\u200b\u200bo<\/a><\/li>\n<\/ul>\n<\/div>","protected":false},"excerpt":{"rendered":"<p>Si \u00e8 svolto il 21 settembre a Siracusa CITY FLOWS, organizzato da Unipolis ed ETSC in collaborazione con UnipolSai, AUA &#8211; Agenti UnipolSai Associati\u00a0e con il patrocinio del Comune di Siracusa e della Polizia di Stato. A City Flows, evento nel calendario degli appuntamenti dell&#8217;European Mobility Week 2023, si \u00e8 voluto incoraggiare un approccio multimodale [&hellip;]<\/p>\n","protected":false},"author":1,"featured_media":10863,"comment_status":"open","ping_status":"open","sticky":false,"template":"","format":"standard","meta":{"_acf_changed":false,"footnotes":""},"categories":[16],"tags":[673],"class_list":["post-2217","post","type-post","status-publish","format-standard","has-post-thumbnail","hentry","category-mobilita","tag-cityflows"],"acf":[],"yoast_head":"<!-- This site is optimized with the Yoast SEO plugin v26.1.1 - https:\/\/yoast.com\/wordpress\/plugins\/seo\/ -->\n<title>City Flows 2023 - Unipolis<\/title>\n<meta name=\"description\" content=\"City Flows: verso un futuro di multi-mobilit\u00e0\" \/>\n<meta name=\"robots\" content=\"index, follow, max-snippet:-1, max-image-preview:large, max-video-preview:-1\" \/>\n<link rel=\"canonical\" href=\"https:\/\/www.fondazioneunipolis.org\/site\/city-flows-verso-un-futuro-di-multi-mobilita\/\" \/>\n<meta property=\"og:locale\" content=\"it_IT\" \/>\n<meta property=\"og:type\" content=\"article\" \/>\n<meta property=\"og:title\" content=\"City Flows 2023 - Unipolis\" \/>\n<meta property=\"og:description\" content=\"City Flows: verso un futuro di multi-mobilit\u00e0\" \/>\n<meta property=\"og:url\" content=\"https:\/\/dx-factory-unipolis-corporate-wp.ha.servizi.gr-u.it\/site\/city-flows-verso-un-futuro-di-multi-mobilita\/\" \/>\n<meta property=\"og:site_name\" content=\"Unipolis\" \/>\n<meta property=\"article:published_time\" content=\"2023-09-25T22:00:00+00:00\" \/>\n<meta property=\"article:modified_time\" content=\"2025-12-15T15:05:34+00:00\" \/>\n<meta property=\"og:image\" content=\"https:\/\/dx-factory-unipolis-corporate-wp.ha.servizi.gr-u.it\/site\/wp-content\/uploads\/2023\/09\/city-flows-2023_hero_new-scaled.jpeg\" \/>\n\t<meta property=\"og:image:width\" content=\"2560\" \/>\n\t<meta property=\"og:image:height\" content=\"1920\" \/>\n\t<meta property=\"og:image:type\" content=\"image\/jpeg\" \/>\n<meta name=\"author\" content=\"wsadmin\" \/>\n<meta name=\"twitter:card\" content=\"summary_large_image\" \/>\n<meta name=\"twitter:label1\" content=\"Written by\" \/>\n\t<meta name=\"twitter:data1\" content=\"wsadmin\" \/>\n\t<meta name=\"twitter:label2\" content=\"Est. reading time\" \/>\n\t<meta name=\"twitter:data2\" content=\"3 minutes\" \/>\n<script type=\"application\/ld+json\" class=\"yoast-schema-graph\">{\"@context\":\"https:\/\/schema.org\",\"@graph\":[{\"@type\":\"Article\",\"@id\":\"https:\/\/dx-factory-unipolis-corporate-wp.ha.servizi.gr-u.it\/site\/city-flows-verso-un-futuro-di-multi-mobilita\/#article\",\"isPartOf\":{\"@id\":\"https:\/\/dx-factory-unipolis-corporate-wp.ha.servizi.gr-u.it\/site\/city-flows-verso-un-futuro-di-multi-mobilita\/\"},\"author\":{\"name\":\"wsadmin\",\"@id\":\"https:\/\/www.fondazioneunipolis.org\/site\/#\/schema\/person\/43819ef7aaa5af51f1ed547eacb5e868\"},\"headline\":\"City Flows 2023\",\"datePublished\":\"2023-09-25T22:00:00+00:00\",\"dateModified\":\"2025-12-15T15:05:34+00:00\",\"mainEntityOfPage\":{\"@id\":\"https:\/\/dx-factory-unipolis-corporate-wp.ha.servizi.gr-u.it\/site\/city-flows-verso-un-futuro-di-multi-mobilita\/\"},\"wordCount\":367,\"commentCount\":0,\"publisher\":{\"@id\":\"https:\/\/www.fondazioneunipolis.org\/site\/#organization\"},\"image\":{\"@id\":\"https:\/\/dx-factory-unipolis-corporate-wp.ha.servizi.gr-u.it\/site\/city-flows-verso-un-futuro-di-multi-mobilita\/#primaryimage\"},\"thumbnailUrl\":\"https:\/\/www.fondazioneunipolis.org\/site\/wp-content\/uploads\/2023\/09\/city-flows-2023_hero_new-scaled.jpeg\",\"keywords\":[\"cityflows\"],\"articleSection\":[\"Mobilit\u00e0\"],\"inLanguage\":\"it-IT\",\"potentialAction\":[{\"@type\":\"CommentAction\",\"name\":\"Comment\",\"target\":[\"https:\/\/dx-factory-unipolis-corporate-wp.ha.servizi.gr-u.it\/site\/city-flows-verso-un-futuro-di-multi-mobilita\/#respond\"]}]},{\"@type\":\"WebPage\",\"@id\":\"https:\/\/dx-factory-unipolis-corporate-wp.ha.servizi.gr-u.it\/site\/city-flows-verso-un-futuro-di-multi-mobilita\/\",\"url\":\"https:\/\/dx-factory-unipolis-corporate-wp.ha.servizi.gr-u.it\/site\/city-flows-verso-un-futuro-di-multi-mobilita\/\",\"name\":\"City Flows 2023 - Unipolis\",\"isPartOf\":{\"@id\":\"https:\/\/www.fondazioneunipolis.org\/site\/#website\"},\"primaryImageOfPage\":{\"@id\":\"https:\/\/dx-factory-unipolis-corporate-wp.ha.servizi.gr-u.it\/site\/city-flows-verso-un-futuro-di-multi-mobilita\/#primaryimage\"},\"image\":{\"@id\":\"https:\/\/dx-factory-unipolis-corporate-wp.ha.servizi.gr-u.it\/site\/city-flows-verso-un-futuro-di-multi-mobilita\/#primaryimage\"},\"thumbnailUrl\":\"https:\/\/www.fondazioneunipolis.org\/site\/wp-content\/uploads\/2023\/09\/city-flows-2023_hero_new-scaled.jpeg\",\"datePublished\":\"2023-09-25T22:00:00+00:00\",\"dateModified\":\"2025-12-15T15:05:34+00:00\",\"description\":\"City Flows: verso un futuro di multi-mobilit\u00e0\",\"breadcrumb\":{\"@id\":\"https:\/\/dx-factory-unipolis-corporate-wp.ha.servizi.gr-u.it\/site\/city-flows-verso-un-futuro-di-multi-mobilita\/#breadcrumb\"},\"inLanguage\":\"it-IT\",\"potentialAction\":[{\"@type\":\"ReadAction\",\"target\":[\"https:\/\/dx-factory-unipolis-corporate-wp.ha.servizi.gr-u.it\/site\/city-flows-verso-un-futuro-di-multi-mobilita\/\"]}]},{\"@type\":\"ImageObject\",\"inLanguage\":\"it-IT\",\"@id\":\"https:\/\/dx-factory-unipolis-corporate-wp.ha.servizi.gr-u.it\/site\/city-flows-verso-un-futuro-di-multi-mobilita\/#primaryimage\",\"url\":\"https:\/\/www.fondazioneunipolis.org\/site\/wp-content\/uploads\/2023\/09\/city-flows-2023_hero_new-scaled.jpeg\",\"contentUrl\":\"https:\/\/www.fondazioneunipolis.org\/site\/wp-content\/uploads\/2023\/09\/city-flows-2023_hero_new-scaled.jpeg\",\"width\":2560,\"height\":1920},{\"@type\":\"BreadcrumbList\",\"@id\":\"https:\/\/dx-factory-unipolis-corporate-wp.ha.servizi.gr-u.it\/site\/city-flows-verso-un-futuro-di-multi-mobilita\/#breadcrumb\",\"itemListElement\":[{\"@type\":\"ListItem\",\"position\":1,\"name\":\"Home\",\"item\":\"https:\/\/www.fondazioneunipolis.org\/site\/\"},{\"@type\":\"ListItem\",\"position\":2,\"name\":\"City Flows 2023\"}]},{\"@type\":\"WebSite\",\"@id\":\"https:\/\/www.fondazioneunipolis.org\/site\/#website\",\"url\":\"https:\/\/www.fondazioneunipolis.org\/site\/\",\"name\":\"Unipolis\",\"description\":\"\",\"publisher\":{\"@id\":\"https:\/\/www.fondazioneunipolis.org\/site\/#organization\"},\"potentialAction\":[{\"@type\":\"SearchAction\",\"target\":{\"@type\":\"EntryPoint\",\"urlTemplate\":\"https:\/\/www.fondazioneunipolis.org\/site\/?s={search_term_string}\"},\"query-input\":{\"@type\":\"PropertyValueSpecification\",\"valueRequired\":true,\"valueName\":\"search_term_string\"}}],\"inLanguage\":\"it-IT\"},{\"@type\":\"Organization\",\"@id\":\"https:\/\/www.fondazioneunipolis.org\/site\/#organization\",\"name\":\"Unipolis\",\"url\":\"https:\/\/www.fondazioneunipolis.org\/site\/\",\"logo\":{\"@type\":\"ImageObject\",\"inLanguage\":\"it-IT\",\"@id\":\"https:\/\/www.fondazioneunipolis.org\/site\/#\/schema\/logo\/image\/\",\"url\":\"https:\/\/www.fondazioneunipolis.org\/site\/wp-content\/uploads\/2025\/07\/logo-fondazione-unipolis-1.svg\",\"contentUrl\":\"https:\/\/www.fondazioneunipolis.org\/site\/wp-content\/uploads\/2025\/07\/logo-fondazione-unipolis-1.svg\",\"caption\":\"Unipolis\"},\"image\":{\"@id\":\"https:\/\/www.fondazioneunipolis.org\/site\/#\/schema\/logo\/image\/\"}},{\"@type\":\"Person\",\"@id\":\"https:\/\/www.fondazioneunipolis.org\/site\/#\/schema\/person\/43819ef7aaa5af51f1ed547eacb5e868\",\"name\":\"wsadmin\",\"image\":{\"@type\":\"ImageObject\",\"inLanguage\":\"it-IT\",\"@id\":\"https:\/\/www.fondazioneunipolis.org\/site\/#\/schema\/person\/image\/\",\"url\":\"https:\/\/secure.gravatar.com\/avatar\/6512509e9ae62b647044a2731fadcbf236f2546df7b086feb6df7aabf2ef03aa?s=96&d=mm&r=g\",\"contentUrl\":\"https:\/\/secure.gravatar.com\/avatar\/6512509e9ae62b647044a2731fadcbf236f2546df7b086feb6df7aabf2ef03aa?s=96&d=mm&r=g\",\"caption\":\"wsadmin\"},\"sameAs\":[\"https:\/\/www.fondazioneunipolis.org\/site\"],\"url\":\"https:\/\/www.fondazioneunipolis.org\/site\/author\/wsadmin\/\"}]}<\/script>\n<!-- \/ Yoast SEO plugin. -->","yoast_head_json":{"title":"City Flows 2023 - Unipolis","description":"City Flows: verso un futuro di multi-mobilit\u00e0","robots":{"index":"index","follow":"follow","max-snippet":"max-snippet:-1","max-image-preview":"max-image-preview:large","max-video-preview":"max-video-preview:-1"},"canonical":"https:\/\/www.fondazioneunipolis.org\/site\/city-flows-verso-un-futuro-di-multi-mobilita\/","og_locale":"it_IT","og_type":"article","og_title":"City Flows 2023 - Unipolis","og_description":"City Flows: verso un futuro di multi-mobilit\u00e0","og_url":"https:\/\/dx-factory-unipolis-corporate-wp.ha.servizi.gr-u.it\/site\/city-flows-verso-un-futuro-di-multi-mobilita\/","og_site_name":"Unipolis","article_published_time":"2023-09-25T22:00:00+00:00","article_modified_time":"2025-12-15T15:05:34+00:00","og_image":[{"width":2560,"height":1920,"url":"https:\/\/dx-factory-unipolis-corporate-wp.ha.servizi.gr-u.it\/site\/wp-content\/uploads\/2023\/09\/city-flows-2023_hero_new-scaled.jpeg","type":"image\/jpeg"}],"author":"wsadmin","twitter_card":"summary_large_image","twitter_misc":{"Written by":"wsadmin","Est. reading time":"3 minutes"},"schema":{"@context":"https:\/\/schema.org","@graph":[{"@type":"Article","@id":"https:\/\/dx-factory-unipolis-corporate-wp.ha.servizi.gr-u.it\/site\/city-flows-verso-un-futuro-di-multi-mobilita\/#article","isPartOf":{"@id":"https:\/\/dx-factory-unipolis-corporate-wp.ha.servizi.gr-u.it\/site\/city-flows-verso-un-futuro-di-multi-mobilita\/"},"author":{"name":"wsadmin","@id":"https:\/\/www.fondazioneunipolis.org\/site\/#\/schema\/person\/43819ef7aaa5af51f1ed547eacb5e868"},"headline":"City Flows 2023","datePublished":"2023-09-25T22:00:00+00:00","dateModified":"2025-12-15T15:05:34+00:00","mainEntityOfPage":{"@id":"https:\/\/dx-factory-unipolis-corporate-wp.ha.servizi.gr-u.it\/site\/city-flows-verso-un-futuro-di-multi-mobilita\/"},"wordCount":367,"commentCount":0,"publisher":{"@id":"https:\/\/www.fondazioneunipolis.org\/site\/#organization"},"image":{"@id":"https:\/\/dx-factory-unipolis-corporate-wp.ha.servizi.gr-u.it\/site\/city-flows-verso-un-futuro-di-multi-mobilita\/#primaryimage"},"thumbnailUrl":"https:\/\/www.fondazioneunipolis.org\/site\/wp-content\/uploads\/2023\/09\/city-flows-2023_hero_new-scaled.jpeg","keywords":["cityflows"],"articleSection":["Mobilit\u00e0"],"inLanguage":"it-IT","potentialAction":[{"@type":"CommentAction","name":"Comment","target":["https:\/\/dx-factory-unipolis-corporate-wp.ha.servizi.gr-u.it\/site\/city-flows-verso-un-futuro-di-multi-mobilita\/#respond"]}]},{"@type":"WebPage","@id":"https:\/\/dx-factory-unipolis-corporate-wp.ha.servizi.gr-u.it\/site\/city-flows-verso-un-futuro-di-multi-mobilita\/","url":"https:\/\/dx-factory-unipolis-corporate-wp.ha.servizi.gr-u.it\/site\/city-flows-verso-un-futuro-di-multi-mobilita\/","name":"City Flows 2023 - Unipolis","isPartOf":{"@id":"https:\/\/www.fondazioneunipolis.org\/site\/#website"},"primaryImageOfPage":{"@id":"https:\/\/dx-factory-unipolis-corporate-wp.ha.servizi.gr-u.it\/site\/city-flows-verso-un-futuro-di-multi-mobilita\/#primaryimage"},"image":{"@id":"https:\/\/dx-factory-unipolis-corporate-wp.ha.servizi.gr-u.it\/site\/city-flows-verso-un-futuro-di-multi-mobilita\/#primaryimage"},"thumbnailUrl":"https:\/\/www.fondazioneunipolis.org\/site\/wp-content\/uploads\/2023\/09\/city-flows-2023_hero_new-scaled.jpeg","datePublished":"2023-09-25T22:00:00+00:00","dateModified":"2025-12-15T15:05:34+00:00","description":"City Flows: verso un futuro di multi-mobilit\u00e0","breadcrumb":{"@id":"https:\/\/dx-factory-unipolis-corporate-wp.ha.servizi.gr-u.it\/site\/city-flows-verso-un-futuro-di-multi-mobilita\/#breadcrumb"},"inLanguage":"it-IT","potentialAction":[{"@type":"ReadAction","target":["https:\/\/dx-factory-unipolis-corporate-wp.ha.servizi.gr-u.it\/site\/city-flows-verso-un-futuro-di-multi-mobilita\/"]}]},{"@type":"ImageObject","inLanguage":"it-IT","@id":"https:\/\/dx-factory-unipolis-corporate-wp.ha.servizi.gr-u.it\/site\/city-flows-verso-un-futuro-di-multi-mobilita\/#primaryimage","url":"https:\/\/www.fondazioneunipolis.org\/site\/wp-content\/uploads\/2023\/09\/city-flows-2023_hero_new-scaled.jpeg","contentUrl":"https:\/\/www.fondazioneunipolis.org\/site\/wp-content\/uploads\/2023\/09\/city-flows-2023_hero_new-scaled.jpeg","width":2560,"height":1920},{"@type":"BreadcrumbList","@id":"https:\/\/dx-factory-unipolis-corporate-wp.ha.servizi.gr-u.it\/site\/city-flows-verso-un-futuro-di-multi-mobilita\/#breadcrumb","itemListElement":[{"@type":"ListItem","position":1,"name":"Home","item":"https:\/\/www.fondazioneunipolis.org\/site\/"},{"@type":"ListItem","position":2,"name":"City Flows 2023"}]},{"@type":"WebSite","@id":"https:\/\/www.fondazioneunipolis.org\/site\/#website","url":"https:\/\/www.fondazioneunipolis.org\/site\/","name":"Unipolis","description":"","publisher":{"@id":"https:\/\/www.fondazioneunipolis.org\/site\/#organization"},"potentialAction":[{"@type":"SearchAction","target":{"@type":"EntryPoint","urlTemplate":"https:\/\/www.fondazioneunipolis.org\/site\/?s={search_term_string}"},"query-input":{"@type":"PropertyValueSpecification","valueRequired":true,"valueName":"search_term_string"}}],"inLanguage":"it-IT"},{"@type":"Organization","@id":"https:\/\/www.fondazioneunipolis.org\/site\/#organization","name":"Unipolis","url":"https:\/\/www.fondazioneunipolis.org\/site\/","logo":{"@type":"ImageObject","inLanguage":"it-IT","@id":"https:\/\/www.fondazioneunipolis.org\/site\/#\/schema\/logo\/image\/","url":"https:\/\/www.fondazioneunipolis.org\/site\/wp-content\/uploads\/2025\/07\/logo-fondazione-unipolis-1.svg","contentUrl":"https:\/\/www.fondazioneunipolis.org\/site\/wp-content\/uploads\/2025\/07\/logo-fondazione-unipolis-1.svg","caption":"Unipolis"},"image":{"@id":"https:\/\/www.fondazioneunipolis.org\/site\/#\/schema\/logo\/image\/"}},{"@type":"Person","@id":"https:\/\/www.fondazioneunipolis.org\/site\/#\/schema\/person\/43819ef7aaa5af51f1ed547eacb5e868","name":"wsadmin","image":{"@type":"ImageObject","inLanguage":"it-IT","@id":"https:\/\/www.fondazioneunipolis.org\/site\/#\/schema\/person\/image\/","url":"https:\/\/secure.gravatar.com\/avatar\/6512509e9ae62b647044a2731fadcbf236f2546df7b086feb6df7aabf2ef03aa?s=96&d=mm&r=g","contentUrl":"https:\/\/secure.gravatar.com\/avatar\/6512509e9ae62b647044a2731fadcbf236f2546df7b086feb6df7aabf2ef03aa?s=96&d=mm&r=g","caption":"wsadmin"},"sameAs":["https:\/\/www.fondazioneunipolis.org\/site"],"url":"https:\/\/www.fondazioneunipolis.org\/site\/author\/wsadmin\/"}]}},"_links":{"self":[{"href":"https:\/\/www.fondazioneunipolis.org\/site\/wp-json\/wp\/v2\/posts\/2217","targetHints":{"allow":["GET"]}}],"collection":[{"href":"https:\/\/www.fondazioneunipolis.org\/site\/wp-json\/wp\/v2\/posts"}],"about":[{"href":"https:\/\/www.fondazioneunipolis.org\/site\/wp-json\/wp\/v2\/types\/post"}],"author":[{"embeddable":true,"href":"https:\/\/www.fondazioneunipolis.org\/site\/wp-json\/wp\/v2\/users\/1"}],"replies":[{"embeddable":true,"href":"https:\/\/www.fondazioneunipolis.org\/site\/wp-json\/wp\/v2\/comments?post=2217"}],"version-history":[{"count":14,"href":"https:\/\/www.fondazioneunipolis.org\/site\/wp-json\/wp\/v2\/posts\/2217\/revisions"}],"predecessor-version":[{"id":10868,"href":"https:\/\/www.fondazioneunipolis.org\/site\/wp-json\/wp\/v2\/posts\/2217\/revisions\/10868"}],"wp:featuredmedia":[{"embeddable":true,"href":"https:\/\/www.fondazioneunipolis.org\/site\/wp-json\/wp\/v2\/media\/10863"}],"wp:attachment":[{"href":"https:\/\/www.fondazioneunipolis.org\/site\/wp-json\/wp\/v2\/media?parent=2217"}],"wp:term":[{"taxonomy":"category","embeddable":true,"href":"https:\/\/www.fondazioneunipolis.org\/site\/wp-json\/wp\/v2\/categories?post=2217"},{"taxonomy":"post_tag","embeddable":true,"href":"https:\/\/www.fondazioneunipolis.org\/site\/wp-json\/wp\/v2\/tags?post=2217"}],"curies":[{"name":"wp","href":"https:\/\/api.w.org\/{rel}","templated":true}]}}