{"id":2216,"date":"2024-09-23T00:00:00","date_gmt":"2024-09-22T22:00:00","guid":{"rendered":"https:\/\/www.fondazioneunipolis.org\/site\/city-flows-2024-lappuntamento-di-unipolis-per-la-settimana-europea-della-mobilita\/"},"modified":"2025-12-31T12:15:11","modified_gmt":"2025-12-31T11:15:11","slug":"city-flows-2024-lappuntamento-di-unipolis-per-la-settimana-europea-della-mobilita","status":"publish","type":"post","link":"https:\/\/www.fondazioneunipolis.org\/site\/news\/city-flows-2024-lappuntamento-di-unipolis-per-la-settimana-europea-della-mobilita\/","title":{"rendered":"City Flows 2024"},"content":{"rendered":"<div id=\"ctl00_PlaceHolderMain_ctl03__ControlWrapper_RichHtmlField\" class=\"ms-rtestate-field\" style=\"display: inline;\" aria-labelledby=\"ctl00_PlaceHolderMain_ctl03_label\">\n<p>\u200b\u200b\u200b\u200b\u200b<\/p>\n<p>17\u00a0esperti, esperte, amministratori e amministratrici internazionali\u00a0a confronto\u00a0per analizzare gli\u00a0<strong>impatti dell&#8217;abbassamento dei limiti di velocit\u00e0 nei centri urbani<\/strong>\u00a0su quattro aspetti principali:\u00a0<strong>sicurezza<\/strong>,\u00a0<strong>ambiente<\/strong>,\u00a0<strong>economia locale<\/strong>\u00a0e\u00a0<strong>salute<\/strong>.<\/p>\n<p>\u00c8 stato questo l&#8217;obiettivo della seconda edizione di\u00a0<strong>City Flows<\/strong>, l&#8217;evento organizzato da\u00a0<strong>Fondazione Unipolis<\/strong>\u00a0ed\u00a0<a style=\"background-color: #f8f8f8;\" href=\"https:\/\/etsc.eu\/\" target=\"_blank\" rel=\"noopener\"><strong>European Transport Safety Council<\/strong><\/a>.<\/p>\n<p>Dopo Siracusa nel 2023 quest&#8217;anno \u00e8 stata\u00a0<strong>Trento<\/strong>\u00a0presso la\u00a0<strong>Sala Depero<\/strong>\u00a0ad ospitare l&#8217;iniziativa il\u00a0<strong>20 settembre<\/strong>, con il\u00a0<strong>patrocinio della Provincia Autonoma<\/strong>, del\u00a0<strong>Comune<\/strong>\u00a0e in collaborazione con l&#8217;<strong>Agenzia UnipolSai Atlante<\/strong>\u00a0e il\u00a0<strong>Consiglio Regionale Unipol di Trento<\/strong>.<\/p>\n<p>L&#8217;evento \u00e8 stato trasmess\/o in<strong>\u00a0diretta streaming<\/strong>\u00a0in italiano e inglese.<\/p>\n<p>City Flows \u00e8 nel calendario degli appuntamenti che in tutta Europa si sono svolti durante l&#8217;<a href=\"https:\/\/etsc.eu\/\" target=\"_blank\" rel=\"noopener\"><strong>European Mobility Week<\/strong><\/a>\u00a0(16-22 settembre), che quest&#8217;anno ha avuto come tema lo \u201c<strong>spazio pubblico condiviso<\/strong>&#8220;, promosso come uno spazio in cui le persone, le modalit\u00e0 di trasporto e le attivit\u00e0 devono contribuire all&#8217;equit\u00e0 sociale, alla sicurezza stradale, alla riduzione dell&#8217;inquinamento e al miglioramento della qualit\u00e0 della vita.<\/p>\n<p style=\"text-align: justify;\">In occasione della seconda edizione di <em>City Flows<\/em> \u00e8 stato presentato il <strong><a href=\"https:\/\/etsc.eu\/\" target=\"_blank\" rel=\"noopener\">primo studio scientifico\u200b<\/a><\/strong>, a livello europeo, sugli effetti dell&#8217;introduzione delle &#8220;<strong>Citt\u00e0 30 km\/h<\/strong>&#8220;.\u200b<\/p>\n<p style=\"text-align: justify;\">L&#8217;analisi inedita, curata dal <strong>Professor George Yannis, Responsabile del Dipartimento di Pianificazione e Ingegneria dei Trasporti dell&#8217;Universit\u00e0 Tecnica Nazionale di Atene<\/strong>, ha preso in considerazione 70 studi diversi permettendo di arrivare a calcolare i benefici su 17 citt\u00e0 europee [1].<\/p>\n<p style=\"text-align: justify;\">Nel dettaglio, la ricerca evidenzia come l&#8217;introduzione del <strong>limite di velocit\u00e0 a 30 chilometri orari<\/strong> nei centri urbani comporti una <strong>riduzione media degli incidenti stradali pari al 23%.<\/strong> Un decremento che si traduce in un ambiente urbano pi\u00f9 sicuro, come dimostra la diminuzione media dei decessi e dei feriti, rispettivamente del <strong>37%<\/strong> e del <strong>38%<\/strong>.<\/p>\n<p style=\"text-align: justify;\">Inoltre, l&#8217;obbligo di viaggiare a 30 chilometri orari in citt\u00e0 porta a benefici ambientali tangibili, tra cui un <strong>decremento medio del 18% delle emissioni<\/strong> e una <strong>riduzione dei livelli di inquinamento acustico<\/strong> di una media di <strong>2,5 dB<\/strong>.<\/p>\n<p style=\"text-align: justify;\">Infine, le \u201cCitt\u00e0 30 km\/h&#8221; hanno contribuito ad alleviare la congestione del traffico, con una <strong>riduzione media del 2%<\/strong>.<\/p>\n<p style=\"text-align: justify;\">Gli studi condotti in tutta Europa hanno confermato l&#8217;efficacia del limite di velocit\u00e0 di 30 km\/h, dimostrando una serie di benefici concreti che vanno oltre la semplice riduzione degli incidenti.<\/p>\n<p style=\"text-align: justify;\">&#8220;<em>L&#8217;obiettivo della Fondazione Unipolis<\/em> &#8211; afferma <strong>Alberto Federici<\/strong>, Consigliere Delegato &#8211; <em>\u00e8 favorire, in un Paese in cui crescono le disparit\u00e0 sociali ed economiche, una societ\u00e0 pi\u00f9 solidale sostenendo i fragili a partire dalle nostre competenze e aree di presidio. Per quanto riguarda la Mobilit\u00e0, lavoriamo per accrescere la cultura della sicurezza stradale perch\u00e9 rendendo pi\u00f9 sicure le nostre citt\u00e0 miglioriamo la qualit\u00e0 della vita di tutti, in particolare dei pi\u00f9 fragili&#8221;.<\/em><\/p>\n<p style=\"text-align: justify;\">Durante l&#8217;evento sono stati presentati inoltre i primi dati 2024 dettagliati sulla mobilit\u00e0 urbana di Bologna. L&#8217;analisi ha evidenziato l&#8217;impatto positivo delle misure di mobilit\u00e0 sostenibile e sicurezza stradale adottate in citt\u00e0. Nel dettaglio, l&#8217;introduzione del limite di velocit\u00e0 a 30 km\/h nei primi sei mesi del 2024 ha gi\u00e0 prodotto una significativa riduzione degli incidenti stradali, con <strong>un calo dell&#8217;11%<\/strong> rispetto all&#8217;anno precedente. Gli incidenti pi\u00f9 gravi, quelli in &#8220;codice rosso&#8221;, sono <strong>diminuiti del 37,8%<\/strong>, mentre quelli in &#8220;codice giallo&#8221; hanno visto un <strong>lieve calo dello 0,7%<\/strong>. Tuttavia, gli incidenti classificati come &#8220;codice verde&#8221; sono aumentati del 19% [2].\u00a0\u200b<\/p>\n<p style=\"text-align: justify;\">Parallelamente, la mobilit\u00e0 sostenibile ha registrato un forte incremento: il <strong>traffico ciclistico \u00e8 cresciuto del 12%<\/strong> nei punti di rilevamento monitorati, i viaggi in <strong>bike sharing<\/strong> sono <strong>aumentati del 92%<\/strong>, e gli spostamenti in <strong>autobus<\/strong> hanno visto un <strong>incremento dell&#8217;11%<\/strong>, segnalando un cambiamento positivo verso modalit\u00e0 di trasporto pi\u00f9 sostenibili.<\/p>\n<p style=\"text-align: justify; text-decoration: underline;\"><strong>\u200b<br \/>\n<\/strong><\/p>\n<p>&gt; <a href=\"https:\/\/www.youtube.com\/watch?v=At_sEYo_7HU\" target=\"_blank\" rel=\"noopener\">Rivedi lo streaming integrale in italiano<\/a><br \/>\n&gt; <a href=\"https:\/\/www.youtube.com\/watch?v=ACovn9ibDug&amp;t=5399s\" target=\"_blank\" rel=\"noopener\">Rivedi lo streaming integrale in inglese<\/a><\/p>\n<h3 style=\"text-align: center;\">GLI INTERVENTI<\/h3>\n<p style=\"text-align: center;\"><strong>\u00a0<\/strong><\/p>\n<p><b>APERTURA LAVORI<\/b><\/p>\n<ul>\n<li>CLAUDIO SOINI |<em> Presidente, Consiglio della Provincia autonoma di Trento<br \/>\n<\/em><a style=\"background-color: #f8f8f8;\" href=\"https:\/\/www.youtube.com\/watch?v=i9rujL8SpuQ&amp;t=2020s\" target=\"_blank\" rel=\"noopener\">Video<\/a><\/li>\n<li>MATTIA GOTTARDI | <em>Assessore all&#8217;urbanistica, energia e trasporti, Provincia autonoma di Trento<\/em><br \/>\n<a href=\"https:\/\/www.youtube.com\/watch?v=At_sEYo_7HU&amp;t=2760s\" target=\"_blank\" rel=\"noopener\">Video<\/a><\/li>\n<li>FRANCO IANESELLI | <em>Sindaco, Comune di Trento<\/em><br \/>\n<a href=\"https:\/\/www.youtube.com\/watch?v=At_sEYo_7HU&amp;t=2955s\" target=\"_blank\" rel=\"noopener\">Video<\/a><\/li>\n<li>ALBERTO FEDERICI | <em>Consigliere Delegato, Fondazione Unipolis<\/em><br \/>\n<a href=\"https:\/\/www.youtube.com\/watch?v=At_sEYo_7HU&amp;t=3230s\" target=\"_blank\" rel=\"noopener\">Video<\/a><\/li>\n<\/ul>\n<p style=\"text-align: justify;\"><strong>\u200bSCENARIO<\/strong><\/p>\n<p style=\"text-align: justify;\"><strong>&#8220;Le sfide europee e globali della sicurezza stradale&#8221;<\/strong><\/p>\n<ul>\n<li>ANTONIO AVENOSO | <em>Direttore Esecutivo, Consiglio europeo per la sicurezza dei trasporti<\/em><br \/>\n<a href=\"https:\/\/www.youtube.com\/watch?v=At_sEYo_7HU&amp;t=3595s\">Video<\/a>\u00a0\u2013\u00a0<a href=\"https:\/\/www.fondazioneunipolis.org\/site\/wp-content\/uploads\/2025\/11\/Avenoso.pptx\" target=\"_blank\" rel=\"noopener\">Slide<\/a><\/li>\n<li>GEORGE YANNIS | <em>Direttore,\u00a0Dipartimento di Pianificazione e Ingegneria dei Trasporti, Universit\u00e0 Tecnica Nazionale di Atene<br \/>\n<\/em><a style=\"background-color: #f8f8f8;\" href=\"https:\/\/www.youtube.com\/watch?v=At_sEYo_7HU&amp;t=4440s\" target=\"_blank\" rel=\"noopener\">Video<\/a>\u00a0\u2013\u00a0<a href=\"https:\/\/www.fondazioneunipolis.org\/site\/wp-content\/uploads\/2025\/11\/Yannis.pdf\" target=\"_blank\" rel=\"noopener\">Slide<\/a><\/li>\n<\/ul>\n<p style=\"text-align: justify;\"><strong>EXPERT SPEECH<\/strong><\/p>\n<ul>\n<li>RICHARD OWEN &#8211; <em>CEO, Agilysis \/ Consiglio Consultivo Parlamentare per la Sicurezza dei Trasporti del Regno Unito<\/em><br \/>\nPresenta: &#8220;LUSTRE &#8211; Lower Urban Speed Limits in Europe. Come l&#8217;abbassamento dei limiti di velocit\u00e0 ha cambiato le strade in Europa&#8221;<br \/>\n<a href=\"https:\/\/www.youtube.com\/watch?v=At_sEYo_7HU&amp;t=5395s\" target=\"_blank\" rel=\"noopener\">Video<\/a>\u00a0\u2013\u00a0<a href=\"https:\/\/www.fondazioneunipolis.org\/site\/wp-content\/uploads\/2025\/11\/Owen.pptx\">Slide<\/a><\/li>\n<li>NATALIA E. FONSECA GONZ\u00c1LEZ | <em>Professoressa,\u00a0Dipartimento di Ingegneria Energetica del Politecnico di Madrid<\/em><br \/>\nPresenta: &#8220;Impatti ambientali delle politiche di riduzione dei limiti di velocit\u00e0 nei centri urbani&#8221;<br \/>\n<a href=\"https:\/\/www.youtube.com\/watch?v=At_sEYo_7HU&amp;t=6576s\">Video<\/a>\u00a0\u2013\u00a0<a href=\"https:\/\/www.fondazioneunipolis.org\/site\/wp-content\/uploads\/2025\/11\/Fonseca.pptx\">Slide<\/a><\/li>\n<li>\u200b\u200bPAOLA CARREA | <em>General Manager, UnipolTech<\/em><br \/>\nPresenta: &#8220;I dati della telematica per la pianificazione della mobilit\u00e0 urbana&#8221;<br \/>\n<a href=\"https:\/\/www.youtube.com\/watch?v=At_sEYo_7HU&amp;t=8286s\">Video<\/a>\u00a0\u2013\u00a0<a href=\"https:\/\/www.fondazioneunipolis.org\/site\/wp-content\/uploads\/2025\/11\/Carrea.pptx\" target=\"_blank\" rel=\"noopener\">Slide<\/a><\/li>\n<li>FEDERICA BIASSONI | <em>Direttrice, Unit\u00e0 di Ricerca in Psicologia del Traffico dell&#8217;Universit\u00e0 Cattolica del Sacro Cuore di Milano<\/em><br \/>\nPresenta: &#8220;Effetti dell&#8217;abbassamento dei limiti di velocit\u00e0 nei centri urbani: riappropriarsi del contatto con l&#8217;ambiente per un maggior benessere degli utenti della strada&#8221;<br \/>\n<a href=\"https:\/\/www.youtube.com\/watch?v=At_sEYo_7HU&amp;t=9685s\">Video<\/a>\u00a0\u2013\u00a0<a href=\"https:\/\/www.fondazioneunipolis.org\/site\/wp-content\/uploads\/import\/Documents\/Presentazioni City Flows\/Biassoni.pdf\" target=\"_blank\" rel=\"noopener\" data-wplink-url-error=\"true\">Slid\u200be<\/a><\/li>\n<\/ul>\n<div style=\"text-align: left;\"><\/div>\n<div style=\"text-align: left;\"><strong>FOCUS ON <\/strong><\/div>\n<div><\/div>\n<div style=\"text-align: left;\"><strong>Spagna<\/strong><\/div>\n<ul>\n<li>DANIEL MACENLLE | <em>Direttore Generale della tutela del cittadino, Comune di Pontevedra<\/em><br \/>\n<a href=\"https:\/\/www.youtube.com\/watch?v=At_sEYo_7HU&amp;t=11330s\" target=\"_blank\" rel=\"noopener\">Video<\/a>\u00a0\u2013\u00a0<a href=\"https:\/\/www.fondazioneunipolis.org\/site\/wp-content\/uploads\/2025\/11\/Macenlle.pptm\" target=\"_blank\" rel=\"noopener\">Slide<\/a><\/li>\n<\/ul>\n<p><strong>Italia<\/strong><\/p>\n<ul>\n<li>VALENTINA ORIOLI | <em>Assessora a\u200blla nuova mobilit\u00e0, Comune di Bologna<\/em><br \/>\n<a href=\"https:\/\/www.youtube.com\/watch?v=At_sEYo_7HU&amp;t=13326s\" target=\"_blank\" rel=\"noopener\">Video<\/a>\u00a0\u2013\u00a0<a href=\"https:\/\/www.fondazioneunipolis.org\/site\/wp-content\/uploads\/2025\/11\/Orioli.pdf\" target=\"_blank\" rel=\"noopener\">Slide<\/a><\/li>\n<li>EZIO FACCHIN | <em>Assessore alla mobilit\u00e0, Comune di Trento<br \/>\n<\/em><a href=\"https:\/\/www.youtube.com\/watch?v=At_sEYo_7HU&amp;t=14271s\" target=\"_blank\" rel=\"noopener\">Video<\/a>\u00a0\u2013\u00a0<a href=\"https:\/\/www.fondazioneunipolis.org\/site\/wp-content\/uploads\/2025\/11\/Facchin.pdf\" target=\"_blank\" rel=\"noopener\">Slide\u200b<\/a><\/li>\n<\/ul>\n<\/div>\n<div style=\"text-align: left;\"><strong>Brasile<\/strong><\/p>\n<ul>\n<li>LUIZ OT\u00c1VIO MACIEL MIRANDA | <em>Advisor, Dipartimento del traffico Stato del Par\u00e1<\/em><br \/>\n<a href=\"https:\/\/www.youtube.com\/watch?v=At_sEYo_7HU&amp;t=15163s\" target=\"_blank\" rel=\"noopener\">Video<\/a>\u00a0\u2013\u00a0<a href=\"https:\/\/www.fondazioneunipolis.org\/site\/wp-content\/uploads\/2025\/11\/Miranda.pptx\" target=\"_blank\" rel=\"noopener\">Slide<\/a><strong><br \/>\n<\/strong><\/li>\n<\/ul>\n<\/div>\n<div style=\"text-align: left;\"><\/div>\n<p style=\"text-align: justify;\"><strong>CONCLUSIONI<\/strong><\/p>\n<ul>\n<li>CLAIRE DEPRE | <em>Capa Unit\u00e0 sicurezza stradale Direzione Generale Mobilit\u00e0 e Trasporti (DG MOVE), Commissione Europea<\/em><br \/>\n<a href=\"https:\/\/www.youtube.com\/watch?v=At_sEYo_7HU&amp;t=16032s\" target=\"_blank\" rel=\"noopener\">Video<\/a><\/li>\n<li>MATTIA GOTTARDI | <em>Assessore all&#8217;urbanistica, energia e trasporti, Provincia autonoma di Trento<\/em><br \/>\n<a href=\"https:\/\/www.youtube.com\/watch?v=At_sEYo_7HU&amp;t=17450s\" target=\"_blank\" rel=\"noopener\">Video<\/a><\/li>\n<\/ul>\n<p style=\"text-align: justify;\">\u200b<\/p>\n<p><em>[1] \u200bBologna, Zurich, Paris, M\u00fcnster, Brussels, Glasgow, Helsinki, Bilbao, Berlin, London, Grenoble, Edinburgh, Bristol, Brighton, Hove, Warrington, Graz. Dallo studio di George Yannis, Review of 30 km\/h speed limit benefits in Europe, Marzo 2024.\u200b<\/em><\/p>\n<p><em style=\"text-align: justify;\">[2] Dati rilevati dalla \u200bPolizia Locale sulle strade comunali, escluse tangenziale e autostrada; classificazione del 118 Emilia Est.<\/em>\u200b<\/p>\n","protected":false},"excerpt":{"rendered":"<p>\u200b\u200b\u200b\u200b\u200b 17\u00a0esperti, esperte, amministratori e amministratrici internazionali\u00a0a confronto\u00a0per analizzare gli\u00a0impatti dell&#8217;abbassamento dei limiti di velocit\u00e0 nei centri urbani\u00a0su quattro aspetti principali:\u00a0sicurezza,\u00a0ambiente,\u00a0economia locale\u00a0e\u00a0salute. \u00c8 stato questo l&#8217;obiettivo della seconda edizione di\u00a0City Flows, l&#8217;evento organizzato da\u00a0Fondazione Unipolis\u00a0ed\u00a0European Transport Safety Council. Dopo Siracusa nel 2023 quest&#8217;anno \u00e8 stata\u00a0Trento\u00a0presso la\u00a0Sala Depero\u00a0ad ospitare l&#8217;iniziativa il\u00a020 settembre, con il\u00a0patrocinio della Provincia [&hellip;]<\/p>\n","protected":false},"author":1,"featured_media":10860,"comment_status":"open","ping_status":"open","sticky":false,"template":"","format":"standard","meta":{"_acf_changed":false,"footnotes":""},"categories":[16],"tags":[673],"class_list":["post-2216","post","type-post","status-publish","format-standard","has-post-thumbnail","hentry","category-mobilita","tag-cityflows"],"acf":[],"yoast_head":"<!-- This site is optimized with the Yoast SEO plugin v26.1.1 - https:\/\/yoast.com\/wordpress\/plugins\/seo\/ -->\n<title>City Flows 2024 - Unipolis<\/title>\n<meta name=\"description\" content=\"City Flows 2024: l&#039;appuntamento di Unipolis per la Settimana Europea della Mobilit\u00e0\" \/>\n<meta name=\"robots\" content=\"index, follow, max-snippet:-1, max-image-preview:large, max-video-preview:-1\" \/>\n<link rel=\"canonical\" href=\"https:\/\/www.fondazioneunipolis.org\/site\/city-flows-2024-lappuntamento-di-unipolis-per-la-settimana-europea-della-mobilita\/\" \/>\n<meta property=\"og:locale\" content=\"it_IT\" \/>\n<meta property=\"og:type\" content=\"article\" \/>\n<meta property=\"og:title\" content=\"City Flows 2024 - Unipolis\" \/>\n<meta property=\"og:description\" content=\"City Flows 2024: l&#039;appuntamento di Unipolis per la Settimana Europea della Mobilit\u00e0\" \/>\n<meta property=\"og:url\" content=\"https:\/\/dx-factory-unipolis-corporate-wp.ha.servizi.gr-u.it\/site\/city-flows-2024-lappuntamento-di-unipolis-per-la-settimana-europea-della-mobilita\/\" \/>\n<meta property=\"og:site_name\" content=\"Unipolis\" \/>\n<meta property=\"article:published_time\" content=\"2024-09-22T22:00:00+00:00\" \/>\n<meta property=\"article:modified_time\" content=\"2025-12-31T11:15:11+00:00\" \/>\n<meta property=\"og:image\" content=\"https:\/\/dx-factory-unipolis-corporate-wp.ha.servizi.gr-u.it\/site\/wp-content\/uploads\/2024\/09\/city-flows-2024_hero-scaled.jpg\" \/>\n\t<meta property=\"og:image:width\" content=\"2560\" \/>\n\t<meta property=\"og:image:height\" content=\"1703\" \/>\n\t<meta property=\"og:image:type\" content=\"image\/jpeg\" \/>\n<meta name=\"author\" content=\"wsadmin\" \/>\n<meta name=\"twitter:card\" content=\"summary_large_image\" \/>\n<meta name=\"twitter:label1\" content=\"Written by\" \/>\n\t<meta name=\"twitter:data1\" content=\"wsadmin\" \/>\n\t<meta name=\"twitter:label2\" content=\"Est. reading time\" \/>\n\t<meta name=\"twitter:data2\" content=\"6 minutes\" \/>\n<script type=\"application\/ld+json\" class=\"yoast-schema-graph\">{\"@context\":\"https:\/\/schema.org\",\"@graph\":[{\"@type\":\"Article\",\"@id\":\"https:\/\/dx-factory-unipolis-corporate-wp.ha.servizi.gr-u.it\/site\/city-flows-2024-lappuntamento-di-unipolis-per-la-settimana-europea-della-mobilita\/#article\",\"isPartOf\":{\"@id\":\"https:\/\/dx-factory-unipolis-corporate-wp.ha.servizi.gr-u.it\/site\/city-flows-2024-lappuntamento-di-unipolis-per-la-settimana-europea-della-mobilita\/\"},\"author\":{\"name\":\"wsadmin\",\"@id\":\"https:\/\/www.fondazioneunipolis.org\/site\/#\/schema\/person\/43819ef7aaa5af51f1ed547eacb5e868\"},\"headline\":\"City Flows 2024\",\"datePublished\":\"2024-09-22T22:00:00+00:00\",\"dateModified\":\"2025-12-31T11:15:11+00:00\",\"mainEntityOfPage\":{\"@id\":\"https:\/\/dx-factory-unipolis-corporate-wp.ha.servizi.gr-u.it\/site\/city-flows-2024-lappuntamento-di-unipolis-per-la-settimana-europea-della-mobilita\/\"},\"wordCount\":953,\"commentCount\":0,\"publisher\":{\"@id\":\"https:\/\/www.fondazioneunipolis.org\/site\/#organization\"},\"image\":{\"@id\":\"https:\/\/dx-factory-unipolis-corporate-wp.ha.servizi.gr-u.it\/site\/city-flows-2024-lappuntamento-di-unipolis-per-la-settimana-europea-della-mobilita\/#primaryimage\"},\"thumbnailUrl\":\"https:\/\/www.fondazioneunipolis.org\/site\/wp-content\/uploads\/2024\/09\/city-flows-2024_hero-scaled.jpg\",\"keywords\":[\"cityflows\"],\"articleSection\":[\"Mobilit\u00e0\"],\"inLanguage\":\"it-IT\",\"potentialAction\":[{\"@type\":\"CommentAction\",\"name\":\"Comment\",\"target\":[\"https:\/\/dx-factory-unipolis-corporate-wp.ha.servizi.gr-u.it\/site\/city-flows-2024-lappuntamento-di-unipolis-per-la-settimana-europea-della-mobilita\/#respond\"]}]},{\"@type\":\"WebPage\",\"@id\":\"https:\/\/dx-factory-unipolis-corporate-wp.ha.servizi.gr-u.it\/site\/city-flows-2024-lappuntamento-di-unipolis-per-la-settimana-europea-della-mobilita\/\",\"url\":\"https:\/\/dx-factory-unipolis-corporate-wp.ha.servizi.gr-u.it\/site\/city-flows-2024-lappuntamento-di-unipolis-per-la-settimana-europea-della-mobilita\/\",\"name\":\"City Flows 2024 - Unipolis\",\"isPartOf\":{\"@id\":\"https:\/\/www.fondazioneunipolis.org\/site\/#website\"},\"primaryImageOfPage\":{\"@id\":\"https:\/\/dx-factory-unipolis-corporate-wp.ha.servizi.gr-u.it\/site\/city-flows-2024-lappuntamento-di-unipolis-per-la-settimana-europea-della-mobilita\/#primaryimage\"},\"image\":{\"@id\":\"https:\/\/dx-factory-unipolis-corporate-wp.ha.servizi.gr-u.it\/site\/city-flows-2024-lappuntamento-di-unipolis-per-la-settimana-europea-della-mobilita\/#primaryimage\"},\"thumbnailUrl\":\"https:\/\/www.fondazioneunipolis.org\/site\/wp-content\/uploads\/2024\/09\/city-flows-2024_hero-scaled.jpg\",\"datePublished\":\"2024-09-22T22:00:00+00:00\",\"dateModified\":\"2025-12-31T11:15:11+00:00\",\"description\":\"City Flows 2024: l'appuntamento di Unipolis per la Settimana Europea della Mobilit\u00e0\",\"breadcrumb\":{\"@id\":\"https:\/\/dx-factory-unipolis-corporate-wp.ha.servizi.gr-u.it\/site\/city-flows-2024-lappuntamento-di-unipolis-per-la-settimana-europea-della-mobilita\/#breadcrumb\"},\"inLanguage\":\"it-IT\",\"potentialAction\":[{\"@type\":\"ReadAction\",\"target\":[\"https:\/\/dx-factory-unipolis-corporate-wp.ha.servizi.gr-u.it\/site\/city-flows-2024-lappuntamento-di-unipolis-per-la-settimana-europea-della-mobilita\/\"]}]},{\"@type\":\"ImageObject\",\"inLanguage\":\"it-IT\",\"@id\":\"https:\/\/dx-factory-unipolis-corporate-wp.ha.servizi.gr-u.it\/site\/city-flows-2024-lappuntamento-di-unipolis-per-la-settimana-europea-della-mobilita\/#primaryimage\",\"url\":\"https:\/\/www.fondazioneunipolis.org\/site\/wp-content\/uploads\/2024\/09\/city-flows-2024_hero-scaled.jpg\",\"contentUrl\":\"https:\/\/www.fondazioneunipolis.org\/site\/wp-content\/uploads\/2024\/09\/city-flows-2024_hero-scaled.jpg\",\"width\":2560,\"height\":1703,\"caption\":\"Incontro convegno City Flows Trento unipolis Settimana europea della mobilit\u00e0 (foto Daniele Panato\/Agenzia Panato)\"},{\"@type\":\"BreadcrumbList\",\"@id\":\"https:\/\/dx-factory-unipolis-corporate-wp.ha.servizi.gr-u.it\/site\/city-flows-2024-lappuntamento-di-unipolis-per-la-settimana-europea-della-mobilita\/#breadcrumb\",\"itemListElement\":[{\"@type\":\"ListItem\",\"position\":1,\"name\":\"Home\",\"item\":\"https:\/\/www.fondazioneunipolis.org\/site\/\"},{\"@type\":\"ListItem\",\"position\":2,\"name\":\"City Flows 2024\"}]},{\"@type\":\"WebSite\",\"@id\":\"https:\/\/www.fondazioneunipolis.org\/site\/#website\",\"url\":\"https:\/\/www.fondazioneunipolis.org\/site\/\",\"name\":\"Unipolis\",\"description\":\"\",\"publisher\":{\"@id\":\"https:\/\/www.fondazioneunipolis.org\/site\/#organization\"},\"potentialAction\":[{\"@type\":\"SearchAction\",\"target\":{\"@type\":\"EntryPoint\",\"urlTemplate\":\"https:\/\/www.fondazioneunipolis.org\/site\/?s={search_term_string}\"},\"query-input\":{\"@type\":\"PropertyValueSpecification\",\"valueRequired\":true,\"valueName\":\"search_term_string\"}}],\"inLanguage\":\"it-IT\"},{\"@type\":\"Organization\",\"@id\":\"https:\/\/www.fondazioneunipolis.org\/site\/#organization\",\"name\":\"Unipolis\",\"url\":\"https:\/\/www.fondazioneunipolis.org\/site\/\",\"logo\":{\"@type\":\"ImageObject\",\"inLanguage\":\"it-IT\",\"@id\":\"https:\/\/www.fondazioneunipolis.org\/site\/#\/schema\/logo\/image\/\",\"url\":\"https:\/\/www.fondazioneunipolis.org\/site\/wp-content\/uploads\/2025\/07\/logo-fondazione-unipolis-1.svg\",\"contentUrl\":\"https:\/\/www.fondazioneunipolis.org\/site\/wp-content\/uploads\/2025\/07\/logo-fondazione-unipolis-1.svg\",\"caption\":\"Unipolis\"},\"image\":{\"@id\":\"https:\/\/www.fondazioneunipolis.org\/site\/#\/schema\/logo\/image\/\"}},{\"@type\":\"Person\",\"@id\":\"https:\/\/www.fondazioneunipolis.org\/site\/#\/schema\/person\/43819ef7aaa5af51f1ed547eacb5e868\",\"name\":\"wsadmin\",\"image\":{\"@type\":\"ImageObject\",\"inLanguage\":\"it-IT\",\"@id\":\"https:\/\/www.fondazioneunipolis.org\/site\/#\/schema\/person\/image\/\",\"url\":\"https:\/\/secure.gravatar.com\/avatar\/6512509e9ae62b647044a2731fadcbf236f2546df7b086feb6df7aabf2ef03aa?s=96&d=mm&r=g\",\"contentUrl\":\"https:\/\/secure.gravatar.com\/avatar\/6512509e9ae62b647044a2731fadcbf236f2546df7b086feb6df7aabf2ef03aa?s=96&d=mm&r=g\",\"caption\":\"wsadmin\"},\"sameAs\":[\"https:\/\/www.fondazioneunipolis.org\/site\"],\"url\":\"https:\/\/www.fondazioneunipolis.org\/site\/author\/wsadmin\/\"}]}<\/script>\n<!-- \/ Yoast SEO plugin. -->","yoast_head_json":{"title":"City Flows 2024 - Unipolis","description":"City Flows 2024: l'appuntamento di Unipolis per la Settimana Europea della Mobilit\u00e0","robots":{"index":"index","follow":"follow","max-snippet":"max-snippet:-1","max-image-preview":"max-image-preview:large","max-video-preview":"max-video-preview:-1"},"canonical":"https:\/\/www.fondazioneunipolis.org\/site\/city-flows-2024-lappuntamento-di-unipolis-per-la-settimana-europea-della-mobilita\/","og_locale":"it_IT","og_type":"article","og_title":"City Flows 2024 - Unipolis","og_description":"City Flows 2024: l'appuntamento di Unipolis per la Settimana Europea della Mobilit\u00e0","og_url":"https:\/\/dx-factory-unipolis-corporate-wp.ha.servizi.gr-u.it\/site\/city-flows-2024-lappuntamento-di-unipolis-per-la-settimana-europea-della-mobilita\/","og_site_name":"Unipolis","article_published_time":"2024-09-22T22:00:00+00:00","article_modified_time":"2025-12-31T11:15:11+00:00","og_image":[{"width":2560,"height":1703,"url":"https:\/\/dx-factory-unipolis-corporate-wp.ha.servizi.gr-u.it\/site\/wp-content\/uploads\/2024\/09\/city-flows-2024_hero-scaled.jpg","type":"image\/jpeg"}],"author":"wsadmin","twitter_card":"summary_large_image","twitter_misc":{"Written by":"wsadmin","Est. reading time":"6 minutes"},"schema":{"@context":"https:\/\/schema.org","@graph":[{"@type":"Article","@id":"https:\/\/dx-factory-unipolis-corporate-wp.ha.servizi.gr-u.it\/site\/city-flows-2024-lappuntamento-di-unipolis-per-la-settimana-europea-della-mobilita\/#article","isPartOf":{"@id":"https:\/\/dx-factory-unipolis-corporate-wp.ha.servizi.gr-u.it\/site\/city-flows-2024-lappuntamento-di-unipolis-per-la-settimana-europea-della-mobilita\/"},"author":{"name":"wsadmin","@id":"https:\/\/www.fondazioneunipolis.org\/site\/#\/schema\/person\/43819ef7aaa5af51f1ed547eacb5e868"},"headline":"City Flows 2024","datePublished":"2024-09-22T22:00:00+00:00","dateModified":"2025-12-31T11:15:11+00:00","mainEntityOfPage":{"@id":"https:\/\/dx-factory-unipolis-corporate-wp.ha.servizi.gr-u.it\/site\/city-flows-2024-lappuntamento-di-unipolis-per-la-settimana-europea-della-mobilita\/"},"wordCount":953,"commentCount":0,"publisher":{"@id":"https:\/\/www.fondazioneunipolis.org\/site\/#organization"},"image":{"@id":"https:\/\/dx-factory-unipolis-corporate-wp.ha.servizi.gr-u.it\/site\/city-flows-2024-lappuntamento-di-unipolis-per-la-settimana-europea-della-mobilita\/#primaryimage"},"thumbnailUrl":"https:\/\/www.fondazioneunipolis.org\/site\/wp-content\/uploads\/2024\/09\/city-flows-2024_hero-scaled.jpg","keywords":["cityflows"],"articleSection":["Mobilit\u00e0"],"inLanguage":"it-IT","potentialAction":[{"@type":"CommentAction","name":"Comment","target":["https:\/\/dx-factory-unipolis-corporate-wp.ha.servizi.gr-u.it\/site\/city-flows-2024-lappuntamento-di-unipolis-per-la-settimana-europea-della-mobilita\/#respond"]}]},{"@type":"WebPage","@id":"https:\/\/dx-factory-unipolis-corporate-wp.ha.servizi.gr-u.it\/site\/city-flows-2024-lappuntamento-di-unipolis-per-la-settimana-europea-della-mobilita\/","url":"https:\/\/dx-factory-unipolis-corporate-wp.ha.servizi.gr-u.it\/site\/city-flows-2024-lappuntamento-di-unipolis-per-la-settimana-europea-della-mobilita\/","name":"City Flows 2024 - Unipolis","isPartOf":{"@id":"https:\/\/www.fondazioneunipolis.org\/site\/#website"},"primaryImageOfPage":{"@id":"https:\/\/dx-factory-unipolis-corporate-wp.ha.servizi.gr-u.it\/site\/city-flows-2024-lappuntamento-di-unipolis-per-la-settimana-europea-della-mobilita\/#primaryimage"},"image":{"@id":"https:\/\/dx-factory-unipolis-corporate-wp.ha.servizi.gr-u.it\/site\/city-flows-2024-lappuntamento-di-unipolis-per-la-settimana-europea-della-mobilita\/#primaryimage"},"thumbnailUrl":"https:\/\/www.fondazioneunipolis.org\/site\/wp-content\/uploads\/2024\/09\/city-flows-2024_hero-scaled.jpg","datePublished":"2024-09-22T22:00:00+00:00","dateModified":"2025-12-31T11:15:11+00:00","description":"City Flows 2024: l'appuntamento di Unipolis per la Settimana Europea della Mobilit\u00e0","breadcrumb":{"@id":"https:\/\/dx-factory-unipolis-corporate-wp.ha.servizi.gr-u.it\/site\/city-flows-2024-lappuntamento-di-unipolis-per-la-settimana-europea-della-mobilita\/#breadcrumb"},"inLanguage":"it-IT","potentialAction":[{"@type":"ReadAction","target":["https:\/\/dx-factory-unipolis-corporate-wp.ha.servizi.gr-u.it\/site\/city-flows-2024-lappuntamento-di-unipolis-per-la-settimana-europea-della-mobilita\/"]}]},{"@type":"ImageObject","inLanguage":"it-IT","@id":"https:\/\/dx-factory-unipolis-corporate-wp.ha.servizi.gr-u.it\/site\/city-flows-2024-lappuntamento-di-unipolis-per-la-settimana-europea-della-mobilita\/#primaryimage","url":"https:\/\/www.fondazioneunipolis.org\/site\/wp-content\/uploads\/2024\/09\/city-flows-2024_hero-scaled.jpg","contentUrl":"https:\/\/www.fondazioneunipolis.org\/site\/wp-content\/uploads\/2024\/09\/city-flows-2024_hero-scaled.jpg","width":2560,"height":1703,"caption":"Incontro convegno City Flows Trento unipolis Settimana europea della mobilit\u00e0 (foto Daniele Panato\/Agenzia Panato)"},{"@type":"BreadcrumbList","@id":"https:\/\/dx-factory-unipolis-corporate-wp.ha.servizi.gr-u.it\/site\/city-flows-2024-lappuntamento-di-unipolis-per-la-settimana-europea-della-mobilita\/#breadcrumb","itemListElement":[{"@type":"ListItem","position":1,"name":"Home","item":"https:\/\/www.fondazioneunipolis.org\/site\/"},{"@type":"ListItem","position":2,"name":"City Flows 2024"}]},{"@type":"WebSite","@id":"https:\/\/www.fondazioneunipolis.org\/site\/#website","url":"https:\/\/www.fondazioneunipolis.org\/site\/","name":"Unipolis","description":"","publisher":{"@id":"https:\/\/www.fondazioneunipolis.org\/site\/#organization"},"potentialAction":[{"@type":"SearchAction","target":{"@type":"EntryPoint","urlTemplate":"https:\/\/www.fondazioneunipolis.org\/site\/?s={search_term_string}"},"query-input":{"@type":"PropertyValueSpecification","valueRequired":true,"valueName":"search_term_string"}}],"inLanguage":"it-IT"},{"@type":"Organization","@id":"https:\/\/www.fondazioneunipolis.org\/site\/#organization","name":"Unipolis","url":"https:\/\/www.fondazioneunipolis.org\/site\/","logo":{"@type":"ImageObject","inLanguage":"it-IT","@id":"https:\/\/www.fondazioneunipolis.org\/site\/#\/schema\/logo\/image\/","url":"https:\/\/www.fondazioneunipolis.org\/site\/wp-content\/uploads\/2025\/07\/logo-fondazione-unipolis-1.svg","contentUrl":"https:\/\/www.fondazioneunipolis.org\/site\/wp-content\/uploads\/2025\/07\/logo-fondazione-unipolis-1.svg","caption":"Unipolis"},"image":{"@id":"https:\/\/www.fondazioneunipolis.org\/site\/#\/schema\/logo\/image\/"}},{"@type":"Person","@id":"https:\/\/www.fondazioneunipolis.org\/site\/#\/schema\/person\/43819ef7aaa5af51f1ed547eacb5e868","name":"wsadmin","image":{"@type":"ImageObject","inLanguage":"it-IT","@id":"https:\/\/www.fondazioneunipolis.org\/site\/#\/schema\/person\/image\/","url":"https:\/\/secure.gravatar.com\/avatar\/6512509e9ae62b647044a2731fadcbf236f2546df7b086feb6df7aabf2ef03aa?s=96&d=mm&r=g","contentUrl":"https:\/\/secure.gravatar.com\/avatar\/6512509e9ae62b647044a2731fadcbf236f2546df7b086feb6df7aabf2ef03aa?s=96&d=mm&r=g","caption":"wsadmin"},"sameAs":["https:\/\/www.fondazioneunipolis.org\/site"],"url":"https:\/\/www.fondazioneunipolis.org\/site\/author\/wsadmin\/"}]}},"_links":{"self":[{"href":"https:\/\/www.fondazioneunipolis.org\/site\/wp-json\/wp\/v2\/posts\/2216","targetHints":{"allow":["GET"]}}],"collection":[{"href":"https:\/\/www.fondazioneunipolis.org\/site\/wp-json\/wp\/v2\/posts"}],"about":[{"href":"https:\/\/www.fondazioneunipolis.org\/site\/wp-json\/wp\/v2\/types\/post"}],"author":[{"embeddable":true,"href":"https:\/\/www.fondazioneunipolis.org\/site\/wp-json\/wp\/v2\/users\/1"}],"replies":[{"embeddable":true,"href":"https:\/\/www.fondazioneunipolis.org\/site\/wp-json\/wp\/v2\/comments?post=2216"}],"version-history":[{"count":25,"href":"https:\/\/www.fondazioneunipolis.org\/site\/wp-json\/wp\/v2\/posts\/2216\/revisions"}],"predecessor-version":[{"id":11572,"href":"https:\/\/www.fondazioneunipolis.org\/site\/wp-json\/wp\/v2\/posts\/2216\/revisions\/11572"}],"wp:featuredmedia":[{"embeddable":true,"href":"https:\/\/www.fondazioneunipolis.org\/site\/wp-json\/wp\/v2\/media\/10860"}],"wp:attachment":[{"href":"https:\/\/www.fondazioneunipolis.org\/site\/wp-json\/wp\/v2\/media?parent=2216"}],"wp:term":[{"taxonomy":"category","embeddable":true,"href":"https:\/\/www.fondazioneunipolis.org\/site\/wp-json\/wp\/v2\/categories?post=2216"},{"taxonomy":"post_tag","embeddable":true,"href":"https:\/\/www.fondazioneunipolis.org\/site\/wp-json\/wp\/v2\/tags?post=2216"}],"curies":[{"name":"wp","href":"https:\/\/api.w.org\/{rel}","templated":true}]}}