{"id":2214,"date":"2024-02-09T00:00:00","date_gmt":"2024-02-08T23:00:00","guid":{"rendered":"https:\/\/www.fondazioneunipolis.org\/site\/citta-2030-le-citta-e-la-sfida-del-cambiamento\/"},"modified":"2025-12-29T14:06:15","modified_gmt":"2025-12-29T13:06:15","slug":"citta-2030-le-citta-e-la-sfida-del-cambiamento","status":"publish","type":"post","link":"https:\/\/www.fondazioneunipolis.org\/site\/news\/citta-2030-le-citta-e-la-sfida-del-cambiamento\/","title":{"rendered":"Citt\u00e0 2030: le citt\u00e0 e la sfida del cambiamento"},"content":{"rendered":"<div id=\"ctl00_PlaceHolderMain_ctl03__ControlWrapper_RichHtmlField\" class=\"ms-rtestate-field\" style=\"display: inline;\" aria-labelledby=\"ctl00_PlaceHolderMain_ctl03_label\">\n<p>\u200b<em>\u200bCon la pubblicazione del dossier\u00a0<\/em><em>\u201cMal&#8217;Aria di citt\u00e0 2024&#8243;<\/em><em>,<\/em><em>\u00a0Legambiente <\/em><span style=\"text-align: center;\"><em>d\u00e0 il via alla campagna itinerante <\/em><\/span><span style=\"text-align: center;\"><em>Citt\u00e02030, che dall&#8217;8 febbraio al 6 marzo far\u00e0 tappa in 18 capoluoghi\u00a0<\/em><\/span><span style=\"text-align: center;\"><em>per stimolare la riflessione verso una mobilit\u00e0 urbana a zero emissioni, pi\u00f9 accessibile e sicura. Fondazione Unipolis sar\u00e0 presente nelle tappe di Avellino, Genova e Trieste, capoluoghi da dove provengono le tre &#8220;Proposte per il presente&#8221; vincitrici del bando MOB &#8211; movimento in rivoluzione.\u00a0<\/em><\/span><\/p>\n<p><span style=\"text-align: center;\"><em>\u00a0<\/em><\/span><\/p>\n<p><span style=\"text-align: center;\"><em><a href=\"https:\/\/www.fondazioneunipolis.org\/site\/wp-content\/uploads\/2025\/11\/MOB_workshop_Trieste_8-9-marzo-2024.pdf\" target=\"_blank\" rel=\"noopener\" data-wp-editing=\"1\"><img class=\"ms-asset-icon ms-rtePosition-4\" src=\"\/_layouts\/15\/images\/icpdf.png\" alt=\"\" \/>MOB_workshop_Trieste_8-9 marzo 2024.pdf<\/a>\u200b<br \/>\n<\/em><\/span><\/p>\n<p><span style=\"text-align: center;\"><em>\u00a0<\/em><\/span><\/p>\n<p style=\"text-align: justify;\">La lotta allo smog nelle citt\u00e0 italiane \u00e8 ancora in salita secondo il <strong>nuovo report di Legambiente &#8220;<a href=\"https:\/\/www.legambiente.it\/wp-content\/uploads\/2021\/11\/Report_Malaria-2024.pdf\" target=\"_blank\" rel=\"noopener\">Mal Aria di citt\u00e0 2024\u200b<\/a>&#8220;, redatto nell&#8217;ambito della Clean Cities Campaign<\/strong>. Infatti, nonostante una riduzione dei livelli di inquinanti atmosferici nel 2023, le citt\u00e0 faticano ad accelerare il passo verso un miglioramento sostanziale della qualit\u00e0 dell&#8217;aria. I loro livelli attuali sono stabili ormai da diversi anni, in linea con la normativa attuale, ma restano distanti dai limiti nor\u200bmativi che verranno approvati a breve dall&#8217;UE, previsti per il 2030 e soprattutto dai valori suggeriti dall&#8217;Organizzazione Mondiale della Sanit\u00e0, evidenziando la necessit\u00e0 di un impegno deciso, non pi\u00f9 rimandabile, per tutelare la salute delle persone.<\/p>\n<p>Il <strong>report di Legambiente<\/strong> ha analizzato i dati del 2023 nei capoluoghi di provincia, sia per quanto riguarda i livelli delle polveri sottili (PM10, PM2.5) che del biossido di azoto (NO2). In sintesi, <strong>18 citt\u00e0 sulle 98 monitorate<\/strong>, hanno superato gli attuali limiti normativi per gli sforamenti di PM10 (35 giorni all&#8217;anno con una media giornaliera superiore ai 50 microgrammi\/metro cubo). Erano state 29 le citt\u00e0 fuorilegge nel 2022 e 31 nel 2021. <strong>In testa alla classifica delle citt\u00e0 c&#8217;\u00e8 Frosinone (con la centralina di Frosinone Scalo) con 70 giorni di sforamento, il doppio rispetto ai valori ammessi, seguita da Torino (Grassi) con 66, Treviso (strada S. Agnese) 63 e Mantova (via Ariosto), Padova (Arcella) e Venezia (via Beccaria) con 62.<\/strong><\/p>\n<p>I dati evidenziano un miglioramento rispetto all&#8217;anno precedente, principalmente attribuibile alle condizioni meteorologiche \u201cfavorevoli&#8221; che hanno caratterizzato il 2023, anzich\u00e9 a un effettivo successo delle azioni politiche intraprese per affrontare l&#8217;emergenza smog. Tuttavia, <strong>le citt\u00e0 italiane, da Nord a Sud, presentano ancora considerevoli ritardi<\/strong> rispetto ai valori pi\u00f9 stringenti proposti dalla revisione della Direttiva europea sulla qualit\u00e0 dell&#8217;aria che entrer\u00e0 in vigore dal 2030 (20 \u00b5g\/mc per il PM10, 10 \u00b5g\/mc per il PM2.5 e 20 \u00b5g\/mc per l&#8217;NO2).<\/p>\n<p><span style=\"text-align: center;\">Le sorti della salute dei cittadini europei saranno determinate nel trilogo, l&#8217;ultima fase del processo di revisione della Direttiva europea sulla qualit\u00e0 dell&#8217;aria, prevista entro febbraio 2024. Considerando che in Italia ci sono <a href=\"https:\/\/www.eea.europa.eu\/themes\/air\/country-fact-sheets\/2023-country-fact-sheets\/italy-air-pollution-country\" target=\"_blank\" rel=\"noopener\"><strong>47.000 decessi prematuri all&#8217;anno<\/strong><\/a><strong> a causa del PM2.5,<\/strong> \u00e8 cruciale &#8211; avverte Legambiente &#8211; che i<strong>l Governo italiano non ostacoli ulteriormente questo percorso<\/strong>, evitando deroghe e clausole che possano giustificare ritardi nel raggiungimento degli obiettivi.<\/span>\u200b<\/p>\n<p>Tra le <strong>proposte<\/strong> di Legambiente: investimenti massicci nel <strong>TPL<\/strong> e per la diffusione della <strong>mobilit\u00e0 elettrica condivisa<\/strong> anche nelle periferie, ridisegno dello spazio urbano in ottica &#8220;<strong>citt\u00e0 30<\/strong>&#8220;, divieto\u00a0progressivo\u00a0di\u00a0<strong>caldaie e generatori di calore a biomassa<\/strong> nei territori pi\u00f9 inquinati,\u00a0promozione di <strong>investimenti agricoli <\/strong>verso pratiche che riducano le emissioni ammoniacali,\u00a0aumento del numero di <strong>centraline di monitoraggio<\/strong> in modo da garantire una copertura di tutte le principali aree urbane del Paese.<\/p>\n<p>\u200bPer stimolare il dibattito su questi temi\u00a0<strong>Legambiente lancia la <\/strong><a style=\"background-color: #f8f8f8;\" href=\"https:\/\/www.legambiente.it\/campagna\/clean-cities-campaign\/\" target=\"_blank\" rel=\"noopener\"><strong>campagna itinerante <\/strong><strong><em>\u201cCitt\u00e02030: le citt\u00e0 e la sfida del cambiamento&#8221;<\/em><\/strong><\/a> che si svolger\u00e0 <strong>dall&#8217;8 febbraio al 6 marzo<\/strong>. L&#8217;iniziativa, realizzata nell&#8217;ambito della <a style=\"background-color: #f8f8f8;\" href=\"https:\/\/italy.cleancitiescampaign.org\/\" target=\"_blank\" rel=\"noopener\"><strong>Clean Cities Campaign<\/strong><\/a>, una coalizione europea di ONG e organizzazioni della societ\u00e0 civile, di cui anche il cigno verde fa parte, <strong>far\u00e0 tappa in 18 citt\u00e0 italiane <\/strong>per promuovere una mobilit\u00e0 sostenibile e a zero emissioni e per chiedere citt\u00e0 pi\u00f9 vivibili e sicure. <strong>\u00a0L&#8217;iniziativa giunger\u00e0 a Avellino (13\/02), Reggio Calabria (14\/02), Messina (14\/02), Napoli (15\/02), Lodi (19\/02), Trieste (20\/02), Pescara(21-22\/02), Bologna (23\/02), Padova(24\/02), Perugia(24\/02), Roma (26\/02), Milano (27\/02), Latina(28\/02), Firenze (29\/02-1\/03), Torino(1-2\/03), Catania (1-2\/03), Lecce (3-5\/03) e Genova (04-05\/03). <\/strong>Durante le tappe, saranno organizzati incontri con rappresentanti delle amministrazioni locali, esperti e cittadini per discutere delle sfide legate alla mobilit\u00e0 sostenibile nei vari contesti urbani, sia iniziative di piazza come flash mob, presidi, attivit\u00e0 di bike to school. Zero Emission, sharing mobility, TPL elettrico e Citt\u00e030 saranno alcuni dei principali temi affrontati. Nelle tappe di <strong>Avellino<\/strong>, <strong>Trieste<\/strong> e <strong>Genova<\/strong>, inoltr\u200be, <strong>i tre giovani vincitori del <\/strong><a style=\"background-color: #f8f8f8;\" href=\"https:\/\/www.fondazioneunipolis.org\/site\/mob-i-nomi-dei-vincitori\/\" target=\"_blank\" rel=\"noopener\"><strong>bando nazionale MOB<\/strong><\/a> (categoria \u201cProposte per il presente&#8221;), organizzato da <strong>Fondazione Unipolis<\/strong>, avranno modo di raccontare a cittadini e amministratori le loro idee progettuali per rendere la mobilit\u00e0 delle loro citt\u00e0 pi\u00f9 sostenibile e accessibile. Le tappe saranno il primo passo del percorso di accompagnamento previsto dal bando che ambisce a dare alle proposte concreta attuazione.<\/p>\n<div>\u200b<\/div>\n<\/div>\n","protected":false},"excerpt":{"rendered":"<p>\u200b\u200bCon la pubblicazione del dossier\u00a0\u201cMal&#8217;Aria di citt\u00e0 2024&#8243;,\u00a0Legambiente d\u00e0 il via alla campagna itinerante Citt\u00e02030, che dall&#8217;8 febbraio al 6 marzo far\u00e0 tappa in 18 capoluoghi\u00a0per stimolare la riflessione verso una mobilit\u00e0 urbana a zero emissioni, pi\u00f9 accessibile e sicura. Fondazione Unipolis sar\u00e0 presente nelle tappe di Avellino, Genova e Trieste, capoluoghi da dove provengono [&hellip;]<\/p>\n","protected":false},"author":1,"featured_media":6787,"comment_status":"open","ping_status":"open","sticky":false,"template":"","format":"standard","meta":{"_acf_changed":false,"footnotes":""},"categories":[16],"tags":[645],"class_list":["post-2214","post","type-post","status-publish","format-standard","has-post-thumbnail","hentry","category-mobilita","tag-mob"],"acf":[],"yoast_head":"<!-- This site is optimized with the Yoast SEO plugin v26.1.1 - https:\/\/yoast.com\/wordpress\/plugins\/seo\/ -->\n<title>Citt\u00e0 2030: le citt\u00e0 e la sfida del cambiamento - Unipolis<\/title>\n<meta name=\"description\" content=\"Citt\u00e0 2030: le citt\u00e0 e la sfida del cambiamento\" \/>\n<meta name=\"robots\" content=\"index, follow, max-snippet:-1, max-image-preview:large, max-video-preview:-1\" \/>\n<link rel=\"canonical\" href=\"https:\/\/www.fondazioneunipolis.org\/site\/citta-2030-le-citta-e-la-sfida-del-cambiamento\/\" \/>\n<meta property=\"og:locale\" content=\"it_IT\" \/>\n<meta property=\"og:type\" content=\"article\" \/>\n<meta property=\"og:title\" content=\"Citt\u00e0 2030: le citt\u00e0 e la sfida del cambiamento - Unipolis\" \/>\n<meta property=\"og:description\" content=\"Citt\u00e0 2030: le citt\u00e0 e la sfida del cambiamento\" \/>\n<meta property=\"og:url\" content=\"https:\/\/dx-factory-unipolis-corporate-wp.ha.servizi.gr-u.it\/site\/citta-2030-le-citta-e-la-sfida-del-cambiamento\/\" \/>\n<meta property=\"og:site_name\" content=\"Unipolis\" \/>\n<meta property=\"article:published_time\" content=\"2024-02-08T23:00:00+00:00\" \/>\n<meta property=\"article:modified_time\" content=\"2025-12-29T13:06:15+00:00\" \/>\n<meta property=\"og:image\" content=\"https:\/\/dx-factory-unipolis-corporate-wp.ha.servizi.gr-u.it\/site\/wp-content\/uploads\/import\/PublishingImages\/Report_Malaria-2024_Legambiente_MOB.png\" \/>\n\t<meta property=\"og:image:width\" content=\"1\" \/>\n\t<meta property=\"og:image:height\" content=\"1\" \/>\n\t<meta property=\"og:image:type\" content=\"image\/png\" \/>\n<meta name=\"author\" content=\"wsadmin\" \/>\n<meta name=\"twitter:card\" content=\"summary_large_image\" \/>\n<meta name=\"twitter:label1\" content=\"Written by\" \/>\n\t<meta name=\"twitter:data1\" content=\"wsadmin\" \/>\n\t<meta name=\"twitter:label2\" content=\"Est. reading time\" \/>\n\t<meta name=\"twitter:data2\" content=\"5 minutes\" \/>\n<script type=\"application\/ld+json\" class=\"yoast-schema-graph\">{\"@context\":\"https:\/\/schema.org\",\"@graph\":[{\"@type\":\"Article\",\"@id\":\"https:\/\/dx-factory-unipolis-corporate-wp.ha.servizi.gr-u.it\/site\/citta-2030-le-citta-e-la-sfida-del-cambiamento\/#article\",\"isPartOf\":{\"@id\":\"https:\/\/dx-factory-unipolis-corporate-wp.ha.servizi.gr-u.it\/site\/citta-2030-le-citta-e-la-sfida-del-cambiamento\/\"},\"author\":{\"name\":\"wsadmin\",\"@id\":\"https:\/\/www.fondazioneunipolis.org\/site\/#\/schema\/person\/43819ef7aaa5af51f1ed547eacb5e868\"},\"headline\":\"Citt\u00e0 2030: le citt\u00e0 e la sfida del cambiamento\",\"datePublished\":\"2024-02-08T23:00:00+00:00\",\"dateModified\":\"2025-12-29T13:06:15+00:00\",\"mainEntityOfPage\":{\"@id\":\"https:\/\/dx-factory-unipolis-corporate-wp.ha.servizi.gr-u.it\/site\/citta-2030-le-citta-e-la-sfida-del-cambiamento\/\"},\"wordCount\":756,\"commentCount\":0,\"publisher\":{\"@id\":\"https:\/\/www.fondazioneunipolis.org\/site\/#organization\"},\"image\":{\"@id\":\"https:\/\/dx-factory-unipolis-corporate-wp.ha.servizi.gr-u.it\/site\/citta-2030-le-citta-e-la-sfida-del-cambiamento\/#primaryimage\"},\"thumbnailUrl\":\"https:\/\/www.fondazioneunipolis.org\/site\/wp-content\/uploads\/import\/PublishingImages\/Report_Malaria-2024_Legambiente_MOB.png\",\"keywords\":[\"mob\"],\"articleSection\":[\"Mobilit\u00e0\"],\"inLanguage\":\"it-IT\",\"potentialAction\":[{\"@type\":\"CommentAction\",\"name\":\"Comment\",\"target\":[\"https:\/\/dx-factory-unipolis-corporate-wp.ha.servizi.gr-u.it\/site\/citta-2030-le-citta-e-la-sfida-del-cambiamento\/#respond\"]}]},{\"@type\":\"WebPage\",\"@id\":\"https:\/\/dx-factory-unipolis-corporate-wp.ha.servizi.gr-u.it\/site\/citta-2030-le-citta-e-la-sfida-del-cambiamento\/\",\"url\":\"https:\/\/dx-factory-unipolis-corporate-wp.ha.servizi.gr-u.it\/site\/citta-2030-le-citta-e-la-sfida-del-cambiamento\/\",\"name\":\"Citt\u00e0 2030: le citt\u00e0 e la sfida del cambiamento - Unipolis\",\"isPartOf\":{\"@id\":\"https:\/\/www.fondazioneunipolis.org\/site\/#website\"},\"primaryImageOfPage\":{\"@id\":\"https:\/\/dx-factory-unipolis-corporate-wp.ha.servizi.gr-u.it\/site\/citta-2030-le-citta-e-la-sfida-del-cambiamento\/#primaryimage\"},\"image\":{\"@id\":\"https:\/\/dx-factory-unipolis-corporate-wp.ha.servizi.gr-u.it\/site\/citta-2030-le-citta-e-la-sfida-del-cambiamento\/#primaryimage\"},\"thumbnailUrl\":\"https:\/\/www.fondazioneunipolis.org\/site\/wp-content\/uploads\/import\/PublishingImages\/Report_Malaria-2024_Legambiente_MOB.png\",\"datePublished\":\"2024-02-08T23:00:00+00:00\",\"dateModified\":\"2025-12-29T13:06:15+00:00\",\"description\":\"Citt\u00e0 2030: le citt\u00e0 e la sfida del cambiamento\",\"breadcrumb\":{\"@id\":\"https:\/\/dx-factory-unipolis-corporate-wp.ha.servizi.gr-u.it\/site\/citta-2030-le-citta-e-la-sfida-del-cambiamento\/#breadcrumb\"},\"inLanguage\":\"it-IT\",\"potentialAction\":[{\"@type\":\"ReadAction\",\"target\":[\"https:\/\/dx-factory-unipolis-corporate-wp.ha.servizi.gr-u.it\/site\/citta-2030-le-citta-e-la-sfida-del-cambiamento\/\"]}]},{\"@type\":\"ImageObject\",\"inLanguage\":\"it-IT\",\"@id\":\"https:\/\/dx-factory-unipolis-corporate-wp.ha.servizi.gr-u.it\/site\/citta-2030-le-citta-e-la-sfida-del-cambiamento\/#primaryimage\",\"url\":\"https:\/\/www.fondazioneunipolis.org\/site\/wp-content\/uploads\/import\/PublishingImages\/Report_Malaria-2024_Legambiente_MOB.png\",\"contentUrl\":\"https:\/\/www.fondazioneunipolis.org\/site\/wp-content\/uploads\/import\/PublishingImages\/Report_Malaria-2024_Legambiente_MOB.png\"},{\"@type\":\"BreadcrumbList\",\"@id\":\"https:\/\/dx-factory-unipolis-corporate-wp.ha.servizi.gr-u.it\/site\/citta-2030-le-citta-e-la-sfida-del-cambiamento\/#breadcrumb\",\"itemListElement\":[{\"@type\":\"ListItem\",\"position\":1,\"name\":\"Home\",\"item\":\"https:\/\/www.fondazioneunipolis.org\/site\/\"},{\"@type\":\"ListItem\",\"position\":2,\"name\":\"Citt\u00e0 2030: le citt\u00e0 e la sfida del cambiamento\"}]},{\"@type\":\"WebSite\",\"@id\":\"https:\/\/www.fondazioneunipolis.org\/site\/#website\",\"url\":\"https:\/\/www.fondazioneunipolis.org\/site\/\",\"name\":\"Unipolis\",\"description\":\"\",\"publisher\":{\"@id\":\"https:\/\/www.fondazioneunipolis.org\/site\/#organization\"},\"potentialAction\":[{\"@type\":\"SearchAction\",\"target\":{\"@type\":\"EntryPoint\",\"urlTemplate\":\"https:\/\/www.fondazioneunipolis.org\/site\/?s={search_term_string}\"},\"query-input\":{\"@type\":\"PropertyValueSpecification\",\"valueRequired\":true,\"valueName\":\"search_term_string\"}}],\"inLanguage\":\"it-IT\"},{\"@type\":\"Organization\",\"@id\":\"https:\/\/www.fondazioneunipolis.org\/site\/#organization\",\"name\":\"Unipolis\",\"url\":\"https:\/\/www.fondazioneunipolis.org\/site\/\",\"logo\":{\"@type\":\"ImageObject\",\"inLanguage\":\"it-IT\",\"@id\":\"https:\/\/www.fondazioneunipolis.org\/site\/#\/schema\/logo\/image\/\",\"url\":\"https:\/\/www.fondazioneunipolis.org\/site\/wp-content\/uploads\/2025\/07\/logo-fondazione-unipolis-1.svg\",\"contentUrl\":\"https:\/\/www.fondazioneunipolis.org\/site\/wp-content\/uploads\/2025\/07\/logo-fondazione-unipolis-1.svg\",\"caption\":\"Unipolis\"},\"image\":{\"@id\":\"https:\/\/www.fondazioneunipolis.org\/site\/#\/schema\/logo\/image\/\"}},{\"@type\":\"Person\",\"@id\":\"https:\/\/www.fondazioneunipolis.org\/site\/#\/schema\/person\/43819ef7aaa5af51f1ed547eacb5e868\",\"name\":\"wsadmin\",\"image\":{\"@type\":\"ImageObject\",\"inLanguage\":\"it-IT\",\"@id\":\"https:\/\/www.fondazioneunipolis.org\/site\/#\/schema\/person\/image\/\",\"url\":\"https:\/\/secure.gravatar.com\/avatar\/6512509e9ae62b647044a2731fadcbf236f2546df7b086feb6df7aabf2ef03aa?s=96&d=mm&r=g\",\"contentUrl\":\"https:\/\/secure.gravatar.com\/avatar\/6512509e9ae62b647044a2731fadcbf236f2546df7b086feb6df7aabf2ef03aa?s=96&d=mm&r=g\",\"caption\":\"wsadmin\"},\"sameAs\":[\"https:\/\/www.fondazioneunipolis.org\/site\"],\"url\":\"https:\/\/www.fondazioneunipolis.org\/site\/author\/wsadmin\/\"}]}<\/script>\n<!-- \/ Yoast SEO plugin. -->","yoast_head_json":{"title":"Citt\u00e0 2030: le citt\u00e0 e la sfida del cambiamento - Unipolis","description":"Citt\u00e0 2030: le citt\u00e0 e la sfida del cambiamento","robots":{"index":"index","follow":"follow","max-snippet":"max-snippet:-1","max-image-preview":"max-image-preview:large","max-video-preview":"max-video-preview:-1"},"canonical":"https:\/\/www.fondazioneunipolis.org\/site\/citta-2030-le-citta-e-la-sfida-del-cambiamento\/","og_locale":"it_IT","og_type":"article","og_title":"Citt\u00e0 2030: le citt\u00e0 e la sfida del cambiamento - Unipolis","og_description":"Citt\u00e0 2030: le citt\u00e0 e la sfida del cambiamento","og_url":"https:\/\/dx-factory-unipolis-corporate-wp.ha.servizi.gr-u.it\/site\/citta-2030-le-citta-e-la-sfida-del-cambiamento\/","og_site_name":"Unipolis","article_published_time":"2024-02-08T23:00:00+00:00","article_modified_time":"2025-12-29T13:06:15+00:00","og_image":[{"url":"https:\/\/dx-factory-unipolis-corporate-wp.ha.servizi.gr-u.it\/site\/wp-content\/uploads\/import\/PublishingImages\/Report_Malaria-2024_Legambiente_MOB.png","width":1,"height":1,"type":"image\/png"}],"author":"wsadmin","twitter_card":"summary_large_image","twitter_misc":{"Written by":"wsadmin","Est. reading time":"5 minutes"},"schema":{"@context":"https:\/\/schema.org","@graph":[{"@type":"Article","@id":"https:\/\/dx-factory-unipolis-corporate-wp.ha.servizi.gr-u.it\/site\/citta-2030-le-citta-e-la-sfida-del-cambiamento\/#article","isPartOf":{"@id":"https:\/\/dx-factory-unipolis-corporate-wp.ha.servizi.gr-u.it\/site\/citta-2030-le-citta-e-la-sfida-del-cambiamento\/"},"author":{"name":"wsadmin","@id":"https:\/\/www.fondazioneunipolis.org\/site\/#\/schema\/person\/43819ef7aaa5af51f1ed547eacb5e868"},"headline":"Citt\u00e0 2030: le citt\u00e0 e la sfida del cambiamento","datePublished":"2024-02-08T23:00:00+00:00","dateModified":"2025-12-29T13:06:15+00:00","mainEntityOfPage":{"@id":"https:\/\/dx-factory-unipolis-corporate-wp.ha.servizi.gr-u.it\/site\/citta-2030-le-citta-e-la-sfida-del-cambiamento\/"},"wordCount":756,"commentCount":0,"publisher":{"@id":"https:\/\/www.fondazioneunipolis.org\/site\/#organization"},"image":{"@id":"https:\/\/dx-factory-unipolis-corporate-wp.ha.servizi.gr-u.it\/site\/citta-2030-le-citta-e-la-sfida-del-cambiamento\/#primaryimage"},"thumbnailUrl":"https:\/\/www.fondazioneunipolis.org\/site\/wp-content\/uploads\/import\/PublishingImages\/Report_Malaria-2024_Legambiente_MOB.png","keywords":["mob"],"articleSection":["Mobilit\u00e0"],"inLanguage":"it-IT","potentialAction":[{"@type":"CommentAction","name":"Comment","target":["https:\/\/dx-factory-unipolis-corporate-wp.ha.servizi.gr-u.it\/site\/citta-2030-le-citta-e-la-sfida-del-cambiamento\/#respond"]}]},{"@type":"WebPage","@id":"https:\/\/dx-factory-unipolis-corporate-wp.ha.servizi.gr-u.it\/site\/citta-2030-le-citta-e-la-sfida-del-cambiamento\/","url":"https:\/\/dx-factory-unipolis-corporate-wp.ha.servizi.gr-u.it\/site\/citta-2030-le-citta-e-la-sfida-del-cambiamento\/","name":"Citt\u00e0 2030: le citt\u00e0 e la sfida del cambiamento - Unipolis","isPartOf":{"@id":"https:\/\/www.fondazioneunipolis.org\/site\/#website"},"primaryImageOfPage":{"@id":"https:\/\/dx-factory-unipolis-corporate-wp.ha.servizi.gr-u.it\/site\/citta-2030-le-citta-e-la-sfida-del-cambiamento\/#primaryimage"},"image":{"@id":"https:\/\/dx-factory-unipolis-corporate-wp.ha.servizi.gr-u.it\/site\/citta-2030-le-citta-e-la-sfida-del-cambiamento\/#primaryimage"},"thumbnailUrl":"https:\/\/www.fondazioneunipolis.org\/site\/wp-content\/uploads\/import\/PublishingImages\/Report_Malaria-2024_Legambiente_MOB.png","datePublished":"2024-02-08T23:00:00+00:00","dateModified":"2025-12-29T13:06:15+00:00","description":"Citt\u00e0 2030: le citt\u00e0 e la sfida del cambiamento","breadcrumb":{"@id":"https:\/\/dx-factory-unipolis-corporate-wp.ha.servizi.gr-u.it\/site\/citta-2030-le-citta-e-la-sfida-del-cambiamento\/#breadcrumb"},"inLanguage":"it-IT","potentialAction":[{"@type":"ReadAction","target":["https:\/\/dx-factory-unipolis-corporate-wp.ha.servizi.gr-u.it\/site\/citta-2030-le-citta-e-la-sfida-del-cambiamento\/"]}]},{"@type":"ImageObject","inLanguage":"it-IT","@id":"https:\/\/dx-factory-unipolis-corporate-wp.ha.servizi.gr-u.it\/site\/citta-2030-le-citta-e-la-sfida-del-cambiamento\/#primaryimage","url":"https:\/\/www.fondazioneunipolis.org\/site\/wp-content\/uploads\/import\/PublishingImages\/Report_Malaria-2024_Legambiente_MOB.png","contentUrl":"https:\/\/www.fondazioneunipolis.org\/site\/wp-content\/uploads\/import\/PublishingImages\/Report_Malaria-2024_Legambiente_MOB.png"},{"@type":"BreadcrumbList","@id":"https:\/\/dx-factory-unipolis-corporate-wp.ha.servizi.gr-u.it\/site\/citta-2030-le-citta-e-la-sfida-del-cambiamento\/#breadcrumb","itemListElement":[{"@type":"ListItem","position":1,"name":"Home","item":"https:\/\/www.fondazioneunipolis.org\/site\/"},{"@type":"ListItem","position":2,"name":"Citt\u00e0 2030: le citt\u00e0 e la sfida del cambiamento"}]},{"@type":"WebSite","@id":"https:\/\/www.fondazioneunipolis.org\/site\/#website","url":"https:\/\/www.fondazioneunipolis.org\/site\/","name":"Unipolis","description":"","publisher":{"@id":"https:\/\/www.fondazioneunipolis.org\/site\/#organization"},"potentialAction":[{"@type":"SearchAction","target":{"@type":"EntryPoint","urlTemplate":"https:\/\/www.fondazioneunipolis.org\/site\/?s={search_term_string}"},"query-input":{"@type":"PropertyValueSpecification","valueRequired":true,"valueName":"search_term_string"}}],"inLanguage":"it-IT"},{"@type":"Organization","@id":"https:\/\/www.fondazioneunipolis.org\/site\/#organization","name":"Unipolis","url":"https:\/\/www.fondazioneunipolis.org\/site\/","logo":{"@type":"ImageObject","inLanguage":"it-IT","@id":"https:\/\/www.fondazioneunipolis.org\/site\/#\/schema\/logo\/image\/","url":"https:\/\/www.fondazioneunipolis.org\/site\/wp-content\/uploads\/2025\/07\/logo-fondazione-unipolis-1.svg","contentUrl":"https:\/\/www.fondazioneunipolis.org\/site\/wp-content\/uploads\/2025\/07\/logo-fondazione-unipolis-1.svg","caption":"Unipolis"},"image":{"@id":"https:\/\/www.fondazioneunipolis.org\/site\/#\/schema\/logo\/image\/"}},{"@type":"Person","@id":"https:\/\/www.fondazioneunipolis.org\/site\/#\/schema\/person\/43819ef7aaa5af51f1ed547eacb5e868","name":"wsadmin","image":{"@type":"ImageObject","inLanguage":"it-IT","@id":"https:\/\/www.fondazioneunipolis.org\/site\/#\/schema\/person\/image\/","url":"https:\/\/secure.gravatar.com\/avatar\/6512509e9ae62b647044a2731fadcbf236f2546df7b086feb6df7aabf2ef03aa?s=96&d=mm&r=g","contentUrl":"https:\/\/secure.gravatar.com\/avatar\/6512509e9ae62b647044a2731fadcbf236f2546df7b086feb6df7aabf2ef03aa?s=96&d=mm&r=g","caption":"wsadmin"},"sameAs":["https:\/\/www.fondazioneunipolis.org\/site"],"url":"https:\/\/www.fondazioneunipolis.org\/site\/author\/wsadmin\/"}]}},"_links":{"self":[{"href":"https:\/\/www.fondazioneunipolis.org\/site\/wp-json\/wp\/v2\/posts\/2214","targetHints":{"allow":["GET"]}}],"collection":[{"href":"https:\/\/www.fondazioneunipolis.org\/site\/wp-json\/wp\/v2\/posts"}],"about":[{"href":"https:\/\/www.fondazioneunipolis.org\/site\/wp-json\/wp\/v2\/types\/post"}],"author":[{"embeddable":true,"href":"https:\/\/www.fondazioneunipolis.org\/site\/wp-json\/wp\/v2\/users\/1"}],"replies":[{"embeddable":true,"href":"https:\/\/www.fondazioneunipolis.org\/site\/wp-json\/wp\/v2\/comments?post=2214"}],"version-history":[{"count":6,"href":"https:\/\/www.fondazioneunipolis.org\/site\/wp-json\/wp\/v2\/posts\/2214\/revisions"}],"predecessor-version":[{"id":11369,"href":"https:\/\/www.fondazioneunipolis.org\/site\/wp-json\/wp\/v2\/posts\/2214\/revisions\/11369"}],"wp:featuredmedia":[{"embeddable":true,"href":"https:\/\/www.fondazioneunipolis.org\/site\/wp-json\/wp\/v2\/media\/6787"}],"wp:attachment":[{"href":"https:\/\/www.fondazioneunipolis.org\/site\/wp-json\/wp\/v2\/media?parent=2214"}],"wp:term":[{"taxonomy":"category","embeddable":true,"href":"https:\/\/www.fondazioneunipolis.org\/site\/wp-json\/wp\/v2\/categories?post=2214"},{"taxonomy":"post_tag","embeddable":true,"href":"https:\/\/www.fondazioneunipolis.org\/site\/wp-json\/wp\/v2\/tags?post=2214"}],"curies":[{"name":"wp","href":"https:\/\/api.w.org\/{rel}","templated":true}]}}