{"id":2213,"date":"2023-11-10T00:00:00","date_gmt":"2023-11-09T23:00:00","guid":{"rendered":"https:\/\/www.fondazioneunipolis.org\/site\/cinque-leve-per-una-capacita-sistemica-delle-fondazioni-nella-lotta-alle-disuguaglianze\/"},"modified":"2025-12-29T14:45:44","modified_gmt":"2025-12-29T13:45:44","slug":"cinque-leve-per-una-capacita-sistemica-delle-fondazioni-nella-lotta-alle-disuguaglianze","status":"publish","type":"post","link":"https:\/\/www.fondazioneunipolis.org\/site\/news\/cinque-leve-per-una-capacita-sistemica-delle-fondazioni-nella-lotta-alle-disuguaglianze\/","title":{"rendered":"Cinque leve per una capacit\u00e0 sistemica delle Fondazioni nella lotta alle disuguaglianze"},"content":{"rendered":"<div id=\"ctl00_PlaceHolderMain_ctl03__ControlWrapper_RichHtmlField\" class=\"ms-rtestate-field\" style=\"display: inline;\" aria-labelledby=\"ctl00_PlaceHolderMain_ctl03_label\">\n<p>\u200b\u200b<em>Preparare territori e attori chiave, dare continuit\u00e0 agli interventi, usare dati e linguaggi condivisi. Lo short paper del Gruppo<\/em> <em>di lavoro ASviS \u201cFondazioni per lo sviluppo sostenibile&#8221; presentato a Philanthropy Experience 2023.<\/em><\/p>\n<p><em>\u200b<br \/>\n<\/em><\/p>\n<p>Le Fondazioni e gli enti filantropici presentano numerose <strong>iniziative e progetti volti a ridurre le diseguaglianze nei territori lungo l&#8217;intero Paese<\/strong>. Si tratta di esperienze diverse tra loro per obiettivi, declinazioni tematiche, beneficiari e comunit\u00e0 coinvolte, processi e modalit\u00e0 di azione. In questa loro molteplicit\u00e0, \u00e8 possibile individuare leve prioritarie da rafforzare per migliorare la capacit\u00e0 sistemica delle Fondazioni stesse?<\/p>\n<p>\u00c8 a partire da questa domanda che le <strong>31 realt\u00e0 aderenti al <\/strong><a href=\"https:\/\/asvis.it\/gruppo-di-lavoro-trasversale-fondazioni-per-lo-sviluppo-sostenibile\/\" target=\"_blank\" rel=\"noopener\"><strong>Gruppo di Lavoro trasversale di ASviS<\/strong><\/a><strong>, <\/strong>coordinato da Fondazione Unipolis, nel corso del 2023 hanno <strong>condiviso pratiche<\/strong>, raccontandosi le <strong>difficolt\u00e0 riscontrate<\/strong> e discutendo insieme su <strong>possibili soluzioni<\/strong>.<\/p>\n<p>Come il filo conduttore che quest&#8217;anno ha accompagnato la due giorni della <a href=\"https:\/\/www.philanthropyexperience.it\/\" target=\"_blank\" rel=\"noopener\"><strong>Philanthropy Experience<\/strong><\/a> svolta a Siena \u2013 <em>La filantropia al lavoro su senso e soluzioni. Sperimentare, fallire, apprendere, migliorare <\/em>\u2013 il Gruppo si \u00e8 interrogato sul senso di contribuire come Fondazioni a obiettivi di coesione sociale, su fattori di difficolt\u00e0 e su elementi di miglioramento. <strong>Cinque le leve emerse come punti di attenzione per una maggiore capacit\u00e0 di queste organizzazioni nella lotta alle disuguaglianze e al favorire pi\u00f9 in generale un cambiamento sistemico di lungo periodo in sinergia con gli altri attori coinvolti, anche in relazione al complesso scenario di sviluppo sostenibile.\u200b<\/strong><\/p>\n<p>Proprio nella cornice di Siena, il <strong>6 novembre<\/strong>, il Gruppo ASviS ha avuto l&#8217;opportunit\u00e0 di discutere il documento che le presenta. In particolare, nella sessione parallela \u201cAbilitatori e vincoli nella lotta alle disuguaglianze per raggiungere l&#8217;Agenda 2030&#8243; moderata da <strong>Marisa Parmigiani<\/strong> &#8211; Coordinatrice del GdL ASviS Fondazioni e Direttrice della Fondazione Unipolis, a cui hanno partecipato<strong>Tiziana dell&#8217;Orto<\/strong> &#8211; Segretario Generale EY Foundation Onlus e Direttore EY Corporate Responsibility &amp; Sustainability, nonch\u00e9 membro del GdL ASviS, <strong>Marco Tognetti<\/strong> &#8211; Docente di Economia, Marketing e Management presso ISIA Firenze, Universit\u00e0 di design del comparto MUR AFAM, <strong>Alessia Zabatino<\/strong> &#8211; Gruppo di coordinamento Forum Disuguaglianze Diversit\u00e0.<\/p>\n<p>Gli speaker hanno portato il punto di vista interno ed esterno al Gruppo quali soggetti esperti su pianificazione, programmazione e valutazione, terzo settore, politiche pubbliche, imprenditoria e innovazione sociale.<\/p>\n<p><a class=\"ms-rteElement-Button\" href=\"https:\/\/asvis.it\/notizie-sull-alleanza\/19-18624\/fondazioni-cinque-leve-per-fare-sistema-nella-lotta-alle-disuguaglianze\" target=\"_blank\" rel=\"noopener\">Leggi l&#8217;APPROFONDIMENTO su ASviS<\/a><\/p>\n<p>\u200b<\/p>\n<\/div>\n","protected":false},"excerpt":{"rendered":"<p>\u200b\u200bPreparare territori e attori chiave, dare continuit\u00e0 agli interventi, usare dati e linguaggi condivisi. Lo short paper del Gruppo di lavoro ASviS \u201cFondazioni per lo sviluppo sostenibile&#8221; presentato a Philanthropy Experience 2023. \u200b Le Fondazioni e gli enti filantropici presentano numerose iniziative e progetti volti a ridurre le diseguaglianze nei territori lungo l&#8217;intero Paese. Si [&hellip;]<\/p>\n","protected":false},"author":1,"featured_media":3482,"comment_status":"open","ping_status":"open","sticky":false,"template":"","format":"standard","meta":{"_acf_changed":false,"footnotes":""},"categories":[20],"tags":[647],"class_list":["post-2213","post","type-post","status-publish","format-standard","has-post-thumbnail","hentry","category-unipolis","tag-asvis"],"acf":[],"yoast_head":"<!-- This site is optimized with the Yoast SEO plugin v26.1.1 - https:\/\/yoast.com\/wordpress\/plugins\/seo\/ -->\n<title>Cinque leve per una capacit\u00e0 sistemica delle Fondazioni nella lotta alle disuguaglianze - Unipolis<\/title>\n<meta name=\"description\" content=\"Cinque leve per una capacit\u00e0 sistemica delle Fondazioni nella lotta alle disuguaglianze\" \/>\n<meta name=\"robots\" content=\"index, follow, max-snippet:-1, max-image-preview:large, max-video-preview:-1\" \/>\n<link rel=\"canonical\" href=\"https:\/\/www.fondazioneunipolis.org\/site\/cinque-leve-per-una-capacita-sistemica-delle-fondazioni-nella-lotta-alle-disuguaglianze\/\" \/>\n<meta property=\"og:locale\" content=\"it_IT\" \/>\n<meta property=\"og:type\" content=\"article\" \/>\n<meta property=\"og:title\" content=\"Cinque leve per una capacit\u00e0 sistemica delle Fondazioni nella lotta alle disuguaglianze - Unipolis\" \/>\n<meta property=\"og:description\" content=\"Cinque leve per una capacit\u00e0 sistemica delle Fondazioni nella lotta alle disuguaglianze\" \/>\n<meta property=\"og:url\" content=\"https:\/\/dx-factory-unipolis-corporate-wp.ha.servizi.gr-u.it\/site\/cinque-leve-per-una-capacita-sistemica-delle-fondazioni-nella-lotta-alle-disuguaglianze\/\" \/>\n<meta property=\"og:site_name\" content=\"Unipolis\" \/>\n<meta property=\"article:published_time\" content=\"2023-11-09T23:00:00+00:00\" \/>\n<meta property=\"article:modified_time\" content=\"2025-12-29T13:45:44+00:00\" \/>\n<meta property=\"og:image\" content=\"https:\/\/dx-factory-unipolis-corporate-wp.ha.servizi.gr-u.it\/site\/wp-content\/uploads\/import\/PublishingImages\/Notizie\/ASviS_GDL%20Fondazioni_presentazione%20short%20paper%202023.png\" \/>\n\t<meta property=\"og:image:width\" content=\"1\" \/>\n\t<meta property=\"og:image:height\" content=\"1\" \/>\n\t<meta property=\"og:image:type\" content=\"image\/png\" \/>\n<meta name=\"author\" content=\"wsadmin\" \/>\n<meta name=\"twitter:card\" content=\"summary_large_image\" \/>\n<meta name=\"twitter:label1\" content=\"Written by\" \/>\n\t<meta name=\"twitter:data1\" content=\"wsadmin\" \/>\n\t<meta name=\"twitter:label2\" content=\"Est. reading time\" \/>\n\t<meta name=\"twitter:data2\" content=\"3 minutes\" \/>\n<script type=\"application\/ld+json\" class=\"yoast-schema-graph\">{\"@context\":\"https:\/\/schema.org\",\"@graph\":[{\"@type\":\"Article\",\"@id\":\"https:\/\/dx-factory-unipolis-corporate-wp.ha.servizi.gr-u.it\/site\/cinque-leve-per-una-capacita-sistemica-delle-fondazioni-nella-lotta-alle-disuguaglianze\/#article\",\"isPartOf\":{\"@id\":\"https:\/\/dx-factory-unipolis-corporate-wp.ha.servizi.gr-u.it\/site\/cinque-leve-per-una-capacita-sistemica-delle-fondazioni-nella-lotta-alle-disuguaglianze\/\"},\"author\":{\"name\":\"wsadmin\",\"@id\":\"https:\/\/www.fondazioneunipolis.org\/site\/#\/schema\/person\/43819ef7aaa5af51f1ed547eacb5e868\"},\"headline\":\"Cinque leve per una capacit\u00e0 sistemica delle Fondazioni nella lotta alle disuguaglianze\",\"datePublished\":\"2023-11-09T23:00:00+00:00\",\"dateModified\":\"2025-12-29T13:45:44+00:00\",\"mainEntityOfPage\":{\"@id\":\"https:\/\/dx-factory-unipolis-corporate-wp.ha.servizi.gr-u.it\/site\/cinque-leve-per-una-capacita-sistemica-delle-fondazioni-nella-lotta-alle-disuguaglianze\/\"},\"wordCount\":378,\"commentCount\":0,\"publisher\":{\"@id\":\"https:\/\/www.fondazioneunipolis.org\/site\/#organization\"},\"image\":{\"@id\":\"https:\/\/dx-factory-unipolis-corporate-wp.ha.servizi.gr-u.it\/site\/cinque-leve-per-una-capacita-sistemica-delle-fondazioni-nella-lotta-alle-disuguaglianze\/#primaryimage\"},\"thumbnailUrl\":\"https:\/\/www.fondazioneunipolis.org\/site\/wp-content\/uploads\/import\/PublishingImages\/Notizie\/ASviS_GDL Fondazioni_presentazione short paper 2023.png\",\"keywords\":[\"asvis\"],\"articleSection\":[\"Unipolis\"],\"inLanguage\":\"it-IT\",\"potentialAction\":[{\"@type\":\"CommentAction\",\"name\":\"Comment\",\"target\":[\"https:\/\/dx-factory-unipolis-corporate-wp.ha.servizi.gr-u.it\/site\/cinque-leve-per-una-capacita-sistemica-delle-fondazioni-nella-lotta-alle-disuguaglianze\/#respond\"]}]},{\"@type\":\"WebPage\",\"@id\":\"https:\/\/dx-factory-unipolis-corporate-wp.ha.servizi.gr-u.it\/site\/cinque-leve-per-una-capacita-sistemica-delle-fondazioni-nella-lotta-alle-disuguaglianze\/\",\"url\":\"https:\/\/dx-factory-unipolis-corporate-wp.ha.servizi.gr-u.it\/site\/cinque-leve-per-una-capacita-sistemica-delle-fondazioni-nella-lotta-alle-disuguaglianze\/\",\"name\":\"Cinque leve per una capacit\u00e0 sistemica delle Fondazioni nella lotta alle disuguaglianze - Unipolis\",\"isPartOf\":{\"@id\":\"https:\/\/www.fondazioneunipolis.org\/site\/#website\"},\"primaryImageOfPage\":{\"@id\":\"https:\/\/dx-factory-unipolis-corporate-wp.ha.servizi.gr-u.it\/site\/cinque-leve-per-una-capacita-sistemica-delle-fondazioni-nella-lotta-alle-disuguaglianze\/#primaryimage\"},\"image\":{\"@id\":\"https:\/\/dx-factory-unipolis-corporate-wp.ha.servizi.gr-u.it\/site\/cinque-leve-per-una-capacita-sistemica-delle-fondazioni-nella-lotta-alle-disuguaglianze\/#primaryimage\"},\"thumbnailUrl\":\"https:\/\/www.fondazioneunipolis.org\/site\/wp-content\/uploads\/import\/PublishingImages\/Notizie\/ASviS_GDL Fondazioni_presentazione short paper 2023.png\",\"datePublished\":\"2023-11-09T23:00:00+00:00\",\"dateModified\":\"2025-12-29T13:45:44+00:00\",\"description\":\"Cinque leve per una capacit\u00e0 sistemica delle Fondazioni nella lotta alle disuguaglianze\",\"breadcrumb\":{\"@id\":\"https:\/\/dx-factory-unipolis-corporate-wp.ha.servizi.gr-u.it\/site\/cinque-leve-per-una-capacita-sistemica-delle-fondazioni-nella-lotta-alle-disuguaglianze\/#breadcrumb\"},\"inLanguage\":\"it-IT\",\"potentialAction\":[{\"@type\":\"ReadAction\",\"target\":[\"https:\/\/dx-factory-unipolis-corporate-wp.ha.servizi.gr-u.it\/site\/cinque-leve-per-una-capacita-sistemica-delle-fondazioni-nella-lotta-alle-disuguaglianze\/\"]}]},{\"@type\":\"ImageObject\",\"inLanguage\":\"it-IT\",\"@id\":\"https:\/\/dx-factory-unipolis-corporate-wp.ha.servizi.gr-u.it\/site\/cinque-leve-per-una-capacita-sistemica-delle-fondazioni-nella-lotta-alle-disuguaglianze\/#primaryimage\",\"url\":\"https:\/\/www.fondazioneunipolis.org\/site\/wp-content\/uploads\/import\/PublishingImages\/Notizie\/ASviS_GDL Fondazioni_presentazione short paper 2023.png\",\"contentUrl\":\"https:\/\/www.fondazioneunipolis.org\/site\/wp-content\/uploads\/import\/PublishingImages\/Notizie\/ASviS_GDL Fondazioni_presentazione short paper 2023.png\"},{\"@type\":\"BreadcrumbList\",\"@id\":\"https:\/\/dx-factory-unipolis-corporate-wp.ha.servizi.gr-u.it\/site\/cinque-leve-per-una-capacita-sistemica-delle-fondazioni-nella-lotta-alle-disuguaglianze\/#breadcrumb\",\"itemListElement\":[{\"@type\":\"ListItem\",\"position\":1,\"name\":\"Home\",\"item\":\"https:\/\/www.fondazioneunipolis.org\/site\/\"},{\"@type\":\"ListItem\",\"position\":2,\"name\":\"Cinque leve per una capacit\u00e0 sistemica delle Fondazioni nella lotta alle disuguaglianze\"}]},{\"@type\":\"WebSite\",\"@id\":\"https:\/\/www.fondazioneunipolis.org\/site\/#website\",\"url\":\"https:\/\/www.fondazioneunipolis.org\/site\/\",\"name\":\"Unipolis\",\"description\":\"\",\"publisher\":{\"@id\":\"https:\/\/www.fondazioneunipolis.org\/site\/#organization\"},\"potentialAction\":[{\"@type\":\"SearchAction\",\"target\":{\"@type\":\"EntryPoint\",\"urlTemplate\":\"https:\/\/www.fondazioneunipolis.org\/site\/?s={search_term_string}\"},\"query-input\":{\"@type\":\"PropertyValueSpecification\",\"valueRequired\":true,\"valueName\":\"search_term_string\"}}],\"inLanguage\":\"it-IT\"},{\"@type\":\"Organization\",\"@id\":\"https:\/\/www.fondazioneunipolis.org\/site\/#organization\",\"name\":\"Unipolis\",\"url\":\"https:\/\/www.fondazioneunipolis.org\/site\/\",\"logo\":{\"@type\":\"ImageObject\",\"inLanguage\":\"it-IT\",\"@id\":\"https:\/\/www.fondazioneunipolis.org\/site\/#\/schema\/logo\/image\/\",\"url\":\"https:\/\/www.fondazioneunipolis.org\/site\/wp-content\/uploads\/2025\/07\/logo-fondazione-unipolis-1.svg\",\"contentUrl\":\"https:\/\/www.fondazioneunipolis.org\/site\/wp-content\/uploads\/2025\/07\/logo-fondazione-unipolis-1.svg\",\"caption\":\"Unipolis\"},\"image\":{\"@id\":\"https:\/\/www.fondazioneunipolis.org\/site\/#\/schema\/logo\/image\/\"}},{\"@type\":\"Person\",\"@id\":\"https:\/\/www.fondazioneunipolis.org\/site\/#\/schema\/person\/43819ef7aaa5af51f1ed547eacb5e868\",\"name\":\"wsadmin\",\"image\":{\"@type\":\"ImageObject\",\"inLanguage\":\"it-IT\",\"@id\":\"https:\/\/www.fondazioneunipolis.org\/site\/#\/schema\/person\/image\/\",\"url\":\"https:\/\/secure.gravatar.com\/avatar\/6512509e9ae62b647044a2731fadcbf236f2546df7b086feb6df7aabf2ef03aa?s=96&d=mm&r=g\",\"contentUrl\":\"https:\/\/secure.gravatar.com\/avatar\/6512509e9ae62b647044a2731fadcbf236f2546df7b086feb6df7aabf2ef03aa?s=96&d=mm&r=g\",\"caption\":\"wsadmin\"},\"sameAs\":[\"https:\/\/www.fondazioneunipolis.org\/site\"],\"url\":\"https:\/\/www.fondazioneunipolis.org\/site\/author\/wsadmin\/\"}]}<\/script>\n<!-- \/ Yoast SEO plugin. -->","yoast_head_json":{"title":"Cinque leve per una capacit\u00e0 sistemica delle Fondazioni nella lotta alle disuguaglianze - Unipolis","description":"Cinque leve per una capacit\u00e0 sistemica delle Fondazioni nella lotta alle disuguaglianze","robots":{"index":"index","follow":"follow","max-snippet":"max-snippet:-1","max-image-preview":"max-image-preview:large","max-video-preview":"max-video-preview:-1"},"canonical":"https:\/\/www.fondazioneunipolis.org\/site\/cinque-leve-per-una-capacita-sistemica-delle-fondazioni-nella-lotta-alle-disuguaglianze\/","og_locale":"it_IT","og_type":"article","og_title":"Cinque leve per una capacit\u00e0 sistemica delle Fondazioni nella lotta alle disuguaglianze - Unipolis","og_description":"Cinque leve per una capacit\u00e0 sistemica delle Fondazioni nella lotta alle disuguaglianze","og_url":"https:\/\/dx-factory-unipolis-corporate-wp.ha.servizi.gr-u.it\/site\/cinque-leve-per-una-capacita-sistemica-delle-fondazioni-nella-lotta-alle-disuguaglianze\/","og_site_name":"Unipolis","article_published_time":"2023-11-09T23:00:00+00:00","article_modified_time":"2025-12-29T13:45:44+00:00","og_image":[{"url":"https:\/\/dx-factory-unipolis-corporate-wp.ha.servizi.gr-u.it\/site\/wp-content\/uploads\/import\/PublishingImages\/Notizie\/ASviS_GDL Fondazioni_presentazione short paper 2023.png","width":1,"height":1,"type":"image\/png"}],"author":"wsadmin","twitter_card":"summary_large_image","twitter_misc":{"Written by":"wsadmin","Est. reading time":"3 minutes"},"schema":{"@context":"https:\/\/schema.org","@graph":[{"@type":"Article","@id":"https:\/\/dx-factory-unipolis-corporate-wp.ha.servizi.gr-u.it\/site\/cinque-leve-per-una-capacita-sistemica-delle-fondazioni-nella-lotta-alle-disuguaglianze\/#article","isPartOf":{"@id":"https:\/\/dx-factory-unipolis-corporate-wp.ha.servizi.gr-u.it\/site\/cinque-leve-per-una-capacita-sistemica-delle-fondazioni-nella-lotta-alle-disuguaglianze\/"},"author":{"name":"wsadmin","@id":"https:\/\/www.fondazioneunipolis.org\/site\/#\/schema\/person\/43819ef7aaa5af51f1ed547eacb5e868"},"headline":"Cinque leve per una capacit\u00e0 sistemica delle Fondazioni nella lotta alle disuguaglianze","datePublished":"2023-11-09T23:00:00+00:00","dateModified":"2025-12-29T13:45:44+00:00","mainEntityOfPage":{"@id":"https:\/\/dx-factory-unipolis-corporate-wp.ha.servizi.gr-u.it\/site\/cinque-leve-per-una-capacita-sistemica-delle-fondazioni-nella-lotta-alle-disuguaglianze\/"},"wordCount":378,"commentCount":0,"publisher":{"@id":"https:\/\/www.fondazioneunipolis.org\/site\/#organization"},"image":{"@id":"https:\/\/dx-factory-unipolis-corporate-wp.ha.servizi.gr-u.it\/site\/cinque-leve-per-una-capacita-sistemica-delle-fondazioni-nella-lotta-alle-disuguaglianze\/#primaryimage"},"thumbnailUrl":"https:\/\/www.fondazioneunipolis.org\/site\/wp-content\/uploads\/import\/PublishingImages\/Notizie\/ASviS_GDL Fondazioni_presentazione short paper 2023.png","keywords":["asvis"],"articleSection":["Unipolis"],"inLanguage":"it-IT","potentialAction":[{"@type":"CommentAction","name":"Comment","target":["https:\/\/dx-factory-unipolis-corporate-wp.ha.servizi.gr-u.it\/site\/cinque-leve-per-una-capacita-sistemica-delle-fondazioni-nella-lotta-alle-disuguaglianze\/#respond"]}]},{"@type":"WebPage","@id":"https:\/\/dx-factory-unipolis-corporate-wp.ha.servizi.gr-u.it\/site\/cinque-leve-per-una-capacita-sistemica-delle-fondazioni-nella-lotta-alle-disuguaglianze\/","url":"https:\/\/dx-factory-unipolis-corporate-wp.ha.servizi.gr-u.it\/site\/cinque-leve-per-una-capacita-sistemica-delle-fondazioni-nella-lotta-alle-disuguaglianze\/","name":"Cinque leve per una capacit\u00e0 sistemica delle Fondazioni nella lotta alle disuguaglianze - Unipolis","isPartOf":{"@id":"https:\/\/www.fondazioneunipolis.org\/site\/#website"},"primaryImageOfPage":{"@id":"https:\/\/dx-factory-unipolis-corporate-wp.ha.servizi.gr-u.it\/site\/cinque-leve-per-una-capacita-sistemica-delle-fondazioni-nella-lotta-alle-disuguaglianze\/#primaryimage"},"image":{"@id":"https:\/\/dx-factory-unipolis-corporate-wp.ha.servizi.gr-u.it\/site\/cinque-leve-per-una-capacita-sistemica-delle-fondazioni-nella-lotta-alle-disuguaglianze\/#primaryimage"},"thumbnailUrl":"https:\/\/www.fondazioneunipolis.org\/site\/wp-content\/uploads\/import\/PublishingImages\/Notizie\/ASviS_GDL Fondazioni_presentazione short paper 2023.png","datePublished":"2023-11-09T23:00:00+00:00","dateModified":"2025-12-29T13:45:44+00:00","description":"Cinque leve per una capacit\u00e0 sistemica delle Fondazioni nella lotta alle disuguaglianze","breadcrumb":{"@id":"https:\/\/dx-factory-unipolis-corporate-wp.ha.servizi.gr-u.it\/site\/cinque-leve-per-una-capacita-sistemica-delle-fondazioni-nella-lotta-alle-disuguaglianze\/#breadcrumb"},"inLanguage":"it-IT","potentialAction":[{"@type":"ReadAction","target":["https:\/\/dx-factory-unipolis-corporate-wp.ha.servizi.gr-u.it\/site\/cinque-leve-per-una-capacita-sistemica-delle-fondazioni-nella-lotta-alle-disuguaglianze\/"]}]},{"@type":"ImageObject","inLanguage":"it-IT","@id":"https:\/\/dx-factory-unipolis-corporate-wp.ha.servizi.gr-u.it\/site\/cinque-leve-per-una-capacita-sistemica-delle-fondazioni-nella-lotta-alle-disuguaglianze\/#primaryimage","url":"https:\/\/www.fondazioneunipolis.org\/site\/wp-content\/uploads\/import\/PublishingImages\/Notizie\/ASviS_GDL Fondazioni_presentazione short paper 2023.png","contentUrl":"https:\/\/www.fondazioneunipolis.org\/site\/wp-content\/uploads\/import\/PublishingImages\/Notizie\/ASviS_GDL Fondazioni_presentazione short paper 2023.png"},{"@type":"BreadcrumbList","@id":"https:\/\/dx-factory-unipolis-corporate-wp.ha.servizi.gr-u.it\/site\/cinque-leve-per-una-capacita-sistemica-delle-fondazioni-nella-lotta-alle-disuguaglianze\/#breadcrumb","itemListElement":[{"@type":"ListItem","position":1,"name":"Home","item":"https:\/\/www.fondazioneunipolis.org\/site\/"},{"@type":"ListItem","position":2,"name":"Cinque leve per una capacit\u00e0 sistemica delle Fondazioni nella lotta alle disuguaglianze"}]},{"@type":"WebSite","@id":"https:\/\/www.fondazioneunipolis.org\/site\/#website","url":"https:\/\/www.fondazioneunipolis.org\/site\/","name":"Unipolis","description":"","publisher":{"@id":"https:\/\/www.fondazioneunipolis.org\/site\/#organization"},"potentialAction":[{"@type":"SearchAction","target":{"@type":"EntryPoint","urlTemplate":"https:\/\/www.fondazioneunipolis.org\/site\/?s={search_term_string}"},"query-input":{"@type":"PropertyValueSpecification","valueRequired":true,"valueName":"search_term_string"}}],"inLanguage":"it-IT"},{"@type":"Organization","@id":"https:\/\/www.fondazioneunipolis.org\/site\/#organization","name":"Unipolis","url":"https:\/\/www.fondazioneunipolis.org\/site\/","logo":{"@type":"ImageObject","inLanguage":"it-IT","@id":"https:\/\/www.fondazioneunipolis.org\/site\/#\/schema\/logo\/image\/","url":"https:\/\/www.fondazioneunipolis.org\/site\/wp-content\/uploads\/2025\/07\/logo-fondazione-unipolis-1.svg","contentUrl":"https:\/\/www.fondazioneunipolis.org\/site\/wp-content\/uploads\/2025\/07\/logo-fondazione-unipolis-1.svg","caption":"Unipolis"},"image":{"@id":"https:\/\/www.fondazioneunipolis.org\/site\/#\/schema\/logo\/image\/"}},{"@type":"Person","@id":"https:\/\/www.fondazioneunipolis.org\/site\/#\/schema\/person\/43819ef7aaa5af51f1ed547eacb5e868","name":"wsadmin","image":{"@type":"ImageObject","inLanguage":"it-IT","@id":"https:\/\/www.fondazioneunipolis.org\/site\/#\/schema\/person\/image\/","url":"https:\/\/secure.gravatar.com\/avatar\/6512509e9ae62b647044a2731fadcbf236f2546df7b086feb6df7aabf2ef03aa?s=96&d=mm&r=g","contentUrl":"https:\/\/secure.gravatar.com\/avatar\/6512509e9ae62b647044a2731fadcbf236f2546df7b086feb6df7aabf2ef03aa?s=96&d=mm&r=g","caption":"wsadmin"},"sameAs":["https:\/\/www.fondazioneunipolis.org\/site"],"url":"https:\/\/www.fondazioneunipolis.org\/site\/author\/wsadmin\/"}]}},"_links":{"self":[{"href":"https:\/\/www.fondazioneunipolis.org\/site\/wp-json\/wp\/v2\/posts\/2213","targetHints":{"allow":["GET"]}}],"collection":[{"href":"https:\/\/www.fondazioneunipolis.org\/site\/wp-json\/wp\/v2\/posts"}],"about":[{"href":"https:\/\/www.fondazioneunipolis.org\/site\/wp-json\/wp\/v2\/types\/post"}],"author":[{"embeddable":true,"href":"https:\/\/www.fondazioneunipolis.org\/site\/wp-json\/wp\/v2\/users\/1"}],"replies":[{"embeddable":true,"href":"https:\/\/www.fondazioneunipolis.org\/site\/wp-json\/wp\/v2\/comments?post=2213"}],"version-history":[{"count":7,"href":"https:\/\/www.fondazioneunipolis.org\/site\/wp-json\/wp\/v2\/posts\/2213\/revisions"}],"predecessor-version":[{"id":11387,"href":"https:\/\/www.fondazioneunipolis.org\/site\/wp-json\/wp\/v2\/posts\/2213\/revisions\/11387"}],"wp:featuredmedia":[{"embeddable":true,"href":"https:\/\/www.fondazioneunipolis.org\/site\/wp-json\/wp\/v2\/media\/3482"}],"wp:attachment":[{"href":"https:\/\/www.fondazioneunipolis.org\/site\/wp-json\/wp\/v2\/media?parent=2213"}],"wp:term":[{"taxonomy":"category","embeddable":true,"href":"https:\/\/www.fondazioneunipolis.org\/site\/wp-json\/wp\/v2\/categories?post=2213"},{"taxonomy":"post_tag","embeddable":true,"href":"https:\/\/www.fondazioneunipolis.org\/site\/wp-json\/wp\/v2\/tags?post=2213"}],"curies":[{"name":"wp","href":"https:\/\/api.w.org\/{rel}","templated":true}]}}