{"id":2206,"date":"2025-06-03T00:00:00","date_gmt":"2025-06-02T22:00:00","guid":{"rendered":"https:\/\/www.fondazioneunipolis.org\/site\/be-your-hero-incontra-i-minori-stranieri-non-accompagnati-a-lucca-uno-spinoff-del-percorso-bella-storia\/"},"modified":"2026-02-03T13:56:59","modified_gmt":"2026-02-03T12:56:59","slug":"be-your-hero-incontra-i-minori-stranieri-non-accompagnati-a-lucca-uno-spinoff-del-percorso-bella-storia","status":"publish","type":"post","link":"https:\/\/www.fondazioneunipolis.org\/site\/news\/be-your-hero-incontra-i-minori-stranieri-non-accompagnati-a-lucca-uno-spinoff-del-percorso-bella-storia\/","title":{"rendered":"Be Your Hero incontra i minori stranieri non accompagnati: a Lucca uno spinoff del percorso Bella storia"},"content":{"rendered":"<div id=\"ctl00_PlaceHolderMain_ctl03__ControlWrapper_RichHtmlField\" class=\"ms-rtestate-field\" style=\"display: inline;\" aria-labelledby=\"ctl00_PlaceHolderMain_ctl03_label\">\n<p>Tre giornate intense, venti ragazzi, una sola sfida: scoprire i propri \u201csuperpoteri&#8221; attraverso fiducia, ascolto e movimento. Dal 9 all&#8217;11 maggio a Lucca, <a href=\"https:\/\/be.yourhero.it\/\" target=\"_blank\" rel=\"noopener\"><em><strong>Be Your\u00a0Hero<\/strong><\/em> <\/a>\u2013 il format educativo ideato da <strong>Sineglossa<\/strong> e gi\u00e0 sperimentato nell&#8217;ambito del programma <em><strong><a href=\"https:\/\/www.fondazioneunipolis.org\/site\/bella-storia-la-tua\/\" target=\"_blank\" rel=\"noopener\">Bella storia. La tua<\/a><\/strong><\/em> \u2013 ha incontrato per la prima volta un gruppo di minori stranieri non accompagnati, accolti da diverse comunit\u00e0 del territorio. Il camp si inserisce nell&#8217;ambito del programma <em>Bella Storia<\/em> promosso da Fondazione Unipolis ed \u00e8 stato realizzato grazie alla collaborazione con il progetto <strong>GRANDE! Giovani stRanieri Accompagnati Nei percorsi Di InclusionE<\/strong>, un modello di intervento integrato che consente a MSNA in procinto di diventare maggiorenni e ad ex-MSNA in prosieguo amministrativo, di affrontare il passaggio dal contesto protetto all&#8217;autonomia. Si ringrazia in particolare <strong>COSPE<\/strong>, tutto lo staff di volontari del <strong>Centro Nazionale per il Volontariato<\/strong> di Lucca, i giovani volontari europei dei <strong>Corpi Europei di Solidariet\u00e0<\/strong> e l&#8217;associazione <strong>T<\/strong><strong>utori Volontari MSNA<\/strong> della Toscana.<\/p>\n<p>A Sineglossa, un&#8217;organizzazione culturale che disegna modelli di sviluppo sostenibile applicando i processi dell&#8217;arte contemporanea in risposta alle sfide globali, abbiamo chiesto di portare il proprio\u00a0<em>know-how<\/em>\u00a0su\u00a0<a href=\"https:\/\/sineglossa.it\/strumenti\/be-your-hero-2\/\" target=\"_blank\" rel=\"noopener\">processi e tecniche per l&#8217;educazione alle\u00a0<em>life skills<\/em>\u00a0nelle e negli adolescenti<\/a> in un contesto inedito per entrambe le nostre organizzazioni. 20 i partecipanti, provenienti da\u00a0provenienti da Albania, Burkina Faso, Egitto, Gambia, Marocco, Pakistan, Tunisia e Senegal.<\/p>\n<p>\u00abEra la prima volta che <em>Be\u00a0Your Hero<\/em> si cimentava con un target composto da minorenni non accompagnati, con background migratorio\u00bb racconta <strong>Tommaso Sorichetti<\/strong>, trainer di Sineglossa. Un background che, come sottolinea, \u00absignifica persone che sono arrivate in Italia da sole, spesso seguendo tragitti pericolosi e psicologicamente provanti, immesse in percorsi burocratizzati e spersonalizzanti. Significa vivere giornate tra scuola e comunit\u00e0, in una condizione psicologica fragile, difficile da comprendere davvero se non la si \u00e8 vissuta in prima persona\u00bb.<\/p>\n<p>Attraverso l&#8217;<em><strong>Art du D\u00e9placement<\/strong><\/em> \u2013 disciplina di movimento che valorizza il corpo nello spazio urbano senza competizione \u2013 i ragazzi hanno riscoperto il piacere di muoversi, mettersi alla prova e affrontare gli ostacoli, sia fisici che interiori. \u00ab\u00c8 stato spaesante per loro praticare uno sport in cui non ci fossero punti, n\u00e9 vincitori, n\u00e9 gare \u2013 aggiunge il trainer \u2013. L&#8217;ADD li ha aiutati a incuriosirsi di nuovi movimenti, prendersi il tempo di imparare e capire come gestire la paura. Ho visto in tanti incoraggiarsi e osservare chi ne sapeva pi\u00f9 di loro\u00bb.<\/p>\n<p>Accanto all&#8217;attivit\u00e0 fisica, i pomeriggi sono stati dedicati allo sviluppo delle <em>soft skills<\/em>, con una struttura ripensata per accogliere le specificit\u00e0 culturali e linguistiche del gruppo. I formatori hanno lavorato su quattro \u201csuperpoteri&#8221;: <strong>Curiosit\u00e0, Empatia, Ottimismo e Tenacia<\/strong>, utilizzando materiali visivi immediati e creando momenti di condivisione informale sotto le tettoie dei parchi e tra i bastioni della citt\u00e0.<\/p>\n<p>\u00abNonostante la fatica e la stanchezza, ogni pomeriggio sono rimasti con noi per riflettere su ci\u00f2 che era successo. \u2013 prosegue il racconto \u2013 Abbiamo lavorato molto sulla loro solitudine, sul dare voce al mondo interiore, sul creare una situazione di fiducia e rispetto che li facesse sentire abilitati a esprimersi\u00bb.\u00a0 <strong>Elena Sofia Doria<\/strong>, trainer di Sineglossa, lavora spesso con adolescenti: \u00ab&#8230;ma in questa esperienza ho riscoperto quanto la cura, la presenza e il rispetto possano incidere nel creare uno spazio sicuro. Quando i ragazzi hanno sentito di poter essere accolti senza giudizio, hanno iniziato a fidarsi, a cercare lo sguardo, a sorridere davvero.\u00a0Questo ha reso l&#8217;esperienza non solo formativa, ma profondamente umana.\u00bb.<\/p>\n<p>In soli tre giorni, i trainer hanno osservato una trasformazione tangibile: \u00abC&#8217;\u00e8 stata una crescita impressionante della loro consapevolezza. Hanno iniziato ad ascoltare, a rispettare, a prendersi cura dei luoghi, a comprendere il valore di attivit\u00e0 non competitive. E forse, cosa pi\u00f9 preziosa, hanno iniziato a guardare noi adulti non come figure burocratiche, ma come alleati autentici, l\u00ec per loro e con loro\u00bb.<\/p>\n<p>Lo spinoff lucchese di <em>Be Your Hero<\/em> dimostra la forza di un approccio educativo che mette al centro l&#8217;individuo, anche nei contesti pi\u00f9 fragili. \u00abRealizzare il campus <em>Be Your Hero<\/em> con minori stranieri non accompagnati ha mostrato che il tema delle soft ski\u200blls &#8211; inteso come osservare se stessi e le altre persone &#8211; si conferma uno strumento valido per la crescita personale degli adolescenti. Infatti, nel corso dell&#8217;attivit\u00e0 pomeridiana dedicata alla riflessione sulle proprie capacit\u00e0 e su quelle altrui, i partecipanti hanno trovato uno spazio per raccontare la propria storia e per condividere il proprio vissuto come migranti, dimostrando un forte bisogno di poter parlare di s\u00e9\u00bb.\u00a0<strong>Alessia Tripaldi,<\/strong> Responsabile Formazione di Sineglossa e ideatrice della metodologia <em>Be Your Hero<\/em>.<\/p>\n<p>Un&#8217;esperienza che non \u00e8 solo formazione, ma riconoscimento e possibilit\u00e0, in continuit\u00e0 con l&#8217;obiettivo di <em>Bella storia<\/em>, il programma nato per offrire ai giovani in situazioni di vulnerabilit\u00e0, occasioni di crescita e di abilitazione personale.<\/p>\n<p>Scopri di pi\u00f9 su obiettivi e attivit\u00e0 di Bella storia, visita la <a href=\"https:\/\/www.fondazioneunipolis.org\/site\/bella-storia-la-tua\/\" target=\"_blank\" rel=\"noopener\">pagina dedicata<\/a>.<\/p>\n<\/div>\n","protected":false},"excerpt":{"rendered":"<p>Tre giornate intense, venti ragazzi, una sola sfida: scoprire i propri \u201csuperpoteri&#8221; attraverso fiducia, ascolto e movimento. Dal 9 all&#8217;11 maggio a Lucca, Be Your\u00a0Hero \u2013 il format educativo ideato da Sineglossa e gi\u00e0 sperimentato nell&#8217;ambito del programma Bella storia. La tua \u2013 ha incontrato per la prima volta un gruppo di minori stranieri non [&hellip;]<\/p>\n","protected":false},"author":1,"featured_media":6920,"comment_status":"open","ping_status":"open","sticky":false,"template":"","format":"standard","meta":{"_acf_changed":false,"footnotes":""},"categories":[6],"tags":[640],"class_list":["post-2206","post","type-post","status-publish","format-standard","has-post-thumbnail","hentry","category-disuguaglianze","tag-bellastoria"],"acf":[],"yoast_head":"<!-- This site is optimized with the Yoast SEO plugin v26.1.1 - https:\/\/yoast.com\/wordpress\/plugins\/seo\/ -->\n<title>Be Your Hero incontra i minori stranieri non accompagnati: a Lucca uno spinoff del percorso Bella storia - Unipolis<\/title>\n<meta name=\"description\" content=\"Be Your Hero incontra i minori stranieri non accompagnati: a Lucca uno spinoff del percorso Bella storia\" \/>\n<meta name=\"robots\" content=\"index, follow, max-snippet:-1, max-image-preview:large, max-video-preview:-1\" \/>\n<link rel=\"canonical\" href=\"https:\/\/www.fondazioneunipolis.org\/site\/news\/be-your-hero-incontra-i-minori-stranieri-non-accompagnati-a-lucca-uno-spinoff-del-percorso-bella-storia\/\" \/>\n<meta property=\"og:locale\" content=\"it_IT\" \/>\n<meta property=\"og:type\" content=\"article\" \/>\n<meta property=\"og:title\" content=\"Be Your Hero incontra i minori stranieri non accompagnati: a Lucca uno spinoff del percorso Bella storia - Unipolis\" \/>\n<meta property=\"og:description\" content=\"Be Your Hero incontra i minori stranieri non accompagnati: a Lucca uno spinoff del percorso Bella storia\" \/>\n<meta property=\"og:url\" content=\"https:\/\/www.fondazioneunipolis.org\/site\/news\/be-your-hero-incontra-i-minori-stranieri-non-accompagnati-a-lucca-uno-spinoff-del-percorso-bella-storia\/\" \/>\n<meta property=\"og:site_name\" content=\"Unipolis\" \/>\n<meta property=\"article:published_time\" content=\"2025-06-02T22:00:00+00:00\" \/>\n<meta property=\"article:modified_time\" content=\"2026-02-03T12:56:59+00:00\" \/>\n<meta property=\"og:image\" content=\"https:\/\/www.fondazioneunipolis.org\/site\/wp-content\/uploads\/import\/PublishingImages\/BellaStoria\/Spinoff%20Bella%20storia%20Lucca.png\" \/>\n\t<meta property=\"og:image:width\" content=\"1\" \/>\n\t<meta property=\"og:image:height\" content=\"1\" \/>\n\t<meta property=\"og:image:type\" content=\"image\/png\" \/>\n<meta name=\"author\" content=\"wsadmin\" \/>\n<meta name=\"twitter:card\" content=\"summary_large_image\" \/>\n<meta name=\"twitter:label1\" content=\"Written by\" \/>\n\t<meta name=\"twitter:data1\" content=\"wsadmin\" \/>\n\t<meta name=\"twitter:label2\" content=\"Est. reading time\" \/>\n\t<meta name=\"twitter:data2\" content=\"5 minutes\" \/>\n<script type=\"application\/ld+json\" class=\"yoast-schema-graph\">{\"@context\":\"https:\/\/schema.org\",\"@graph\":[{\"@type\":\"Article\",\"@id\":\"https:\/\/www.fondazioneunipolis.org\/site\/news\/be-your-hero-incontra-i-minori-stranieri-non-accompagnati-a-lucca-uno-spinoff-del-percorso-bella-storia\/#article\",\"isPartOf\":{\"@id\":\"https:\/\/www.fondazioneunipolis.org\/site\/news\/be-your-hero-incontra-i-minori-stranieri-non-accompagnati-a-lucca-uno-spinoff-del-percorso-bella-storia\/\"},\"author\":{\"name\":\"wsadmin\",\"@id\":\"https:\/\/www.fondazioneunipolis.org\/site\/#\/schema\/person\/43819ef7aaa5af51f1ed547eacb5e868\"},\"headline\":\"Be Your Hero incontra i minori stranieri non accompagnati: a Lucca uno spinoff del percorso Bella storia\",\"datePublished\":\"2025-06-02T22:00:00+00:00\",\"dateModified\":\"2026-02-03T12:56:59+00:00\",\"mainEntityOfPage\":{\"@id\":\"https:\/\/www.fondazioneunipolis.org\/site\/news\/be-your-hero-incontra-i-minori-stranieri-non-accompagnati-a-lucca-uno-spinoff-del-percorso-bella-storia\/\"},\"wordCount\":821,\"commentCount\":0,\"publisher\":{\"@id\":\"https:\/\/www.fondazioneunipolis.org\/site\/#organization\"},\"image\":{\"@id\":\"https:\/\/www.fondazioneunipolis.org\/site\/news\/be-your-hero-incontra-i-minori-stranieri-non-accompagnati-a-lucca-uno-spinoff-del-percorso-bella-storia\/#primaryimage\"},\"thumbnailUrl\":\"https:\/\/www.fondazioneunipolis.org\/site\/wp-content\/uploads\/import\/PublishingImages\/BellaStoria\/Spinoff Bella storia Lucca.png\",\"keywords\":[\"bellastoria\"],\"articleSection\":[\"Disuguaglianze\"],\"inLanguage\":\"it-IT\",\"potentialAction\":[{\"@type\":\"CommentAction\",\"name\":\"Comment\",\"target\":[\"https:\/\/www.fondazioneunipolis.org\/site\/news\/be-your-hero-incontra-i-minori-stranieri-non-accompagnati-a-lucca-uno-spinoff-del-percorso-bella-storia\/#respond\"]}]},{\"@type\":\"WebPage\",\"@id\":\"https:\/\/www.fondazioneunipolis.org\/site\/news\/be-your-hero-incontra-i-minori-stranieri-non-accompagnati-a-lucca-uno-spinoff-del-percorso-bella-storia\/\",\"url\":\"https:\/\/www.fondazioneunipolis.org\/site\/news\/be-your-hero-incontra-i-minori-stranieri-non-accompagnati-a-lucca-uno-spinoff-del-percorso-bella-storia\/\",\"name\":\"Be Your Hero incontra i minori stranieri non accompagnati: a Lucca uno spinoff del percorso Bella storia - Unipolis\",\"isPartOf\":{\"@id\":\"https:\/\/www.fondazioneunipolis.org\/site\/#website\"},\"primaryImageOfPage\":{\"@id\":\"https:\/\/www.fondazioneunipolis.org\/site\/news\/be-your-hero-incontra-i-minori-stranieri-non-accompagnati-a-lucca-uno-spinoff-del-percorso-bella-storia\/#primaryimage\"},\"image\":{\"@id\":\"https:\/\/www.fondazioneunipolis.org\/site\/news\/be-your-hero-incontra-i-minori-stranieri-non-accompagnati-a-lucca-uno-spinoff-del-percorso-bella-storia\/#primaryimage\"},\"thumbnailUrl\":\"https:\/\/www.fondazioneunipolis.org\/site\/wp-content\/uploads\/import\/PublishingImages\/BellaStoria\/Spinoff Bella storia Lucca.png\",\"datePublished\":\"2025-06-02T22:00:00+00:00\",\"dateModified\":\"2026-02-03T12:56:59+00:00\",\"description\":\"Be Your Hero incontra i minori stranieri non accompagnati: a Lucca uno spinoff del percorso Bella storia\",\"breadcrumb\":{\"@id\":\"https:\/\/www.fondazioneunipolis.org\/site\/news\/be-your-hero-incontra-i-minori-stranieri-non-accompagnati-a-lucca-uno-spinoff-del-percorso-bella-storia\/#breadcrumb\"},\"inLanguage\":\"it-IT\",\"potentialAction\":[{\"@type\":\"ReadAction\",\"target\":[\"https:\/\/www.fondazioneunipolis.org\/site\/news\/be-your-hero-incontra-i-minori-stranieri-non-accompagnati-a-lucca-uno-spinoff-del-percorso-bella-storia\/\"]}]},{\"@type\":\"ImageObject\",\"inLanguage\":\"it-IT\",\"@id\":\"https:\/\/www.fondazioneunipolis.org\/site\/news\/be-your-hero-incontra-i-minori-stranieri-non-accompagnati-a-lucca-uno-spinoff-del-percorso-bella-storia\/#primaryimage\",\"url\":\"https:\/\/www.fondazioneunipolis.org\/site\/wp-content\/uploads\/import\/PublishingImages\/BellaStoria\/Spinoff Bella storia Lucca.png\",\"contentUrl\":\"https:\/\/www.fondazioneunipolis.org\/site\/wp-content\/uploads\/import\/PublishingImages\/BellaStoria\/Spinoff Bella storia Lucca.png\"},{\"@type\":\"BreadcrumbList\",\"@id\":\"https:\/\/www.fondazioneunipolis.org\/site\/news\/be-your-hero-incontra-i-minori-stranieri-non-accompagnati-a-lucca-uno-spinoff-del-percorso-bella-storia\/#breadcrumb\",\"itemListElement\":[{\"@type\":\"ListItem\",\"position\":1,\"name\":\"Home\",\"item\":\"https:\/\/www.fondazioneunipolis.org\/site\/\"},{\"@type\":\"ListItem\",\"position\":2,\"name\":\"Be Your Hero incontra i minori stranieri non accompagnati: a Lucca uno spinoff del percorso Bella storia\"}]},{\"@type\":\"WebSite\",\"@id\":\"https:\/\/www.fondazioneunipolis.org\/site\/#website\",\"url\":\"https:\/\/www.fondazioneunipolis.org\/site\/\",\"name\":\"Unipolis\",\"description\":\"\",\"publisher\":{\"@id\":\"https:\/\/www.fondazioneunipolis.org\/site\/#organization\"},\"potentialAction\":[{\"@type\":\"SearchAction\",\"target\":{\"@type\":\"EntryPoint\",\"urlTemplate\":\"https:\/\/www.fondazioneunipolis.org\/site\/?s={search_term_string}\"},\"query-input\":{\"@type\":\"PropertyValueSpecification\",\"valueRequired\":true,\"valueName\":\"search_term_string\"}}],\"inLanguage\":\"it-IT\"},{\"@type\":\"Organization\",\"@id\":\"https:\/\/www.fondazioneunipolis.org\/site\/#organization\",\"name\":\"Unipolis\",\"url\":\"https:\/\/www.fondazioneunipolis.org\/site\/\",\"logo\":{\"@type\":\"ImageObject\",\"inLanguage\":\"it-IT\",\"@id\":\"https:\/\/www.fondazioneunipolis.org\/site\/#\/schema\/logo\/image\/\",\"url\":\"https:\/\/www.fondazioneunipolis.org\/site\/wp-content\/uploads\/2025\/07\/logo-fondazione-unipolis-1.svg\",\"contentUrl\":\"https:\/\/www.fondazioneunipolis.org\/site\/wp-content\/uploads\/2025\/07\/logo-fondazione-unipolis-1.svg\",\"caption\":\"Unipolis\"},\"image\":{\"@id\":\"https:\/\/www.fondazioneunipolis.org\/site\/#\/schema\/logo\/image\/\"}},{\"@type\":\"Person\",\"@id\":\"https:\/\/www.fondazioneunipolis.org\/site\/#\/schema\/person\/43819ef7aaa5af51f1ed547eacb5e868\",\"name\":\"wsadmin\",\"image\":{\"@type\":\"ImageObject\",\"inLanguage\":\"it-IT\",\"@id\":\"https:\/\/www.fondazioneunipolis.org\/site\/#\/schema\/person\/image\/\",\"url\":\"https:\/\/secure.gravatar.com\/avatar\/6512509e9ae62b647044a2731fadcbf236f2546df7b086feb6df7aabf2ef03aa?s=96&d=mm&r=g\",\"contentUrl\":\"https:\/\/secure.gravatar.com\/avatar\/6512509e9ae62b647044a2731fadcbf236f2546df7b086feb6df7aabf2ef03aa?s=96&d=mm&r=g\",\"caption\":\"wsadmin\"},\"sameAs\":[\"https:\/\/www.fondazioneunipolis.org\/site\"],\"url\":\"https:\/\/www.fondazioneunipolis.org\/site\/author\/wsadmin\/\"}]}<\/script>\n<!-- \/ Yoast SEO plugin. -->","yoast_head_json":{"title":"Be Your Hero incontra i minori stranieri non accompagnati: a Lucca uno spinoff del percorso Bella storia - Unipolis","description":"Be Your Hero incontra i minori stranieri non accompagnati: a Lucca uno spinoff del percorso Bella storia","robots":{"index":"index","follow":"follow","max-snippet":"max-snippet:-1","max-image-preview":"max-image-preview:large","max-video-preview":"max-video-preview:-1"},"canonical":"https:\/\/www.fondazioneunipolis.org\/site\/news\/be-your-hero-incontra-i-minori-stranieri-non-accompagnati-a-lucca-uno-spinoff-del-percorso-bella-storia\/","og_locale":"it_IT","og_type":"article","og_title":"Be Your Hero incontra i minori stranieri non accompagnati: a Lucca uno spinoff del percorso Bella storia - Unipolis","og_description":"Be Your Hero incontra i minori stranieri non accompagnati: a Lucca uno spinoff del percorso Bella storia","og_url":"https:\/\/www.fondazioneunipolis.org\/site\/news\/be-your-hero-incontra-i-minori-stranieri-non-accompagnati-a-lucca-uno-spinoff-del-percorso-bella-storia\/","og_site_name":"Unipolis","article_published_time":"2025-06-02T22:00:00+00:00","article_modified_time":"2026-02-03T12:56:59+00:00","og_image":[{"url":"https:\/\/www.fondazioneunipolis.org\/site\/wp-content\/uploads\/import\/PublishingImages\/BellaStoria\/Spinoff Bella storia Lucca.png","width":1,"height":1,"type":"image\/png"}],"author":"wsadmin","twitter_card":"summary_large_image","twitter_misc":{"Written by":"wsadmin","Est. reading time":"5 minutes"},"schema":{"@context":"https:\/\/schema.org","@graph":[{"@type":"Article","@id":"https:\/\/www.fondazioneunipolis.org\/site\/news\/be-your-hero-incontra-i-minori-stranieri-non-accompagnati-a-lucca-uno-spinoff-del-percorso-bella-storia\/#article","isPartOf":{"@id":"https:\/\/www.fondazioneunipolis.org\/site\/news\/be-your-hero-incontra-i-minori-stranieri-non-accompagnati-a-lucca-uno-spinoff-del-percorso-bella-storia\/"},"author":{"name":"wsadmin","@id":"https:\/\/www.fondazioneunipolis.org\/site\/#\/schema\/person\/43819ef7aaa5af51f1ed547eacb5e868"},"headline":"Be Your Hero incontra i minori stranieri non accompagnati: a Lucca uno spinoff del percorso Bella storia","datePublished":"2025-06-02T22:00:00+00:00","dateModified":"2026-02-03T12:56:59+00:00","mainEntityOfPage":{"@id":"https:\/\/www.fondazioneunipolis.org\/site\/news\/be-your-hero-incontra-i-minori-stranieri-non-accompagnati-a-lucca-uno-spinoff-del-percorso-bella-storia\/"},"wordCount":821,"commentCount":0,"publisher":{"@id":"https:\/\/www.fondazioneunipolis.org\/site\/#organization"},"image":{"@id":"https:\/\/www.fondazioneunipolis.org\/site\/news\/be-your-hero-incontra-i-minori-stranieri-non-accompagnati-a-lucca-uno-spinoff-del-percorso-bella-storia\/#primaryimage"},"thumbnailUrl":"https:\/\/www.fondazioneunipolis.org\/site\/wp-content\/uploads\/import\/PublishingImages\/BellaStoria\/Spinoff Bella storia Lucca.png","keywords":["bellastoria"],"articleSection":["Disuguaglianze"],"inLanguage":"it-IT","potentialAction":[{"@type":"CommentAction","name":"Comment","target":["https:\/\/www.fondazioneunipolis.org\/site\/news\/be-your-hero-incontra-i-minori-stranieri-non-accompagnati-a-lucca-uno-spinoff-del-percorso-bella-storia\/#respond"]}]},{"@type":"WebPage","@id":"https:\/\/www.fondazioneunipolis.org\/site\/news\/be-your-hero-incontra-i-minori-stranieri-non-accompagnati-a-lucca-uno-spinoff-del-percorso-bella-storia\/","url":"https:\/\/www.fondazioneunipolis.org\/site\/news\/be-your-hero-incontra-i-minori-stranieri-non-accompagnati-a-lucca-uno-spinoff-del-percorso-bella-storia\/","name":"Be Your Hero incontra i minori stranieri non accompagnati: a Lucca uno spinoff del percorso Bella storia - Unipolis","isPartOf":{"@id":"https:\/\/www.fondazioneunipolis.org\/site\/#website"},"primaryImageOfPage":{"@id":"https:\/\/www.fondazioneunipolis.org\/site\/news\/be-your-hero-incontra-i-minori-stranieri-non-accompagnati-a-lucca-uno-spinoff-del-percorso-bella-storia\/#primaryimage"},"image":{"@id":"https:\/\/www.fondazioneunipolis.org\/site\/news\/be-your-hero-incontra-i-minori-stranieri-non-accompagnati-a-lucca-uno-spinoff-del-percorso-bella-storia\/#primaryimage"},"thumbnailUrl":"https:\/\/www.fondazioneunipolis.org\/site\/wp-content\/uploads\/import\/PublishingImages\/BellaStoria\/Spinoff Bella storia Lucca.png","datePublished":"2025-06-02T22:00:00+00:00","dateModified":"2026-02-03T12:56:59+00:00","description":"Be Your Hero incontra i minori stranieri non accompagnati: a Lucca uno spinoff del percorso Bella storia","breadcrumb":{"@id":"https:\/\/www.fondazioneunipolis.org\/site\/news\/be-your-hero-incontra-i-minori-stranieri-non-accompagnati-a-lucca-uno-spinoff-del-percorso-bella-storia\/#breadcrumb"},"inLanguage":"it-IT","potentialAction":[{"@type":"ReadAction","target":["https:\/\/www.fondazioneunipolis.org\/site\/news\/be-your-hero-incontra-i-minori-stranieri-non-accompagnati-a-lucca-uno-spinoff-del-percorso-bella-storia\/"]}]},{"@type":"ImageObject","inLanguage":"it-IT","@id":"https:\/\/www.fondazioneunipolis.org\/site\/news\/be-your-hero-incontra-i-minori-stranieri-non-accompagnati-a-lucca-uno-spinoff-del-percorso-bella-storia\/#primaryimage","url":"https:\/\/www.fondazioneunipolis.org\/site\/wp-content\/uploads\/import\/PublishingImages\/BellaStoria\/Spinoff Bella storia Lucca.png","contentUrl":"https:\/\/www.fondazioneunipolis.org\/site\/wp-content\/uploads\/import\/PublishingImages\/BellaStoria\/Spinoff Bella storia Lucca.png"},{"@type":"BreadcrumbList","@id":"https:\/\/www.fondazioneunipolis.org\/site\/news\/be-your-hero-incontra-i-minori-stranieri-non-accompagnati-a-lucca-uno-spinoff-del-percorso-bella-storia\/#breadcrumb","itemListElement":[{"@type":"ListItem","position":1,"name":"Home","item":"https:\/\/www.fondazioneunipolis.org\/site\/"},{"@type":"ListItem","position":2,"name":"Be Your Hero incontra i minori stranieri non accompagnati: a Lucca uno spinoff del percorso Bella storia"}]},{"@type":"WebSite","@id":"https:\/\/www.fondazioneunipolis.org\/site\/#website","url":"https:\/\/www.fondazioneunipolis.org\/site\/","name":"Unipolis","description":"","publisher":{"@id":"https:\/\/www.fondazioneunipolis.org\/site\/#organization"},"potentialAction":[{"@type":"SearchAction","target":{"@type":"EntryPoint","urlTemplate":"https:\/\/www.fondazioneunipolis.org\/site\/?s={search_term_string}"},"query-input":{"@type":"PropertyValueSpecification","valueRequired":true,"valueName":"search_term_string"}}],"inLanguage":"it-IT"},{"@type":"Organization","@id":"https:\/\/www.fondazioneunipolis.org\/site\/#organization","name":"Unipolis","url":"https:\/\/www.fondazioneunipolis.org\/site\/","logo":{"@type":"ImageObject","inLanguage":"it-IT","@id":"https:\/\/www.fondazioneunipolis.org\/site\/#\/schema\/logo\/image\/","url":"https:\/\/www.fondazioneunipolis.org\/site\/wp-content\/uploads\/2025\/07\/logo-fondazione-unipolis-1.svg","contentUrl":"https:\/\/www.fondazioneunipolis.org\/site\/wp-content\/uploads\/2025\/07\/logo-fondazione-unipolis-1.svg","caption":"Unipolis"},"image":{"@id":"https:\/\/www.fondazioneunipolis.org\/site\/#\/schema\/logo\/image\/"}},{"@type":"Person","@id":"https:\/\/www.fondazioneunipolis.org\/site\/#\/schema\/person\/43819ef7aaa5af51f1ed547eacb5e868","name":"wsadmin","image":{"@type":"ImageObject","inLanguage":"it-IT","@id":"https:\/\/www.fondazioneunipolis.org\/site\/#\/schema\/person\/image\/","url":"https:\/\/secure.gravatar.com\/avatar\/6512509e9ae62b647044a2731fadcbf236f2546df7b086feb6df7aabf2ef03aa?s=96&d=mm&r=g","contentUrl":"https:\/\/secure.gravatar.com\/avatar\/6512509e9ae62b647044a2731fadcbf236f2546df7b086feb6df7aabf2ef03aa?s=96&d=mm&r=g","caption":"wsadmin"},"sameAs":["https:\/\/www.fondazioneunipolis.org\/site"],"url":"https:\/\/www.fondazioneunipolis.org\/site\/author\/wsadmin\/"}]}},"_links":{"self":[{"href":"https:\/\/www.fondazioneunipolis.org\/site\/wp-json\/wp\/v2\/posts\/2206","targetHints":{"allow":["GET"]}}],"collection":[{"href":"https:\/\/www.fondazioneunipolis.org\/site\/wp-json\/wp\/v2\/posts"}],"about":[{"href":"https:\/\/www.fondazioneunipolis.org\/site\/wp-json\/wp\/v2\/types\/post"}],"author":[{"embeddable":true,"href":"https:\/\/www.fondazioneunipolis.org\/site\/wp-json\/wp\/v2\/users\/1"}],"replies":[{"embeddable":true,"href":"https:\/\/www.fondazioneunipolis.org\/site\/wp-json\/wp\/v2\/comments?post=2206"}],"version-history":[{"count":10,"href":"https:\/\/www.fondazioneunipolis.org\/site\/wp-json\/wp\/v2\/posts\/2206\/revisions"}],"predecessor-version":[{"id":11864,"href":"https:\/\/www.fondazioneunipolis.org\/site\/wp-json\/wp\/v2\/posts\/2206\/revisions\/11864"}],"wp:featuredmedia":[{"embeddable":true,"href":"https:\/\/www.fondazioneunipolis.org\/site\/wp-json\/wp\/v2\/media\/6920"}],"wp:attachment":[{"href":"https:\/\/www.fondazioneunipolis.org\/site\/wp-json\/wp\/v2\/media?parent=2206"}],"wp:term":[{"taxonomy":"category","embeddable":true,"href":"https:\/\/www.fondazioneunipolis.org\/site\/wp-json\/wp\/v2\/categories?post=2206"},{"taxonomy":"post_tag","embeddable":true,"href":"https:\/\/www.fondazioneunipolis.org\/site\/wp-json\/wp\/v2\/tags?post=2206"}],"curies":[{"name":"wp","href":"https:\/\/api.w.org\/{rel}","templated":true}]}}