{"id":2205,"date":"2025-02-17T00:00:00","date_gmt":"2025-02-16T23:00:00","guid":{"rendered":"https:\/\/www.fondazioneunipolis.org\/site\/bella-storia-la-tua-al-via-la-seconda-edizione\/"},"modified":"2025-12-29T11:34:55","modified_gmt":"2025-12-29T10:34:55","slug":"bella-storia-la-tua-al-via-la-seconda-edizione","status":"publish","type":"post","link":"https:\/\/www.fondazioneunipolis.org\/site\/news\/bella-storia-la-tua-al-via-la-seconda-edizione\/","title":{"rendered":"Bella Storia. La tua. Al via la seconda edizione"},"content":{"rendered":"<div id=\"ctl00_PlaceHolderMain_ctl03__ControlWrapper_RichHtmlField\" class=\"ms-rtestate-field\" style=\"display: inline;\" aria-labelledby=\"ctl00_PlaceHolderMain_ctl03_label\">\n<p><span style=\"font-size: 18px;\"><span lang=\"IT-IT\" data-contrast=\"auto\"><strong>\u200b\u200b\u200b\u200b\u200b\u200b\u200bUn percorso per promuovere equit\u00e0, empowerment e protagonismo giovanile<\/strong><\/span><span data-ccp-props=\"{}\">\u00a0<\/span><\/span><\/p>\n<div>\n<div>\n<p><span lang=\"IT-IT\" data-contrast=\"auto\">Torna con una nuova edizione, il bando per partecipare a <\/span><a href=\"https:\/\/www.fondazioneunipolis.org\/site\/bella-storia-la-tua\/\" target=\"_blank\" rel=\"noreferrer noopener\"><span lang=\"IT-IT\" data-contrast=\"none\"><span data-ccp-charstyle=\"Hyperlink\">Bella storia. La tua.<\/span><\/span><\/a><span lang=\"IT-IT\" data-contrast=\"auto\"> il progetto triennale promosso da Fondazione Unipolis per <\/span><span lang=\"IT-IT\" data-contrast=\"auto\"><strong>accompagnare cinquanta giovani provenienti da Calabria e Campania<\/strong><\/span><span lang=\"IT-IT\" data-contrast=\"auto\"> in un percorso di crescita personale, formazione e orientamento al futuro. L\u2019iniziativa nasce dalla consapevolezza che l\u2019accesso alle opportunit\u00e0 educative e culturali non \u00e8 uguale per tutti e che, per molti studenti, il contesto socioeconomico e territoriale di appartenenza pu\u00f2 rappresentare un ostacolo alle proprie aspirazioni.<\/span><span data-ccp-props=\"{}\">\u00a0<\/span><\/p>\n<\/div>\n<div>\n<p><span lang=\"IT-IT\" data-contrast=\"auto\">Il progetto ha superato le aspettative iniziali ed \u00e8 stato davvero una Bella storia: la prima edizione sta arrivando alla sua conclusione e i risultati ottenuti sino a qui, i progressi e le conquiste delle e dei partecipanti, hanno spinto Fondazione Unipolis a decidere di proseguire l\u2019intervento nelle due Regioni con un nuovo ciclo triennale. L\u2019obiettivo rimane il medesimo, l\u2019impegno di risorse e il coinvolgimento di partner <strong>per <\/strong><\/span><span lang=\"IT-IT\" data-contrast=\"auto\"><strong>una riduzione delle disuguaglianze socioeducative offrendo a giovani strumenti concreti da investire nella formazione per costruire il proprio futuro<\/strong><\/span><span lang=\"IT-IT\" data-contrast=\"auto\"><strong>.<\/strong> <\/span><span lang=\"IT-IT\" data-contrast=\"auto\"><em>Bella Storia<\/em>.<em> La tua.<\/em><\/span><span lang=\"IT-IT\" data-contrast=\"auto\"> non si limita a sostenere il percorso di crescita con un contributo economico, ma propone <\/span><span lang=\"IT-IT\" data-contrast=\"auto\"><strong>un\u2019esperienza formativa pi\u00f9 ampia, che aiuti i partecipanti a sviluppare consapevolezza, autonomia e competenze utili per la vita<\/strong><\/span><span lang=\"IT-IT\" data-contrast=\"auto\"><strong>.<\/strong><\/span><span data-ccp-props=\"{}\">\u00a0<\/span><\/p>\n<p><strong style=\"font-size: 21px;\">\u00a0<\/strong><\/p>\n<p><strong style=\"font-size: 21px;\">Un percorso triennale per investire sul talento dei giovani\u00a0<\/strong>\u200b<\/p>\n<\/div>\n<div><span lang=\"IT-IT\" data-contrast=\"auto\">Il progetto prevede uno sviluppo triennale attraverso il supporto economico, empowerment e crescita culturale, con un approccio graduale che porti gli studenti a <\/span><span lang=\"IT-IT\" data-contrast=\"auto\"><strong>rafforzare competenze personali, sociali e professionali nei tre anni di progettualit\u00e0<\/strong><\/span><span lang=\"IT-IT\" data-contrast=\"auto\"><strong>.<\/strong> Ogni fase del percorso si concentra su aspetti fondamentali della persona, verso l\u2019acquisizione di un proprio spazio nella comunit\u00e0 e sul territorio:<\/span> <span lang=\"IT-IT\" data-contrast=\"auto\">consapevolezza, proattivit\u00e0 e intraprendenza.\u00a0<\/span><span data-ccp-props=\"{}\">\u00a0<\/span><\/div>\n<div><span data-ccp-props=\"{}\">\u00a0<\/span><\/div>\n<div>\n<p><span lang=\"IT-IT\" data-contrast=\"auto\">L\u2019obiettivo \u00e8 fornire ai ragazzi e alle ragazze gli strumenti per diventare \u201cpi\u00f9 consapevoli, pi\u00f9 proattivi, pi\u00f9 abili\u201d e rafforzare la fiducia nelle proprie capacit\u00e0 e costruire percorsi di vita e di studio pi\u00f9 solidi.<\/span><span data-ccp-props=\"{}\">\u00a0<\/span><\/p>\n<p><span data-ccp-props=\"{}\">\u00a0<\/span><\/p>\n<\/div>\n<div>\n<p><span style=\"font-size: 21px;\"><span lang=\"IT-IT\" data-contrast=\"none\"><strong>Un sostegno concreto per il futuro<\/strong><\/span><span data-ccp-props=\"{&quot;134245418&quot;:true,&quot;134245529&quot;:true,&quot;335559738&quot;:160,&quot;335559739&quot;:80}\">\u00a0<\/span><\/span><\/p>\n<\/div>\n<div>\n<p><span lang=\"IT-IT\" data-contrast=\"auto\">L\u2019iniziativa prevede il coinvolgimento attivo di una rete di professionisti, formatori e mentor che supportano\u00a0<\/span><span lang=\"IT-IT\" data-contrast=\"auto\">i partecipanti lungo tutto il percorso. Il progetto offre concretamente un contributo economico fino a <\/span><span lang=\"IT-IT\" data-contrast=\"auto\"><strong>4.500 euro<\/strong> <\/span><span lang=\"IT-IT\" data-contrast=\"auto\">per ciascun partecipante, destinato a sostenere le spese per formazione, materiali scolastici, corsi di approfondimento, attivit\u00e0 culturali e sportive, incentivando l\u2019autonomia nella gestione delle risorse e delle scelte educative.<\/span><span data-ccp-props=\"{}\">\u00a0<\/span><\/p>\n<\/div>\n<div>\n<p><span lang=\"IT-IT\" data-contrast=\"auto\">Oltre al <strong>supporto individuale<\/strong>, i partecipanti avranno l\u2019opportunit\u00e0 di confrontarsi con altri giovani, sviluppare <strong>competenze<\/strong> adeguate ad affrontare il futuro e di partecipare ad attivit\u00e0 di <strong>scoperta del territorio<\/strong>, con esperienze di community engagement pensate per scoprire il proprio territorio con uno sguardo inedito sviluppando un senso di cittadinanza attiva.\u00a0\u00a0<\/span><span data-ccp-props=\"{}\">\u00a0<\/span><\/p>\n<\/div>\n<div>\n<p><span lang=\"IT-IT\" data-contrast=\"auto\">A partire dall\u2019esperienza sviluppata con la prima edizione, Fondazione Unipolis ha deciso di confermare la collaborazione con la rete di partner consolidata nel <\/span><a href=\"https:\/\/www.fondazioneunipolis.org\/site\/bella-storia-il-workshop-degli-alleati-2024-per-condividere-conoscenze-idee-e-visioni\/\" target=\"_blank\" rel=\"noreferrer noopener\"><span lang=\"IT-IT\" data-contrast=\"none\"><span data-ccp-charstyle=\"Hyperlink\">Tavolo degli alleati<\/span><\/span><\/a><span lang=\"IT-IT\" data-contrast=\"auto\">, ampliando la rete grazie ad <\/span><span lang=\"IT-IT\" data-contrast=\"auto\"><strong>Ambassador<\/strong> <\/span><span lang=\"IT-IT\" data-contrast=\"auto\">sul territorio che, condividendone gli obiettivi, si faranno promotori della diffusione del bando.\u00a0<\/span><span data-ccp-props=\"{}\">\u00a0<\/span><\/p>\n<p><span data-ccp-props=\"{}\">\u00a0<\/span><\/p>\n<\/div>\n<div>\n<p><span style=\"font-size: 21px;\"><span lang=\"IT-IT\" data-contrast=\"none\"><span data-ccp-parastyle=\"heading 3\"><strong>Fondazione Unipolis e il suo impegno per <\/strong><\/span><span data-ccp-parastyle=\"heading 3\"><strong>il contrasto alle disuguaglianze<\/strong><\/span><\/span><span data-ccp-props=\"{&quot;134245418&quot;:true,&quot;134245529&quot;:true,&quot;335559738&quot;:160,&quot;335559739&quot;:80}\">\u00a0<\/span><\/span><\/p>\n<\/div>\n<div>\n<p><span lang=\"IT-IT\" data-contrast=\"auto\">Con il progetto \u201cBella Storia. La tua.\u201d, Fondazione Unipolis ribadisce il proprio impegno nel contrastare le disuguaglianze, mettendo al centro di questa azione lo sviluppo delle potenzialit\u00e0 dei giovani. L\u2019iniziativa si inserisce nella pi\u00f9 ampia strategia della Fondazione, che dal 2024 lavora per contribuire ad una societ\u00e0 pi\u00f9 equa e solidale.<\/span><span data-ccp-props=\"{}\">\u00a0<\/span><\/p>\n<\/div>\n<div>\n<p><span lang=\"IT-IT\" data-contrast=\"auto\">Investire sulle nuove generazioni che affrontano la quotidianit\u00e0 in territori caratterizzati da alti indici di povert\u00e0 educativa, significa dare loro la possibilit\u00e0 di scegliere il proprio futuro con maggiore consapevolezza, indipendentemente dalle condizioni di partenza. <\/span><span lang=\"IT-IT\" data-contrast=\"auto\"><em>Bella Storia. La tua<\/em>.<\/span><span lang=\"IT-IT\" data-contrast=\"auto\"> \u00e8 parte di questo impegno, offrendo a cinquanta giovani opportunit\u00e0 concrete di crescita e autonomia.<\/span><span data-ccp-props=\"{}\">\u00a0<\/span><\/p>\n<p><span data-ccp-props=\"{}\">\u00a0<\/span><\/p>\n<p style=\"text-align: left;\"><span lang=\"IT-IT\" data-contrast=\"auto\"><strong>Il bando per la selezione dei partecipanti sar\u00e0 aperto dal 19 febbraio al 28 maggio 2025. Per maggiori informazioni sul bando e sulle modalit\u00e0 di partecipazione, visita la pagina dedicata al progetto<\/strong><\/span><span lang=\"IT-IT\" data-contrast=\"auto\"><strong>.<\/strong><\/span><span data-ccp-props=\"{}\">\u00a0<\/span><\/p>\n<p style=\"text-align: center;\"><a class=\"ms-rteElement-Button\" href=\"https:\/\/www.fondazioneunipolis.org\/site\/bella-storia-la-tua\/\" target=\"_blank\" rel=\"noopener\"><span data-ccp-props=\"{}\">\u200bScopri di pi\u200b\u00f9\u200b\u200b\u200b\u200b<\/span><\/a><\/p>\n<\/div>\n<div>\n<p><span data-ccp-props=\"{}\"><em>Bella storia. La tua \u00e8 un progetto ideato e promosso da Fondazione Unipolis, con il patrocinio di Consiglio Nazionale Giovani, con il supporto di CRU &#8211; Consigli Regionali Unipol e la collaborazione di altri soggetti portatori di conoscenze e competenze differenti, in ottica di messa a sistema di risorse tra attori che ne condividano le finalit\u00e0. Partner strategici: Alleanza Italiana per lo Sviluppo Sostenibile, Forum Disuguaglianze Diversit\u00e0, Secondo Welfare. Partner operativi: Ashoka Italia, Dedalus Cooperativa Sociale, Itinerari Paralleli, Junior Achievement Italia, Kiwi, Sineglossa, Kyosei Cooperativa sociale. Ambassador: Agesci Calabria, Agesci Campania, AiCS Direzione Nazionale, AiCS Comitato Regionale Campania, Arci Campania, ASI &#8211; Associazioni Sportive e Sociali Italiane, Giovani Musulmani d\u2019Italia, Legambiente Calabria, Legambiente Campania, UISP Calabria, UISP Campania. \u200b \u200b<\/em><\/span><\/p>\n<\/div>\n<\/div>\n<p>\u200b<\/p>\n<\/div>\n","protected":false},"excerpt":{"rendered":"<p>\u200b\u200b\u200b\u200b\u200b\u200b\u200bUn percorso per promuovere equit\u00e0, empowerment e protagonismo giovanile\u00a0 Torna con una nuova edizione, il bando per partecipare a Bella storia. La tua. il progetto triennale promosso da Fondazione Unipolis per accompagnare cinquanta giovani provenienti da Calabria e Campania in un percorso di crescita personale, formazione e orientamento al futuro. L\u2019iniziativa nasce dalla consapevolezza che [&hellip;]<\/p>\n","protected":false},"author":1,"featured_media":6876,"comment_status":"open","ping_status":"open","sticky":false,"template":"","format":"standard","meta":{"_acf_changed":false,"footnotes":""},"categories":[6],"tags":[640],"class_list":["post-2205","post","type-post","status-publish","format-standard","has-post-thumbnail","hentry","category-disuguaglianze","tag-bellastoria"],"acf":[],"yoast_head":"<!-- This site is optimized with the Yoast SEO plugin v26.1.1 - https:\/\/yoast.com\/wordpress\/plugins\/seo\/ -->\n<title>Bella Storia. La tua. Al via la seconda edizione - Unipolis<\/title>\n<meta name=\"description\" content=\"Bella Storia. La tua. Al via la seconda edizione\" \/>\n<meta name=\"robots\" content=\"index, follow, max-snippet:-1, max-image-preview:large, max-video-preview:-1\" \/>\n<link rel=\"canonical\" href=\"https:\/\/www.fondazioneunipolis.org\/site\/bella-storia-la-tua-al-via-la-seconda-edizione\/\" \/>\n<meta property=\"og:locale\" content=\"it_IT\" \/>\n<meta property=\"og:type\" content=\"article\" \/>\n<meta property=\"og:title\" content=\"Bella Storia. La tua. Al via la seconda edizione - Unipolis\" \/>\n<meta property=\"og:description\" content=\"Bella Storia. La tua. Al via la seconda edizione\" \/>\n<meta property=\"og:url\" content=\"https:\/\/dx-factory-unipolis-corporate-wp.ha.servizi.gr-u.it\/site\/bella-storia-la-tua-al-via-la-seconda-edizione\/\" \/>\n<meta property=\"og:site_name\" content=\"Unipolis\" \/>\n<meta property=\"article:published_time\" content=\"2025-02-16T23:00:00+00:00\" \/>\n<meta property=\"article:modified_time\" content=\"2025-12-29T10:34:55+00:00\" \/>\n<meta property=\"og:image\" content=\"https:\/\/dx-factory-unipolis-corporate-wp.ha.servizi.gr-u.it\/site\/wp-content\/uploads\/import\/PublishingImages\/Bella%20storia%20seconda%20edizione_img%20news.png\" \/>\n\t<meta property=\"og:image:width\" content=\"1\" \/>\n\t<meta property=\"og:image:height\" content=\"1\" \/>\n\t<meta property=\"og:image:type\" content=\"image\/png\" \/>\n<meta name=\"author\" content=\"wsadmin\" \/>\n<meta name=\"twitter:card\" content=\"summary_large_image\" \/>\n<meta name=\"twitter:label1\" content=\"Written by\" \/>\n\t<meta name=\"twitter:data1\" content=\"wsadmin\" \/>\n\t<meta name=\"twitter:label2\" content=\"Est. reading time\" \/>\n\t<meta name=\"twitter:data2\" content=\"5 minutes\" \/>\n<script type=\"application\/ld+json\" class=\"yoast-schema-graph\">{\"@context\":\"https:\/\/schema.org\",\"@graph\":[{\"@type\":\"Article\",\"@id\":\"https:\/\/dx-factory-unipolis-corporate-wp.ha.servizi.gr-u.it\/site\/bella-storia-la-tua-al-via-la-seconda-edizione\/#article\",\"isPartOf\":{\"@id\":\"https:\/\/dx-factory-unipolis-corporate-wp.ha.servizi.gr-u.it\/site\/bella-storia-la-tua-al-via-la-seconda-edizione\/\"},\"author\":{\"name\":\"wsadmin\",\"@id\":\"https:\/\/www.fondazioneunipolis.org\/site\/#\/schema\/person\/43819ef7aaa5af51f1ed547eacb5e868\"},\"headline\":\"Bella Storia. La tua. Al via la seconda edizione\",\"datePublished\":\"2025-02-16T23:00:00+00:00\",\"dateModified\":\"2025-12-29T10:34:55+00:00\",\"mainEntityOfPage\":{\"@id\":\"https:\/\/dx-factory-unipolis-corporate-wp.ha.servizi.gr-u.it\/site\/bella-storia-la-tua-al-via-la-seconda-edizione\/\"},\"wordCount\":757,\"commentCount\":0,\"publisher\":{\"@id\":\"https:\/\/www.fondazioneunipolis.org\/site\/#organization\"},\"image\":{\"@id\":\"https:\/\/dx-factory-unipolis-corporate-wp.ha.servizi.gr-u.it\/site\/bella-storia-la-tua-al-via-la-seconda-edizione\/#primaryimage\"},\"thumbnailUrl\":\"https:\/\/www.fondazioneunipolis.org\/site\/wp-content\/uploads\/import\/PublishingImages\/Bella storia seconda edizione_img news.png\",\"keywords\":[\"bellastoria\"],\"articleSection\":[\"Disuguaglianze\"],\"inLanguage\":\"it-IT\",\"potentialAction\":[{\"@type\":\"CommentAction\",\"name\":\"Comment\",\"target\":[\"https:\/\/dx-factory-unipolis-corporate-wp.ha.servizi.gr-u.it\/site\/bella-storia-la-tua-al-via-la-seconda-edizione\/#respond\"]}]},{\"@type\":\"WebPage\",\"@id\":\"https:\/\/dx-factory-unipolis-corporate-wp.ha.servizi.gr-u.it\/site\/bella-storia-la-tua-al-via-la-seconda-edizione\/\",\"url\":\"https:\/\/dx-factory-unipolis-corporate-wp.ha.servizi.gr-u.it\/site\/bella-storia-la-tua-al-via-la-seconda-edizione\/\",\"name\":\"Bella Storia. La tua. Al via la seconda edizione - Unipolis\",\"isPartOf\":{\"@id\":\"https:\/\/www.fondazioneunipolis.org\/site\/#website\"},\"primaryImageOfPage\":{\"@id\":\"https:\/\/dx-factory-unipolis-corporate-wp.ha.servizi.gr-u.it\/site\/bella-storia-la-tua-al-via-la-seconda-edizione\/#primaryimage\"},\"image\":{\"@id\":\"https:\/\/dx-factory-unipolis-corporate-wp.ha.servizi.gr-u.it\/site\/bella-storia-la-tua-al-via-la-seconda-edizione\/#primaryimage\"},\"thumbnailUrl\":\"https:\/\/www.fondazioneunipolis.org\/site\/wp-content\/uploads\/import\/PublishingImages\/Bella storia seconda edizione_img news.png\",\"datePublished\":\"2025-02-16T23:00:00+00:00\",\"dateModified\":\"2025-12-29T10:34:55+00:00\",\"description\":\"Bella Storia. La tua. Al via la seconda edizione\",\"breadcrumb\":{\"@id\":\"https:\/\/dx-factory-unipolis-corporate-wp.ha.servizi.gr-u.it\/site\/bella-storia-la-tua-al-via-la-seconda-edizione\/#breadcrumb\"},\"inLanguage\":\"it-IT\",\"potentialAction\":[{\"@type\":\"ReadAction\",\"target\":[\"https:\/\/dx-factory-unipolis-corporate-wp.ha.servizi.gr-u.it\/site\/bella-storia-la-tua-al-via-la-seconda-edizione\/\"]}]},{\"@type\":\"ImageObject\",\"inLanguage\":\"it-IT\",\"@id\":\"https:\/\/dx-factory-unipolis-corporate-wp.ha.servizi.gr-u.it\/site\/bella-storia-la-tua-al-via-la-seconda-edizione\/#primaryimage\",\"url\":\"https:\/\/www.fondazioneunipolis.org\/site\/wp-content\/uploads\/import\/PublishingImages\/Bella storia seconda edizione_img news.png\",\"contentUrl\":\"https:\/\/www.fondazioneunipolis.org\/site\/wp-content\/uploads\/import\/PublishingImages\/Bella storia seconda edizione_img news.png\"},{\"@type\":\"BreadcrumbList\",\"@id\":\"https:\/\/dx-factory-unipolis-corporate-wp.ha.servizi.gr-u.it\/site\/bella-storia-la-tua-al-via-la-seconda-edizione\/#breadcrumb\",\"itemListElement\":[{\"@type\":\"ListItem\",\"position\":1,\"name\":\"Home\",\"item\":\"https:\/\/www.fondazioneunipolis.org\/site\/\"},{\"@type\":\"ListItem\",\"position\":2,\"name\":\"Bella Storia. La tua. Al via la seconda edizione\"}]},{\"@type\":\"WebSite\",\"@id\":\"https:\/\/www.fondazioneunipolis.org\/site\/#website\",\"url\":\"https:\/\/www.fondazioneunipolis.org\/site\/\",\"name\":\"Unipolis\",\"description\":\"\",\"publisher\":{\"@id\":\"https:\/\/www.fondazioneunipolis.org\/site\/#organization\"},\"potentialAction\":[{\"@type\":\"SearchAction\",\"target\":{\"@type\":\"EntryPoint\",\"urlTemplate\":\"https:\/\/www.fondazioneunipolis.org\/site\/?s={search_term_string}\"},\"query-input\":{\"@type\":\"PropertyValueSpecification\",\"valueRequired\":true,\"valueName\":\"search_term_string\"}}],\"inLanguage\":\"it-IT\"},{\"@type\":\"Organization\",\"@id\":\"https:\/\/www.fondazioneunipolis.org\/site\/#organization\",\"name\":\"Unipolis\",\"url\":\"https:\/\/www.fondazioneunipolis.org\/site\/\",\"logo\":{\"@type\":\"ImageObject\",\"inLanguage\":\"it-IT\",\"@id\":\"https:\/\/www.fondazioneunipolis.org\/site\/#\/schema\/logo\/image\/\",\"url\":\"https:\/\/www.fondazioneunipolis.org\/site\/wp-content\/uploads\/2025\/07\/logo-fondazione-unipolis-1.svg\",\"contentUrl\":\"https:\/\/www.fondazioneunipolis.org\/site\/wp-content\/uploads\/2025\/07\/logo-fondazione-unipolis-1.svg\",\"caption\":\"Unipolis\"},\"image\":{\"@id\":\"https:\/\/www.fondazioneunipolis.org\/site\/#\/schema\/logo\/image\/\"}},{\"@type\":\"Person\",\"@id\":\"https:\/\/www.fondazioneunipolis.org\/site\/#\/schema\/person\/43819ef7aaa5af51f1ed547eacb5e868\",\"name\":\"wsadmin\",\"image\":{\"@type\":\"ImageObject\",\"inLanguage\":\"it-IT\",\"@id\":\"https:\/\/www.fondazioneunipolis.org\/site\/#\/schema\/person\/image\/\",\"url\":\"https:\/\/secure.gravatar.com\/avatar\/6512509e9ae62b647044a2731fadcbf236f2546df7b086feb6df7aabf2ef03aa?s=96&d=mm&r=g\",\"contentUrl\":\"https:\/\/secure.gravatar.com\/avatar\/6512509e9ae62b647044a2731fadcbf236f2546df7b086feb6df7aabf2ef03aa?s=96&d=mm&r=g\",\"caption\":\"wsadmin\"},\"sameAs\":[\"https:\/\/www.fondazioneunipolis.org\/site\"],\"url\":\"https:\/\/www.fondazioneunipolis.org\/site\/author\/wsadmin\/\"}]}<\/script>\n<!-- \/ Yoast SEO plugin. -->","yoast_head_json":{"title":"Bella Storia. La tua. Al via la seconda edizione - Unipolis","description":"Bella Storia. La tua. Al via la seconda edizione","robots":{"index":"index","follow":"follow","max-snippet":"max-snippet:-1","max-image-preview":"max-image-preview:large","max-video-preview":"max-video-preview:-1"},"canonical":"https:\/\/www.fondazioneunipolis.org\/site\/bella-storia-la-tua-al-via-la-seconda-edizione\/","og_locale":"it_IT","og_type":"article","og_title":"Bella Storia. La tua. Al via la seconda edizione - Unipolis","og_description":"Bella Storia. La tua. Al via la seconda edizione","og_url":"https:\/\/dx-factory-unipolis-corporate-wp.ha.servizi.gr-u.it\/site\/bella-storia-la-tua-al-via-la-seconda-edizione\/","og_site_name":"Unipolis","article_published_time":"2025-02-16T23:00:00+00:00","article_modified_time":"2025-12-29T10:34:55+00:00","og_image":[{"url":"https:\/\/dx-factory-unipolis-corporate-wp.ha.servizi.gr-u.it\/site\/wp-content\/uploads\/import\/PublishingImages\/Bella storia seconda edizione_img news.png","width":1,"height":1,"type":"image\/png"}],"author":"wsadmin","twitter_card":"summary_large_image","twitter_misc":{"Written by":"wsadmin","Est. reading time":"5 minutes"},"schema":{"@context":"https:\/\/schema.org","@graph":[{"@type":"Article","@id":"https:\/\/dx-factory-unipolis-corporate-wp.ha.servizi.gr-u.it\/site\/bella-storia-la-tua-al-via-la-seconda-edizione\/#article","isPartOf":{"@id":"https:\/\/dx-factory-unipolis-corporate-wp.ha.servizi.gr-u.it\/site\/bella-storia-la-tua-al-via-la-seconda-edizione\/"},"author":{"name":"wsadmin","@id":"https:\/\/www.fondazioneunipolis.org\/site\/#\/schema\/person\/43819ef7aaa5af51f1ed547eacb5e868"},"headline":"Bella Storia. La tua. Al via la seconda edizione","datePublished":"2025-02-16T23:00:00+00:00","dateModified":"2025-12-29T10:34:55+00:00","mainEntityOfPage":{"@id":"https:\/\/dx-factory-unipolis-corporate-wp.ha.servizi.gr-u.it\/site\/bella-storia-la-tua-al-via-la-seconda-edizione\/"},"wordCount":757,"commentCount":0,"publisher":{"@id":"https:\/\/www.fondazioneunipolis.org\/site\/#organization"},"image":{"@id":"https:\/\/dx-factory-unipolis-corporate-wp.ha.servizi.gr-u.it\/site\/bella-storia-la-tua-al-via-la-seconda-edizione\/#primaryimage"},"thumbnailUrl":"https:\/\/www.fondazioneunipolis.org\/site\/wp-content\/uploads\/import\/PublishingImages\/Bella storia seconda edizione_img news.png","keywords":["bellastoria"],"articleSection":["Disuguaglianze"],"inLanguage":"it-IT","potentialAction":[{"@type":"CommentAction","name":"Comment","target":["https:\/\/dx-factory-unipolis-corporate-wp.ha.servizi.gr-u.it\/site\/bella-storia-la-tua-al-via-la-seconda-edizione\/#respond"]}]},{"@type":"WebPage","@id":"https:\/\/dx-factory-unipolis-corporate-wp.ha.servizi.gr-u.it\/site\/bella-storia-la-tua-al-via-la-seconda-edizione\/","url":"https:\/\/dx-factory-unipolis-corporate-wp.ha.servizi.gr-u.it\/site\/bella-storia-la-tua-al-via-la-seconda-edizione\/","name":"Bella Storia. La tua. Al via la seconda edizione - Unipolis","isPartOf":{"@id":"https:\/\/www.fondazioneunipolis.org\/site\/#website"},"primaryImageOfPage":{"@id":"https:\/\/dx-factory-unipolis-corporate-wp.ha.servizi.gr-u.it\/site\/bella-storia-la-tua-al-via-la-seconda-edizione\/#primaryimage"},"image":{"@id":"https:\/\/dx-factory-unipolis-corporate-wp.ha.servizi.gr-u.it\/site\/bella-storia-la-tua-al-via-la-seconda-edizione\/#primaryimage"},"thumbnailUrl":"https:\/\/www.fondazioneunipolis.org\/site\/wp-content\/uploads\/import\/PublishingImages\/Bella storia seconda edizione_img news.png","datePublished":"2025-02-16T23:00:00+00:00","dateModified":"2025-12-29T10:34:55+00:00","description":"Bella Storia. La tua. Al via la seconda edizione","breadcrumb":{"@id":"https:\/\/dx-factory-unipolis-corporate-wp.ha.servizi.gr-u.it\/site\/bella-storia-la-tua-al-via-la-seconda-edizione\/#breadcrumb"},"inLanguage":"it-IT","potentialAction":[{"@type":"ReadAction","target":["https:\/\/dx-factory-unipolis-corporate-wp.ha.servizi.gr-u.it\/site\/bella-storia-la-tua-al-via-la-seconda-edizione\/"]}]},{"@type":"ImageObject","inLanguage":"it-IT","@id":"https:\/\/dx-factory-unipolis-corporate-wp.ha.servizi.gr-u.it\/site\/bella-storia-la-tua-al-via-la-seconda-edizione\/#primaryimage","url":"https:\/\/www.fondazioneunipolis.org\/site\/wp-content\/uploads\/import\/PublishingImages\/Bella storia seconda edizione_img news.png","contentUrl":"https:\/\/www.fondazioneunipolis.org\/site\/wp-content\/uploads\/import\/PublishingImages\/Bella storia seconda edizione_img news.png"},{"@type":"BreadcrumbList","@id":"https:\/\/dx-factory-unipolis-corporate-wp.ha.servizi.gr-u.it\/site\/bella-storia-la-tua-al-via-la-seconda-edizione\/#breadcrumb","itemListElement":[{"@type":"ListItem","position":1,"name":"Home","item":"https:\/\/www.fondazioneunipolis.org\/site\/"},{"@type":"ListItem","position":2,"name":"Bella Storia. La tua. Al via la seconda edizione"}]},{"@type":"WebSite","@id":"https:\/\/www.fondazioneunipolis.org\/site\/#website","url":"https:\/\/www.fondazioneunipolis.org\/site\/","name":"Unipolis","description":"","publisher":{"@id":"https:\/\/www.fondazioneunipolis.org\/site\/#organization"},"potentialAction":[{"@type":"SearchAction","target":{"@type":"EntryPoint","urlTemplate":"https:\/\/www.fondazioneunipolis.org\/site\/?s={search_term_string}"},"query-input":{"@type":"PropertyValueSpecification","valueRequired":true,"valueName":"search_term_string"}}],"inLanguage":"it-IT"},{"@type":"Organization","@id":"https:\/\/www.fondazioneunipolis.org\/site\/#organization","name":"Unipolis","url":"https:\/\/www.fondazioneunipolis.org\/site\/","logo":{"@type":"ImageObject","inLanguage":"it-IT","@id":"https:\/\/www.fondazioneunipolis.org\/site\/#\/schema\/logo\/image\/","url":"https:\/\/www.fondazioneunipolis.org\/site\/wp-content\/uploads\/2025\/07\/logo-fondazione-unipolis-1.svg","contentUrl":"https:\/\/www.fondazioneunipolis.org\/site\/wp-content\/uploads\/2025\/07\/logo-fondazione-unipolis-1.svg","caption":"Unipolis"},"image":{"@id":"https:\/\/www.fondazioneunipolis.org\/site\/#\/schema\/logo\/image\/"}},{"@type":"Person","@id":"https:\/\/www.fondazioneunipolis.org\/site\/#\/schema\/person\/43819ef7aaa5af51f1ed547eacb5e868","name":"wsadmin","image":{"@type":"ImageObject","inLanguage":"it-IT","@id":"https:\/\/www.fondazioneunipolis.org\/site\/#\/schema\/person\/image\/","url":"https:\/\/secure.gravatar.com\/avatar\/6512509e9ae62b647044a2731fadcbf236f2546df7b086feb6df7aabf2ef03aa?s=96&d=mm&r=g","contentUrl":"https:\/\/secure.gravatar.com\/avatar\/6512509e9ae62b647044a2731fadcbf236f2546df7b086feb6df7aabf2ef03aa?s=96&d=mm&r=g","caption":"wsadmin"},"sameAs":["https:\/\/www.fondazioneunipolis.org\/site"],"url":"https:\/\/www.fondazioneunipolis.org\/site\/author\/wsadmin\/"}]}},"_links":{"self":[{"href":"https:\/\/www.fondazioneunipolis.org\/site\/wp-json\/wp\/v2\/posts\/2205","targetHints":{"allow":["GET"]}}],"collection":[{"href":"https:\/\/www.fondazioneunipolis.org\/site\/wp-json\/wp\/v2\/posts"}],"about":[{"href":"https:\/\/www.fondazioneunipolis.org\/site\/wp-json\/wp\/v2\/types\/post"}],"author":[{"embeddable":true,"href":"https:\/\/www.fondazioneunipolis.org\/site\/wp-json\/wp\/v2\/users\/1"}],"replies":[{"embeddable":true,"href":"https:\/\/www.fondazioneunipolis.org\/site\/wp-json\/wp\/v2\/comments?post=2205"}],"version-history":[{"count":6,"href":"https:\/\/www.fondazioneunipolis.org\/site\/wp-json\/wp\/v2\/posts\/2205\/revisions"}],"predecessor-version":[{"id":11277,"href":"https:\/\/www.fondazioneunipolis.org\/site\/wp-json\/wp\/v2\/posts\/2205\/revisions\/11277"}],"wp:featuredmedia":[{"embeddable":true,"href":"https:\/\/www.fondazioneunipolis.org\/site\/wp-json\/wp\/v2\/media\/6876"}],"wp:attachment":[{"href":"https:\/\/www.fondazioneunipolis.org\/site\/wp-json\/wp\/v2\/media?parent=2205"}],"wp:term":[{"taxonomy":"category","embeddable":true,"href":"https:\/\/www.fondazioneunipolis.org\/site\/wp-json\/wp\/v2\/categories?post=2205"},{"taxonomy":"post_tag","embeddable":true,"href":"https:\/\/www.fondazioneunipolis.org\/site\/wp-json\/wp\/v2\/tags?post=2205"}],"curies":[{"name":"wp","href":"https:\/\/api.w.org\/{rel}","templated":true}]}}