{"id":2204,"date":"2022-12-05T00:00:00","date_gmt":"2022-12-04T23:00:00","guid":{"rendered":"https:\/\/www.fondazioneunipolis.org\/site\/bella-storia-la-tua-al-via-il-percorso-in-campania-e-calabria\/"},"modified":"2025-12-31T11:59:13","modified_gmt":"2025-12-31T10:59:13","slug":"bella-storia-la-tua-al-via-il-percorso-in-campania-e-calabria","status":"publish","type":"post","link":"https:\/\/www.fondazioneunipolis.org\/site\/news\/bella-storia-la-tua-al-via-il-percorso-in-campania-e-calabria\/","title":{"rendered":"Bella storia. La tua: al via la prima edizione"},"content":{"rendered":"<div id=\"ctl00_PlaceHolderMain_ctl03__ControlWrapper_RichHtmlField\" class=\"ms-rtestate-field\" style=\"display: inline;\" aria-labelledby=\"ctl00_PlaceHolderMain_ctl03_label\">\n<p>Ha preso ufficialmente il via a novembre\u00a0<a style=\"background-color: #f8f8f8;\" href=\"https:\/\/www.fondazioneunipolis.org\/site\/bella-storia-la-tua\/\" target=\"_blank\" rel=\"noopener\"><strong>Bella storia. La tua<\/strong><\/a>, il percorso di crescita personale e culturale dedicato a 50 ragazze e ragazzi provenienti dalla Campania e dalla Calabria, selezionati attraverso un bando lanciato a maggio 2022.<\/p>\n<p><a href=\"https:\/\/www.secondowelfare.it\/terzo-settore\/fondazioni\/un-percorso-che-alimenti-la-speranza-parte-bella-storia-la-tua\/\" target=\"_blank\" rel=\"noopener\"><strong>&gt;&gt; Per saperne di pi\u00f9 su intenti e obiettivi, leggi l&#8217;intervista a Marisa Parmigiani su Secondo Welfare<\/strong><\/a><\/p>\n<h3>Palestra di competenze<\/h3>\n<p>Prima tappa del percorso che nei prossimi tre anni lavorer\u00e0 per rendere i partecipanti &#8220;<em>pi\u00f9 consapevoli, pi\u00f9 proattivi, pi\u00f9 abili<\/em>&#8221; \u00e8 stato il camp autunnale della <strong>Palestra di competenze<\/strong>, quest&#8217;anno realizzata interamente in collaborazione con\u00a0<a href=\"https:\/\/sineglossa.it\/\" target=\"_blank\" rel=\"noopener\">Sineglossa<\/a>, un&#8217;organizzazione culturale che disegna modelli di sviluppo sostenibile applicando i processi dell&#8217;arte contemporanea in risposta alle sfide globali a cui abbiamo chiesto di portare il proprio know-how su\u00a0<a href=\"https:\/\/sineglossa.it\/strumenti\/be-your-hero-2\/\" target=\"_blank\" rel=\"noopener\">processi e tecniche artistiche\u00a0per l&#8217;educazione alle life skills nelle e negli adolescenti<\/a>. Attraverso il metodo <a href=\"https:\/\/be.yourhero.it\/\" target=\"_blank\" rel=\"noopener\">Be You Hero<\/a> sviluppato da Sineglossa, le e gli studenti sono coinvolti in un percorso di allenamento che unisce l&#8217;esperienza pratica alla riflessione condivisa sulle life skills, per aiutarli a prendere coscienza delle proprie capacit\u00e0 personali e trasversali e imparare che gli ostacoli esistono per essere superati.<\/p>\n<p>A Napoli e a Locri, rispettivamente nei due weekend 19 \u2013 20 e 26 \u2013 27 novembre, abbiamo proposto a 50 studenti un<strong>\u00a0laboratorio di arte e competenze trasversali<\/strong>, in collaborazione con l&#8217;artista Giacomo Giovannetti, un viaggio interiore che si trasforma in un&#8217;opera d&#8217;arte, alla scoperta del proprio eroe\/eroina.<\/p>\n<blockquote>\n<p><a href=\"https:\/\/sineglossa.it\/news\/con-fondazione-unipolis-per-le-life-skills-delle-nuove-generazioni\/\" target=\"_blank\" rel=\"noopener\"><strong>&gt; Per saperne di pi\u00f9 su com&#8217;\u00e8 andata e sulle attivit\u00e0 svolte leggi l&#8217;articolo di Sineglossa<\/strong><\/a><\/p>\n<\/blockquote>\n<p><span style=\"color: #242424; font-size: 21px; font-weight: bold;\">Community engagement<\/span><\/p>\n<p>I camp sono stati anche l&#8217;occasione per avviare il <strong>Community engagement<\/strong>, altra forma di supporto prevista dal progetto e dedicata da una parte alla costruzione di una comunit\u00e0 tra le e i partecipanti al percorso, dall&#8217;altra alla valorizzazione del territorio, promuovendo\u00a0una <strong>mappatura condivisa delle realt\u00e0, spazi e iniziative\u00a0del panorama creativo-culturale nelle due Regioni<\/strong>. Ci lavoreremo in Campania con <a href=\"https:\/\/www.itinerariparalleli.org\/\" target=\"_blank\" rel=\"noopener\">Itinerari Paralleli<\/a>, un&#8217;organizzazione al lavoro su percorsi di innovazione sociale e culturale fondata da 10 professioniste e professionisti provenienti da tutta la Penisola, che tra le altre cose ha restituito alle comunit\u00e0 un bene pubblico nel borgo medievale di Casertavecchia (CE), <a href=\"https:\/\/www.la-finestra.it\/\" target=\"_blank\" rel=\"noopener\">La Finestra<\/a>, il community hub pi\u00f9 piccolo d&#8217;Italia. In Calabria siamo invece al lavoro con <a href=\"https:\/\/www.kiwisite.it\/\" target=\"_blank\" rel=\"noopener\">Kiwi<\/a> una cooperativa sociale con sede a Rosarno (RC) che sviluppa e promuove percorsi educativi e di formazione, processi di scrittura comunitaria, progetti e laboratori mirati a riattivare territori e comunit\u00e0.<\/p>\n<p><span style=\"color: #242424; font-size: 21px; font-weight: bold;\">Mentoring\u200b<\/span><\/p>\n<p>Durante le due giornate, le ragazze e i ragazzi di Bella storia hanno inoltre avuto modo di incontrare e conoscere i propri <strong>mentor<\/strong>, in Campania con <a href=\"https:\/\/www.coopdedalus.it\/\" target=\"_blank\" rel=\"noopener\">Dedalus Cooperativa Sociale<\/a> e in Calabria con <a href=\"https:\/\/www.facebook.com\/KyoseiCooperativaSociale\/\" target=\"_blank\" rel=\"noopener\">Kyosei Cooperativa Sociale<\/a>\u00a0che accompagneranno le ragazze\u200b e i ragazzi lungo il triennio con un <strong>supporto motivazionale e tecnico<\/strong>.<\/p>\n<div>\u200b<\/div>\n<\/div>\n\n\n<iframe loading=\"lazy\" width=\"560\" height=\"315\" src=\"https:\/\/www.youtube.com\/embed\/fG0tN8RPIyI?si=OT-uDva-2tf0ptAe\" title=\"YouTube video player\" frameborder=\"0\" allow=\"accelerometer; autoplay; clipboard-write; encrypted-media; gyroscope; picture-in-picture; web-share\" referrerpolicy=\"strict-origin-when-cross-origin\" allowfullscreen><\/iframe>\n\n\n\n<h3 class=\"wp-block-heading\">Prossimi passi<\/h3>\n\n\n\n<p>Rispetto alla Palestra di competenze al termine dell&#8217;anno scolastico si terr\u00e0&nbsp;secondo camp in cui sperimenteranno la metodologia Be Your Hero Sport &amp; Life Skills, oltre che in un paio di incontri online con <strong>Alessia Tripaldi<\/strong>, responsabile ricerca e formazione di Sineglossa e ideatrice della metodologia, nei mesi di gennaio e aprile.<\/p>\n\n\n\n<p>Nel mese di dicembre le e i partecipanti saranno coinvolti nei primi confronti con i propri mentor, per <strong>disegnare il proprio piano individuale<\/strong> e iniziare subito a immaginare il loro ruolo da adulti nella societ\u00e0.<\/p>\n\n\n\n<p>Con il community engagement continueremo il lavoro collettivo che li porter\u00e0 a <strong>disegnare la mappa dell&#8217;innovazione culturale dei loro territori<\/strong> con gite, confronti, testimonianze e tanti momenti di condivisione.<\/p>\n\n\n\n<p><em>&#8220;Bella storia. La tua&#8221; \u00e8 un progetto ideato e promosso da Fondazione Unipolis, con il patrocinio di Agenzia Nazionale per i Giovani, Alleanza Italiana per lo Sviluppo Sostenibile e Forum Disuguaglianze Diversit\u00e0 e la collaborazione di altri soggetti portatori di conoscenze e competenze differenti, in ottica di messa a sistema di risorse tra attori che ne condividano le finalit\u00e0. Partner istituzionale: Direzione generale Educazione, ricerca e istituti culturali del Ministero della Cultura. Partner strategici: Alleanza Italiana per lo Sviluppo Sostenibile, Forum Disuguaglianze Diversit\u00e0, Secondo Welfare. Partner operativi: Ashoka Italia, Dedalus Cooperativa Sociale, Itinerari Paralleli, Junior Achievement Italia, Kiwi, Sineglossa, Kyosei Cooperativa sociale.&nbsp;<\/em><\/p>\n\n\n\n<p>Scopri di pi\u00f9 sul progetto nella&nbsp;<a href=\"https:\/\/www.fondazioneunipolis.org\/site\/bella-storia-la-tua\/\" target=\"_blank\" rel=\"noreferrer noopener\">pagina de\u200bdicata\u200b<\/a>.<\/p>\n\n\n\n<p><\/p>\n","protected":false},"excerpt":{"rendered":"<p>Ha preso ufficialmente il via a novembre\u00a0Bella storia. La tua, il percorso di crescita personale e culturale dedicato a 50 ragazze e ragazzi provenienti dalla Campania e dalla Calabria.<\/p>\n","protected":false},"author":1,"featured_media":5193,"comment_status":"open","ping_status":"open","sticky":false,"template":"","format":"standard","meta":{"_acf_changed":false,"footnotes":""},"categories":[6],"tags":[640],"class_list":["post-2204","post","type-post","status-publish","format-standard","has-post-thumbnail","hentry","category-disuguaglianze","tag-bellastoria"],"acf":[],"yoast_head":"<!-- This site is optimized with the Yoast SEO plugin v26.1.1 - https:\/\/yoast.com\/wordpress\/plugins\/seo\/ -->\n<title>Bella storia. La tua: al via la prima edizione - Unipolis<\/title>\n<meta name=\"description\" content=\"Ha preso ufficialmente il via a novembre\u00a0Bella storia. La tua, il percorso di crescita personale e culturale dedicato a 50 ragazze e ragazzi provenienti dalla Campania e dalla Calabria, selezionati attraverso un bando lanciato a maggio 2022.\" \/>\n<meta name=\"robots\" content=\"index, follow, max-snippet:-1, max-image-preview:large, max-video-preview:-1\" \/>\n<link rel=\"canonical\" href=\"https:\/\/www.fondazioneunipolis.org\/site\/bella-storia-la-tua-al-via-il-percorso-in-campania-e-calabria\/\" \/>\n<meta property=\"og:locale\" content=\"it_IT\" \/>\n<meta property=\"og:type\" content=\"article\" \/>\n<meta property=\"og:title\" content=\"Bella storia. La tua: al via la prima edizione - Unipolis\" \/>\n<meta property=\"og:description\" content=\"Ha preso ufficialmente il via a novembre\u00a0Bella storia. La tua, il percorso di crescita personale e culturale dedicato a 50 ragazze e ragazzi provenienti dalla Campania e dalla Calabria, selezionati attraverso un bando lanciato a maggio 2022.\" \/>\n<meta property=\"og:url\" content=\"https:\/\/dx-factory-unipolis-corporate-wp.ha.servizi.gr-u.it\/site\/bella-storia-la-tua-al-via-il-percorso-in-campania-e-calabria\/\" \/>\n<meta property=\"og:site_name\" content=\"Unipolis\" \/>\n<meta property=\"article:published_time\" content=\"2022-12-04T23:00:00+00:00\" \/>\n<meta property=\"article:modified_time\" content=\"2025-12-31T10:59:13+00:00\" \/>\n<meta property=\"og:image\" content=\"https:\/\/dx-factory-unipolis-corporate-wp.ha.servizi.gr-u.it\/site\/wp-content\/uploads\/import\/PublishingImages\/news\/Bella%20storia_camp.JPG\" \/>\n\t<meta property=\"og:image:width\" content=\"1\" \/>\n\t<meta property=\"og:image:height\" content=\"1\" \/>\n\t<meta property=\"og:image:type\" content=\"image\/jpeg\" \/>\n<meta name=\"author\" content=\"wsadmin\" \/>\n<meta name=\"twitter:card\" content=\"summary_large_image\" \/>\n<meta name=\"twitter:label1\" content=\"Written by\" \/>\n\t<meta name=\"twitter:data1\" content=\"wsadmin\" \/>\n\t<meta name=\"twitter:label2\" content=\"Est. reading time\" \/>\n\t<meta name=\"twitter:data2\" content=\"4 minutes\" \/>\n<script type=\"application\/ld+json\" class=\"yoast-schema-graph\">{\"@context\":\"https:\/\/schema.org\",\"@graph\":[{\"@type\":\"Article\",\"@id\":\"https:\/\/dx-factory-unipolis-corporate-wp.ha.servizi.gr-u.it\/site\/bella-storia-la-tua-al-via-il-percorso-in-campania-e-calabria\/#article\",\"isPartOf\":{\"@id\":\"https:\/\/dx-factory-unipolis-corporate-wp.ha.servizi.gr-u.it\/site\/bella-storia-la-tua-al-via-il-percorso-in-campania-e-calabria\/\"},\"author\":{\"name\":\"wsadmin\",\"@id\":\"https:\/\/www.fondazioneunipolis.org\/site\/#\/schema\/person\/43819ef7aaa5af51f1ed547eacb5e868\"},\"headline\":\"Bella storia. La tua: al via la prima edizione\",\"datePublished\":\"2022-12-04T23:00:00+00:00\",\"dateModified\":\"2025-12-31T10:59:13+00:00\",\"mainEntityOfPage\":{\"@id\":\"https:\/\/dx-factory-unipolis-corporate-wp.ha.servizi.gr-u.it\/site\/bella-storia-la-tua-al-via-il-percorso-in-campania-e-calabria\/\"},\"wordCount\":699,\"commentCount\":0,\"publisher\":{\"@id\":\"https:\/\/www.fondazioneunipolis.org\/site\/#organization\"},\"image\":{\"@id\":\"https:\/\/dx-factory-unipolis-corporate-wp.ha.servizi.gr-u.it\/site\/bella-storia-la-tua-al-via-il-percorso-in-campania-e-calabria\/#primaryimage\"},\"thumbnailUrl\":\"https:\/\/www.fondazioneunipolis.org\/site\/wp-content\/uploads\/import\/PublishingImages\/news\/Bella storia_camp.JPG\",\"keywords\":[\"bellastoria\"],\"articleSection\":[\"Disuguaglianze\"],\"inLanguage\":\"it-IT\",\"potentialAction\":[{\"@type\":\"CommentAction\",\"name\":\"Comment\",\"target\":[\"https:\/\/dx-factory-unipolis-corporate-wp.ha.servizi.gr-u.it\/site\/bella-storia-la-tua-al-via-il-percorso-in-campania-e-calabria\/#respond\"]}]},{\"@type\":\"WebPage\",\"@id\":\"https:\/\/dx-factory-unipolis-corporate-wp.ha.servizi.gr-u.it\/site\/bella-storia-la-tua-al-via-il-percorso-in-campania-e-calabria\/\",\"url\":\"https:\/\/dx-factory-unipolis-corporate-wp.ha.servizi.gr-u.it\/site\/bella-storia-la-tua-al-via-il-percorso-in-campania-e-calabria\/\",\"name\":\"Bella storia. La tua: al via la prima edizione - Unipolis\",\"isPartOf\":{\"@id\":\"https:\/\/www.fondazioneunipolis.org\/site\/#website\"},\"primaryImageOfPage\":{\"@id\":\"https:\/\/dx-factory-unipolis-corporate-wp.ha.servizi.gr-u.it\/site\/bella-storia-la-tua-al-via-il-percorso-in-campania-e-calabria\/#primaryimage\"},\"image\":{\"@id\":\"https:\/\/dx-factory-unipolis-corporate-wp.ha.servizi.gr-u.it\/site\/bella-storia-la-tua-al-via-il-percorso-in-campania-e-calabria\/#primaryimage\"},\"thumbnailUrl\":\"https:\/\/www.fondazioneunipolis.org\/site\/wp-content\/uploads\/import\/PublishingImages\/news\/Bella storia_camp.JPG\",\"datePublished\":\"2022-12-04T23:00:00+00:00\",\"dateModified\":\"2025-12-31T10:59:13+00:00\",\"description\":\"Ha preso ufficialmente il via a novembre\u00a0Bella storia. La tua, il percorso di crescita personale e culturale dedicato a 50 ragazze e ragazzi provenienti dalla Campania e dalla Calabria, selezionati attraverso un bando lanciato a maggio 2022.\",\"breadcrumb\":{\"@id\":\"https:\/\/dx-factory-unipolis-corporate-wp.ha.servizi.gr-u.it\/site\/bella-storia-la-tua-al-via-il-percorso-in-campania-e-calabria\/#breadcrumb\"},\"inLanguage\":\"it-IT\",\"potentialAction\":[{\"@type\":\"ReadAction\",\"target\":[\"https:\/\/dx-factory-unipolis-corporate-wp.ha.servizi.gr-u.it\/site\/bella-storia-la-tua-al-via-il-percorso-in-campania-e-calabria\/\"]}]},{\"@type\":\"ImageObject\",\"inLanguage\":\"it-IT\",\"@id\":\"https:\/\/dx-factory-unipolis-corporate-wp.ha.servizi.gr-u.it\/site\/bella-storia-la-tua-al-via-il-percorso-in-campania-e-calabria\/#primaryimage\",\"url\":\"https:\/\/www.fondazioneunipolis.org\/site\/wp-content\/uploads\/import\/PublishingImages\/news\/Bella storia_camp.JPG\",\"contentUrl\":\"https:\/\/www.fondazioneunipolis.org\/site\/wp-content\/uploads\/import\/PublishingImages\/news\/Bella storia_camp.JPG\"},{\"@type\":\"BreadcrumbList\",\"@id\":\"https:\/\/dx-factory-unipolis-corporate-wp.ha.servizi.gr-u.it\/site\/bella-storia-la-tua-al-via-il-percorso-in-campania-e-calabria\/#breadcrumb\",\"itemListElement\":[{\"@type\":\"ListItem\",\"position\":1,\"name\":\"Home\",\"item\":\"https:\/\/www.fondazioneunipolis.org\/site\/\"},{\"@type\":\"ListItem\",\"position\":2,\"name\":\"Bella storia. La tua: al via la prima edizione\"}]},{\"@type\":\"WebSite\",\"@id\":\"https:\/\/www.fondazioneunipolis.org\/site\/#website\",\"url\":\"https:\/\/www.fondazioneunipolis.org\/site\/\",\"name\":\"Unipolis\",\"description\":\"\",\"publisher\":{\"@id\":\"https:\/\/www.fondazioneunipolis.org\/site\/#organization\"},\"potentialAction\":[{\"@type\":\"SearchAction\",\"target\":{\"@type\":\"EntryPoint\",\"urlTemplate\":\"https:\/\/www.fondazioneunipolis.org\/site\/?s={search_term_string}\"},\"query-input\":{\"@type\":\"PropertyValueSpecification\",\"valueRequired\":true,\"valueName\":\"search_term_string\"}}],\"inLanguage\":\"it-IT\"},{\"@type\":\"Organization\",\"@id\":\"https:\/\/www.fondazioneunipolis.org\/site\/#organization\",\"name\":\"Unipolis\",\"url\":\"https:\/\/www.fondazioneunipolis.org\/site\/\",\"logo\":{\"@type\":\"ImageObject\",\"inLanguage\":\"it-IT\",\"@id\":\"https:\/\/www.fondazioneunipolis.org\/site\/#\/schema\/logo\/image\/\",\"url\":\"https:\/\/www.fondazioneunipolis.org\/site\/wp-content\/uploads\/2025\/07\/logo-fondazione-unipolis-1.svg\",\"contentUrl\":\"https:\/\/www.fondazioneunipolis.org\/site\/wp-content\/uploads\/2025\/07\/logo-fondazione-unipolis-1.svg\",\"caption\":\"Unipolis\"},\"image\":{\"@id\":\"https:\/\/www.fondazioneunipolis.org\/site\/#\/schema\/logo\/image\/\"}},{\"@type\":\"Person\",\"@id\":\"https:\/\/www.fondazioneunipolis.org\/site\/#\/schema\/person\/43819ef7aaa5af51f1ed547eacb5e868\",\"name\":\"wsadmin\",\"image\":{\"@type\":\"ImageObject\",\"inLanguage\":\"it-IT\",\"@id\":\"https:\/\/www.fondazioneunipolis.org\/site\/#\/schema\/person\/image\/\",\"url\":\"https:\/\/secure.gravatar.com\/avatar\/6512509e9ae62b647044a2731fadcbf236f2546df7b086feb6df7aabf2ef03aa?s=96&d=mm&r=g\",\"contentUrl\":\"https:\/\/secure.gravatar.com\/avatar\/6512509e9ae62b647044a2731fadcbf236f2546df7b086feb6df7aabf2ef03aa?s=96&d=mm&r=g\",\"caption\":\"wsadmin\"},\"sameAs\":[\"https:\/\/www.fondazioneunipolis.org\/site\"],\"url\":\"https:\/\/www.fondazioneunipolis.org\/site\/author\/wsadmin\/\"}]}<\/script>\n<!-- \/ Yoast SEO plugin. -->","yoast_head_json":{"title":"Bella storia. La tua: al via la prima edizione - Unipolis","description":"Ha preso ufficialmente il via a novembre\u00a0Bella storia. La tua, il percorso di crescita personale e culturale dedicato a 50 ragazze e ragazzi provenienti dalla Campania e dalla Calabria, selezionati attraverso un bando lanciato a maggio 2022.","robots":{"index":"index","follow":"follow","max-snippet":"max-snippet:-1","max-image-preview":"max-image-preview:large","max-video-preview":"max-video-preview:-1"},"canonical":"https:\/\/www.fondazioneunipolis.org\/site\/bella-storia-la-tua-al-via-il-percorso-in-campania-e-calabria\/","og_locale":"it_IT","og_type":"article","og_title":"Bella storia. La tua: al via la prima edizione - Unipolis","og_description":"Ha preso ufficialmente il via a novembre\u00a0Bella storia. La tua, il percorso di crescita personale e culturale dedicato a 50 ragazze e ragazzi provenienti dalla Campania e dalla Calabria, selezionati attraverso un bando lanciato a maggio 2022.","og_url":"https:\/\/dx-factory-unipolis-corporate-wp.ha.servizi.gr-u.it\/site\/bella-storia-la-tua-al-via-il-percorso-in-campania-e-calabria\/","og_site_name":"Unipolis","article_published_time":"2022-12-04T23:00:00+00:00","article_modified_time":"2025-12-31T10:59:13+00:00","og_image":[{"url":"https:\/\/dx-factory-unipolis-corporate-wp.ha.servizi.gr-u.it\/site\/wp-content\/uploads\/import\/PublishingImages\/news\/Bella storia_camp.JPG","width":1,"height":1,"type":"image\/jpeg"}],"author":"wsadmin","twitter_card":"summary_large_image","twitter_misc":{"Written by":"wsadmin","Est. reading time":"4 minutes"},"schema":{"@context":"https:\/\/schema.org","@graph":[{"@type":"Article","@id":"https:\/\/dx-factory-unipolis-corporate-wp.ha.servizi.gr-u.it\/site\/bella-storia-la-tua-al-via-il-percorso-in-campania-e-calabria\/#article","isPartOf":{"@id":"https:\/\/dx-factory-unipolis-corporate-wp.ha.servizi.gr-u.it\/site\/bella-storia-la-tua-al-via-il-percorso-in-campania-e-calabria\/"},"author":{"name":"wsadmin","@id":"https:\/\/www.fondazioneunipolis.org\/site\/#\/schema\/person\/43819ef7aaa5af51f1ed547eacb5e868"},"headline":"Bella storia. La tua: al via la prima edizione","datePublished":"2022-12-04T23:00:00+00:00","dateModified":"2025-12-31T10:59:13+00:00","mainEntityOfPage":{"@id":"https:\/\/dx-factory-unipolis-corporate-wp.ha.servizi.gr-u.it\/site\/bella-storia-la-tua-al-via-il-percorso-in-campania-e-calabria\/"},"wordCount":699,"commentCount":0,"publisher":{"@id":"https:\/\/www.fondazioneunipolis.org\/site\/#organization"},"image":{"@id":"https:\/\/dx-factory-unipolis-corporate-wp.ha.servizi.gr-u.it\/site\/bella-storia-la-tua-al-via-il-percorso-in-campania-e-calabria\/#primaryimage"},"thumbnailUrl":"https:\/\/www.fondazioneunipolis.org\/site\/wp-content\/uploads\/import\/PublishingImages\/news\/Bella storia_camp.JPG","keywords":["bellastoria"],"articleSection":["Disuguaglianze"],"inLanguage":"it-IT","potentialAction":[{"@type":"CommentAction","name":"Comment","target":["https:\/\/dx-factory-unipolis-corporate-wp.ha.servizi.gr-u.it\/site\/bella-storia-la-tua-al-via-il-percorso-in-campania-e-calabria\/#respond"]}]},{"@type":"WebPage","@id":"https:\/\/dx-factory-unipolis-corporate-wp.ha.servizi.gr-u.it\/site\/bella-storia-la-tua-al-via-il-percorso-in-campania-e-calabria\/","url":"https:\/\/dx-factory-unipolis-corporate-wp.ha.servizi.gr-u.it\/site\/bella-storia-la-tua-al-via-il-percorso-in-campania-e-calabria\/","name":"Bella storia. La tua: al via la prima edizione - Unipolis","isPartOf":{"@id":"https:\/\/www.fondazioneunipolis.org\/site\/#website"},"primaryImageOfPage":{"@id":"https:\/\/dx-factory-unipolis-corporate-wp.ha.servizi.gr-u.it\/site\/bella-storia-la-tua-al-via-il-percorso-in-campania-e-calabria\/#primaryimage"},"image":{"@id":"https:\/\/dx-factory-unipolis-corporate-wp.ha.servizi.gr-u.it\/site\/bella-storia-la-tua-al-via-il-percorso-in-campania-e-calabria\/#primaryimage"},"thumbnailUrl":"https:\/\/www.fondazioneunipolis.org\/site\/wp-content\/uploads\/import\/PublishingImages\/news\/Bella storia_camp.JPG","datePublished":"2022-12-04T23:00:00+00:00","dateModified":"2025-12-31T10:59:13+00:00","description":"Ha preso ufficialmente il via a novembre\u00a0Bella storia. La tua, il percorso di crescita personale e culturale dedicato a 50 ragazze e ragazzi provenienti dalla Campania e dalla Calabria, selezionati attraverso un bando lanciato a maggio 2022.","breadcrumb":{"@id":"https:\/\/dx-factory-unipolis-corporate-wp.ha.servizi.gr-u.it\/site\/bella-storia-la-tua-al-via-il-percorso-in-campania-e-calabria\/#breadcrumb"},"inLanguage":"it-IT","potentialAction":[{"@type":"ReadAction","target":["https:\/\/dx-factory-unipolis-corporate-wp.ha.servizi.gr-u.it\/site\/bella-storia-la-tua-al-via-il-percorso-in-campania-e-calabria\/"]}]},{"@type":"ImageObject","inLanguage":"it-IT","@id":"https:\/\/dx-factory-unipolis-corporate-wp.ha.servizi.gr-u.it\/site\/bella-storia-la-tua-al-via-il-percorso-in-campania-e-calabria\/#primaryimage","url":"https:\/\/www.fondazioneunipolis.org\/site\/wp-content\/uploads\/import\/PublishingImages\/news\/Bella storia_camp.JPG","contentUrl":"https:\/\/www.fondazioneunipolis.org\/site\/wp-content\/uploads\/import\/PublishingImages\/news\/Bella storia_camp.JPG"},{"@type":"BreadcrumbList","@id":"https:\/\/dx-factory-unipolis-corporate-wp.ha.servizi.gr-u.it\/site\/bella-storia-la-tua-al-via-il-percorso-in-campania-e-calabria\/#breadcrumb","itemListElement":[{"@type":"ListItem","position":1,"name":"Home","item":"https:\/\/www.fondazioneunipolis.org\/site\/"},{"@type":"ListItem","position":2,"name":"Bella storia. La tua: al via la prima edizione"}]},{"@type":"WebSite","@id":"https:\/\/www.fondazioneunipolis.org\/site\/#website","url":"https:\/\/www.fondazioneunipolis.org\/site\/","name":"Unipolis","description":"","publisher":{"@id":"https:\/\/www.fondazioneunipolis.org\/site\/#organization"},"potentialAction":[{"@type":"SearchAction","target":{"@type":"EntryPoint","urlTemplate":"https:\/\/www.fondazioneunipolis.org\/site\/?s={search_term_string}"},"query-input":{"@type":"PropertyValueSpecification","valueRequired":true,"valueName":"search_term_string"}}],"inLanguage":"it-IT"},{"@type":"Organization","@id":"https:\/\/www.fondazioneunipolis.org\/site\/#organization","name":"Unipolis","url":"https:\/\/www.fondazioneunipolis.org\/site\/","logo":{"@type":"ImageObject","inLanguage":"it-IT","@id":"https:\/\/www.fondazioneunipolis.org\/site\/#\/schema\/logo\/image\/","url":"https:\/\/www.fondazioneunipolis.org\/site\/wp-content\/uploads\/2025\/07\/logo-fondazione-unipolis-1.svg","contentUrl":"https:\/\/www.fondazioneunipolis.org\/site\/wp-content\/uploads\/2025\/07\/logo-fondazione-unipolis-1.svg","caption":"Unipolis"},"image":{"@id":"https:\/\/www.fondazioneunipolis.org\/site\/#\/schema\/logo\/image\/"}},{"@type":"Person","@id":"https:\/\/www.fondazioneunipolis.org\/site\/#\/schema\/person\/43819ef7aaa5af51f1ed547eacb5e868","name":"wsadmin","image":{"@type":"ImageObject","inLanguage":"it-IT","@id":"https:\/\/www.fondazioneunipolis.org\/site\/#\/schema\/person\/image\/","url":"https:\/\/secure.gravatar.com\/avatar\/6512509e9ae62b647044a2731fadcbf236f2546df7b086feb6df7aabf2ef03aa?s=96&d=mm&r=g","contentUrl":"https:\/\/secure.gravatar.com\/avatar\/6512509e9ae62b647044a2731fadcbf236f2546df7b086feb6df7aabf2ef03aa?s=96&d=mm&r=g","caption":"wsadmin"},"sameAs":["https:\/\/www.fondazioneunipolis.org\/site"],"url":"https:\/\/www.fondazioneunipolis.org\/site\/author\/wsadmin\/"}]}},"_links":{"self":[{"href":"https:\/\/www.fondazioneunipolis.org\/site\/wp-json\/wp\/v2\/posts\/2204","targetHints":{"allow":["GET"]}}],"collection":[{"href":"https:\/\/www.fondazioneunipolis.org\/site\/wp-json\/wp\/v2\/posts"}],"about":[{"href":"https:\/\/www.fondazioneunipolis.org\/site\/wp-json\/wp\/v2\/types\/post"}],"author":[{"embeddable":true,"href":"https:\/\/www.fondazioneunipolis.org\/site\/wp-json\/wp\/v2\/users\/1"}],"replies":[{"embeddable":true,"href":"https:\/\/www.fondazioneunipolis.org\/site\/wp-json\/wp\/v2\/comments?post=2204"}],"version-history":[{"count":13,"href":"https:\/\/www.fondazioneunipolis.org\/site\/wp-json\/wp\/v2\/posts\/2204\/revisions"}],"predecessor-version":[{"id":11570,"href":"https:\/\/www.fondazioneunipolis.org\/site\/wp-json\/wp\/v2\/posts\/2204\/revisions\/11570"}],"wp:featuredmedia":[{"embeddable":true,"href":"https:\/\/www.fondazioneunipolis.org\/site\/wp-json\/wp\/v2\/media\/5193"}],"wp:attachment":[{"href":"https:\/\/www.fondazioneunipolis.org\/site\/wp-json\/wp\/v2\/media?parent=2204"}],"wp:term":[{"taxonomy":"category","embeddable":true,"href":"https:\/\/www.fondazioneunipolis.org\/site\/wp-json\/wp\/v2\/categories?post=2204"},{"taxonomy":"post_tag","embeddable":true,"href":"https:\/\/www.fondazioneunipolis.org\/site\/wp-json\/wp\/v2\/tags?post=2204"}],"curies":[{"name":"wp","href":"https:\/\/api.w.org\/{rel}","templated":true}]}}