{"id":2201,"date":"2025-06-06T00:00:00","date_gmt":"2025-06-05T22:00:00","guid":{"rendered":"https:\/\/www.fondazioneunipolis.org\/site\/bella-storia-ultimo-appuntamento-del-community-engagement-in-calabria-2025\/"},"modified":"2025-12-10T12:38:46","modified_gmt":"2025-12-10T11:38:46","slug":"bella-storia-ultimo-appuntamento-del-community-engagement-in-calabria-2025","status":"publish","type":"post","link":"https:\/\/www.fondazioneunipolis.org\/site\/news\/bella-storia-ultimo-appuntamento-del-community-engagement-in-calabria-2025\/","title":{"rendered":"Bella storia: ultimo appuntamento del Community Engagement in Calabria 2025"},"content":{"rendered":"<div id=\"ctl00_PlaceHolderMain_ctl03__ControlWrapper_RichHtmlField\" class=\"ms-rtestate-field\" style=\"display: inline;\" aria-labelledby=\"ctl00_PlaceHolderMain_ctl03_label\">\n<p>\u200b<\/p>\n<p>Si avvia verso la conclusione la prima edizione di <strong><em><a href=\"https:\/\/www.fondazioneunipolis.org\/site\/bella-storia-la-tua\/\" target=\"_blank\" rel=\"noopener\">Bella Storia. La tua<\/a><\/em><\/strong>, il percorso triennale che abbiamo ideato e promosso per consentire a 50 giovani provenienti dalla Calabria e dalla Campania di crescere e diventare protagonisti e protagoniste del loro futuro.<\/p>\n<p>Ogni partecipante ha beneficiato di un supporto economico annuale destinato a coprire costi legati alla formazione scolastica e allo sviluppo della propria persona, a un percorso di mentoring e alla partecipazione a campi formativi sia in presenza che online, nell&#8217;ambito del programma \u201cPalestra di competenze&#8221;. Inoltre, i partecipanti sono stati attivamente impegnati in iniziative di coinvolgimento, come la <strong>mappatura delle risorse culturali del territorio e la partecipazione a eventi locali<\/strong>, contribuendo cos\u00ec a rafforzare il senso di identit\u00e0 collettiva e la coesione all&#8217;interno della comunit\u00e0.<\/p>\n<p>Una forte emozione ha caratterizzato <strong>l&#8217;ultima attivit\u00e0 sul territorio calabrese del community engagement<\/strong>. Cos\u00ec ce la racconta <strong>Angelo Carchidi di Kiwi <\/strong><strong>Societ\u00e0 cooperativa \u2013 impresa sociale<\/strong>, responsabile del Community engagement in Calabria: \u201cci siamo trovati a Locri per una domenica differente dalle solite, cos\u00ec come sono state le giornate festive in questi tre anni in giro per la Calabria targate Bella storia!&#8221;<\/p>\n<p>Partiti nel 2022 con una serie di visite a presidi culturali e imprenditoriali innovativi, aziende agricole e parchi naturali, nell&#8217;ultima parte del percorso di community engagement, sulla scorta delle esperienze vissute, <strong>ragazze e ragazzi sono stati invitati a individuare parole chiave, temi e oggetti di uso quotidiano che raccontassero i loro interessi e le prospettive lavorative o di studio<\/strong>. Da queste, in gruppo o da soli, <strong>\u00e8 stato sviluppato un progetto, un&#8217;attivit\u00e0 concreta o un evento che li rappresentasse e da raccontare domenica 18 maggio<\/strong>, ospiti del <a href=\"https:\/\/musei.calabria.beniculturali.it\/musei?mid=84&amp;nome=museo-e-parco-archeologico-nazionale-di-locri\" target=\"_blank\" rel=\"noopener\"><strong>Parco e Museo Archeologico Nazionale di Locri<\/strong>.\u200b<\/a><\/p>\n<p>Dopo una visita al parco e ai resti delle terme romane, e una pausa pranzo sotto un ulivo centenario, tra le vetrine del Tempio di Maras\u00e0 e la vita femminile della Locri magnogreca, raccontata all&#8217;interno dell&#8217;omonimo Museo, <strong>16 partecipanti a <\/strong><strong><em>Bella storia. La tua <\/em><\/strong><strong>hanno condiviso l&#8217;esito finale del percorso di comunit\u00e0 vissuto in Calabria<\/strong>, alla presenza di familiari e amici. Tra le esperienze raccontate e direttamente vissute dai partecipanti: una passeggiata fotografica sul sentiero \u201cLivorno&#8221; di Scilla, organizzata con un&#8217;associazione locale; un evento di musica e degustazioni previsto per agosto al parco archeologico di Laos; un nuovo gruppo di lettura che porta i libri per le strade di Polistena e Rosarno; un laboratorio sulla percezione della propria citt\u00e0 con i pi\u00f9 piccoli, all&#8217;interno dell&#8217;oratorio \u201cPadre Forno&#8221; nel quartiere di Condera; i risultati di un sondaggio sull&#8217;impegno politico dei giovani under 30; e un progetto di comunicazione partecipata con bambine e bambini per raccontare il Grande Ospedale Metropolitano di Reggio Calabria. Un mosaico di temi e sguardi sul presente che ha suscitato grande emozione.<\/p>\n<p>Di seguito, le parole di <strong>Vincenzo Panuccio e Angelo Carchidi di Kiwi<\/strong>: \u201cAvere avuto la dimostrazione concreta di quanto il percorso di <em>Bella storia<\/em> abbia prodotto, notare la crescita emotiva e intellettuale dei ragazzi in una domenica di sole e sorrisi, \u00e8 stato molto toccante.&#8221; Prosegue Vincenzo: \u201cSiamo felici che a vivere questa giornata siano stati anche amici e familiari di alcuni ragazzi e che, ad ascoltare le loro storie con noi, ci sia stata Elisa (Elisa Paluan, program manager di Fondazione Unipolis), con la quale in questi anni abbiamo condiviso visioni e proposte per garantire il miglior impatto possibile delle nostre attivit\u00e0 nella vita dei ragazzi.&#8221;<\/p>\n<p>Un&#8217;esperienza che ha coinvolto non solo i diretti partecipanti, ma anche la comunit\u00e0 fatta di famiglie, amici, associazioni e imprese, che hanno conosciuto da vicino i ragazzi e le ragazze e oggi possono toccare con mano come il futuro, anche in Calabria, possa davvero essere una bella storia. L&#8217;appuntamento ora \u00e8 con il Camp estivo, che segner\u00e0 la fine del percorso per tutti i e le partecipanti coinvolte.<\/p>\n<\/div>\n","protected":false},"excerpt":{"rendered":"<p>\u200b Si avvia verso la conclusione la prima edizione di Bella Storia. La tua, il percorso triennale che abbiamo ideato e promosso per consentire a 50 giovani provenienti dalla Calabria e dalla Campania di crescere e diventare protagonisti e protagoniste del loro futuro. Ogni partecipante ha beneficiato di un supporto economico annuale destinato a coprire [&hellip;]<\/p>\n","protected":false},"author":1,"featured_media":9544,"comment_status":"open","ping_status":"open","sticky":false,"template":"","format":"standard","meta":{"_acf_changed":false,"footnotes":""},"categories":[6],"tags":[640],"class_list":["post-2201","post","type-post","status-publish","format-standard","has-post-thumbnail","hentry","category-disuguaglianze","tag-bellastoria"],"acf":[],"yoast_head":"<!-- This site is optimized with the Yoast SEO plugin v26.1.1 - https:\/\/yoast.com\/wordpress\/plugins\/seo\/ -->\n<title>Bella storia: ultimo appuntamento del Community Engagement in Calabria 2025 - Unipolis<\/title>\n<meta name=\"description\" content=\"Bella storia: ultimo appuntamento del Community Engagement in Calabria 2025\" \/>\n<meta name=\"robots\" content=\"index, follow, max-snippet:-1, max-image-preview:large, max-video-preview:-1\" \/>\n<link rel=\"canonical\" href=\"https:\/\/www.fondazioneunipolis.org\/site\/bella-storia-ultimo-appuntamento-del-community-engagement-in-calabria-2025\/\" \/>\n<meta property=\"og:locale\" content=\"it_IT\" \/>\n<meta property=\"og:type\" content=\"article\" \/>\n<meta property=\"og:title\" content=\"Bella storia: ultimo appuntamento del Community Engagement in Calabria 2025 - Unipolis\" \/>\n<meta property=\"og:description\" content=\"Bella storia: ultimo appuntamento del Community Engagement in Calabria 2025\" \/>\n<meta property=\"og:url\" content=\"https:\/\/dx-factory-unipolis-corporate-wp.ha.servizi.gr-u.it\/site\/bella-storia-ultimo-appuntamento-del-community-engagement-in-calabria-2025\/\" \/>\n<meta property=\"og:site_name\" content=\"Unipolis\" \/>\n<meta property=\"article:published_time\" content=\"2025-06-05T22:00:00+00:00\" \/>\n<meta property=\"article:modified_time\" content=\"2025-12-10T11:38:46+00:00\" \/>\n<meta property=\"og:image\" content=\"https:\/\/dx-factory-unipolis-corporate-wp.ha.servizi.gr-u.it\/site\/wp-content\/uploads\/2025\/06\/Community-BS1-Calabria.png\" \/>\n\t<meta property=\"og:image:width\" content=\"1440\" \/>\n\t<meta property=\"og:image:height\" content=\"900\" \/>\n\t<meta property=\"og:image:type\" content=\"image\/png\" \/>\n<meta name=\"author\" content=\"wsadmin\" \/>\n<meta name=\"twitter:card\" content=\"summary_large_image\" \/>\n<meta name=\"twitter:label1\" content=\"Written by\" \/>\n\t<meta name=\"twitter:data1\" content=\"wsadmin\" \/>\n\t<meta name=\"twitter:label2\" content=\"Est. reading time\" \/>\n\t<meta name=\"twitter:data2\" content=\"4 minutes\" \/>\n<script type=\"application\/ld+json\" class=\"yoast-schema-graph\">{\"@context\":\"https:\/\/schema.org\",\"@graph\":[{\"@type\":\"Article\",\"@id\":\"https:\/\/dx-factory-unipolis-corporate-wp.ha.servizi.gr-u.it\/site\/bella-storia-ultimo-appuntamento-del-community-engagement-in-calabria-2025\/#article\",\"isPartOf\":{\"@id\":\"https:\/\/dx-factory-unipolis-corporate-wp.ha.servizi.gr-u.it\/site\/bella-storia-ultimo-appuntamento-del-community-engagement-in-calabria-2025\/\"},\"author\":{\"name\":\"wsadmin\",\"@id\":\"https:\/\/www.fondazioneunipolis.org\/site\/#\/schema\/person\/43819ef7aaa5af51f1ed547eacb5e868\"},\"headline\":\"Bella storia: ultimo appuntamento del Community Engagement in Calabria 2025\",\"datePublished\":\"2025-06-05T22:00:00+00:00\",\"dateModified\":\"2025-12-10T11:38:46+00:00\",\"mainEntityOfPage\":{\"@id\":\"https:\/\/dx-factory-unipolis-corporate-wp.ha.servizi.gr-u.it\/site\/bella-storia-ultimo-appuntamento-del-community-engagement-in-calabria-2025\/\"},\"wordCount\":646,\"commentCount\":0,\"publisher\":{\"@id\":\"https:\/\/www.fondazioneunipolis.org\/site\/#organization\"},\"image\":{\"@id\":\"https:\/\/dx-factory-unipolis-corporate-wp.ha.servizi.gr-u.it\/site\/bella-storia-ultimo-appuntamento-del-community-engagement-in-calabria-2025\/#primaryimage\"},\"thumbnailUrl\":\"https:\/\/www.fondazioneunipolis.org\/site\/wp-content\/uploads\/2025\/06\/Community-BS1-Calabria.png\",\"keywords\":[\"bellastoria\"],\"articleSection\":[\"Disuguaglianze\"],\"inLanguage\":\"it-IT\",\"potentialAction\":[{\"@type\":\"CommentAction\",\"name\":\"Comment\",\"target\":[\"https:\/\/dx-factory-unipolis-corporate-wp.ha.servizi.gr-u.it\/site\/bella-storia-ultimo-appuntamento-del-community-engagement-in-calabria-2025\/#respond\"]}]},{\"@type\":\"WebPage\",\"@id\":\"https:\/\/dx-factory-unipolis-corporate-wp.ha.servizi.gr-u.it\/site\/bella-storia-ultimo-appuntamento-del-community-engagement-in-calabria-2025\/\",\"url\":\"https:\/\/dx-factory-unipolis-corporate-wp.ha.servizi.gr-u.it\/site\/bella-storia-ultimo-appuntamento-del-community-engagement-in-calabria-2025\/\",\"name\":\"Bella storia: ultimo appuntamento del Community Engagement in Calabria 2025 - Unipolis\",\"isPartOf\":{\"@id\":\"https:\/\/www.fondazioneunipolis.org\/site\/#website\"},\"primaryImageOfPage\":{\"@id\":\"https:\/\/dx-factory-unipolis-corporate-wp.ha.servizi.gr-u.it\/site\/bella-storia-ultimo-appuntamento-del-community-engagement-in-calabria-2025\/#primaryimage\"},\"image\":{\"@id\":\"https:\/\/dx-factory-unipolis-corporate-wp.ha.servizi.gr-u.it\/site\/bella-storia-ultimo-appuntamento-del-community-engagement-in-calabria-2025\/#primaryimage\"},\"thumbnailUrl\":\"https:\/\/www.fondazioneunipolis.org\/site\/wp-content\/uploads\/2025\/06\/Community-BS1-Calabria.png\",\"datePublished\":\"2025-06-05T22:00:00+00:00\",\"dateModified\":\"2025-12-10T11:38:46+00:00\",\"description\":\"Bella storia: ultimo appuntamento del Community Engagement in Calabria 2025\",\"breadcrumb\":{\"@id\":\"https:\/\/dx-factory-unipolis-corporate-wp.ha.servizi.gr-u.it\/site\/bella-storia-ultimo-appuntamento-del-community-engagement-in-calabria-2025\/#breadcrumb\"},\"inLanguage\":\"it-IT\",\"potentialAction\":[{\"@type\":\"ReadAction\",\"target\":[\"https:\/\/dx-factory-unipolis-corporate-wp.ha.servizi.gr-u.it\/site\/bella-storia-ultimo-appuntamento-del-community-engagement-in-calabria-2025\/\"]}]},{\"@type\":\"ImageObject\",\"inLanguage\":\"it-IT\",\"@id\":\"https:\/\/dx-factory-unipolis-corporate-wp.ha.servizi.gr-u.it\/site\/bella-storia-ultimo-appuntamento-del-community-engagement-in-calabria-2025\/#primaryimage\",\"url\":\"https:\/\/www.fondazioneunipolis.org\/site\/wp-content\/uploads\/2025\/06\/Community-BS1-Calabria.png\",\"contentUrl\":\"https:\/\/www.fondazioneunipolis.org\/site\/wp-content\/uploads\/2025\/06\/Community-BS1-Calabria.png\",\"width\":1440,\"height\":900},{\"@type\":\"BreadcrumbList\",\"@id\":\"https:\/\/dx-factory-unipolis-corporate-wp.ha.servizi.gr-u.it\/site\/bella-storia-ultimo-appuntamento-del-community-engagement-in-calabria-2025\/#breadcrumb\",\"itemListElement\":[{\"@type\":\"ListItem\",\"position\":1,\"name\":\"Home\",\"item\":\"https:\/\/www.fondazioneunipolis.org\/site\/\"},{\"@type\":\"ListItem\",\"position\":2,\"name\":\"Bella storia: ultimo appuntamento del Community Engagement in Calabria 2025\"}]},{\"@type\":\"WebSite\",\"@id\":\"https:\/\/www.fondazioneunipolis.org\/site\/#website\",\"url\":\"https:\/\/www.fondazioneunipolis.org\/site\/\",\"name\":\"Unipolis\",\"description\":\"\",\"publisher\":{\"@id\":\"https:\/\/www.fondazioneunipolis.org\/site\/#organization\"},\"potentialAction\":[{\"@type\":\"SearchAction\",\"target\":{\"@type\":\"EntryPoint\",\"urlTemplate\":\"https:\/\/www.fondazioneunipolis.org\/site\/?s={search_term_string}\"},\"query-input\":{\"@type\":\"PropertyValueSpecification\",\"valueRequired\":true,\"valueName\":\"search_term_string\"}}],\"inLanguage\":\"it-IT\"},{\"@type\":\"Organization\",\"@id\":\"https:\/\/www.fondazioneunipolis.org\/site\/#organization\",\"name\":\"Unipolis\",\"url\":\"https:\/\/www.fondazioneunipolis.org\/site\/\",\"logo\":{\"@type\":\"ImageObject\",\"inLanguage\":\"it-IT\",\"@id\":\"https:\/\/www.fondazioneunipolis.org\/site\/#\/schema\/logo\/image\/\",\"url\":\"https:\/\/www.fondazioneunipolis.org\/site\/wp-content\/uploads\/2025\/07\/logo-fondazione-unipolis-1.svg\",\"contentUrl\":\"https:\/\/www.fondazioneunipolis.org\/site\/wp-content\/uploads\/2025\/07\/logo-fondazione-unipolis-1.svg\",\"caption\":\"Unipolis\"},\"image\":{\"@id\":\"https:\/\/www.fondazioneunipolis.org\/site\/#\/schema\/logo\/image\/\"}},{\"@type\":\"Person\",\"@id\":\"https:\/\/www.fondazioneunipolis.org\/site\/#\/schema\/person\/43819ef7aaa5af51f1ed547eacb5e868\",\"name\":\"wsadmin\",\"image\":{\"@type\":\"ImageObject\",\"inLanguage\":\"it-IT\",\"@id\":\"https:\/\/www.fondazioneunipolis.org\/site\/#\/schema\/person\/image\/\",\"url\":\"https:\/\/secure.gravatar.com\/avatar\/6512509e9ae62b647044a2731fadcbf236f2546df7b086feb6df7aabf2ef03aa?s=96&d=mm&r=g\",\"contentUrl\":\"https:\/\/secure.gravatar.com\/avatar\/6512509e9ae62b647044a2731fadcbf236f2546df7b086feb6df7aabf2ef03aa?s=96&d=mm&r=g\",\"caption\":\"wsadmin\"},\"sameAs\":[\"https:\/\/www.fondazioneunipolis.org\/site\"],\"url\":\"https:\/\/www.fondazioneunipolis.org\/site\/author\/wsadmin\/\"}]}<\/script>\n<!-- \/ Yoast SEO plugin. -->","yoast_head_json":{"title":"Bella storia: ultimo appuntamento del Community Engagement in Calabria 2025 - Unipolis","description":"Bella storia: ultimo appuntamento del Community Engagement in Calabria 2025","robots":{"index":"index","follow":"follow","max-snippet":"max-snippet:-1","max-image-preview":"max-image-preview:large","max-video-preview":"max-video-preview:-1"},"canonical":"https:\/\/www.fondazioneunipolis.org\/site\/bella-storia-ultimo-appuntamento-del-community-engagement-in-calabria-2025\/","og_locale":"it_IT","og_type":"article","og_title":"Bella storia: ultimo appuntamento del Community Engagement in Calabria 2025 - Unipolis","og_description":"Bella storia: ultimo appuntamento del Community Engagement in Calabria 2025","og_url":"https:\/\/dx-factory-unipolis-corporate-wp.ha.servizi.gr-u.it\/site\/bella-storia-ultimo-appuntamento-del-community-engagement-in-calabria-2025\/","og_site_name":"Unipolis","article_published_time":"2025-06-05T22:00:00+00:00","article_modified_time":"2025-12-10T11:38:46+00:00","og_image":[{"width":1440,"height":900,"url":"https:\/\/dx-factory-unipolis-corporate-wp.ha.servizi.gr-u.it\/site\/wp-content\/uploads\/2025\/06\/Community-BS1-Calabria.png","type":"image\/png"}],"author":"wsadmin","twitter_card":"summary_large_image","twitter_misc":{"Written by":"wsadmin","Est. reading time":"4 minutes"},"schema":{"@context":"https:\/\/schema.org","@graph":[{"@type":"Article","@id":"https:\/\/dx-factory-unipolis-corporate-wp.ha.servizi.gr-u.it\/site\/bella-storia-ultimo-appuntamento-del-community-engagement-in-calabria-2025\/#article","isPartOf":{"@id":"https:\/\/dx-factory-unipolis-corporate-wp.ha.servizi.gr-u.it\/site\/bella-storia-ultimo-appuntamento-del-community-engagement-in-calabria-2025\/"},"author":{"name":"wsadmin","@id":"https:\/\/www.fondazioneunipolis.org\/site\/#\/schema\/person\/43819ef7aaa5af51f1ed547eacb5e868"},"headline":"Bella storia: ultimo appuntamento del Community Engagement in Calabria 2025","datePublished":"2025-06-05T22:00:00+00:00","dateModified":"2025-12-10T11:38:46+00:00","mainEntityOfPage":{"@id":"https:\/\/dx-factory-unipolis-corporate-wp.ha.servizi.gr-u.it\/site\/bella-storia-ultimo-appuntamento-del-community-engagement-in-calabria-2025\/"},"wordCount":646,"commentCount":0,"publisher":{"@id":"https:\/\/www.fondazioneunipolis.org\/site\/#organization"},"image":{"@id":"https:\/\/dx-factory-unipolis-corporate-wp.ha.servizi.gr-u.it\/site\/bella-storia-ultimo-appuntamento-del-community-engagement-in-calabria-2025\/#primaryimage"},"thumbnailUrl":"https:\/\/www.fondazioneunipolis.org\/site\/wp-content\/uploads\/2025\/06\/Community-BS1-Calabria.png","keywords":["bellastoria"],"articleSection":["Disuguaglianze"],"inLanguage":"it-IT","potentialAction":[{"@type":"CommentAction","name":"Comment","target":["https:\/\/dx-factory-unipolis-corporate-wp.ha.servizi.gr-u.it\/site\/bella-storia-ultimo-appuntamento-del-community-engagement-in-calabria-2025\/#respond"]}]},{"@type":"WebPage","@id":"https:\/\/dx-factory-unipolis-corporate-wp.ha.servizi.gr-u.it\/site\/bella-storia-ultimo-appuntamento-del-community-engagement-in-calabria-2025\/","url":"https:\/\/dx-factory-unipolis-corporate-wp.ha.servizi.gr-u.it\/site\/bella-storia-ultimo-appuntamento-del-community-engagement-in-calabria-2025\/","name":"Bella storia: ultimo appuntamento del Community Engagement in Calabria 2025 - Unipolis","isPartOf":{"@id":"https:\/\/www.fondazioneunipolis.org\/site\/#website"},"primaryImageOfPage":{"@id":"https:\/\/dx-factory-unipolis-corporate-wp.ha.servizi.gr-u.it\/site\/bella-storia-ultimo-appuntamento-del-community-engagement-in-calabria-2025\/#primaryimage"},"image":{"@id":"https:\/\/dx-factory-unipolis-corporate-wp.ha.servizi.gr-u.it\/site\/bella-storia-ultimo-appuntamento-del-community-engagement-in-calabria-2025\/#primaryimage"},"thumbnailUrl":"https:\/\/www.fondazioneunipolis.org\/site\/wp-content\/uploads\/2025\/06\/Community-BS1-Calabria.png","datePublished":"2025-06-05T22:00:00+00:00","dateModified":"2025-12-10T11:38:46+00:00","description":"Bella storia: ultimo appuntamento del Community Engagement in Calabria 2025","breadcrumb":{"@id":"https:\/\/dx-factory-unipolis-corporate-wp.ha.servizi.gr-u.it\/site\/bella-storia-ultimo-appuntamento-del-community-engagement-in-calabria-2025\/#breadcrumb"},"inLanguage":"it-IT","potentialAction":[{"@type":"ReadAction","target":["https:\/\/dx-factory-unipolis-corporate-wp.ha.servizi.gr-u.it\/site\/bella-storia-ultimo-appuntamento-del-community-engagement-in-calabria-2025\/"]}]},{"@type":"ImageObject","inLanguage":"it-IT","@id":"https:\/\/dx-factory-unipolis-corporate-wp.ha.servizi.gr-u.it\/site\/bella-storia-ultimo-appuntamento-del-community-engagement-in-calabria-2025\/#primaryimage","url":"https:\/\/www.fondazioneunipolis.org\/site\/wp-content\/uploads\/2025\/06\/Community-BS1-Calabria.png","contentUrl":"https:\/\/www.fondazioneunipolis.org\/site\/wp-content\/uploads\/2025\/06\/Community-BS1-Calabria.png","width":1440,"height":900},{"@type":"BreadcrumbList","@id":"https:\/\/dx-factory-unipolis-corporate-wp.ha.servizi.gr-u.it\/site\/bella-storia-ultimo-appuntamento-del-community-engagement-in-calabria-2025\/#breadcrumb","itemListElement":[{"@type":"ListItem","position":1,"name":"Home","item":"https:\/\/www.fondazioneunipolis.org\/site\/"},{"@type":"ListItem","position":2,"name":"Bella storia: ultimo appuntamento del Community Engagement in Calabria 2025"}]},{"@type":"WebSite","@id":"https:\/\/www.fondazioneunipolis.org\/site\/#website","url":"https:\/\/www.fondazioneunipolis.org\/site\/","name":"Unipolis","description":"","publisher":{"@id":"https:\/\/www.fondazioneunipolis.org\/site\/#organization"},"potentialAction":[{"@type":"SearchAction","target":{"@type":"EntryPoint","urlTemplate":"https:\/\/www.fondazioneunipolis.org\/site\/?s={search_term_string}"},"query-input":{"@type":"PropertyValueSpecification","valueRequired":true,"valueName":"search_term_string"}}],"inLanguage":"it-IT"},{"@type":"Organization","@id":"https:\/\/www.fondazioneunipolis.org\/site\/#organization","name":"Unipolis","url":"https:\/\/www.fondazioneunipolis.org\/site\/","logo":{"@type":"ImageObject","inLanguage":"it-IT","@id":"https:\/\/www.fondazioneunipolis.org\/site\/#\/schema\/logo\/image\/","url":"https:\/\/www.fondazioneunipolis.org\/site\/wp-content\/uploads\/2025\/07\/logo-fondazione-unipolis-1.svg","contentUrl":"https:\/\/www.fondazioneunipolis.org\/site\/wp-content\/uploads\/2025\/07\/logo-fondazione-unipolis-1.svg","caption":"Unipolis"},"image":{"@id":"https:\/\/www.fondazioneunipolis.org\/site\/#\/schema\/logo\/image\/"}},{"@type":"Person","@id":"https:\/\/www.fondazioneunipolis.org\/site\/#\/schema\/person\/43819ef7aaa5af51f1ed547eacb5e868","name":"wsadmin","image":{"@type":"ImageObject","inLanguage":"it-IT","@id":"https:\/\/www.fondazioneunipolis.org\/site\/#\/schema\/person\/image\/","url":"https:\/\/secure.gravatar.com\/avatar\/6512509e9ae62b647044a2731fadcbf236f2546df7b086feb6df7aabf2ef03aa?s=96&d=mm&r=g","contentUrl":"https:\/\/secure.gravatar.com\/avatar\/6512509e9ae62b647044a2731fadcbf236f2546df7b086feb6df7aabf2ef03aa?s=96&d=mm&r=g","caption":"wsadmin"},"sameAs":["https:\/\/www.fondazioneunipolis.org\/site"],"url":"https:\/\/www.fondazioneunipolis.org\/site\/author\/wsadmin\/"}]}},"_links":{"self":[{"href":"https:\/\/www.fondazioneunipolis.org\/site\/wp-json\/wp\/v2\/posts\/2201","targetHints":{"allow":["GET"]}}],"collection":[{"href":"https:\/\/www.fondazioneunipolis.org\/site\/wp-json\/wp\/v2\/posts"}],"about":[{"href":"https:\/\/www.fondazioneunipolis.org\/site\/wp-json\/wp\/v2\/types\/post"}],"author":[{"embeddable":true,"href":"https:\/\/www.fondazioneunipolis.org\/site\/wp-json\/wp\/v2\/users\/1"}],"replies":[{"embeddable":true,"href":"https:\/\/www.fondazioneunipolis.org\/site\/wp-json\/wp\/v2\/comments?post=2201"}],"version-history":[{"count":13,"href":"https:\/\/www.fondazioneunipolis.org\/site\/wp-json\/wp\/v2\/posts\/2201\/revisions"}],"predecessor-version":[{"id":10573,"href":"https:\/\/www.fondazioneunipolis.org\/site\/wp-json\/wp\/v2\/posts\/2201\/revisions\/10573"}],"wp:featuredmedia":[{"embeddable":true,"href":"https:\/\/www.fondazioneunipolis.org\/site\/wp-json\/wp\/v2\/media\/9544"}],"wp:attachment":[{"href":"https:\/\/www.fondazioneunipolis.org\/site\/wp-json\/wp\/v2\/media?parent=2201"}],"wp:term":[{"taxonomy":"category","embeddable":true,"href":"https:\/\/www.fondazioneunipolis.org\/site\/wp-json\/wp\/v2\/categories?post=2201"},{"taxonomy":"post_tag","embeddable":true,"href":"https:\/\/www.fondazioneunipolis.org\/site\/wp-json\/wp\/v2\/tags?post=2201"}],"curies":[{"name":"wp","href":"https:\/\/api.w.org\/{rel}","templated":true}]}}