{"id":12085,"date":"2026-04-27T17:01:00","date_gmt":"2026-04-27T15:01:00","guid":{"rendered":"https:\/\/www.fondazioneunipolis.org\/site\/news\/\/"},"modified":"2026-04-27T17:01:03","modified_gmt":"2026-04-27T15:01:03","slug":"care-leavers-day-2026","status":"publish","type":"post","link":"https:\/\/www.fondazioneunipolis.org\/site\/news\/care-leavers-day-2026\/","title":{"rendered":"Care Leavers Day 2026"},"content":{"rendered":"\n<p>Il <strong>18 maggio 2026 <\/strong>Torino ospiter\u00e0 il <em>Care Leavers Day 2026, <\/em>pensato e costruito da <strong>Agevolando <\/strong>in collaborazione con <strong>CISMAI (Coordinamento Italiano Servizi contro il Maltrattamento e l\u2019Abuso all\u2019Infanzia) e CROAS Piemonte e Val d\u2019Aosta (Consiglio Regionale Ordine Assistenti Sociali)<\/strong>. Sar\u00e0 una giornata di scambio e confronto tra espert\u0259, istituzioni e professionist\u0259, con le ragazze e i ragazzi della galassia di Agevolando. Una giornata a loro dedicata, cos\u00ec come a tutte e tutti i giovani care leavers, che al compimento della maggiore et\u00e0 affrontano l\u2019uscita dai sistemi di tutela senza il supporto di un contesto familiare stabile, ritrovandosi ad affrontare in autonomia il passaggio alla vita adulta.<\/p>\n\n\n\n<p>Un appuntamento nazionale per continuare a costruire futuri possibili, attraverso la creazione di uno spazio condiviso in cui ascoltare le esperienze dei care leavers, valorizzarne i vissuti e rafforzarne reti e alleanze. Attraverso workshop, momenti di racconto e una conferenza, la giornata sar\u00e0 un\u2019occasione per condividere buone pratiche e dare forma a nuove idee progettuali.<\/p>\n\n\n\n<p>A Torino si parler\u00e0 anche di <a href=\"https:\/\/www.fondazioneunipolis.org\/site\/progetti\/caring-is-sharing\/\" target=\"_blank\" rel=\"noreferrer noopener\">Caring is Sharing<\/a> realizzato da Agevolando e sostenuto da Fondazione Unipolis attraverso il <strong>Bando ACT 2024 \u2013 area Disuguaglianze<\/strong>. Un progetto che nasce per rispondere alle condizioni di forte vulnerabilit\u00e0 che caratterizzano i percorsi di transizione all\u2019et\u00e0 adulta dei care leavers e che si pone l\u2019obiettivo di svilupparne le capacit\u00e0 per costruire percorsi di autonomia e partecipazione.<\/p>\n\n\n\n<p>Il <em>Care Leavers Day 2026<\/em> non sar\u00e0 solo un punto d\u2019arrivo: proprio a Torino prender\u00e0 forma anche qualcosa di nuovo, nato dai ragazzi e con i ragazzi, che segner\u00e0 un ulteriore passo in avanti nel rafforzamento del <em>Care Leavers Network<\/em> italiano. Una giornata, quindi, che vuole essere scintilla e motore insieme, per costruire futuri pi\u00f9 preferibili e affermare, ancora una volta, il diritto di non essere soli.<\/p>\n\n\n\n<p><strong>Caring is Sharing: costruire futuro insieme<\/strong><\/p>\n\n\n\n<p><a href=\"https:\/\/www.fondazioneunipolis.org\/site\/news\/care-leavers-diventare-grandi-senza-una-rete\/\" target=\"_blank\" rel=\"noreferrer noopener\">Non si diventa adulti a 18 anni e un giorno<\/a>: questo per\u00f2 \u00e8 quanto ci si aspetta dai care leavers. Traumi pregressi, precariet\u00e0 abitativa e lavorativa, isolamento sociale e difficolt\u00e0 di accesso ai servizi incidono sulla possibilit\u00e0 di costruire percorsi di autonomia e cittadinanza attiva.<\/p>\n\n\n\n<p>Nel corso del 2025 il progetto ha sviluppato un modello integrato di accompagnamento, che combina sostegno individuale (<em>Caring<\/em>) e attivazione collettiva e partecipativa (<em>Sharing<\/em>). Attraverso l\u2019azione Caring sono stati co-costruiti Progetti Integrati per l\u2019AutoNomia (PIANO), attivando contributi economici e percorsi personalizzati per 13 beneficiari. Parallelamente, le attivit\u00e0 di <em>Sharing <\/em>hanno coinvolto oltre 40 giovani in percorsi di gruppo, peer tutoring, advocacy territoriale e mappatura partecipativa di 850 servizi su casa, lavoro, benessere, formazione e documenti nelle citt\u00e0 di Torino e Milano.<\/p>\n\n\n\n<p>Nel complesso, nel 2025 il progetto ha intercettato circa 200 care leavers, grazie al lavoro con un\u2019ampia rete di attori pubblici e del Terzo settore, con un aumento significativo della consapevolezza, delle competenze e delle relazioni sociali dei beneficiari. Il percorso continuer\u00e0 fino alla prima met\u00e0 del 2026, continuando a generare su di loro un impatto diretto.<\/p>\n","protected":false},"excerpt":{"rendered":"<p>Il 18 maggio 2026 Torino ospiter\u00e0 il Care Leavers Day 2026, pensato e costruito da Agevolando in collaborazione con CISMAI (Coordinamento Italiano Servizi contro il Maltrattamento e l\u2019Abuso all\u2019Infanzia) e CROAS Piemonte e Val d\u2019Aosta (Consiglio Regionale Ordine Assistenti Sociali). Sar\u00e0 una giornata di scambio e confronto tra espert\u0259, istituzioni e professionist\u0259, con le ragazze [&hellip;]<\/p>\n","protected":false},"author":5,"featured_media":12086,"comment_status":"open","ping_status":"open","sticky":false,"template":"","format":"standard","meta":{"_acf_changed":false,"footnotes":""},"categories":[6],"tags":[666],"class_list":["post-12085","post","type-post","status-publish","format-standard","has-post-thumbnail","hentry","category-disuguaglianze","tag-caring_is_sharing"],"acf":[],"yoast_head":"<!-- This site is optimized with the Yoast SEO plugin v26.1.1 - https:\/\/yoast.com\/wordpress\/plugins\/seo\/ -->\n<title>Care Leavers Day 2026 - Unipolis<\/title>\n<meta name=\"description\" content=\"Una giornata di scambio e confronto tra espert\u0259, istituzioni e professionist\u0259, con le ragazze e i ragazzi della galassia di Agevolando.\" \/>\n<meta name=\"robots\" content=\"index, follow, max-snippet:-1, max-image-preview:large, max-video-preview:-1\" \/>\n<link rel=\"canonical\" href=\"https:\/\/www.fondazioneunipolis.org\/site\/news\/care-leavers-day-2026\/\" \/>\n<meta property=\"og:locale\" content=\"it_IT\" \/>\n<meta property=\"og:type\" content=\"article\" \/>\n<meta property=\"og:title\" content=\"Care Leavers Day 2026 - Unipolis\" \/>\n<meta property=\"og:description\" content=\"Una giornata di scambio e confronto tra espert\u0259, istituzioni e professionist\u0259, con le ragazze e i ragazzi della galassia di Agevolando.\" \/>\n<meta property=\"og:url\" content=\"https:\/\/www.fondazioneunipolis.org\/site\/news\/care-leavers-day-2026\/\" \/>\n<meta property=\"og:site_name\" content=\"Unipolis\" \/>\n<meta property=\"article:published_time\" content=\"2026-04-27T15:01:00+00:00\" \/>\n<meta property=\"article:modified_time\" content=\"2026-04-27T15:01:03+00:00\" \/>\n<meta property=\"og:image\" content=\"https:\/\/www.fondazioneunipolis.org\/site\/wp-content\/uploads\/2026\/04\/CLD26.png\" \/>\n\t<meta property=\"og:image:width\" content=\"1440\" \/>\n\t<meta property=\"og:image:height\" content=\"900\" \/>\n\t<meta property=\"og:image:type\" content=\"image\/png\" \/>\n<meta name=\"author\" content=\"Elisa Paluan\" \/>\n<meta name=\"twitter:card\" content=\"summary_large_image\" \/>\n<meta name=\"twitter:label1\" content=\"Written by\" \/>\n\t<meta name=\"twitter:data1\" content=\"Elisa Paluan\" \/>\n\t<meta name=\"twitter:label2\" content=\"Est. reading time\" \/>\n\t<meta name=\"twitter:data2\" content=\"3 minutes\" \/>\n<script type=\"application\/ld+json\" class=\"yoast-schema-graph\">{\"@context\":\"https:\/\/schema.org\",\"@graph\":[{\"@type\":\"Article\",\"@id\":\"https:\/\/www.fondazioneunipolis.org\/site\/news\/care-leavers-day-2026\/#article\",\"isPartOf\":{\"@id\":\"https:\/\/www.fondazioneunipolis.org\/site\/news\/care-leavers-day-2026\/\"},\"author\":{\"name\":\"Elisa Paluan\",\"@id\":\"https:\/\/www.fondazioneunipolis.org\/site\/#\/schema\/person\/fcced96d0e68417823bc1a4c4756e89d\"},\"headline\":\"Care Leavers Day 2026\",\"datePublished\":\"2026-04-27T15:01:00+00:00\",\"dateModified\":\"2026-04-27T15:01:03+00:00\",\"mainEntityOfPage\":{\"@id\":\"https:\/\/www.fondazioneunipolis.org\/site\/news\/care-leavers-day-2026\/\"},\"wordCount\":480,\"commentCount\":0,\"publisher\":{\"@id\":\"https:\/\/www.fondazioneunipolis.org\/site\/#organization\"},\"image\":{\"@id\":\"https:\/\/www.fondazioneunipolis.org\/site\/news\/care-leavers-day-2026\/#primaryimage\"},\"thumbnailUrl\":\"https:\/\/www.fondazioneunipolis.org\/site\/wp-content\/uploads\/2026\/04\/CLD26.png\",\"keywords\":[\"caring_is_sharing\"],\"articleSection\":[\"Disuguaglianze\"],\"inLanguage\":\"it-IT\",\"potentialAction\":[{\"@type\":\"CommentAction\",\"name\":\"Comment\",\"target\":[\"https:\/\/www.fondazioneunipolis.org\/site\/news\/care-leavers-day-2026\/#respond\"]}]},{\"@type\":\"WebPage\",\"@id\":\"https:\/\/www.fondazioneunipolis.org\/site\/news\/care-leavers-day-2026\/\",\"url\":\"https:\/\/www.fondazioneunipolis.org\/site\/news\/care-leavers-day-2026\/\",\"name\":\"Care Leavers Day 2026 - Unipolis\",\"isPartOf\":{\"@id\":\"https:\/\/www.fondazioneunipolis.org\/site\/#website\"},\"primaryImageOfPage\":{\"@id\":\"https:\/\/www.fondazioneunipolis.org\/site\/news\/care-leavers-day-2026\/#primaryimage\"},\"image\":{\"@id\":\"https:\/\/www.fondazioneunipolis.org\/site\/news\/care-leavers-day-2026\/#primaryimage\"},\"thumbnailUrl\":\"https:\/\/www.fondazioneunipolis.org\/site\/wp-content\/uploads\/2026\/04\/CLD26.png\",\"datePublished\":\"2026-04-27T15:01:00+00:00\",\"dateModified\":\"2026-04-27T15:01:03+00:00\",\"description\":\"Una giornata di scambio e confronto tra espert\u0259, istituzioni e professionist\u0259, con le ragazze e i ragazzi della galassia di Agevolando.\",\"breadcrumb\":{\"@id\":\"https:\/\/www.fondazioneunipolis.org\/site\/news\/care-leavers-day-2026\/#breadcrumb\"},\"inLanguage\":\"it-IT\",\"potentialAction\":[{\"@type\":\"ReadAction\",\"target\":[\"https:\/\/www.fondazioneunipolis.org\/site\/news\/care-leavers-day-2026\/\"]}]},{\"@type\":\"ImageObject\",\"inLanguage\":\"it-IT\",\"@id\":\"https:\/\/www.fondazioneunipolis.org\/site\/news\/care-leavers-day-2026\/#primaryimage\",\"url\":\"https:\/\/www.fondazioneunipolis.org\/site\/wp-content\/uploads\/2026\/04\/CLD26.png\",\"contentUrl\":\"https:\/\/www.fondazioneunipolis.org\/site\/wp-content\/uploads\/2026\/04\/CLD26.png\",\"width\":1440,\"height\":900},{\"@type\":\"BreadcrumbList\",\"@id\":\"https:\/\/www.fondazioneunipolis.org\/site\/news\/care-leavers-day-2026\/#breadcrumb\",\"itemListElement\":[{\"@type\":\"ListItem\",\"position\":1,\"name\":\"Home\",\"item\":\"https:\/\/www.fondazioneunipolis.org\/site\/\"},{\"@type\":\"ListItem\",\"position\":2,\"name\":\"Care Leavers Day 2026\"}]},{\"@type\":\"WebSite\",\"@id\":\"https:\/\/www.fondazioneunipolis.org\/site\/#website\",\"url\":\"https:\/\/www.fondazioneunipolis.org\/site\/\",\"name\":\"Unipolis\",\"description\":\"\",\"publisher\":{\"@id\":\"https:\/\/www.fondazioneunipolis.org\/site\/#organization\"},\"potentialAction\":[{\"@type\":\"SearchAction\",\"target\":{\"@type\":\"EntryPoint\",\"urlTemplate\":\"https:\/\/www.fondazioneunipolis.org\/site\/?s={search_term_string}\"},\"query-input\":{\"@type\":\"PropertyValueSpecification\",\"valueRequired\":true,\"valueName\":\"search_term_string\"}}],\"inLanguage\":\"it-IT\"},{\"@type\":\"Organization\",\"@id\":\"https:\/\/www.fondazioneunipolis.org\/site\/#organization\",\"name\":\"Unipolis\",\"url\":\"https:\/\/www.fondazioneunipolis.org\/site\/\",\"logo\":{\"@type\":\"ImageObject\",\"inLanguage\":\"it-IT\",\"@id\":\"https:\/\/www.fondazioneunipolis.org\/site\/#\/schema\/logo\/image\/\",\"url\":\"https:\/\/www.fondazioneunipolis.org\/site\/wp-content\/uploads\/2025\/07\/logo-fondazione-unipolis-1.svg\",\"contentUrl\":\"https:\/\/www.fondazioneunipolis.org\/site\/wp-content\/uploads\/2025\/07\/logo-fondazione-unipolis-1.svg\",\"caption\":\"Unipolis\"},\"image\":{\"@id\":\"https:\/\/www.fondazioneunipolis.org\/site\/#\/schema\/logo\/image\/\"}},{\"@type\":\"Person\",\"@id\":\"https:\/\/www.fondazioneunipolis.org\/site\/#\/schema\/person\/fcced96d0e68417823bc1a4c4756e89d\",\"name\":\"Elisa Paluan\",\"image\":{\"@type\":\"ImageObject\",\"inLanguage\":\"it-IT\",\"@id\":\"https:\/\/www.fondazioneunipolis.org\/site\/#\/schema\/person\/image\/\",\"url\":\"https:\/\/secure.gravatar.com\/avatar\/9808ad99bfcf6869670f37ed3dceaa27f2abfcb4dc6b9232760c9d28f353bd9a?s=96&d=mm&r=g\",\"contentUrl\":\"https:\/\/secure.gravatar.com\/avatar\/9808ad99bfcf6869670f37ed3dceaa27f2abfcb4dc6b9232760c9d28f353bd9a?s=96&d=mm&r=g\",\"caption\":\"Elisa Paluan\"},\"url\":\"https:\/\/www.fondazioneunipolis.org\/site\/author\/elisa-paluan\/\"}]}<\/script>\n<!-- \/ Yoast SEO plugin. -->","yoast_head_json":{"title":"Care Leavers Day 2026 - Unipolis","description":"Una giornata di scambio e confronto tra espert\u0259, istituzioni e professionist\u0259, con le ragazze e i ragazzi della galassia di Agevolando.","robots":{"index":"index","follow":"follow","max-snippet":"max-snippet:-1","max-image-preview":"max-image-preview:large","max-video-preview":"max-video-preview:-1"},"canonical":"https:\/\/www.fondazioneunipolis.org\/site\/news\/care-leavers-day-2026\/","og_locale":"it_IT","og_type":"article","og_title":"Care Leavers Day 2026 - Unipolis","og_description":"Una giornata di scambio e confronto tra espert\u0259, istituzioni e professionist\u0259, con le ragazze e i ragazzi della galassia di Agevolando.","og_url":"https:\/\/www.fondazioneunipolis.org\/site\/news\/care-leavers-day-2026\/","og_site_name":"Unipolis","article_published_time":"2026-04-27T15:01:00+00:00","article_modified_time":"2026-04-27T15:01:03+00:00","og_image":[{"width":1440,"height":900,"url":"https:\/\/www.fondazioneunipolis.org\/site\/wp-content\/uploads\/2026\/04\/CLD26.png","type":"image\/png"}],"author":"Elisa Paluan","twitter_card":"summary_large_image","twitter_misc":{"Written by":"Elisa Paluan","Est. reading time":"3 minutes"},"schema":{"@context":"https:\/\/schema.org","@graph":[{"@type":"Article","@id":"https:\/\/www.fondazioneunipolis.org\/site\/news\/care-leavers-day-2026\/#article","isPartOf":{"@id":"https:\/\/www.fondazioneunipolis.org\/site\/news\/care-leavers-day-2026\/"},"author":{"name":"Elisa Paluan","@id":"https:\/\/www.fondazioneunipolis.org\/site\/#\/schema\/person\/fcced96d0e68417823bc1a4c4756e89d"},"headline":"Care Leavers Day 2026","datePublished":"2026-04-27T15:01:00+00:00","dateModified":"2026-04-27T15:01:03+00:00","mainEntityOfPage":{"@id":"https:\/\/www.fondazioneunipolis.org\/site\/news\/care-leavers-day-2026\/"},"wordCount":480,"commentCount":0,"publisher":{"@id":"https:\/\/www.fondazioneunipolis.org\/site\/#organization"},"image":{"@id":"https:\/\/www.fondazioneunipolis.org\/site\/news\/care-leavers-day-2026\/#primaryimage"},"thumbnailUrl":"https:\/\/www.fondazioneunipolis.org\/site\/wp-content\/uploads\/2026\/04\/CLD26.png","keywords":["caring_is_sharing"],"articleSection":["Disuguaglianze"],"inLanguage":"it-IT","potentialAction":[{"@type":"CommentAction","name":"Comment","target":["https:\/\/www.fondazioneunipolis.org\/site\/news\/care-leavers-day-2026\/#respond"]}]},{"@type":"WebPage","@id":"https:\/\/www.fondazioneunipolis.org\/site\/news\/care-leavers-day-2026\/","url":"https:\/\/www.fondazioneunipolis.org\/site\/news\/care-leavers-day-2026\/","name":"Care Leavers Day 2026 - Unipolis","isPartOf":{"@id":"https:\/\/www.fondazioneunipolis.org\/site\/#website"},"primaryImageOfPage":{"@id":"https:\/\/www.fondazioneunipolis.org\/site\/news\/care-leavers-day-2026\/#primaryimage"},"image":{"@id":"https:\/\/www.fondazioneunipolis.org\/site\/news\/care-leavers-day-2026\/#primaryimage"},"thumbnailUrl":"https:\/\/www.fondazioneunipolis.org\/site\/wp-content\/uploads\/2026\/04\/CLD26.png","datePublished":"2026-04-27T15:01:00+00:00","dateModified":"2026-04-27T15:01:03+00:00","description":"Una giornata di scambio e confronto tra espert\u0259, istituzioni e professionist\u0259, con le ragazze e i ragazzi della galassia di Agevolando.","breadcrumb":{"@id":"https:\/\/www.fondazioneunipolis.org\/site\/news\/care-leavers-day-2026\/#breadcrumb"},"inLanguage":"it-IT","potentialAction":[{"@type":"ReadAction","target":["https:\/\/www.fondazioneunipolis.org\/site\/news\/care-leavers-day-2026\/"]}]},{"@type":"ImageObject","inLanguage":"it-IT","@id":"https:\/\/www.fondazioneunipolis.org\/site\/news\/care-leavers-day-2026\/#primaryimage","url":"https:\/\/www.fondazioneunipolis.org\/site\/wp-content\/uploads\/2026\/04\/CLD26.png","contentUrl":"https:\/\/www.fondazioneunipolis.org\/site\/wp-content\/uploads\/2026\/04\/CLD26.png","width":1440,"height":900},{"@type":"BreadcrumbList","@id":"https:\/\/www.fondazioneunipolis.org\/site\/news\/care-leavers-day-2026\/#breadcrumb","itemListElement":[{"@type":"ListItem","position":1,"name":"Home","item":"https:\/\/www.fondazioneunipolis.org\/site\/"},{"@type":"ListItem","position":2,"name":"Care Leavers Day 2026"}]},{"@type":"WebSite","@id":"https:\/\/www.fondazioneunipolis.org\/site\/#website","url":"https:\/\/www.fondazioneunipolis.org\/site\/","name":"Unipolis","description":"","publisher":{"@id":"https:\/\/www.fondazioneunipolis.org\/site\/#organization"},"potentialAction":[{"@type":"SearchAction","target":{"@type":"EntryPoint","urlTemplate":"https:\/\/www.fondazioneunipolis.org\/site\/?s={search_term_string}"},"query-input":{"@type":"PropertyValueSpecification","valueRequired":true,"valueName":"search_term_string"}}],"inLanguage":"it-IT"},{"@type":"Organization","@id":"https:\/\/www.fondazioneunipolis.org\/site\/#organization","name":"Unipolis","url":"https:\/\/www.fondazioneunipolis.org\/site\/","logo":{"@type":"ImageObject","inLanguage":"it-IT","@id":"https:\/\/www.fondazioneunipolis.org\/site\/#\/schema\/logo\/image\/","url":"https:\/\/www.fondazioneunipolis.org\/site\/wp-content\/uploads\/2025\/07\/logo-fondazione-unipolis-1.svg","contentUrl":"https:\/\/www.fondazioneunipolis.org\/site\/wp-content\/uploads\/2025\/07\/logo-fondazione-unipolis-1.svg","caption":"Unipolis"},"image":{"@id":"https:\/\/www.fondazioneunipolis.org\/site\/#\/schema\/logo\/image\/"}},{"@type":"Person","@id":"https:\/\/www.fondazioneunipolis.org\/site\/#\/schema\/person\/fcced96d0e68417823bc1a4c4756e89d","name":"Elisa Paluan","image":{"@type":"ImageObject","inLanguage":"it-IT","@id":"https:\/\/www.fondazioneunipolis.org\/site\/#\/schema\/person\/image\/","url":"https:\/\/secure.gravatar.com\/avatar\/9808ad99bfcf6869670f37ed3dceaa27f2abfcb4dc6b9232760c9d28f353bd9a?s=96&d=mm&r=g","contentUrl":"https:\/\/secure.gravatar.com\/avatar\/9808ad99bfcf6869670f37ed3dceaa27f2abfcb4dc6b9232760c9d28f353bd9a?s=96&d=mm&r=g","caption":"Elisa Paluan"},"url":"https:\/\/www.fondazioneunipolis.org\/site\/author\/elisa-paluan\/"}]}},"_links":{"self":[{"href":"https:\/\/www.fondazioneunipolis.org\/site\/wp-json\/wp\/v2\/posts\/12085","targetHints":{"allow":["GET"]}}],"collection":[{"href":"https:\/\/www.fondazioneunipolis.org\/site\/wp-json\/wp\/v2\/posts"}],"about":[{"href":"https:\/\/www.fondazioneunipolis.org\/site\/wp-json\/wp\/v2\/types\/post"}],"author":[{"embeddable":true,"href":"https:\/\/www.fondazioneunipolis.org\/site\/wp-json\/wp\/v2\/users\/5"}],"replies":[{"embeddable":true,"href":"https:\/\/www.fondazioneunipolis.org\/site\/wp-json\/wp\/v2\/comments?post=12085"}],"version-history":[{"count":1,"href":"https:\/\/www.fondazioneunipolis.org\/site\/wp-json\/wp\/v2\/posts\/12085\/revisions"}],"predecessor-version":[{"id":12087,"href":"https:\/\/www.fondazioneunipolis.org\/site\/wp-json\/wp\/v2\/posts\/12085\/revisions\/12087"}],"wp:featuredmedia":[{"embeddable":true,"href":"https:\/\/www.fondazioneunipolis.org\/site\/wp-json\/wp\/v2\/media\/12086"}],"wp:attachment":[{"href":"https:\/\/www.fondazioneunipolis.org\/site\/wp-json\/wp\/v2\/media?parent=12085"}],"wp:term":[{"taxonomy":"category","embeddable":true,"href":"https:\/\/www.fondazioneunipolis.org\/site\/wp-json\/wp\/v2\/categories?post=12085"},{"taxonomy":"post_tag","embeddable":true,"href":"https:\/\/www.fondazioneunipolis.org\/site\/wp-json\/wp\/v2\/tags?post=12085"}],"curies":[{"name":"wp","href":"https:\/\/api.w.org\/{rel}","templated":true}]}}