{"id":12008,"date":"2026-03-17T16:50:07","date_gmt":"2026-03-17T15:50:07","guid":{"rendered":"https:\/\/www.fondazioneunipolis.org\/site\/news\/\/"},"modified":"2026-03-19T11:06:32","modified_gmt":"2026-03-19T10:06:32","slug":"dove-il-talento-mette-radici","status":"publish","type":"post","link":"https:\/\/www.fondazioneunipolis.org\/site\/news\/dove-il-talento-mette-radici\/","title":{"rendered":"Dove il talento mette radici"},"content":{"rendered":"\n<p>In Molise, una delle regioni italiane pi\u00f9 colpite dallo spopolamento giovanile, c\u2019\u00e8 chi prova a cambiare prospettiva. Con <strong>Iperspazio!<\/strong>, progetto sostenuto da Fondazione Unipolis attraverso il <strong>Bando ACT 2025 \u2013 Area Disuguaglianze<\/strong>, la cooperativa ARES e il brand Inflazione Caotica vogliono costruire nuove opportunit\u00e0 per i giovani di Campobasso: spazi, competenze e comunit\u00e0 per trasformare il talento in motore di rigenerazione civica.<\/p>\n\n\n\n<h4 class=\"wp-block-heading\"><strong>Dalle radici molisane al salto nell\u2019Iperspazio<\/strong><\/h4>\n\n\n\n<p>C\u2019\u00e8 chi guarda il cielo e vede solo stelle, e chi \u2014 come il team di <strong>Inflazione Caotica<\/strong> \u2014 immagina rotte ancora da tracciare.<\/p>\n\n\n\n<p>Il percorso che ha portato alla nascita di Iperspazio! inizia nel 2009, quando due giovani fondatrici hanno dato vita a un progetto che, per il Molise di allora, sembrava quasi fantascienza: aprire uno spazio di coworking. Non un semplice luogo di lavoro condiviso, ma un ambiente capace di generare connessioni, creativit\u00e0 e nuove idee attraverso l\u2019incontro tra persone diverse.<\/p>\n\n\n\n<p>Con il tempo, quell\u2019intuizione si \u00e8 trasformata in qualcosa di pi\u00f9 grande.<\/p>\n\n\n\n<h4 class=\"wp-block-heading\"><strong>Pi\u00f9 di un coworking: uno spazio per i giovani<\/strong><\/h4>\n\n\n\n<p>Inflazione Caotica \u00e8 oggi un progetto promosso dalla cooperativa <strong>ARES<\/strong>, che negli anni ha continuato a investire sul territorio e sulle persone che lo abitano.<\/p>\n\n\n\n<p>Accanto all\u2019esperienza maturata dal team, il coworking si \u00e8 evoluto fino a diventare anche <strong>Centro Giovanile<\/strong>: uno spazio nato dal recupero di un luogo pubblico inutilizzato, aperto soprattutto agli under 35.<\/p>\n\n\n\n<p>Qui i giovani possono trovare orientamento, occasioni di apprendimento e supporto per sviluppare competenze e idee. Ma soprattutto possono incontrarsi, confrontarsi e sentirsi parte di una comunit\u00e0. In un territorio dove molti ragazzi e ragazze scelgono \u2014 o sono costretti \u2014 a partire, costruire spazi di questo tipo significa offrire un punto di riferimento e un luogo in cui immaginare nuove possibilit\u00e0.<\/p>\n\n\n\n<h4 class=\"wp-block-heading\"><strong>La missione di Iperspazio!<\/strong><\/h4>\n\n\n\n<p>\u00c8 proprio da questa esperienza che nasce <strong>Iperspazio!<\/strong>, un progetto di 17 mesi pensato per rafforzare e ampliare le attivit\u00e0 del Centro Giovanile.<\/p>\n\n\n\n<p>L\u2019obiettivo \u00e8 coinvolgere un gruppo di giovani in un percorso che unisce <strong>co-progettazione, formazione, supporto all\u2019autoimprenditorialit\u00e0 e attivismo civico<\/strong>, con l\u2019intento di avviare processi di rigenerazione sociale, economica e ambientale a Campobasso.<\/p>\n\n\n\n<p>L\u2019idea di fondo \u00e8 semplice ma ambiziosa: trasformare i giovani in un vero e proprio <strong>\u201cequipaggio\u201d<\/strong>, capace di esplorare nuove possibilit\u00e0 per la propria citt\u00e0 e contribuire a renderla pi\u00f9 vivibile, dinamica e aperta alle aspirazioni delle nuove generazioni.<\/p>\n\n\n\n<h4 class=\"wp-block-heading\"><strong>Rigenerazione civica: trasformare il desiderio in azione<\/strong><\/h4>\n\n\n\n<p>Il progetto parla di <strong>rigenerazione civica<\/strong>, un concetto che va oltre la tradizionale rigenerazione urbana. Non riguarda solo gli spazi fisici, ma anche le relazioni, le opportunit\u00e0 e le energie presenti nella comunit\u00e0.<\/p>\n\n\n\n<p>Significa migliorare ci\u00f2 che gi\u00e0 esiste attraverso processi partecipati e dal basso, che coinvolgono cittadini e giovani nella costruzione di nuove risposte ai bisogni del territorio. Una pratica quotidiana che mette al centro valori come <strong>prossimit\u00e0, dignit\u00e0 della persona e responsabilit\u00e0 verso la comunit\u00e0<\/strong>.<\/p>\n\n\n\n<h4 class=\"wp-block-heading\"><strong>Un ecosistema in cui il talento possa restare<\/strong><\/h4>\n\n\n\n<p>Molti giovani molisani scelgono di partire per trovare opportunit\u00e0 altrove. Iperspazio! non vuole impedire questa scelta, ma mostrare che anche restare pu\u00f2 essere una possibilit\u00e0 concreta.<\/p>\n\n\n\n<p>L\u2019ambizione \u00e8 costruire un ecosistema in cui il talento possa crescere e svilupparsi proprio a partire dal territorio, trasformando Campobasso in uno spazio pi\u00f9 fertile per idee, progetti e iniziative.<\/p>\n\n\n\n<h4 class=\"wp-block-heading\"><strong>Una missione condivisa<\/strong><\/h4>\n\n\n\n<p>Per realizzare questo salto servono alleanze.<\/p>\n\n\n\n<p>Il progetto <strong>Iperspazio!<\/strong> \u00e8 sostenuto da <strong>Fondazione Unipolis<\/strong> attraverso il <strong>Bando ACT 2025 \u2013 Area Disuguaglianze<\/strong>, che supporta iniziative capaci di creare nuove opportunit\u00e0 per le persone e i territori, riducendo le disuguaglianze e rafforzando le comunit\u00e0 locali.<\/p>\n\n\n\n<p>Un sostegno che permette a realt\u00e0 come Inflazione Caotica di continuare a immaginare nuove rotte e accompagnare i giovani nella costruzione del proprio futuro.<\/p>\n\n\n\n<p>Perch\u00e9, a volte, il futuro di una citt\u00e0 inizia proprio cos\u00ec: con qualcuno disposto a guardare oltre l\u2019orizzonte e a fare il primo salto.<\/p>\n\n\n\n<p><\/p>\n","protected":false},"excerpt":{"rendered":"<p>In Molise, una delle regioni italiane pi\u00f9 colpite dallo spopolamento giovanile, c\u2019\u00e8 chi prova a cambiare prospettiva. Con Iperspazio!, progetto sostenuto da Fondazione Unipolis attraverso il Bando ACT 2025 \u2013 Area Disuguaglianze, la cooperativa ARES e il brand Inflazione Caotica vogliono costruire nuove opportunit\u00e0 per i giovani di Campobasso: spazi, competenze e comunit\u00e0 per trasformare [&hellip;]<\/p>\n","protected":false},"author":9,"featured_media":12014,"comment_status":"open","ping_status":"open","sticky":false,"template":"","format":"standard","meta":{"_acf_changed":false,"footnotes":""},"categories":[6],"tags":[737],"class_list":["post-12008","post","type-post","status-publish","format-standard","has-post-thumbnail","hentry","category-disuguaglianze","tag-iperspazio"],"acf":[],"yoast_head":"<!-- This site is optimized with the Yoast SEO plugin v26.1.1 - https:\/\/yoast.com\/wordpress\/plugins\/seo\/ -->\n<title>Dove il talento mette radici - Unipolis<\/title>\n<meta name=\"description\" content=\"Dove il talento mette radici\" \/>\n<meta name=\"robots\" content=\"index, follow, max-snippet:-1, max-image-preview:large, max-video-preview:-1\" \/>\n<link rel=\"canonical\" href=\"https:\/\/www.fondazioneunipolis.org\/site\/news\/dove-il-talento-mette-radici\/\" \/>\n<meta property=\"og:locale\" content=\"it_IT\" \/>\n<meta property=\"og:type\" content=\"article\" \/>\n<meta property=\"og:title\" content=\"Dove il talento mette radici - Unipolis\" \/>\n<meta property=\"og:description\" content=\"Dove il talento mette radici\" \/>\n<meta property=\"og:url\" content=\"https:\/\/www.fondazioneunipolis.org\/site\/news\/dove-il-talento-mette-radici\/\" \/>\n<meta property=\"og:site_name\" content=\"Unipolis\" \/>\n<meta property=\"article:published_time\" content=\"2026-03-17T15:50:07+00:00\" \/>\n<meta property=\"article:modified_time\" content=\"2026-03-19T10:06:32+00:00\" \/>\n<meta property=\"og:image\" content=\"https:\/\/www.fondazioneunipolis.org\/site\/wp-content\/uploads\/2026\/03\/Uscita-1_Iperspazio-1.png\" \/>\n\t<meta property=\"og:image:width\" content=\"1440\" \/>\n\t<meta property=\"og:image:height\" content=\"900\" \/>\n\t<meta property=\"og:image:type\" content=\"image\/png\" \/>\n<meta name=\"author\" content=\"luca saade\" \/>\n<meta name=\"twitter:card\" content=\"summary_large_image\" \/>\n<meta name=\"twitter:label1\" content=\"Written by\" \/>\n\t<meta name=\"twitter:data1\" content=\"luca saade\" \/>\n\t<meta name=\"twitter:label2\" content=\"Est. reading time\" \/>\n\t<meta name=\"twitter:data2\" content=\"4 minutes\" \/>\n<script type=\"application\/ld+json\" class=\"yoast-schema-graph\">{\"@context\":\"https:\/\/schema.org\",\"@graph\":[{\"@type\":\"Article\",\"@id\":\"https:\/\/www.fondazioneunipolis.org\/site\/news\/dove-il-talento-mette-radici\/#article\",\"isPartOf\":{\"@id\":\"https:\/\/www.fondazioneunipolis.org\/site\/news\/dove-il-talento-mette-radici\/\"},\"author\":{\"name\":\"luca saade\",\"@id\":\"https:\/\/www.fondazioneunipolis.org\/site\/#\/schema\/person\/9624dbff5c860b1f92ab40d23897ba69\"},\"headline\":\"Dove il talento mette radici\",\"datePublished\":\"2026-03-17T15:50:07+00:00\",\"dateModified\":\"2026-03-19T10:06:32+00:00\",\"mainEntityOfPage\":{\"@id\":\"https:\/\/www.fondazioneunipolis.org\/site\/news\/dove-il-talento-mette-radici\/\"},\"wordCount\":627,\"commentCount\":0,\"publisher\":{\"@id\":\"https:\/\/www.fondazioneunipolis.org\/site\/#organization\"},\"image\":{\"@id\":\"https:\/\/www.fondazioneunipolis.org\/site\/news\/dove-il-talento-mette-radici\/#primaryimage\"},\"thumbnailUrl\":\"https:\/\/www.fondazioneunipolis.org\/site\/wp-content\/uploads\/2026\/03\/Uscita-1_Iperspazio-1.png\",\"keywords\":[\"Iperspazio!\"],\"articleSection\":[\"Disuguaglianze\"],\"inLanguage\":\"it-IT\",\"potentialAction\":[{\"@type\":\"CommentAction\",\"name\":\"Comment\",\"target\":[\"https:\/\/www.fondazioneunipolis.org\/site\/news\/dove-il-talento-mette-radici\/#respond\"]}]},{\"@type\":\"WebPage\",\"@id\":\"https:\/\/www.fondazioneunipolis.org\/site\/news\/dove-il-talento-mette-radici\/\",\"url\":\"https:\/\/www.fondazioneunipolis.org\/site\/news\/dove-il-talento-mette-radici\/\",\"name\":\"Dove il talento mette radici - Unipolis\",\"isPartOf\":{\"@id\":\"https:\/\/www.fondazioneunipolis.org\/site\/#website\"},\"primaryImageOfPage\":{\"@id\":\"https:\/\/www.fondazioneunipolis.org\/site\/news\/dove-il-talento-mette-radici\/#primaryimage\"},\"image\":{\"@id\":\"https:\/\/www.fondazioneunipolis.org\/site\/news\/dove-il-talento-mette-radici\/#primaryimage\"},\"thumbnailUrl\":\"https:\/\/www.fondazioneunipolis.org\/site\/wp-content\/uploads\/2026\/03\/Uscita-1_Iperspazio-1.png\",\"datePublished\":\"2026-03-17T15:50:07+00:00\",\"dateModified\":\"2026-03-19T10:06:32+00:00\",\"description\":\"Dove il talento mette radici\",\"breadcrumb\":{\"@id\":\"https:\/\/www.fondazioneunipolis.org\/site\/news\/dove-il-talento-mette-radici\/#breadcrumb\"},\"inLanguage\":\"it-IT\",\"potentialAction\":[{\"@type\":\"ReadAction\",\"target\":[\"https:\/\/www.fondazioneunipolis.org\/site\/news\/dove-il-talento-mette-radici\/\"]}]},{\"@type\":\"ImageObject\",\"inLanguage\":\"it-IT\",\"@id\":\"https:\/\/www.fondazioneunipolis.org\/site\/news\/dove-il-talento-mette-radici\/#primaryimage\",\"url\":\"https:\/\/www.fondazioneunipolis.org\/site\/wp-content\/uploads\/2026\/03\/Uscita-1_Iperspazio-1.png\",\"contentUrl\":\"https:\/\/www.fondazioneunipolis.org\/site\/wp-content\/uploads\/2026\/03\/Uscita-1_Iperspazio-1.png\",\"width\":1440,\"height\":900},{\"@type\":\"BreadcrumbList\",\"@id\":\"https:\/\/www.fondazioneunipolis.org\/site\/news\/dove-il-talento-mette-radici\/#breadcrumb\",\"itemListElement\":[{\"@type\":\"ListItem\",\"position\":1,\"name\":\"Home\",\"item\":\"https:\/\/www.fondazioneunipolis.org\/site\/\"},{\"@type\":\"ListItem\",\"position\":2,\"name\":\"Dove il talento mette radici\"}]},{\"@type\":\"WebSite\",\"@id\":\"https:\/\/www.fondazioneunipolis.org\/site\/#website\",\"url\":\"https:\/\/www.fondazioneunipolis.org\/site\/\",\"name\":\"Unipolis\",\"description\":\"\",\"publisher\":{\"@id\":\"https:\/\/www.fondazioneunipolis.org\/site\/#organization\"},\"potentialAction\":[{\"@type\":\"SearchAction\",\"target\":{\"@type\":\"EntryPoint\",\"urlTemplate\":\"https:\/\/www.fondazioneunipolis.org\/site\/?s={search_term_string}\"},\"query-input\":{\"@type\":\"PropertyValueSpecification\",\"valueRequired\":true,\"valueName\":\"search_term_string\"}}],\"inLanguage\":\"it-IT\"},{\"@type\":\"Organization\",\"@id\":\"https:\/\/www.fondazioneunipolis.org\/site\/#organization\",\"name\":\"Unipolis\",\"url\":\"https:\/\/www.fondazioneunipolis.org\/site\/\",\"logo\":{\"@type\":\"ImageObject\",\"inLanguage\":\"it-IT\",\"@id\":\"https:\/\/www.fondazioneunipolis.org\/site\/#\/schema\/logo\/image\/\",\"url\":\"https:\/\/www.fondazioneunipolis.org\/site\/wp-content\/uploads\/2025\/07\/logo-fondazione-unipolis-1.svg\",\"contentUrl\":\"https:\/\/www.fondazioneunipolis.org\/site\/wp-content\/uploads\/2025\/07\/logo-fondazione-unipolis-1.svg\",\"caption\":\"Unipolis\"},\"image\":{\"@id\":\"https:\/\/www.fondazioneunipolis.org\/site\/#\/schema\/logo\/image\/\"}},{\"@type\":\"Person\",\"@id\":\"https:\/\/www.fondazioneunipolis.org\/site\/#\/schema\/person\/9624dbff5c860b1f92ab40d23897ba69\",\"name\":\"luca saade\",\"image\":{\"@type\":\"ImageObject\",\"inLanguage\":\"it-IT\",\"@id\":\"https:\/\/www.fondazioneunipolis.org\/site\/#\/schema\/person\/image\/\",\"url\":\"https:\/\/secure.gravatar.com\/avatar\/0511c829f0b24d61881b9440ac89ed34cc227583864d1b5501c31f9f530407e5?s=96&d=mm&r=g\",\"contentUrl\":\"https:\/\/secure.gravatar.com\/avatar\/0511c829f0b24d61881b9440ac89ed34cc227583864d1b5501c31f9f530407e5?s=96&d=mm&r=g\",\"caption\":\"luca saade\"},\"url\":\"https:\/\/www.fondazioneunipolis.org\/site\/author\/luca-saade\/\"}]}<\/script>\n<!-- \/ Yoast SEO plugin. -->","yoast_head_json":{"title":"Dove il talento mette radici - Unipolis","description":"Dove il talento mette radici","robots":{"index":"index","follow":"follow","max-snippet":"max-snippet:-1","max-image-preview":"max-image-preview:large","max-video-preview":"max-video-preview:-1"},"canonical":"https:\/\/www.fondazioneunipolis.org\/site\/news\/dove-il-talento-mette-radici\/","og_locale":"it_IT","og_type":"article","og_title":"Dove il talento mette radici - Unipolis","og_description":"Dove il talento mette radici","og_url":"https:\/\/www.fondazioneunipolis.org\/site\/news\/dove-il-talento-mette-radici\/","og_site_name":"Unipolis","article_published_time":"2026-03-17T15:50:07+00:00","article_modified_time":"2026-03-19T10:06:32+00:00","og_image":[{"width":1440,"height":900,"url":"https:\/\/www.fondazioneunipolis.org\/site\/wp-content\/uploads\/2026\/03\/Uscita-1_Iperspazio-1.png","type":"image\/png"}],"author":"luca saade","twitter_card":"summary_large_image","twitter_misc":{"Written by":"luca saade","Est. reading time":"4 minutes"},"schema":{"@context":"https:\/\/schema.org","@graph":[{"@type":"Article","@id":"https:\/\/www.fondazioneunipolis.org\/site\/news\/dove-il-talento-mette-radici\/#article","isPartOf":{"@id":"https:\/\/www.fondazioneunipolis.org\/site\/news\/dove-il-talento-mette-radici\/"},"author":{"name":"luca saade","@id":"https:\/\/www.fondazioneunipolis.org\/site\/#\/schema\/person\/9624dbff5c860b1f92ab40d23897ba69"},"headline":"Dove il talento mette radici","datePublished":"2026-03-17T15:50:07+00:00","dateModified":"2026-03-19T10:06:32+00:00","mainEntityOfPage":{"@id":"https:\/\/www.fondazioneunipolis.org\/site\/news\/dove-il-talento-mette-radici\/"},"wordCount":627,"commentCount":0,"publisher":{"@id":"https:\/\/www.fondazioneunipolis.org\/site\/#organization"},"image":{"@id":"https:\/\/www.fondazioneunipolis.org\/site\/news\/dove-il-talento-mette-radici\/#primaryimage"},"thumbnailUrl":"https:\/\/www.fondazioneunipolis.org\/site\/wp-content\/uploads\/2026\/03\/Uscita-1_Iperspazio-1.png","keywords":["Iperspazio!"],"articleSection":["Disuguaglianze"],"inLanguage":"it-IT","potentialAction":[{"@type":"CommentAction","name":"Comment","target":["https:\/\/www.fondazioneunipolis.org\/site\/news\/dove-il-talento-mette-radici\/#respond"]}]},{"@type":"WebPage","@id":"https:\/\/www.fondazioneunipolis.org\/site\/news\/dove-il-talento-mette-radici\/","url":"https:\/\/www.fondazioneunipolis.org\/site\/news\/dove-il-talento-mette-radici\/","name":"Dove il talento mette radici - Unipolis","isPartOf":{"@id":"https:\/\/www.fondazioneunipolis.org\/site\/#website"},"primaryImageOfPage":{"@id":"https:\/\/www.fondazioneunipolis.org\/site\/news\/dove-il-talento-mette-radici\/#primaryimage"},"image":{"@id":"https:\/\/www.fondazioneunipolis.org\/site\/news\/dove-il-talento-mette-radici\/#primaryimage"},"thumbnailUrl":"https:\/\/www.fondazioneunipolis.org\/site\/wp-content\/uploads\/2026\/03\/Uscita-1_Iperspazio-1.png","datePublished":"2026-03-17T15:50:07+00:00","dateModified":"2026-03-19T10:06:32+00:00","description":"Dove il talento mette radici","breadcrumb":{"@id":"https:\/\/www.fondazioneunipolis.org\/site\/news\/dove-il-talento-mette-radici\/#breadcrumb"},"inLanguage":"it-IT","potentialAction":[{"@type":"ReadAction","target":["https:\/\/www.fondazioneunipolis.org\/site\/news\/dove-il-talento-mette-radici\/"]}]},{"@type":"ImageObject","inLanguage":"it-IT","@id":"https:\/\/www.fondazioneunipolis.org\/site\/news\/dove-il-talento-mette-radici\/#primaryimage","url":"https:\/\/www.fondazioneunipolis.org\/site\/wp-content\/uploads\/2026\/03\/Uscita-1_Iperspazio-1.png","contentUrl":"https:\/\/www.fondazioneunipolis.org\/site\/wp-content\/uploads\/2026\/03\/Uscita-1_Iperspazio-1.png","width":1440,"height":900},{"@type":"BreadcrumbList","@id":"https:\/\/www.fondazioneunipolis.org\/site\/news\/dove-il-talento-mette-radici\/#breadcrumb","itemListElement":[{"@type":"ListItem","position":1,"name":"Home","item":"https:\/\/www.fondazioneunipolis.org\/site\/"},{"@type":"ListItem","position":2,"name":"Dove il talento mette radici"}]},{"@type":"WebSite","@id":"https:\/\/www.fondazioneunipolis.org\/site\/#website","url":"https:\/\/www.fondazioneunipolis.org\/site\/","name":"Unipolis","description":"","publisher":{"@id":"https:\/\/www.fondazioneunipolis.org\/site\/#organization"},"potentialAction":[{"@type":"SearchAction","target":{"@type":"EntryPoint","urlTemplate":"https:\/\/www.fondazioneunipolis.org\/site\/?s={search_term_string}"},"query-input":{"@type":"PropertyValueSpecification","valueRequired":true,"valueName":"search_term_string"}}],"inLanguage":"it-IT"},{"@type":"Organization","@id":"https:\/\/www.fondazioneunipolis.org\/site\/#organization","name":"Unipolis","url":"https:\/\/www.fondazioneunipolis.org\/site\/","logo":{"@type":"ImageObject","inLanguage":"it-IT","@id":"https:\/\/www.fondazioneunipolis.org\/site\/#\/schema\/logo\/image\/","url":"https:\/\/www.fondazioneunipolis.org\/site\/wp-content\/uploads\/2025\/07\/logo-fondazione-unipolis-1.svg","contentUrl":"https:\/\/www.fondazioneunipolis.org\/site\/wp-content\/uploads\/2025\/07\/logo-fondazione-unipolis-1.svg","caption":"Unipolis"},"image":{"@id":"https:\/\/www.fondazioneunipolis.org\/site\/#\/schema\/logo\/image\/"}},{"@type":"Person","@id":"https:\/\/www.fondazioneunipolis.org\/site\/#\/schema\/person\/9624dbff5c860b1f92ab40d23897ba69","name":"luca saade","image":{"@type":"ImageObject","inLanguage":"it-IT","@id":"https:\/\/www.fondazioneunipolis.org\/site\/#\/schema\/person\/image\/","url":"https:\/\/secure.gravatar.com\/avatar\/0511c829f0b24d61881b9440ac89ed34cc227583864d1b5501c31f9f530407e5?s=96&d=mm&r=g","contentUrl":"https:\/\/secure.gravatar.com\/avatar\/0511c829f0b24d61881b9440ac89ed34cc227583864d1b5501c31f9f530407e5?s=96&d=mm&r=g","caption":"luca saade"},"url":"https:\/\/www.fondazioneunipolis.org\/site\/author\/luca-saade\/"}]}},"_links":{"self":[{"href":"https:\/\/www.fondazioneunipolis.org\/site\/wp-json\/wp\/v2\/posts\/12008","targetHints":{"allow":["GET"]}}],"collection":[{"href":"https:\/\/www.fondazioneunipolis.org\/site\/wp-json\/wp\/v2\/posts"}],"about":[{"href":"https:\/\/www.fondazioneunipolis.org\/site\/wp-json\/wp\/v2\/types\/post"}],"author":[{"embeddable":true,"href":"https:\/\/www.fondazioneunipolis.org\/site\/wp-json\/wp\/v2\/users\/9"}],"replies":[{"embeddable":true,"href":"https:\/\/www.fondazioneunipolis.org\/site\/wp-json\/wp\/v2\/comments?post=12008"}],"version-history":[{"count":3,"href":"https:\/\/www.fondazioneunipolis.org\/site\/wp-json\/wp\/v2\/posts\/12008\/revisions"}],"predecessor-version":[{"id":12015,"href":"https:\/\/www.fondazioneunipolis.org\/site\/wp-json\/wp\/v2\/posts\/12008\/revisions\/12015"}],"wp:featuredmedia":[{"embeddable":true,"href":"https:\/\/www.fondazioneunipolis.org\/site\/wp-json\/wp\/v2\/media\/12014"}],"wp:attachment":[{"href":"https:\/\/www.fondazioneunipolis.org\/site\/wp-json\/wp\/v2\/media?parent=12008"}],"wp:term":[{"taxonomy":"category","embeddable":true,"href":"https:\/\/www.fondazioneunipolis.org\/site\/wp-json\/wp\/v2\/categories?post=12008"},{"taxonomy":"post_tag","embeddable":true,"href":"https:\/\/www.fondazioneunipolis.org\/site\/wp-json\/wp\/v2\/tags?post=12008"}],"curies":[{"name":"wp","href":"https:\/\/api.w.org\/{rel}","templated":true}]}}