{"id":12004,"date":"2026-03-11T15:52:13","date_gmt":"2026-03-11T14:52:13","guid":{"rendered":"https:\/\/www.fondazioneunipolis.org\/site\/news\/\/"},"modified":"2026-03-11T15:58:43","modified_gmt":"2026-03-11T14:58:43","slug":"libere-quando-la-liberta-nasce-dal-confronto-tra-pari","status":"publish","type":"post","link":"https:\/\/www.fondazioneunipolis.org\/site\/news\/libere-quando-la-liberta-nasce-dal-confronto-tra-pari\/","title":{"rendered":"Libere: quando la libert\u00e0 nasce dal confronto tra pari"},"content":{"rendered":"\n<p>Un percorso educativo che parte da una tazza di t\u00e8. Nel progetto<em> <strong>Libere<\/strong><\/em>, sostenuto da <strong>Fondazione Unipolis attraverso il Bando ACT 2024 \u2013 Area Disuguaglianze<\/strong>, il cambiamento prende forma proprio cos\u00ec: in spazi di incontro informali, in cui ragazze e giovani donne possono parlare, ascoltarsi e riconoscersi nelle storie delle altre.<\/p>\n\n\n\n<p>Il metodo con cui si affronta questa sfida \u00e8 quello della <strong>peer education<\/strong>: un approccio educativo basato sull\u2019apprendimento tra pari che valorizza relazioni orizzontali fondate su fiducia, riconoscimento reciproco e condivisione delle esperienze. Una metodologia sviluppata in ambito socio-educativo e di promozione della salute, particolarmente efficace quando i modelli educativi tradizionali faticano a intercettare bisogni, linguaggi e vissuti complessi.<\/p>\n\n\n\n<p>Quando il confronto avviene tra persone che condividono contesti, et\u00e0 o esperienze simili, diventa pi\u00f9 facile parlare di temi sensibili: diritti, autodeterminazione, relazioni familiari, libert\u00e0 di scelta. Il dialogo tra pari favorisce processi di identificazione, rafforza l\u2019autoefficacia e permette di affrontare questioni difficili con maggiore apertura.<\/p>\n\n\n\n<p>Nel progetto <em>Libere<\/em>, la peer education non \u00e8 soltanto uno strumento educativo: \u00e8 <strong>una scelta metodologica e politica<\/strong>, che mette al centro la relazione e la costruzione condivisa di consapevolezza. Per saperne di pi\u00f9 abbiamo intervistato lo staff di <strong>Dedalus Cooperativa Sociale<\/strong>, promotrice del progetto.<\/p>\n\n\n\n<h5 class=\"wp-block-heading\"><strong><em>Perch\u00e9 avete scelto la peer education come approccio del progetto Libere? Quale bisogno sentivate di intercettare?<\/em><\/strong><\/h5>\n\n\n\n<p>La scelta della peer education nel progetto Libere nasce dalla volont\u00e0 di creare uno spazio educativo in cui il dialogo e la condivisione tra pari diventino strumenti di empowerment. Questo approccio permette alle operatrici di costruire relazioni di fiducia autentica con le ragazze, facilitando l\u2019emergere di esperienze personali che spesso rimangono difficili da esprimere in contesti pi\u00f9 formali.<\/p>\n\n\n\n<p>Uno dei bisogni centrali che volevamo intercettare riguarda ragazze di origine pakistana, bengalese e srilankese che possono essere esposte al rischio di matrimoni combinati, forzati o precoci, offrendo loro la possibilit\u00e0 di esplorare alternative, <strong>riflettere sulla propria autonomia e acquisire consapevolezza dei propri diritti in un contesto protetto e partecipativo<\/strong>.<\/p>\n\n\n\n<p>Allo stesso tempo, questo metodo aiuta ad <strong>affrontare discriminazioni quotidiane che limitano la libert\u00e0 delle ragazze<\/strong>. Un esempio emblematico riguarda due partecipanti che non hanno potuto prendere parte a una proiezione cinematografica proposta durante il <em>T\u00e8 delle ragazze<\/em> a causa di vincoli familiari. Situazioni come questa mostrano quanto sia importante fornire strumenti per riconoscere e discutere quei vincoli culturali o sociali che incidono sulla libert\u00e0 individuale.<\/p>\n\n\n\n<p>Il progetto affronta anche tematiche legate al corpo e all\u2019identit\u00e0 personale. Durante gli incontri del <a href=\"https:\/\/www.fondazioneunipolis.org\/site\/news\/il-te-delle-ragazze-uno-spazio-sicuro-per-ascoltarsi-esprimersi-e-crescere-insieme\/\" target=\"_blank\" rel=\"noreferrer noopener\"><em>T\u00e8 delle ragazze<\/em><\/a>, le partecipanti condividono frustrazioni, insicurezze e piccoli conflitti quotidiani, trovando nello scambio con le pari uno spazio di riconoscimento e riflessione. In questo modo <strong>la peer education diventa<\/strong> non solo un metodo, ma una <strong>vera strategia per costruire consapevolezza di s\u00e9 e resilienza<\/strong>.<\/p>\n\n\n\n<h5 class=\"wp-block-heading\"><strong><em>Le basi teoriche della peer education si collocano nelle teorie dell\u2019apprendimento sociale e nel costruttivismo. Cosa significa, concretamente, nel vostro lavoro quotidiano?<\/em><\/strong><\/h5>\n\n\n\n<p>Nel lavoro quotidiano questo si traduce in momenti di condivisione semplice e intima, come bere il t\u00e8 insieme durante i laboratori. <\/p>\n\n\n\n<p>Questi momenti contribuiscono ad abbattere barriere culturali e linguistiche, creando uno spazio in cui le ragazze possono esprimersi liberamente e senza giudizio. La convivialit\u00e0, i gesti di cura e la possibilit\u00e0 di raccontare esperienze personali favoriscono il senso di appartenenza e la fiducia reciproca.<\/p>\n\n\n\n<h4 class=\"wp-block-heading\"><strong><em>Quali condizioni sono necessarie perch\u00e9 questo spazio sia davvero sicuro e non giudicante?<\/em><\/strong><\/h4>\n\n\n\n<p>Perch\u00e9 il percorso sia efficace \u00e8 fondamentale costruire alcune condizioni di base: fiducia reciproca tra ragazze e operatrici; rispetto e tutela della privacy; ambienti intimi, accoglienti e protetti; un linguaggio delicato, attento alle sensibilit\u00e0 culturali e personali.<\/p>\n\n\n\n<p>Un esempio concreto \u00e8 il laboratorio ispirato alla figura di <strong>Frida Kahlo<\/strong>, durante il quale le ragazze hanno scritto il \u201clibro della propria vita\u201d, dividendolo in capitoli e riflettendo sui momenti chiave della loro storia. Questo esercizio ha permesso di condividere esperienze, riconoscere il proprio percorso e rafforzare la propria identit\u00e0 in un contesto sicuro.<\/p>\n\n\n\n<h5 class=\"wp-block-heading\"><strong><em>Qual \u00e8 il ruolo dell\u2019operatrice in un percorso di peer education? Come cambia la vostra postura professionale?<\/em><\/strong><\/h5>\n\n\n\n<p>L\u2019operatrice peer svolge un ruolo complesso e articolato. Da un lato coordina e organizza il gruppo, definendo tempi e modalit\u00e0 delle attivit\u00e0; dall\u2019altro <strong>facilita il confronto e la riflessione delle ragazze,<\/strong> <strong>aiutandole a mediare tra la cultura di appartenenza e la societ\u00e0 in cui vivono<\/strong>.<\/p>\n\n\n\n<p>La comunicazione deve essere accessibile, chiara e rispettosa, capace di spiegare concetti complessi senza imporre giudizi. In questo modo la relazione educativa diventa pi\u00f9 profonda e significativa: la guida dell\u2019operatrice si combina con la responsabilizzazione attiva delle ragazze.<\/p>\n\n\n\n<h5 class=\"wp-block-heading\"><strong><em>Che tipo di protagonismo emerge quando il metodo funziona davvero?<\/em><\/strong><\/h5>\n\n\n\n<p>Il metodo si dimostra efficace quando si osservano cambiamenti concreti: maggiore sicurezza, capacit\u00e0 di esprimersi liberamente, partecipazione attiva e condivisione di esperienze personali.<\/p>\n\n\n\n<p>Il protagonismo delle ragazze emerge in diversi ambiti: nella scoperta delle proprie capacit\u00e0 empatiche, nello sviluppo della resilienza e nella consapevolezza delle proprie potenzialit\u00e0. Alcune imparano a gestire situazioni complesse all\u2019interno della famiglia o della comunit\u00e0, altre iniziano a prendere parola su temi come il corpo, le relazioni e l\u2019autonomia.<\/p>\n\n\n\n<p>Attraverso <strong>laboratori di educazione sessuo-affettiva<\/strong> e momenti di scambio, le ragazze diventano a loro volta <strong>peer<\/strong>, assumendo un ruolo attivo nei loro contesti di vita quotidiana e fungendo da sentinelle e punti di riferimento per le altre.<\/p>\n\n\n\n<h5 class=\"wp-block-heading\"><strong><em>Quali sono le principali sfide della peer education in contesti complessi come quelli di Libere?<\/em><\/strong><\/h5>\n\n\n\n<p>Le sfide principali riguardano la convivenza di culture e religioni diverse che, in alcuni casi, possono esprimere visioni restrittive dei diritti e della libert\u00e0 femminile. A questo si aggiungono la difficolt\u00e0 delle ragazze ad aprirsi e la complessit\u00e0 di affrontare temi delicati o conflittuali.<\/p>\n\n\n\n<p>La sfida pi\u00f9 grande rimane quella di accompagnare le ragazze nel percorso di esercizio della libert\u00e0 di scelta, affinch\u00e9 <strong>possano determinare il proprio futuro in autonomia<\/strong>.<\/p>\n\n\n\n<h5 class=\"wp-block-heading\"><strong>Costruire libert\u00e0, insieme<\/strong><\/h5>\n\n\n\n<p>I cambiamenti generati da progetti come Libere non sempre sono immediatamente visibili. A volte iniziano con piccoli segnali: una ragazza che prende la parola per la prima volta, una domanda che prima non avrebbe avuto spazio, una consapevolezza che lentamente si fa strada.<\/p>\n\n\n\n<p>La peer education funziona proprio perch\u00e9 <strong>non trasmette semplicemente contenuti<\/strong>, ma costruisce relazioni e possibilit\u00e0. Spazi in cui le persone non sono destinatarie passive di un intervento, ma protagoniste del proprio percorso.<\/p>\n\n\n\n<p>In questo senso, Libere dimostra come il lavoro educativo possa diventare anche un lavoro di emancipazione: un processo collettivo che passa dall\u2019ascolto, dal confronto e dalla fiducia reciproca.<\/p>\n","protected":false},"excerpt":{"rendered":"<p>Un percorso educativo che parte da una tazza di t\u00e8. Nel progetto Libere, sostenuto da Fondazione Unipolis attraverso il Bando ACT 2024 \u2013 Area Disuguaglianze, il cambiamento prende forma proprio cos\u00ec: in spazi di incontro informali, in cui ragazze e giovani donne possono parlare, ascoltarsi e riconoscersi nelle storie delle altre. Il metodo con cui [&hellip;]<\/p>\n","protected":false},"author":9,"featured_media":12005,"comment_status":"open","ping_status":"open","sticky":false,"template":"","format":"standard","meta":{"_acf_changed":false,"footnotes":""},"categories":[6],"tags":[651],"class_list":["post-12004","post","type-post","status-publish","format-standard","has-post-thumbnail","hentry","category-disuguaglianze","tag-libere"],"acf":[],"yoast_head":"<!-- This site is optimized with the Yoast SEO plugin v26.1.1 - https:\/\/yoast.com\/wordpress\/plugins\/seo\/ -->\n<title>Libere: quando la libert\u00e0 nasce dal confronto tra pari - Unipolis<\/title>\n<meta name=\"description\" content=\"Libere: quando la libert\u00e0 nasce dal confronto tra pari\" \/>\n<meta name=\"robots\" content=\"index, follow, max-snippet:-1, max-image-preview:large, max-video-preview:-1\" \/>\n<link rel=\"canonical\" href=\"https:\/\/www.fondazioneunipolis.org\/site\/news\/libere-quando-la-liberta-nasce-dal-confronto-tra-pari\/\" \/>\n<meta property=\"og:locale\" content=\"it_IT\" \/>\n<meta property=\"og:type\" content=\"article\" \/>\n<meta property=\"og:title\" content=\"Libere: quando la libert\u00e0 nasce dal confronto tra pari - Unipolis\" \/>\n<meta property=\"og:description\" content=\"Libere: quando la libert\u00e0 nasce dal confronto tra pari\" \/>\n<meta property=\"og:url\" content=\"https:\/\/www.fondazioneunipolis.org\/site\/news\/libere-quando-la-liberta-nasce-dal-confronto-tra-pari\/\" \/>\n<meta property=\"og:site_name\" content=\"Unipolis\" \/>\n<meta property=\"article:published_time\" content=\"2026-03-11T14:52:13+00:00\" \/>\n<meta property=\"article:modified_time\" content=\"2026-03-11T14:58:43+00:00\" \/>\n<meta property=\"og:image\" content=\"https:\/\/www.fondazioneunipolis.org\/site\/wp-content\/uploads\/2026\/03\/Libere_post-e-sito.png\" \/>\n\t<meta property=\"og:image:width\" content=\"1440\" \/>\n\t<meta property=\"og:image:height\" content=\"900\" \/>\n\t<meta property=\"og:image:type\" content=\"image\/png\" \/>\n<meta name=\"author\" content=\"luca saade\" \/>\n<meta name=\"twitter:card\" content=\"summary_large_image\" \/>\n<meta name=\"twitter:label1\" content=\"Written by\" \/>\n\t<meta name=\"twitter:data1\" content=\"luca saade\" \/>\n\t<meta name=\"twitter:label2\" content=\"Est. reading time\" \/>\n\t<meta name=\"twitter:data2\" content=\"6 minutes\" \/>\n<script type=\"application\/ld+json\" class=\"yoast-schema-graph\">{\"@context\":\"https:\/\/schema.org\",\"@graph\":[{\"@type\":\"Article\",\"@id\":\"https:\/\/www.fondazioneunipolis.org\/site\/news\/libere-quando-la-liberta-nasce-dal-confronto-tra-pari\/#article\",\"isPartOf\":{\"@id\":\"https:\/\/www.fondazioneunipolis.org\/site\/news\/libere-quando-la-liberta-nasce-dal-confronto-tra-pari\/\"},\"author\":{\"name\":\"luca saade\",\"@id\":\"https:\/\/www.fondazioneunipolis.org\/site\/#\/schema\/person\/9624dbff5c860b1f92ab40d23897ba69\"},\"headline\":\"Libere: quando la libert\u00e0 nasce dal confronto tra pari\",\"datePublished\":\"2026-03-11T14:52:13+00:00\",\"dateModified\":\"2026-03-11T14:58:43+00:00\",\"mainEntityOfPage\":{\"@id\":\"https:\/\/www.fondazioneunipolis.org\/site\/news\/libere-quando-la-liberta-nasce-dal-confronto-tra-pari\/\"},\"wordCount\":1068,\"commentCount\":0,\"publisher\":{\"@id\":\"https:\/\/www.fondazioneunipolis.org\/site\/#organization\"},\"image\":{\"@id\":\"https:\/\/www.fondazioneunipolis.org\/site\/news\/libere-quando-la-liberta-nasce-dal-confronto-tra-pari\/#primaryimage\"},\"thumbnailUrl\":\"https:\/\/www.fondazioneunipolis.org\/site\/wp-content\/uploads\/2026\/03\/Libere_post-e-sito.png\",\"keywords\":[\"Libere\"],\"articleSection\":[\"Disuguaglianze\"],\"inLanguage\":\"it-IT\",\"potentialAction\":[{\"@type\":\"CommentAction\",\"name\":\"Comment\",\"target\":[\"https:\/\/www.fondazioneunipolis.org\/site\/news\/libere-quando-la-liberta-nasce-dal-confronto-tra-pari\/#respond\"]}]},{\"@type\":\"WebPage\",\"@id\":\"https:\/\/www.fondazioneunipolis.org\/site\/news\/libere-quando-la-liberta-nasce-dal-confronto-tra-pari\/\",\"url\":\"https:\/\/www.fondazioneunipolis.org\/site\/news\/libere-quando-la-liberta-nasce-dal-confronto-tra-pari\/\",\"name\":\"Libere: quando la libert\u00e0 nasce dal confronto tra pari - Unipolis\",\"isPartOf\":{\"@id\":\"https:\/\/www.fondazioneunipolis.org\/site\/#website\"},\"primaryImageOfPage\":{\"@id\":\"https:\/\/www.fondazioneunipolis.org\/site\/news\/libere-quando-la-liberta-nasce-dal-confronto-tra-pari\/#primaryimage\"},\"image\":{\"@id\":\"https:\/\/www.fondazioneunipolis.org\/site\/news\/libere-quando-la-liberta-nasce-dal-confronto-tra-pari\/#primaryimage\"},\"thumbnailUrl\":\"https:\/\/www.fondazioneunipolis.org\/site\/wp-content\/uploads\/2026\/03\/Libere_post-e-sito.png\",\"datePublished\":\"2026-03-11T14:52:13+00:00\",\"dateModified\":\"2026-03-11T14:58:43+00:00\",\"description\":\"Libere: quando la libert\u00e0 nasce dal confronto tra pari\",\"breadcrumb\":{\"@id\":\"https:\/\/www.fondazioneunipolis.org\/site\/news\/libere-quando-la-liberta-nasce-dal-confronto-tra-pari\/#breadcrumb\"},\"inLanguage\":\"it-IT\",\"potentialAction\":[{\"@type\":\"ReadAction\",\"target\":[\"https:\/\/www.fondazioneunipolis.org\/site\/news\/libere-quando-la-liberta-nasce-dal-confronto-tra-pari\/\"]}]},{\"@type\":\"ImageObject\",\"inLanguage\":\"it-IT\",\"@id\":\"https:\/\/www.fondazioneunipolis.org\/site\/news\/libere-quando-la-liberta-nasce-dal-confronto-tra-pari\/#primaryimage\",\"url\":\"https:\/\/www.fondazioneunipolis.org\/site\/wp-content\/uploads\/2026\/03\/Libere_post-e-sito.png\",\"contentUrl\":\"https:\/\/www.fondazioneunipolis.org\/site\/wp-content\/uploads\/2026\/03\/Libere_post-e-sito.png\",\"width\":1440,\"height\":900},{\"@type\":\"BreadcrumbList\",\"@id\":\"https:\/\/www.fondazioneunipolis.org\/site\/news\/libere-quando-la-liberta-nasce-dal-confronto-tra-pari\/#breadcrumb\",\"itemListElement\":[{\"@type\":\"ListItem\",\"position\":1,\"name\":\"Home\",\"item\":\"https:\/\/www.fondazioneunipolis.org\/site\/\"},{\"@type\":\"ListItem\",\"position\":2,\"name\":\"Libere: quando la libert\u00e0 nasce dal confronto tra pari\"}]},{\"@type\":\"WebSite\",\"@id\":\"https:\/\/www.fondazioneunipolis.org\/site\/#website\",\"url\":\"https:\/\/www.fondazioneunipolis.org\/site\/\",\"name\":\"Unipolis\",\"description\":\"\",\"publisher\":{\"@id\":\"https:\/\/www.fondazioneunipolis.org\/site\/#organization\"},\"potentialAction\":[{\"@type\":\"SearchAction\",\"target\":{\"@type\":\"EntryPoint\",\"urlTemplate\":\"https:\/\/www.fondazioneunipolis.org\/site\/?s={search_term_string}\"},\"query-input\":{\"@type\":\"PropertyValueSpecification\",\"valueRequired\":true,\"valueName\":\"search_term_string\"}}],\"inLanguage\":\"it-IT\"},{\"@type\":\"Organization\",\"@id\":\"https:\/\/www.fondazioneunipolis.org\/site\/#organization\",\"name\":\"Unipolis\",\"url\":\"https:\/\/www.fondazioneunipolis.org\/site\/\",\"logo\":{\"@type\":\"ImageObject\",\"inLanguage\":\"it-IT\",\"@id\":\"https:\/\/www.fondazioneunipolis.org\/site\/#\/schema\/logo\/image\/\",\"url\":\"https:\/\/www.fondazioneunipolis.org\/site\/wp-content\/uploads\/2025\/07\/logo-fondazione-unipolis-1.svg\",\"contentUrl\":\"https:\/\/www.fondazioneunipolis.org\/site\/wp-content\/uploads\/2025\/07\/logo-fondazione-unipolis-1.svg\",\"caption\":\"Unipolis\"},\"image\":{\"@id\":\"https:\/\/www.fondazioneunipolis.org\/site\/#\/schema\/logo\/image\/\"}},{\"@type\":\"Person\",\"@id\":\"https:\/\/www.fondazioneunipolis.org\/site\/#\/schema\/person\/9624dbff5c860b1f92ab40d23897ba69\",\"name\":\"luca saade\",\"image\":{\"@type\":\"ImageObject\",\"inLanguage\":\"it-IT\",\"@id\":\"https:\/\/www.fondazioneunipolis.org\/site\/#\/schema\/person\/image\/\",\"url\":\"https:\/\/secure.gravatar.com\/avatar\/0511c829f0b24d61881b9440ac89ed34cc227583864d1b5501c31f9f530407e5?s=96&d=mm&r=g\",\"contentUrl\":\"https:\/\/secure.gravatar.com\/avatar\/0511c829f0b24d61881b9440ac89ed34cc227583864d1b5501c31f9f530407e5?s=96&d=mm&r=g\",\"caption\":\"luca saade\"},\"url\":\"https:\/\/www.fondazioneunipolis.org\/site\/author\/luca-saade\/\"}]}<\/script>\n<!-- \/ Yoast SEO plugin. -->","yoast_head_json":{"title":"Libere: quando la libert\u00e0 nasce dal confronto tra pari - Unipolis","description":"Libere: quando la libert\u00e0 nasce dal confronto tra pari","robots":{"index":"index","follow":"follow","max-snippet":"max-snippet:-1","max-image-preview":"max-image-preview:large","max-video-preview":"max-video-preview:-1"},"canonical":"https:\/\/www.fondazioneunipolis.org\/site\/news\/libere-quando-la-liberta-nasce-dal-confronto-tra-pari\/","og_locale":"it_IT","og_type":"article","og_title":"Libere: quando la libert\u00e0 nasce dal confronto tra pari - Unipolis","og_description":"Libere: quando la libert\u00e0 nasce dal confronto tra pari","og_url":"https:\/\/www.fondazioneunipolis.org\/site\/news\/libere-quando-la-liberta-nasce-dal-confronto-tra-pari\/","og_site_name":"Unipolis","article_published_time":"2026-03-11T14:52:13+00:00","article_modified_time":"2026-03-11T14:58:43+00:00","og_image":[{"width":1440,"height":900,"url":"https:\/\/www.fondazioneunipolis.org\/site\/wp-content\/uploads\/2026\/03\/Libere_post-e-sito.png","type":"image\/png"}],"author":"luca saade","twitter_card":"summary_large_image","twitter_misc":{"Written by":"luca saade","Est. reading time":"6 minutes"},"schema":{"@context":"https:\/\/schema.org","@graph":[{"@type":"Article","@id":"https:\/\/www.fondazioneunipolis.org\/site\/news\/libere-quando-la-liberta-nasce-dal-confronto-tra-pari\/#article","isPartOf":{"@id":"https:\/\/www.fondazioneunipolis.org\/site\/news\/libere-quando-la-liberta-nasce-dal-confronto-tra-pari\/"},"author":{"name":"luca saade","@id":"https:\/\/www.fondazioneunipolis.org\/site\/#\/schema\/person\/9624dbff5c860b1f92ab40d23897ba69"},"headline":"Libere: quando la libert\u00e0 nasce dal confronto tra pari","datePublished":"2026-03-11T14:52:13+00:00","dateModified":"2026-03-11T14:58:43+00:00","mainEntityOfPage":{"@id":"https:\/\/www.fondazioneunipolis.org\/site\/news\/libere-quando-la-liberta-nasce-dal-confronto-tra-pari\/"},"wordCount":1068,"commentCount":0,"publisher":{"@id":"https:\/\/www.fondazioneunipolis.org\/site\/#organization"},"image":{"@id":"https:\/\/www.fondazioneunipolis.org\/site\/news\/libere-quando-la-liberta-nasce-dal-confronto-tra-pari\/#primaryimage"},"thumbnailUrl":"https:\/\/www.fondazioneunipolis.org\/site\/wp-content\/uploads\/2026\/03\/Libere_post-e-sito.png","keywords":["Libere"],"articleSection":["Disuguaglianze"],"inLanguage":"it-IT","potentialAction":[{"@type":"CommentAction","name":"Comment","target":["https:\/\/www.fondazioneunipolis.org\/site\/news\/libere-quando-la-liberta-nasce-dal-confronto-tra-pari\/#respond"]}]},{"@type":"WebPage","@id":"https:\/\/www.fondazioneunipolis.org\/site\/news\/libere-quando-la-liberta-nasce-dal-confronto-tra-pari\/","url":"https:\/\/www.fondazioneunipolis.org\/site\/news\/libere-quando-la-liberta-nasce-dal-confronto-tra-pari\/","name":"Libere: quando la libert\u00e0 nasce dal confronto tra pari - Unipolis","isPartOf":{"@id":"https:\/\/www.fondazioneunipolis.org\/site\/#website"},"primaryImageOfPage":{"@id":"https:\/\/www.fondazioneunipolis.org\/site\/news\/libere-quando-la-liberta-nasce-dal-confronto-tra-pari\/#primaryimage"},"image":{"@id":"https:\/\/www.fondazioneunipolis.org\/site\/news\/libere-quando-la-liberta-nasce-dal-confronto-tra-pari\/#primaryimage"},"thumbnailUrl":"https:\/\/www.fondazioneunipolis.org\/site\/wp-content\/uploads\/2026\/03\/Libere_post-e-sito.png","datePublished":"2026-03-11T14:52:13+00:00","dateModified":"2026-03-11T14:58:43+00:00","description":"Libere: quando la libert\u00e0 nasce dal confronto tra pari","breadcrumb":{"@id":"https:\/\/www.fondazioneunipolis.org\/site\/news\/libere-quando-la-liberta-nasce-dal-confronto-tra-pari\/#breadcrumb"},"inLanguage":"it-IT","potentialAction":[{"@type":"ReadAction","target":["https:\/\/www.fondazioneunipolis.org\/site\/news\/libere-quando-la-liberta-nasce-dal-confronto-tra-pari\/"]}]},{"@type":"ImageObject","inLanguage":"it-IT","@id":"https:\/\/www.fondazioneunipolis.org\/site\/news\/libere-quando-la-liberta-nasce-dal-confronto-tra-pari\/#primaryimage","url":"https:\/\/www.fondazioneunipolis.org\/site\/wp-content\/uploads\/2026\/03\/Libere_post-e-sito.png","contentUrl":"https:\/\/www.fondazioneunipolis.org\/site\/wp-content\/uploads\/2026\/03\/Libere_post-e-sito.png","width":1440,"height":900},{"@type":"BreadcrumbList","@id":"https:\/\/www.fondazioneunipolis.org\/site\/news\/libere-quando-la-liberta-nasce-dal-confronto-tra-pari\/#breadcrumb","itemListElement":[{"@type":"ListItem","position":1,"name":"Home","item":"https:\/\/www.fondazioneunipolis.org\/site\/"},{"@type":"ListItem","position":2,"name":"Libere: quando la libert\u00e0 nasce dal confronto tra pari"}]},{"@type":"WebSite","@id":"https:\/\/www.fondazioneunipolis.org\/site\/#website","url":"https:\/\/www.fondazioneunipolis.org\/site\/","name":"Unipolis","description":"","publisher":{"@id":"https:\/\/www.fondazioneunipolis.org\/site\/#organization"},"potentialAction":[{"@type":"SearchAction","target":{"@type":"EntryPoint","urlTemplate":"https:\/\/www.fondazioneunipolis.org\/site\/?s={search_term_string}"},"query-input":{"@type":"PropertyValueSpecification","valueRequired":true,"valueName":"search_term_string"}}],"inLanguage":"it-IT"},{"@type":"Organization","@id":"https:\/\/www.fondazioneunipolis.org\/site\/#organization","name":"Unipolis","url":"https:\/\/www.fondazioneunipolis.org\/site\/","logo":{"@type":"ImageObject","inLanguage":"it-IT","@id":"https:\/\/www.fondazioneunipolis.org\/site\/#\/schema\/logo\/image\/","url":"https:\/\/www.fondazioneunipolis.org\/site\/wp-content\/uploads\/2025\/07\/logo-fondazione-unipolis-1.svg","contentUrl":"https:\/\/www.fondazioneunipolis.org\/site\/wp-content\/uploads\/2025\/07\/logo-fondazione-unipolis-1.svg","caption":"Unipolis"},"image":{"@id":"https:\/\/www.fondazioneunipolis.org\/site\/#\/schema\/logo\/image\/"}},{"@type":"Person","@id":"https:\/\/www.fondazioneunipolis.org\/site\/#\/schema\/person\/9624dbff5c860b1f92ab40d23897ba69","name":"luca saade","image":{"@type":"ImageObject","inLanguage":"it-IT","@id":"https:\/\/www.fondazioneunipolis.org\/site\/#\/schema\/person\/image\/","url":"https:\/\/secure.gravatar.com\/avatar\/0511c829f0b24d61881b9440ac89ed34cc227583864d1b5501c31f9f530407e5?s=96&d=mm&r=g","contentUrl":"https:\/\/secure.gravatar.com\/avatar\/0511c829f0b24d61881b9440ac89ed34cc227583864d1b5501c31f9f530407e5?s=96&d=mm&r=g","caption":"luca saade"},"url":"https:\/\/www.fondazioneunipolis.org\/site\/author\/luca-saade\/"}]}},"_links":{"self":[{"href":"https:\/\/www.fondazioneunipolis.org\/site\/wp-json\/wp\/v2\/posts\/12004","targetHints":{"allow":["GET"]}}],"collection":[{"href":"https:\/\/www.fondazioneunipolis.org\/site\/wp-json\/wp\/v2\/posts"}],"about":[{"href":"https:\/\/www.fondazioneunipolis.org\/site\/wp-json\/wp\/v2\/types\/post"}],"author":[{"embeddable":true,"href":"https:\/\/www.fondazioneunipolis.org\/site\/wp-json\/wp\/v2\/users\/9"}],"replies":[{"embeddable":true,"href":"https:\/\/www.fondazioneunipolis.org\/site\/wp-json\/wp\/v2\/comments?post=12004"}],"version-history":[{"count":2,"href":"https:\/\/www.fondazioneunipolis.org\/site\/wp-json\/wp\/v2\/posts\/12004\/revisions"}],"predecessor-version":[{"id":12007,"href":"https:\/\/www.fondazioneunipolis.org\/site\/wp-json\/wp\/v2\/posts\/12004\/revisions\/12007"}],"wp:featuredmedia":[{"embeddable":true,"href":"https:\/\/www.fondazioneunipolis.org\/site\/wp-json\/wp\/v2\/media\/12005"}],"wp:attachment":[{"href":"https:\/\/www.fondazioneunipolis.org\/site\/wp-json\/wp\/v2\/media?parent=12004"}],"wp:term":[{"taxonomy":"category","embeddable":true,"href":"https:\/\/www.fondazioneunipolis.org\/site\/wp-json\/wp\/v2\/categories?post=12004"},{"taxonomy":"post_tag","embeddable":true,"href":"https:\/\/www.fondazioneunipolis.org\/site\/wp-json\/wp\/v2\/tags?post=12004"}],"curies":[{"name":"wp","href":"https:\/\/api.w.org\/{rel}","templated":true}]}}