{"id":11812,"date":"2026-01-26T15:26:58","date_gmt":"2026-01-26T14:26:58","guid":{"rendered":"https:\/\/www.fondazioneunipolis.org\/site\/news\/\/"},"modified":"2026-02-23T11:10:24","modified_gmt":"2026-02-23T10:10:24","slug":"orizzonti-la-storia-di-sofia","status":"publish","type":"post","link":"https:\/\/www.fondazioneunipolis.org\/site\/news\/orizzonti-la-storia-di-sofia\/","title":{"rendered":"Orizzonti: la storia di Sofia"},"content":{"rendered":"\n<p>Sofia (nome di fantasia) ha 32 anni, viene dalla Nigeria e vive a Roma insieme a sua figlia di sette anni. L\u2019italiano lo sta ancora imparando, ma la sua voce \u00e8 chiara quando racconta il percorso che l\u2019ha portata a ritrovare fiducia e autonomia, oltre che a darle la possibilit\u00e0 di immaginare nuovi orizzonti futuri per la sua vita.<\/p>\n\n\n\n<p>\u00abRoma \u00e8 stata la citt\u00e0 che mi ha accolta. \u00c8 la citt\u00e0 dove so che non sono sola\u00bb.<br>Oggi Sofia \u00e8 ospite di una casa-famiglia gestita da <a href=\"https:\/\/arpj.org\/\">ARPJTETTO <\/a>e fa parte del progetto <strong><a href=\"https:\/\/www.fondazioneunipolis.org\/site\/progetti\/orizzonti\/\">Orizzonti<\/a><\/strong>, sostenuto da Fondazione Unipolis attraverso il Bando ACT 2024, nell\u2019area <em>Disuguaglianze<\/em>.<\/p>\n\n\n\n<h2 class=\"wp-block-heading\"><strong>Dai corsi al lavoro<\/strong><\/h2>\n\n\n\n<p>All\u2019inizio, racconta, non era semplice capire il senso dei <strong>laboratori di capacitazione<\/strong> e del corso HACCP. \u00abNon capivo a cosa servissero, poi ho capito che era tutto necessario per il percorso dopo\u00bb.<br>Un passaggio fondamentale che le ha permesso di accedere a un tirocinio come aiuto-cuoco, esperienza che oggi considera un primo vero passo verso l\u2019indipendenza.<\/p>\n\n\n\n<p>Come spesso accade nei percorsi di <strong>Orizzonti<\/strong>, l\u2019inizio \u00e8 fatto di incertezza. \u00abQuando sei all\u2019inizio ti senti un po\u2019 persa. Poi, grazie alle compagne e alle educatrici, ci vuole poco per ambientarti\u00bb. La dimensione di gruppo, il confronto e il supporto delle operatrici diventano leve decisive per non sentirsi sole e per prendere consapevolezza delle proprie capacit\u00e0.<\/p>\n\n\n\n<h2 class=\"wp-block-heading\"><strong>Sognare (anche) in grande<\/strong><\/h2>\n\n\n\n<p>Durante il tirocinio Sofia ha scoperto qualcosa di importante: cucinare le piace davvero. \u00abHo capito che mi piacerebbe fare la chef. Ma prima devo imparare bene l\u2019italiano: ce la vedi una chef che non parla bene?\u00bb dice sorridendo. Per ora va bene anche il ruolo di aiuto-cuoco: \u00abImparo molto. Il risotto? Te lo faccio in tutti i modi possibili. Dimmi uno e te lo preparo\u00bb. Anche in versione nigeriana, precisa, anche se \u2013 scherza \u2013 \u00abqui non avete tutti gli ingredienti\u00bb.<\/p>\n\n\n\n<p>Dietro l\u2019ironia, per\u00f2, c\u2019\u00e8 una consapevolezza nuova: il lavoro non \u00e8 solo una fonte di reddito, ma uno strumento di autonomia, dignit\u00e0 e progettualit\u00e0.<\/p>\n\n\n\n<h2 class=\"wp-block-heading\"><strong>Un percorso che cambia lo sguardo<\/strong><\/h2>\n\n\n\n<p>La storia di Sofia racconta cosa significa, concretamente, investire in capacitazione: accompagnare le persone nel riconoscere le proprie competenze, nel costruire nuove possibilit\u00e0 e nel sentirsi parte di una comunit\u00e0 che sostiene e incoraggia.<\/p>\n\n\n\n<p>\u00c8 cos\u00ec che Orizzonti prova a ridurre le disuguaglianze: un passo alla volta, partendo dalle storie, dalle relazioni e dalla forza di chi sceglie di rimettersi in cammino.<\/p>\n\n\n\n<p><\/p>\n","protected":false},"excerpt":{"rendered":"<p>Sofia (nome di fantasia) ha 32 anni, viene dalla Nigeria e vive a Roma insieme a sua figlia di sette anni. L\u2019italiano lo sta ancora imparando, ma la sua voce \u00e8 chiara quando racconta il percorso che l\u2019ha portata a ritrovare fiducia e autonomia, oltre che a darle la possibilit\u00e0 di immaginare nuovi orizzonti futuri [&hellip;]<\/p>\n","protected":false},"author":9,"featured_media":11813,"comment_status":"open","ping_status":"open","sticky":false,"template":"","format":"standard","meta":{"_acf_changed":false,"footnotes":""},"categories":[6],"tags":[664],"class_list":["post-11812","post","type-post","status-publish","format-standard","has-post-thumbnail","hentry","category-disuguaglianze","tag-orizzonti"],"acf":[],"yoast_head":"<!-- This site is optimized with the Yoast SEO plugin v26.1.1 - https:\/\/yoast.com\/wordpress\/plugins\/seo\/ -->\n<title>Orizzonti: la storia di Sofia - Unipolis<\/title>\n<meta name=\"description\" content=\"Orizzonti: La storia di Sofia\" \/>\n<meta name=\"robots\" content=\"index, follow, max-snippet:-1, max-image-preview:large, max-video-preview:-1\" \/>\n<link rel=\"canonical\" href=\"https:\/\/www.fondazioneunipolis.org\/site\/news\/orizzonti-la-storia-di-sofia\/\" \/>\n<meta property=\"og:locale\" content=\"it_IT\" \/>\n<meta property=\"og:type\" content=\"article\" \/>\n<meta property=\"og:title\" content=\"Orizzonti: la storia di Sofia - Unipolis\" \/>\n<meta property=\"og:description\" content=\"Orizzonti: La storia di Sofia\" \/>\n<meta property=\"og:url\" content=\"https:\/\/www.fondazioneunipolis.org\/site\/news\/orizzonti-la-storia-di-sofia\/\" \/>\n<meta property=\"og:site_name\" content=\"Unipolis\" \/>\n<meta property=\"article:published_time\" content=\"2026-01-26T14:26:58+00:00\" \/>\n<meta property=\"article:modified_time\" content=\"2026-02-23T10:10:24+00:00\" \/>\n<meta property=\"og:image\" content=\"https:\/\/www.fondazioneunipolis.org\/site\/wp-content\/uploads\/2026\/01\/Orizzonti.png\" \/>\n\t<meta property=\"og:image:width\" content=\"1440\" \/>\n\t<meta property=\"og:image:height\" content=\"900\" \/>\n\t<meta property=\"og:image:type\" content=\"image\/png\" \/>\n<meta name=\"author\" content=\"luca saade\" \/>\n<meta name=\"twitter:card\" content=\"summary_large_image\" \/>\n<meta name=\"twitter:label1\" content=\"Written by\" \/>\n\t<meta name=\"twitter:data1\" content=\"luca saade\" \/>\n\t<meta name=\"twitter:label2\" content=\"Est. reading time\" \/>\n\t<meta name=\"twitter:data2\" content=\"3 minutes\" \/>\n<script type=\"application\/ld+json\" class=\"yoast-schema-graph\">{\"@context\":\"https:\/\/schema.org\",\"@graph\":[{\"@type\":\"Article\",\"@id\":\"https:\/\/www.fondazioneunipolis.org\/site\/news\/orizzonti-la-storia-di-sofia\/#article\",\"isPartOf\":{\"@id\":\"https:\/\/www.fondazioneunipolis.org\/site\/news\/orizzonti-la-storia-di-sofia\/\"},\"author\":{\"name\":\"luca saade\",\"@id\":\"https:\/\/www.fondazioneunipolis.org\/site\/#\/schema\/person\/9624dbff5c860b1f92ab40d23897ba69\"},\"headline\":\"Orizzonti: la storia di Sofia\",\"datePublished\":\"2026-01-26T14:26:58+00:00\",\"dateModified\":\"2026-02-23T10:10:24+00:00\",\"mainEntityOfPage\":{\"@id\":\"https:\/\/www.fondazioneunipolis.org\/site\/news\/orizzonti-la-storia-di-sofia\/\"},\"wordCount\":401,\"commentCount\":0,\"publisher\":{\"@id\":\"https:\/\/www.fondazioneunipolis.org\/site\/#organization\"},\"image\":{\"@id\":\"https:\/\/www.fondazioneunipolis.org\/site\/news\/orizzonti-la-storia-di-sofia\/#primaryimage\"},\"thumbnailUrl\":\"https:\/\/www.fondazioneunipolis.org\/site\/wp-content\/uploads\/2026\/01\/Orizzonti.png\",\"keywords\":[\"orizzonti\"],\"articleSection\":[\"Disuguaglianze\"],\"inLanguage\":\"it-IT\",\"potentialAction\":[{\"@type\":\"CommentAction\",\"name\":\"Comment\",\"target\":[\"https:\/\/www.fondazioneunipolis.org\/site\/news\/orizzonti-la-storia-di-sofia\/#respond\"]}]},{\"@type\":\"WebPage\",\"@id\":\"https:\/\/www.fondazioneunipolis.org\/site\/news\/orizzonti-la-storia-di-sofia\/\",\"url\":\"https:\/\/www.fondazioneunipolis.org\/site\/news\/orizzonti-la-storia-di-sofia\/\",\"name\":\"Orizzonti: la storia di Sofia - Unipolis\",\"isPartOf\":{\"@id\":\"https:\/\/www.fondazioneunipolis.org\/site\/#website\"},\"primaryImageOfPage\":{\"@id\":\"https:\/\/www.fondazioneunipolis.org\/site\/news\/orizzonti-la-storia-di-sofia\/#primaryimage\"},\"image\":{\"@id\":\"https:\/\/www.fondazioneunipolis.org\/site\/news\/orizzonti-la-storia-di-sofia\/#primaryimage\"},\"thumbnailUrl\":\"https:\/\/www.fondazioneunipolis.org\/site\/wp-content\/uploads\/2026\/01\/Orizzonti.png\",\"datePublished\":\"2026-01-26T14:26:58+00:00\",\"dateModified\":\"2026-02-23T10:10:24+00:00\",\"description\":\"Orizzonti: La storia di Sofia\",\"breadcrumb\":{\"@id\":\"https:\/\/www.fondazioneunipolis.org\/site\/news\/orizzonti-la-storia-di-sofia\/#breadcrumb\"},\"inLanguage\":\"it-IT\",\"potentialAction\":[{\"@type\":\"ReadAction\",\"target\":[\"https:\/\/www.fondazioneunipolis.org\/site\/news\/orizzonti-la-storia-di-sofia\/\"]}]},{\"@type\":\"ImageObject\",\"inLanguage\":\"it-IT\",\"@id\":\"https:\/\/www.fondazioneunipolis.org\/site\/news\/orizzonti-la-storia-di-sofia\/#primaryimage\",\"url\":\"https:\/\/www.fondazioneunipolis.org\/site\/wp-content\/uploads\/2026\/01\/Orizzonti.png\",\"contentUrl\":\"https:\/\/www.fondazioneunipolis.org\/site\/wp-content\/uploads\/2026\/01\/Orizzonti.png\",\"width\":1440,\"height\":900},{\"@type\":\"BreadcrumbList\",\"@id\":\"https:\/\/www.fondazioneunipolis.org\/site\/news\/orizzonti-la-storia-di-sofia\/#breadcrumb\",\"itemListElement\":[{\"@type\":\"ListItem\",\"position\":1,\"name\":\"Home\",\"item\":\"https:\/\/www.fondazioneunipolis.org\/site\/\"},{\"@type\":\"ListItem\",\"position\":2,\"name\":\"Orizzonti: la storia di Sofia\"}]},{\"@type\":\"WebSite\",\"@id\":\"https:\/\/www.fondazioneunipolis.org\/site\/#website\",\"url\":\"https:\/\/www.fondazioneunipolis.org\/site\/\",\"name\":\"Unipolis\",\"description\":\"\",\"publisher\":{\"@id\":\"https:\/\/www.fondazioneunipolis.org\/site\/#organization\"},\"potentialAction\":[{\"@type\":\"SearchAction\",\"target\":{\"@type\":\"EntryPoint\",\"urlTemplate\":\"https:\/\/www.fondazioneunipolis.org\/site\/?s={search_term_string}\"},\"query-input\":{\"@type\":\"PropertyValueSpecification\",\"valueRequired\":true,\"valueName\":\"search_term_string\"}}],\"inLanguage\":\"it-IT\"},{\"@type\":\"Organization\",\"@id\":\"https:\/\/www.fondazioneunipolis.org\/site\/#organization\",\"name\":\"Unipolis\",\"url\":\"https:\/\/www.fondazioneunipolis.org\/site\/\",\"logo\":{\"@type\":\"ImageObject\",\"inLanguage\":\"it-IT\",\"@id\":\"https:\/\/www.fondazioneunipolis.org\/site\/#\/schema\/logo\/image\/\",\"url\":\"https:\/\/www.fondazioneunipolis.org\/site\/wp-content\/uploads\/2025\/07\/logo-fondazione-unipolis-1.svg\",\"contentUrl\":\"https:\/\/www.fondazioneunipolis.org\/site\/wp-content\/uploads\/2025\/07\/logo-fondazione-unipolis-1.svg\",\"caption\":\"Unipolis\"},\"image\":{\"@id\":\"https:\/\/www.fondazioneunipolis.org\/site\/#\/schema\/logo\/image\/\"}},{\"@type\":\"Person\",\"@id\":\"https:\/\/www.fondazioneunipolis.org\/site\/#\/schema\/person\/9624dbff5c860b1f92ab40d23897ba69\",\"name\":\"luca saade\",\"image\":{\"@type\":\"ImageObject\",\"inLanguage\":\"it-IT\",\"@id\":\"https:\/\/www.fondazioneunipolis.org\/site\/#\/schema\/person\/image\/\",\"url\":\"https:\/\/secure.gravatar.com\/avatar\/0511c829f0b24d61881b9440ac89ed34cc227583864d1b5501c31f9f530407e5?s=96&d=mm&r=g\",\"contentUrl\":\"https:\/\/secure.gravatar.com\/avatar\/0511c829f0b24d61881b9440ac89ed34cc227583864d1b5501c31f9f530407e5?s=96&d=mm&r=g\",\"caption\":\"luca saade\"},\"url\":\"https:\/\/www.fondazioneunipolis.org\/site\/author\/luca-saade\/\"}]}<\/script>\n<!-- \/ Yoast SEO plugin. -->","yoast_head_json":{"title":"Orizzonti: la storia di Sofia - Unipolis","description":"Orizzonti: La storia di Sofia","robots":{"index":"index","follow":"follow","max-snippet":"max-snippet:-1","max-image-preview":"max-image-preview:large","max-video-preview":"max-video-preview:-1"},"canonical":"https:\/\/www.fondazioneunipolis.org\/site\/news\/orizzonti-la-storia-di-sofia\/","og_locale":"it_IT","og_type":"article","og_title":"Orizzonti: la storia di Sofia - Unipolis","og_description":"Orizzonti: La storia di Sofia","og_url":"https:\/\/www.fondazioneunipolis.org\/site\/news\/orizzonti-la-storia-di-sofia\/","og_site_name":"Unipolis","article_published_time":"2026-01-26T14:26:58+00:00","article_modified_time":"2026-02-23T10:10:24+00:00","og_image":[{"width":1440,"height":900,"url":"https:\/\/www.fondazioneunipolis.org\/site\/wp-content\/uploads\/2026\/01\/Orizzonti.png","type":"image\/png"}],"author":"luca saade","twitter_card":"summary_large_image","twitter_misc":{"Written by":"luca saade","Est. reading time":"3 minutes"},"schema":{"@context":"https:\/\/schema.org","@graph":[{"@type":"Article","@id":"https:\/\/www.fondazioneunipolis.org\/site\/news\/orizzonti-la-storia-di-sofia\/#article","isPartOf":{"@id":"https:\/\/www.fondazioneunipolis.org\/site\/news\/orizzonti-la-storia-di-sofia\/"},"author":{"name":"luca saade","@id":"https:\/\/www.fondazioneunipolis.org\/site\/#\/schema\/person\/9624dbff5c860b1f92ab40d23897ba69"},"headline":"Orizzonti: la storia di Sofia","datePublished":"2026-01-26T14:26:58+00:00","dateModified":"2026-02-23T10:10:24+00:00","mainEntityOfPage":{"@id":"https:\/\/www.fondazioneunipolis.org\/site\/news\/orizzonti-la-storia-di-sofia\/"},"wordCount":401,"commentCount":0,"publisher":{"@id":"https:\/\/www.fondazioneunipolis.org\/site\/#organization"},"image":{"@id":"https:\/\/www.fondazioneunipolis.org\/site\/news\/orizzonti-la-storia-di-sofia\/#primaryimage"},"thumbnailUrl":"https:\/\/www.fondazioneunipolis.org\/site\/wp-content\/uploads\/2026\/01\/Orizzonti.png","keywords":["orizzonti"],"articleSection":["Disuguaglianze"],"inLanguage":"it-IT","potentialAction":[{"@type":"CommentAction","name":"Comment","target":["https:\/\/www.fondazioneunipolis.org\/site\/news\/orizzonti-la-storia-di-sofia\/#respond"]}]},{"@type":"WebPage","@id":"https:\/\/www.fondazioneunipolis.org\/site\/news\/orizzonti-la-storia-di-sofia\/","url":"https:\/\/www.fondazioneunipolis.org\/site\/news\/orizzonti-la-storia-di-sofia\/","name":"Orizzonti: la storia di Sofia - Unipolis","isPartOf":{"@id":"https:\/\/www.fondazioneunipolis.org\/site\/#website"},"primaryImageOfPage":{"@id":"https:\/\/www.fondazioneunipolis.org\/site\/news\/orizzonti-la-storia-di-sofia\/#primaryimage"},"image":{"@id":"https:\/\/www.fondazioneunipolis.org\/site\/news\/orizzonti-la-storia-di-sofia\/#primaryimage"},"thumbnailUrl":"https:\/\/www.fondazioneunipolis.org\/site\/wp-content\/uploads\/2026\/01\/Orizzonti.png","datePublished":"2026-01-26T14:26:58+00:00","dateModified":"2026-02-23T10:10:24+00:00","description":"Orizzonti: La storia di Sofia","breadcrumb":{"@id":"https:\/\/www.fondazioneunipolis.org\/site\/news\/orizzonti-la-storia-di-sofia\/#breadcrumb"},"inLanguage":"it-IT","potentialAction":[{"@type":"ReadAction","target":["https:\/\/www.fondazioneunipolis.org\/site\/news\/orizzonti-la-storia-di-sofia\/"]}]},{"@type":"ImageObject","inLanguage":"it-IT","@id":"https:\/\/www.fondazioneunipolis.org\/site\/news\/orizzonti-la-storia-di-sofia\/#primaryimage","url":"https:\/\/www.fondazioneunipolis.org\/site\/wp-content\/uploads\/2026\/01\/Orizzonti.png","contentUrl":"https:\/\/www.fondazioneunipolis.org\/site\/wp-content\/uploads\/2026\/01\/Orizzonti.png","width":1440,"height":900},{"@type":"BreadcrumbList","@id":"https:\/\/www.fondazioneunipolis.org\/site\/news\/orizzonti-la-storia-di-sofia\/#breadcrumb","itemListElement":[{"@type":"ListItem","position":1,"name":"Home","item":"https:\/\/www.fondazioneunipolis.org\/site\/"},{"@type":"ListItem","position":2,"name":"Orizzonti: la storia di Sofia"}]},{"@type":"WebSite","@id":"https:\/\/www.fondazioneunipolis.org\/site\/#website","url":"https:\/\/www.fondazioneunipolis.org\/site\/","name":"Unipolis","description":"","publisher":{"@id":"https:\/\/www.fondazioneunipolis.org\/site\/#organization"},"potentialAction":[{"@type":"SearchAction","target":{"@type":"EntryPoint","urlTemplate":"https:\/\/www.fondazioneunipolis.org\/site\/?s={search_term_string}"},"query-input":{"@type":"PropertyValueSpecification","valueRequired":true,"valueName":"search_term_string"}}],"inLanguage":"it-IT"},{"@type":"Organization","@id":"https:\/\/www.fondazioneunipolis.org\/site\/#organization","name":"Unipolis","url":"https:\/\/www.fondazioneunipolis.org\/site\/","logo":{"@type":"ImageObject","inLanguage":"it-IT","@id":"https:\/\/www.fondazioneunipolis.org\/site\/#\/schema\/logo\/image\/","url":"https:\/\/www.fondazioneunipolis.org\/site\/wp-content\/uploads\/2025\/07\/logo-fondazione-unipolis-1.svg","contentUrl":"https:\/\/www.fondazioneunipolis.org\/site\/wp-content\/uploads\/2025\/07\/logo-fondazione-unipolis-1.svg","caption":"Unipolis"},"image":{"@id":"https:\/\/www.fondazioneunipolis.org\/site\/#\/schema\/logo\/image\/"}},{"@type":"Person","@id":"https:\/\/www.fondazioneunipolis.org\/site\/#\/schema\/person\/9624dbff5c860b1f92ab40d23897ba69","name":"luca saade","image":{"@type":"ImageObject","inLanguage":"it-IT","@id":"https:\/\/www.fondazioneunipolis.org\/site\/#\/schema\/person\/image\/","url":"https:\/\/secure.gravatar.com\/avatar\/0511c829f0b24d61881b9440ac89ed34cc227583864d1b5501c31f9f530407e5?s=96&d=mm&r=g","contentUrl":"https:\/\/secure.gravatar.com\/avatar\/0511c829f0b24d61881b9440ac89ed34cc227583864d1b5501c31f9f530407e5?s=96&d=mm&r=g","caption":"luca saade"},"url":"https:\/\/www.fondazioneunipolis.org\/site\/author\/luca-saade\/"}]}},"_links":{"self":[{"href":"https:\/\/www.fondazioneunipolis.org\/site\/wp-json\/wp\/v2\/posts\/11812","targetHints":{"allow":["GET"]}}],"collection":[{"href":"https:\/\/www.fondazioneunipolis.org\/site\/wp-json\/wp\/v2\/posts"}],"about":[{"href":"https:\/\/www.fondazioneunipolis.org\/site\/wp-json\/wp\/v2\/types\/post"}],"author":[{"embeddable":true,"href":"https:\/\/www.fondazioneunipolis.org\/site\/wp-json\/wp\/v2\/users\/9"}],"replies":[{"embeddable":true,"href":"https:\/\/www.fondazioneunipolis.org\/site\/wp-json\/wp\/v2\/comments?post=11812"}],"version-history":[{"count":3,"href":"https:\/\/www.fondazioneunipolis.org\/site\/wp-json\/wp\/v2\/posts\/11812\/revisions"}],"predecessor-version":[{"id":11985,"href":"https:\/\/www.fondazioneunipolis.org\/site\/wp-json\/wp\/v2\/posts\/11812\/revisions\/11985"}],"wp:featuredmedia":[{"embeddable":true,"href":"https:\/\/www.fondazioneunipolis.org\/site\/wp-json\/wp\/v2\/media\/11813"}],"wp:attachment":[{"href":"https:\/\/www.fondazioneunipolis.org\/site\/wp-json\/wp\/v2\/media?parent=11812"}],"wp:term":[{"taxonomy":"category","embeddable":true,"href":"https:\/\/www.fondazioneunipolis.org\/site\/wp-json\/wp\/v2\/categories?post=11812"},{"taxonomy":"post_tag","embeddable":true,"href":"https:\/\/www.fondazioneunipolis.org\/site\/wp-json\/wp\/v2\/tags?post=11812"}],"curies":[{"name":"wp","href":"https:\/\/api.w.org\/{rel}","templated":true}]}}