{"id":11508,"date":"2025-05-16T09:33:00","date_gmt":"2025-05-16T07:33:00","guid":{"rendered":"https:\/\/www.fondazioneunipolis.org\/site\/?p=11508"},"modified":"2025-12-30T15:54:07","modified_gmt":"2025-12-30T14:54:07","slug":"fondazione-unipolis-e-dott-insieme-a-milano-per-sensibilizzare-i-giovani-sul-corretto-utilizzo-del-monopattino-elettrico","status":"publish","type":"post","link":"https:\/\/www.fondazioneunipolis.org\/site\/news\/fondazione-unipolis-e-dott-insieme-a-milano-per-sensibilizzare-i-giovani-sul-corretto-utilizzo-del-monopattino-elettrico\/","title":{"rendered":"Fondazione Unipolis e Dott insieme a Milano per sensibilizzare i giovani sul corretto utilizzo del monopattino elettrico"},"content":{"rendered":"\n<p>\u200b\u200b200 studenti di 8 classi dell\u2019Istituto di Istruzione Superiore B. Cavalieri e D. Marignoni sono stati coinvolti in&nbsp;un percorso formativo e laboratoriale sulla guida sicura e consapevole del monopattino elettrico.&nbsp;<\/p>\n\n\n\n<p>\u00c8 la prima delle attivit\u00e0 previste da un pi\u00f9 ampio protocollo d\u2019intesa siglato dalla fondazione d\u2019impresa di Unipol e dalla societ\u00e0 di micromobilit\u00e0 in sharing per collaborare alla promozione della sicurezza stradale nell\u2019ambito della mobilit\u00e0 sostenibile.<\/p>\n\n\n\n<p>Ha preso il via a Milano il progetto congiunto di&nbsp;<strong>Fondazione Unipolis&nbsp;<\/strong>e<strong>&nbsp;Dott<\/strong>, volto a educare i giovani&nbsp;<strong>sull&#8217;uso corretto del monopattino elettrico<\/strong>&nbsp;e a promuovere il rispetto tra tutti gli utenti della strada. All&#8217;inaugurazione, che si \u00e8 svolta il 24 marzo, nel plesso di Via Olona 14 dell&#8217;Istituto di Istruzione Superiore Cavalieri &#8211;&nbsp;Marignoni, hanno partecipato&nbsp;<strong>Elena Buscemi<\/strong>, Presidente del Consiglio Comunale di Milano,&nbsp;<strong>Giovanni Maliandi<\/strong>, Dirigente scolastico I.I.S Cavalieri \u2013 Marignoni,&nbsp;<strong>Laura Franco<\/strong>, Referente educazione civica I.I.S Cavalieri \u2013 Marignoni,&nbsp;<strong>Francesco Moledda<\/strong>, Program Manager di Fondazione Unipolis e<strong>&nbsp;Laura Schirru<\/strong>, Public Policy Associate di Dott. <\/p>\n\n\n\n<p><strong>Dal 24 marzo al 28 marzo e dal 5 al 9 maggio<\/strong>, gli studenti dell&#8217;Istituto&nbsp;<strong>d&#8217;Istruzione Superiore B. Cavalieri &#8211; D. Marignoni&nbsp;<\/strong>sono stati&nbsp;impegnati nel programma di formazione ideato da Unipolis, con il supporto tecnico di Dott, per rispondere alla crescente diffusione della micromobilit\u00e0 urbana.<\/p>\n\n\n\n<p>Secondo l&#8217;<em>Ottavo Rapporto Nazionale sulla Sharing Mobility<\/em>&nbsp;pubblicato nel novembre 2024, la flotta italiana di veicoli condivisi conta circa 81.000 veicoli, di cui il 44% costituito da monopattini in sharing (circa 35.640 unit\u00e0). A questi si aggiungono tra i 300.000 e i 500.000 monopattini elettrici&nbsp;<strong>privati&nbsp;<\/strong>che si stimano essere attualmente in circolazione in Italia. Sebbene i dati mostrino un aumento degli incidenti che coinvolgono monopattini elettrici, la maggior parte di essi riguarda mezzi privati: nel<strong>&nbsp;2023<\/strong>&nbsp;sono stati registrati&nbsp;<strong>3.365 incidenti<\/strong>&nbsp;a livello nazionale, mentre a Milano sono stati 590, in leggera crescita rispetto ai 561 del 2022 e poco meno dei 596 del 2021. Questi numeri sono completamente differenti per i servizi in&nbsp;<strong>sharing<\/strong>&nbsp;che, grazie ad iniziative come quella presentata oggi e a sistemi tecnologici di sicurezza e controllo velocit\u00e0 messi in atto dagli operatori della micromobilit\u00e0, hanno garantito&nbsp;<strong>zero vittime dal 2021<\/strong>&nbsp;ed&nbsp;<strong>un tasso di incidentalit\u00e0 pari allo 0,00066% per km percorso<\/strong>.<\/p>\n\n\n\n<figure class=\"wp-block-image size-full\"><img loading=\"lazy\" width=\"800\" height=\"500\" src=\"https:\/\/www.fondazioneunipolis.org\/site\/wp-content\/uploads\/2025\/05\/MonopattinON-1.png\" alt=\"\" class=\"wp-image-11489\" srcset=\"https:\/\/www.fondazioneunipolis.org\/site\/wp-content\/uploads\/2025\/05\/MonopattinON-1.png 800w, https:\/\/www.fondazioneunipolis.org\/site\/wp-content\/uploads\/2025\/05\/MonopattinON-1-300x188.png 300w, https:\/\/www.fondazioneunipolis.org\/site\/wp-content\/uploads\/2025\/05\/MonopattinON-1-768x480.png 768w\" sizes=\"auto, (max-width: 800px) 100vw, 800px\" \/><\/figure>\n\n\n\n<p><em>L&#8217;Amministrazione punta molto su due raccomandazioni \u2013 ha affermato&nbsp;<\/em><strong><em>la Presidente del Consiglio comunale di Milano, Elena Buscemi<\/em><\/strong><em>&nbsp;-: guidare in sicurezza, quindi con senso di responsabilit\u00e0 e nel rispetto del codice della strada, e parcheggiare negli spazi idonei, senza abbandonare i mezzi sui marciapiedi o in giro, perch\u00e9 possono diventare ostacoli per i pedoni, per il passaggio di carrozzine, passeggini o di persone con difficolta di movimento&#8221;.&nbsp;<\/em><\/p>\n\n\n\n<p>progetto_monopattino<em>&#8220;In merito all&#8217;educazione civica nelle scuole, le nuove linee guida, del 2024, sottolineano, all&#8217;interno del nucleo \u201cCostituzione&#8221;, l&#8217;importanza della tematica \u201ceducazione stradale&#8221;, finalizzata all&#8217;acquisizione da parte degli studenti di comportamenti responsabili quali utenti della strada, abituando i giovani al rispetto della vita propria e altrui e delle regole del codice della strada. Al Cavalieri Marignoni abbiamo recepito le nuove linee guida e adeguato il curricolo di educazione civica, \u00e8 per questo che abbiamo accolto con entusiasmo il progetto proposto da Fondazione Unipolis e Dott, con l&#8217;obiettivo di contrastare il drammatico incremento dell&#8217;incidentalit\u00e0 stradale. L&#8217;approccio laboratoriale del progetto, fortemente consigliato dalle nuove linee guida, si sposa perfettamente con le metodologie didattiche da tempo adottate nel nostro Istituto&#8221;\u00a0<\/em>hanno commentato\u00a0<strong>Giovanni Maliandi<\/strong>,\u00a0<strong>Dirigente scolastico I.I.S Cavalieri \u2013 Marignoni<\/strong>\u00a0e\u00a0<strong>Laura Franco,<\/strong>\u00a0\u00a0<strong>Referente educazione civica I.I.S Cavalieri \u2013 Marignoni<\/strong>.<\/p>\n\n\n\n<p><em>\u201cLa micro-mobilit\u00e0 caratterizza e caratterizzer\u00e0 sempre di pi\u00f9 le nostre citt\u00e0, per questo \u00e8 importante educare i giovani a rispettare le regole che devono garantire la convivenza di tutti i mezzi sulla strada. Consapevolezza, educazione e attenzione sono tre doni che vorremmo portare ai ragazzi con il nostro intervento, grazie a docenti sensibili e moderni&#8221;<\/em>, ha affermato&nbsp;<strong>Marisa Parmigiani<\/strong>,&nbsp;<strong>Direttrice di Fondazione Unipolis<\/strong>.<\/p>\n\n\n\n<figure class=\"wp-block-image size-full\"><img loading=\"lazy\" width=\"800\" height=\"500\" src=\"https:\/\/www.fondazioneunipolis.org\/site\/wp-content\/uploads\/2025\/05\/MonopattinON-3.png\" alt=\"\" class=\"wp-image-11492\" srcset=\"https:\/\/www.fondazioneunipolis.org\/site\/wp-content\/uploads\/2025\/05\/MonopattinON-3.png 800w, https:\/\/www.fondazioneunipolis.org\/site\/wp-content\/uploads\/2025\/05\/MonopattinON-3-300x188.png 300w, https:\/\/www.fondazioneunipolis.org\/site\/wp-content\/uploads\/2025\/05\/MonopattinON-3-768x480.png 768w\" sizes=\"auto, (max-width: 800px) 100vw, 800px\" \/><\/figure>\n\n\n\n<p>Come spiega&nbsp;<strong>Laura Schirru<\/strong>,&nbsp;<strong>Public Policy Associate&nbsp;di Dott<\/strong>:&nbsp;<em>\u201cSiamo estremamente orgogliosi di avviare questo programma di formazione con la Fondazione Unipolis. La sicurezza stradale \u00e8 un pilastro fondamentale del nostro impegno e crediamo fortemente nel valore dell&#8217;educazione. Per questo, accanto alle collaborazioni con le Universit\u00e0, dedichiamo attenzione anche ai pi\u00f9 giovani, che rappresentano i futuri utilizzatori dei nostri servizi, destinati esclusivamente ai maggiorenni. Crediamo che fornire agli studenti strumenti concreti per comprendere le regole della strada e guidare con consapevolezza possa contribuire a migliorare la sicurezza non solo nel nostro settore, ma anche nell&#8217;uso dei mezzi privati.&#8221;<\/em><\/p>\n\n\n\n<p>In ogni edizione il progetto prevede la partecipazione a&nbsp;<strong>quattro moduli e un esame finale<\/strong>, per un totale di&nbsp;<strong>10 ore valevoli come ore di educazione civica<\/strong>. I moduli riguardano prove di guida del monopattino su strada, educazione sui segnali stradali oltre all&#8217;analisi delle componenti del mezzo e delle leggi della fisica e della dinamica che lo governano. Infine, ci sar\u00e0 un modulo dedicato a delineare gli scenari della mobilit\u00e0 del futuro. Il programma \u00e8 realizzato in collaborazione con i Consigli Regionali Unipol (CRU) e con la partnership tecnica della societ\u00e0 Dott che, oltre a collaborare alla realizzazione del corso gratuito con esperti e tecnici, fornir\u00e0 i mezzi elettrici a supporto della formazione.<\/p>\n\n\n\n<p>Dopo la tappa di Milano&nbsp;<strong>il progetto verr\u00e0 organizzato anche in altre citt\u00e0 italiane<\/strong>.<\/p>\n\n\n\n<p>Grazie al protocollo siglato, Unipolis e Dott riconoscono il comune interesse sul tema della promozione della sicurezza stradale nell&#8217;ambito della mobilit\u00e0 sostenibile come elemento cruciale per la costruzione di citt\u00e0 pi\u00f9 vivibili e sicure, ritenendo fondamentale educare i giovani sui comportamenti corretti da adottare sulla strada, sia come pedoni, ciclisti, monopattinisti e automobilisti, per ridurre il numero di incidenti e promuovere una cultura del rispetto reciproco. Coinvolgere i giovani in programmi di sensibilizzazione e formazione, come laboratori e campagne informative, non solo aumenta la loro consapevolezza, ma li rende anche protagonisti attivi del cambiamento verso una mobilit\u00e0 pi\u00f9 sicura e sostenibile. Questo impegno \u00e8 essenziale per sviluppare una responsabilit\u00e0 condivisa che supporti la transizione verso modalit\u00e0 di trasporto pi\u00f9 ecologiche e sicure per tutti.&nbsp;<\/p>\n\n\n\n<figure class=\"wp-block-image size-full\"><img loading=\"lazy\" width=\"800\" height=\"500\" src=\"https:\/\/www.fondazioneunipolis.org\/site\/wp-content\/uploads\/2025\/05\/MonopattinON-2.png\" alt=\"\" class=\"wp-image-11491\" srcset=\"https:\/\/www.fondazioneunipolis.org\/site\/wp-content\/uploads\/2025\/05\/MonopattinON-2.png 800w, https:\/\/www.fondazioneunipolis.org\/site\/wp-content\/uploads\/2025\/05\/MonopattinON-2-300x188.png 300w, https:\/\/www.fondazioneunipolis.org\/site\/wp-content\/uploads\/2025\/05\/MonopattinON-2-768x480.png 768w\" sizes=\"auto, (max-width: 800px) 100vw, 800px\" \/><\/figure>\n","protected":false},"excerpt":{"rendered":"<p>\u200b\u200b200 studenti di 8 classi dell\u2019Istituto di Istruzione Superiore B. Cavalieri e D. Marignoni sono stati coinvolti in&nbsp;un percorso formativo e laboratoriale sulla guida sicura e consapevole del monopattino elettrico.&nbsp; \u00c8 la prima delle attivit\u00e0 previste da un pi\u00f9 ampio protocollo d\u2019intesa siglato dalla fondazione d\u2019impresa di Unipol e dalla societ\u00e0 di micromobilit\u00e0 in sharing [&hellip;]<\/p>\n","protected":false},"author":9,"featured_media":11510,"comment_status":"open","ping_status":"open","sticky":false,"template":"","format":"standard","meta":{"_acf_changed":false,"footnotes":""},"categories":[16],"tags":[726],"class_list":["post-11508","post","type-post","status-publish","format-standard","has-post-thumbnail","hentry","category-mobilita","tag-monopattinon"],"acf":[],"yoast_head":"<!-- This site is optimized with the Yoast SEO plugin v26.1.1 - https:\/\/yoast.com\/wordpress\/plugins\/seo\/ -->\n<title>Fondazione Unipolis e Dott insieme a Milano per sensibilizzare i giovani sul corretto utilizzo del monopattino elettrico - Unipolis<\/title>\n<meta name=\"description\" content=\"Fondazione Unipolis e Dott insieme a Milano per sensibilizzare i giovani sul corretto utilizzo del monopattino elettrico\" \/>\n<meta name=\"robots\" content=\"index, follow, max-snippet:-1, max-image-preview:large, max-video-preview:-1\" \/>\n<link rel=\"canonical\" href=\"https:\/\/www.fondazioneunipolis.org\/site\/fondazione-unipolis-e-dott-insieme-a-milano-per-sensibilizzare-i-giovani-sul-corretto-utilizzo-del-monopattino-elettrico\/\" \/>\n<meta property=\"og:locale\" content=\"it_IT\" \/>\n<meta property=\"og:type\" content=\"article\" \/>\n<meta property=\"og:title\" content=\"Fondazione Unipolis e Dott insieme a Milano per sensibilizzare i giovani sul corretto utilizzo del monopattino elettrico - Unipolis\" \/>\n<meta property=\"og:description\" content=\"Fondazione Unipolis e Dott insieme a Milano per sensibilizzare i giovani sul corretto utilizzo del monopattino elettrico\" \/>\n<meta property=\"og:url\" content=\"https:\/\/dx-factory-unipolis-corporate-wp.ha.servizi.gr-u.it\/site\/fondazione-unipolis-e-dott-insieme-a-milano-per-sensibilizzare-i-giovani-sul-corretto-utilizzo-del-monopattino-elettrico\/\" \/>\n<meta property=\"og:site_name\" content=\"Unipolis\" \/>\n<meta property=\"article:published_time\" content=\"2025-05-16T07:33:00+00:00\" \/>\n<meta property=\"article:modified_time\" content=\"2025-12-30T14:54:07+00:00\" \/>\n<meta property=\"og:image\" content=\"https:\/\/dx-factory-unipolis-corporate-wp.ha.servizi.gr-u.it\/site\/wp-content\/uploads\/2025\/12\/monopattino_milano_edizione-2025.png\" \/>\n\t<meta property=\"og:image:width\" content=\"700\" \/>\n\t<meta property=\"og:image:height\" content=\"350\" \/>\n\t<meta property=\"og:image:type\" content=\"image\/png\" \/>\n<meta name=\"author\" content=\"luca saade\" \/>\n<meta name=\"twitter:card\" content=\"summary_large_image\" \/>\n<meta name=\"twitter:label1\" content=\"Written by\" \/>\n\t<meta name=\"twitter:data1\" content=\"luca saade\" \/>\n\t<meta name=\"twitter:label2\" content=\"Est. reading time\" \/>\n\t<meta name=\"twitter:data2\" content=\"7 minutes\" \/>\n<script type=\"application\/ld+json\" class=\"yoast-schema-graph\">{\"@context\":\"https:\/\/schema.org\",\"@graph\":[{\"@type\":\"Article\",\"@id\":\"https:\/\/dx-factory-unipolis-corporate-wp.ha.servizi.gr-u.it\/site\/fondazione-unipolis-e-dott-insieme-a-milano-per-sensibilizzare-i-giovani-sul-corretto-utilizzo-del-monopattino-elettrico\/#article\",\"isPartOf\":{\"@id\":\"https:\/\/dx-factory-unipolis-corporate-wp.ha.servizi.gr-u.it\/site\/fondazione-unipolis-e-dott-insieme-a-milano-per-sensibilizzare-i-giovani-sul-corretto-utilizzo-del-monopattino-elettrico\/\"},\"author\":{\"name\":\"luca saade\",\"@id\":\"https:\/\/www.fondazioneunipolis.org\/site\/#\/schema\/person\/9624dbff5c860b1f92ab40d23897ba69\"},\"headline\":\"Fondazione Unipolis e Dott insieme a Milano per sensibilizzare i giovani sul corretto utilizzo del monopattino elettrico\",\"datePublished\":\"2025-05-16T07:33:00+00:00\",\"dateModified\":\"2025-12-30T14:54:07+00:00\",\"mainEntityOfPage\":{\"@id\":\"https:\/\/dx-factory-unipolis-corporate-wp.ha.servizi.gr-u.it\/site\/fondazione-unipolis-e-dott-insieme-a-milano-per-sensibilizzare-i-giovani-sul-corretto-utilizzo-del-monopattino-elettrico\/\"},\"wordCount\":1037,\"commentCount\":0,\"publisher\":{\"@id\":\"https:\/\/www.fondazioneunipolis.org\/site\/#organization\"},\"image\":{\"@id\":\"https:\/\/dx-factory-unipolis-corporate-wp.ha.servizi.gr-u.it\/site\/fondazione-unipolis-e-dott-insieme-a-milano-per-sensibilizzare-i-giovani-sul-corretto-utilizzo-del-monopattino-elettrico\/#primaryimage\"},\"thumbnailUrl\":\"https:\/\/www.fondazioneunipolis.org\/site\/wp-content\/uploads\/2025\/12\/monopattino_milano_edizione-2025.png\",\"keywords\":[\"MonopattinON\"],\"articleSection\":[\"Mobilit\u00e0\"],\"inLanguage\":\"it-IT\",\"potentialAction\":[{\"@type\":\"CommentAction\",\"name\":\"Comment\",\"target\":[\"https:\/\/dx-factory-unipolis-corporate-wp.ha.servizi.gr-u.it\/site\/fondazione-unipolis-e-dott-insieme-a-milano-per-sensibilizzare-i-giovani-sul-corretto-utilizzo-del-monopattino-elettrico\/#respond\"]}]},{\"@type\":\"WebPage\",\"@id\":\"https:\/\/dx-factory-unipolis-corporate-wp.ha.servizi.gr-u.it\/site\/fondazione-unipolis-e-dott-insieme-a-milano-per-sensibilizzare-i-giovani-sul-corretto-utilizzo-del-monopattino-elettrico\/\",\"url\":\"https:\/\/dx-factory-unipolis-corporate-wp.ha.servizi.gr-u.it\/site\/fondazione-unipolis-e-dott-insieme-a-milano-per-sensibilizzare-i-giovani-sul-corretto-utilizzo-del-monopattino-elettrico\/\",\"name\":\"Fondazione Unipolis e Dott insieme a Milano per sensibilizzare i giovani sul corretto utilizzo del monopattino elettrico - Unipolis\",\"isPartOf\":{\"@id\":\"https:\/\/www.fondazioneunipolis.org\/site\/#website\"},\"primaryImageOfPage\":{\"@id\":\"https:\/\/dx-factory-unipolis-corporate-wp.ha.servizi.gr-u.it\/site\/fondazione-unipolis-e-dott-insieme-a-milano-per-sensibilizzare-i-giovani-sul-corretto-utilizzo-del-monopattino-elettrico\/#primaryimage\"},\"image\":{\"@id\":\"https:\/\/dx-factory-unipolis-corporate-wp.ha.servizi.gr-u.it\/site\/fondazione-unipolis-e-dott-insieme-a-milano-per-sensibilizzare-i-giovani-sul-corretto-utilizzo-del-monopattino-elettrico\/#primaryimage\"},\"thumbnailUrl\":\"https:\/\/www.fondazioneunipolis.org\/site\/wp-content\/uploads\/2025\/12\/monopattino_milano_edizione-2025.png\",\"datePublished\":\"2025-05-16T07:33:00+00:00\",\"dateModified\":\"2025-12-30T14:54:07+00:00\",\"description\":\"Fondazione Unipolis e Dott insieme a Milano per sensibilizzare i giovani sul corretto utilizzo del monopattino elettrico\",\"breadcrumb\":{\"@id\":\"https:\/\/dx-factory-unipolis-corporate-wp.ha.servizi.gr-u.it\/site\/fondazione-unipolis-e-dott-insieme-a-milano-per-sensibilizzare-i-giovani-sul-corretto-utilizzo-del-monopattino-elettrico\/#breadcrumb\"},\"inLanguage\":\"it-IT\",\"potentialAction\":[{\"@type\":\"ReadAction\",\"target\":[\"https:\/\/dx-factory-unipolis-corporate-wp.ha.servizi.gr-u.it\/site\/fondazione-unipolis-e-dott-insieme-a-milano-per-sensibilizzare-i-giovani-sul-corretto-utilizzo-del-monopattino-elettrico\/\"]}]},{\"@type\":\"ImageObject\",\"inLanguage\":\"it-IT\",\"@id\":\"https:\/\/dx-factory-unipolis-corporate-wp.ha.servizi.gr-u.it\/site\/fondazione-unipolis-e-dott-insieme-a-milano-per-sensibilizzare-i-giovani-sul-corretto-utilizzo-del-monopattino-elettrico\/#primaryimage\",\"url\":\"https:\/\/www.fondazioneunipolis.org\/site\/wp-content\/uploads\/2025\/12\/monopattino_milano_edizione-2025.png\",\"contentUrl\":\"https:\/\/www.fondazioneunipolis.org\/site\/wp-content\/uploads\/2025\/12\/monopattino_milano_edizione-2025.png\",\"width\":700,\"height\":350},{\"@type\":\"BreadcrumbList\",\"@id\":\"https:\/\/dx-factory-unipolis-corporate-wp.ha.servizi.gr-u.it\/site\/fondazione-unipolis-e-dott-insieme-a-milano-per-sensibilizzare-i-giovani-sul-corretto-utilizzo-del-monopattino-elettrico\/#breadcrumb\",\"itemListElement\":[{\"@type\":\"ListItem\",\"position\":1,\"name\":\"Home\",\"item\":\"https:\/\/www.fondazioneunipolis.org\/site\/\"},{\"@type\":\"ListItem\",\"position\":2,\"name\":\"Fondazione Unipolis e Dott insieme a Milano per sensibilizzare i giovani sul corretto utilizzo del monopattino elettrico\"}]},{\"@type\":\"WebSite\",\"@id\":\"https:\/\/www.fondazioneunipolis.org\/site\/#website\",\"url\":\"https:\/\/www.fondazioneunipolis.org\/site\/\",\"name\":\"Unipolis\",\"description\":\"\",\"publisher\":{\"@id\":\"https:\/\/www.fondazioneunipolis.org\/site\/#organization\"},\"potentialAction\":[{\"@type\":\"SearchAction\",\"target\":{\"@type\":\"EntryPoint\",\"urlTemplate\":\"https:\/\/www.fondazioneunipolis.org\/site\/?s={search_term_string}\"},\"query-input\":{\"@type\":\"PropertyValueSpecification\",\"valueRequired\":true,\"valueName\":\"search_term_string\"}}],\"inLanguage\":\"it-IT\"},{\"@type\":\"Organization\",\"@id\":\"https:\/\/www.fondazioneunipolis.org\/site\/#organization\",\"name\":\"Unipolis\",\"url\":\"https:\/\/www.fondazioneunipolis.org\/site\/\",\"logo\":{\"@type\":\"ImageObject\",\"inLanguage\":\"it-IT\",\"@id\":\"https:\/\/www.fondazioneunipolis.org\/site\/#\/schema\/logo\/image\/\",\"url\":\"https:\/\/www.fondazioneunipolis.org\/site\/wp-content\/uploads\/2025\/07\/logo-fondazione-unipolis-1.svg\",\"contentUrl\":\"https:\/\/www.fondazioneunipolis.org\/site\/wp-content\/uploads\/2025\/07\/logo-fondazione-unipolis-1.svg\",\"caption\":\"Unipolis\"},\"image\":{\"@id\":\"https:\/\/www.fondazioneunipolis.org\/site\/#\/schema\/logo\/image\/\"}},{\"@type\":\"Person\",\"@id\":\"https:\/\/www.fondazioneunipolis.org\/site\/#\/schema\/person\/9624dbff5c860b1f92ab40d23897ba69\",\"name\":\"luca saade\",\"image\":{\"@type\":\"ImageObject\",\"inLanguage\":\"it-IT\",\"@id\":\"https:\/\/www.fondazioneunipolis.org\/site\/#\/schema\/person\/image\/\",\"url\":\"https:\/\/secure.gravatar.com\/avatar\/0511c829f0b24d61881b9440ac89ed34cc227583864d1b5501c31f9f530407e5?s=96&d=mm&r=g\",\"contentUrl\":\"https:\/\/secure.gravatar.com\/avatar\/0511c829f0b24d61881b9440ac89ed34cc227583864d1b5501c31f9f530407e5?s=96&d=mm&r=g\",\"caption\":\"luca saade\"},\"url\":\"https:\/\/www.fondazioneunipolis.org\/site\/author\/luca-saade\/\"}]}<\/script>\n<!-- \/ Yoast SEO plugin. -->","yoast_head_json":{"title":"Fondazione Unipolis e Dott insieme a Milano per sensibilizzare i giovani sul corretto utilizzo del monopattino elettrico - Unipolis","description":"Fondazione Unipolis e Dott insieme a Milano per sensibilizzare i giovani sul corretto utilizzo del monopattino elettrico","robots":{"index":"index","follow":"follow","max-snippet":"max-snippet:-1","max-image-preview":"max-image-preview:large","max-video-preview":"max-video-preview:-1"},"canonical":"https:\/\/www.fondazioneunipolis.org\/site\/fondazione-unipolis-e-dott-insieme-a-milano-per-sensibilizzare-i-giovani-sul-corretto-utilizzo-del-monopattino-elettrico\/","og_locale":"it_IT","og_type":"article","og_title":"Fondazione Unipolis e Dott insieme a Milano per sensibilizzare i giovani sul corretto utilizzo del monopattino elettrico - Unipolis","og_description":"Fondazione Unipolis e Dott insieme a Milano per sensibilizzare i giovani sul corretto utilizzo del monopattino elettrico","og_url":"https:\/\/dx-factory-unipolis-corporate-wp.ha.servizi.gr-u.it\/site\/fondazione-unipolis-e-dott-insieme-a-milano-per-sensibilizzare-i-giovani-sul-corretto-utilizzo-del-monopattino-elettrico\/","og_site_name":"Unipolis","article_published_time":"2025-05-16T07:33:00+00:00","article_modified_time":"2025-12-30T14:54:07+00:00","og_image":[{"width":700,"height":350,"url":"https:\/\/dx-factory-unipolis-corporate-wp.ha.servizi.gr-u.it\/site\/wp-content\/uploads\/2025\/12\/monopattino_milano_edizione-2025.png","type":"image\/png"}],"author":"luca saade","twitter_card":"summary_large_image","twitter_misc":{"Written by":"luca saade","Est. reading time":"7 minutes"},"schema":{"@context":"https:\/\/schema.org","@graph":[{"@type":"Article","@id":"https:\/\/dx-factory-unipolis-corporate-wp.ha.servizi.gr-u.it\/site\/fondazione-unipolis-e-dott-insieme-a-milano-per-sensibilizzare-i-giovani-sul-corretto-utilizzo-del-monopattino-elettrico\/#article","isPartOf":{"@id":"https:\/\/dx-factory-unipolis-corporate-wp.ha.servizi.gr-u.it\/site\/fondazione-unipolis-e-dott-insieme-a-milano-per-sensibilizzare-i-giovani-sul-corretto-utilizzo-del-monopattino-elettrico\/"},"author":{"name":"luca saade","@id":"https:\/\/www.fondazioneunipolis.org\/site\/#\/schema\/person\/9624dbff5c860b1f92ab40d23897ba69"},"headline":"Fondazione Unipolis e Dott insieme a Milano per sensibilizzare i giovani sul corretto utilizzo del monopattino elettrico","datePublished":"2025-05-16T07:33:00+00:00","dateModified":"2025-12-30T14:54:07+00:00","mainEntityOfPage":{"@id":"https:\/\/dx-factory-unipolis-corporate-wp.ha.servizi.gr-u.it\/site\/fondazione-unipolis-e-dott-insieme-a-milano-per-sensibilizzare-i-giovani-sul-corretto-utilizzo-del-monopattino-elettrico\/"},"wordCount":1037,"commentCount":0,"publisher":{"@id":"https:\/\/www.fondazioneunipolis.org\/site\/#organization"},"image":{"@id":"https:\/\/dx-factory-unipolis-corporate-wp.ha.servizi.gr-u.it\/site\/fondazione-unipolis-e-dott-insieme-a-milano-per-sensibilizzare-i-giovani-sul-corretto-utilizzo-del-monopattino-elettrico\/#primaryimage"},"thumbnailUrl":"https:\/\/www.fondazioneunipolis.org\/site\/wp-content\/uploads\/2025\/12\/monopattino_milano_edizione-2025.png","keywords":["MonopattinON"],"articleSection":["Mobilit\u00e0"],"inLanguage":"it-IT","potentialAction":[{"@type":"CommentAction","name":"Comment","target":["https:\/\/dx-factory-unipolis-corporate-wp.ha.servizi.gr-u.it\/site\/fondazione-unipolis-e-dott-insieme-a-milano-per-sensibilizzare-i-giovani-sul-corretto-utilizzo-del-monopattino-elettrico\/#respond"]}]},{"@type":"WebPage","@id":"https:\/\/dx-factory-unipolis-corporate-wp.ha.servizi.gr-u.it\/site\/fondazione-unipolis-e-dott-insieme-a-milano-per-sensibilizzare-i-giovani-sul-corretto-utilizzo-del-monopattino-elettrico\/","url":"https:\/\/dx-factory-unipolis-corporate-wp.ha.servizi.gr-u.it\/site\/fondazione-unipolis-e-dott-insieme-a-milano-per-sensibilizzare-i-giovani-sul-corretto-utilizzo-del-monopattino-elettrico\/","name":"Fondazione Unipolis e Dott insieme a Milano per sensibilizzare i giovani sul corretto utilizzo del monopattino elettrico - Unipolis","isPartOf":{"@id":"https:\/\/www.fondazioneunipolis.org\/site\/#website"},"primaryImageOfPage":{"@id":"https:\/\/dx-factory-unipolis-corporate-wp.ha.servizi.gr-u.it\/site\/fondazione-unipolis-e-dott-insieme-a-milano-per-sensibilizzare-i-giovani-sul-corretto-utilizzo-del-monopattino-elettrico\/#primaryimage"},"image":{"@id":"https:\/\/dx-factory-unipolis-corporate-wp.ha.servizi.gr-u.it\/site\/fondazione-unipolis-e-dott-insieme-a-milano-per-sensibilizzare-i-giovani-sul-corretto-utilizzo-del-monopattino-elettrico\/#primaryimage"},"thumbnailUrl":"https:\/\/www.fondazioneunipolis.org\/site\/wp-content\/uploads\/2025\/12\/monopattino_milano_edizione-2025.png","datePublished":"2025-05-16T07:33:00+00:00","dateModified":"2025-12-30T14:54:07+00:00","description":"Fondazione Unipolis e Dott insieme a Milano per sensibilizzare i giovani sul corretto utilizzo del monopattino elettrico","breadcrumb":{"@id":"https:\/\/dx-factory-unipolis-corporate-wp.ha.servizi.gr-u.it\/site\/fondazione-unipolis-e-dott-insieme-a-milano-per-sensibilizzare-i-giovani-sul-corretto-utilizzo-del-monopattino-elettrico\/#breadcrumb"},"inLanguage":"it-IT","potentialAction":[{"@type":"ReadAction","target":["https:\/\/dx-factory-unipolis-corporate-wp.ha.servizi.gr-u.it\/site\/fondazione-unipolis-e-dott-insieme-a-milano-per-sensibilizzare-i-giovani-sul-corretto-utilizzo-del-monopattino-elettrico\/"]}]},{"@type":"ImageObject","inLanguage":"it-IT","@id":"https:\/\/dx-factory-unipolis-corporate-wp.ha.servizi.gr-u.it\/site\/fondazione-unipolis-e-dott-insieme-a-milano-per-sensibilizzare-i-giovani-sul-corretto-utilizzo-del-monopattino-elettrico\/#primaryimage","url":"https:\/\/www.fondazioneunipolis.org\/site\/wp-content\/uploads\/2025\/12\/monopattino_milano_edizione-2025.png","contentUrl":"https:\/\/www.fondazioneunipolis.org\/site\/wp-content\/uploads\/2025\/12\/monopattino_milano_edizione-2025.png","width":700,"height":350},{"@type":"BreadcrumbList","@id":"https:\/\/dx-factory-unipolis-corporate-wp.ha.servizi.gr-u.it\/site\/fondazione-unipolis-e-dott-insieme-a-milano-per-sensibilizzare-i-giovani-sul-corretto-utilizzo-del-monopattino-elettrico\/#breadcrumb","itemListElement":[{"@type":"ListItem","position":1,"name":"Home","item":"https:\/\/www.fondazioneunipolis.org\/site\/"},{"@type":"ListItem","position":2,"name":"Fondazione Unipolis e Dott insieme a Milano per sensibilizzare i giovani sul corretto utilizzo del monopattino elettrico"}]},{"@type":"WebSite","@id":"https:\/\/www.fondazioneunipolis.org\/site\/#website","url":"https:\/\/www.fondazioneunipolis.org\/site\/","name":"Unipolis","description":"","publisher":{"@id":"https:\/\/www.fondazioneunipolis.org\/site\/#organization"},"potentialAction":[{"@type":"SearchAction","target":{"@type":"EntryPoint","urlTemplate":"https:\/\/www.fondazioneunipolis.org\/site\/?s={search_term_string}"},"query-input":{"@type":"PropertyValueSpecification","valueRequired":true,"valueName":"search_term_string"}}],"inLanguage":"it-IT"},{"@type":"Organization","@id":"https:\/\/www.fondazioneunipolis.org\/site\/#organization","name":"Unipolis","url":"https:\/\/www.fondazioneunipolis.org\/site\/","logo":{"@type":"ImageObject","inLanguage":"it-IT","@id":"https:\/\/www.fondazioneunipolis.org\/site\/#\/schema\/logo\/image\/","url":"https:\/\/www.fondazioneunipolis.org\/site\/wp-content\/uploads\/2025\/07\/logo-fondazione-unipolis-1.svg","contentUrl":"https:\/\/www.fondazioneunipolis.org\/site\/wp-content\/uploads\/2025\/07\/logo-fondazione-unipolis-1.svg","caption":"Unipolis"},"image":{"@id":"https:\/\/www.fondazioneunipolis.org\/site\/#\/schema\/logo\/image\/"}},{"@type":"Person","@id":"https:\/\/www.fondazioneunipolis.org\/site\/#\/schema\/person\/9624dbff5c860b1f92ab40d23897ba69","name":"luca saade","image":{"@type":"ImageObject","inLanguage":"it-IT","@id":"https:\/\/www.fondazioneunipolis.org\/site\/#\/schema\/person\/image\/","url":"https:\/\/secure.gravatar.com\/avatar\/0511c829f0b24d61881b9440ac89ed34cc227583864d1b5501c31f9f530407e5?s=96&d=mm&r=g","contentUrl":"https:\/\/secure.gravatar.com\/avatar\/0511c829f0b24d61881b9440ac89ed34cc227583864d1b5501c31f9f530407e5?s=96&d=mm&r=g","caption":"luca saade"},"url":"https:\/\/www.fondazioneunipolis.org\/site\/author\/luca-saade\/"}]}},"_links":{"self":[{"href":"https:\/\/www.fondazioneunipolis.org\/site\/wp-json\/wp\/v2\/posts\/11508","targetHints":{"allow":["GET"]}}],"collection":[{"href":"https:\/\/www.fondazioneunipolis.org\/site\/wp-json\/wp\/v2\/posts"}],"about":[{"href":"https:\/\/www.fondazioneunipolis.org\/site\/wp-json\/wp\/v2\/types\/post"}],"author":[{"embeddable":true,"href":"https:\/\/www.fondazioneunipolis.org\/site\/wp-json\/wp\/v2\/users\/9"}],"replies":[{"embeddable":true,"href":"https:\/\/www.fondazioneunipolis.org\/site\/wp-json\/wp\/v2\/comments?post=11508"}],"version-history":[{"count":3,"href":"https:\/\/www.fondazioneunipolis.org\/site\/wp-json\/wp\/v2\/posts\/11508\/revisions"}],"predecessor-version":[{"id":11566,"href":"https:\/\/www.fondazioneunipolis.org\/site\/wp-json\/wp\/v2\/posts\/11508\/revisions\/11566"}],"wp:featuredmedia":[{"embeddable":true,"href":"https:\/\/www.fondazioneunipolis.org\/site\/wp-json\/wp\/v2\/media\/11510"}],"wp:attachment":[{"href":"https:\/\/www.fondazioneunipolis.org\/site\/wp-json\/wp\/v2\/media?parent=11508"}],"wp:term":[{"taxonomy":"category","embeddable":true,"href":"https:\/\/www.fondazioneunipolis.org\/site\/wp-json\/wp\/v2\/categories?post=11508"},{"taxonomy":"post_tag","embeddable":true,"href":"https:\/\/www.fondazioneunipolis.org\/site\/wp-json\/wp\/v2\/tags?post=11508"}],"curies":[{"name":"wp","href":"https:\/\/api.w.org\/{rel}","templated":true}]}}