{"id":11424,"date":"2025-12-23T15:37:00","date_gmt":"2025-12-23T14:37:00","guid":{"rendered":"https:\/\/www.fondazioneunipolis.org\/site\/?p=11424"},"modified":"2025-12-29T15:50:14","modified_gmt":"2025-12-29T14:50:14","slug":"bella-storia-workshop-alleati-2025","status":"publish","type":"post","link":"https:\/\/www.fondazioneunipolis.org\/site\/news\/bella-storia-workshop-alleati-2025\/","title":{"rendered":"Bella storia. Il workshop alleati 2025"},"content":{"rendered":"\n<p><strong>Quando una rete si ascolta, l\u2019impatto cresce: il Workshop Alleati di <em>Bella Storia. La tua<\/em><\/strong><\/p>\n\n\n\n<p>Costruire impatto significa fermarsi, osservare, ascoltare e costruire insieme. \u00c8 da questa convinzione che nasce il <strong>Workshop Alleati di <em>Bella Storia. La tua<\/em><\/strong>, un momento chiave di confronto e apprendimento collettivo che ha riunito la rete dei partner del programma per leggere insieme ci\u00f2 che \u00e8 stato fatto e immaginare ci\u00f2 che verr\u00e0.<\/p>\n\n\n\n<p>Il <strong>9 dicembre a Roma<\/strong>, gli alleati di <em>Bella Storia<\/em> si sono incontrati per avviare ufficialmente la seconda edizione del programma, in uno spazio dedicato alla condivisione di evidenze, domande e traiettorie di sviluppo.<\/p>\n\n\n\n<p><strong>Un tempo dedicato all\u2019apprendimento condiviso<\/strong><\/p>\n\n\n\n<p>Il workshop \u00e8 stato facilitato da <strong>Common Ground<\/strong> e ha preso avvio dalla lettura dei <strong>primi risultati emersi dalla valutazione d\u2019impatto della prima edizione<\/strong>, curata da <strong>ARCO<\/strong>.<br>Un\u2019analisi ancora in corso \u2014 che si completer\u00e0 dopo la reunion di settembre \u2014 ma gi\u00e0 capace di restituire indicazioni preziose sul percorso intrapreso, sui suoi punti di forza e sugli ambiti di miglioramento.<\/p>\n\n\n\n<p>La restituzione non \u00e8 stata pensata come un momento unidirezionale, ma come una <strong>base di lavoro comune<\/strong>: i dati e le evidenze hanno alimentato il confronto, stimolando riflessioni critiche e apprendimenti condivisi, fondamentali per orientare le scelte future del programma.<\/p>\n\n\n\n<p><strong>Dalla valutazione alla co-progettazione<\/strong><\/p>\n\n\n\n<p>Il cuore del Workshop alleati \u00e8 stato il passaggio dalla lettura dei risultati al <strong>lavoro collettivo di co-progettazione<\/strong>. Partner con competenze, ruoli e sguardi diversi hanno contribuito a mettere a fuoco bisogni emergenti, priorit\u00e0 strategiche e possibili traiettorie evolutive di <em>Bella Storia. La tua<\/em>.<\/p>\n\n\n\n<p>Un esercizio di allineamento e visione condivisa che ha rafforzato le relazioni di fiducia all\u2019interno della rete e confermato il valore di un approccio che considera la valutazione non come fine, ma come <strong>strumento di apprendimento continuo<\/strong>.<\/p>\n\n\n\n<iframe loading=\"lazy\" width=\"560\" height=\"315\" src=\"https:\/\/www.youtube.com\/embed\/2P61JUeqQlM?si=xULlvtwf1F8dQuW4\" title=\"YouTube video player\" frameborder=\"0\" allow=\"accelerometer; autoplay; clipboard-write; encrypted-media; gyroscope; picture-in-picture; web-share\" referrerpolicy=\"strict-origin-when-cross-origin\" allowfullscreen><\/iframe>\n\n\n\n<p><\/p>\n\n\n\n<p><strong>Una rete che rende possibile il cambiamento<\/strong><\/p>\n\n\n\n<p>Il workshop ha ribadito quanto <em>Bella Storia. La tua<\/em> sia un progetto profondamente <strong>corale<\/strong>, che cresce grazie al contributo di una rete ampia e generativa.<br>Hanno partecipato e contribuito al confronto:<\/p>\n\n\n\n<p><strong>Consiglio Nazionale Giovani, Sport e Salute, Alleanza Italiana per lo Sviluppo Sostenibile, Forum Disuguaglianze Diversit\u00e0, Percorsi di secondo welfare, Ashoka Italia, Junior Achievement Italia, Dedalus Cooperativa Sociale, Itinerari Paralleli, Kiwi, Kyosei Cooperativa Sociale, Sineglossa.<\/strong><\/p>\n\n\n\n<p>Una comunit\u00e0 di pratica che non si limita a sostenere il progetto, ma contribuisce attivamente a orientarne lo sviluppo, mantenendo al centro le e i giovani, i territori e la qualit\u00e0 dell\u2019impatto generato.<\/p>\n","protected":false},"excerpt":{"rendered":"<p>Quando una rete si ascolta, l\u2019impatto cresce: il Workshop Alleati di Bella Storia. La tua Costruire impatto significa fermarsi, osservare, ascoltare e costruire insieme. \u00c8 da questa convinzione che nasce il Workshop Alleati di Bella Storia. La tua, un momento chiave di confronto e apprendimento collettivo che ha riunito la rete dei partner del programma [&hellip;]<\/p>\n","protected":false},"author":5,"featured_media":11429,"comment_status":"open","ping_status":"open","sticky":false,"template":"","format":"standard","meta":{"_acf_changed":false,"footnotes":""},"categories":[6],"tags":[640],"class_list":["post-11424","post","type-post","status-publish","format-standard","has-post-thumbnail","hentry","category-disuguaglianze","tag-bellastoria"],"acf":[],"yoast_head":"<!-- This site is optimized with the Yoast SEO plugin v26.1.1 - https:\/\/yoast.com\/wordpress\/plugins\/seo\/ -->\n<title>Bella storia. Il workshop alleati 2025 - Unipolis<\/title>\n<meta name=\"description\" content=\"Un momento chiave di confronto e apprendimento collettivo dedicato ai partner del programma per leggere insieme ci\u00f2 che \u00e8 stato fatto e immaginare ci\u00f2 che verr\u00e0.\" \/>\n<meta name=\"robots\" content=\"index, follow, max-snippet:-1, max-image-preview:large, max-video-preview:-1\" \/>\n<link rel=\"canonical\" href=\"https:\/\/www.fondazioneunipolis.org\/site\/bella-storia-workshop-alleati-2025\/\" \/>\n<meta property=\"og:locale\" content=\"it_IT\" \/>\n<meta property=\"og:type\" content=\"article\" \/>\n<meta property=\"og:title\" content=\"Bella storia. Il workshop alleati 2025 - Unipolis\" \/>\n<meta property=\"og:description\" content=\"Un momento chiave di confronto e apprendimento collettivo dedicato ai partner del programma per leggere insieme ci\u00f2 che \u00e8 stato fatto e immaginare ci\u00f2 che verr\u00e0.\" \/>\n<meta property=\"og:url\" content=\"https:\/\/dx-factory-unipolis-corporate-wp.ha.servizi.gr-u.it\/site\/bella-storia-workshop-alleati-2025\/\" \/>\n<meta property=\"og:site_name\" content=\"Unipolis\" \/>\n<meta property=\"article:published_time\" content=\"2025-12-23T14:37:00+00:00\" \/>\n<meta property=\"article:modified_time\" content=\"2025-12-29T14:50:14+00:00\" \/>\n<meta property=\"og:image\" content=\"https:\/\/dx-factory-unipolis-corporate-wp.ha.servizi.gr-u.it\/site\/wp-content\/uploads\/2025\/12\/WS-Alleati-25-1.png\" \/>\n\t<meta property=\"og:image:width\" content=\"1440\" \/>\n\t<meta property=\"og:image:height\" content=\"900\" \/>\n\t<meta property=\"og:image:type\" content=\"image\/png\" \/>\n<meta name=\"author\" content=\"Elisa Paluan\" \/>\n<meta name=\"twitter:card\" content=\"summary_large_image\" \/>\n<meta name=\"twitter:label1\" content=\"Written by\" \/>\n\t<meta name=\"twitter:data1\" content=\"Elisa Paluan\" \/>\n\t<meta name=\"twitter:label2\" content=\"Est. reading time\" \/>\n\t<meta name=\"twitter:data2\" content=\"3 minutes\" \/>\n<script type=\"application\/ld+json\" class=\"yoast-schema-graph\">{\"@context\":\"https:\/\/schema.org\",\"@graph\":[{\"@type\":\"Article\",\"@id\":\"https:\/\/dx-factory-unipolis-corporate-wp.ha.servizi.gr-u.it\/site\/bella-storia-workshop-alleati-2025\/#article\",\"isPartOf\":{\"@id\":\"https:\/\/dx-factory-unipolis-corporate-wp.ha.servizi.gr-u.it\/site\/bella-storia-workshop-alleati-2025\/\"},\"author\":{\"name\":\"Elisa Paluan\",\"@id\":\"https:\/\/www.fondazioneunipolis.org\/site\/#\/schema\/person\/fcced96d0e68417823bc1a4c4756e89d\"},\"headline\":\"Bella storia. Il workshop alleati 2025\",\"datePublished\":\"2025-12-23T14:37:00+00:00\",\"dateModified\":\"2025-12-29T14:50:14+00:00\",\"mainEntityOfPage\":{\"@id\":\"https:\/\/dx-factory-unipolis-corporate-wp.ha.servizi.gr-u.it\/site\/bella-storia-workshop-alleati-2025\/\"},\"wordCount\":401,\"commentCount\":0,\"publisher\":{\"@id\":\"https:\/\/www.fondazioneunipolis.org\/site\/#organization\"},\"image\":{\"@id\":\"https:\/\/dx-factory-unipolis-corporate-wp.ha.servizi.gr-u.it\/site\/bella-storia-workshop-alleati-2025\/#primaryimage\"},\"thumbnailUrl\":\"https:\/\/www.fondazioneunipolis.org\/site\/wp-content\/uploads\/2025\/12\/WS-Alleati-25-1.png\",\"keywords\":[\"bellastoria\"],\"articleSection\":[\"Disuguaglianze\"],\"inLanguage\":\"it-IT\",\"potentialAction\":[{\"@type\":\"CommentAction\",\"name\":\"Comment\",\"target\":[\"https:\/\/dx-factory-unipolis-corporate-wp.ha.servizi.gr-u.it\/site\/bella-storia-workshop-alleati-2025\/#respond\"]}]},{\"@type\":\"WebPage\",\"@id\":\"https:\/\/dx-factory-unipolis-corporate-wp.ha.servizi.gr-u.it\/site\/bella-storia-workshop-alleati-2025\/\",\"url\":\"https:\/\/dx-factory-unipolis-corporate-wp.ha.servizi.gr-u.it\/site\/bella-storia-workshop-alleati-2025\/\",\"name\":\"Bella storia. Il workshop alleati 2025 - Unipolis\",\"isPartOf\":{\"@id\":\"https:\/\/www.fondazioneunipolis.org\/site\/#website\"},\"primaryImageOfPage\":{\"@id\":\"https:\/\/dx-factory-unipolis-corporate-wp.ha.servizi.gr-u.it\/site\/bella-storia-workshop-alleati-2025\/#primaryimage\"},\"image\":{\"@id\":\"https:\/\/dx-factory-unipolis-corporate-wp.ha.servizi.gr-u.it\/site\/bella-storia-workshop-alleati-2025\/#primaryimage\"},\"thumbnailUrl\":\"https:\/\/www.fondazioneunipolis.org\/site\/wp-content\/uploads\/2025\/12\/WS-Alleati-25-1.png\",\"datePublished\":\"2025-12-23T14:37:00+00:00\",\"dateModified\":\"2025-12-29T14:50:14+00:00\",\"description\":\"Un momento chiave di confronto e apprendimento collettivo dedicato ai partner del programma per leggere insieme ci\u00f2 che \u00e8 stato fatto e immaginare ci\u00f2 che verr\u00e0.\",\"breadcrumb\":{\"@id\":\"https:\/\/dx-factory-unipolis-corporate-wp.ha.servizi.gr-u.it\/site\/bella-storia-workshop-alleati-2025\/#breadcrumb\"},\"inLanguage\":\"it-IT\",\"potentialAction\":[{\"@type\":\"ReadAction\",\"target\":[\"https:\/\/dx-factory-unipolis-corporate-wp.ha.servizi.gr-u.it\/site\/bella-storia-workshop-alleati-2025\/\"]}]},{\"@type\":\"ImageObject\",\"inLanguage\":\"it-IT\",\"@id\":\"https:\/\/dx-factory-unipolis-corporate-wp.ha.servizi.gr-u.it\/site\/bella-storia-workshop-alleati-2025\/#primaryimage\",\"url\":\"https:\/\/www.fondazioneunipolis.org\/site\/wp-content\/uploads\/2025\/12\/WS-Alleati-25-1.png\",\"contentUrl\":\"https:\/\/www.fondazioneunipolis.org\/site\/wp-content\/uploads\/2025\/12\/WS-Alleati-25-1.png\",\"width\":1440,\"height\":900},{\"@type\":\"BreadcrumbList\",\"@id\":\"https:\/\/dx-factory-unipolis-corporate-wp.ha.servizi.gr-u.it\/site\/bella-storia-workshop-alleati-2025\/#breadcrumb\",\"itemListElement\":[{\"@type\":\"ListItem\",\"position\":1,\"name\":\"Home\",\"item\":\"https:\/\/www.fondazioneunipolis.org\/site\/\"},{\"@type\":\"ListItem\",\"position\":2,\"name\":\"Bella storia. Il workshop alleati 2025\"}]},{\"@type\":\"WebSite\",\"@id\":\"https:\/\/www.fondazioneunipolis.org\/site\/#website\",\"url\":\"https:\/\/www.fondazioneunipolis.org\/site\/\",\"name\":\"Unipolis\",\"description\":\"\",\"publisher\":{\"@id\":\"https:\/\/www.fondazioneunipolis.org\/site\/#organization\"},\"potentialAction\":[{\"@type\":\"SearchAction\",\"target\":{\"@type\":\"EntryPoint\",\"urlTemplate\":\"https:\/\/www.fondazioneunipolis.org\/site\/?s={search_term_string}\"},\"query-input\":{\"@type\":\"PropertyValueSpecification\",\"valueRequired\":true,\"valueName\":\"search_term_string\"}}],\"inLanguage\":\"it-IT\"},{\"@type\":\"Organization\",\"@id\":\"https:\/\/www.fondazioneunipolis.org\/site\/#organization\",\"name\":\"Unipolis\",\"url\":\"https:\/\/www.fondazioneunipolis.org\/site\/\",\"logo\":{\"@type\":\"ImageObject\",\"inLanguage\":\"it-IT\",\"@id\":\"https:\/\/www.fondazioneunipolis.org\/site\/#\/schema\/logo\/image\/\",\"url\":\"https:\/\/www.fondazioneunipolis.org\/site\/wp-content\/uploads\/2025\/07\/logo-fondazione-unipolis-1.svg\",\"contentUrl\":\"https:\/\/www.fondazioneunipolis.org\/site\/wp-content\/uploads\/2025\/07\/logo-fondazione-unipolis-1.svg\",\"caption\":\"Unipolis\"},\"image\":{\"@id\":\"https:\/\/www.fondazioneunipolis.org\/site\/#\/schema\/logo\/image\/\"}},{\"@type\":\"Person\",\"@id\":\"https:\/\/www.fondazioneunipolis.org\/site\/#\/schema\/person\/fcced96d0e68417823bc1a4c4756e89d\",\"name\":\"Elisa Paluan\",\"image\":{\"@type\":\"ImageObject\",\"inLanguage\":\"it-IT\",\"@id\":\"https:\/\/www.fondazioneunipolis.org\/site\/#\/schema\/person\/image\/\",\"url\":\"https:\/\/secure.gravatar.com\/avatar\/9808ad99bfcf6869670f37ed3dceaa27f2abfcb4dc6b9232760c9d28f353bd9a?s=96&d=mm&r=g\",\"contentUrl\":\"https:\/\/secure.gravatar.com\/avatar\/9808ad99bfcf6869670f37ed3dceaa27f2abfcb4dc6b9232760c9d28f353bd9a?s=96&d=mm&r=g\",\"caption\":\"Elisa Paluan\"},\"url\":\"https:\/\/www.fondazioneunipolis.org\/site\/author\/elisa-paluan\/\"}]}<\/script>\n<!-- \/ Yoast SEO plugin. -->","yoast_head_json":{"title":"Bella storia. Il workshop alleati 2025 - Unipolis","description":"Un momento chiave di confronto e apprendimento collettivo dedicato ai partner del programma per leggere insieme ci\u00f2 che \u00e8 stato fatto e immaginare ci\u00f2 che verr\u00e0.","robots":{"index":"index","follow":"follow","max-snippet":"max-snippet:-1","max-image-preview":"max-image-preview:large","max-video-preview":"max-video-preview:-1"},"canonical":"https:\/\/www.fondazioneunipolis.org\/site\/bella-storia-workshop-alleati-2025\/","og_locale":"it_IT","og_type":"article","og_title":"Bella storia. Il workshop alleati 2025 - Unipolis","og_description":"Un momento chiave di confronto e apprendimento collettivo dedicato ai partner del programma per leggere insieme ci\u00f2 che \u00e8 stato fatto e immaginare ci\u00f2 che verr\u00e0.","og_url":"https:\/\/dx-factory-unipolis-corporate-wp.ha.servizi.gr-u.it\/site\/bella-storia-workshop-alleati-2025\/","og_site_name":"Unipolis","article_published_time":"2025-12-23T14:37:00+00:00","article_modified_time":"2025-12-29T14:50:14+00:00","og_image":[{"width":1440,"height":900,"url":"https:\/\/dx-factory-unipolis-corporate-wp.ha.servizi.gr-u.it\/site\/wp-content\/uploads\/2025\/12\/WS-Alleati-25-1.png","type":"image\/png"}],"author":"Elisa Paluan","twitter_card":"summary_large_image","twitter_misc":{"Written by":"Elisa Paluan","Est. reading time":"3 minutes"},"schema":{"@context":"https:\/\/schema.org","@graph":[{"@type":"Article","@id":"https:\/\/dx-factory-unipolis-corporate-wp.ha.servizi.gr-u.it\/site\/bella-storia-workshop-alleati-2025\/#article","isPartOf":{"@id":"https:\/\/dx-factory-unipolis-corporate-wp.ha.servizi.gr-u.it\/site\/bella-storia-workshop-alleati-2025\/"},"author":{"name":"Elisa Paluan","@id":"https:\/\/www.fondazioneunipolis.org\/site\/#\/schema\/person\/fcced96d0e68417823bc1a4c4756e89d"},"headline":"Bella storia. Il workshop alleati 2025","datePublished":"2025-12-23T14:37:00+00:00","dateModified":"2025-12-29T14:50:14+00:00","mainEntityOfPage":{"@id":"https:\/\/dx-factory-unipolis-corporate-wp.ha.servizi.gr-u.it\/site\/bella-storia-workshop-alleati-2025\/"},"wordCount":401,"commentCount":0,"publisher":{"@id":"https:\/\/www.fondazioneunipolis.org\/site\/#organization"},"image":{"@id":"https:\/\/dx-factory-unipolis-corporate-wp.ha.servizi.gr-u.it\/site\/bella-storia-workshop-alleati-2025\/#primaryimage"},"thumbnailUrl":"https:\/\/www.fondazioneunipolis.org\/site\/wp-content\/uploads\/2025\/12\/WS-Alleati-25-1.png","keywords":["bellastoria"],"articleSection":["Disuguaglianze"],"inLanguage":"it-IT","potentialAction":[{"@type":"CommentAction","name":"Comment","target":["https:\/\/dx-factory-unipolis-corporate-wp.ha.servizi.gr-u.it\/site\/bella-storia-workshop-alleati-2025\/#respond"]}]},{"@type":"WebPage","@id":"https:\/\/dx-factory-unipolis-corporate-wp.ha.servizi.gr-u.it\/site\/bella-storia-workshop-alleati-2025\/","url":"https:\/\/dx-factory-unipolis-corporate-wp.ha.servizi.gr-u.it\/site\/bella-storia-workshop-alleati-2025\/","name":"Bella storia. Il workshop alleati 2025 - Unipolis","isPartOf":{"@id":"https:\/\/www.fondazioneunipolis.org\/site\/#website"},"primaryImageOfPage":{"@id":"https:\/\/dx-factory-unipolis-corporate-wp.ha.servizi.gr-u.it\/site\/bella-storia-workshop-alleati-2025\/#primaryimage"},"image":{"@id":"https:\/\/dx-factory-unipolis-corporate-wp.ha.servizi.gr-u.it\/site\/bella-storia-workshop-alleati-2025\/#primaryimage"},"thumbnailUrl":"https:\/\/www.fondazioneunipolis.org\/site\/wp-content\/uploads\/2025\/12\/WS-Alleati-25-1.png","datePublished":"2025-12-23T14:37:00+00:00","dateModified":"2025-12-29T14:50:14+00:00","description":"Un momento chiave di confronto e apprendimento collettivo dedicato ai partner del programma per leggere insieme ci\u00f2 che \u00e8 stato fatto e immaginare ci\u00f2 che verr\u00e0.","breadcrumb":{"@id":"https:\/\/dx-factory-unipolis-corporate-wp.ha.servizi.gr-u.it\/site\/bella-storia-workshop-alleati-2025\/#breadcrumb"},"inLanguage":"it-IT","potentialAction":[{"@type":"ReadAction","target":["https:\/\/dx-factory-unipolis-corporate-wp.ha.servizi.gr-u.it\/site\/bella-storia-workshop-alleati-2025\/"]}]},{"@type":"ImageObject","inLanguage":"it-IT","@id":"https:\/\/dx-factory-unipolis-corporate-wp.ha.servizi.gr-u.it\/site\/bella-storia-workshop-alleati-2025\/#primaryimage","url":"https:\/\/www.fondazioneunipolis.org\/site\/wp-content\/uploads\/2025\/12\/WS-Alleati-25-1.png","contentUrl":"https:\/\/www.fondazioneunipolis.org\/site\/wp-content\/uploads\/2025\/12\/WS-Alleati-25-1.png","width":1440,"height":900},{"@type":"BreadcrumbList","@id":"https:\/\/dx-factory-unipolis-corporate-wp.ha.servizi.gr-u.it\/site\/bella-storia-workshop-alleati-2025\/#breadcrumb","itemListElement":[{"@type":"ListItem","position":1,"name":"Home","item":"https:\/\/www.fondazioneunipolis.org\/site\/"},{"@type":"ListItem","position":2,"name":"Bella storia. Il workshop alleati 2025"}]},{"@type":"WebSite","@id":"https:\/\/www.fondazioneunipolis.org\/site\/#website","url":"https:\/\/www.fondazioneunipolis.org\/site\/","name":"Unipolis","description":"","publisher":{"@id":"https:\/\/www.fondazioneunipolis.org\/site\/#organization"},"potentialAction":[{"@type":"SearchAction","target":{"@type":"EntryPoint","urlTemplate":"https:\/\/www.fondazioneunipolis.org\/site\/?s={search_term_string}"},"query-input":{"@type":"PropertyValueSpecification","valueRequired":true,"valueName":"search_term_string"}}],"inLanguage":"it-IT"},{"@type":"Organization","@id":"https:\/\/www.fondazioneunipolis.org\/site\/#organization","name":"Unipolis","url":"https:\/\/www.fondazioneunipolis.org\/site\/","logo":{"@type":"ImageObject","inLanguage":"it-IT","@id":"https:\/\/www.fondazioneunipolis.org\/site\/#\/schema\/logo\/image\/","url":"https:\/\/www.fondazioneunipolis.org\/site\/wp-content\/uploads\/2025\/07\/logo-fondazione-unipolis-1.svg","contentUrl":"https:\/\/www.fondazioneunipolis.org\/site\/wp-content\/uploads\/2025\/07\/logo-fondazione-unipolis-1.svg","caption":"Unipolis"},"image":{"@id":"https:\/\/www.fondazioneunipolis.org\/site\/#\/schema\/logo\/image\/"}},{"@type":"Person","@id":"https:\/\/www.fondazioneunipolis.org\/site\/#\/schema\/person\/fcced96d0e68417823bc1a4c4756e89d","name":"Elisa Paluan","image":{"@type":"ImageObject","inLanguage":"it-IT","@id":"https:\/\/www.fondazioneunipolis.org\/site\/#\/schema\/person\/image\/","url":"https:\/\/secure.gravatar.com\/avatar\/9808ad99bfcf6869670f37ed3dceaa27f2abfcb4dc6b9232760c9d28f353bd9a?s=96&d=mm&r=g","contentUrl":"https:\/\/secure.gravatar.com\/avatar\/9808ad99bfcf6869670f37ed3dceaa27f2abfcb4dc6b9232760c9d28f353bd9a?s=96&d=mm&r=g","caption":"Elisa Paluan"},"url":"https:\/\/www.fondazioneunipolis.org\/site\/author\/elisa-paluan\/"}]}},"_links":{"self":[{"href":"https:\/\/www.fondazioneunipolis.org\/site\/wp-json\/wp\/v2\/posts\/11424","targetHints":{"allow":["GET"]}}],"collection":[{"href":"https:\/\/www.fondazioneunipolis.org\/site\/wp-json\/wp\/v2\/posts"}],"about":[{"href":"https:\/\/www.fondazioneunipolis.org\/site\/wp-json\/wp\/v2\/types\/post"}],"author":[{"embeddable":true,"href":"https:\/\/www.fondazioneunipolis.org\/site\/wp-json\/wp\/v2\/users\/5"}],"replies":[{"embeddable":true,"href":"https:\/\/www.fondazioneunipolis.org\/site\/wp-json\/wp\/v2\/comments?post=11424"}],"version-history":[{"count":3,"href":"https:\/\/www.fondazioneunipolis.org\/site\/wp-json\/wp\/v2\/posts\/11424\/revisions"}],"predecessor-version":[{"id":11434,"href":"https:\/\/www.fondazioneunipolis.org\/site\/wp-json\/wp\/v2\/posts\/11424\/revisions\/11434"}],"wp:featuredmedia":[{"embeddable":true,"href":"https:\/\/www.fondazioneunipolis.org\/site\/wp-json\/wp\/v2\/media\/11429"}],"wp:attachment":[{"href":"https:\/\/www.fondazioneunipolis.org\/site\/wp-json\/wp\/v2\/media?parent=11424"}],"wp:term":[{"taxonomy":"category","embeddable":true,"href":"https:\/\/www.fondazioneunipolis.org\/site\/wp-json\/wp\/v2\/categories?post=11424"},{"taxonomy":"post_tag","embeddable":true,"href":"https:\/\/www.fondazioneunipolis.org\/site\/wp-json\/wp\/v2\/tags?post=11424"}],"curies":[{"name":"wp","href":"https:\/\/api.w.org\/{rel}","templated":true}]}}